{"id":11431,"date":"2025-09-07T20:42:31","date_gmt":"2025-09-07T17:42:31","guid":{"rendered":"https:\/\/memurunsesi.net\/?p=11431"},"modified":"2025-09-07T20:42:31","modified_gmt":"2025-09-07T17:42:31","slug":"11431","status":"publish","type":"post","link":"https:\/\/memurunsesi.net\/index.php\/2025\/09\/07\/11431\/","title":{"rendered":""},"content":{"rendered":"<p>   Mersin\u2019de kirac\u0131 olarak oturdu\u011fu evi ate\u015fe veren \u015fah\u0131s, mahallede pani\u011fe neden oldu. Olay yerine gelen itfaiye ve polis ekiplerine direnen \u015fah\u0131s g\u00f6zalt\u0131na al\u0131n\u0131rken, \u00f6fkeli mahalleli \u015fahsa tepki g\u00f6sterdi.<br \/>\n  Edinilen bilgiye g\u00f6re olay, merkez Toroslar il\u00e7esi Tozkoparan Mahallesi\u2019nde meydana geldi. \u0130ddiaya g\u00f6re, uyu\u015fturucu ba\u011f\u0131ml\u0131s\u0131 oldu\u011fu \u00f6ne s\u00fcr\u00fclen Sel\u00e7uk K., 4 katl\u0131 bir binan\u0131n son kat\u0131ndaki dairesinde yang\u0131n \u00e7\u0131kard\u0131. Alevlerin y\u00fckselmesiyle \u00e7evredekilerin ihbar\u0131 \u00fczerine olay yerine itfaiye ve polis ekipleri sevk edildi.<br \/>\n  Ekiplerin m\u00fcdahalesi s\u0131ras\u0131nda evin mutfa\u011f\u0131ndan ald\u0131\u011f\u0131 tabaklar\u0131 camdan d\u0131\u015far\u0131 f\u0131rlatan \u015fah\u0131s, \u00e7al\u0131\u015fmalar\u0131 engellemeye \u00e7al\u0131\u015ft\u0131. Daha sonra kap\u0131y\u0131 a\u00e7arak \u00e7at\u0131ya \u00e7\u0131kan Sel\u00e7uk K., polis taraf\u0131ndan etkisiz hale getirilerek g\u00f6zalt\u0131na al\u0131nd\u0131.<br \/>\n  Olay yerine toplanan mahalle sakinleri \u015fahsa tepki g\u00f6sterdi. Polis ekipleri kalabal\u0131\u011f\u0131 g\u00fc\u00e7l\u00fckle sakinle\u015ftirirken, \u015f\u00fcpheli h\u0131zla ambulansa bindirilip olay yerinden uzakla\u015ft\u0131r\u0131ld\u0131.<br \/>\n  Yang\u0131n, itfaiye ekiplerinin m\u00fcdahalesiyle k\u0131sa s\u00fcrede kontrol alt\u0131na al\u0131nd\u0131. Olayla ilgili inceleme ba\u015flat\u0131ld\u0131. <\/p>\n<p>7.09.2025                                 <\/p>\n","protected":false},"excerpt":{"rendered":"<p>Mersin\u2019de kirac\u0131 olarak oturdu\u011fu evi ate\u015fe veren \u015fah\u0131s, mahallede pani\u011fe neden oldu. Olay yerine gelen itfaiye ve polis ekiplerine direnen \u015fah\u0131s g\u00f6zalt\u0131na al\u0131n\u0131rken, \u00f6fkeli mahalleli \u015fahsa tepki g\u00f6sterdi. Edinilen bilgiye g\u00f6re olay, merkez Toroslar il\u00e7esi Tozkoparan Mahallesi\u2019nde meydana geldi. \u0130ddiaya g\u00f6re, uyu\u015fturucu ba\u011f\u0131ml\u0131s\u0131 oldu\u011fu \u00f6ne s\u00fcr\u00fclen Sel\u00e7uk K., 4 katl\u0131 bir binan\u0131n son kat\u0131ndaki dairesinde [&hellip;]<\/p>\n","protected":false},"author":1,"featured_media":11432,"comment_status":"open","ping_status":"open","sticky":false,"template":"","format":"standard","meta":{"footnotes":""},"categories":[1],"tags":[],"class_list":["post-11431","post","type-post","status-publish","format-standard","has-post-thumbnail","hentry","category-genel"],"yoast_head":"<!-- This site is optimized with the Yoast SEO plugin v27.4 - https:\/\/yoast.com\/product\/yoast-seo-wordpress\/ -->\n<title>- Memurun Sesi<\/title>\n<meta name=\"robots\" content=\"index, follow, max-snippet:-1, max-image-preview:large, max-video-preview:-1\" \/>\n<link rel=\"canonical\" href=\"https:\/\/memurunsesi.net\/index.php\/2025\/09\/07\/11431\/\" \/>\n<meta property=\"og:locale\" content=\"tr_TR\" \/>\n<meta property=\"og:type\" content=\"article\" \/>\n<meta property=\"og:title\" content=\"- Memurun Sesi\" \/>\n<meta property=\"og:description\" content=\"Mersin\u2019de kirac\u0131 olarak oturdu\u011fu evi ate\u015fe veren \u015fah\u0131s, mahallede pani\u011fe neden oldu. Olay yerine gelen itfaiye ve polis ekiplerine direnen \u015fah\u0131s g\u00f6zalt\u0131na al\u0131n\u0131rken, \u00f6fkeli mahalleli \u015fahsa tepki g\u00f6sterdi. Edinilen bilgiye g\u00f6re olay, merkez Toroslar il\u00e7esi Tozkoparan Mahallesi\u2019nde meydana geldi. \u0130ddiaya g\u00f6re, uyu\u015fturucu ba\u011f\u0131ml\u0131s\u0131 oldu\u011fu \u00f6ne s\u00fcr\u00fclen Sel\u00e7uk K., 4 katl\u0131 bir binan\u0131n son kat\u0131ndaki dairesinde [&hellip;]\" \/>\n<meta property=\"og:url\" content=\"https:\/\/memurunsesi.net\/index.php\/2025\/09\/07\/11431\/\" \/>\n<meta property=\"og:site_name\" content=\"Memurun Sesi\" \/>\n<meta property=\"article:publisher\" content=\"https:\/\/www.facebook.com\/unipersen\/?locale=tr_TR\" \/>\n<meta property=\"article:published_time\" content=\"2025-09-07T17:42:31+00:00\" \/>\n<meta property=\"og:image\" content=\"https:\/\/memurunsesi.net\/wp-content\/uploads\/2025\/09\/AW533300_03.jpg\" \/>\n\t<meta property=\"og:image:width\" content=\"1024\" \/>\n\t<meta property=\"og:image:height\" content=\"549\" \/>\n\t<meta property=\"og:image:type\" content=\"image\/jpeg\" \/>\n<meta name=\"author\" content=\"Memurun Sesi Haber Merkezi\" \/>\n<meta name=\"twitter:card\" content=\"summary_large_image\" \/>\n<meta name=\"twitter:creator\" content=\"@unipersen\" \/>\n<meta name=\"twitter:site\" content=\"@unipersen\" \/>\n<meta name=\"twitter:label1\" content=\"Yazan:\" \/>\n\t<meta name=\"twitter:data1\" content=\"Memurun Sesi Haber Merkezi\" \/>\n\t<meta name=\"twitter:label2\" content=\"Tahmini okuma s\u00fcresi\" \/>\n\t<meta name=\"twitter:data2\" content=\"1 dakika\" \/>\n<script type=\"application\/ld+json\" class=\"yoast-schema-graph\">{\"@context\":\"https:\\\/\\\/schema.org\",\"@graph\":[{\"@type\":\"Article\",\"@id\":\"https:\\\/\\\/memurunsesi.net\\\/index.php\\\/2025\\\/09\\\/07\\\/11431\\\/#article\",\"isPartOf\":{\"@id\":\"https:\\\/\\\/memurunsesi.net\\\/index.php\\\/2025\\\/09\\\/07\\\/11431\\\/\"},\"author\":{\"name\":\"Memurun Sesi Haber Merkezi\",\"@id\":\"https:\\\/\\\/memurunsesi.net\\\/#\\\/schema\\\/person\\\/f21c2d73b89f6ee1d80b0a1803e38587\"},\"headline\":\"Ba\u015fl\u0131k yok\",\"datePublished\":\"2025-09-07T17:42:31+00:00\",\"mainEntityOfPage\":{\"@id\":\"https:\\\/\\\/memurunsesi.net\\\/index.php\\\/2025\\\/09\\\/07\\\/11431\\\/\"},\"wordCount\":190,\"commentCount\":0,\"publisher\":{\"@id\":\"https:\\\/\\\/memurunsesi.net\\\/#organization\"},\"image\":{\"@id\":\"https:\\\/\\\/memurunsesi.net\\\/index.php\\\/2025\\\/09\\\/07\\\/11431\\\/#primaryimage\"},\"thumbnailUrl\":\"https:\\\/\\\/memurunsesi.net\\\/wp-content\\\/uploads\\\/2025\\\/09\\\/AW533300_03.jpg\",\"inLanguage\":\"tr\",\"potentialAction\":[{\"@type\":\"CommentAction\",\"name\":\"Comment\",\"target\":[\"https:\\\/\\\/memurunsesi.net\\\/index.php\\\/2025\\\/09\\\/07\\\/11431\\\/#respond\"]}]},{\"@type\":\"WebPage\",\"@id\":\"https:\\\/\\\/memurunsesi.net\\\/index.php\\\/2025\\\/09\\\/07\\\/11431\\\/\",\"url\":\"https:\\\/\\\/memurunsesi.net\\\/index.php\\\/2025\\\/09\\\/07\\\/11431\\\/\",\"name\":\"- Memurun Sesi\",\"isPartOf\":{\"@id\":\"https:\\\/\\\/memurunsesi.net\\\/#website\"},\"primaryImageOfPage\":{\"@id\":\"https:\\\/\\\/memurunsesi.net\\\/index.php\\\/2025\\\/09\\\/07\\\/11431\\\/#primaryimage\"},\"image\":{\"@id\":\"https:\\\/\\\/memurunsesi.net\\\/index.php\\\/2025\\\/09\\\/07\\\/11431\\\/#primaryimage\"},\"thumbnailUrl\":\"https:\\\/\\\/memurunsesi.net\\\/wp-content\\\/uploads\\\/2025\\\/09\\\/AW533300_03.jpg\",\"datePublished\":\"2025-09-07T17:42:31+00:00\",\"inLanguage\":\"tr\",\"potentialAction\":[{\"@type\":\"ReadAction\",\"target\":[\"https:\\\/\\\/memurunsesi.net\\\/index.php\\\/2025\\\/09\\\/07\\\/11431\\\/\"]}]},{\"@type\":\"ImageObject\",\"inLanguage\":\"tr\",\"@id\":\"https:\\\/\\\/memurunsesi.net\\\/index.php\\\/2025\\\/09\\\/07\\\/11431\\\/#primaryimage\",\"url\":\"https:\\\/\\\/memurunsesi.net\\\/wp-content\\\/uploads\\\/2025\\\/09\\\/AW533300_03.jpg\",\"contentUrl\":\"https:\\\/\\\/memurunsesi.net\\\/wp-content\\\/uploads\\\/2025\\\/09\\\/AW533300_03.jpg\",\"width\":1024,\"height\":549,\"caption\":\"MERS\u0130N'DE K\u0130RACI OLARAK OTURDU\u011eU EV\u0130 ATE\u015eE VEREN \u015eAHIS, MAHALLEDE PAN\u0130\u011eE NEDEN OLDU. OLAY YER\u0130NE GELEN \u0130TFA\u0130YE VE POL\u0130S EK\u0130PLER\u0130NE D\u0130RENEN \u015eAHIS G\u00d6ZALTINA ALINIRKEN, \u00d6FKEL\u0130 MAHALLEL\u0130 \u015eAHSA TEPK\u0130 G\u00d6STERD\u0130. (\u0130HA\\\/MERS\u0130N-\u0130HA) Mersin'de kirac\u0131 olarak oturdu\u011fu evi ate\u015fe veren \u015fah\u0131s, mahallede pani\u011fe neden oldu. Olay yerine gelen itfaiye ve polis ekiplerine direnen \u015fah\u0131s g\u00f6zalt\u0131na al\u0131n\u0131rken, \u00f6fkeli mahalleli \u015fahsa tepki g\u00f6sterdi.\"},{\"@type\":\"WebSite\",\"@id\":\"https:\\\/\\\/memurunsesi.net\\\/#website\",\"url\":\"https:\\\/\\\/memurunsesi.net\\\/\",\"name\":\"Memurun Sesi\",\"description\":\"G\u00fcncel ve Do\u011fru Haber\",\"publisher\":{\"@id\":\"https:\\\/\\\/memurunsesi.net\\\/#organization\"},\"potentialAction\":[{\"@type\":\"SearchAction\",\"target\":{\"@type\":\"EntryPoint\",\"urlTemplate\":\"https:\\\/\\\/memurunsesi.net\\\/?s={search_term_string}\"},\"query-input\":{\"@type\":\"PropertyValueSpecification\",\"valueRequired\":true,\"valueName\":\"search_term_string\"}}],\"inLanguage\":\"tr\"},{\"@type\":\"Organization\",\"@id\":\"https:\\\/\\\/memurunsesi.net\\\/#organization\",\"name\":\"Memurun Sesi\",\"url\":\"https:\\\/\\\/memurunsesi.net\\\/\",\"logo\":{\"@type\":\"ImageObject\",\"inLanguage\":\"tr\",\"@id\":\"https:\\\/\\\/memurunsesi.net\\\/#\\\/schema\\\/logo\\\/image\\\/\",\"url\":\"https:\\\/\\\/memurunsesi.net\\\/wp-content\\\/uploads\\\/2025\\\/11\\\/cropped-MEMURUN-SESI.png\",\"contentUrl\":\"https:\\\/\\\/memurunsesi.net\\\/wp-content\\\/uploads\\\/2025\\\/11\\\/cropped-MEMURUN-SESI.png\",\"width\":238,\"height\":57,\"caption\":\"Memurun Sesi\"},\"image\":{\"@id\":\"https:\\\/\\\/memurunsesi.net\\\/#\\\/schema\\\/logo\\\/image\\\/\"},\"sameAs\":[\"https:\\\/\\\/www.facebook.com\\\/unipersen\\\/?locale=tr_TR\",\"https:\\\/\\\/x.com\\\/unipersen\"]},{\"@type\":\"Person\",\"@id\":\"https:\\\/\\\/memurunsesi.net\\\/#\\\/schema\\\/person\\\/f21c2d73b89f6ee1d80b0a1803e38587\",\"name\":\"Memurun Sesi Haber Merkezi\",\"image\":{\"@type\":\"ImageObject\",\"inLanguage\":\"tr\",\"@id\":\"https:\\\/\\\/secure.gravatar.com\\\/avatar\\\/6cf0505f452ee753f485014986fab09a434671d2b919ee76fc541025c5876a70?s=96&d=mm&r=g\",\"url\":\"https:\\\/\\\/secure.gravatar.com\\\/avatar\\\/6cf0505f452ee753f485014986fab09a434671d2b919ee76fc541025c5876a70?s=96&d=mm&r=g\",\"contentUrl\":\"https:\\\/\\\/secure.gravatar.com\\\/avatar\\\/6cf0505f452ee753f485014986fab09a434671d2b919ee76fc541025c5876a70?s=96&d=mm&r=g\",\"caption\":\"Memurun Sesi Haber Merkezi\"},\"sameAs\":[\"https:\\\/\\\/memurunsesi.net\"],\"url\":\"https:\\\/\\\/memurunsesi.net\\\/index.php\\\/author\\\/uniper\\\/\"}]}<\/script>\n<!-- \/ Yoast SEO plugin. -->","yoast_head_json":{"title":"- Memurun Sesi","robots":{"index":"index","follow":"follow","max-snippet":"max-snippet:-1","max-image-preview":"max-image-preview:large","max-video-preview":"max-video-preview:-1"},"canonical":"https:\/\/memurunsesi.net\/index.php\/2025\/09\/07\/11431\/","og_locale":"tr_TR","og_type":"article","og_title":"- Memurun Sesi","og_description":"Mersin\u2019de kirac\u0131 olarak oturdu\u011fu evi ate\u015fe veren \u015fah\u0131s, mahallede pani\u011fe neden oldu. Olay yerine gelen itfaiye ve polis ekiplerine direnen \u015fah\u0131s g\u00f6zalt\u0131na al\u0131n\u0131rken, \u00f6fkeli mahalleli \u015fahsa tepki g\u00f6sterdi. Edinilen bilgiye g\u00f6re olay, merkez Toroslar il\u00e7esi Tozkoparan Mahallesi\u2019nde meydana geldi. \u0130ddiaya g\u00f6re, uyu\u015fturucu ba\u011f\u0131ml\u0131s\u0131 oldu\u011fu \u00f6ne s\u00fcr\u00fclen Sel\u00e7uk K., 4 katl\u0131 bir binan\u0131n son kat\u0131ndaki dairesinde [&hellip;]","og_url":"https:\/\/memurunsesi.net\/index.php\/2025\/09\/07\/11431\/","og_site_name":"Memurun Sesi","article_publisher":"https:\/\/www.facebook.com\/unipersen\/?locale=tr_TR","article_published_time":"2025-09-07T17:42:31+00:00","og_image":[{"width":1024,"height":549,"url":"https:\/\/memurunsesi.net\/wp-content\/uploads\/2025\/09\/AW533300_03.jpg","type":"image\/jpeg"}],"author":"Memurun Sesi Haber Merkezi","twitter_card":"summary_large_image","twitter_creator":"@unipersen","twitter_site":"@unipersen","twitter_misc":{"Yazan:":"Memurun Sesi Haber Merkezi","Tahmini okuma s\u00fcresi":"1 dakika"},"schema":{"@context":"https:\/\/schema.org","@graph":[{"@type":"Article","@id":"https:\/\/memurunsesi.net\/index.php\/2025\/09\/07\/11431\/#article","isPartOf":{"@id":"https:\/\/memurunsesi.net\/index.php\/2025\/09\/07\/11431\/"},"author":{"name":"Memurun Sesi Haber Merkezi","@id":"https:\/\/memurunsesi.net\/#\/schema\/person\/f21c2d73b89f6ee1d80b0a1803e38587"},"headline":"Ba\u015fl\u0131k yok","datePublished":"2025-09-07T17:42:31+00:00","mainEntityOfPage":{"@id":"https:\/\/memurunsesi.net\/index.php\/2025\/09\/07\/11431\/"},"wordCount":190,"commentCount":0,"publisher":{"@id":"https:\/\/memurunsesi.net\/#organization"},"image":{"@id":"https:\/\/memurunsesi.net\/index.php\/2025\/09\/07\/11431\/#primaryimage"},"thumbnailUrl":"https:\/\/memurunsesi.net\/wp-content\/uploads\/2025\/09\/AW533300_03.jpg","inLanguage":"tr","potentialAction":[{"@type":"CommentAction","name":"Comment","target":["https:\/\/memurunsesi.net\/index.php\/2025\/09\/07\/11431\/#respond"]}]},{"@type":"WebPage","@id":"https:\/\/memurunsesi.net\/index.php\/2025\/09\/07\/11431\/","url":"https:\/\/memurunsesi.net\/index.php\/2025\/09\/07\/11431\/","name":"- Memurun Sesi","isPartOf":{"@id":"https:\/\/memurunsesi.net\/#website"},"primaryImageOfPage":{"@id":"https:\/\/memurunsesi.net\/index.php\/2025\/09\/07\/11431\/#primaryimage"},"image":{"@id":"https:\/\/memurunsesi.net\/index.php\/2025\/09\/07\/11431\/#primaryimage"},"thumbnailUrl":"https:\/\/memurunsesi.net\/wp-content\/uploads\/2025\/09\/AW533300_03.jpg","datePublished":"2025-09-07T17:42:31+00:00","inLanguage":"tr","potentialAction":[{"@type":"ReadAction","target":["https:\/\/memurunsesi.net\/index.php\/2025\/09\/07\/11431\/"]}]},{"@type":"ImageObject","inLanguage":"tr","@id":"https:\/\/memurunsesi.net\/index.php\/2025\/09\/07\/11431\/#primaryimage","url":"https:\/\/memurunsesi.net\/wp-content\/uploads\/2025\/09\/AW533300_03.jpg","contentUrl":"https:\/\/memurunsesi.net\/wp-content\/uploads\/2025\/09\/AW533300_03.jpg","width":1024,"height":549,"caption":"MERS\u0130N'DE K\u0130RACI OLARAK OTURDU\u011eU EV\u0130 ATE\u015eE VEREN \u015eAHIS, MAHALLEDE PAN\u0130\u011eE NEDEN OLDU. OLAY YER\u0130NE GELEN \u0130TFA\u0130YE VE POL\u0130S EK\u0130PLER\u0130NE D\u0130RENEN \u015eAHIS G\u00d6ZALTINA ALINIRKEN, \u00d6FKEL\u0130 MAHALLEL\u0130 \u015eAHSA TEPK\u0130 G\u00d6STERD\u0130. (\u0130HA\/MERS\u0130N-\u0130HA) Mersin'de kirac\u0131 olarak oturdu\u011fu evi ate\u015fe veren \u015fah\u0131s, mahallede pani\u011fe neden oldu. Olay yerine gelen itfaiye ve polis ekiplerine direnen \u015fah\u0131s g\u00f6zalt\u0131na al\u0131n\u0131rken, \u00f6fkeli mahalleli \u015fahsa tepki g\u00f6sterdi."},{"@type":"WebSite","@id":"https:\/\/memurunsesi.net\/#website","url":"https:\/\/memurunsesi.net\/","name":"Memurun Sesi","description":"G\u00fcncel ve Do\u011fru Haber","publisher":{"@id":"https:\/\/memurunsesi.net\/#organization"},"potentialAction":[{"@type":"SearchAction","target":{"@type":"EntryPoint","urlTemplate":"https:\/\/memurunsesi.net\/?s={search_term_string}"},"query-input":{"@type":"PropertyValueSpecification","valueRequired":true,"valueName":"search_term_string"}}],"inLanguage":"tr"},{"@type":"Organization","@id":"https:\/\/memurunsesi.net\/#organization","name":"Memurun Sesi","url":"https:\/\/memurunsesi.net\/","logo":{"@type":"ImageObject","inLanguage":"tr","@id":"https:\/\/memurunsesi.net\/#\/schema\/logo\/image\/","url":"https:\/\/memurunsesi.net\/wp-content\/uploads\/2025\/11\/cropped-MEMURUN-SESI.png","contentUrl":"https:\/\/memurunsesi.net\/wp-content\/uploads\/2025\/11\/cropped-MEMURUN-SESI.png","width":238,"height":57,"caption":"Memurun Sesi"},"image":{"@id":"https:\/\/memurunsesi.net\/#\/schema\/logo\/image\/"},"sameAs":["https:\/\/www.facebook.com\/unipersen\/?locale=tr_TR","https:\/\/x.com\/unipersen"]},{"@type":"Person","@id":"https:\/\/memurunsesi.net\/#\/schema\/person\/f21c2d73b89f6ee1d80b0a1803e38587","name":"Memurun Sesi Haber Merkezi","image":{"@type":"ImageObject","inLanguage":"tr","@id":"https:\/\/secure.gravatar.com\/avatar\/6cf0505f452ee753f485014986fab09a434671d2b919ee76fc541025c5876a70?s=96&d=mm&r=g","url":"https:\/\/secure.gravatar.com\/avatar\/6cf0505f452ee753f485014986fab09a434671d2b919ee76fc541025c5876a70?s=96&d=mm&r=g","contentUrl":"https:\/\/secure.gravatar.com\/avatar\/6cf0505f452ee753f485014986fab09a434671d2b919ee76fc541025c5876a70?s=96&d=mm&r=g","caption":"Memurun Sesi Haber Merkezi"},"sameAs":["https:\/\/memurunsesi.net"],"url":"https:\/\/memurunsesi.net\/index.php\/author\/uniper\/"}]}},"_links":{"self":[{"href":"https:\/\/memurunsesi.net\/index.php\/wp-json\/wp\/v2\/posts\/11431","targetHints":{"allow":["GET"]}}],"collection":[{"href":"https:\/\/memurunsesi.net\/index.php\/wp-json\/wp\/v2\/posts"}],"about":[{"href":"https:\/\/memurunsesi.net\/index.php\/wp-json\/wp\/v2\/types\/post"}],"author":[{"embeddable":true,"href":"https:\/\/memurunsesi.net\/index.php\/wp-json\/wp\/v2\/users\/1"}],"replies":[{"embeddable":true,"href":"https:\/\/memurunsesi.net\/index.php\/wp-json\/wp\/v2\/comments?post=11431"}],"version-history":[{"count":1,"href":"https:\/\/memurunsesi.net\/index.php\/wp-json\/wp\/v2\/posts\/11431\/revisions"}],"predecessor-version":[{"id":11433,"href":"https:\/\/memurunsesi.net\/index.php\/wp-json\/wp\/v2\/posts\/11431\/revisions\/11433"}],"wp:featuredmedia":[{"embeddable":true,"href":"https:\/\/memurunsesi.net\/index.php\/wp-json\/wp\/v2\/media\/11432"}],"wp:attachment":[{"href":"https:\/\/memurunsesi.net\/index.php\/wp-json\/wp\/v2\/media?parent=11431"}],"wp:term":[{"taxonomy":"category","embeddable":true,"href":"https:\/\/memurunsesi.net\/index.php\/wp-json\/wp\/v2\/categories?post=11431"},{"taxonomy":"post_tag","embeddable":true,"href":"https:\/\/memurunsesi.net\/index.php\/wp-json\/wp\/v2\/tags?post=11431"}],"curies":[{"name":"wp","href":"https:\/\/api.w.org\/{rel}","templated":true}]}}