{"id":11446,"date":"2025-09-08T10:48:48","date_gmt":"2025-09-08T07:48:48","guid":{"rendered":"https:\/\/memurunsesi.net\/?p=11446"},"modified":"2025-09-08T10:48:48","modified_gmt":"2025-09-08T07:48:48","slug":"kayseride-kirac-ruzgari-esti","status":"publish","type":"post","link":"https:\/\/memurunsesi.net\/index.php\/2025\/09\/08\/kayseride-kirac-ruzgari-esti\/","title":{"rendered":"Kayseri\u2019de K\u0131ra\u00e7 r\u00fczgar\u0131 esti"},"content":{"rendered":"<p>   \u00dcnl\u00fc \u015fark\u0131c\u0131 K\u0131ra\u00e7, Kayseri K\u00fclt\u00fcr Yolu Festivali\u2019nin ikinci g\u00fcn\u00fcnde verdi\u011fi konserde y\u00fcksek enerjisi ve rock m\u00fczikten t\u00fcrk\u00fclere uzanan farkl\u0131 tarzlardaki geni\u015f repertuvar\u0131 ile Kayserilileri kendine hayran b\u0131rakt\u0131.<br \/>\n  T\u00fcrkiye\u2019nin en sevilen sanat\u00e7\u0131lar\u0131ndan K\u0131ra\u00e7, Kayseri K\u00fclt\u00fcr Yolu Festivali\u2019nin ikinci g\u00fcn\u00fcnde Recep Tayyip Erdo\u011fan Millet Bah\u00e7esi\u2019nde sahne ald\u0131. Konsere ak\u0131n eden on binlerce Kayserili, sanat\u00e7\u0131n\u0131n sahneye \u00e7\u0131kmas\u0131yla birlikte b\u00fcy\u00fck bir co\u015fku ya\u015fad\u0131. Rock m\u00fczikten t\u00fcrk\u00fclere uzanan geni\u015f repertuvar\u0131yla festival co\u015fkusunu zirveye ta\u015f\u0131yan K\u0131ra\u00e7, hit par\u00e7alar\u0131n\u0131n yan\u0131 s\u0131ra farkl\u0131 tarzlardan eserler de seslendirdi. Sanat\u00e7\u0131, yan fl\u00fct  performans\u0131yla da hayranlar\u0131na s\u00fcrpriz yapt\u0131.<br \/>\n  Cem Karaca, Erkin Koray, Edip Akbayram, Bar\u0131\u015f Man\u00e7o ve Ferdi Tayfur gibi T\u00fcrk m\u00fczi\u011finin unutulmaz isimlerinin eserlerini de seslendiren K\u0131ra\u00e7, usta sanat\u00e7\u0131lar\u0131 rahmetle yad etti. T\u00fcrk bayra\u011f\u0131 motifli yele\u011fiyle konserine devam eden sanat\u00e7\u0131, &#8220;Bu g\u00fczel g\u00fcnde Kayseri\u2019de sizlerle birlikte olmaktan \u00e7ok mutluyuz. Milli ma\u00e7 heyecan\u0131na ra\u011fmen alan\u0131 doldurdu\u011funuz i\u00e7in te\u015fekk\u00fcr ediyorum. Voleybolda m\u00fccadele eden k\u0131zlar\u0131m\u0131z\u0131 da y\u00fcrekten alk\u0131\u015fl\u0131yoruz&#8221; dedi. <\/p>\n<p>8.09.2025                                  <\/p>\n","protected":false},"excerpt":{"rendered":"<p>\u00dcnl\u00fc \u015fark\u0131c\u0131 K\u0131ra\u00e7, Kayseri K\u00fclt\u00fcr Yolu Festivali\u2019nin ikinci g\u00fcn\u00fcnde verdi\u011fi konserde y\u00fcksek enerjisi ve rock m\u00fczikten t\u00fcrk\u00fclere uzanan farkl\u0131 tarzlardaki geni\u015f repertuvar\u0131 ile Kayserilileri kendine hayran b\u0131rakt\u0131. T\u00fcrkiye\u2019nin en sevilen sanat\u00e7\u0131lar\u0131ndan K\u0131ra\u00e7, Kayseri K\u00fclt\u00fcr Yolu Festivali\u2019nin ikinci g\u00fcn\u00fcnde Recep Tayyip Erdo\u011fan Millet Bah\u00e7esi\u2019nde sahne ald\u0131. Konsere ak\u0131n eden on binlerce Kayserili, sanat\u00e7\u0131n\u0131n sahneye \u00e7\u0131kmas\u0131yla birlikte [&hellip;]<\/p>\n","protected":false},"author":1,"featured_media":11447,"comment_status":"open","ping_status":"open","sticky":false,"template":"","format":"standard","meta":{"footnotes":""},"categories":[1],"tags":[],"class_list":["post-11446","post","type-post","status-publish","format-standard","has-post-thumbnail","hentry","category-genel"],"yoast_head":"<!-- This site is optimized with the Yoast SEO plugin v27.4 - https:\/\/yoast.com\/product\/yoast-seo-wordpress\/ -->\n<title>Kayseri\u2019de K\u0131ra\u00e7 r\u00fczgar\u0131 esti - Memurun Sesi<\/title>\n<meta name=\"robots\" content=\"index, follow, max-snippet:-1, max-image-preview:large, max-video-preview:-1\" \/>\n<link rel=\"canonical\" href=\"https:\/\/memurunsesi.net\/index.php\/2025\/09\/08\/kayseride-kirac-ruzgari-esti\/\" \/>\n<meta property=\"og:locale\" content=\"tr_TR\" \/>\n<meta property=\"og:type\" content=\"article\" \/>\n<meta property=\"og:title\" content=\"Kayseri\u2019de K\u0131ra\u00e7 r\u00fczgar\u0131 esti - Memurun Sesi\" \/>\n<meta property=\"og:description\" content=\"\u00dcnl\u00fc \u015fark\u0131c\u0131 K\u0131ra\u00e7, Kayseri K\u00fclt\u00fcr Yolu Festivali\u2019nin ikinci g\u00fcn\u00fcnde verdi\u011fi konserde y\u00fcksek enerjisi ve rock m\u00fczikten t\u00fcrk\u00fclere uzanan farkl\u0131 tarzlardaki geni\u015f repertuvar\u0131 ile Kayserilileri kendine hayran b\u0131rakt\u0131. T\u00fcrkiye\u2019nin en sevilen sanat\u00e7\u0131lar\u0131ndan K\u0131ra\u00e7, Kayseri K\u00fclt\u00fcr Yolu Festivali\u2019nin ikinci g\u00fcn\u00fcnde Recep Tayyip Erdo\u011fan Millet Bah\u00e7esi\u2019nde sahne ald\u0131. Konsere ak\u0131n eden on binlerce Kayserili, sanat\u00e7\u0131n\u0131n sahneye \u00e7\u0131kmas\u0131yla birlikte [&hellip;]\" \/>\n<meta property=\"og:url\" content=\"https:\/\/memurunsesi.net\/index.php\/2025\/09\/08\/kayseride-kirac-ruzgari-esti\/\" \/>\n<meta property=\"og:site_name\" content=\"Memurun Sesi\" \/>\n<meta property=\"article:publisher\" content=\"https:\/\/www.facebook.com\/unipersen\/?locale=tr_TR\" \/>\n<meta property=\"article:published_time\" content=\"2025-09-08T07:48:48+00:00\" \/>\n<meta property=\"og:image\" content=\"https:\/\/memurunsesi.net\/wp-content\/uploads\/2025\/09\/AW533566_01.jpg\" \/>\n\t<meta property=\"og:image:width\" content=\"2484\" \/>\n\t<meta property=\"og:image:height\" content=\"1658\" \/>\n\t<meta property=\"og:image:type\" content=\"image\/jpeg\" \/>\n<meta name=\"author\" content=\"Memurun Sesi Haber Merkezi\" \/>\n<meta name=\"twitter:card\" content=\"summary_large_image\" \/>\n<meta name=\"twitter:creator\" content=\"@unipersen\" \/>\n<meta name=\"twitter:site\" content=\"@unipersen\" \/>\n<meta name=\"twitter:label1\" content=\"Yazan:\" \/>\n\t<meta name=\"twitter:data1\" content=\"Memurun Sesi Haber Merkezi\" \/>\n\t<meta name=\"twitter:label2\" content=\"Tahmini okuma s\u00fcresi\" \/>\n\t<meta name=\"twitter:data2\" content=\"1 dakika\" \/>\n<script type=\"application\/ld+json\" class=\"yoast-schema-graph\">{\"@context\":\"https:\\\/\\\/schema.org\",\"@graph\":[{\"@type\":\"Article\",\"@id\":\"https:\\\/\\\/memurunsesi.net\\\/index.php\\\/2025\\\/09\\\/08\\\/kayseride-kirac-ruzgari-esti\\\/#article\",\"isPartOf\":{\"@id\":\"https:\\\/\\\/memurunsesi.net\\\/index.php\\\/2025\\\/09\\\/08\\\/kayseride-kirac-ruzgari-esti\\\/\"},\"author\":{\"name\":\"Memurun Sesi Haber Merkezi\",\"@id\":\"https:\\\/\\\/memurunsesi.net\\\/#\\\/schema\\\/person\\\/f21c2d73b89f6ee1d80b0a1803e38587\"},\"headline\":\"Kayseri\u2019de K\u0131ra\u00e7 r\u00fczgar\u0131 esti\",\"datePublished\":\"2025-09-08T07:48:48+00:00\",\"mainEntityOfPage\":{\"@id\":\"https:\\\/\\\/memurunsesi.net\\\/index.php\\\/2025\\\/09\\\/08\\\/kayseride-kirac-ruzgari-esti\\\/\"},\"wordCount\":226,\"commentCount\":0,\"publisher\":{\"@id\":\"https:\\\/\\\/memurunsesi.net\\\/#organization\"},\"image\":{\"@id\":\"https:\\\/\\\/memurunsesi.net\\\/index.php\\\/2025\\\/09\\\/08\\\/kayseride-kirac-ruzgari-esti\\\/#primaryimage\"},\"thumbnailUrl\":\"https:\\\/\\\/memurunsesi.net\\\/wp-content\\\/uploads\\\/2025\\\/09\\\/AW533566_01.jpg\",\"inLanguage\":\"tr\",\"potentialAction\":[{\"@type\":\"CommentAction\",\"name\":\"Comment\",\"target\":[\"https:\\\/\\\/memurunsesi.net\\\/index.php\\\/2025\\\/09\\\/08\\\/kayseride-kirac-ruzgari-esti\\\/#respond\"]}]},{\"@type\":\"WebPage\",\"@id\":\"https:\\\/\\\/memurunsesi.net\\\/index.php\\\/2025\\\/09\\\/08\\\/kayseride-kirac-ruzgari-esti\\\/\",\"url\":\"https:\\\/\\\/memurunsesi.net\\\/index.php\\\/2025\\\/09\\\/08\\\/kayseride-kirac-ruzgari-esti\\\/\",\"name\":\"Kayseri\u2019de K\u0131ra\u00e7 r\u00fczgar\u0131 esti - Memurun Sesi\",\"isPartOf\":{\"@id\":\"https:\\\/\\\/memurunsesi.net\\\/#website\"},\"primaryImageOfPage\":{\"@id\":\"https:\\\/\\\/memurunsesi.net\\\/index.php\\\/2025\\\/09\\\/08\\\/kayseride-kirac-ruzgari-esti\\\/#primaryimage\"},\"image\":{\"@id\":\"https:\\\/\\\/memurunsesi.net\\\/index.php\\\/2025\\\/09\\\/08\\\/kayseride-kirac-ruzgari-esti\\\/#primaryimage\"},\"thumbnailUrl\":\"https:\\\/\\\/memurunsesi.net\\\/wp-content\\\/uploads\\\/2025\\\/09\\\/AW533566_01.jpg\",\"datePublished\":\"2025-09-08T07:48:48+00:00\",\"breadcrumb\":{\"@id\":\"https:\\\/\\\/memurunsesi.net\\\/index.php\\\/2025\\\/09\\\/08\\\/kayseride-kirac-ruzgari-esti\\\/#breadcrumb\"},\"inLanguage\":\"tr\",\"potentialAction\":[{\"@type\":\"ReadAction\",\"target\":[\"https:\\\/\\\/memurunsesi.net\\\/index.php\\\/2025\\\/09\\\/08\\\/kayseride-kirac-ruzgari-esti\\\/\"]}]},{\"@type\":\"ImageObject\",\"inLanguage\":\"tr\",\"@id\":\"https:\\\/\\\/memurunsesi.net\\\/index.php\\\/2025\\\/09\\\/08\\\/kayseride-kirac-ruzgari-esti\\\/#primaryimage\",\"url\":\"https:\\\/\\\/memurunsesi.net\\\/wp-content\\\/uploads\\\/2025\\\/09\\\/AW533566_01.jpg\",\"contentUrl\":\"https:\\\/\\\/memurunsesi.net\\\/wp-content\\\/uploads\\\/2025\\\/09\\\/AW533566_01.jpg\",\"width\":2484,\"height\":1658,\"caption\":\"KAYSER\u0130'DE KIRA\u00c7 R\u00dcZGARI EST\u0130\"},{\"@type\":\"BreadcrumbList\",\"@id\":\"https:\\\/\\\/memurunsesi.net\\\/index.php\\\/2025\\\/09\\\/08\\\/kayseride-kirac-ruzgari-esti\\\/#breadcrumb\",\"itemListElement\":[{\"@type\":\"ListItem\",\"position\":1,\"name\":\"Anasayfa\",\"item\":\"https:\\\/\\\/memurunsesi.net\\\/\"},{\"@type\":\"ListItem\",\"position\":2,\"name\":\"Kayseri\u2019de K\u0131ra\u00e7 r\u00fczgar\u0131 esti\"}]},{\"@type\":\"WebSite\",\"@id\":\"https:\\\/\\\/memurunsesi.net\\\/#website\",\"url\":\"https:\\\/\\\/memurunsesi.net\\\/\",\"name\":\"Memurun Sesi\",\"description\":\"G\u00fcncel ve Do\u011fru Haber\",\"publisher\":{\"@id\":\"https:\\\/\\\/memurunsesi.net\\\/#organization\"},\"potentialAction\":[{\"@type\":\"SearchAction\",\"target\":{\"@type\":\"EntryPoint\",\"urlTemplate\":\"https:\\\/\\\/memurunsesi.net\\\/?s={search_term_string}\"},\"query-input\":{\"@type\":\"PropertyValueSpecification\",\"valueRequired\":true,\"valueName\":\"search_term_string\"}}],\"inLanguage\":\"tr\"},{\"@type\":\"Organization\",\"@id\":\"https:\\\/\\\/memurunsesi.net\\\/#organization\",\"name\":\"Memurun Sesi\",\"url\":\"https:\\\/\\\/memurunsesi.net\\\/\",\"logo\":{\"@type\":\"ImageObject\",\"inLanguage\":\"tr\",\"@id\":\"https:\\\/\\\/memurunsesi.net\\\/#\\\/schema\\\/logo\\\/image\\\/\",\"url\":\"https:\\\/\\\/memurunsesi.net\\\/wp-content\\\/uploads\\\/2025\\\/11\\\/cropped-MEMURUN-SESI.png\",\"contentUrl\":\"https:\\\/\\\/memurunsesi.net\\\/wp-content\\\/uploads\\\/2025\\\/11\\\/cropped-MEMURUN-SESI.png\",\"width\":238,\"height\":57,\"caption\":\"Memurun Sesi\"},\"image\":{\"@id\":\"https:\\\/\\\/memurunsesi.net\\\/#\\\/schema\\\/logo\\\/image\\\/\"},\"sameAs\":[\"https:\\\/\\\/www.facebook.com\\\/unipersen\\\/?locale=tr_TR\",\"https:\\\/\\\/x.com\\\/unipersen\"]},{\"@type\":\"Person\",\"@id\":\"https:\\\/\\\/memurunsesi.net\\\/#\\\/schema\\\/person\\\/f21c2d73b89f6ee1d80b0a1803e38587\",\"name\":\"Memurun Sesi Haber Merkezi\",\"image\":{\"@type\":\"ImageObject\",\"inLanguage\":\"tr\",\"@id\":\"https:\\\/\\\/secure.gravatar.com\\\/avatar\\\/6cf0505f452ee753f485014986fab09a434671d2b919ee76fc541025c5876a70?s=96&d=mm&r=g\",\"url\":\"https:\\\/\\\/secure.gravatar.com\\\/avatar\\\/6cf0505f452ee753f485014986fab09a434671d2b919ee76fc541025c5876a70?s=96&d=mm&r=g\",\"contentUrl\":\"https:\\\/\\\/secure.gravatar.com\\\/avatar\\\/6cf0505f452ee753f485014986fab09a434671d2b919ee76fc541025c5876a70?s=96&d=mm&r=g\",\"caption\":\"Memurun Sesi Haber Merkezi\"},\"sameAs\":[\"https:\\\/\\\/memurunsesi.net\"],\"url\":\"https:\\\/\\\/memurunsesi.net\\\/index.php\\\/author\\\/uniper\\\/\"}]}<\/script>\n<!-- \/ Yoast SEO plugin. -->","yoast_head_json":{"title":"Kayseri\u2019de K\u0131ra\u00e7 r\u00fczgar\u0131 esti - Memurun Sesi","robots":{"index":"index","follow":"follow","max-snippet":"max-snippet:-1","max-image-preview":"max-image-preview:large","max-video-preview":"max-video-preview:-1"},"canonical":"https:\/\/memurunsesi.net\/index.php\/2025\/09\/08\/kayseride-kirac-ruzgari-esti\/","og_locale":"tr_TR","og_type":"article","og_title":"Kayseri\u2019de K\u0131ra\u00e7 r\u00fczgar\u0131 esti - Memurun Sesi","og_description":"\u00dcnl\u00fc \u015fark\u0131c\u0131 K\u0131ra\u00e7, Kayseri K\u00fclt\u00fcr Yolu Festivali\u2019nin ikinci g\u00fcn\u00fcnde verdi\u011fi konserde y\u00fcksek enerjisi ve rock m\u00fczikten t\u00fcrk\u00fclere uzanan farkl\u0131 tarzlardaki geni\u015f repertuvar\u0131 ile Kayserilileri kendine hayran b\u0131rakt\u0131. T\u00fcrkiye\u2019nin en sevilen sanat\u00e7\u0131lar\u0131ndan K\u0131ra\u00e7, Kayseri K\u00fclt\u00fcr Yolu Festivali\u2019nin ikinci g\u00fcn\u00fcnde Recep Tayyip Erdo\u011fan Millet Bah\u00e7esi\u2019nde sahne ald\u0131. Konsere ak\u0131n eden on binlerce Kayserili, sanat\u00e7\u0131n\u0131n sahneye \u00e7\u0131kmas\u0131yla birlikte [&hellip;]","og_url":"https:\/\/memurunsesi.net\/index.php\/2025\/09\/08\/kayseride-kirac-ruzgari-esti\/","og_site_name":"Memurun Sesi","article_publisher":"https:\/\/www.facebook.com\/unipersen\/?locale=tr_TR","article_published_time":"2025-09-08T07:48:48+00:00","og_image":[{"width":2484,"height":1658,"url":"https:\/\/memurunsesi.net\/wp-content\/uploads\/2025\/09\/AW533566_01.jpg","type":"image\/jpeg"}],"author":"Memurun Sesi Haber Merkezi","twitter_card":"summary_large_image","twitter_creator":"@unipersen","twitter_site":"@unipersen","twitter_misc":{"Yazan:":"Memurun Sesi Haber Merkezi","Tahmini okuma s\u00fcresi":"1 dakika"},"schema":{"@context":"https:\/\/schema.org","@graph":[{"@type":"Article","@id":"https:\/\/memurunsesi.net\/index.php\/2025\/09\/08\/kayseride-kirac-ruzgari-esti\/#article","isPartOf":{"@id":"https:\/\/memurunsesi.net\/index.php\/2025\/09\/08\/kayseride-kirac-ruzgari-esti\/"},"author":{"name":"Memurun Sesi Haber Merkezi","@id":"https:\/\/memurunsesi.net\/#\/schema\/person\/f21c2d73b89f6ee1d80b0a1803e38587"},"headline":"Kayseri\u2019de K\u0131ra\u00e7 r\u00fczgar\u0131 esti","datePublished":"2025-09-08T07:48:48+00:00","mainEntityOfPage":{"@id":"https:\/\/memurunsesi.net\/index.php\/2025\/09\/08\/kayseride-kirac-ruzgari-esti\/"},"wordCount":226,"commentCount":0,"publisher":{"@id":"https:\/\/memurunsesi.net\/#organization"},"image":{"@id":"https:\/\/memurunsesi.net\/index.php\/2025\/09\/08\/kayseride-kirac-ruzgari-esti\/#primaryimage"},"thumbnailUrl":"https:\/\/memurunsesi.net\/wp-content\/uploads\/2025\/09\/AW533566_01.jpg","inLanguage":"tr","potentialAction":[{"@type":"CommentAction","name":"Comment","target":["https:\/\/memurunsesi.net\/index.php\/2025\/09\/08\/kayseride-kirac-ruzgari-esti\/#respond"]}]},{"@type":"WebPage","@id":"https:\/\/memurunsesi.net\/index.php\/2025\/09\/08\/kayseride-kirac-ruzgari-esti\/","url":"https:\/\/memurunsesi.net\/index.php\/2025\/09\/08\/kayseride-kirac-ruzgari-esti\/","name":"Kayseri\u2019de K\u0131ra\u00e7 r\u00fczgar\u0131 esti - Memurun Sesi","isPartOf":{"@id":"https:\/\/memurunsesi.net\/#website"},"primaryImageOfPage":{"@id":"https:\/\/memurunsesi.net\/index.php\/2025\/09\/08\/kayseride-kirac-ruzgari-esti\/#primaryimage"},"image":{"@id":"https:\/\/memurunsesi.net\/index.php\/2025\/09\/08\/kayseride-kirac-ruzgari-esti\/#primaryimage"},"thumbnailUrl":"https:\/\/memurunsesi.net\/wp-content\/uploads\/2025\/09\/AW533566_01.jpg","datePublished":"2025-09-08T07:48:48+00:00","breadcrumb":{"@id":"https:\/\/memurunsesi.net\/index.php\/2025\/09\/08\/kayseride-kirac-ruzgari-esti\/#breadcrumb"},"inLanguage":"tr","potentialAction":[{"@type":"ReadAction","target":["https:\/\/memurunsesi.net\/index.php\/2025\/09\/08\/kayseride-kirac-ruzgari-esti\/"]}]},{"@type":"ImageObject","inLanguage":"tr","@id":"https:\/\/memurunsesi.net\/index.php\/2025\/09\/08\/kayseride-kirac-ruzgari-esti\/#primaryimage","url":"https:\/\/memurunsesi.net\/wp-content\/uploads\/2025\/09\/AW533566_01.jpg","contentUrl":"https:\/\/memurunsesi.net\/wp-content\/uploads\/2025\/09\/AW533566_01.jpg","width":2484,"height":1658,"caption":"KAYSER\u0130'DE KIRA\u00c7 R\u00dcZGARI EST\u0130"},{"@type":"BreadcrumbList","@id":"https:\/\/memurunsesi.net\/index.php\/2025\/09\/08\/kayseride-kirac-ruzgari-esti\/#breadcrumb","itemListElement":[{"@type":"ListItem","position":1,"name":"Anasayfa","item":"https:\/\/memurunsesi.net\/"},{"@type":"ListItem","position":2,"name":"Kayseri\u2019de K\u0131ra\u00e7 r\u00fczgar\u0131 esti"}]},{"@type":"WebSite","@id":"https:\/\/memurunsesi.net\/#website","url":"https:\/\/memurunsesi.net\/","name":"Memurun Sesi","description":"G\u00fcncel ve Do\u011fru Haber","publisher":{"@id":"https:\/\/memurunsesi.net\/#organization"},"potentialAction":[{"@type":"SearchAction","target":{"@type":"EntryPoint","urlTemplate":"https:\/\/memurunsesi.net\/?s={search_term_string}"},"query-input":{"@type":"PropertyValueSpecification","valueRequired":true,"valueName":"search_term_string"}}],"inLanguage":"tr"},{"@type":"Organization","@id":"https:\/\/memurunsesi.net\/#organization","name":"Memurun Sesi","url":"https:\/\/memurunsesi.net\/","logo":{"@type":"ImageObject","inLanguage":"tr","@id":"https:\/\/memurunsesi.net\/#\/schema\/logo\/image\/","url":"https:\/\/memurunsesi.net\/wp-content\/uploads\/2025\/11\/cropped-MEMURUN-SESI.png","contentUrl":"https:\/\/memurunsesi.net\/wp-content\/uploads\/2025\/11\/cropped-MEMURUN-SESI.png","width":238,"height":57,"caption":"Memurun Sesi"},"image":{"@id":"https:\/\/memurunsesi.net\/#\/schema\/logo\/image\/"},"sameAs":["https:\/\/www.facebook.com\/unipersen\/?locale=tr_TR","https:\/\/x.com\/unipersen"]},{"@type":"Person","@id":"https:\/\/memurunsesi.net\/#\/schema\/person\/f21c2d73b89f6ee1d80b0a1803e38587","name":"Memurun Sesi Haber Merkezi","image":{"@type":"ImageObject","inLanguage":"tr","@id":"https:\/\/secure.gravatar.com\/avatar\/6cf0505f452ee753f485014986fab09a434671d2b919ee76fc541025c5876a70?s=96&d=mm&r=g","url":"https:\/\/secure.gravatar.com\/avatar\/6cf0505f452ee753f485014986fab09a434671d2b919ee76fc541025c5876a70?s=96&d=mm&r=g","contentUrl":"https:\/\/secure.gravatar.com\/avatar\/6cf0505f452ee753f485014986fab09a434671d2b919ee76fc541025c5876a70?s=96&d=mm&r=g","caption":"Memurun Sesi Haber Merkezi"},"sameAs":["https:\/\/memurunsesi.net"],"url":"https:\/\/memurunsesi.net\/index.php\/author\/uniper\/"}]}},"_links":{"self":[{"href":"https:\/\/memurunsesi.net\/index.php\/wp-json\/wp\/v2\/posts\/11446","targetHints":{"allow":["GET"]}}],"collection":[{"href":"https:\/\/memurunsesi.net\/index.php\/wp-json\/wp\/v2\/posts"}],"about":[{"href":"https:\/\/memurunsesi.net\/index.php\/wp-json\/wp\/v2\/types\/post"}],"author":[{"embeddable":true,"href":"https:\/\/memurunsesi.net\/index.php\/wp-json\/wp\/v2\/users\/1"}],"replies":[{"embeddable":true,"href":"https:\/\/memurunsesi.net\/index.php\/wp-json\/wp\/v2\/comments?post=11446"}],"version-history":[{"count":1,"href":"https:\/\/memurunsesi.net\/index.php\/wp-json\/wp\/v2\/posts\/11446\/revisions"}],"predecessor-version":[{"id":11448,"href":"https:\/\/memurunsesi.net\/index.php\/wp-json\/wp\/v2\/posts\/11446\/revisions\/11448"}],"wp:featuredmedia":[{"embeddable":true,"href":"https:\/\/memurunsesi.net\/index.php\/wp-json\/wp\/v2\/media\/11447"}],"wp:attachment":[{"href":"https:\/\/memurunsesi.net\/index.php\/wp-json\/wp\/v2\/media?parent=11446"}],"wp:term":[{"taxonomy":"category","embeddable":true,"href":"https:\/\/memurunsesi.net\/index.php\/wp-json\/wp\/v2\/categories?post=11446"},{"taxonomy":"post_tag","embeddable":true,"href":"https:\/\/memurunsesi.net\/index.php\/wp-json\/wp\/v2\/tags?post=11446"}],"curies":[{"name":"wp","href":"https:\/\/api.w.org\/{rel}","templated":true}]}}