{"id":11622,"date":"2025-09-13T10:15:52","date_gmt":"2025-09-13T07:15:52","guid":{"rendered":"https:\/\/memurunsesi.net\/?p=11622"},"modified":"2025-09-13T10:15:52","modified_gmt":"2025-09-13T07:15:52","slug":"kislik-yakacak-derdine-dusen-kadinin-talihsiz-ani-diskten-firlayan-tahta-parcasi-yuzunden-yaraladi","status":"publish","type":"post","link":"https:\/\/memurunsesi.net\/index.php\/2025\/09\/13\/kislik-yakacak-derdine-dusen-kadinin-talihsiz-ani-diskten-firlayan-tahta-parcasi-yuzunden-yaraladi\/","title":{"rendered":"K\u0131\u015fl\u0131k yakacak derdine d\u00fc\u015fen kad\u0131n\u0131n talihsiz an\u0131: Diskten f\u0131rlayan tahta par\u00e7as\u0131 y\u00fcz\u00fcnden yaralad\u0131"},"content":{"rendered":"<p>  Tekirda\u011f \u00c7orlu&#8217;da k\u0131\u015fl\u0131k yakacak haz\u0131rlayan kad\u0131n\u0131n, sunta kesme diskinden f\u0131rlayan tahta par\u00e7as\u0131 y\u00fcz\u00fcne \u00e7arp\u0131p yaralanmas\u0131na neden oldu.<br \/>\n  Olay, H\u0131d\u0131ra\u011fa Mahallesi \u2018Kore mahallesi&#8217; diye de bilinen Kalealt\u0131 K\u00fcmeevler mevkiinde meydana geldi. 50 ya\u015f\u0131ndaki C.\u00c7. isimli kad\u0131n, evinin bah\u00e7esinde k\u0131\u015fl\u0131k yakacak haz\u0131rlamak i\u00e7in \u00e7al\u0131\u015fmaya ba\u015flad\u0131. Kad\u0131n\u0131n par\u00e7alamak istedi\u011fi tahta, ah\u015fap sunta kesme diskinden f\u0131rlayarak y\u00fcz\u00fcne isabet etti.<br \/>\n  Yaralanan C.\u00c7., olay yerine gelen sa\u011fl\u0131k ekiplerinin ilk m\u00fcdahalesinin ard\u0131ndan ambulansla \u00c7orlu Devlet Hastanesi&#8217;ne kald\u0131r\u0131larak tedavi alt\u0131na al\u0131nd\u0131. Yaral\u0131 kad\u0131n\u0131n sa\u011fl\u0131k durumunun iyi oldu\u011fu \u00f6\u011frenildi. <\/p>\n<p>13.09.2025                              <\/p>\n","protected":false},"excerpt":{"rendered":"<p>Tekirda\u011f \u00c7orlu&#8217;da k\u0131\u015fl\u0131k yakacak haz\u0131rlayan kad\u0131n\u0131n, sunta kesme diskinden f\u0131rlayan tahta par\u00e7as\u0131 y\u00fcz\u00fcne \u00e7arp\u0131p yaralanmas\u0131na neden oldu. Olay, H\u0131d\u0131ra\u011fa Mahallesi \u2018Kore mahallesi&#8217; diye de bilinen Kalealt\u0131 K\u00fcmeevler mevkiinde meydana geldi. 50 ya\u015f\u0131ndaki C.\u00c7. isimli kad\u0131n, evinin bah\u00e7esinde k\u0131\u015fl\u0131k yakacak haz\u0131rlamak i\u00e7in \u00e7al\u0131\u015fmaya ba\u015flad\u0131. Kad\u0131n\u0131n par\u00e7alamak istedi\u011fi tahta, ah\u015fap sunta kesme diskinden f\u0131rlayarak y\u00fcz\u00fcne isabet etti. [&hellip;]<\/p>\n","protected":false},"author":1,"featured_media":11623,"comment_status":"open","ping_status":"open","sticky":false,"template":"","format":"standard","meta":{"footnotes":""},"categories":[1],"tags":[],"class_list":["post-11622","post","type-post","status-publish","format-standard","has-post-thumbnail","hentry","category-genel"],"yoast_head":"<!-- This site is optimized with the Yoast SEO plugin v27.4 - https:\/\/yoast.com\/product\/yoast-seo-wordpress\/ -->\n<title>K\u0131\u015fl\u0131k yakacak derdine d\u00fc\u015fen kad\u0131n\u0131n talihsiz an\u0131: Diskten f\u0131rlayan tahta par\u00e7as\u0131 y\u00fcz\u00fcnden yaralad\u0131 - Memurun Sesi<\/title>\n<meta name=\"robots\" content=\"index, follow, max-snippet:-1, max-image-preview:large, max-video-preview:-1\" \/>\n<link rel=\"canonical\" href=\"https:\/\/memurunsesi.net\/index.php\/2025\/09\/13\/kislik-yakacak-derdine-dusen-kadinin-talihsiz-ani-diskten-firlayan-tahta-parcasi-yuzunden-yaraladi\/\" \/>\n<meta property=\"og:locale\" content=\"tr_TR\" \/>\n<meta property=\"og:type\" content=\"article\" \/>\n<meta property=\"og:title\" content=\"K\u0131\u015fl\u0131k yakacak derdine d\u00fc\u015fen kad\u0131n\u0131n talihsiz an\u0131: Diskten f\u0131rlayan tahta par\u00e7as\u0131 y\u00fcz\u00fcnden yaralad\u0131 - Memurun Sesi\" \/>\n<meta property=\"og:description\" content=\"Tekirda\u011f \u00c7orlu&#8217;da k\u0131\u015fl\u0131k yakacak haz\u0131rlayan kad\u0131n\u0131n, sunta kesme diskinden f\u0131rlayan tahta par\u00e7as\u0131 y\u00fcz\u00fcne \u00e7arp\u0131p yaralanmas\u0131na neden oldu. Olay, H\u0131d\u0131ra\u011fa Mahallesi \u2018Kore mahallesi&#8217; diye de bilinen Kalealt\u0131 K\u00fcmeevler mevkiinde meydana geldi. 50 ya\u015f\u0131ndaki C.\u00c7. isimli kad\u0131n, evinin bah\u00e7esinde k\u0131\u015fl\u0131k yakacak haz\u0131rlamak i\u00e7in \u00e7al\u0131\u015fmaya ba\u015flad\u0131. Kad\u0131n\u0131n par\u00e7alamak istedi\u011fi tahta, ah\u015fap sunta kesme diskinden f\u0131rlayarak y\u00fcz\u00fcne isabet etti. [&hellip;]\" \/>\n<meta property=\"og:url\" content=\"https:\/\/memurunsesi.net\/index.php\/2025\/09\/13\/kislik-yakacak-derdine-dusen-kadinin-talihsiz-ani-diskten-firlayan-tahta-parcasi-yuzunden-yaraladi\/\" \/>\n<meta property=\"og:site_name\" content=\"Memurun Sesi\" \/>\n<meta property=\"article:publisher\" content=\"https:\/\/www.facebook.com\/unipersen\/?locale=tr_TR\" \/>\n<meta property=\"article:published_time\" content=\"2025-09-13T07:15:52+00:00\" \/>\n<meta property=\"og:image\" content=\"https:\/\/memurunsesi.net\/wp-content\/uploads\/2025\/09\/AW537141_01.jpg\" \/>\n\t<meta property=\"og:image:width\" content=\"1170\" \/>\n\t<meta property=\"og:image:height\" content=\"660\" \/>\n\t<meta property=\"og:image:type\" content=\"image\/jpeg\" \/>\n<meta name=\"author\" content=\"Memurun Sesi Haber Merkezi\" \/>\n<meta name=\"twitter:card\" content=\"summary_large_image\" \/>\n<meta name=\"twitter:creator\" content=\"@unipersen\" \/>\n<meta name=\"twitter:site\" content=\"@unipersen\" \/>\n<meta name=\"twitter:label1\" content=\"Yazan:\" \/>\n\t<meta name=\"twitter:data1\" content=\"Memurun Sesi Haber Merkezi\" \/>\n\t<meta name=\"twitter:label2\" content=\"Tahmini okuma s\u00fcresi\" \/>\n\t<meta name=\"twitter:data2\" content=\"1 dakika\" \/>\n<script type=\"application\/ld+json\" class=\"yoast-schema-graph\">{\"@context\":\"https:\\\/\\\/schema.org\",\"@graph\":[{\"@type\":\"Article\",\"@id\":\"https:\\\/\\\/memurunsesi.net\\\/index.php\\\/2025\\\/09\\\/13\\\/kislik-yakacak-derdine-dusen-kadinin-talihsiz-ani-diskten-firlayan-tahta-parcasi-yuzunden-yaraladi\\\/#article\",\"isPartOf\":{\"@id\":\"https:\\\/\\\/memurunsesi.net\\\/index.php\\\/2025\\\/09\\\/13\\\/kislik-yakacak-derdine-dusen-kadinin-talihsiz-ani-diskten-firlayan-tahta-parcasi-yuzunden-yaraladi\\\/\"},\"author\":{\"name\":\"Memurun Sesi Haber Merkezi\",\"@id\":\"https:\\\/\\\/memurunsesi.net\\\/#\\\/schema\\\/person\\\/f21c2d73b89f6ee1d80b0a1803e38587\"},\"headline\":\"K\u0131\u015fl\u0131k yakacak derdine d\u00fc\u015fen kad\u0131n\u0131n talihsiz an\u0131: Diskten f\u0131rlayan tahta par\u00e7as\u0131 y\u00fcz\u00fcnden yaralad\u0131\",\"datePublished\":\"2025-09-13T07:15:52+00:00\",\"mainEntityOfPage\":{\"@id\":\"https:\\\/\\\/memurunsesi.net\\\/index.php\\\/2025\\\/09\\\/13\\\/kislik-yakacak-derdine-dusen-kadinin-talihsiz-ani-diskten-firlayan-tahta-parcasi-yuzunden-yaraladi\\\/\"},\"wordCount\":148,\"commentCount\":0,\"publisher\":{\"@id\":\"https:\\\/\\\/memurunsesi.net\\\/#organization\"},\"image\":{\"@id\":\"https:\\\/\\\/memurunsesi.net\\\/index.php\\\/2025\\\/09\\\/13\\\/kislik-yakacak-derdine-dusen-kadinin-talihsiz-ani-diskten-firlayan-tahta-parcasi-yuzunden-yaraladi\\\/#primaryimage\"},\"thumbnailUrl\":\"https:\\\/\\\/memurunsesi.net\\\/wp-content\\\/uploads\\\/2025\\\/09\\\/AW537141_01.jpg\",\"inLanguage\":\"tr\",\"potentialAction\":[{\"@type\":\"CommentAction\",\"name\":\"Comment\",\"target\":[\"https:\\\/\\\/memurunsesi.net\\\/index.php\\\/2025\\\/09\\\/13\\\/kislik-yakacak-derdine-dusen-kadinin-talihsiz-ani-diskten-firlayan-tahta-parcasi-yuzunden-yaraladi\\\/#respond\"]}]},{\"@type\":\"WebPage\",\"@id\":\"https:\\\/\\\/memurunsesi.net\\\/index.php\\\/2025\\\/09\\\/13\\\/kislik-yakacak-derdine-dusen-kadinin-talihsiz-ani-diskten-firlayan-tahta-parcasi-yuzunden-yaraladi\\\/\",\"url\":\"https:\\\/\\\/memurunsesi.net\\\/index.php\\\/2025\\\/09\\\/13\\\/kislik-yakacak-derdine-dusen-kadinin-talihsiz-ani-diskten-firlayan-tahta-parcasi-yuzunden-yaraladi\\\/\",\"name\":\"K\u0131\u015fl\u0131k yakacak derdine d\u00fc\u015fen kad\u0131n\u0131n talihsiz an\u0131: Diskten f\u0131rlayan tahta par\u00e7as\u0131 y\u00fcz\u00fcnden yaralad\u0131 - Memurun Sesi\",\"isPartOf\":{\"@id\":\"https:\\\/\\\/memurunsesi.net\\\/#website\"},\"primaryImageOfPage\":{\"@id\":\"https:\\\/\\\/memurunsesi.net\\\/index.php\\\/2025\\\/09\\\/13\\\/kislik-yakacak-derdine-dusen-kadinin-talihsiz-ani-diskten-firlayan-tahta-parcasi-yuzunden-yaraladi\\\/#primaryimage\"},\"image\":{\"@id\":\"https:\\\/\\\/memurunsesi.net\\\/index.php\\\/2025\\\/09\\\/13\\\/kislik-yakacak-derdine-dusen-kadinin-talihsiz-ani-diskten-firlayan-tahta-parcasi-yuzunden-yaraladi\\\/#primaryimage\"},\"thumbnailUrl\":\"https:\\\/\\\/memurunsesi.net\\\/wp-content\\\/uploads\\\/2025\\\/09\\\/AW537141_01.jpg\",\"datePublished\":\"2025-09-13T07:15:52+00:00\",\"breadcrumb\":{\"@id\":\"https:\\\/\\\/memurunsesi.net\\\/index.php\\\/2025\\\/09\\\/13\\\/kislik-yakacak-derdine-dusen-kadinin-talihsiz-ani-diskten-firlayan-tahta-parcasi-yuzunden-yaraladi\\\/#breadcrumb\"},\"inLanguage\":\"tr\",\"potentialAction\":[{\"@type\":\"ReadAction\",\"target\":[\"https:\\\/\\\/memurunsesi.net\\\/index.php\\\/2025\\\/09\\\/13\\\/kislik-yakacak-derdine-dusen-kadinin-talihsiz-ani-diskten-firlayan-tahta-parcasi-yuzunden-yaraladi\\\/\"]}]},{\"@type\":\"ImageObject\",\"inLanguage\":\"tr\",\"@id\":\"https:\\\/\\\/memurunsesi.net\\\/index.php\\\/2025\\\/09\\\/13\\\/kislik-yakacak-derdine-dusen-kadinin-talihsiz-ani-diskten-firlayan-tahta-parcasi-yuzunden-yaraladi\\\/#primaryimage\",\"url\":\"https:\\\/\\\/memurunsesi.net\\\/wp-content\\\/uploads\\\/2025\\\/09\\\/AW537141_01.jpg\",\"contentUrl\":\"https:\\\/\\\/memurunsesi.net\\\/wp-content\\\/uploads\\\/2025\\\/09\\\/AW537141_01.jpg\",\"width\":1170,\"height\":660,\"caption\":\"\u00c7ORLU'DA KI\u015eLIK YAKACAK HAZIRLAYAN KADIN, SUNTA KESME D\u0130SK\u0130NDEN FIRLAYAN TAHTA PAR\u00c7ASININ Y\u00dcZ\u00dcNE \u00c7ARPMASI SONUCU YARALANDI (H\u00dcSEY\u0130N TAYYAR\\\/TEK\u0130RDA\u011e-\u0130HA) Tekirda\u011f \u00c7orlu'da k\u0131\u015fl\u0131k yakacak haz\u0131rlayan kad\u0131n\u0131n, sunta kesme diskinden f\u0131rlayan tahta par\u00e7as\u0131 y\u00fcz\u00fcne \u00e7arp\u0131p yaralanmas\u0131na neden oldu.\"},{\"@type\":\"BreadcrumbList\",\"@id\":\"https:\\\/\\\/memurunsesi.net\\\/index.php\\\/2025\\\/09\\\/13\\\/kislik-yakacak-derdine-dusen-kadinin-talihsiz-ani-diskten-firlayan-tahta-parcasi-yuzunden-yaraladi\\\/#breadcrumb\",\"itemListElement\":[{\"@type\":\"ListItem\",\"position\":1,\"name\":\"Anasayfa\",\"item\":\"https:\\\/\\\/memurunsesi.net\\\/\"},{\"@type\":\"ListItem\",\"position\":2,\"name\":\"K\u0131\u015fl\u0131k yakacak derdine d\u00fc\u015fen kad\u0131n\u0131n talihsiz an\u0131: Diskten f\u0131rlayan tahta par\u00e7as\u0131 y\u00fcz\u00fcnden yaralad\u0131\"}]},{\"@type\":\"WebSite\",\"@id\":\"https:\\\/\\\/memurunsesi.net\\\/#website\",\"url\":\"https:\\\/\\\/memurunsesi.net\\\/\",\"name\":\"Memurun Sesi\",\"description\":\"G\u00fcncel ve Do\u011fru Haber\",\"publisher\":{\"@id\":\"https:\\\/\\\/memurunsesi.net\\\/#organization\"},\"potentialAction\":[{\"@type\":\"SearchAction\",\"target\":{\"@type\":\"EntryPoint\",\"urlTemplate\":\"https:\\\/\\\/memurunsesi.net\\\/?s={search_term_string}\"},\"query-input\":{\"@type\":\"PropertyValueSpecification\",\"valueRequired\":true,\"valueName\":\"search_term_string\"}}],\"inLanguage\":\"tr\"},{\"@type\":\"Organization\",\"@id\":\"https:\\\/\\\/memurunsesi.net\\\/#organization\",\"name\":\"Memurun Sesi\",\"url\":\"https:\\\/\\\/memurunsesi.net\\\/\",\"logo\":{\"@type\":\"ImageObject\",\"inLanguage\":\"tr\",\"@id\":\"https:\\\/\\\/memurunsesi.net\\\/#\\\/schema\\\/logo\\\/image\\\/\",\"url\":\"https:\\\/\\\/memurunsesi.net\\\/wp-content\\\/uploads\\\/2025\\\/11\\\/cropped-MEMURUN-SESI.png\",\"contentUrl\":\"https:\\\/\\\/memurunsesi.net\\\/wp-content\\\/uploads\\\/2025\\\/11\\\/cropped-MEMURUN-SESI.png\",\"width\":238,\"height\":57,\"caption\":\"Memurun Sesi\"},\"image\":{\"@id\":\"https:\\\/\\\/memurunsesi.net\\\/#\\\/schema\\\/logo\\\/image\\\/\"},\"sameAs\":[\"https:\\\/\\\/www.facebook.com\\\/unipersen\\\/?locale=tr_TR\",\"https:\\\/\\\/x.com\\\/unipersen\"]},{\"@type\":\"Person\",\"@id\":\"https:\\\/\\\/memurunsesi.net\\\/#\\\/schema\\\/person\\\/f21c2d73b89f6ee1d80b0a1803e38587\",\"name\":\"Memurun Sesi Haber Merkezi\",\"image\":{\"@type\":\"ImageObject\",\"inLanguage\":\"tr\",\"@id\":\"https:\\\/\\\/secure.gravatar.com\\\/avatar\\\/6cf0505f452ee753f485014986fab09a434671d2b919ee76fc541025c5876a70?s=96&d=mm&r=g\",\"url\":\"https:\\\/\\\/secure.gravatar.com\\\/avatar\\\/6cf0505f452ee753f485014986fab09a434671d2b919ee76fc541025c5876a70?s=96&d=mm&r=g\",\"contentUrl\":\"https:\\\/\\\/secure.gravatar.com\\\/avatar\\\/6cf0505f452ee753f485014986fab09a434671d2b919ee76fc541025c5876a70?s=96&d=mm&r=g\",\"caption\":\"Memurun Sesi Haber Merkezi\"},\"sameAs\":[\"https:\\\/\\\/memurunsesi.net\"],\"url\":\"https:\\\/\\\/memurunsesi.net\\\/index.php\\\/author\\\/uniper\\\/\"}]}<\/script>\n<!-- \/ Yoast SEO plugin. -->","yoast_head_json":{"title":"K\u0131\u015fl\u0131k yakacak derdine d\u00fc\u015fen kad\u0131n\u0131n talihsiz an\u0131: Diskten f\u0131rlayan tahta par\u00e7as\u0131 y\u00fcz\u00fcnden yaralad\u0131 - Memurun Sesi","robots":{"index":"index","follow":"follow","max-snippet":"max-snippet:-1","max-image-preview":"max-image-preview:large","max-video-preview":"max-video-preview:-1"},"canonical":"https:\/\/memurunsesi.net\/index.php\/2025\/09\/13\/kislik-yakacak-derdine-dusen-kadinin-talihsiz-ani-diskten-firlayan-tahta-parcasi-yuzunden-yaraladi\/","og_locale":"tr_TR","og_type":"article","og_title":"K\u0131\u015fl\u0131k yakacak derdine d\u00fc\u015fen kad\u0131n\u0131n talihsiz an\u0131: Diskten f\u0131rlayan tahta par\u00e7as\u0131 y\u00fcz\u00fcnden yaralad\u0131 - Memurun Sesi","og_description":"Tekirda\u011f \u00c7orlu&#8217;da k\u0131\u015fl\u0131k yakacak haz\u0131rlayan kad\u0131n\u0131n, sunta kesme diskinden f\u0131rlayan tahta par\u00e7as\u0131 y\u00fcz\u00fcne \u00e7arp\u0131p yaralanmas\u0131na neden oldu. Olay, H\u0131d\u0131ra\u011fa Mahallesi \u2018Kore mahallesi&#8217; diye de bilinen Kalealt\u0131 K\u00fcmeevler mevkiinde meydana geldi. 50 ya\u015f\u0131ndaki C.\u00c7. isimli kad\u0131n, evinin bah\u00e7esinde k\u0131\u015fl\u0131k yakacak haz\u0131rlamak i\u00e7in \u00e7al\u0131\u015fmaya ba\u015flad\u0131. Kad\u0131n\u0131n par\u00e7alamak istedi\u011fi tahta, ah\u015fap sunta kesme diskinden f\u0131rlayarak y\u00fcz\u00fcne isabet etti. [&hellip;]","og_url":"https:\/\/memurunsesi.net\/index.php\/2025\/09\/13\/kislik-yakacak-derdine-dusen-kadinin-talihsiz-ani-diskten-firlayan-tahta-parcasi-yuzunden-yaraladi\/","og_site_name":"Memurun Sesi","article_publisher":"https:\/\/www.facebook.com\/unipersen\/?locale=tr_TR","article_published_time":"2025-09-13T07:15:52+00:00","og_image":[{"width":1170,"height":660,"url":"https:\/\/memurunsesi.net\/wp-content\/uploads\/2025\/09\/AW537141_01.jpg","type":"image\/jpeg"}],"author":"Memurun Sesi Haber Merkezi","twitter_card":"summary_large_image","twitter_creator":"@unipersen","twitter_site":"@unipersen","twitter_misc":{"Yazan:":"Memurun Sesi Haber Merkezi","Tahmini okuma s\u00fcresi":"1 dakika"},"schema":{"@context":"https:\/\/schema.org","@graph":[{"@type":"Article","@id":"https:\/\/memurunsesi.net\/index.php\/2025\/09\/13\/kislik-yakacak-derdine-dusen-kadinin-talihsiz-ani-diskten-firlayan-tahta-parcasi-yuzunden-yaraladi\/#article","isPartOf":{"@id":"https:\/\/memurunsesi.net\/index.php\/2025\/09\/13\/kislik-yakacak-derdine-dusen-kadinin-talihsiz-ani-diskten-firlayan-tahta-parcasi-yuzunden-yaraladi\/"},"author":{"name":"Memurun Sesi Haber Merkezi","@id":"https:\/\/memurunsesi.net\/#\/schema\/person\/f21c2d73b89f6ee1d80b0a1803e38587"},"headline":"K\u0131\u015fl\u0131k yakacak derdine d\u00fc\u015fen kad\u0131n\u0131n talihsiz an\u0131: Diskten f\u0131rlayan tahta par\u00e7as\u0131 y\u00fcz\u00fcnden yaralad\u0131","datePublished":"2025-09-13T07:15:52+00:00","mainEntityOfPage":{"@id":"https:\/\/memurunsesi.net\/index.php\/2025\/09\/13\/kislik-yakacak-derdine-dusen-kadinin-talihsiz-ani-diskten-firlayan-tahta-parcasi-yuzunden-yaraladi\/"},"wordCount":148,"commentCount":0,"publisher":{"@id":"https:\/\/memurunsesi.net\/#organization"},"image":{"@id":"https:\/\/memurunsesi.net\/index.php\/2025\/09\/13\/kislik-yakacak-derdine-dusen-kadinin-talihsiz-ani-diskten-firlayan-tahta-parcasi-yuzunden-yaraladi\/#primaryimage"},"thumbnailUrl":"https:\/\/memurunsesi.net\/wp-content\/uploads\/2025\/09\/AW537141_01.jpg","inLanguage":"tr","potentialAction":[{"@type":"CommentAction","name":"Comment","target":["https:\/\/memurunsesi.net\/index.php\/2025\/09\/13\/kislik-yakacak-derdine-dusen-kadinin-talihsiz-ani-diskten-firlayan-tahta-parcasi-yuzunden-yaraladi\/#respond"]}]},{"@type":"WebPage","@id":"https:\/\/memurunsesi.net\/index.php\/2025\/09\/13\/kislik-yakacak-derdine-dusen-kadinin-talihsiz-ani-diskten-firlayan-tahta-parcasi-yuzunden-yaraladi\/","url":"https:\/\/memurunsesi.net\/index.php\/2025\/09\/13\/kislik-yakacak-derdine-dusen-kadinin-talihsiz-ani-diskten-firlayan-tahta-parcasi-yuzunden-yaraladi\/","name":"K\u0131\u015fl\u0131k yakacak derdine d\u00fc\u015fen kad\u0131n\u0131n talihsiz an\u0131: Diskten f\u0131rlayan tahta par\u00e7as\u0131 y\u00fcz\u00fcnden yaralad\u0131 - Memurun Sesi","isPartOf":{"@id":"https:\/\/memurunsesi.net\/#website"},"primaryImageOfPage":{"@id":"https:\/\/memurunsesi.net\/index.php\/2025\/09\/13\/kislik-yakacak-derdine-dusen-kadinin-talihsiz-ani-diskten-firlayan-tahta-parcasi-yuzunden-yaraladi\/#primaryimage"},"image":{"@id":"https:\/\/memurunsesi.net\/index.php\/2025\/09\/13\/kislik-yakacak-derdine-dusen-kadinin-talihsiz-ani-diskten-firlayan-tahta-parcasi-yuzunden-yaraladi\/#primaryimage"},"thumbnailUrl":"https:\/\/memurunsesi.net\/wp-content\/uploads\/2025\/09\/AW537141_01.jpg","datePublished":"2025-09-13T07:15:52+00:00","breadcrumb":{"@id":"https:\/\/memurunsesi.net\/index.php\/2025\/09\/13\/kislik-yakacak-derdine-dusen-kadinin-talihsiz-ani-diskten-firlayan-tahta-parcasi-yuzunden-yaraladi\/#breadcrumb"},"inLanguage":"tr","potentialAction":[{"@type":"ReadAction","target":["https:\/\/memurunsesi.net\/index.php\/2025\/09\/13\/kislik-yakacak-derdine-dusen-kadinin-talihsiz-ani-diskten-firlayan-tahta-parcasi-yuzunden-yaraladi\/"]}]},{"@type":"ImageObject","inLanguage":"tr","@id":"https:\/\/memurunsesi.net\/index.php\/2025\/09\/13\/kislik-yakacak-derdine-dusen-kadinin-talihsiz-ani-diskten-firlayan-tahta-parcasi-yuzunden-yaraladi\/#primaryimage","url":"https:\/\/memurunsesi.net\/wp-content\/uploads\/2025\/09\/AW537141_01.jpg","contentUrl":"https:\/\/memurunsesi.net\/wp-content\/uploads\/2025\/09\/AW537141_01.jpg","width":1170,"height":660,"caption":"\u00c7ORLU'DA KI\u015eLIK YAKACAK HAZIRLAYAN KADIN, SUNTA KESME D\u0130SK\u0130NDEN FIRLAYAN TAHTA PAR\u00c7ASININ Y\u00dcZ\u00dcNE \u00c7ARPMASI SONUCU YARALANDI (H\u00dcSEY\u0130N TAYYAR\/TEK\u0130RDA\u011e-\u0130HA) Tekirda\u011f \u00c7orlu'da k\u0131\u015fl\u0131k yakacak haz\u0131rlayan kad\u0131n\u0131n, sunta kesme diskinden f\u0131rlayan tahta par\u00e7as\u0131 y\u00fcz\u00fcne \u00e7arp\u0131p yaralanmas\u0131na neden oldu."},{"@type":"BreadcrumbList","@id":"https:\/\/memurunsesi.net\/index.php\/2025\/09\/13\/kislik-yakacak-derdine-dusen-kadinin-talihsiz-ani-diskten-firlayan-tahta-parcasi-yuzunden-yaraladi\/#breadcrumb","itemListElement":[{"@type":"ListItem","position":1,"name":"Anasayfa","item":"https:\/\/memurunsesi.net\/"},{"@type":"ListItem","position":2,"name":"K\u0131\u015fl\u0131k yakacak derdine d\u00fc\u015fen kad\u0131n\u0131n talihsiz an\u0131: Diskten f\u0131rlayan tahta par\u00e7as\u0131 y\u00fcz\u00fcnden yaralad\u0131"}]},{"@type":"WebSite","@id":"https:\/\/memurunsesi.net\/#website","url":"https:\/\/memurunsesi.net\/","name":"Memurun Sesi","description":"G\u00fcncel ve Do\u011fru Haber","publisher":{"@id":"https:\/\/memurunsesi.net\/#organization"},"potentialAction":[{"@type":"SearchAction","target":{"@type":"EntryPoint","urlTemplate":"https:\/\/memurunsesi.net\/?s={search_term_string}"},"query-input":{"@type":"PropertyValueSpecification","valueRequired":true,"valueName":"search_term_string"}}],"inLanguage":"tr"},{"@type":"Organization","@id":"https:\/\/memurunsesi.net\/#organization","name":"Memurun Sesi","url":"https:\/\/memurunsesi.net\/","logo":{"@type":"ImageObject","inLanguage":"tr","@id":"https:\/\/memurunsesi.net\/#\/schema\/logo\/image\/","url":"https:\/\/memurunsesi.net\/wp-content\/uploads\/2025\/11\/cropped-MEMURUN-SESI.png","contentUrl":"https:\/\/memurunsesi.net\/wp-content\/uploads\/2025\/11\/cropped-MEMURUN-SESI.png","width":238,"height":57,"caption":"Memurun Sesi"},"image":{"@id":"https:\/\/memurunsesi.net\/#\/schema\/logo\/image\/"},"sameAs":["https:\/\/www.facebook.com\/unipersen\/?locale=tr_TR","https:\/\/x.com\/unipersen"]},{"@type":"Person","@id":"https:\/\/memurunsesi.net\/#\/schema\/person\/f21c2d73b89f6ee1d80b0a1803e38587","name":"Memurun Sesi Haber Merkezi","image":{"@type":"ImageObject","inLanguage":"tr","@id":"https:\/\/secure.gravatar.com\/avatar\/6cf0505f452ee753f485014986fab09a434671d2b919ee76fc541025c5876a70?s=96&d=mm&r=g","url":"https:\/\/secure.gravatar.com\/avatar\/6cf0505f452ee753f485014986fab09a434671d2b919ee76fc541025c5876a70?s=96&d=mm&r=g","contentUrl":"https:\/\/secure.gravatar.com\/avatar\/6cf0505f452ee753f485014986fab09a434671d2b919ee76fc541025c5876a70?s=96&d=mm&r=g","caption":"Memurun Sesi Haber Merkezi"},"sameAs":["https:\/\/memurunsesi.net"],"url":"https:\/\/memurunsesi.net\/index.php\/author\/uniper\/"}]}},"_links":{"self":[{"href":"https:\/\/memurunsesi.net\/index.php\/wp-json\/wp\/v2\/posts\/11622","targetHints":{"allow":["GET"]}}],"collection":[{"href":"https:\/\/memurunsesi.net\/index.php\/wp-json\/wp\/v2\/posts"}],"about":[{"href":"https:\/\/memurunsesi.net\/index.php\/wp-json\/wp\/v2\/types\/post"}],"author":[{"embeddable":true,"href":"https:\/\/memurunsesi.net\/index.php\/wp-json\/wp\/v2\/users\/1"}],"replies":[{"embeddable":true,"href":"https:\/\/memurunsesi.net\/index.php\/wp-json\/wp\/v2\/comments?post=11622"}],"version-history":[{"count":1,"href":"https:\/\/memurunsesi.net\/index.php\/wp-json\/wp\/v2\/posts\/11622\/revisions"}],"predecessor-version":[{"id":11624,"href":"https:\/\/memurunsesi.net\/index.php\/wp-json\/wp\/v2\/posts\/11622\/revisions\/11624"}],"wp:featuredmedia":[{"embeddable":true,"href":"https:\/\/memurunsesi.net\/index.php\/wp-json\/wp\/v2\/media\/11623"}],"wp:attachment":[{"href":"https:\/\/memurunsesi.net\/index.php\/wp-json\/wp\/v2\/media?parent=11622"}],"wp:term":[{"taxonomy":"category","embeddable":true,"href":"https:\/\/memurunsesi.net\/index.php\/wp-json\/wp\/v2\/categories?post=11622"},{"taxonomy":"post_tag","embeddable":true,"href":"https:\/\/memurunsesi.net\/index.php\/wp-json\/wp\/v2\/tags?post=11622"}],"curies":[{"name":"wp","href":"https:\/\/api.w.org\/{rel}","templated":true}]}}