{"id":11635,"date":"2025-09-13T10:24:04","date_gmt":"2025-09-13T07:24:04","guid":{"rendered":"https:\/\/memurunsesi.net\/?p=11635"},"modified":"2025-09-13T10:24:04","modified_gmt":"2025-09-13T07:24:04","slug":"denizde-yuzdugu-esnada-beyin-kanamasi-geciren-vatandasi-deniz-polisi-kurtardi","status":"publish","type":"post","link":"https:\/\/memurunsesi.net\/index.php\/2025\/09\/13\/denizde-yuzdugu-esnada-beyin-kanamasi-geciren-vatandasi-deniz-polisi-kurtardi\/","title":{"rendered":"Denizde y\u00fczd\u00fc\u011f\u00fc esnada beyin kanamas\u0131 ge\u00e7iren vatanda\u015f\u0131 deniz polisi kurtard\u0131"},"content":{"rendered":"<p>  Hatay\u2019\u0131n Arsuz il\u00e7esinde denize giren bir vatanda\u015f, y\u00fczd\u00fc\u011f\u00fc s\u0131rada beyin kanamas\u0131 ge\u00e7irdi. Arsuz Deniz Polisi\u2019nin zaman\u0131nda m\u00fcdahalesiyle vatanda\u015f hayata d\u00f6nd\u00fcr\u00fcld\u00fc.<br \/>\n  Olay, Arsuz il\u00e7esi \u00dc\u00e7g\u00fcll\u00fck Mahallesi sahilinde meydana geldi. Edinilen bilgiye g\u00f6re, denizde y\u00fczen bir vatanda\u015f aniden fenala\u015ft\u0131. Durumu fark eden \u00e7evredeki vatanda\u015flar\u0131n ihbar\u0131 \u00fczerine b\u00f6lgeye Arsuz Deniz Polisi sevk edildi. K\u0131sa s\u00fcrede olay yerine ula\u015fan ekipler, bo\u011fulma tehlikesi ya\u015fayan vatanda\u015f\u0131 denizden \u00e7\u0131kard\u0131.<br \/>\n  Sa\u011fl\u0131k ekiplerine teslim edilen vatanda\u015f\u0131n beyin kanamas\u0131 ge\u00e7irdi\u011fi belirlendi. \u0130lk m\u00fcdahalesi olay yerinde yap\u0131lan ki\u015fi, daha sonra hastaneye sevk edilerek tedavi alt\u0131na al\u0131nd\u0131. Hastanede tedavisi s\u00fcren vatanda\u015f\u0131n hayati tehlikeyi atlatt\u0131\u011f\u0131 \u00f6\u011frenildi. <\/p>\n<p>13.09.2025                               <\/p>\n","protected":false},"excerpt":{"rendered":"<p>Hatay\u2019\u0131n Arsuz il\u00e7esinde denize giren bir vatanda\u015f, y\u00fczd\u00fc\u011f\u00fc s\u0131rada beyin kanamas\u0131 ge\u00e7irdi. Arsuz Deniz Polisi\u2019nin zaman\u0131nda m\u00fcdahalesiyle vatanda\u015f hayata d\u00f6nd\u00fcr\u00fcld\u00fc. Olay, Arsuz il\u00e7esi \u00dc\u00e7g\u00fcll\u00fck Mahallesi sahilinde meydana geldi. Edinilen bilgiye g\u00f6re, denizde y\u00fczen bir vatanda\u015f aniden fenala\u015ft\u0131. Durumu fark eden \u00e7evredeki vatanda\u015flar\u0131n ihbar\u0131 \u00fczerine b\u00f6lgeye Arsuz Deniz Polisi sevk edildi. K\u0131sa s\u00fcrede olay yerine ula\u015fan [&hellip;]<\/p>\n","protected":false},"author":1,"featured_media":11636,"comment_status":"open","ping_status":"open","sticky":false,"template":"","format":"standard","meta":{"footnotes":""},"categories":[1],"tags":[],"class_list":["post-11635","post","type-post","status-publish","format-standard","has-post-thumbnail","hentry","category-genel"],"yoast_head":"<!-- This site is optimized with the Yoast SEO plugin v27.4 - https:\/\/yoast.com\/product\/yoast-seo-wordpress\/ -->\n<title>Denizde y\u00fczd\u00fc\u011f\u00fc esnada beyin kanamas\u0131 ge\u00e7iren vatanda\u015f\u0131 deniz polisi kurtard\u0131 - Memurun Sesi<\/title>\n<meta name=\"robots\" content=\"index, follow, max-snippet:-1, max-image-preview:large, max-video-preview:-1\" \/>\n<link rel=\"canonical\" href=\"https:\/\/memurunsesi.net\/index.php\/2025\/09\/13\/denizde-yuzdugu-esnada-beyin-kanamasi-geciren-vatandasi-deniz-polisi-kurtardi\/\" \/>\n<meta property=\"og:locale\" content=\"tr_TR\" \/>\n<meta property=\"og:type\" content=\"article\" \/>\n<meta property=\"og:title\" content=\"Denizde y\u00fczd\u00fc\u011f\u00fc esnada beyin kanamas\u0131 ge\u00e7iren vatanda\u015f\u0131 deniz polisi kurtard\u0131 - Memurun Sesi\" \/>\n<meta property=\"og:description\" content=\"Hatay\u2019\u0131n Arsuz il\u00e7esinde denize giren bir vatanda\u015f, y\u00fczd\u00fc\u011f\u00fc s\u0131rada beyin kanamas\u0131 ge\u00e7irdi. Arsuz Deniz Polisi\u2019nin zaman\u0131nda m\u00fcdahalesiyle vatanda\u015f hayata d\u00f6nd\u00fcr\u00fcld\u00fc. Olay, Arsuz il\u00e7esi \u00dc\u00e7g\u00fcll\u00fck Mahallesi sahilinde meydana geldi. Edinilen bilgiye g\u00f6re, denizde y\u00fczen bir vatanda\u015f aniden fenala\u015ft\u0131. Durumu fark eden \u00e7evredeki vatanda\u015flar\u0131n ihbar\u0131 \u00fczerine b\u00f6lgeye Arsuz Deniz Polisi sevk edildi. K\u0131sa s\u00fcrede olay yerine ula\u015fan [&hellip;]\" \/>\n<meta property=\"og:url\" content=\"https:\/\/memurunsesi.net\/index.php\/2025\/09\/13\/denizde-yuzdugu-esnada-beyin-kanamasi-geciren-vatandasi-deniz-polisi-kurtardi\/\" \/>\n<meta property=\"og:site_name\" content=\"Memurun Sesi\" \/>\n<meta property=\"article:publisher\" content=\"https:\/\/www.facebook.com\/unipersen\/?locale=tr_TR\" \/>\n<meta property=\"article:published_time\" content=\"2025-09-13T07:24:04+00:00\" \/>\n<meta property=\"og:image\" content=\"https:\/\/memurunsesi.net\/wp-content\/uploads\/2025\/09\/AW537115_01.jpg\" \/>\n\t<meta property=\"og:image:width\" content=\"700\" \/>\n\t<meta property=\"og:image:height\" content=\"387\" \/>\n\t<meta property=\"og:image:type\" content=\"image\/jpeg\" \/>\n<meta name=\"author\" content=\"Memurun Sesi Haber Merkezi\" \/>\n<meta name=\"twitter:card\" content=\"summary_large_image\" \/>\n<meta name=\"twitter:creator\" content=\"@unipersen\" \/>\n<meta name=\"twitter:site\" content=\"@unipersen\" \/>\n<meta name=\"twitter:label1\" content=\"Yazan:\" \/>\n\t<meta name=\"twitter:data1\" content=\"Memurun Sesi Haber Merkezi\" \/>\n\t<meta name=\"twitter:label2\" content=\"Tahmini okuma s\u00fcresi\" \/>\n\t<meta name=\"twitter:data2\" content=\"1 dakika\" \/>\n<script type=\"application\/ld+json\" class=\"yoast-schema-graph\">{\"@context\":\"https:\\\/\\\/schema.org\",\"@graph\":[{\"@type\":\"Article\",\"@id\":\"https:\\\/\\\/memurunsesi.net\\\/index.php\\\/2025\\\/09\\\/13\\\/denizde-yuzdugu-esnada-beyin-kanamasi-geciren-vatandasi-deniz-polisi-kurtardi\\\/#article\",\"isPartOf\":{\"@id\":\"https:\\\/\\\/memurunsesi.net\\\/index.php\\\/2025\\\/09\\\/13\\\/denizde-yuzdugu-esnada-beyin-kanamasi-geciren-vatandasi-deniz-polisi-kurtardi\\\/\"},\"author\":{\"name\":\"Memurun Sesi Haber Merkezi\",\"@id\":\"https:\\\/\\\/memurunsesi.net\\\/#\\\/schema\\\/person\\\/f21c2d73b89f6ee1d80b0a1803e38587\"},\"headline\":\"Denizde y\u00fczd\u00fc\u011f\u00fc esnada beyin kanamas\u0131 ge\u00e7iren vatanda\u015f\u0131 deniz polisi kurtard\u0131\",\"datePublished\":\"2025-09-13T07:24:04+00:00\",\"mainEntityOfPage\":{\"@id\":\"https:\\\/\\\/memurunsesi.net\\\/index.php\\\/2025\\\/09\\\/13\\\/denizde-yuzdugu-esnada-beyin-kanamasi-geciren-vatandasi-deniz-polisi-kurtardi\\\/\"},\"wordCount\":142,\"commentCount\":0,\"publisher\":{\"@id\":\"https:\\\/\\\/memurunsesi.net\\\/#organization\"},\"image\":{\"@id\":\"https:\\\/\\\/memurunsesi.net\\\/index.php\\\/2025\\\/09\\\/13\\\/denizde-yuzdugu-esnada-beyin-kanamasi-geciren-vatandasi-deniz-polisi-kurtardi\\\/#primaryimage\"},\"thumbnailUrl\":\"https:\\\/\\\/memurunsesi.net\\\/wp-content\\\/uploads\\\/2025\\\/09\\\/AW537115_01.jpg\",\"inLanguage\":\"tr\",\"potentialAction\":[{\"@type\":\"CommentAction\",\"name\":\"Comment\",\"target\":[\"https:\\\/\\\/memurunsesi.net\\\/index.php\\\/2025\\\/09\\\/13\\\/denizde-yuzdugu-esnada-beyin-kanamasi-geciren-vatandasi-deniz-polisi-kurtardi\\\/#respond\"]}]},{\"@type\":\"WebPage\",\"@id\":\"https:\\\/\\\/memurunsesi.net\\\/index.php\\\/2025\\\/09\\\/13\\\/denizde-yuzdugu-esnada-beyin-kanamasi-geciren-vatandasi-deniz-polisi-kurtardi\\\/\",\"url\":\"https:\\\/\\\/memurunsesi.net\\\/index.php\\\/2025\\\/09\\\/13\\\/denizde-yuzdugu-esnada-beyin-kanamasi-geciren-vatandasi-deniz-polisi-kurtardi\\\/\",\"name\":\"Denizde y\u00fczd\u00fc\u011f\u00fc esnada beyin kanamas\u0131 ge\u00e7iren vatanda\u015f\u0131 deniz polisi kurtard\u0131 - Memurun Sesi\",\"isPartOf\":{\"@id\":\"https:\\\/\\\/memurunsesi.net\\\/#website\"},\"primaryImageOfPage\":{\"@id\":\"https:\\\/\\\/memurunsesi.net\\\/index.php\\\/2025\\\/09\\\/13\\\/denizde-yuzdugu-esnada-beyin-kanamasi-geciren-vatandasi-deniz-polisi-kurtardi\\\/#primaryimage\"},\"image\":{\"@id\":\"https:\\\/\\\/memurunsesi.net\\\/index.php\\\/2025\\\/09\\\/13\\\/denizde-yuzdugu-esnada-beyin-kanamasi-geciren-vatandasi-deniz-polisi-kurtardi\\\/#primaryimage\"},\"thumbnailUrl\":\"https:\\\/\\\/memurunsesi.net\\\/wp-content\\\/uploads\\\/2025\\\/09\\\/AW537115_01.jpg\",\"datePublished\":\"2025-09-13T07:24:04+00:00\",\"breadcrumb\":{\"@id\":\"https:\\\/\\\/memurunsesi.net\\\/index.php\\\/2025\\\/09\\\/13\\\/denizde-yuzdugu-esnada-beyin-kanamasi-geciren-vatandasi-deniz-polisi-kurtardi\\\/#breadcrumb\"},\"inLanguage\":\"tr\",\"potentialAction\":[{\"@type\":\"ReadAction\",\"target\":[\"https:\\\/\\\/memurunsesi.net\\\/index.php\\\/2025\\\/09\\\/13\\\/denizde-yuzdugu-esnada-beyin-kanamasi-geciren-vatandasi-deniz-polisi-kurtardi\\\/\"]}]},{\"@type\":\"ImageObject\",\"inLanguage\":\"tr\",\"@id\":\"https:\\\/\\\/memurunsesi.net\\\/index.php\\\/2025\\\/09\\\/13\\\/denizde-yuzdugu-esnada-beyin-kanamasi-geciren-vatandasi-deniz-polisi-kurtardi\\\/#primaryimage\",\"url\":\"https:\\\/\\\/memurunsesi.net\\\/wp-content\\\/uploads\\\/2025\\\/09\\\/AW537115_01.jpg\",\"contentUrl\":\"https:\\\/\\\/memurunsesi.net\\\/wp-content\\\/uploads\\\/2025\\\/09\\\/AW537115_01.jpg\",\"width\":700,\"height\":387,\"caption\":\"ARSUZ \u0130L\u00c7ES\u0130NDE DEN\u0130ZE G\u0130REN B\u0130R VATANDA\u015e, Y\u00dcZD\u00dc\u011e\u00dc SIRADA BEY\u0130N KANAMASI GE\u00c7\u0130RD\u0130. ARSUZ DEN\u0130Z POL\u0130S\u0130'N\u0130N ZAMANINDA M\u00dcDAHALES\u0130YLE VATANDA\u015e HAYATA D\u00d6ND\u00dcR\u00dcLD\u00dc. (OG\u00dcN ASLAN\\\/HATAY-\u0130HA) Hatay'\u0131n Arsuz il\u00e7esinde denize giren bir vatanda\u015f, y\u00fczd\u00fc\u011f\u00fc s\u0131rada beyin kanamas\u0131 ge\u00e7irdi. Arsuz Deniz Polisi'nin zaman\u0131nda m\u00fcdahalesiyle vatanda\u015f hayata d\u00f6nd\u00fcr\u00fcld\u00fc.\"},{\"@type\":\"BreadcrumbList\",\"@id\":\"https:\\\/\\\/memurunsesi.net\\\/index.php\\\/2025\\\/09\\\/13\\\/denizde-yuzdugu-esnada-beyin-kanamasi-geciren-vatandasi-deniz-polisi-kurtardi\\\/#breadcrumb\",\"itemListElement\":[{\"@type\":\"ListItem\",\"position\":1,\"name\":\"Anasayfa\",\"item\":\"https:\\\/\\\/memurunsesi.net\\\/\"},{\"@type\":\"ListItem\",\"position\":2,\"name\":\"Denizde y\u00fczd\u00fc\u011f\u00fc esnada beyin kanamas\u0131 ge\u00e7iren vatanda\u015f\u0131 deniz polisi kurtard\u0131\"}]},{\"@type\":\"WebSite\",\"@id\":\"https:\\\/\\\/memurunsesi.net\\\/#website\",\"url\":\"https:\\\/\\\/memurunsesi.net\\\/\",\"name\":\"Memurun Sesi\",\"description\":\"G\u00fcncel ve Do\u011fru Haber\",\"publisher\":{\"@id\":\"https:\\\/\\\/memurunsesi.net\\\/#organization\"},\"potentialAction\":[{\"@type\":\"SearchAction\",\"target\":{\"@type\":\"EntryPoint\",\"urlTemplate\":\"https:\\\/\\\/memurunsesi.net\\\/?s={search_term_string}\"},\"query-input\":{\"@type\":\"PropertyValueSpecification\",\"valueRequired\":true,\"valueName\":\"search_term_string\"}}],\"inLanguage\":\"tr\"},{\"@type\":\"Organization\",\"@id\":\"https:\\\/\\\/memurunsesi.net\\\/#organization\",\"name\":\"Memurun Sesi\",\"url\":\"https:\\\/\\\/memurunsesi.net\\\/\",\"logo\":{\"@type\":\"ImageObject\",\"inLanguage\":\"tr\",\"@id\":\"https:\\\/\\\/memurunsesi.net\\\/#\\\/schema\\\/logo\\\/image\\\/\",\"url\":\"https:\\\/\\\/memurunsesi.net\\\/wp-content\\\/uploads\\\/2025\\\/11\\\/cropped-MEMURUN-SESI.png\",\"contentUrl\":\"https:\\\/\\\/memurunsesi.net\\\/wp-content\\\/uploads\\\/2025\\\/11\\\/cropped-MEMURUN-SESI.png\",\"width\":238,\"height\":57,\"caption\":\"Memurun Sesi\"},\"image\":{\"@id\":\"https:\\\/\\\/memurunsesi.net\\\/#\\\/schema\\\/logo\\\/image\\\/\"},\"sameAs\":[\"https:\\\/\\\/www.facebook.com\\\/unipersen\\\/?locale=tr_TR\",\"https:\\\/\\\/x.com\\\/unipersen\"]},{\"@type\":\"Person\",\"@id\":\"https:\\\/\\\/memurunsesi.net\\\/#\\\/schema\\\/person\\\/f21c2d73b89f6ee1d80b0a1803e38587\",\"name\":\"Memurun Sesi Haber Merkezi\",\"image\":{\"@type\":\"ImageObject\",\"inLanguage\":\"tr\",\"@id\":\"https:\\\/\\\/secure.gravatar.com\\\/avatar\\\/6cf0505f452ee753f485014986fab09a434671d2b919ee76fc541025c5876a70?s=96&d=mm&r=g\",\"url\":\"https:\\\/\\\/secure.gravatar.com\\\/avatar\\\/6cf0505f452ee753f485014986fab09a434671d2b919ee76fc541025c5876a70?s=96&d=mm&r=g\",\"contentUrl\":\"https:\\\/\\\/secure.gravatar.com\\\/avatar\\\/6cf0505f452ee753f485014986fab09a434671d2b919ee76fc541025c5876a70?s=96&d=mm&r=g\",\"caption\":\"Memurun Sesi Haber Merkezi\"},\"sameAs\":[\"https:\\\/\\\/memurunsesi.net\"],\"url\":\"https:\\\/\\\/memurunsesi.net\\\/index.php\\\/author\\\/uniper\\\/\"}]}<\/script>\n<!-- \/ Yoast SEO plugin. -->","yoast_head_json":{"title":"Denizde y\u00fczd\u00fc\u011f\u00fc esnada beyin kanamas\u0131 ge\u00e7iren vatanda\u015f\u0131 deniz polisi kurtard\u0131 - Memurun Sesi","robots":{"index":"index","follow":"follow","max-snippet":"max-snippet:-1","max-image-preview":"max-image-preview:large","max-video-preview":"max-video-preview:-1"},"canonical":"https:\/\/memurunsesi.net\/index.php\/2025\/09\/13\/denizde-yuzdugu-esnada-beyin-kanamasi-geciren-vatandasi-deniz-polisi-kurtardi\/","og_locale":"tr_TR","og_type":"article","og_title":"Denizde y\u00fczd\u00fc\u011f\u00fc esnada beyin kanamas\u0131 ge\u00e7iren vatanda\u015f\u0131 deniz polisi kurtard\u0131 - Memurun Sesi","og_description":"Hatay\u2019\u0131n Arsuz il\u00e7esinde denize giren bir vatanda\u015f, y\u00fczd\u00fc\u011f\u00fc s\u0131rada beyin kanamas\u0131 ge\u00e7irdi. Arsuz Deniz Polisi\u2019nin zaman\u0131nda m\u00fcdahalesiyle vatanda\u015f hayata d\u00f6nd\u00fcr\u00fcld\u00fc. Olay, Arsuz il\u00e7esi \u00dc\u00e7g\u00fcll\u00fck Mahallesi sahilinde meydana geldi. Edinilen bilgiye g\u00f6re, denizde y\u00fczen bir vatanda\u015f aniden fenala\u015ft\u0131. Durumu fark eden \u00e7evredeki vatanda\u015flar\u0131n ihbar\u0131 \u00fczerine b\u00f6lgeye Arsuz Deniz Polisi sevk edildi. K\u0131sa s\u00fcrede olay yerine ula\u015fan [&hellip;]","og_url":"https:\/\/memurunsesi.net\/index.php\/2025\/09\/13\/denizde-yuzdugu-esnada-beyin-kanamasi-geciren-vatandasi-deniz-polisi-kurtardi\/","og_site_name":"Memurun Sesi","article_publisher":"https:\/\/www.facebook.com\/unipersen\/?locale=tr_TR","article_published_time":"2025-09-13T07:24:04+00:00","og_image":[{"width":700,"height":387,"url":"https:\/\/memurunsesi.net\/wp-content\/uploads\/2025\/09\/AW537115_01.jpg","type":"image\/jpeg"}],"author":"Memurun Sesi Haber Merkezi","twitter_card":"summary_large_image","twitter_creator":"@unipersen","twitter_site":"@unipersen","twitter_misc":{"Yazan:":"Memurun Sesi Haber Merkezi","Tahmini okuma s\u00fcresi":"1 dakika"},"schema":{"@context":"https:\/\/schema.org","@graph":[{"@type":"Article","@id":"https:\/\/memurunsesi.net\/index.php\/2025\/09\/13\/denizde-yuzdugu-esnada-beyin-kanamasi-geciren-vatandasi-deniz-polisi-kurtardi\/#article","isPartOf":{"@id":"https:\/\/memurunsesi.net\/index.php\/2025\/09\/13\/denizde-yuzdugu-esnada-beyin-kanamasi-geciren-vatandasi-deniz-polisi-kurtardi\/"},"author":{"name":"Memurun Sesi Haber Merkezi","@id":"https:\/\/memurunsesi.net\/#\/schema\/person\/f21c2d73b89f6ee1d80b0a1803e38587"},"headline":"Denizde y\u00fczd\u00fc\u011f\u00fc esnada beyin kanamas\u0131 ge\u00e7iren vatanda\u015f\u0131 deniz polisi kurtard\u0131","datePublished":"2025-09-13T07:24:04+00:00","mainEntityOfPage":{"@id":"https:\/\/memurunsesi.net\/index.php\/2025\/09\/13\/denizde-yuzdugu-esnada-beyin-kanamasi-geciren-vatandasi-deniz-polisi-kurtardi\/"},"wordCount":142,"commentCount":0,"publisher":{"@id":"https:\/\/memurunsesi.net\/#organization"},"image":{"@id":"https:\/\/memurunsesi.net\/index.php\/2025\/09\/13\/denizde-yuzdugu-esnada-beyin-kanamasi-geciren-vatandasi-deniz-polisi-kurtardi\/#primaryimage"},"thumbnailUrl":"https:\/\/memurunsesi.net\/wp-content\/uploads\/2025\/09\/AW537115_01.jpg","inLanguage":"tr","potentialAction":[{"@type":"CommentAction","name":"Comment","target":["https:\/\/memurunsesi.net\/index.php\/2025\/09\/13\/denizde-yuzdugu-esnada-beyin-kanamasi-geciren-vatandasi-deniz-polisi-kurtardi\/#respond"]}]},{"@type":"WebPage","@id":"https:\/\/memurunsesi.net\/index.php\/2025\/09\/13\/denizde-yuzdugu-esnada-beyin-kanamasi-geciren-vatandasi-deniz-polisi-kurtardi\/","url":"https:\/\/memurunsesi.net\/index.php\/2025\/09\/13\/denizde-yuzdugu-esnada-beyin-kanamasi-geciren-vatandasi-deniz-polisi-kurtardi\/","name":"Denizde y\u00fczd\u00fc\u011f\u00fc esnada beyin kanamas\u0131 ge\u00e7iren vatanda\u015f\u0131 deniz polisi kurtard\u0131 - Memurun Sesi","isPartOf":{"@id":"https:\/\/memurunsesi.net\/#website"},"primaryImageOfPage":{"@id":"https:\/\/memurunsesi.net\/index.php\/2025\/09\/13\/denizde-yuzdugu-esnada-beyin-kanamasi-geciren-vatandasi-deniz-polisi-kurtardi\/#primaryimage"},"image":{"@id":"https:\/\/memurunsesi.net\/index.php\/2025\/09\/13\/denizde-yuzdugu-esnada-beyin-kanamasi-geciren-vatandasi-deniz-polisi-kurtardi\/#primaryimage"},"thumbnailUrl":"https:\/\/memurunsesi.net\/wp-content\/uploads\/2025\/09\/AW537115_01.jpg","datePublished":"2025-09-13T07:24:04+00:00","breadcrumb":{"@id":"https:\/\/memurunsesi.net\/index.php\/2025\/09\/13\/denizde-yuzdugu-esnada-beyin-kanamasi-geciren-vatandasi-deniz-polisi-kurtardi\/#breadcrumb"},"inLanguage":"tr","potentialAction":[{"@type":"ReadAction","target":["https:\/\/memurunsesi.net\/index.php\/2025\/09\/13\/denizde-yuzdugu-esnada-beyin-kanamasi-geciren-vatandasi-deniz-polisi-kurtardi\/"]}]},{"@type":"ImageObject","inLanguage":"tr","@id":"https:\/\/memurunsesi.net\/index.php\/2025\/09\/13\/denizde-yuzdugu-esnada-beyin-kanamasi-geciren-vatandasi-deniz-polisi-kurtardi\/#primaryimage","url":"https:\/\/memurunsesi.net\/wp-content\/uploads\/2025\/09\/AW537115_01.jpg","contentUrl":"https:\/\/memurunsesi.net\/wp-content\/uploads\/2025\/09\/AW537115_01.jpg","width":700,"height":387,"caption":"ARSUZ \u0130L\u00c7ES\u0130NDE DEN\u0130ZE G\u0130REN B\u0130R VATANDA\u015e, Y\u00dcZD\u00dc\u011e\u00dc SIRADA BEY\u0130N KANAMASI GE\u00c7\u0130RD\u0130. ARSUZ DEN\u0130Z POL\u0130S\u0130'N\u0130N ZAMANINDA M\u00dcDAHALES\u0130YLE VATANDA\u015e HAYATA D\u00d6ND\u00dcR\u00dcLD\u00dc. (OG\u00dcN ASLAN\/HATAY-\u0130HA) Hatay'\u0131n Arsuz il\u00e7esinde denize giren bir vatanda\u015f, y\u00fczd\u00fc\u011f\u00fc s\u0131rada beyin kanamas\u0131 ge\u00e7irdi. Arsuz Deniz Polisi'nin zaman\u0131nda m\u00fcdahalesiyle vatanda\u015f hayata d\u00f6nd\u00fcr\u00fcld\u00fc."},{"@type":"BreadcrumbList","@id":"https:\/\/memurunsesi.net\/index.php\/2025\/09\/13\/denizde-yuzdugu-esnada-beyin-kanamasi-geciren-vatandasi-deniz-polisi-kurtardi\/#breadcrumb","itemListElement":[{"@type":"ListItem","position":1,"name":"Anasayfa","item":"https:\/\/memurunsesi.net\/"},{"@type":"ListItem","position":2,"name":"Denizde y\u00fczd\u00fc\u011f\u00fc esnada beyin kanamas\u0131 ge\u00e7iren vatanda\u015f\u0131 deniz polisi kurtard\u0131"}]},{"@type":"WebSite","@id":"https:\/\/memurunsesi.net\/#website","url":"https:\/\/memurunsesi.net\/","name":"Memurun Sesi","description":"G\u00fcncel ve Do\u011fru Haber","publisher":{"@id":"https:\/\/memurunsesi.net\/#organization"},"potentialAction":[{"@type":"SearchAction","target":{"@type":"EntryPoint","urlTemplate":"https:\/\/memurunsesi.net\/?s={search_term_string}"},"query-input":{"@type":"PropertyValueSpecification","valueRequired":true,"valueName":"search_term_string"}}],"inLanguage":"tr"},{"@type":"Organization","@id":"https:\/\/memurunsesi.net\/#organization","name":"Memurun Sesi","url":"https:\/\/memurunsesi.net\/","logo":{"@type":"ImageObject","inLanguage":"tr","@id":"https:\/\/memurunsesi.net\/#\/schema\/logo\/image\/","url":"https:\/\/memurunsesi.net\/wp-content\/uploads\/2025\/11\/cropped-MEMURUN-SESI.png","contentUrl":"https:\/\/memurunsesi.net\/wp-content\/uploads\/2025\/11\/cropped-MEMURUN-SESI.png","width":238,"height":57,"caption":"Memurun Sesi"},"image":{"@id":"https:\/\/memurunsesi.net\/#\/schema\/logo\/image\/"},"sameAs":["https:\/\/www.facebook.com\/unipersen\/?locale=tr_TR","https:\/\/x.com\/unipersen"]},{"@type":"Person","@id":"https:\/\/memurunsesi.net\/#\/schema\/person\/f21c2d73b89f6ee1d80b0a1803e38587","name":"Memurun Sesi Haber Merkezi","image":{"@type":"ImageObject","inLanguage":"tr","@id":"https:\/\/secure.gravatar.com\/avatar\/6cf0505f452ee753f485014986fab09a434671d2b919ee76fc541025c5876a70?s=96&d=mm&r=g","url":"https:\/\/secure.gravatar.com\/avatar\/6cf0505f452ee753f485014986fab09a434671d2b919ee76fc541025c5876a70?s=96&d=mm&r=g","contentUrl":"https:\/\/secure.gravatar.com\/avatar\/6cf0505f452ee753f485014986fab09a434671d2b919ee76fc541025c5876a70?s=96&d=mm&r=g","caption":"Memurun Sesi Haber Merkezi"},"sameAs":["https:\/\/memurunsesi.net"],"url":"https:\/\/memurunsesi.net\/index.php\/author\/uniper\/"}]}},"_links":{"self":[{"href":"https:\/\/memurunsesi.net\/index.php\/wp-json\/wp\/v2\/posts\/11635","targetHints":{"allow":["GET"]}}],"collection":[{"href":"https:\/\/memurunsesi.net\/index.php\/wp-json\/wp\/v2\/posts"}],"about":[{"href":"https:\/\/memurunsesi.net\/index.php\/wp-json\/wp\/v2\/types\/post"}],"author":[{"embeddable":true,"href":"https:\/\/memurunsesi.net\/index.php\/wp-json\/wp\/v2\/users\/1"}],"replies":[{"embeddable":true,"href":"https:\/\/memurunsesi.net\/index.php\/wp-json\/wp\/v2\/comments?post=11635"}],"version-history":[{"count":1,"href":"https:\/\/memurunsesi.net\/index.php\/wp-json\/wp\/v2\/posts\/11635\/revisions"}],"predecessor-version":[{"id":11637,"href":"https:\/\/memurunsesi.net\/index.php\/wp-json\/wp\/v2\/posts\/11635\/revisions\/11637"}],"wp:featuredmedia":[{"embeddable":true,"href":"https:\/\/memurunsesi.net\/index.php\/wp-json\/wp\/v2\/media\/11636"}],"wp:attachment":[{"href":"https:\/\/memurunsesi.net\/index.php\/wp-json\/wp\/v2\/media?parent=11635"}],"wp:term":[{"taxonomy":"category","embeddable":true,"href":"https:\/\/memurunsesi.net\/index.php\/wp-json\/wp\/v2\/categories?post=11635"},{"taxonomy":"post_tag","embeddable":true,"href":"https:\/\/memurunsesi.net\/index.php\/wp-json\/wp\/v2\/tags?post=11635"}],"curies":[{"name":"wp","href":"https:\/\/api.w.org\/{rel}","templated":true}]}}