{"id":11653,"date":"2025-09-13T21:42:14","date_gmt":"2025-09-13T18:42:14","guid":{"rendered":"https:\/\/memurunsesi.net\/?p=11653"},"modified":"2025-09-13T21:42:14","modified_gmt":"2025-09-13T18:42:14","slug":"trendyol-1-lig-corum-fk-0-vanspor-fk-0","status":"publish","type":"post","link":"https:\/\/memurunsesi.net\/index.php\/2025\/09\/13\/trendyol-1-lig-corum-fk-0-vanspor-fk-0\/","title":{"rendered":"Trendyol 1. Lig: \u00c7orum FK: 0 &#8211; Vanspor FK: 0"},"content":{"rendered":"<p>  Trendyol 1. Lig 5. haftas\u0131nda \u00c7orum FK sahas\u0131nda kar\u015f\u0131la\u015ft\u0131\u011f\u0131 Vanspor FK ile 0-0 berabere kald\u0131.   <\/p>\n<p>  Stat: \u00c7orum \u015eehir<br \/>\n  Hakemler: Turgut Doman, Ramazan Ufuk Avda\u015f, Orhun Ayd\u0131n Duran<br \/>\n  Arca \u00c7orum FK: Ahmet Said K\u0131van\u00e7, Joseph Attamah, Ferhat Yazgan, Yusuf Erdo\u011fan (Atakan Akkaynak dk. 84), Pedrinho (Eren Karada\u011f dk.84), Arda Hilmi \u015eeng\u00fcl, Braian Jose, Samudio Segovia (O\u011fulcan \u00c7a\u011flayan dk. 63), O\u011fuz G\u00fcrbulak (Danjiel Aleksic dk.63), \u00dczeyir Erg\u00fcn, Erkan Ka\u015f, Emeka Eze<br \/>\n  Yedekler: \u0130brahim Sehic, Cemali Sertel, Kerem Kalafat, Geraldo, Kadir Seven, Caner Osmanpa\u015fa<br \/>\n  Teknik Direkt\u00f6r: Tahsin Tam<br \/>\n  Vanspor FK: \u00c7a\u011flar \u015eahin Akbaba, Erdi Dikmen, Jefferson (Aliou Traore dk.70), Xesc Regis (Mehmet Man\u0131\u015f dk. 46), Ivan Cedric (Medeni Bing\u00f6l dk. 84), Sabahattin Destici, Lucas \u00c1frico, Mehmet \u00d6zcan, Erdem Se\u00e7gin (Zan Jevsenak dk.83), Faruk Can Gen\u00e7, Bekir Can Kara (Vlachomitros dk. 57)<br \/>\n  Yedekler: Abdulsamed Damla, Batuhan K\u00f6r, Hasan Bilal, Muhammet Ensar \u00c7avu\u015fo\u011flu<br \/>\n  Teknik Direkt\u00f6r: Hakan Kutlu<br \/>\n  Sar\u0131 kartlar: Ferhat Yazgan (\u00c7orum FK), Ivan Cedric, Lucas \u00c1frico, Sabahattin Destici (Vanspor FK)  <\/p>\n<p>13.09.2025                                <\/p>\n","protected":false},"excerpt":{"rendered":"<p>Trendyol 1. Lig 5. haftas\u0131nda \u00c7orum FK sahas\u0131nda kar\u015f\u0131la\u015ft\u0131\u011f\u0131 Vanspor FK ile 0-0 berabere kald\u0131. Stat: \u00c7orum \u015eehir Hakemler: Turgut Doman, Ramazan Ufuk Avda\u015f, Orhun Ayd\u0131n Duran Arca \u00c7orum FK: Ahmet Said K\u0131van\u00e7, Joseph Attamah, Ferhat Yazgan, Yusuf Erdo\u011fan (Atakan Akkaynak dk. 84), Pedrinho (Eren Karada\u011f dk.84), Arda Hilmi \u015eeng\u00fcl, Braian Jose, Samudio Segovia (O\u011fulcan [&hellip;]<\/p>\n","protected":false},"author":1,"featured_media":11654,"comment_status":"open","ping_status":"open","sticky":false,"template":"","format":"standard","meta":{"footnotes":""},"categories":[57],"tags":[],"class_list":["post-11653","post","type-post","status-publish","format-standard","has-post-thumbnail","hentry","category-spor"],"yoast_head":"<!-- This site is optimized with the Yoast SEO plugin v27.4 - https:\/\/yoast.com\/product\/yoast-seo-wordpress\/ -->\n<title>Trendyol 1. Lig: \u00c7orum FK: 0 - Vanspor FK: 0 - Memurun Sesi<\/title>\n<meta name=\"robots\" content=\"index, follow, max-snippet:-1, max-image-preview:large, max-video-preview:-1\" \/>\n<link rel=\"canonical\" href=\"https:\/\/memurunsesi.net\/index.php\/2025\/09\/13\/trendyol-1-lig-corum-fk-0-vanspor-fk-0\/\" \/>\n<meta property=\"og:locale\" content=\"tr_TR\" \/>\n<meta property=\"og:type\" content=\"article\" \/>\n<meta property=\"og:title\" content=\"Trendyol 1. Lig: \u00c7orum FK: 0 - Vanspor FK: 0 - Memurun Sesi\" \/>\n<meta property=\"og:description\" content=\"Trendyol 1. Lig 5. haftas\u0131nda \u00c7orum FK sahas\u0131nda kar\u015f\u0131la\u015ft\u0131\u011f\u0131 Vanspor FK ile 0-0 berabere kald\u0131. Stat: \u00c7orum \u015eehir Hakemler: Turgut Doman, Ramazan Ufuk Avda\u015f, Orhun Ayd\u0131n Duran Arca \u00c7orum FK: Ahmet Said K\u0131van\u00e7, Joseph Attamah, Ferhat Yazgan, Yusuf Erdo\u011fan (Atakan Akkaynak dk. 84), Pedrinho (Eren Karada\u011f dk.84), Arda Hilmi \u015eeng\u00fcl, Braian Jose, Samudio Segovia (O\u011fulcan [&hellip;]\" \/>\n<meta property=\"og:url\" content=\"https:\/\/memurunsesi.net\/index.php\/2025\/09\/13\/trendyol-1-lig-corum-fk-0-vanspor-fk-0\/\" \/>\n<meta property=\"og:site_name\" content=\"Memurun Sesi\" \/>\n<meta property=\"article:publisher\" content=\"https:\/\/www.facebook.com\/unipersen\/?locale=tr_TR\" \/>\n<meta property=\"article:published_time\" content=\"2025-09-13T18:42:14+00:00\" \/>\n<meta property=\"og:image\" content=\"https:\/\/memurunsesi.net\/wp-content\/uploads\/2025\/09\/AW537611_01-scaled.jpg\" \/>\n\t<meta property=\"og:image:width\" content=\"2560\" \/>\n\t<meta property=\"og:image:height\" content=\"1707\" \/>\n\t<meta property=\"og:image:type\" content=\"image\/jpeg\" \/>\n<meta name=\"author\" content=\"Memurun Sesi Haber Merkezi\" \/>\n<meta name=\"twitter:card\" content=\"summary_large_image\" \/>\n<meta name=\"twitter:creator\" content=\"@unipersen\" \/>\n<meta name=\"twitter:site\" content=\"@unipersen\" \/>\n<meta name=\"twitter:label1\" content=\"Yazan:\" \/>\n\t<meta name=\"twitter:data1\" content=\"Memurun Sesi Haber Merkezi\" \/>\n\t<meta name=\"twitter:label2\" content=\"Tahmini okuma s\u00fcresi\" \/>\n\t<meta name=\"twitter:data2\" content=\"1 dakika\" \/>\n<script type=\"application\/ld+json\" class=\"yoast-schema-graph\">{\"@context\":\"https:\\\/\\\/schema.org\",\"@graph\":[{\"@type\":\"Article\",\"@id\":\"https:\\\/\\\/memurunsesi.net\\\/index.php\\\/2025\\\/09\\\/13\\\/trendyol-1-lig-corum-fk-0-vanspor-fk-0\\\/#article\",\"isPartOf\":{\"@id\":\"https:\\\/\\\/memurunsesi.net\\\/index.php\\\/2025\\\/09\\\/13\\\/trendyol-1-lig-corum-fk-0-vanspor-fk-0\\\/\"},\"author\":{\"name\":\"Memurun Sesi Haber Merkezi\",\"@id\":\"https:\\\/\\\/memurunsesi.net\\\/#\\\/schema\\\/person\\\/f21c2d73b89f6ee1d80b0a1803e38587\"},\"headline\":\"Trendyol 1. Lig: \u00c7orum FK: 0 &#8211; Vanspor FK: 0\",\"datePublished\":\"2025-09-13T18:42:14+00:00\",\"mainEntityOfPage\":{\"@id\":\"https:\\\/\\\/memurunsesi.net\\\/index.php\\\/2025\\\/09\\\/13\\\/trendyol-1-lig-corum-fk-0-vanspor-fk-0\\\/\"},\"wordCount\":178,\"commentCount\":0,\"publisher\":{\"@id\":\"https:\\\/\\\/memurunsesi.net\\\/#organization\"},\"image\":{\"@id\":\"https:\\\/\\\/memurunsesi.net\\\/index.php\\\/2025\\\/09\\\/13\\\/trendyol-1-lig-corum-fk-0-vanspor-fk-0\\\/#primaryimage\"},\"thumbnailUrl\":\"https:\\\/\\\/memurunsesi.net\\\/wp-content\\\/uploads\\\/2025\\\/09\\\/AW537611_01-scaled.jpg\",\"articleSection\":[\"Spor\"],\"inLanguage\":\"tr\",\"potentialAction\":[{\"@type\":\"CommentAction\",\"name\":\"Comment\",\"target\":[\"https:\\\/\\\/memurunsesi.net\\\/index.php\\\/2025\\\/09\\\/13\\\/trendyol-1-lig-corum-fk-0-vanspor-fk-0\\\/#respond\"]}]},{\"@type\":\"WebPage\",\"@id\":\"https:\\\/\\\/memurunsesi.net\\\/index.php\\\/2025\\\/09\\\/13\\\/trendyol-1-lig-corum-fk-0-vanspor-fk-0\\\/\",\"url\":\"https:\\\/\\\/memurunsesi.net\\\/index.php\\\/2025\\\/09\\\/13\\\/trendyol-1-lig-corum-fk-0-vanspor-fk-0\\\/\",\"name\":\"Trendyol 1. Lig: \u00c7orum FK: 0 - Vanspor FK: 0 - Memurun Sesi\",\"isPartOf\":{\"@id\":\"https:\\\/\\\/memurunsesi.net\\\/#website\"},\"primaryImageOfPage\":{\"@id\":\"https:\\\/\\\/memurunsesi.net\\\/index.php\\\/2025\\\/09\\\/13\\\/trendyol-1-lig-corum-fk-0-vanspor-fk-0\\\/#primaryimage\"},\"image\":{\"@id\":\"https:\\\/\\\/memurunsesi.net\\\/index.php\\\/2025\\\/09\\\/13\\\/trendyol-1-lig-corum-fk-0-vanspor-fk-0\\\/#primaryimage\"},\"thumbnailUrl\":\"https:\\\/\\\/memurunsesi.net\\\/wp-content\\\/uploads\\\/2025\\\/09\\\/AW537611_01-scaled.jpg\",\"datePublished\":\"2025-09-13T18:42:14+00:00\",\"breadcrumb\":{\"@id\":\"https:\\\/\\\/memurunsesi.net\\\/index.php\\\/2025\\\/09\\\/13\\\/trendyol-1-lig-corum-fk-0-vanspor-fk-0\\\/#breadcrumb\"},\"inLanguage\":\"tr\",\"potentialAction\":[{\"@type\":\"ReadAction\",\"target\":[\"https:\\\/\\\/memurunsesi.net\\\/index.php\\\/2025\\\/09\\\/13\\\/trendyol-1-lig-corum-fk-0-vanspor-fk-0\\\/\"]}]},{\"@type\":\"ImageObject\",\"inLanguage\":\"tr\",\"@id\":\"https:\\\/\\\/memurunsesi.net\\\/index.php\\\/2025\\\/09\\\/13\\\/trendyol-1-lig-corum-fk-0-vanspor-fk-0\\\/#primaryimage\",\"url\":\"https:\\\/\\\/memurunsesi.net\\\/wp-content\\\/uploads\\\/2025\\\/09\\\/AW537611_01-scaled.jpg\",\"contentUrl\":\"https:\\\/\\\/memurunsesi.net\\\/wp-content\\\/uploads\\\/2025\\\/09\\\/AW537611_01-scaled.jpg\",\"width\":2560,\"height\":1707,\"caption\":\"TRENDYOL 1. L\u0130G 5. HAFTASINDA \u00c7ORUM FK'N\u0130N EV\u0130NDE KONUK ETT\u0130\u011e\u0130 VANSPOR FK \u0130LE MA\u00c7 SONUCU (0-0) BERABERE B\u0130TT\u0130. (\u0130BRAH\u0130M G\u00dcNDUGAN - MEHMET CAN K\u00d6R\\\/\u00c7ORUM-\u0130HA) Trendyol 1. Lig 5. haftas\u0131nda \u00c7orum FK sahas\u0131nda kar\u015f\u0131la\u015ft\u0131\u011f\u0131 Vanspor FK ile 0-0 berabere kald\u0131.\"},{\"@type\":\"BreadcrumbList\",\"@id\":\"https:\\\/\\\/memurunsesi.net\\\/index.php\\\/2025\\\/09\\\/13\\\/trendyol-1-lig-corum-fk-0-vanspor-fk-0\\\/#breadcrumb\",\"itemListElement\":[{\"@type\":\"ListItem\",\"position\":1,\"name\":\"Anasayfa\",\"item\":\"https:\\\/\\\/memurunsesi.net\\\/\"},{\"@type\":\"ListItem\",\"position\":2,\"name\":\"Trendyol 1. Lig: \u00c7orum FK: 0 &#8211; Vanspor FK: 0\"}]},{\"@type\":\"WebSite\",\"@id\":\"https:\\\/\\\/memurunsesi.net\\\/#website\",\"url\":\"https:\\\/\\\/memurunsesi.net\\\/\",\"name\":\"Memurun Sesi\",\"description\":\"G\u00fcncel ve Do\u011fru Haber\",\"publisher\":{\"@id\":\"https:\\\/\\\/memurunsesi.net\\\/#organization\"},\"potentialAction\":[{\"@type\":\"SearchAction\",\"target\":{\"@type\":\"EntryPoint\",\"urlTemplate\":\"https:\\\/\\\/memurunsesi.net\\\/?s={search_term_string}\"},\"query-input\":{\"@type\":\"PropertyValueSpecification\",\"valueRequired\":true,\"valueName\":\"search_term_string\"}}],\"inLanguage\":\"tr\"},{\"@type\":\"Organization\",\"@id\":\"https:\\\/\\\/memurunsesi.net\\\/#organization\",\"name\":\"Memurun Sesi\",\"url\":\"https:\\\/\\\/memurunsesi.net\\\/\",\"logo\":{\"@type\":\"ImageObject\",\"inLanguage\":\"tr\",\"@id\":\"https:\\\/\\\/memurunsesi.net\\\/#\\\/schema\\\/logo\\\/image\\\/\",\"url\":\"https:\\\/\\\/memurunsesi.net\\\/wp-content\\\/uploads\\\/2025\\\/11\\\/cropped-MEMURUN-SESI.png\",\"contentUrl\":\"https:\\\/\\\/memurunsesi.net\\\/wp-content\\\/uploads\\\/2025\\\/11\\\/cropped-MEMURUN-SESI.png\",\"width\":238,\"height\":57,\"caption\":\"Memurun Sesi\"},\"image\":{\"@id\":\"https:\\\/\\\/memurunsesi.net\\\/#\\\/schema\\\/logo\\\/image\\\/\"},\"sameAs\":[\"https:\\\/\\\/www.facebook.com\\\/unipersen\\\/?locale=tr_TR\",\"https:\\\/\\\/x.com\\\/unipersen\"]},{\"@type\":\"Person\",\"@id\":\"https:\\\/\\\/memurunsesi.net\\\/#\\\/schema\\\/person\\\/f21c2d73b89f6ee1d80b0a1803e38587\",\"name\":\"Memurun Sesi Haber Merkezi\",\"image\":{\"@type\":\"ImageObject\",\"inLanguage\":\"tr\",\"@id\":\"https:\\\/\\\/secure.gravatar.com\\\/avatar\\\/6cf0505f452ee753f485014986fab09a434671d2b919ee76fc541025c5876a70?s=96&d=mm&r=g\",\"url\":\"https:\\\/\\\/secure.gravatar.com\\\/avatar\\\/6cf0505f452ee753f485014986fab09a434671d2b919ee76fc541025c5876a70?s=96&d=mm&r=g\",\"contentUrl\":\"https:\\\/\\\/secure.gravatar.com\\\/avatar\\\/6cf0505f452ee753f485014986fab09a434671d2b919ee76fc541025c5876a70?s=96&d=mm&r=g\",\"caption\":\"Memurun Sesi Haber Merkezi\"},\"sameAs\":[\"https:\\\/\\\/memurunsesi.net\"],\"url\":\"https:\\\/\\\/memurunsesi.net\\\/index.php\\\/author\\\/uniper\\\/\"}]}<\/script>\n<!-- \/ Yoast SEO plugin. -->","yoast_head_json":{"title":"Trendyol 1. Lig: \u00c7orum FK: 0 - Vanspor FK: 0 - Memurun Sesi","robots":{"index":"index","follow":"follow","max-snippet":"max-snippet:-1","max-image-preview":"max-image-preview:large","max-video-preview":"max-video-preview:-1"},"canonical":"https:\/\/memurunsesi.net\/index.php\/2025\/09\/13\/trendyol-1-lig-corum-fk-0-vanspor-fk-0\/","og_locale":"tr_TR","og_type":"article","og_title":"Trendyol 1. Lig: \u00c7orum FK: 0 - Vanspor FK: 0 - Memurun Sesi","og_description":"Trendyol 1. Lig 5. haftas\u0131nda \u00c7orum FK sahas\u0131nda kar\u015f\u0131la\u015ft\u0131\u011f\u0131 Vanspor FK ile 0-0 berabere kald\u0131. Stat: \u00c7orum \u015eehir Hakemler: Turgut Doman, Ramazan Ufuk Avda\u015f, Orhun Ayd\u0131n Duran Arca \u00c7orum FK: Ahmet Said K\u0131van\u00e7, Joseph Attamah, Ferhat Yazgan, Yusuf Erdo\u011fan (Atakan Akkaynak dk. 84), Pedrinho (Eren Karada\u011f dk.84), Arda Hilmi \u015eeng\u00fcl, Braian Jose, Samudio Segovia (O\u011fulcan [&hellip;]","og_url":"https:\/\/memurunsesi.net\/index.php\/2025\/09\/13\/trendyol-1-lig-corum-fk-0-vanspor-fk-0\/","og_site_name":"Memurun Sesi","article_publisher":"https:\/\/www.facebook.com\/unipersen\/?locale=tr_TR","article_published_time":"2025-09-13T18:42:14+00:00","og_image":[{"width":2560,"height":1707,"url":"https:\/\/memurunsesi.net\/wp-content\/uploads\/2025\/09\/AW537611_01-scaled.jpg","type":"image\/jpeg"}],"author":"Memurun Sesi Haber Merkezi","twitter_card":"summary_large_image","twitter_creator":"@unipersen","twitter_site":"@unipersen","twitter_misc":{"Yazan:":"Memurun Sesi Haber Merkezi","Tahmini okuma s\u00fcresi":"1 dakika"},"schema":{"@context":"https:\/\/schema.org","@graph":[{"@type":"Article","@id":"https:\/\/memurunsesi.net\/index.php\/2025\/09\/13\/trendyol-1-lig-corum-fk-0-vanspor-fk-0\/#article","isPartOf":{"@id":"https:\/\/memurunsesi.net\/index.php\/2025\/09\/13\/trendyol-1-lig-corum-fk-0-vanspor-fk-0\/"},"author":{"name":"Memurun Sesi Haber Merkezi","@id":"https:\/\/memurunsesi.net\/#\/schema\/person\/f21c2d73b89f6ee1d80b0a1803e38587"},"headline":"Trendyol 1. Lig: \u00c7orum FK: 0 &#8211; Vanspor FK: 0","datePublished":"2025-09-13T18:42:14+00:00","mainEntityOfPage":{"@id":"https:\/\/memurunsesi.net\/index.php\/2025\/09\/13\/trendyol-1-lig-corum-fk-0-vanspor-fk-0\/"},"wordCount":178,"commentCount":0,"publisher":{"@id":"https:\/\/memurunsesi.net\/#organization"},"image":{"@id":"https:\/\/memurunsesi.net\/index.php\/2025\/09\/13\/trendyol-1-lig-corum-fk-0-vanspor-fk-0\/#primaryimage"},"thumbnailUrl":"https:\/\/memurunsesi.net\/wp-content\/uploads\/2025\/09\/AW537611_01-scaled.jpg","articleSection":["Spor"],"inLanguage":"tr","potentialAction":[{"@type":"CommentAction","name":"Comment","target":["https:\/\/memurunsesi.net\/index.php\/2025\/09\/13\/trendyol-1-lig-corum-fk-0-vanspor-fk-0\/#respond"]}]},{"@type":"WebPage","@id":"https:\/\/memurunsesi.net\/index.php\/2025\/09\/13\/trendyol-1-lig-corum-fk-0-vanspor-fk-0\/","url":"https:\/\/memurunsesi.net\/index.php\/2025\/09\/13\/trendyol-1-lig-corum-fk-0-vanspor-fk-0\/","name":"Trendyol 1. Lig: \u00c7orum FK: 0 - Vanspor FK: 0 - Memurun Sesi","isPartOf":{"@id":"https:\/\/memurunsesi.net\/#website"},"primaryImageOfPage":{"@id":"https:\/\/memurunsesi.net\/index.php\/2025\/09\/13\/trendyol-1-lig-corum-fk-0-vanspor-fk-0\/#primaryimage"},"image":{"@id":"https:\/\/memurunsesi.net\/index.php\/2025\/09\/13\/trendyol-1-lig-corum-fk-0-vanspor-fk-0\/#primaryimage"},"thumbnailUrl":"https:\/\/memurunsesi.net\/wp-content\/uploads\/2025\/09\/AW537611_01-scaled.jpg","datePublished":"2025-09-13T18:42:14+00:00","breadcrumb":{"@id":"https:\/\/memurunsesi.net\/index.php\/2025\/09\/13\/trendyol-1-lig-corum-fk-0-vanspor-fk-0\/#breadcrumb"},"inLanguage":"tr","potentialAction":[{"@type":"ReadAction","target":["https:\/\/memurunsesi.net\/index.php\/2025\/09\/13\/trendyol-1-lig-corum-fk-0-vanspor-fk-0\/"]}]},{"@type":"ImageObject","inLanguage":"tr","@id":"https:\/\/memurunsesi.net\/index.php\/2025\/09\/13\/trendyol-1-lig-corum-fk-0-vanspor-fk-0\/#primaryimage","url":"https:\/\/memurunsesi.net\/wp-content\/uploads\/2025\/09\/AW537611_01-scaled.jpg","contentUrl":"https:\/\/memurunsesi.net\/wp-content\/uploads\/2025\/09\/AW537611_01-scaled.jpg","width":2560,"height":1707,"caption":"TRENDYOL 1. L\u0130G 5. HAFTASINDA \u00c7ORUM FK'N\u0130N EV\u0130NDE KONUK ETT\u0130\u011e\u0130 VANSPOR FK \u0130LE MA\u00c7 SONUCU (0-0) BERABERE B\u0130TT\u0130. (\u0130BRAH\u0130M G\u00dcNDUGAN - MEHMET CAN K\u00d6R\/\u00c7ORUM-\u0130HA) Trendyol 1. Lig 5. haftas\u0131nda \u00c7orum FK sahas\u0131nda kar\u015f\u0131la\u015ft\u0131\u011f\u0131 Vanspor FK ile 0-0 berabere kald\u0131."},{"@type":"BreadcrumbList","@id":"https:\/\/memurunsesi.net\/index.php\/2025\/09\/13\/trendyol-1-lig-corum-fk-0-vanspor-fk-0\/#breadcrumb","itemListElement":[{"@type":"ListItem","position":1,"name":"Anasayfa","item":"https:\/\/memurunsesi.net\/"},{"@type":"ListItem","position":2,"name":"Trendyol 1. Lig: \u00c7orum FK: 0 &#8211; Vanspor FK: 0"}]},{"@type":"WebSite","@id":"https:\/\/memurunsesi.net\/#website","url":"https:\/\/memurunsesi.net\/","name":"Memurun Sesi","description":"G\u00fcncel ve Do\u011fru Haber","publisher":{"@id":"https:\/\/memurunsesi.net\/#organization"},"potentialAction":[{"@type":"SearchAction","target":{"@type":"EntryPoint","urlTemplate":"https:\/\/memurunsesi.net\/?s={search_term_string}"},"query-input":{"@type":"PropertyValueSpecification","valueRequired":true,"valueName":"search_term_string"}}],"inLanguage":"tr"},{"@type":"Organization","@id":"https:\/\/memurunsesi.net\/#organization","name":"Memurun Sesi","url":"https:\/\/memurunsesi.net\/","logo":{"@type":"ImageObject","inLanguage":"tr","@id":"https:\/\/memurunsesi.net\/#\/schema\/logo\/image\/","url":"https:\/\/memurunsesi.net\/wp-content\/uploads\/2025\/11\/cropped-MEMURUN-SESI.png","contentUrl":"https:\/\/memurunsesi.net\/wp-content\/uploads\/2025\/11\/cropped-MEMURUN-SESI.png","width":238,"height":57,"caption":"Memurun Sesi"},"image":{"@id":"https:\/\/memurunsesi.net\/#\/schema\/logo\/image\/"},"sameAs":["https:\/\/www.facebook.com\/unipersen\/?locale=tr_TR","https:\/\/x.com\/unipersen"]},{"@type":"Person","@id":"https:\/\/memurunsesi.net\/#\/schema\/person\/f21c2d73b89f6ee1d80b0a1803e38587","name":"Memurun Sesi Haber Merkezi","image":{"@type":"ImageObject","inLanguage":"tr","@id":"https:\/\/secure.gravatar.com\/avatar\/6cf0505f452ee753f485014986fab09a434671d2b919ee76fc541025c5876a70?s=96&d=mm&r=g","url":"https:\/\/secure.gravatar.com\/avatar\/6cf0505f452ee753f485014986fab09a434671d2b919ee76fc541025c5876a70?s=96&d=mm&r=g","contentUrl":"https:\/\/secure.gravatar.com\/avatar\/6cf0505f452ee753f485014986fab09a434671d2b919ee76fc541025c5876a70?s=96&d=mm&r=g","caption":"Memurun Sesi Haber Merkezi"},"sameAs":["https:\/\/memurunsesi.net"],"url":"https:\/\/memurunsesi.net\/index.php\/author\/uniper\/"}]}},"_links":{"self":[{"href":"https:\/\/memurunsesi.net\/index.php\/wp-json\/wp\/v2\/posts\/11653","targetHints":{"allow":["GET"]}}],"collection":[{"href":"https:\/\/memurunsesi.net\/index.php\/wp-json\/wp\/v2\/posts"}],"about":[{"href":"https:\/\/memurunsesi.net\/index.php\/wp-json\/wp\/v2\/types\/post"}],"author":[{"embeddable":true,"href":"https:\/\/memurunsesi.net\/index.php\/wp-json\/wp\/v2\/users\/1"}],"replies":[{"embeddable":true,"href":"https:\/\/memurunsesi.net\/index.php\/wp-json\/wp\/v2\/comments?post=11653"}],"version-history":[{"count":1,"href":"https:\/\/memurunsesi.net\/index.php\/wp-json\/wp\/v2\/posts\/11653\/revisions"}],"predecessor-version":[{"id":11655,"href":"https:\/\/memurunsesi.net\/index.php\/wp-json\/wp\/v2\/posts\/11653\/revisions\/11655"}],"wp:featuredmedia":[{"embeddable":true,"href":"https:\/\/memurunsesi.net\/index.php\/wp-json\/wp\/v2\/media\/11654"}],"wp:attachment":[{"href":"https:\/\/memurunsesi.net\/index.php\/wp-json\/wp\/v2\/media?parent=11653"}],"wp:term":[{"taxonomy":"category","embeddable":true,"href":"https:\/\/memurunsesi.net\/index.php\/wp-json\/wp\/v2\/categories?post=11653"},{"taxonomy":"post_tag","embeddable":true,"href":"https:\/\/memurunsesi.net\/index.php\/wp-json\/wp\/v2\/tags?post=11653"}],"curies":[{"name":"wp","href":"https:\/\/api.w.org\/{rel}","templated":true}]}}