{"id":11660,"date":"2025-09-13T21:45:32","date_gmt":"2025-09-13T18:45:32","guid":{"rendered":"https:\/\/memurunsesi.net\/?p=11660"},"modified":"2025-09-13T21:45:32","modified_gmt":"2025-09-13T18:45:32","slug":"orduda-kontrolden-cikan-otomobil-polis-otosuna-carpti-2-yarali","status":"publish","type":"post","link":"https:\/\/memurunsesi.net\/index.php\/2025\/09\/13\/orduda-kontrolden-cikan-otomobil-polis-otosuna-carpti-2-yarali\/","title":{"rendered":"Ordu&#8217;da kontrolden \u00e7\u0131kan otomobil, polis otosuna \u00e7arpt\u0131: 2 yaral\u0131"},"content":{"rendered":"<p>   Ordu&#8217;nun \u00dcnye il\u00e7esinde d\u00fc\u011f\u00fcn konvoyunda seyreden otomobilin uygulama yapan polis arac\u0131na \u00e7arpt\u0131\u011f\u0131 kazada, 1 polis ve 1 \u00e7ocuk yaraland\u0131.<br \/>\n  Kaza, Y\u00fcceler Mahallesi Samsun-Ordu Karayolu \u00fczerinde meydana geldi. Edinilen bilgiye g\u00f6re, Sinan T. idaresindeki 52 AEC 356 plakal\u0131 otomobil, d\u00fc\u011f\u00fcn konvoyu s\u0131ras\u0131nda s\u00fcr\u00fcc\u00fcs\u00fcn\u00fcn direksiyon hakimiyetini kaybetmesi sonucu Fatsa B\u00f6lge Trafik Denetleme \u0130stasyon Amirli\u011fi&#8217;ne ba\u011fl\u0131 trafik ekiplerinin radar uygulamas\u0131nda kulland\u0131\u011f\u0131 trafik otosuna \u00e7arpt\u0131. \u00c7arpman\u0131n etkisiyle polis otosunda bulunan polis memuru Yavuz \u0130. (50) ile otomobil s\u00fcr\u00fcc\u00fcs\u00fcn\u00fcn k\u0131z\u0131 H.C.T. (13) yaraland\u0131.<br \/>\n  Kazay\u0131 g\u00f6ren di\u011fer trafik ekipleri durumu 112 Acil \u00c7a\u011fr\u0131 Merkezi&#8217;ne bildirdi. K\u0131sa s\u00fcrede b\u00f6lgeye Ordu B\u00fcy\u00fck\u015fehir Belediyesi \u00dcnye \u0130tfaiye Amirli\u011fi ekipleri ile sa\u011fl\u0131k ekipleri sevk edildi. Ekiplerin yard\u0131m\u0131yla ara\u00e7lardan \u00e7\u0131kar\u0131lan yaral\u0131lar yap\u0131lan ilk m\u00fcdahalelerinin ard\u0131ndan \u00dcnye Devlet Hastanesi&#8217;ne kald\u0131r\u0131larak tedavi alt\u0131na al\u0131nd\u0131. Yaral\u0131lar\u0131n sa\u011fl\u0131k durumlar\u0131n\u0131n iyi oldu\u011fu \u00f6\u011frenilirken, kazaya kar\u0131\u015fan trafik otosu ve di\u011fer otomobil \u00e7ekici yard\u0131m\u0131yla olay yerinden kald\u0131r\u0131ld\u0131. <\/p>\n<p>  Kaza an\u0131 g\u00fcvenlik kameras\u0131na yans\u0131d\u0131<br \/>\n  D\u00fc\u011f\u00fcn konvoyunda s\u00fcr\u00fcc\u00fcs\u00fcn\u00fcn direksiyon hakimiyetini kaybetmesi sonucu meydana gelen kaza ise \u00e7evrede bulunan bir i\u015f yerinin g\u00fcvenlik kameras\u0131na saniye saniye yans\u0131d\u0131. Kaza an\u0131nda s\u00fcr\u00fcc\u00fcn\u00fcn \u00f6n\u00fcnde yava\u015flayan otomobile \u00e7arpmamak i\u00e7in yava\u015flad\u0131\u011f\u0131 s\u0131rada direksiyon hakimiyetini kaybederek trafik otosuna \u00e7arpt\u0131\u011f\u0131 g\u00f6r\u00fcld\u00fc.<br \/>\n  Kazayla ilgili inceleme ba\u015flat\u0131ld\u0131. <\/p>\n<p>13.09.2025                               <\/p>\n","protected":false},"excerpt":{"rendered":"<p>Ordu&#8217;nun \u00dcnye il\u00e7esinde d\u00fc\u011f\u00fcn konvoyunda seyreden otomobilin uygulama yapan polis arac\u0131na \u00e7arpt\u0131\u011f\u0131 kazada, 1 polis ve 1 \u00e7ocuk yaraland\u0131. Kaza, Y\u00fcceler Mahallesi Samsun-Ordu Karayolu \u00fczerinde meydana geldi. Edinilen bilgiye g\u00f6re, Sinan T. idaresindeki 52 AEC 356 plakal\u0131 otomobil, d\u00fc\u011f\u00fcn konvoyu s\u0131ras\u0131nda s\u00fcr\u00fcc\u00fcs\u00fcn\u00fcn direksiyon hakimiyetini kaybetmesi sonucu Fatsa B\u00f6lge Trafik Denetleme \u0130stasyon Amirli\u011fi&#8217;ne ba\u011fl\u0131 trafik ekiplerinin [&hellip;]<\/p>\n","protected":false},"author":1,"featured_media":11661,"comment_status":"open","ping_status":"open","sticky":false,"template":"","format":"standard","meta":{"footnotes":""},"categories":[1],"tags":[],"class_list":["post-11660","post","type-post","status-publish","format-standard","has-post-thumbnail","hentry","category-genel"],"yoast_head":"<!-- This site is optimized with the Yoast SEO plugin v27.4 - https:\/\/yoast.com\/product\/yoast-seo-wordpress\/ -->\n<title>Ordu&#039;da kontrolden \u00e7\u0131kan otomobil, polis otosuna \u00e7arpt\u0131: 2 yaral\u0131 - Memurun Sesi<\/title>\n<meta name=\"robots\" content=\"index, follow, max-snippet:-1, max-image-preview:large, max-video-preview:-1\" \/>\n<link rel=\"canonical\" href=\"https:\/\/memurunsesi.net\/index.php\/2025\/09\/13\/orduda-kontrolden-cikan-otomobil-polis-otosuna-carpti-2-yarali\/\" \/>\n<meta property=\"og:locale\" content=\"tr_TR\" \/>\n<meta property=\"og:type\" content=\"article\" \/>\n<meta property=\"og:title\" content=\"Ordu&#039;da kontrolden \u00e7\u0131kan otomobil, polis otosuna \u00e7arpt\u0131: 2 yaral\u0131 - Memurun Sesi\" \/>\n<meta property=\"og:description\" content=\"Ordu&#8217;nun \u00dcnye il\u00e7esinde d\u00fc\u011f\u00fcn konvoyunda seyreden otomobilin uygulama yapan polis arac\u0131na \u00e7arpt\u0131\u011f\u0131 kazada, 1 polis ve 1 \u00e7ocuk yaraland\u0131. Kaza, Y\u00fcceler Mahallesi Samsun-Ordu Karayolu \u00fczerinde meydana geldi. Edinilen bilgiye g\u00f6re, Sinan T. idaresindeki 52 AEC 356 plakal\u0131 otomobil, d\u00fc\u011f\u00fcn konvoyu s\u0131ras\u0131nda s\u00fcr\u00fcc\u00fcs\u00fcn\u00fcn direksiyon hakimiyetini kaybetmesi sonucu Fatsa B\u00f6lge Trafik Denetleme \u0130stasyon Amirli\u011fi&#8217;ne ba\u011fl\u0131 trafik ekiplerinin [&hellip;]\" \/>\n<meta property=\"og:url\" content=\"https:\/\/memurunsesi.net\/index.php\/2025\/09\/13\/orduda-kontrolden-cikan-otomobil-polis-otosuna-carpti-2-yarali\/\" \/>\n<meta property=\"og:site_name\" content=\"Memurun Sesi\" \/>\n<meta property=\"article:publisher\" content=\"https:\/\/www.facebook.com\/unipersen\/?locale=tr_TR\" \/>\n<meta property=\"article:published_time\" content=\"2025-09-13T18:45:32+00:00\" \/>\n<meta property=\"og:image\" content=\"https:\/\/memurunsesi.net\/wp-content\/uploads\/2025\/09\/AW537584_01-scaled.jpg\" \/>\n\t<meta property=\"og:image:width\" content=\"2560\" \/>\n\t<meta property=\"og:image:height\" content=\"1707\" \/>\n\t<meta property=\"og:image:type\" content=\"image\/jpeg\" \/>\n<meta name=\"author\" content=\"Memurun Sesi Haber Merkezi\" \/>\n<meta name=\"twitter:card\" content=\"summary_large_image\" \/>\n<meta name=\"twitter:creator\" content=\"@unipersen\" \/>\n<meta name=\"twitter:site\" content=\"@unipersen\" \/>\n<meta name=\"twitter:label1\" content=\"Yazan:\" \/>\n\t<meta name=\"twitter:data1\" content=\"Memurun Sesi Haber Merkezi\" \/>\n\t<meta name=\"twitter:label2\" content=\"Tahmini okuma s\u00fcresi\" \/>\n\t<meta name=\"twitter:data2\" content=\"1 dakika\" \/>\n<script type=\"application\/ld+json\" class=\"yoast-schema-graph\">{\"@context\":\"https:\\\/\\\/schema.org\",\"@graph\":[{\"@type\":\"Article\",\"@id\":\"https:\\\/\\\/memurunsesi.net\\\/index.php\\\/2025\\\/09\\\/13\\\/orduda-kontrolden-cikan-otomobil-polis-otosuna-carpti-2-yarali\\\/#article\",\"isPartOf\":{\"@id\":\"https:\\\/\\\/memurunsesi.net\\\/index.php\\\/2025\\\/09\\\/13\\\/orduda-kontrolden-cikan-otomobil-polis-otosuna-carpti-2-yarali\\\/\"},\"author\":{\"name\":\"Memurun Sesi Haber Merkezi\",\"@id\":\"https:\\\/\\\/memurunsesi.net\\\/#\\\/schema\\\/person\\\/f21c2d73b89f6ee1d80b0a1803e38587\"},\"headline\":\"Ordu&#8217;da kontrolden \u00e7\u0131kan otomobil, polis otosuna \u00e7arpt\u0131: 2 yaral\u0131\",\"datePublished\":\"2025-09-13T18:45:32+00:00\",\"mainEntityOfPage\":{\"@id\":\"https:\\\/\\\/memurunsesi.net\\\/index.php\\\/2025\\\/09\\\/13\\\/orduda-kontrolden-cikan-otomobil-polis-otosuna-carpti-2-yarali\\\/\"},\"wordCount\":279,\"commentCount\":0,\"publisher\":{\"@id\":\"https:\\\/\\\/memurunsesi.net\\\/#organization\"},\"image\":{\"@id\":\"https:\\\/\\\/memurunsesi.net\\\/index.php\\\/2025\\\/09\\\/13\\\/orduda-kontrolden-cikan-otomobil-polis-otosuna-carpti-2-yarali\\\/#primaryimage\"},\"thumbnailUrl\":\"https:\\\/\\\/memurunsesi.net\\\/wp-content\\\/uploads\\\/2025\\\/09\\\/AW537584_01-scaled.jpg\",\"inLanguage\":\"tr\",\"potentialAction\":[{\"@type\":\"CommentAction\",\"name\":\"Comment\",\"target\":[\"https:\\\/\\\/memurunsesi.net\\\/index.php\\\/2025\\\/09\\\/13\\\/orduda-kontrolden-cikan-otomobil-polis-otosuna-carpti-2-yarali\\\/#respond\"]}]},{\"@type\":\"WebPage\",\"@id\":\"https:\\\/\\\/memurunsesi.net\\\/index.php\\\/2025\\\/09\\\/13\\\/orduda-kontrolden-cikan-otomobil-polis-otosuna-carpti-2-yarali\\\/\",\"url\":\"https:\\\/\\\/memurunsesi.net\\\/index.php\\\/2025\\\/09\\\/13\\\/orduda-kontrolden-cikan-otomobil-polis-otosuna-carpti-2-yarali\\\/\",\"name\":\"Ordu'da kontrolden \u00e7\u0131kan otomobil, polis otosuna \u00e7arpt\u0131: 2 yaral\u0131 - Memurun Sesi\",\"isPartOf\":{\"@id\":\"https:\\\/\\\/memurunsesi.net\\\/#website\"},\"primaryImageOfPage\":{\"@id\":\"https:\\\/\\\/memurunsesi.net\\\/index.php\\\/2025\\\/09\\\/13\\\/orduda-kontrolden-cikan-otomobil-polis-otosuna-carpti-2-yarali\\\/#primaryimage\"},\"image\":{\"@id\":\"https:\\\/\\\/memurunsesi.net\\\/index.php\\\/2025\\\/09\\\/13\\\/orduda-kontrolden-cikan-otomobil-polis-otosuna-carpti-2-yarali\\\/#primaryimage\"},\"thumbnailUrl\":\"https:\\\/\\\/memurunsesi.net\\\/wp-content\\\/uploads\\\/2025\\\/09\\\/AW537584_01-scaled.jpg\",\"datePublished\":\"2025-09-13T18:45:32+00:00\",\"breadcrumb\":{\"@id\":\"https:\\\/\\\/memurunsesi.net\\\/index.php\\\/2025\\\/09\\\/13\\\/orduda-kontrolden-cikan-otomobil-polis-otosuna-carpti-2-yarali\\\/#breadcrumb\"},\"inLanguage\":\"tr\",\"potentialAction\":[{\"@type\":\"ReadAction\",\"target\":[\"https:\\\/\\\/memurunsesi.net\\\/index.php\\\/2025\\\/09\\\/13\\\/orduda-kontrolden-cikan-otomobil-polis-otosuna-carpti-2-yarali\\\/\"]}]},{\"@type\":\"ImageObject\",\"inLanguage\":\"tr\",\"@id\":\"https:\\\/\\\/memurunsesi.net\\\/index.php\\\/2025\\\/09\\\/13\\\/orduda-kontrolden-cikan-otomobil-polis-otosuna-carpti-2-yarali\\\/#primaryimage\",\"url\":\"https:\\\/\\\/memurunsesi.net\\\/wp-content\\\/uploads\\\/2025\\\/09\\\/AW537584_01-scaled.jpg\",\"contentUrl\":\"https:\\\/\\\/memurunsesi.net\\\/wp-content\\\/uploads\\\/2025\\\/09\\\/AW537584_01-scaled.jpg\",\"width\":2560,\"height\":1707,\"caption\":\"ORDU'NUN \u00dcNYE \u0130L\u00c7ES\u0130NDE MEYDANA GELEN TRAF\u0130K KAZASINDA, D\u00dc\u011e\u00dcN KONVOYUNDA SEYREDEN OTOMOB\u0130L\u0130N S\u00dcR\u00dcC\u00dcS\u00dc D\u0130REKS\u0130YON HAK\u0130M\u0130YET\u0130N\u0130 KAYBEDEREK RADAR UYGULAMASI YAPAN TRAF\u0130K EK\u0130B\u0130N\u0130N ARACINA \u00c7ARPTI. KAZADA B\u0130R POL\u0130S MEMURU VE B\u0130R \u00c7OCUK YARALANDI. (\u00dcM\u0130T G\u00dcNG\u00d6R\\\/ORDU-\u0130HA) Ordu'nun \u00dcnye il\u00e7esinde d\u00fc\u011f\u00fcn konvoyunda seyreden otomobilin uygulama yapan polis arac\u0131na \u00e7arpt\u0131\u011f\u0131 kazada, 1 polis ve 1 \u00e7ocuk yaraland\u0131.\"},{\"@type\":\"BreadcrumbList\",\"@id\":\"https:\\\/\\\/memurunsesi.net\\\/index.php\\\/2025\\\/09\\\/13\\\/orduda-kontrolden-cikan-otomobil-polis-otosuna-carpti-2-yarali\\\/#breadcrumb\",\"itemListElement\":[{\"@type\":\"ListItem\",\"position\":1,\"name\":\"Anasayfa\",\"item\":\"https:\\\/\\\/memurunsesi.net\\\/\"},{\"@type\":\"ListItem\",\"position\":2,\"name\":\"Ordu&#8217;da kontrolden \u00e7\u0131kan otomobil, polis otosuna \u00e7arpt\u0131: 2 yaral\u0131\"}]},{\"@type\":\"WebSite\",\"@id\":\"https:\\\/\\\/memurunsesi.net\\\/#website\",\"url\":\"https:\\\/\\\/memurunsesi.net\\\/\",\"name\":\"Memurun Sesi\",\"description\":\"G\u00fcncel ve Do\u011fru Haber\",\"publisher\":{\"@id\":\"https:\\\/\\\/memurunsesi.net\\\/#organization\"},\"potentialAction\":[{\"@type\":\"SearchAction\",\"target\":{\"@type\":\"EntryPoint\",\"urlTemplate\":\"https:\\\/\\\/memurunsesi.net\\\/?s={search_term_string}\"},\"query-input\":{\"@type\":\"PropertyValueSpecification\",\"valueRequired\":true,\"valueName\":\"search_term_string\"}}],\"inLanguage\":\"tr\"},{\"@type\":\"Organization\",\"@id\":\"https:\\\/\\\/memurunsesi.net\\\/#organization\",\"name\":\"Memurun Sesi\",\"url\":\"https:\\\/\\\/memurunsesi.net\\\/\",\"logo\":{\"@type\":\"ImageObject\",\"inLanguage\":\"tr\",\"@id\":\"https:\\\/\\\/memurunsesi.net\\\/#\\\/schema\\\/logo\\\/image\\\/\",\"url\":\"https:\\\/\\\/memurunsesi.net\\\/wp-content\\\/uploads\\\/2025\\\/11\\\/cropped-MEMURUN-SESI.png\",\"contentUrl\":\"https:\\\/\\\/memurunsesi.net\\\/wp-content\\\/uploads\\\/2025\\\/11\\\/cropped-MEMURUN-SESI.png\",\"width\":238,\"height\":57,\"caption\":\"Memurun Sesi\"},\"image\":{\"@id\":\"https:\\\/\\\/memurunsesi.net\\\/#\\\/schema\\\/logo\\\/image\\\/\"},\"sameAs\":[\"https:\\\/\\\/www.facebook.com\\\/unipersen\\\/?locale=tr_TR\",\"https:\\\/\\\/x.com\\\/unipersen\"]},{\"@type\":\"Person\",\"@id\":\"https:\\\/\\\/memurunsesi.net\\\/#\\\/schema\\\/person\\\/f21c2d73b89f6ee1d80b0a1803e38587\",\"name\":\"Memurun Sesi Haber Merkezi\",\"image\":{\"@type\":\"ImageObject\",\"inLanguage\":\"tr\",\"@id\":\"https:\\\/\\\/secure.gravatar.com\\\/avatar\\\/6cf0505f452ee753f485014986fab09a434671d2b919ee76fc541025c5876a70?s=96&d=mm&r=g\",\"url\":\"https:\\\/\\\/secure.gravatar.com\\\/avatar\\\/6cf0505f452ee753f485014986fab09a434671d2b919ee76fc541025c5876a70?s=96&d=mm&r=g\",\"contentUrl\":\"https:\\\/\\\/secure.gravatar.com\\\/avatar\\\/6cf0505f452ee753f485014986fab09a434671d2b919ee76fc541025c5876a70?s=96&d=mm&r=g\",\"caption\":\"Memurun Sesi Haber Merkezi\"},\"sameAs\":[\"https:\\\/\\\/memurunsesi.net\"],\"url\":\"https:\\\/\\\/memurunsesi.net\\\/index.php\\\/author\\\/uniper\\\/\"}]}<\/script>\n<!-- \/ Yoast SEO plugin. -->","yoast_head_json":{"title":"Ordu'da kontrolden \u00e7\u0131kan otomobil, polis otosuna \u00e7arpt\u0131: 2 yaral\u0131 - Memurun Sesi","robots":{"index":"index","follow":"follow","max-snippet":"max-snippet:-1","max-image-preview":"max-image-preview:large","max-video-preview":"max-video-preview:-1"},"canonical":"https:\/\/memurunsesi.net\/index.php\/2025\/09\/13\/orduda-kontrolden-cikan-otomobil-polis-otosuna-carpti-2-yarali\/","og_locale":"tr_TR","og_type":"article","og_title":"Ordu'da kontrolden \u00e7\u0131kan otomobil, polis otosuna \u00e7arpt\u0131: 2 yaral\u0131 - Memurun Sesi","og_description":"Ordu&#8217;nun \u00dcnye il\u00e7esinde d\u00fc\u011f\u00fcn konvoyunda seyreden otomobilin uygulama yapan polis arac\u0131na \u00e7arpt\u0131\u011f\u0131 kazada, 1 polis ve 1 \u00e7ocuk yaraland\u0131. Kaza, Y\u00fcceler Mahallesi Samsun-Ordu Karayolu \u00fczerinde meydana geldi. Edinilen bilgiye g\u00f6re, Sinan T. idaresindeki 52 AEC 356 plakal\u0131 otomobil, d\u00fc\u011f\u00fcn konvoyu s\u0131ras\u0131nda s\u00fcr\u00fcc\u00fcs\u00fcn\u00fcn direksiyon hakimiyetini kaybetmesi sonucu Fatsa B\u00f6lge Trafik Denetleme \u0130stasyon Amirli\u011fi&#8217;ne ba\u011fl\u0131 trafik ekiplerinin [&hellip;]","og_url":"https:\/\/memurunsesi.net\/index.php\/2025\/09\/13\/orduda-kontrolden-cikan-otomobil-polis-otosuna-carpti-2-yarali\/","og_site_name":"Memurun Sesi","article_publisher":"https:\/\/www.facebook.com\/unipersen\/?locale=tr_TR","article_published_time":"2025-09-13T18:45:32+00:00","og_image":[{"width":2560,"height":1707,"url":"https:\/\/memurunsesi.net\/wp-content\/uploads\/2025\/09\/AW537584_01-scaled.jpg","type":"image\/jpeg"}],"author":"Memurun Sesi Haber Merkezi","twitter_card":"summary_large_image","twitter_creator":"@unipersen","twitter_site":"@unipersen","twitter_misc":{"Yazan:":"Memurun Sesi Haber Merkezi","Tahmini okuma s\u00fcresi":"1 dakika"},"schema":{"@context":"https:\/\/schema.org","@graph":[{"@type":"Article","@id":"https:\/\/memurunsesi.net\/index.php\/2025\/09\/13\/orduda-kontrolden-cikan-otomobil-polis-otosuna-carpti-2-yarali\/#article","isPartOf":{"@id":"https:\/\/memurunsesi.net\/index.php\/2025\/09\/13\/orduda-kontrolden-cikan-otomobil-polis-otosuna-carpti-2-yarali\/"},"author":{"name":"Memurun Sesi Haber Merkezi","@id":"https:\/\/memurunsesi.net\/#\/schema\/person\/f21c2d73b89f6ee1d80b0a1803e38587"},"headline":"Ordu&#8217;da kontrolden \u00e7\u0131kan otomobil, polis otosuna \u00e7arpt\u0131: 2 yaral\u0131","datePublished":"2025-09-13T18:45:32+00:00","mainEntityOfPage":{"@id":"https:\/\/memurunsesi.net\/index.php\/2025\/09\/13\/orduda-kontrolden-cikan-otomobil-polis-otosuna-carpti-2-yarali\/"},"wordCount":279,"commentCount":0,"publisher":{"@id":"https:\/\/memurunsesi.net\/#organization"},"image":{"@id":"https:\/\/memurunsesi.net\/index.php\/2025\/09\/13\/orduda-kontrolden-cikan-otomobil-polis-otosuna-carpti-2-yarali\/#primaryimage"},"thumbnailUrl":"https:\/\/memurunsesi.net\/wp-content\/uploads\/2025\/09\/AW537584_01-scaled.jpg","inLanguage":"tr","potentialAction":[{"@type":"CommentAction","name":"Comment","target":["https:\/\/memurunsesi.net\/index.php\/2025\/09\/13\/orduda-kontrolden-cikan-otomobil-polis-otosuna-carpti-2-yarali\/#respond"]}]},{"@type":"WebPage","@id":"https:\/\/memurunsesi.net\/index.php\/2025\/09\/13\/orduda-kontrolden-cikan-otomobil-polis-otosuna-carpti-2-yarali\/","url":"https:\/\/memurunsesi.net\/index.php\/2025\/09\/13\/orduda-kontrolden-cikan-otomobil-polis-otosuna-carpti-2-yarali\/","name":"Ordu'da kontrolden \u00e7\u0131kan otomobil, polis otosuna \u00e7arpt\u0131: 2 yaral\u0131 - Memurun Sesi","isPartOf":{"@id":"https:\/\/memurunsesi.net\/#website"},"primaryImageOfPage":{"@id":"https:\/\/memurunsesi.net\/index.php\/2025\/09\/13\/orduda-kontrolden-cikan-otomobil-polis-otosuna-carpti-2-yarali\/#primaryimage"},"image":{"@id":"https:\/\/memurunsesi.net\/index.php\/2025\/09\/13\/orduda-kontrolden-cikan-otomobil-polis-otosuna-carpti-2-yarali\/#primaryimage"},"thumbnailUrl":"https:\/\/memurunsesi.net\/wp-content\/uploads\/2025\/09\/AW537584_01-scaled.jpg","datePublished":"2025-09-13T18:45:32+00:00","breadcrumb":{"@id":"https:\/\/memurunsesi.net\/index.php\/2025\/09\/13\/orduda-kontrolden-cikan-otomobil-polis-otosuna-carpti-2-yarali\/#breadcrumb"},"inLanguage":"tr","potentialAction":[{"@type":"ReadAction","target":["https:\/\/memurunsesi.net\/index.php\/2025\/09\/13\/orduda-kontrolden-cikan-otomobil-polis-otosuna-carpti-2-yarali\/"]}]},{"@type":"ImageObject","inLanguage":"tr","@id":"https:\/\/memurunsesi.net\/index.php\/2025\/09\/13\/orduda-kontrolden-cikan-otomobil-polis-otosuna-carpti-2-yarali\/#primaryimage","url":"https:\/\/memurunsesi.net\/wp-content\/uploads\/2025\/09\/AW537584_01-scaled.jpg","contentUrl":"https:\/\/memurunsesi.net\/wp-content\/uploads\/2025\/09\/AW537584_01-scaled.jpg","width":2560,"height":1707,"caption":"ORDU'NUN \u00dcNYE \u0130L\u00c7ES\u0130NDE MEYDANA GELEN TRAF\u0130K KAZASINDA, D\u00dc\u011e\u00dcN KONVOYUNDA SEYREDEN OTOMOB\u0130L\u0130N S\u00dcR\u00dcC\u00dcS\u00dc D\u0130REKS\u0130YON HAK\u0130M\u0130YET\u0130N\u0130 KAYBEDEREK RADAR UYGULAMASI YAPAN TRAF\u0130K EK\u0130B\u0130N\u0130N ARACINA \u00c7ARPTI. KAZADA B\u0130R POL\u0130S MEMURU VE B\u0130R \u00c7OCUK YARALANDI. (\u00dcM\u0130T G\u00dcNG\u00d6R\/ORDU-\u0130HA) Ordu'nun \u00dcnye il\u00e7esinde d\u00fc\u011f\u00fcn konvoyunda seyreden otomobilin uygulama yapan polis arac\u0131na \u00e7arpt\u0131\u011f\u0131 kazada, 1 polis ve 1 \u00e7ocuk yaraland\u0131."},{"@type":"BreadcrumbList","@id":"https:\/\/memurunsesi.net\/index.php\/2025\/09\/13\/orduda-kontrolden-cikan-otomobil-polis-otosuna-carpti-2-yarali\/#breadcrumb","itemListElement":[{"@type":"ListItem","position":1,"name":"Anasayfa","item":"https:\/\/memurunsesi.net\/"},{"@type":"ListItem","position":2,"name":"Ordu&#8217;da kontrolden \u00e7\u0131kan otomobil, polis otosuna \u00e7arpt\u0131: 2 yaral\u0131"}]},{"@type":"WebSite","@id":"https:\/\/memurunsesi.net\/#website","url":"https:\/\/memurunsesi.net\/","name":"Memurun Sesi","description":"G\u00fcncel ve Do\u011fru Haber","publisher":{"@id":"https:\/\/memurunsesi.net\/#organization"},"potentialAction":[{"@type":"SearchAction","target":{"@type":"EntryPoint","urlTemplate":"https:\/\/memurunsesi.net\/?s={search_term_string}"},"query-input":{"@type":"PropertyValueSpecification","valueRequired":true,"valueName":"search_term_string"}}],"inLanguage":"tr"},{"@type":"Organization","@id":"https:\/\/memurunsesi.net\/#organization","name":"Memurun Sesi","url":"https:\/\/memurunsesi.net\/","logo":{"@type":"ImageObject","inLanguage":"tr","@id":"https:\/\/memurunsesi.net\/#\/schema\/logo\/image\/","url":"https:\/\/memurunsesi.net\/wp-content\/uploads\/2025\/11\/cropped-MEMURUN-SESI.png","contentUrl":"https:\/\/memurunsesi.net\/wp-content\/uploads\/2025\/11\/cropped-MEMURUN-SESI.png","width":238,"height":57,"caption":"Memurun Sesi"},"image":{"@id":"https:\/\/memurunsesi.net\/#\/schema\/logo\/image\/"},"sameAs":["https:\/\/www.facebook.com\/unipersen\/?locale=tr_TR","https:\/\/x.com\/unipersen"]},{"@type":"Person","@id":"https:\/\/memurunsesi.net\/#\/schema\/person\/f21c2d73b89f6ee1d80b0a1803e38587","name":"Memurun Sesi Haber Merkezi","image":{"@type":"ImageObject","inLanguage":"tr","@id":"https:\/\/secure.gravatar.com\/avatar\/6cf0505f452ee753f485014986fab09a434671d2b919ee76fc541025c5876a70?s=96&d=mm&r=g","url":"https:\/\/secure.gravatar.com\/avatar\/6cf0505f452ee753f485014986fab09a434671d2b919ee76fc541025c5876a70?s=96&d=mm&r=g","contentUrl":"https:\/\/secure.gravatar.com\/avatar\/6cf0505f452ee753f485014986fab09a434671d2b919ee76fc541025c5876a70?s=96&d=mm&r=g","caption":"Memurun Sesi Haber Merkezi"},"sameAs":["https:\/\/memurunsesi.net"],"url":"https:\/\/memurunsesi.net\/index.php\/author\/uniper\/"}]}},"_links":{"self":[{"href":"https:\/\/memurunsesi.net\/index.php\/wp-json\/wp\/v2\/posts\/11660","targetHints":{"allow":["GET"]}}],"collection":[{"href":"https:\/\/memurunsesi.net\/index.php\/wp-json\/wp\/v2\/posts"}],"about":[{"href":"https:\/\/memurunsesi.net\/index.php\/wp-json\/wp\/v2\/types\/post"}],"author":[{"embeddable":true,"href":"https:\/\/memurunsesi.net\/index.php\/wp-json\/wp\/v2\/users\/1"}],"replies":[{"embeddable":true,"href":"https:\/\/memurunsesi.net\/index.php\/wp-json\/wp\/v2\/comments?post=11660"}],"version-history":[{"count":1,"href":"https:\/\/memurunsesi.net\/index.php\/wp-json\/wp\/v2\/posts\/11660\/revisions"}],"predecessor-version":[{"id":11662,"href":"https:\/\/memurunsesi.net\/index.php\/wp-json\/wp\/v2\/posts\/11660\/revisions\/11662"}],"wp:featuredmedia":[{"embeddable":true,"href":"https:\/\/memurunsesi.net\/index.php\/wp-json\/wp\/v2\/media\/11661"}],"wp:attachment":[{"href":"https:\/\/memurunsesi.net\/index.php\/wp-json\/wp\/v2\/media?parent=11660"}],"wp:term":[{"taxonomy":"category","embeddable":true,"href":"https:\/\/memurunsesi.net\/index.php\/wp-json\/wp\/v2\/categories?post=11660"},{"taxonomy":"post_tag","embeddable":true,"href":"https:\/\/memurunsesi.net\/index.php\/wp-json\/wp\/v2\/tags?post=11660"}],"curies":[{"name":"wp","href":"https:\/\/api.w.org\/{rel}","templated":true}]}}