{"id":12001,"date":"2025-09-21T08:23:39","date_gmt":"2025-09-21T05:23:39","guid":{"rendered":"https:\/\/memurunsesi.net\/?p=12001"},"modified":"2025-09-21T08:23:39","modified_gmt":"2025-09-21T05:23:39","slug":"alanya-kaymakami-ozturk-yaylakonak-ve-sihlar-mahallemizdeki-yanginda-sondurme-calismalarimiz-devam-ediyor","status":"publish","type":"post","link":"https:\/\/memurunsesi.net\/index.php\/2025\/09\/21\/alanya-kaymakami-ozturk-yaylakonak-ve-sihlar-mahallemizdeki-yanginda-sondurme-calismalarimiz-devam-ediyor\/","title":{"rendered":"Alanya Kaymakam\u0131 \u00d6zt\u00fcrk: &#8220;Yaylakonak ve \u015e\u0131hlar mahallemizdeki yang\u0131nda s\u00f6nd\u00fcrme \u00e7al\u0131\u015fmalar\u0131m\u0131z devam ediyor&#8221;"},"content":{"rendered":"<p>  &#8211; &#8220;Karg\u0131cak ve \u0130spatl\u0131 mahallelerimizde yang\u0131n\u0131n yay\u0131lmas\u0131ndaki en \u00f6nemli sebep r\u00fczgar\u0131n h\u0131z\u0131yd\u0131&#8221;<br \/>\n  &#8211; \u0130tfaiye erinin ya\u015fl\u0131 vatanda\u015f\u0131 alevlerin aras\u0131ndan motosikletle kurtarma an\u0131 kamerada<br \/>\nAlanya Kaymakam\u0131 \u00d6zt\u00fcrk, Yaylakonak ve \u015e\u0131hlar mahallelerinde s\u00f6nd\u00fcrme \u00e7al\u0131\u015fmalar\u0131n\u0131n s\u00fcrd\u00fcrd\u00fc\u011f\u00fcn\u00fc bildirdi. Yang\u0131n\u0131n alevli oldu\u011fu anlardaki bir itfaiye personelinin ya\u015fl\u0131 bir vatanda\u015f\u0131 motosikletle yang\u0131n b\u00f6lgesinden kurtard\u0131\u011f\u0131 anlar bir vatanda\u015f\u0131n cep telefonu kameras\u0131na yans\u0131d\u0131.<br \/>\n  Alanya il\u00e7esinde 18 Eyl\u00fcl Per\u015fembe g\u00fcn\u00fc ba\u015flayan orman yang\u0131nlar\u0131nda, Aliefendi ve \u0130spatl\u0131 mahallelerinde \u00e7\u0131kan yang\u0131nlar\u0131n ekiplerin koordineli ve kesintisiz m\u00fcdahalesiyle tamamen s\u00f6nd\u00fcr\u00fcld\u00fc. \u0130lk tespitlere g\u00f6re bu b\u00f6lgede in\u015faat halinde 2, m\u00fcstakil 1 olmak \u00fczere toplam 3 konut ve 1 arac\u0131n zarar g\u00f6rd\u00fc. Karg\u0131cak Mahallesi&#8217;ndeki yang\u0131n alan\u0131nda so\u011futma \u00e7al\u0131\u015fmalar\u0131 devam ederken, \u015e\u0131hlar Mahallesi&#8217;nde devam eden yang\u0131na ise m\u00fcdahale s\u00fcr\u00fcyor.  <\/p>\n<p>  &#8220;Yang\u0131n\u0131n yay\u0131lmas\u0131ndaki en \u00f6nemli sebep r\u00fczgar\u0131n h\u0131z\u0131yd\u0131&#8221;<br \/>\n  \u015e\u0131hlar Mahallesi&#8217;nde kurulan Yang\u0131n Koordinasyon Merkezinde a\u00e7\u0131klamalarda bulunan Alanya Kaymakam\u0131 \u015eakir \u00d6ner \u00d6zt\u00fcrk, &#8220;Hem Aliefendi yang\u0131n\u0131m\u0131zda hem Yaylakonak ve \u015e\u0131hlar yang\u0131n\u0131m\u0131zda bu yang\u0131nlardan zarar g\u00f6ren t\u00fcm vatanda\u015flara ge\u00e7mi\u015f olsun dileklerimi ileterek ba\u015flamak istiyorum. \u00d6ncelikli olarak Aliefendi, \u0130spatl\u0131 ve Karg\u0131cak mahallemizde etkili olan yang\u0131nla alakal\u0131 kamuoyunu bilgilendirmek istiyoruz. Biliyorsunuz 18 Eyl\u00fcl 22.48 saatlerinde ba\u015flayan Aliefendi yang\u0131n\u0131 Aliefendi&#8217;nin meskun mahalline yak\u0131n bir noktada ba\u015flad\u0131 ve devam\u0131nda \u0130spatl\u0131 ve Karg\u0131cak mahallelerimizi de etkiledi. Karg\u0131cak ve \u0130spatl\u0131 mahallelerimizde yang\u0131n\u0131n yay\u0131lmas\u0131ndaki en \u00f6nemli sebep r\u00fczgar\u0131n h\u0131z\u0131yd\u0131. R\u00fczgar\u0131n h\u0131zl\u0131 olmas\u0131 nedeniyle di\u011fer 2 mahallemiz yang\u0131ndan etkilendi ama Orman Genel M\u00fcd\u00fcrl\u00fc\u011f\u00fcm\u00fcz, itfaiyemiz, TOMA&#8217;lar\u0131m\u0131z\u0131n yapt\u0131\u011f\u0131 \u00e7al\u0131\u015fmalarla beraber bu yang\u0131nlar \u015fu anda s\u00f6nd\u00fcr\u00fclm\u00fc\u015f durumda. Hem \u0130spatl\u0131 mahallemizde hem Aliefendi mahallemizde yang\u0131nlar tamamen s\u00f6nd\u00fcr\u00fcld\u00fc. D\u00fcn ak\u015fam itibariyle 19.35 saatinde Yaylakonak ve \u015e\u0131hlar mahallemizdeki yang\u0131nda da s\u00f6nd\u00fcrme \u00e7al\u0131\u015fmalar\u0131m\u0131z an itibariyle devam ediyor halen. \u00c7al\u0131\u015fmalar\u0131m\u0131za bir\u00e7ok kurumdan, kurulu\u015ftan, \u00f6zel sekt\u00f6rden destekle \u00e7ok h\u0131zl\u0131 bir \u015fekilde m\u00fcdahale etmi\u015f bulunuyoruz. 13 helikopter, 4 u\u00e7ak, 200 kara arac\u0131 ve 750 personelle m\u00fcdahale ettik ve bu yang\u0131nlara eme\u011fi ge\u00e7en t\u00fcm te\u015fkilatlar\u0131m\u0131za \u00e7ok te\u015fekk\u00fcr ediyorum&#8221; dedi. <\/p>\n<p>  &#8220;Tek tesellimiz can kayb\u0131n\u0131n olmamas\u0131&#8221;<br \/>\n  Alanya&#8217;da 5 farkl\u0131 mahallede \u00e7\u0131kan orman yang\u0131n\u0131n da can kayb\u0131n\u0131n olmamas\u0131n\u0131n tek teselli oldu\u011funun alt\u0131n\u0131 \u00e7izen \u00d6zt\u00fcrk, &#8220;Ben t\u00fcm eme\u011fi ge\u00e7en kamu kurumlar\u0131m\u0131za ve vatanda\u015flar\u0131m\u0131za \u00e7ok te\u015fekk\u00fcr ediyorum. En k\u0131sa s\u00fcre i\u00e7erisinde yang\u0131n\u0131n s\u00f6nd\u00fcr\u00fclmesini \u00fcmit ediyoruz. Tesellimiz bu yang\u0131nlarda can kayb\u0131n\u0131n olmamas\u0131. Bir tane vatanda\u015f\u0131m\u0131z\u0131n burnu kanamad\u0131. Bir tane can kayb\u0131 ya\u015fanmad\u0131. Ev hasar\u0131 anlam\u0131nda meskun mahalde olmas\u0131na ra\u011fmen yang\u0131nlar\u0131m\u0131z \u00e7ok az say\u0131da evimiz etkilendi. Bunlar da bizim tesellimiz oldu. Ben tekrar ge\u00e7mi\u015f olsun dileklerimi iletiyorum&#8221; ifadeleri kulland\u0131.<br \/>\n  Yang\u0131nlar\u0131n \u00e7\u0131k\u0131\u015f sebebi ile ilgili soruyu cevaplayan Kaymakam \u00d6zt\u00fcrk, &#8220;Savc\u0131l\u0131k incelemesi devam ediyor \u015fu anda. Savc\u0131l\u0131k incelemesi tamamland\u0131\u011f\u0131nda tam anlam\u0131yla yang\u0131n\u0131n hangi sebeplerden ortaya \u00e7\u0131kt\u0131\u011f\u0131n\u0131 ortaya koyabilece\u011fiz. Onun \u00f6ncesinde bir \u015fey s\u00f6ylemek \u00e7ok do\u011fru olmaz kanaatindeyim&#8221; diye konu\u015ftu. <\/p>\n<p>  Alevlerin aras\u0131ndan motosikletle kurtard\u0131<br \/>\n  \u00d6te yandan, yang\u0131n\u0131n alevli oldu\u011fu anlardaki bir itfaiye personelinin ya\u015fl\u0131 bir vatanda\u015f\u0131 motosikletle yang\u0131n b\u00f6lgesinden kurtard\u0131\u011f\u0131 anlar bir vatanda\u015f\u0131n cep telefonu kameras\u0131na yans\u0131d\u0131. G\u00f6r\u00fcnt\u00fclerle alevlerin aras\u0131ndan itfaiye personelinin ya\u015fl\u0131 bir vatanda\u015f\u0131 motosikletle kurtard\u0131\u011f\u0131 anlar yer ald\u0131.  <\/p>\n<p>21.09.2025                                <\/p>\n","protected":false},"excerpt":{"rendered":"<p>&#8211; &#8220;Karg\u0131cak ve \u0130spatl\u0131 mahallelerimizde yang\u0131n\u0131n yay\u0131lmas\u0131ndaki en \u00f6nemli sebep r\u00fczgar\u0131n h\u0131z\u0131yd\u0131&#8221; &#8211; \u0130tfaiye erinin ya\u015fl\u0131 vatanda\u015f\u0131 alevlerin aras\u0131ndan motosikletle kurtarma an\u0131 kamerada Alanya Kaymakam\u0131 \u00d6zt\u00fcrk, Yaylakonak ve \u015e\u0131hlar mahallelerinde s\u00f6nd\u00fcrme \u00e7al\u0131\u015fmalar\u0131n\u0131n s\u00fcrd\u00fcrd\u00fc\u011f\u00fcn\u00fc bildirdi. Yang\u0131n\u0131n alevli oldu\u011fu anlardaki bir itfaiye personelinin ya\u015fl\u0131 bir vatanda\u015f\u0131 motosikletle yang\u0131n b\u00f6lgesinden kurtard\u0131\u011f\u0131 anlar bir vatanda\u015f\u0131n cep telefonu kameras\u0131na yans\u0131d\u0131. [&hellip;]<\/p>\n","protected":false},"author":1,"featured_media":12002,"comment_status":"open","ping_status":"open","sticky":false,"template":"","format":"standard","meta":{"footnotes":""},"categories":[1],"tags":[],"class_list":["post-12001","post","type-post","status-publish","format-standard","has-post-thumbnail","hentry","category-genel"],"yoast_head":"<!-- This site is optimized with the Yoast SEO plugin v27.4 - https:\/\/yoast.com\/product\/yoast-seo-wordpress\/ -->\n<title>Alanya Kaymakam\u0131 \u00d6zt\u00fcrk: &quot;Yaylakonak ve \u015e\u0131hlar mahallemizdeki yang\u0131nda s\u00f6nd\u00fcrme \u00e7al\u0131\u015fmalar\u0131m\u0131z devam ediyor&quot; - Memurun Sesi<\/title>\n<meta name=\"robots\" content=\"index, follow, max-snippet:-1, max-image-preview:large, max-video-preview:-1\" \/>\n<link rel=\"canonical\" href=\"https:\/\/memurunsesi.net\/index.php\/2025\/09\/21\/alanya-kaymakami-ozturk-yaylakonak-ve-sihlar-mahallemizdeki-yanginda-sondurme-calismalarimiz-devam-ediyor\/\" \/>\n<meta property=\"og:locale\" content=\"tr_TR\" \/>\n<meta property=\"og:type\" content=\"article\" \/>\n<meta property=\"og:title\" content=\"Alanya Kaymakam\u0131 \u00d6zt\u00fcrk: &quot;Yaylakonak ve \u015e\u0131hlar mahallemizdeki yang\u0131nda s\u00f6nd\u00fcrme \u00e7al\u0131\u015fmalar\u0131m\u0131z devam ediyor&quot; - Memurun Sesi\" \/>\n<meta property=\"og:description\" content=\"&#8211; &#8220;Karg\u0131cak ve \u0130spatl\u0131 mahallelerimizde yang\u0131n\u0131n yay\u0131lmas\u0131ndaki en \u00f6nemli sebep r\u00fczgar\u0131n h\u0131z\u0131yd\u0131&#8221; &#8211; \u0130tfaiye erinin ya\u015fl\u0131 vatanda\u015f\u0131 alevlerin aras\u0131ndan motosikletle kurtarma an\u0131 kamerada Alanya Kaymakam\u0131 \u00d6zt\u00fcrk, Yaylakonak ve \u015e\u0131hlar mahallelerinde s\u00f6nd\u00fcrme \u00e7al\u0131\u015fmalar\u0131n\u0131n s\u00fcrd\u00fcrd\u00fc\u011f\u00fcn\u00fc bildirdi. Yang\u0131n\u0131n alevli oldu\u011fu anlardaki bir itfaiye personelinin ya\u015fl\u0131 bir vatanda\u015f\u0131 motosikletle yang\u0131n b\u00f6lgesinden kurtard\u0131\u011f\u0131 anlar bir vatanda\u015f\u0131n cep telefonu kameras\u0131na yans\u0131d\u0131. [&hellip;]\" \/>\n<meta property=\"og:url\" content=\"https:\/\/memurunsesi.net\/index.php\/2025\/09\/21\/alanya-kaymakami-ozturk-yaylakonak-ve-sihlar-mahallemizdeki-yanginda-sondurme-calismalarimiz-devam-ediyor\/\" \/>\n<meta property=\"og:site_name\" content=\"Memurun Sesi\" \/>\n<meta property=\"article:publisher\" content=\"https:\/\/www.facebook.com\/unipersen\/?locale=tr_TR\" \/>\n<meta property=\"article:published_time\" content=\"2025-09-21T05:23:39+00:00\" \/>\n<meta property=\"og:image\" content=\"https:\/\/memurunsesi.net\/wp-content\/uploads\/2025\/09\/AW542422_12.jpg\" \/>\n\t<meta property=\"og:image:width\" content=\"1066\" \/>\n\t<meta property=\"og:image:height\" content=\"559\" \/>\n\t<meta property=\"og:image:type\" content=\"image\/jpeg\" \/>\n<meta name=\"author\" content=\"Memurun Sesi Haber Merkezi\" \/>\n<meta name=\"twitter:card\" content=\"summary_large_image\" \/>\n<meta name=\"twitter:creator\" content=\"@unipersen\" \/>\n<meta name=\"twitter:site\" content=\"@unipersen\" \/>\n<meta name=\"twitter:label1\" content=\"Yazan:\" \/>\n\t<meta name=\"twitter:data1\" content=\"Memurun Sesi Haber Merkezi\" \/>\n\t<meta name=\"twitter:label2\" content=\"Tahmini okuma s\u00fcresi\" \/>\n\t<meta name=\"twitter:data2\" content=\"1 dakika\" \/>\n<script type=\"application\/ld+json\" class=\"yoast-schema-graph\">{\"@context\":\"https:\\\/\\\/schema.org\",\"@graph\":[{\"@type\":\"Article\",\"@id\":\"https:\\\/\\\/memurunsesi.net\\\/index.php\\\/2025\\\/09\\\/21\\\/alanya-kaymakami-ozturk-yaylakonak-ve-sihlar-mahallemizdeki-yanginda-sondurme-calismalarimiz-devam-ediyor\\\/#article\",\"isPartOf\":{\"@id\":\"https:\\\/\\\/memurunsesi.net\\\/index.php\\\/2025\\\/09\\\/21\\\/alanya-kaymakami-ozturk-yaylakonak-ve-sihlar-mahallemizdeki-yanginda-sondurme-calismalarimiz-devam-ediyor\\\/\"},\"author\":{\"name\":\"Memurun Sesi Haber Merkezi\",\"@id\":\"https:\\\/\\\/memurunsesi.net\\\/#\\\/schema\\\/person\\\/f21c2d73b89f6ee1d80b0a1803e38587\"},\"headline\":\"Alanya Kaymakam\u0131 \u00d6zt\u00fcrk: &#8220;Yaylakonak ve \u015e\u0131hlar mahallemizdeki yang\u0131nda s\u00f6nd\u00fcrme \u00e7al\u0131\u015fmalar\u0131m\u0131z devam ediyor&#8221;\",\"datePublished\":\"2025-09-21T05:23:39+00:00\",\"mainEntityOfPage\":{\"@id\":\"https:\\\/\\\/memurunsesi.net\\\/index.php\\\/2025\\\/09\\\/21\\\/alanya-kaymakami-ozturk-yaylakonak-ve-sihlar-mahallemizdeki-yanginda-sondurme-calismalarimiz-devam-ediyor\\\/\"},\"wordCount\":682,\"commentCount\":0,\"publisher\":{\"@id\":\"https:\\\/\\\/memurunsesi.net\\\/#organization\"},\"image\":{\"@id\":\"https:\\\/\\\/memurunsesi.net\\\/index.php\\\/2025\\\/09\\\/21\\\/alanya-kaymakami-ozturk-yaylakonak-ve-sihlar-mahallemizdeki-yanginda-sondurme-calismalarimiz-devam-ediyor\\\/#primaryimage\"},\"thumbnailUrl\":\"https:\\\/\\\/memurunsesi.net\\\/wp-content\\\/uploads\\\/2025\\\/09\\\/AW542422_12.jpg\",\"inLanguage\":\"tr\",\"potentialAction\":[{\"@type\":\"CommentAction\",\"name\":\"Comment\",\"target\":[\"https:\\\/\\\/memurunsesi.net\\\/index.php\\\/2025\\\/09\\\/21\\\/alanya-kaymakami-ozturk-yaylakonak-ve-sihlar-mahallemizdeki-yanginda-sondurme-calismalarimiz-devam-ediyor\\\/#respond\"]}]},{\"@type\":\"WebPage\",\"@id\":\"https:\\\/\\\/memurunsesi.net\\\/index.php\\\/2025\\\/09\\\/21\\\/alanya-kaymakami-ozturk-yaylakonak-ve-sihlar-mahallemizdeki-yanginda-sondurme-calismalarimiz-devam-ediyor\\\/\",\"url\":\"https:\\\/\\\/memurunsesi.net\\\/index.php\\\/2025\\\/09\\\/21\\\/alanya-kaymakami-ozturk-yaylakonak-ve-sihlar-mahallemizdeki-yanginda-sondurme-calismalarimiz-devam-ediyor\\\/\",\"name\":\"Alanya Kaymakam\u0131 \u00d6zt\u00fcrk: \\\"Yaylakonak ve \u015e\u0131hlar mahallemizdeki yang\u0131nda s\u00f6nd\u00fcrme \u00e7al\u0131\u015fmalar\u0131m\u0131z devam ediyor\\\" - Memurun Sesi\",\"isPartOf\":{\"@id\":\"https:\\\/\\\/memurunsesi.net\\\/#website\"},\"primaryImageOfPage\":{\"@id\":\"https:\\\/\\\/memurunsesi.net\\\/index.php\\\/2025\\\/09\\\/21\\\/alanya-kaymakami-ozturk-yaylakonak-ve-sihlar-mahallemizdeki-yanginda-sondurme-calismalarimiz-devam-ediyor\\\/#primaryimage\"},\"image\":{\"@id\":\"https:\\\/\\\/memurunsesi.net\\\/index.php\\\/2025\\\/09\\\/21\\\/alanya-kaymakami-ozturk-yaylakonak-ve-sihlar-mahallemizdeki-yanginda-sondurme-calismalarimiz-devam-ediyor\\\/#primaryimage\"},\"thumbnailUrl\":\"https:\\\/\\\/memurunsesi.net\\\/wp-content\\\/uploads\\\/2025\\\/09\\\/AW542422_12.jpg\",\"datePublished\":\"2025-09-21T05:23:39+00:00\",\"breadcrumb\":{\"@id\":\"https:\\\/\\\/memurunsesi.net\\\/index.php\\\/2025\\\/09\\\/21\\\/alanya-kaymakami-ozturk-yaylakonak-ve-sihlar-mahallemizdeki-yanginda-sondurme-calismalarimiz-devam-ediyor\\\/#breadcrumb\"},\"inLanguage\":\"tr\",\"potentialAction\":[{\"@type\":\"ReadAction\",\"target\":[\"https:\\\/\\\/memurunsesi.net\\\/index.php\\\/2025\\\/09\\\/21\\\/alanya-kaymakami-ozturk-yaylakonak-ve-sihlar-mahallemizdeki-yanginda-sondurme-calismalarimiz-devam-ediyor\\\/\"]}]},{\"@type\":\"ImageObject\",\"inLanguage\":\"tr\",\"@id\":\"https:\\\/\\\/memurunsesi.net\\\/index.php\\\/2025\\\/09\\\/21\\\/alanya-kaymakami-ozturk-yaylakonak-ve-sihlar-mahallemizdeki-yanginda-sondurme-calismalarimiz-devam-ediyor\\\/#primaryimage\",\"url\":\"https:\\\/\\\/memurunsesi.net\\\/wp-content\\\/uploads\\\/2025\\\/09\\\/AW542422_12.jpg\",\"contentUrl\":\"https:\\\/\\\/memurunsesi.net\\\/wp-content\\\/uploads\\\/2025\\\/09\\\/AW542422_12.jpg\",\"width\":1066,\"height\":559,\"caption\":\"ALANYA KAYMAKAMI \u00d6ZT\u00dcRK, YAYLAKONAK VE \u015eIHLAR MAHALLELER\u0130NDE S\u00d6ND\u00dcRME \u00c7ALI\u015eMALARININ S\u00dcRD\u00dcRD\u00dc\u011e\u00dcN\u00dc B\u0130LD\u0130RD\u0130. \u00d6TE YANDAN YANGININ ALEVL\u0130 OLDU\u011eU ANLARDAK\u0130 B\u0130R \u0130TFA\u0130YE PERSONEL\u0130N\u0130N YA\u015eLI B\u0130R VATANDA\u015eI MOTOS\u0130KLETLE YANGIN B\u00d6LGES\u0130NDEN KURTARDI\u011eI ANLAR B\u0130R VATANDA\u015eIN CEP TELEFONU KAMERASINA YANSIDI. (RECEP KARCI\\\/ANTALYA-\u0130HA) Alanya Kaymakam\u0131 \u00d6zt\u00fcrk, Yaylakonak ve \u015e\u0131hlar mahallelerinde s\u00f6nd\u00fcrme \u00e7al\u0131\u015fmalar\u0131n\u0131n s\u00fcrd\u00fcrd\u00fc\u011f\u00fcn\u00fc bildirdi. Yang\u0131n\u0131n alevli oldu\u011fu anlardaki bir itfaiye personelinin ya\u015fl\u0131 bir vatanda\u015f\u0131 motosikletle yang\u0131n b\u00f6lgesinden kurtard\u0131\u011f\u0131 anlar bir vatanda\u015f\u0131n cep telefonu kameras\u0131na yans\u0131d\u0131.\"},{\"@type\":\"BreadcrumbList\",\"@id\":\"https:\\\/\\\/memurunsesi.net\\\/index.php\\\/2025\\\/09\\\/21\\\/alanya-kaymakami-ozturk-yaylakonak-ve-sihlar-mahallemizdeki-yanginda-sondurme-calismalarimiz-devam-ediyor\\\/#breadcrumb\",\"itemListElement\":[{\"@type\":\"ListItem\",\"position\":1,\"name\":\"Anasayfa\",\"item\":\"https:\\\/\\\/memurunsesi.net\\\/\"},{\"@type\":\"ListItem\",\"position\":2,\"name\":\"Alanya Kaymakam\u0131 \u00d6zt\u00fcrk: &#8220;Yaylakonak ve \u015e\u0131hlar mahallemizdeki yang\u0131nda s\u00f6nd\u00fcrme \u00e7al\u0131\u015fmalar\u0131m\u0131z devam ediyor&#8221;\"}]},{\"@type\":\"WebSite\",\"@id\":\"https:\\\/\\\/memurunsesi.net\\\/#website\",\"url\":\"https:\\\/\\\/memurunsesi.net\\\/\",\"name\":\"Memurun Sesi\",\"description\":\"G\u00fcncel ve Do\u011fru Haber\",\"publisher\":{\"@id\":\"https:\\\/\\\/memurunsesi.net\\\/#organization\"},\"potentialAction\":[{\"@type\":\"SearchAction\",\"target\":{\"@type\":\"EntryPoint\",\"urlTemplate\":\"https:\\\/\\\/memurunsesi.net\\\/?s={search_term_string}\"},\"query-input\":{\"@type\":\"PropertyValueSpecification\",\"valueRequired\":true,\"valueName\":\"search_term_string\"}}],\"inLanguage\":\"tr\"},{\"@type\":\"Organization\",\"@id\":\"https:\\\/\\\/memurunsesi.net\\\/#organization\",\"name\":\"Memurun Sesi\",\"url\":\"https:\\\/\\\/memurunsesi.net\\\/\",\"logo\":{\"@type\":\"ImageObject\",\"inLanguage\":\"tr\",\"@id\":\"https:\\\/\\\/memurunsesi.net\\\/#\\\/schema\\\/logo\\\/image\\\/\",\"url\":\"https:\\\/\\\/memurunsesi.net\\\/wp-content\\\/uploads\\\/2025\\\/11\\\/cropped-MEMURUN-SESI.png\",\"contentUrl\":\"https:\\\/\\\/memurunsesi.net\\\/wp-content\\\/uploads\\\/2025\\\/11\\\/cropped-MEMURUN-SESI.png\",\"width\":238,\"height\":57,\"caption\":\"Memurun Sesi\"},\"image\":{\"@id\":\"https:\\\/\\\/memurunsesi.net\\\/#\\\/schema\\\/logo\\\/image\\\/\"},\"sameAs\":[\"https:\\\/\\\/www.facebook.com\\\/unipersen\\\/?locale=tr_TR\",\"https:\\\/\\\/x.com\\\/unipersen\"]},{\"@type\":\"Person\",\"@id\":\"https:\\\/\\\/memurunsesi.net\\\/#\\\/schema\\\/person\\\/f21c2d73b89f6ee1d80b0a1803e38587\",\"name\":\"Memurun Sesi Haber Merkezi\",\"image\":{\"@type\":\"ImageObject\",\"inLanguage\":\"tr\",\"@id\":\"https:\\\/\\\/secure.gravatar.com\\\/avatar\\\/6cf0505f452ee753f485014986fab09a434671d2b919ee76fc541025c5876a70?s=96&d=mm&r=g\",\"url\":\"https:\\\/\\\/secure.gravatar.com\\\/avatar\\\/6cf0505f452ee753f485014986fab09a434671d2b919ee76fc541025c5876a70?s=96&d=mm&r=g\",\"contentUrl\":\"https:\\\/\\\/secure.gravatar.com\\\/avatar\\\/6cf0505f452ee753f485014986fab09a434671d2b919ee76fc541025c5876a70?s=96&d=mm&r=g\",\"caption\":\"Memurun Sesi Haber Merkezi\"},\"sameAs\":[\"https:\\\/\\\/memurunsesi.net\"],\"url\":\"https:\\\/\\\/memurunsesi.net\\\/index.php\\\/author\\\/uniper\\\/\"}]}<\/script>\n<!-- \/ Yoast SEO plugin. -->","yoast_head_json":{"title":"Alanya Kaymakam\u0131 \u00d6zt\u00fcrk: \"Yaylakonak ve \u015e\u0131hlar mahallemizdeki yang\u0131nda s\u00f6nd\u00fcrme \u00e7al\u0131\u015fmalar\u0131m\u0131z devam ediyor\" - Memurun Sesi","robots":{"index":"index","follow":"follow","max-snippet":"max-snippet:-1","max-image-preview":"max-image-preview:large","max-video-preview":"max-video-preview:-1"},"canonical":"https:\/\/memurunsesi.net\/index.php\/2025\/09\/21\/alanya-kaymakami-ozturk-yaylakonak-ve-sihlar-mahallemizdeki-yanginda-sondurme-calismalarimiz-devam-ediyor\/","og_locale":"tr_TR","og_type":"article","og_title":"Alanya Kaymakam\u0131 \u00d6zt\u00fcrk: \"Yaylakonak ve \u015e\u0131hlar mahallemizdeki yang\u0131nda s\u00f6nd\u00fcrme \u00e7al\u0131\u015fmalar\u0131m\u0131z devam ediyor\" - Memurun Sesi","og_description":"&#8211; &#8220;Karg\u0131cak ve \u0130spatl\u0131 mahallelerimizde yang\u0131n\u0131n yay\u0131lmas\u0131ndaki en \u00f6nemli sebep r\u00fczgar\u0131n h\u0131z\u0131yd\u0131&#8221; &#8211; \u0130tfaiye erinin ya\u015fl\u0131 vatanda\u015f\u0131 alevlerin aras\u0131ndan motosikletle kurtarma an\u0131 kamerada Alanya Kaymakam\u0131 \u00d6zt\u00fcrk, Yaylakonak ve \u015e\u0131hlar mahallelerinde s\u00f6nd\u00fcrme \u00e7al\u0131\u015fmalar\u0131n\u0131n s\u00fcrd\u00fcrd\u00fc\u011f\u00fcn\u00fc bildirdi. Yang\u0131n\u0131n alevli oldu\u011fu anlardaki bir itfaiye personelinin ya\u015fl\u0131 bir vatanda\u015f\u0131 motosikletle yang\u0131n b\u00f6lgesinden kurtard\u0131\u011f\u0131 anlar bir vatanda\u015f\u0131n cep telefonu kameras\u0131na yans\u0131d\u0131. [&hellip;]","og_url":"https:\/\/memurunsesi.net\/index.php\/2025\/09\/21\/alanya-kaymakami-ozturk-yaylakonak-ve-sihlar-mahallemizdeki-yanginda-sondurme-calismalarimiz-devam-ediyor\/","og_site_name":"Memurun Sesi","article_publisher":"https:\/\/www.facebook.com\/unipersen\/?locale=tr_TR","article_published_time":"2025-09-21T05:23:39+00:00","og_image":[{"width":1066,"height":559,"url":"https:\/\/memurunsesi.net\/wp-content\/uploads\/2025\/09\/AW542422_12.jpg","type":"image\/jpeg"}],"author":"Memurun Sesi Haber Merkezi","twitter_card":"summary_large_image","twitter_creator":"@unipersen","twitter_site":"@unipersen","twitter_misc":{"Yazan:":"Memurun Sesi Haber Merkezi","Tahmini okuma s\u00fcresi":"1 dakika"},"schema":{"@context":"https:\/\/schema.org","@graph":[{"@type":"Article","@id":"https:\/\/memurunsesi.net\/index.php\/2025\/09\/21\/alanya-kaymakami-ozturk-yaylakonak-ve-sihlar-mahallemizdeki-yanginda-sondurme-calismalarimiz-devam-ediyor\/#article","isPartOf":{"@id":"https:\/\/memurunsesi.net\/index.php\/2025\/09\/21\/alanya-kaymakami-ozturk-yaylakonak-ve-sihlar-mahallemizdeki-yanginda-sondurme-calismalarimiz-devam-ediyor\/"},"author":{"name":"Memurun Sesi Haber Merkezi","@id":"https:\/\/memurunsesi.net\/#\/schema\/person\/f21c2d73b89f6ee1d80b0a1803e38587"},"headline":"Alanya Kaymakam\u0131 \u00d6zt\u00fcrk: &#8220;Yaylakonak ve \u015e\u0131hlar mahallemizdeki yang\u0131nda s\u00f6nd\u00fcrme \u00e7al\u0131\u015fmalar\u0131m\u0131z devam ediyor&#8221;","datePublished":"2025-09-21T05:23:39+00:00","mainEntityOfPage":{"@id":"https:\/\/memurunsesi.net\/index.php\/2025\/09\/21\/alanya-kaymakami-ozturk-yaylakonak-ve-sihlar-mahallemizdeki-yanginda-sondurme-calismalarimiz-devam-ediyor\/"},"wordCount":682,"commentCount":0,"publisher":{"@id":"https:\/\/memurunsesi.net\/#organization"},"image":{"@id":"https:\/\/memurunsesi.net\/index.php\/2025\/09\/21\/alanya-kaymakami-ozturk-yaylakonak-ve-sihlar-mahallemizdeki-yanginda-sondurme-calismalarimiz-devam-ediyor\/#primaryimage"},"thumbnailUrl":"https:\/\/memurunsesi.net\/wp-content\/uploads\/2025\/09\/AW542422_12.jpg","inLanguage":"tr","potentialAction":[{"@type":"CommentAction","name":"Comment","target":["https:\/\/memurunsesi.net\/index.php\/2025\/09\/21\/alanya-kaymakami-ozturk-yaylakonak-ve-sihlar-mahallemizdeki-yanginda-sondurme-calismalarimiz-devam-ediyor\/#respond"]}]},{"@type":"WebPage","@id":"https:\/\/memurunsesi.net\/index.php\/2025\/09\/21\/alanya-kaymakami-ozturk-yaylakonak-ve-sihlar-mahallemizdeki-yanginda-sondurme-calismalarimiz-devam-ediyor\/","url":"https:\/\/memurunsesi.net\/index.php\/2025\/09\/21\/alanya-kaymakami-ozturk-yaylakonak-ve-sihlar-mahallemizdeki-yanginda-sondurme-calismalarimiz-devam-ediyor\/","name":"Alanya Kaymakam\u0131 \u00d6zt\u00fcrk: \"Yaylakonak ve \u015e\u0131hlar mahallemizdeki yang\u0131nda s\u00f6nd\u00fcrme \u00e7al\u0131\u015fmalar\u0131m\u0131z devam ediyor\" - Memurun Sesi","isPartOf":{"@id":"https:\/\/memurunsesi.net\/#website"},"primaryImageOfPage":{"@id":"https:\/\/memurunsesi.net\/index.php\/2025\/09\/21\/alanya-kaymakami-ozturk-yaylakonak-ve-sihlar-mahallemizdeki-yanginda-sondurme-calismalarimiz-devam-ediyor\/#primaryimage"},"image":{"@id":"https:\/\/memurunsesi.net\/index.php\/2025\/09\/21\/alanya-kaymakami-ozturk-yaylakonak-ve-sihlar-mahallemizdeki-yanginda-sondurme-calismalarimiz-devam-ediyor\/#primaryimage"},"thumbnailUrl":"https:\/\/memurunsesi.net\/wp-content\/uploads\/2025\/09\/AW542422_12.jpg","datePublished":"2025-09-21T05:23:39+00:00","breadcrumb":{"@id":"https:\/\/memurunsesi.net\/index.php\/2025\/09\/21\/alanya-kaymakami-ozturk-yaylakonak-ve-sihlar-mahallemizdeki-yanginda-sondurme-calismalarimiz-devam-ediyor\/#breadcrumb"},"inLanguage":"tr","potentialAction":[{"@type":"ReadAction","target":["https:\/\/memurunsesi.net\/index.php\/2025\/09\/21\/alanya-kaymakami-ozturk-yaylakonak-ve-sihlar-mahallemizdeki-yanginda-sondurme-calismalarimiz-devam-ediyor\/"]}]},{"@type":"ImageObject","inLanguage":"tr","@id":"https:\/\/memurunsesi.net\/index.php\/2025\/09\/21\/alanya-kaymakami-ozturk-yaylakonak-ve-sihlar-mahallemizdeki-yanginda-sondurme-calismalarimiz-devam-ediyor\/#primaryimage","url":"https:\/\/memurunsesi.net\/wp-content\/uploads\/2025\/09\/AW542422_12.jpg","contentUrl":"https:\/\/memurunsesi.net\/wp-content\/uploads\/2025\/09\/AW542422_12.jpg","width":1066,"height":559,"caption":"ALANYA KAYMAKAMI \u00d6ZT\u00dcRK, YAYLAKONAK VE \u015eIHLAR MAHALLELER\u0130NDE S\u00d6ND\u00dcRME \u00c7ALI\u015eMALARININ S\u00dcRD\u00dcRD\u00dc\u011e\u00dcN\u00dc B\u0130LD\u0130RD\u0130. \u00d6TE YANDAN YANGININ ALEVL\u0130 OLDU\u011eU ANLARDAK\u0130 B\u0130R \u0130TFA\u0130YE PERSONEL\u0130N\u0130N YA\u015eLI B\u0130R VATANDA\u015eI MOTOS\u0130KLETLE YANGIN B\u00d6LGES\u0130NDEN KURTARDI\u011eI ANLAR B\u0130R VATANDA\u015eIN CEP TELEFONU KAMERASINA YANSIDI. (RECEP KARCI\/ANTALYA-\u0130HA) Alanya Kaymakam\u0131 \u00d6zt\u00fcrk, Yaylakonak ve \u015e\u0131hlar mahallelerinde s\u00f6nd\u00fcrme \u00e7al\u0131\u015fmalar\u0131n\u0131n s\u00fcrd\u00fcrd\u00fc\u011f\u00fcn\u00fc bildirdi. Yang\u0131n\u0131n alevli oldu\u011fu anlardaki bir itfaiye personelinin ya\u015fl\u0131 bir vatanda\u015f\u0131 motosikletle yang\u0131n b\u00f6lgesinden kurtard\u0131\u011f\u0131 anlar bir vatanda\u015f\u0131n cep telefonu kameras\u0131na yans\u0131d\u0131."},{"@type":"BreadcrumbList","@id":"https:\/\/memurunsesi.net\/index.php\/2025\/09\/21\/alanya-kaymakami-ozturk-yaylakonak-ve-sihlar-mahallemizdeki-yanginda-sondurme-calismalarimiz-devam-ediyor\/#breadcrumb","itemListElement":[{"@type":"ListItem","position":1,"name":"Anasayfa","item":"https:\/\/memurunsesi.net\/"},{"@type":"ListItem","position":2,"name":"Alanya Kaymakam\u0131 \u00d6zt\u00fcrk: &#8220;Yaylakonak ve \u015e\u0131hlar mahallemizdeki yang\u0131nda s\u00f6nd\u00fcrme \u00e7al\u0131\u015fmalar\u0131m\u0131z devam ediyor&#8221;"}]},{"@type":"WebSite","@id":"https:\/\/memurunsesi.net\/#website","url":"https:\/\/memurunsesi.net\/","name":"Memurun Sesi","description":"G\u00fcncel ve Do\u011fru Haber","publisher":{"@id":"https:\/\/memurunsesi.net\/#organization"},"potentialAction":[{"@type":"SearchAction","target":{"@type":"EntryPoint","urlTemplate":"https:\/\/memurunsesi.net\/?s={search_term_string}"},"query-input":{"@type":"PropertyValueSpecification","valueRequired":true,"valueName":"search_term_string"}}],"inLanguage":"tr"},{"@type":"Organization","@id":"https:\/\/memurunsesi.net\/#organization","name":"Memurun Sesi","url":"https:\/\/memurunsesi.net\/","logo":{"@type":"ImageObject","inLanguage":"tr","@id":"https:\/\/memurunsesi.net\/#\/schema\/logo\/image\/","url":"https:\/\/memurunsesi.net\/wp-content\/uploads\/2025\/11\/cropped-MEMURUN-SESI.png","contentUrl":"https:\/\/memurunsesi.net\/wp-content\/uploads\/2025\/11\/cropped-MEMURUN-SESI.png","width":238,"height":57,"caption":"Memurun Sesi"},"image":{"@id":"https:\/\/memurunsesi.net\/#\/schema\/logo\/image\/"},"sameAs":["https:\/\/www.facebook.com\/unipersen\/?locale=tr_TR","https:\/\/x.com\/unipersen"]},{"@type":"Person","@id":"https:\/\/memurunsesi.net\/#\/schema\/person\/f21c2d73b89f6ee1d80b0a1803e38587","name":"Memurun Sesi Haber Merkezi","image":{"@type":"ImageObject","inLanguage":"tr","@id":"https:\/\/secure.gravatar.com\/avatar\/6cf0505f452ee753f485014986fab09a434671d2b919ee76fc541025c5876a70?s=96&d=mm&r=g","url":"https:\/\/secure.gravatar.com\/avatar\/6cf0505f452ee753f485014986fab09a434671d2b919ee76fc541025c5876a70?s=96&d=mm&r=g","contentUrl":"https:\/\/secure.gravatar.com\/avatar\/6cf0505f452ee753f485014986fab09a434671d2b919ee76fc541025c5876a70?s=96&d=mm&r=g","caption":"Memurun Sesi Haber Merkezi"},"sameAs":["https:\/\/memurunsesi.net"],"url":"https:\/\/memurunsesi.net\/index.php\/author\/uniper\/"}]}},"_links":{"self":[{"href":"https:\/\/memurunsesi.net\/index.php\/wp-json\/wp\/v2\/posts\/12001","targetHints":{"allow":["GET"]}}],"collection":[{"href":"https:\/\/memurunsesi.net\/index.php\/wp-json\/wp\/v2\/posts"}],"about":[{"href":"https:\/\/memurunsesi.net\/index.php\/wp-json\/wp\/v2\/types\/post"}],"author":[{"embeddable":true,"href":"https:\/\/memurunsesi.net\/index.php\/wp-json\/wp\/v2\/users\/1"}],"replies":[{"embeddable":true,"href":"https:\/\/memurunsesi.net\/index.php\/wp-json\/wp\/v2\/comments?post=12001"}],"version-history":[{"count":1,"href":"https:\/\/memurunsesi.net\/index.php\/wp-json\/wp\/v2\/posts\/12001\/revisions"}],"predecessor-version":[{"id":12003,"href":"https:\/\/memurunsesi.net\/index.php\/wp-json\/wp\/v2\/posts\/12001\/revisions\/12003"}],"wp:featuredmedia":[{"embeddable":true,"href":"https:\/\/memurunsesi.net\/index.php\/wp-json\/wp\/v2\/media\/12002"}],"wp:attachment":[{"href":"https:\/\/memurunsesi.net\/index.php\/wp-json\/wp\/v2\/media?parent=12001"}],"wp:term":[{"taxonomy":"category","embeddable":true,"href":"https:\/\/memurunsesi.net\/index.php\/wp-json\/wp\/v2\/categories?post=12001"},{"taxonomy":"post_tag","embeddable":true,"href":"https:\/\/memurunsesi.net\/index.php\/wp-json\/wp\/v2\/tags?post=12001"}],"curies":[{"name":"wp","href":"https:\/\/api.w.org\/{rel}","templated":true}]}}