{"id":12015,"date":"2025-09-22T15:36:17","date_gmt":"2025-09-22T12:36:17","guid":{"rendered":"https:\/\/memurunsesi.net\/?p=12015"},"modified":"2025-09-22T15:36:17","modified_gmt":"2025-09-22T12:36:17","slug":"kayserispor-besiktas-macinin-hakemi-adnan-deniz-kayatepe-oldu","status":"publish","type":"post","link":"https:\/\/memurunsesi.net\/index.php\/2025\/09\/22\/kayserispor-besiktas-macinin-hakemi-adnan-deniz-kayatepe-oldu\/","title":{"rendered":"Kayserispor &#8211; Be\u015fikta\u015f ma\u00e7\u0131n\u0131n hakemi Adnan Deniz Kayatepe oldu"},"content":{"rendered":"<p> Trendyol S\u00fcper Lig\u2019in 1. hafta erteleme ma\u00e7\u0131nda Be\u015fikta\u015f&#8217;\u0131n, deplasmanda Kayserispor ile oynayaca\u011f\u0131 m\u00fcsabakay\u0131 hakem Adnan Deniz Kayatepe oldu.<br \/>\n  Trendyol S\u00fcper Lig&#8217;in 1. hafta erteleme ma\u00e7\u0131nda Be\u015fikta\u015f, 24 Eyl\u00fcl \u00c7ar\u015famba g\u00fcn\u00fc saat 20.00\u2019de deplasmanda Kayserispor ile kar\u015f\u0131 kar\u015f\u0131ya gelecek. S\u00f6z konusu m\u00fccadelenin hakemi de Adnan Deniz Kayatepe oldu. Kar\u015f\u0131la\u015fmada Kayatepe&#8217;nin yard\u0131mc\u0131l\u0131klar\u0131n\u0131 Bilal G\u00f6len ve An\u0131l Usta yapacak. M\u00fcsabakada d\u00f6rd\u00fcnc\u00fc hakemlik g\u00f6revini ise Re\u015fat Onur <\/p>\n<p>22.09.2025                                 <\/p>\n","protected":false},"excerpt":{"rendered":"<p>Trendyol S\u00fcper Lig\u2019in 1. hafta erteleme ma\u00e7\u0131nda Be\u015fikta\u015f&#8217;\u0131n, deplasmanda Kayserispor ile oynayaca\u011f\u0131 m\u00fcsabakay\u0131 hakem Adnan Deniz Kayatepe oldu. Trendyol S\u00fcper Lig&#8217;in 1. hafta erteleme ma\u00e7\u0131nda Be\u015fikta\u015f, 24 Eyl\u00fcl \u00c7ar\u015famba g\u00fcn\u00fc saat 20.00\u2019de deplasmanda Kayserispor ile kar\u015f\u0131 kar\u015f\u0131ya gelecek. S\u00f6z konusu m\u00fccadelenin hakemi de Adnan Deniz Kayatepe oldu. Kar\u015f\u0131la\u015fmada Kayatepe&#8217;nin yard\u0131mc\u0131l\u0131klar\u0131n\u0131 Bilal G\u00f6len ve An\u0131l Usta [&hellip;]<\/p>\n","protected":false},"author":1,"featured_media":12016,"comment_status":"open","ping_status":"open","sticky":false,"template":"","format":"standard","meta":{"footnotes":""},"categories":[57],"tags":[],"class_list":["post-12015","post","type-post","status-publish","format-standard","has-post-thumbnail","hentry","category-spor"],"yoast_head":"<!-- This site is optimized with the Yoast SEO plugin v27.4 - https:\/\/yoast.com\/product\/yoast-seo-wordpress\/ -->\n<title>Kayserispor - Be\u015fikta\u015f ma\u00e7\u0131n\u0131n hakemi Adnan Deniz Kayatepe oldu - Memurun Sesi<\/title>\n<meta name=\"robots\" content=\"index, follow, max-snippet:-1, max-image-preview:large, max-video-preview:-1\" \/>\n<link rel=\"canonical\" href=\"https:\/\/memurunsesi.net\/index.php\/2025\/09\/22\/kayserispor-besiktas-macinin-hakemi-adnan-deniz-kayatepe-oldu\/\" \/>\n<meta property=\"og:locale\" content=\"tr_TR\" \/>\n<meta property=\"og:type\" content=\"article\" \/>\n<meta property=\"og:title\" content=\"Kayserispor - Be\u015fikta\u015f ma\u00e7\u0131n\u0131n hakemi Adnan Deniz Kayatepe oldu - Memurun Sesi\" \/>\n<meta property=\"og:description\" content=\"Trendyol S\u00fcper Lig\u2019in 1. hafta erteleme ma\u00e7\u0131nda Be\u015fikta\u015f&#8217;\u0131n, deplasmanda Kayserispor ile oynayaca\u011f\u0131 m\u00fcsabakay\u0131 hakem Adnan Deniz Kayatepe oldu. Trendyol S\u00fcper Lig&#8217;in 1. hafta erteleme ma\u00e7\u0131nda Be\u015fikta\u015f, 24 Eyl\u00fcl \u00c7ar\u015famba g\u00fcn\u00fc saat 20.00\u2019de deplasmanda Kayserispor ile kar\u015f\u0131 kar\u015f\u0131ya gelecek. S\u00f6z konusu m\u00fccadelenin hakemi de Adnan Deniz Kayatepe oldu. Kar\u015f\u0131la\u015fmada Kayatepe&#8217;nin yard\u0131mc\u0131l\u0131klar\u0131n\u0131 Bilal G\u00f6len ve An\u0131l Usta [&hellip;]\" \/>\n<meta property=\"og:url\" content=\"https:\/\/memurunsesi.net\/index.php\/2025\/09\/22\/kayserispor-besiktas-macinin-hakemi-adnan-deniz-kayatepe-oldu\/\" \/>\n<meta property=\"og:site_name\" content=\"Memurun Sesi\" \/>\n<meta property=\"article:publisher\" content=\"https:\/\/www.facebook.com\/unipersen\/?locale=tr_TR\" \/>\n<meta property=\"article:published_time\" content=\"2025-09-22T12:36:17+00:00\" \/>\n<meta property=\"og:image\" content=\"https:\/\/memurunsesi.net\/wp-content\/uploads\/2025\/09\/AW543463_01-scaled.jpg\" \/>\n\t<meta property=\"og:image:width\" content=\"2560\" \/>\n\t<meta property=\"og:image:height\" content=\"1947\" \/>\n\t<meta property=\"og:image:type\" content=\"image\/jpeg\" \/>\n<meta name=\"author\" content=\"Memurun Sesi Haber Merkezi\" \/>\n<meta name=\"twitter:card\" content=\"summary_large_image\" \/>\n<meta name=\"twitter:creator\" content=\"@unipersen\" \/>\n<meta name=\"twitter:site\" content=\"@unipersen\" \/>\n<meta name=\"twitter:label1\" content=\"Yazan:\" \/>\n\t<meta name=\"twitter:data1\" content=\"Memurun Sesi Haber Merkezi\" \/>\n\t<meta name=\"twitter:label2\" content=\"Tahmini okuma s\u00fcresi\" \/>\n\t<meta name=\"twitter:data2\" content=\"1 dakika\" \/>\n<script type=\"application\/ld+json\" class=\"yoast-schema-graph\">{\"@context\":\"https:\\\/\\\/schema.org\",\"@graph\":[{\"@type\":\"Article\",\"@id\":\"https:\\\/\\\/memurunsesi.net\\\/index.php\\\/2025\\\/09\\\/22\\\/kayserispor-besiktas-macinin-hakemi-adnan-deniz-kayatepe-oldu\\\/#article\",\"isPartOf\":{\"@id\":\"https:\\\/\\\/memurunsesi.net\\\/index.php\\\/2025\\\/09\\\/22\\\/kayserispor-besiktas-macinin-hakemi-adnan-deniz-kayatepe-oldu\\\/\"},\"author\":{\"name\":\"Memurun Sesi Haber Merkezi\",\"@id\":\"https:\\\/\\\/memurunsesi.net\\\/#\\\/schema\\\/person\\\/f21c2d73b89f6ee1d80b0a1803e38587\"},\"headline\":\"Kayserispor &#8211; Be\u015fikta\u015f ma\u00e7\u0131n\u0131n hakemi Adnan Deniz Kayatepe oldu\",\"datePublished\":\"2025-09-22T12:36:17+00:00\",\"mainEntityOfPage\":{\"@id\":\"https:\\\/\\\/memurunsesi.net\\\/index.php\\\/2025\\\/09\\\/22\\\/kayserispor-besiktas-macinin-hakemi-adnan-deniz-kayatepe-oldu\\\/\"},\"wordCount\":102,\"commentCount\":0,\"publisher\":{\"@id\":\"https:\\\/\\\/memurunsesi.net\\\/#organization\"},\"image\":{\"@id\":\"https:\\\/\\\/memurunsesi.net\\\/index.php\\\/2025\\\/09\\\/22\\\/kayserispor-besiktas-macinin-hakemi-adnan-deniz-kayatepe-oldu\\\/#primaryimage\"},\"thumbnailUrl\":\"https:\\\/\\\/memurunsesi.net\\\/wp-content\\\/uploads\\\/2025\\\/09\\\/AW543463_01-scaled.jpg\",\"articleSection\":[\"Spor\"],\"inLanguage\":\"tr\",\"potentialAction\":[{\"@type\":\"CommentAction\",\"name\":\"Comment\",\"target\":[\"https:\\\/\\\/memurunsesi.net\\\/index.php\\\/2025\\\/09\\\/22\\\/kayserispor-besiktas-macinin-hakemi-adnan-deniz-kayatepe-oldu\\\/#respond\"]}]},{\"@type\":\"WebPage\",\"@id\":\"https:\\\/\\\/memurunsesi.net\\\/index.php\\\/2025\\\/09\\\/22\\\/kayserispor-besiktas-macinin-hakemi-adnan-deniz-kayatepe-oldu\\\/\",\"url\":\"https:\\\/\\\/memurunsesi.net\\\/index.php\\\/2025\\\/09\\\/22\\\/kayserispor-besiktas-macinin-hakemi-adnan-deniz-kayatepe-oldu\\\/\",\"name\":\"Kayserispor - Be\u015fikta\u015f ma\u00e7\u0131n\u0131n hakemi Adnan Deniz Kayatepe oldu - Memurun Sesi\",\"isPartOf\":{\"@id\":\"https:\\\/\\\/memurunsesi.net\\\/#website\"},\"primaryImageOfPage\":{\"@id\":\"https:\\\/\\\/memurunsesi.net\\\/index.php\\\/2025\\\/09\\\/22\\\/kayserispor-besiktas-macinin-hakemi-adnan-deniz-kayatepe-oldu\\\/#primaryimage\"},\"image\":{\"@id\":\"https:\\\/\\\/memurunsesi.net\\\/index.php\\\/2025\\\/09\\\/22\\\/kayserispor-besiktas-macinin-hakemi-adnan-deniz-kayatepe-oldu\\\/#primaryimage\"},\"thumbnailUrl\":\"https:\\\/\\\/memurunsesi.net\\\/wp-content\\\/uploads\\\/2025\\\/09\\\/AW543463_01-scaled.jpg\",\"datePublished\":\"2025-09-22T12:36:17+00:00\",\"breadcrumb\":{\"@id\":\"https:\\\/\\\/memurunsesi.net\\\/index.php\\\/2025\\\/09\\\/22\\\/kayserispor-besiktas-macinin-hakemi-adnan-deniz-kayatepe-oldu\\\/#breadcrumb\"},\"inLanguage\":\"tr\",\"potentialAction\":[{\"@type\":\"ReadAction\",\"target\":[\"https:\\\/\\\/memurunsesi.net\\\/index.php\\\/2025\\\/09\\\/22\\\/kayserispor-besiktas-macinin-hakemi-adnan-deniz-kayatepe-oldu\\\/\"]}]},{\"@type\":\"ImageObject\",\"inLanguage\":\"tr\",\"@id\":\"https:\\\/\\\/memurunsesi.net\\\/index.php\\\/2025\\\/09\\\/22\\\/kayserispor-besiktas-macinin-hakemi-adnan-deniz-kayatepe-oldu\\\/#primaryimage\",\"url\":\"https:\\\/\\\/memurunsesi.net\\\/wp-content\\\/uploads\\\/2025\\\/09\\\/AW543463_01-scaled.jpg\",\"contentUrl\":\"https:\\\/\\\/memurunsesi.net\\\/wp-content\\\/uploads\\\/2025\\\/09\\\/AW543463_01-scaled.jpg\",\"width\":2560,\"height\":1947,\"caption\":\"TRENDYOL S\u00dcPER L\u0130G'\u0130N 1. HAFTA ERTELEME MA\u00c7INDA BE\u015e\u0130KTA\u015e'IN, DEPLASMANDA KAYSER\u0130SPOR \u0130LE OYNAYACA\u011eI M\u00dcSABAKAYI HAKEM ADNAN DEN\u0130Z KAYATEPE OLDU. (\u0130HA\\\/\u0130STANBUL-\u0130HA) Trendyol S\u00fcper Lig'in 1. hafta erteleme ma\u00e7\u0131nda Be\u015fikta\u015f'\u0131n, deplasmanda Kayserispor ile oynayaca\u011f\u0131 m\u00fcsabakay\u0131 hakem Adnan Deniz Kayatepe oldu.\"},{\"@type\":\"BreadcrumbList\",\"@id\":\"https:\\\/\\\/memurunsesi.net\\\/index.php\\\/2025\\\/09\\\/22\\\/kayserispor-besiktas-macinin-hakemi-adnan-deniz-kayatepe-oldu\\\/#breadcrumb\",\"itemListElement\":[{\"@type\":\"ListItem\",\"position\":1,\"name\":\"Anasayfa\",\"item\":\"https:\\\/\\\/memurunsesi.net\\\/\"},{\"@type\":\"ListItem\",\"position\":2,\"name\":\"Kayserispor &#8211; Be\u015fikta\u015f ma\u00e7\u0131n\u0131n hakemi Adnan Deniz Kayatepe oldu\"}]},{\"@type\":\"WebSite\",\"@id\":\"https:\\\/\\\/memurunsesi.net\\\/#website\",\"url\":\"https:\\\/\\\/memurunsesi.net\\\/\",\"name\":\"Memurun Sesi\",\"description\":\"G\u00fcncel ve Do\u011fru Haber\",\"publisher\":{\"@id\":\"https:\\\/\\\/memurunsesi.net\\\/#organization\"},\"potentialAction\":[{\"@type\":\"SearchAction\",\"target\":{\"@type\":\"EntryPoint\",\"urlTemplate\":\"https:\\\/\\\/memurunsesi.net\\\/?s={search_term_string}\"},\"query-input\":{\"@type\":\"PropertyValueSpecification\",\"valueRequired\":true,\"valueName\":\"search_term_string\"}}],\"inLanguage\":\"tr\"},{\"@type\":\"Organization\",\"@id\":\"https:\\\/\\\/memurunsesi.net\\\/#organization\",\"name\":\"Memurun Sesi\",\"url\":\"https:\\\/\\\/memurunsesi.net\\\/\",\"logo\":{\"@type\":\"ImageObject\",\"inLanguage\":\"tr\",\"@id\":\"https:\\\/\\\/memurunsesi.net\\\/#\\\/schema\\\/logo\\\/image\\\/\",\"url\":\"https:\\\/\\\/memurunsesi.net\\\/wp-content\\\/uploads\\\/2025\\\/11\\\/cropped-MEMURUN-SESI.png\",\"contentUrl\":\"https:\\\/\\\/memurunsesi.net\\\/wp-content\\\/uploads\\\/2025\\\/11\\\/cropped-MEMURUN-SESI.png\",\"width\":238,\"height\":57,\"caption\":\"Memurun Sesi\"},\"image\":{\"@id\":\"https:\\\/\\\/memurunsesi.net\\\/#\\\/schema\\\/logo\\\/image\\\/\"},\"sameAs\":[\"https:\\\/\\\/www.facebook.com\\\/unipersen\\\/?locale=tr_TR\",\"https:\\\/\\\/x.com\\\/unipersen\"]},{\"@type\":\"Person\",\"@id\":\"https:\\\/\\\/memurunsesi.net\\\/#\\\/schema\\\/person\\\/f21c2d73b89f6ee1d80b0a1803e38587\",\"name\":\"Memurun Sesi Haber Merkezi\",\"image\":{\"@type\":\"ImageObject\",\"inLanguage\":\"tr\",\"@id\":\"https:\\\/\\\/secure.gravatar.com\\\/avatar\\\/6cf0505f452ee753f485014986fab09a434671d2b919ee76fc541025c5876a70?s=96&d=mm&r=g\",\"url\":\"https:\\\/\\\/secure.gravatar.com\\\/avatar\\\/6cf0505f452ee753f485014986fab09a434671d2b919ee76fc541025c5876a70?s=96&d=mm&r=g\",\"contentUrl\":\"https:\\\/\\\/secure.gravatar.com\\\/avatar\\\/6cf0505f452ee753f485014986fab09a434671d2b919ee76fc541025c5876a70?s=96&d=mm&r=g\",\"caption\":\"Memurun Sesi Haber Merkezi\"},\"sameAs\":[\"https:\\\/\\\/memurunsesi.net\"],\"url\":\"https:\\\/\\\/memurunsesi.net\\\/index.php\\\/author\\\/uniper\\\/\"}]}<\/script>\n<!-- \/ Yoast SEO plugin. -->","yoast_head_json":{"title":"Kayserispor - Be\u015fikta\u015f ma\u00e7\u0131n\u0131n hakemi Adnan Deniz Kayatepe oldu - Memurun Sesi","robots":{"index":"index","follow":"follow","max-snippet":"max-snippet:-1","max-image-preview":"max-image-preview:large","max-video-preview":"max-video-preview:-1"},"canonical":"https:\/\/memurunsesi.net\/index.php\/2025\/09\/22\/kayserispor-besiktas-macinin-hakemi-adnan-deniz-kayatepe-oldu\/","og_locale":"tr_TR","og_type":"article","og_title":"Kayserispor - Be\u015fikta\u015f ma\u00e7\u0131n\u0131n hakemi Adnan Deniz Kayatepe oldu - Memurun Sesi","og_description":"Trendyol S\u00fcper Lig\u2019in 1. hafta erteleme ma\u00e7\u0131nda Be\u015fikta\u015f&#8217;\u0131n, deplasmanda Kayserispor ile oynayaca\u011f\u0131 m\u00fcsabakay\u0131 hakem Adnan Deniz Kayatepe oldu. Trendyol S\u00fcper Lig&#8217;in 1. hafta erteleme ma\u00e7\u0131nda Be\u015fikta\u015f, 24 Eyl\u00fcl \u00c7ar\u015famba g\u00fcn\u00fc saat 20.00\u2019de deplasmanda Kayserispor ile kar\u015f\u0131 kar\u015f\u0131ya gelecek. S\u00f6z konusu m\u00fccadelenin hakemi de Adnan Deniz Kayatepe oldu. Kar\u015f\u0131la\u015fmada Kayatepe&#8217;nin yard\u0131mc\u0131l\u0131klar\u0131n\u0131 Bilal G\u00f6len ve An\u0131l Usta [&hellip;]","og_url":"https:\/\/memurunsesi.net\/index.php\/2025\/09\/22\/kayserispor-besiktas-macinin-hakemi-adnan-deniz-kayatepe-oldu\/","og_site_name":"Memurun Sesi","article_publisher":"https:\/\/www.facebook.com\/unipersen\/?locale=tr_TR","article_published_time":"2025-09-22T12:36:17+00:00","og_image":[{"width":2560,"height":1947,"url":"https:\/\/memurunsesi.net\/wp-content\/uploads\/2025\/09\/AW543463_01-scaled.jpg","type":"image\/jpeg"}],"author":"Memurun Sesi Haber Merkezi","twitter_card":"summary_large_image","twitter_creator":"@unipersen","twitter_site":"@unipersen","twitter_misc":{"Yazan:":"Memurun Sesi Haber Merkezi","Tahmini okuma s\u00fcresi":"1 dakika"},"schema":{"@context":"https:\/\/schema.org","@graph":[{"@type":"Article","@id":"https:\/\/memurunsesi.net\/index.php\/2025\/09\/22\/kayserispor-besiktas-macinin-hakemi-adnan-deniz-kayatepe-oldu\/#article","isPartOf":{"@id":"https:\/\/memurunsesi.net\/index.php\/2025\/09\/22\/kayserispor-besiktas-macinin-hakemi-adnan-deniz-kayatepe-oldu\/"},"author":{"name":"Memurun Sesi Haber Merkezi","@id":"https:\/\/memurunsesi.net\/#\/schema\/person\/f21c2d73b89f6ee1d80b0a1803e38587"},"headline":"Kayserispor &#8211; Be\u015fikta\u015f ma\u00e7\u0131n\u0131n hakemi Adnan Deniz Kayatepe oldu","datePublished":"2025-09-22T12:36:17+00:00","mainEntityOfPage":{"@id":"https:\/\/memurunsesi.net\/index.php\/2025\/09\/22\/kayserispor-besiktas-macinin-hakemi-adnan-deniz-kayatepe-oldu\/"},"wordCount":102,"commentCount":0,"publisher":{"@id":"https:\/\/memurunsesi.net\/#organization"},"image":{"@id":"https:\/\/memurunsesi.net\/index.php\/2025\/09\/22\/kayserispor-besiktas-macinin-hakemi-adnan-deniz-kayatepe-oldu\/#primaryimage"},"thumbnailUrl":"https:\/\/memurunsesi.net\/wp-content\/uploads\/2025\/09\/AW543463_01-scaled.jpg","articleSection":["Spor"],"inLanguage":"tr","potentialAction":[{"@type":"CommentAction","name":"Comment","target":["https:\/\/memurunsesi.net\/index.php\/2025\/09\/22\/kayserispor-besiktas-macinin-hakemi-adnan-deniz-kayatepe-oldu\/#respond"]}]},{"@type":"WebPage","@id":"https:\/\/memurunsesi.net\/index.php\/2025\/09\/22\/kayserispor-besiktas-macinin-hakemi-adnan-deniz-kayatepe-oldu\/","url":"https:\/\/memurunsesi.net\/index.php\/2025\/09\/22\/kayserispor-besiktas-macinin-hakemi-adnan-deniz-kayatepe-oldu\/","name":"Kayserispor - Be\u015fikta\u015f ma\u00e7\u0131n\u0131n hakemi Adnan Deniz Kayatepe oldu - Memurun Sesi","isPartOf":{"@id":"https:\/\/memurunsesi.net\/#website"},"primaryImageOfPage":{"@id":"https:\/\/memurunsesi.net\/index.php\/2025\/09\/22\/kayserispor-besiktas-macinin-hakemi-adnan-deniz-kayatepe-oldu\/#primaryimage"},"image":{"@id":"https:\/\/memurunsesi.net\/index.php\/2025\/09\/22\/kayserispor-besiktas-macinin-hakemi-adnan-deniz-kayatepe-oldu\/#primaryimage"},"thumbnailUrl":"https:\/\/memurunsesi.net\/wp-content\/uploads\/2025\/09\/AW543463_01-scaled.jpg","datePublished":"2025-09-22T12:36:17+00:00","breadcrumb":{"@id":"https:\/\/memurunsesi.net\/index.php\/2025\/09\/22\/kayserispor-besiktas-macinin-hakemi-adnan-deniz-kayatepe-oldu\/#breadcrumb"},"inLanguage":"tr","potentialAction":[{"@type":"ReadAction","target":["https:\/\/memurunsesi.net\/index.php\/2025\/09\/22\/kayserispor-besiktas-macinin-hakemi-adnan-deniz-kayatepe-oldu\/"]}]},{"@type":"ImageObject","inLanguage":"tr","@id":"https:\/\/memurunsesi.net\/index.php\/2025\/09\/22\/kayserispor-besiktas-macinin-hakemi-adnan-deniz-kayatepe-oldu\/#primaryimage","url":"https:\/\/memurunsesi.net\/wp-content\/uploads\/2025\/09\/AW543463_01-scaled.jpg","contentUrl":"https:\/\/memurunsesi.net\/wp-content\/uploads\/2025\/09\/AW543463_01-scaled.jpg","width":2560,"height":1947,"caption":"TRENDYOL S\u00dcPER L\u0130G'\u0130N 1. HAFTA ERTELEME MA\u00c7INDA BE\u015e\u0130KTA\u015e'IN, DEPLASMANDA KAYSER\u0130SPOR \u0130LE OYNAYACA\u011eI M\u00dcSABAKAYI HAKEM ADNAN DEN\u0130Z KAYATEPE OLDU. (\u0130HA\/\u0130STANBUL-\u0130HA) Trendyol S\u00fcper Lig'in 1. hafta erteleme ma\u00e7\u0131nda Be\u015fikta\u015f'\u0131n, deplasmanda Kayserispor ile oynayaca\u011f\u0131 m\u00fcsabakay\u0131 hakem Adnan Deniz Kayatepe oldu."},{"@type":"BreadcrumbList","@id":"https:\/\/memurunsesi.net\/index.php\/2025\/09\/22\/kayserispor-besiktas-macinin-hakemi-adnan-deniz-kayatepe-oldu\/#breadcrumb","itemListElement":[{"@type":"ListItem","position":1,"name":"Anasayfa","item":"https:\/\/memurunsesi.net\/"},{"@type":"ListItem","position":2,"name":"Kayserispor &#8211; Be\u015fikta\u015f ma\u00e7\u0131n\u0131n hakemi Adnan Deniz Kayatepe oldu"}]},{"@type":"WebSite","@id":"https:\/\/memurunsesi.net\/#website","url":"https:\/\/memurunsesi.net\/","name":"Memurun Sesi","description":"G\u00fcncel ve Do\u011fru Haber","publisher":{"@id":"https:\/\/memurunsesi.net\/#organization"},"potentialAction":[{"@type":"SearchAction","target":{"@type":"EntryPoint","urlTemplate":"https:\/\/memurunsesi.net\/?s={search_term_string}"},"query-input":{"@type":"PropertyValueSpecification","valueRequired":true,"valueName":"search_term_string"}}],"inLanguage":"tr"},{"@type":"Organization","@id":"https:\/\/memurunsesi.net\/#organization","name":"Memurun Sesi","url":"https:\/\/memurunsesi.net\/","logo":{"@type":"ImageObject","inLanguage":"tr","@id":"https:\/\/memurunsesi.net\/#\/schema\/logo\/image\/","url":"https:\/\/memurunsesi.net\/wp-content\/uploads\/2025\/11\/cropped-MEMURUN-SESI.png","contentUrl":"https:\/\/memurunsesi.net\/wp-content\/uploads\/2025\/11\/cropped-MEMURUN-SESI.png","width":238,"height":57,"caption":"Memurun Sesi"},"image":{"@id":"https:\/\/memurunsesi.net\/#\/schema\/logo\/image\/"},"sameAs":["https:\/\/www.facebook.com\/unipersen\/?locale=tr_TR","https:\/\/x.com\/unipersen"]},{"@type":"Person","@id":"https:\/\/memurunsesi.net\/#\/schema\/person\/f21c2d73b89f6ee1d80b0a1803e38587","name":"Memurun Sesi Haber Merkezi","image":{"@type":"ImageObject","inLanguage":"tr","@id":"https:\/\/secure.gravatar.com\/avatar\/6cf0505f452ee753f485014986fab09a434671d2b919ee76fc541025c5876a70?s=96&d=mm&r=g","url":"https:\/\/secure.gravatar.com\/avatar\/6cf0505f452ee753f485014986fab09a434671d2b919ee76fc541025c5876a70?s=96&d=mm&r=g","contentUrl":"https:\/\/secure.gravatar.com\/avatar\/6cf0505f452ee753f485014986fab09a434671d2b919ee76fc541025c5876a70?s=96&d=mm&r=g","caption":"Memurun Sesi Haber Merkezi"},"sameAs":["https:\/\/memurunsesi.net"],"url":"https:\/\/memurunsesi.net\/index.php\/author\/uniper\/"}]}},"_links":{"self":[{"href":"https:\/\/memurunsesi.net\/index.php\/wp-json\/wp\/v2\/posts\/12015","targetHints":{"allow":["GET"]}}],"collection":[{"href":"https:\/\/memurunsesi.net\/index.php\/wp-json\/wp\/v2\/posts"}],"about":[{"href":"https:\/\/memurunsesi.net\/index.php\/wp-json\/wp\/v2\/types\/post"}],"author":[{"embeddable":true,"href":"https:\/\/memurunsesi.net\/index.php\/wp-json\/wp\/v2\/users\/1"}],"replies":[{"embeddable":true,"href":"https:\/\/memurunsesi.net\/index.php\/wp-json\/wp\/v2\/comments?post=12015"}],"version-history":[{"count":1,"href":"https:\/\/memurunsesi.net\/index.php\/wp-json\/wp\/v2\/posts\/12015\/revisions"}],"predecessor-version":[{"id":12017,"href":"https:\/\/memurunsesi.net\/index.php\/wp-json\/wp\/v2\/posts\/12015\/revisions\/12017"}],"wp:featuredmedia":[{"embeddable":true,"href":"https:\/\/memurunsesi.net\/index.php\/wp-json\/wp\/v2\/media\/12016"}],"wp:attachment":[{"href":"https:\/\/memurunsesi.net\/index.php\/wp-json\/wp\/v2\/media?parent=12015"}],"wp:term":[{"taxonomy":"category","embeddable":true,"href":"https:\/\/memurunsesi.net\/index.php\/wp-json\/wp\/v2\/categories?post=12015"},{"taxonomy":"post_tag","embeddable":true,"href":"https:\/\/memurunsesi.net\/index.php\/wp-json\/wp\/v2\/tags?post=12015"}],"curies":[{"name":"wp","href":"https:\/\/api.w.org\/{rel}","templated":true}]}}