{"id":12018,"date":"2025-09-22T15:37:40","date_gmt":"2025-09-22T12:37:40","guid":{"rendered":"https:\/\/memurunsesi.net\/?p=12018"},"modified":"2025-09-22T15:37:40","modified_gmt":"2025-09-22T12:37:40","slug":"yalovada-derekoy-elmasi-ureticisinin-yuzunu-guldurdu","status":"publish","type":"post","link":"https:\/\/memurunsesi.net\/index.php\/2025\/09\/22\/yalovada-derekoy-elmasi-ureticisinin-yuzunu-guldurdu\/","title":{"rendered":"Yalova&#8217;da Derek\u00f6y elmas\u0131 \u00fcreticisinin y\u00fcz\u00fcn\u00fc g\u00fcld\u00fcrd\u00fc"},"content":{"rendered":"<p>  Yalova&#8217;da elma \u00fcretimi yap\u0131lan son k\u00f6ylerden olan Derek\u00f6y&#8217;de bu y\u0131l hem kalite hem fiyat \u00e7ift\u00e7inin y\u00fcz\u00fcn\u00fc g\u00fcld\u00fcrd\u00fc. Muhtar Hidayet K\u00f6ken, g\u00f6letler sayesinde kurakl\u0131ktan etkilenmediklerini, verimin artt\u0131\u011f\u0131n\u0131 ve Derek\u00f6y elmas\u0131n\u0131n pazarlarda marka de\u011ferini korudu\u011funu s\u00f6yledi.<br \/>\n  Bir zamanlar elma denilince akla gelen ilk yerlerden olan Yalova&#8217;da, y\u0131llar ge\u00e7tik\u00e7e \u00fcreticiler farkl\u0131 \u00fcr\u00fcnler yeti\u015ftirmeye ba\u015flam\u0131\u015f ve elma \u00fcretimi azalm\u0131\u015ft\u0131. Kentteki son elma \u00fcretimi yap\u0131lan k\u00f6ylerden olan Derek\u00f6y\u2019de bu y\u0131l elma verimi ve kalitesi beklenenin \u00e7ok \u00fczerinde ger\u00e7ekle\u015fti. Derek\u00f6y Muhtar\u0131 Hidayet K\u00f6ken, g\u00f6letlerin devreye girmesiyle sulama imkanlar\u0131n\u0131n artmas\u0131n\u0131n \u00fcretimi ve kaliteyi do\u011frudan etkiledi\u011fini s\u00f6yledi. Muhtar K\u00f6ken yapt\u0131\u011f\u0131 a\u00e7\u0131klamada, &#8220;G\u00f6letlerin faydas\u0131 \u00e7ok fazla oldu. Bu y\u0131l olan kurakl\u0131ktan g\u00f6letler sayesinde hi\u00e7 etkilenmedik&#8221; diye konu\u015ftu. <\/p>\n<p>  \u00c7ift\u00e7inin y\u00fcz\u00fc g\u00fcld\u00fc<br \/>\n  Ge\u00e7en y\u0131la k\u0131yasla fiyatlar\u0131n \u00e7ift\u00e7inin y\u00fcz\u00fcn\u00fc g\u00fcld\u00fcrd\u00fc\u011f\u00fcn\u00fc belirten Muhtar K\u00f6ken, &#8220;Ge\u00e7en y\u0131l elmay\u0131 12,5 TL\u2019ye verdik, dal\u0131ndan. Bu y\u0131l 45 TL\u2019ye verildi. Elma \u015fu an 40-50 TL aras\u0131nda de\u011fi\u015fiyor. Bu y\u0131lki fiyatlar ge\u00e7en y\u0131lki fiyatlardan y\u00fcksek. Bu y\u0131l memnunuz. \u00c7ift\u00e7i b\u00fct\u00fcn meyvelerden \u00e7ok para kazand\u0131 bu y\u0131l&#8221; dedi. Derek\u00f6y\u2019de yap\u0131lan sulama g\u00f6letlerinin \u00e7ift\u00e7ilere b\u00fcy\u00fck katk\u0131 sa\u011flad\u0131\u011f\u0131n\u0131 vurgulayan K\u00f6ken, g\u00f6letlerin b\u00fcy\u00fck yat\u0131r\u0131mlar sonucu kuruldu\u011funu s\u00f6yledi.<br \/>\n  Sulama imkan\u0131n\u0131n d\u00fczenli olmas\u0131 nedeniyle a\u011fa\u00e7lar\u0131n b\u00fcy\u00fcd\u00fc\u011f\u00fcn\u00fc, verimin artt\u0131\u011f\u0131n\u0131 ve yeni \u00e7e\u015fit bah\u00e7elerinin kurulabildi\u011fini ifade eden Muhtar K\u00f6ken, &#8220;B\u00f6lgeye bir g\u00f6let daha yap\u0131l\u0131rsa elma rekoltesi 2 bin tonlara kadar \u00e7\u0131kabilir. Derek\u00f6y Yalova\u2019daki elma \u00fcretim gelene\u011fini ayakta tutan yerlerden biri. Elma bakmak zor, art\u0131k herkes elma bakm\u0131yor ama Derek\u00f6y hala bu de\u011ferini koruyor. Yalova\u2019da elma yapacak son k\u00f6ylerden biri Derek\u00f6y\u2019d\u00fcr. Yalova\u2019da sadece Derek\u00f6y kald\u0131. Derek\u00f6y elmalar\u0131 \u0130stanbul pazarlar\u0131nda ve Yalova pazarlar\u0131nda Derek\u00f6y elmas\u0131 ad\u0131yla sat\u0131l\u0131yor. Derek\u00f6y elmada bir markad\u0131r&#8221; diye konu\u015ftu. <\/p>\n<p>  Pazarlamada s\u0131k\u0131nt\u0131 ya\u015fanmad\u0131<br \/>\n  Derek\u00f6y\u2019de yeti\u015ftirilen ba\u015fl\u0131ca elma \u00e7e\u015fitleri aras\u0131nda Golden, Starking, M106 ve M9&#8217;un yer ald\u0131\u011f\u0131n\u0131 dile getiren Muhtar K\u00f6ken, pazarlama a\u00e7\u0131s\u0131ndan bu sezon sorun ya\u015fanmad\u0131\u011f\u0131n\u0131 s\u00f6zlerine ekleyerek, &#8220;T\u00fcrkiye genelinde elma pop\u00fclasyonu azalmaya ba\u015flad\u0131. Gen\u00e7 neslin elma yeti\u015ftiricili\u011fine y\u00f6nelmemesi nedeniyle \u00fcretici say\u0131s\u0131 d\u00fc\u015f\u00fcyor. Elma bakmak \u00e7ok zor. Zor oldu\u011fu i\u00e7in yeni nesil y\u00f6nelmiyor. Y\u00f6nelmedi\u011fi i\u00e7in de pop\u00fclasyon azalmaya ba\u015flad\u0131. Art\u0131k bu i\u015f bizde kald\u0131. Derek\u00f6y bu konuda nam\u0131n\u0131 hala y\u00fcr\u00fct\u00fcyor&#8221; dedi. <\/p>\n<p>22.09.2025                                <\/p>\n","protected":false},"excerpt":{"rendered":"<p>Yalova&#8217;da elma \u00fcretimi yap\u0131lan son k\u00f6ylerden olan Derek\u00f6y&#8217;de bu y\u0131l hem kalite hem fiyat \u00e7ift\u00e7inin y\u00fcz\u00fcn\u00fc g\u00fcld\u00fcrd\u00fc. Muhtar Hidayet K\u00f6ken, g\u00f6letler sayesinde kurakl\u0131ktan etkilenmediklerini, verimin artt\u0131\u011f\u0131n\u0131 ve Derek\u00f6y elmas\u0131n\u0131n pazarlarda marka de\u011ferini korudu\u011funu s\u00f6yledi. Bir zamanlar elma denilince akla gelen ilk yerlerden olan Yalova&#8217;da, y\u0131llar ge\u00e7tik\u00e7e \u00fcreticiler farkl\u0131 \u00fcr\u00fcnler yeti\u015ftirmeye ba\u015flam\u0131\u015f ve elma \u00fcretimi azalm\u0131\u015ft\u0131. [&hellip;]<\/p>\n","protected":false},"author":1,"featured_media":12019,"comment_status":"open","ping_status":"open","sticky":false,"template":"","format":"standard","meta":{"footnotes":""},"categories":[50],"tags":[],"class_list":["post-12018","post","type-post","status-publish","format-standard","has-post-thumbnail","hentry","category-tum-haberler"],"yoast_head":"<!-- This site is optimized with the Yoast SEO plugin v27.4 - https:\/\/yoast.com\/product\/yoast-seo-wordpress\/ -->\n<title>Yalova&#039;da Derek\u00f6y elmas\u0131 \u00fcreticisinin y\u00fcz\u00fcn\u00fc g\u00fcld\u00fcrd\u00fc - Memurun Sesi<\/title>\n<meta name=\"robots\" content=\"index, follow, max-snippet:-1, max-image-preview:large, max-video-preview:-1\" \/>\n<link rel=\"canonical\" href=\"https:\/\/memurunsesi.net\/index.php\/2025\/09\/22\/yalovada-derekoy-elmasi-ureticisinin-yuzunu-guldurdu\/\" \/>\n<meta property=\"og:locale\" content=\"tr_TR\" \/>\n<meta property=\"og:type\" content=\"article\" \/>\n<meta property=\"og:title\" content=\"Yalova&#039;da Derek\u00f6y elmas\u0131 \u00fcreticisinin y\u00fcz\u00fcn\u00fc g\u00fcld\u00fcrd\u00fc - Memurun Sesi\" \/>\n<meta property=\"og:description\" content=\"Yalova&#8217;da elma \u00fcretimi yap\u0131lan son k\u00f6ylerden olan Derek\u00f6y&#8217;de bu y\u0131l hem kalite hem fiyat \u00e7ift\u00e7inin y\u00fcz\u00fcn\u00fc g\u00fcld\u00fcrd\u00fc. Muhtar Hidayet K\u00f6ken, g\u00f6letler sayesinde kurakl\u0131ktan etkilenmediklerini, verimin artt\u0131\u011f\u0131n\u0131 ve Derek\u00f6y elmas\u0131n\u0131n pazarlarda marka de\u011ferini korudu\u011funu s\u00f6yledi. Bir zamanlar elma denilince akla gelen ilk yerlerden olan Yalova&#8217;da, y\u0131llar ge\u00e7tik\u00e7e \u00fcreticiler farkl\u0131 \u00fcr\u00fcnler yeti\u015ftirmeye ba\u015flam\u0131\u015f ve elma \u00fcretimi azalm\u0131\u015ft\u0131. [&hellip;]\" \/>\n<meta property=\"og:url\" content=\"https:\/\/memurunsesi.net\/index.php\/2025\/09\/22\/yalovada-derekoy-elmasi-ureticisinin-yuzunu-guldurdu\/\" \/>\n<meta property=\"og:site_name\" content=\"Memurun Sesi\" \/>\n<meta property=\"article:publisher\" content=\"https:\/\/www.facebook.com\/unipersen\/?locale=tr_TR\" \/>\n<meta property=\"article:published_time\" content=\"2025-09-22T12:37:40+00:00\" \/>\n<meta property=\"og:image\" content=\"https:\/\/memurunsesi.net\/wp-content\/uploads\/2025\/09\/AW543465_01.jpg\" \/>\n\t<meta property=\"og:image:width\" content=\"1600\" \/>\n\t<meta property=\"og:image:height\" content=\"1200\" \/>\n\t<meta property=\"og:image:type\" content=\"image\/jpeg\" \/>\n<meta name=\"author\" content=\"Memurun Sesi Haber Merkezi\" \/>\n<meta name=\"twitter:card\" content=\"summary_large_image\" \/>\n<meta name=\"twitter:creator\" content=\"@unipersen\" \/>\n<meta name=\"twitter:site\" content=\"@unipersen\" \/>\n<meta name=\"twitter:label1\" content=\"Yazan:\" \/>\n\t<meta name=\"twitter:data1\" content=\"Memurun Sesi Haber Merkezi\" \/>\n\t<meta name=\"twitter:label2\" content=\"Tahmini okuma s\u00fcresi\" \/>\n\t<meta name=\"twitter:data2\" content=\"1 dakika\" \/>\n<script type=\"application\/ld+json\" class=\"yoast-schema-graph\">{\"@context\":\"https:\\\/\\\/schema.org\",\"@graph\":[{\"@type\":\"Article\",\"@id\":\"https:\\\/\\\/memurunsesi.net\\\/index.php\\\/2025\\\/09\\\/22\\\/yalovada-derekoy-elmasi-ureticisinin-yuzunu-guldurdu\\\/#article\",\"isPartOf\":{\"@id\":\"https:\\\/\\\/memurunsesi.net\\\/index.php\\\/2025\\\/09\\\/22\\\/yalovada-derekoy-elmasi-ureticisinin-yuzunu-guldurdu\\\/\"},\"author\":{\"name\":\"Memurun Sesi Haber Merkezi\",\"@id\":\"https:\\\/\\\/memurunsesi.net\\\/#\\\/schema\\\/person\\\/f21c2d73b89f6ee1d80b0a1803e38587\"},\"headline\":\"Yalova&#8217;da Derek\u00f6y elmas\u0131 \u00fcreticisinin y\u00fcz\u00fcn\u00fc g\u00fcld\u00fcrd\u00fc\",\"datePublished\":\"2025-09-22T12:37:40+00:00\",\"mainEntityOfPage\":{\"@id\":\"https:\\\/\\\/memurunsesi.net\\\/index.php\\\/2025\\\/09\\\/22\\\/yalovada-derekoy-elmasi-ureticisinin-yuzunu-guldurdu\\\/\"},\"wordCount\":519,\"commentCount\":0,\"publisher\":{\"@id\":\"https:\\\/\\\/memurunsesi.net\\\/#organization\"},\"image\":{\"@id\":\"https:\\\/\\\/memurunsesi.net\\\/index.php\\\/2025\\\/09\\\/22\\\/yalovada-derekoy-elmasi-ureticisinin-yuzunu-guldurdu\\\/#primaryimage\"},\"thumbnailUrl\":\"https:\\\/\\\/memurunsesi.net\\\/wp-content\\\/uploads\\\/2025\\\/09\\\/AW543465_01.jpg\",\"articleSection\":[\"T\u00fcm Haberler\"],\"inLanguage\":\"tr\",\"potentialAction\":[{\"@type\":\"CommentAction\",\"name\":\"Comment\",\"target\":[\"https:\\\/\\\/memurunsesi.net\\\/index.php\\\/2025\\\/09\\\/22\\\/yalovada-derekoy-elmasi-ureticisinin-yuzunu-guldurdu\\\/#respond\"]}]},{\"@type\":\"WebPage\",\"@id\":\"https:\\\/\\\/memurunsesi.net\\\/index.php\\\/2025\\\/09\\\/22\\\/yalovada-derekoy-elmasi-ureticisinin-yuzunu-guldurdu\\\/\",\"url\":\"https:\\\/\\\/memurunsesi.net\\\/index.php\\\/2025\\\/09\\\/22\\\/yalovada-derekoy-elmasi-ureticisinin-yuzunu-guldurdu\\\/\",\"name\":\"Yalova'da Derek\u00f6y elmas\u0131 \u00fcreticisinin y\u00fcz\u00fcn\u00fc g\u00fcld\u00fcrd\u00fc - Memurun Sesi\",\"isPartOf\":{\"@id\":\"https:\\\/\\\/memurunsesi.net\\\/#website\"},\"primaryImageOfPage\":{\"@id\":\"https:\\\/\\\/memurunsesi.net\\\/index.php\\\/2025\\\/09\\\/22\\\/yalovada-derekoy-elmasi-ureticisinin-yuzunu-guldurdu\\\/#primaryimage\"},\"image\":{\"@id\":\"https:\\\/\\\/memurunsesi.net\\\/index.php\\\/2025\\\/09\\\/22\\\/yalovada-derekoy-elmasi-ureticisinin-yuzunu-guldurdu\\\/#primaryimage\"},\"thumbnailUrl\":\"https:\\\/\\\/memurunsesi.net\\\/wp-content\\\/uploads\\\/2025\\\/09\\\/AW543465_01.jpg\",\"datePublished\":\"2025-09-22T12:37:40+00:00\",\"breadcrumb\":{\"@id\":\"https:\\\/\\\/memurunsesi.net\\\/index.php\\\/2025\\\/09\\\/22\\\/yalovada-derekoy-elmasi-ureticisinin-yuzunu-guldurdu\\\/#breadcrumb\"},\"inLanguage\":\"tr\",\"potentialAction\":[{\"@type\":\"ReadAction\",\"target\":[\"https:\\\/\\\/memurunsesi.net\\\/index.php\\\/2025\\\/09\\\/22\\\/yalovada-derekoy-elmasi-ureticisinin-yuzunu-guldurdu\\\/\"]}]},{\"@type\":\"ImageObject\",\"inLanguage\":\"tr\",\"@id\":\"https:\\\/\\\/memurunsesi.net\\\/index.php\\\/2025\\\/09\\\/22\\\/yalovada-derekoy-elmasi-ureticisinin-yuzunu-guldurdu\\\/#primaryimage\",\"url\":\"https:\\\/\\\/memurunsesi.net\\\/wp-content\\\/uploads\\\/2025\\\/09\\\/AW543465_01.jpg\",\"contentUrl\":\"https:\\\/\\\/memurunsesi.net\\\/wp-content\\\/uploads\\\/2025\\\/09\\\/AW543465_01.jpg\",\"width\":1600,\"height\":1200,\"caption\":\"YALOVA'DA ELMA \u00dcRET\u0130M\u0130 YAPILAN SON K\u00d6YLERDEN OLAN DEREK\u00d6Y'DE YIL HEM KAL\u0130TE HEM F\u0130YAT \u00c7\u0130FT\u00c7\u0130N\u0130N Y\u00dcZ\u00dcN\u00dc G\u00dcLD\u00dcRD\u00dc. (ZEYNEP TA\u015eTAN\\\/YALOVA-\u0130HA) Yalova'da elma \u00fcretimi yap\u0131lan son k\u00f6ylerden olan Derek\u00f6y'de bu y\u0131l hem kalite hem fiyat \u00e7ift\u00e7inin y\u00fcz\u00fcn\u00fc g\u00fcld\u00fcrd\u00fc. Muhtar Hidayet K\u00f6ken, g\u00f6letler sayesinde kurakl\u0131ktan etkilenmediklerini, verimin artt\u0131\u011f\u0131n\u0131 ve Derek\u00f6y elmas\u0131n\u0131n pazarlarda marka de\u011ferini korudu\u011funu s\u00f6yledi.\"},{\"@type\":\"BreadcrumbList\",\"@id\":\"https:\\\/\\\/memurunsesi.net\\\/index.php\\\/2025\\\/09\\\/22\\\/yalovada-derekoy-elmasi-ureticisinin-yuzunu-guldurdu\\\/#breadcrumb\",\"itemListElement\":[{\"@type\":\"ListItem\",\"position\":1,\"name\":\"Anasayfa\",\"item\":\"https:\\\/\\\/memurunsesi.net\\\/\"},{\"@type\":\"ListItem\",\"position\":2,\"name\":\"Yalova&#8217;da Derek\u00f6y elmas\u0131 \u00fcreticisinin y\u00fcz\u00fcn\u00fc g\u00fcld\u00fcrd\u00fc\"}]},{\"@type\":\"WebSite\",\"@id\":\"https:\\\/\\\/memurunsesi.net\\\/#website\",\"url\":\"https:\\\/\\\/memurunsesi.net\\\/\",\"name\":\"Memurun Sesi\",\"description\":\"G\u00fcncel ve Do\u011fru Haber\",\"publisher\":{\"@id\":\"https:\\\/\\\/memurunsesi.net\\\/#organization\"},\"potentialAction\":[{\"@type\":\"SearchAction\",\"target\":{\"@type\":\"EntryPoint\",\"urlTemplate\":\"https:\\\/\\\/memurunsesi.net\\\/?s={search_term_string}\"},\"query-input\":{\"@type\":\"PropertyValueSpecification\",\"valueRequired\":true,\"valueName\":\"search_term_string\"}}],\"inLanguage\":\"tr\"},{\"@type\":\"Organization\",\"@id\":\"https:\\\/\\\/memurunsesi.net\\\/#organization\",\"name\":\"Memurun Sesi\",\"url\":\"https:\\\/\\\/memurunsesi.net\\\/\",\"logo\":{\"@type\":\"ImageObject\",\"inLanguage\":\"tr\",\"@id\":\"https:\\\/\\\/memurunsesi.net\\\/#\\\/schema\\\/logo\\\/image\\\/\",\"url\":\"https:\\\/\\\/memurunsesi.net\\\/wp-content\\\/uploads\\\/2025\\\/11\\\/cropped-MEMURUN-SESI.png\",\"contentUrl\":\"https:\\\/\\\/memurunsesi.net\\\/wp-content\\\/uploads\\\/2025\\\/11\\\/cropped-MEMURUN-SESI.png\",\"width\":238,\"height\":57,\"caption\":\"Memurun Sesi\"},\"image\":{\"@id\":\"https:\\\/\\\/memurunsesi.net\\\/#\\\/schema\\\/logo\\\/image\\\/\"},\"sameAs\":[\"https:\\\/\\\/www.facebook.com\\\/unipersen\\\/?locale=tr_TR\",\"https:\\\/\\\/x.com\\\/unipersen\"]},{\"@type\":\"Person\",\"@id\":\"https:\\\/\\\/memurunsesi.net\\\/#\\\/schema\\\/person\\\/f21c2d73b89f6ee1d80b0a1803e38587\",\"name\":\"Memurun Sesi Haber Merkezi\",\"image\":{\"@type\":\"ImageObject\",\"inLanguage\":\"tr\",\"@id\":\"https:\\\/\\\/secure.gravatar.com\\\/avatar\\\/6cf0505f452ee753f485014986fab09a434671d2b919ee76fc541025c5876a70?s=96&d=mm&r=g\",\"url\":\"https:\\\/\\\/secure.gravatar.com\\\/avatar\\\/6cf0505f452ee753f485014986fab09a434671d2b919ee76fc541025c5876a70?s=96&d=mm&r=g\",\"contentUrl\":\"https:\\\/\\\/secure.gravatar.com\\\/avatar\\\/6cf0505f452ee753f485014986fab09a434671d2b919ee76fc541025c5876a70?s=96&d=mm&r=g\",\"caption\":\"Memurun Sesi Haber Merkezi\"},\"sameAs\":[\"https:\\\/\\\/memurunsesi.net\"],\"url\":\"https:\\\/\\\/memurunsesi.net\\\/index.php\\\/author\\\/uniper\\\/\"}]}<\/script>\n<!-- \/ Yoast SEO plugin. -->","yoast_head_json":{"title":"Yalova'da Derek\u00f6y elmas\u0131 \u00fcreticisinin y\u00fcz\u00fcn\u00fc g\u00fcld\u00fcrd\u00fc - Memurun Sesi","robots":{"index":"index","follow":"follow","max-snippet":"max-snippet:-1","max-image-preview":"max-image-preview:large","max-video-preview":"max-video-preview:-1"},"canonical":"https:\/\/memurunsesi.net\/index.php\/2025\/09\/22\/yalovada-derekoy-elmasi-ureticisinin-yuzunu-guldurdu\/","og_locale":"tr_TR","og_type":"article","og_title":"Yalova'da Derek\u00f6y elmas\u0131 \u00fcreticisinin y\u00fcz\u00fcn\u00fc g\u00fcld\u00fcrd\u00fc - Memurun Sesi","og_description":"Yalova&#8217;da elma \u00fcretimi yap\u0131lan son k\u00f6ylerden olan Derek\u00f6y&#8217;de bu y\u0131l hem kalite hem fiyat \u00e7ift\u00e7inin y\u00fcz\u00fcn\u00fc g\u00fcld\u00fcrd\u00fc. Muhtar Hidayet K\u00f6ken, g\u00f6letler sayesinde kurakl\u0131ktan etkilenmediklerini, verimin artt\u0131\u011f\u0131n\u0131 ve Derek\u00f6y elmas\u0131n\u0131n pazarlarda marka de\u011ferini korudu\u011funu s\u00f6yledi. Bir zamanlar elma denilince akla gelen ilk yerlerden olan Yalova&#8217;da, y\u0131llar ge\u00e7tik\u00e7e \u00fcreticiler farkl\u0131 \u00fcr\u00fcnler yeti\u015ftirmeye ba\u015flam\u0131\u015f ve elma \u00fcretimi azalm\u0131\u015ft\u0131. [&hellip;]","og_url":"https:\/\/memurunsesi.net\/index.php\/2025\/09\/22\/yalovada-derekoy-elmasi-ureticisinin-yuzunu-guldurdu\/","og_site_name":"Memurun Sesi","article_publisher":"https:\/\/www.facebook.com\/unipersen\/?locale=tr_TR","article_published_time":"2025-09-22T12:37:40+00:00","og_image":[{"width":1600,"height":1200,"url":"https:\/\/memurunsesi.net\/wp-content\/uploads\/2025\/09\/AW543465_01.jpg","type":"image\/jpeg"}],"author":"Memurun Sesi Haber Merkezi","twitter_card":"summary_large_image","twitter_creator":"@unipersen","twitter_site":"@unipersen","twitter_misc":{"Yazan:":"Memurun Sesi Haber Merkezi","Tahmini okuma s\u00fcresi":"1 dakika"},"schema":{"@context":"https:\/\/schema.org","@graph":[{"@type":"Article","@id":"https:\/\/memurunsesi.net\/index.php\/2025\/09\/22\/yalovada-derekoy-elmasi-ureticisinin-yuzunu-guldurdu\/#article","isPartOf":{"@id":"https:\/\/memurunsesi.net\/index.php\/2025\/09\/22\/yalovada-derekoy-elmasi-ureticisinin-yuzunu-guldurdu\/"},"author":{"name":"Memurun Sesi Haber Merkezi","@id":"https:\/\/memurunsesi.net\/#\/schema\/person\/f21c2d73b89f6ee1d80b0a1803e38587"},"headline":"Yalova&#8217;da Derek\u00f6y elmas\u0131 \u00fcreticisinin y\u00fcz\u00fcn\u00fc g\u00fcld\u00fcrd\u00fc","datePublished":"2025-09-22T12:37:40+00:00","mainEntityOfPage":{"@id":"https:\/\/memurunsesi.net\/index.php\/2025\/09\/22\/yalovada-derekoy-elmasi-ureticisinin-yuzunu-guldurdu\/"},"wordCount":519,"commentCount":0,"publisher":{"@id":"https:\/\/memurunsesi.net\/#organization"},"image":{"@id":"https:\/\/memurunsesi.net\/index.php\/2025\/09\/22\/yalovada-derekoy-elmasi-ureticisinin-yuzunu-guldurdu\/#primaryimage"},"thumbnailUrl":"https:\/\/memurunsesi.net\/wp-content\/uploads\/2025\/09\/AW543465_01.jpg","articleSection":["T\u00fcm Haberler"],"inLanguage":"tr","potentialAction":[{"@type":"CommentAction","name":"Comment","target":["https:\/\/memurunsesi.net\/index.php\/2025\/09\/22\/yalovada-derekoy-elmasi-ureticisinin-yuzunu-guldurdu\/#respond"]}]},{"@type":"WebPage","@id":"https:\/\/memurunsesi.net\/index.php\/2025\/09\/22\/yalovada-derekoy-elmasi-ureticisinin-yuzunu-guldurdu\/","url":"https:\/\/memurunsesi.net\/index.php\/2025\/09\/22\/yalovada-derekoy-elmasi-ureticisinin-yuzunu-guldurdu\/","name":"Yalova'da Derek\u00f6y elmas\u0131 \u00fcreticisinin y\u00fcz\u00fcn\u00fc g\u00fcld\u00fcrd\u00fc - Memurun Sesi","isPartOf":{"@id":"https:\/\/memurunsesi.net\/#website"},"primaryImageOfPage":{"@id":"https:\/\/memurunsesi.net\/index.php\/2025\/09\/22\/yalovada-derekoy-elmasi-ureticisinin-yuzunu-guldurdu\/#primaryimage"},"image":{"@id":"https:\/\/memurunsesi.net\/index.php\/2025\/09\/22\/yalovada-derekoy-elmasi-ureticisinin-yuzunu-guldurdu\/#primaryimage"},"thumbnailUrl":"https:\/\/memurunsesi.net\/wp-content\/uploads\/2025\/09\/AW543465_01.jpg","datePublished":"2025-09-22T12:37:40+00:00","breadcrumb":{"@id":"https:\/\/memurunsesi.net\/index.php\/2025\/09\/22\/yalovada-derekoy-elmasi-ureticisinin-yuzunu-guldurdu\/#breadcrumb"},"inLanguage":"tr","potentialAction":[{"@type":"ReadAction","target":["https:\/\/memurunsesi.net\/index.php\/2025\/09\/22\/yalovada-derekoy-elmasi-ureticisinin-yuzunu-guldurdu\/"]}]},{"@type":"ImageObject","inLanguage":"tr","@id":"https:\/\/memurunsesi.net\/index.php\/2025\/09\/22\/yalovada-derekoy-elmasi-ureticisinin-yuzunu-guldurdu\/#primaryimage","url":"https:\/\/memurunsesi.net\/wp-content\/uploads\/2025\/09\/AW543465_01.jpg","contentUrl":"https:\/\/memurunsesi.net\/wp-content\/uploads\/2025\/09\/AW543465_01.jpg","width":1600,"height":1200,"caption":"YALOVA'DA ELMA \u00dcRET\u0130M\u0130 YAPILAN SON K\u00d6YLERDEN OLAN DEREK\u00d6Y'DE YIL HEM KAL\u0130TE HEM F\u0130YAT \u00c7\u0130FT\u00c7\u0130N\u0130N Y\u00dcZ\u00dcN\u00dc G\u00dcLD\u00dcRD\u00dc. (ZEYNEP TA\u015eTAN\/YALOVA-\u0130HA) Yalova'da elma \u00fcretimi yap\u0131lan son k\u00f6ylerden olan Derek\u00f6y'de bu y\u0131l hem kalite hem fiyat \u00e7ift\u00e7inin y\u00fcz\u00fcn\u00fc g\u00fcld\u00fcrd\u00fc. Muhtar Hidayet K\u00f6ken, g\u00f6letler sayesinde kurakl\u0131ktan etkilenmediklerini, verimin artt\u0131\u011f\u0131n\u0131 ve Derek\u00f6y elmas\u0131n\u0131n pazarlarda marka de\u011ferini korudu\u011funu s\u00f6yledi."},{"@type":"BreadcrumbList","@id":"https:\/\/memurunsesi.net\/index.php\/2025\/09\/22\/yalovada-derekoy-elmasi-ureticisinin-yuzunu-guldurdu\/#breadcrumb","itemListElement":[{"@type":"ListItem","position":1,"name":"Anasayfa","item":"https:\/\/memurunsesi.net\/"},{"@type":"ListItem","position":2,"name":"Yalova&#8217;da Derek\u00f6y elmas\u0131 \u00fcreticisinin y\u00fcz\u00fcn\u00fc g\u00fcld\u00fcrd\u00fc"}]},{"@type":"WebSite","@id":"https:\/\/memurunsesi.net\/#website","url":"https:\/\/memurunsesi.net\/","name":"Memurun Sesi","description":"G\u00fcncel ve Do\u011fru Haber","publisher":{"@id":"https:\/\/memurunsesi.net\/#organization"},"potentialAction":[{"@type":"SearchAction","target":{"@type":"EntryPoint","urlTemplate":"https:\/\/memurunsesi.net\/?s={search_term_string}"},"query-input":{"@type":"PropertyValueSpecification","valueRequired":true,"valueName":"search_term_string"}}],"inLanguage":"tr"},{"@type":"Organization","@id":"https:\/\/memurunsesi.net\/#organization","name":"Memurun Sesi","url":"https:\/\/memurunsesi.net\/","logo":{"@type":"ImageObject","inLanguage":"tr","@id":"https:\/\/memurunsesi.net\/#\/schema\/logo\/image\/","url":"https:\/\/memurunsesi.net\/wp-content\/uploads\/2025\/11\/cropped-MEMURUN-SESI.png","contentUrl":"https:\/\/memurunsesi.net\/wp-content\/uploads\/2025\/11\/cropped-MEMURUN-SESI.png","width":238,"height":57,"caption":"Memurun Sesi"},"image":{"@id":"https:\/\/memurunsesi.net\/#\/schema\/logo\/image\/"},"sameAs":["https:\/\/www.facebook.com\/unipersen\/?locale=tr_TR","https:\/\/x.com\/unipersen"]},{"@type":"Person","@id":"https:\/\/memurunsesi.net\/#\/schema\/person\/f21c2d73b89f6ee1d80b0a1803e38587","name":"Memurun Sesi Haber Merkezi","image":{"@type":"ImageObject","inLanguage":"tr","@id":"https:\/\/secure.gravatar.com\/avatar\/6cf0505f452ee753f485014986fab09a434671d2b919ee76fc541025c5876a70?s=96&d=mm&r=g","url":"https:\/\/secure.gravatar.com\/avatar\/6cf0505f452ee753f485014986fab09a434671d2b919ee76fc541025c5876a70?s=96&d=mm&r=g","contentUrl":"https:\/\/secure.gravatar.com\/avatar\/6cf0505f452ee753f485014986fab09a434671d2b919ee76fc541025c5876a70?s=96&d=mm&r=g","caption":"Memurun Sesi Haber Merkezi"},"sameAs":["https:\/\/memurunsesi.net"],"url":"https:\/\/memurunsesi.net\/index.php\/author\/uniper\/"}]}},"_links":{"self":[{"href":"https:\/\/memurunsesi.net\/index.php\/wp-json\/wp\/v2\/posts\/12018","targetHints":{"allow":["GET"]}}],"collection":[{"href":"https:\/\/memurunsesi.net\/index.php\/wp-json\/wp\/v2\/posts"}],"about":[{"href":"https:\/\/memurunsesi.net\/index.php\/wp-json\/wp\/v2\/types\/post"}],"author":[{"embeddable":true,"href":"https:\/\/memurunsesi.net\/index.php\/wp-json\/wp\/v2\/users\/1"}],"replies":[{"embeddable":true,"href":"https:\/\/memurunsesi.net\/index.php\/wp-json\/wp\/v2\/comments?post=12018"}],"version-history":[{"count":1,"href":"https:\/\/memurunsesi.net\/index.php\/wp-json\/wp\/v2\/posts\/12018\/revisions"}],"predecessor-version":[{"id":12020,"href":"https:\/\/memurunsesi.net\/index.php\/wp-json\/wp\/v2\/posts\/12018\/revisions\/12020"}],"wp:featuredmedia":[{"embeddable":true,"href":"https:\/\/memurunsesi.net\/index.php\/wp-json\/wp\/v2\/media\/12019"}],"wp:attachment":[{"href":"https:\/\/memurunsesi.net\/index.php\/wp-json\/wp\/v2\/media?parent=12018"}],"wp:term":[{"taxonomy":"category","embeddable":true,"href":"https:\/\/memurunsesi.net\/index.php\/wp-json\/wp\/v2\/categories?post=12018"},{"taxonomy":"post_tag","embeddable":true,"href":"https:\/\/memurunsesi.net\/index.php\/wp-json\/wp\/v2\/tags?post=12018"}],"curies":[{"name":"wp","href":"https:\/\/api.w.org\/{rel}","templated":true}]}}