{"id":12021,"date":"2025-09-22T15:38:46","date_gmt":"2025-09-22T12:38:46","guid":{"rendered":"https:\/\/memurunsesi.net\/?p=12021"},"modified":"2025-09-22T15:38:46","modified_gmt":"2025-09-22T12:38:46","slug":"3-padisah-12-cumhurbaskani-goren-127-yasindaki-amasyali-ayse-nine-vefat-etti","status":"publish","type":"post","link":"https:\/\/memurunsesi.net\/index.php\/2025\/09\/22\/3-padisah-12-cumhurbaskani-goren-127-yasindaki-amasyali-ayse-nine-vefat-etti\/","title":{"rendered":"3 padi\u015fah, 12 cumhurba\u015fkan\u0131 g\u00f6ren 127 ya\u015f\u0131ndaki Amasyal\u0131 &#8216;Ay\u015fe Nine&#8217; vefat etti"},"content":{"rendered":"<p>  Amasya\u2019n\u0131n Suluova il\u00e7esinde 127 ya\u015f\u0131ndaki Ay\u015fe Bayr\u0131, hayat\u0131n\u0131 kaybetti. 3 padi\u015fah ile 12 cumhurba\u015fkan\u0131 d\u00f6nemine tan\u0131kl\u0131k eden 5 \u00e7ocuk ve 20 torun sahibi Ay\u015fe Nine, son yolculu\u011funa u\u011furland\u0131.<br \/>\n  Nefes darl\u0131\u011f\u0131 ve organ yetmezli\u011finden dolay\u0131 bir s\u00fcredir hastanede tedavi alt\u0131nda tutulan 1 Temmuz 1898 do\u011fumlu Ay\u015fe Nine, hayat\u0131n\u0131 kaybetti. Osmanl\u0131&#8217;n\u0131n son \u00fc\u00e7 padi\u015fah\u0131 II. Abd\u00fclhamit, V. Mehmed Re\u015fad ve VI. Mehmed Vahdeddin ile Mustafa Kemal Atat\u00fcrk&#8217;ten Recep Tayyip Erdo\u011fan&#8217;a kadarki 12 cumhurba\u015fkan\u0131n\u0131n d\u00f6nemlerine tan\u0131kl\u0131k eden Bayr\u0131\u2019n\u0131n cenazesi Hac\u0131 Mustafa Camiinde k\u0131l\u0131nan cenaze namaz\u0131 sonras\u0131 il\u00e7e mezarl\u0131\u011f\u0131nda topra\u011fa verildi.<br \/>\n  Cenaze t\u00f6renine kat\u0131ld\u0131\u011f\u0131 Bayr\u0131\u2019y\u0131 ge\u00e7en sene bayramda evinde ziyaret etti\u011fini hat\u0131rlatan Suluova Belediye Ba\u015fkan\u0131 R\u0131fat Uzun, &#8220;Ay\u015fe Ninemiz memleketimizin, y\u00f6remizin en ya\u015fl\u0131s\u0131yd\u0131. Allah\u2019tan rahmet diliyorum. Ailesinin ba\u015f\u0131 sa\u011f olsun&#8221; diye konu\u015ftu. <\/p>\n<p>22.09.2025                                <\/p>\n","protected":false},"excerpt":{"rendered":"<p>Amasya\u2019n\u0131n Suluova il\u00e7esinde 127 ya\u015f\u0131ndaki Ay\u015fe Bayr\u0131, hayat\u0131n\u0131 kaybetti. 3 padi\u015fah ile 12 cumhurba\u015fkan\u0131 d\u00f6nemine tan\u0131kl\u0131k eden 5 \u00e7ocuk ve 20 torun sahibi Ay\u015fe Nine, son yolculu\u011funa u\u011furland\u0131. Nefes darl\u0131\u011f\u0131 ve organ yetmezli\u011finden dolay\u0131 bir s\u00fcredir hastanede tedavi alt\u0131nda tutulan 1 Temmuz 1898 do\u011fumlu Ay\u015fe Nine, hayat\u0131n\u0131 kaybetti. Osmanl\u0131&#8217;n\u0131n son \u00fc\u00e7 padi\u015fah\u0131 II. Abd\u00fclhamit, V. [&hellip;]<\/p>\n","protected":false},"author":1,"featured_media":12022,"comment_status":"open","ping_status":"open","sticky":false,"template":"","format":"standard","meta":{"footnotes":""},"categories":[50],"tags":[],"class_list":["post-12021","post","type-post","status-publish","format-standard","has-post-thumbnail","hentry","category-tum-haberler"],"yoast_head":"<!-- This site is optimized with the Yoast SEO plugin v27.4 - https:\/\/yoast.com\/product\/yoast-seo-wordpress\/ -->\n<title>3 padi\u015fah, 12 cumhurba\u015fkan\u0131 g\u00f6ren 127 ya\u015f\u0131ndaki Amasyal\u0131 &#039;Ay\u015fe Nine&#039; vefat etti - Memurun Sesi<\/title>\n<meta name=\"robots\" content=\"index, follow, max-snippet:-1, max-image-preview:large, max-video-preview:-1\" \/>\n<link rel=\"canonical\" href=\"https:\/\/memurunsesi.net\/index.php\/2025\/09\/22\/3-padisah-12-cumhurbaskani-goren-127-yasindaki-amasyali-ayse-nine-vefat-etti\/\" \/>\n<meta property=\"og:locale\" content=\"tr_TR\" \/>\n<meta property=\"og:type\" content=\"article\" \/>\n<meta property=\"og:title\" content=\"3 padi\u015fah, 12 cumhurba\u015fkan\u0131 g\u00f6ren 127 ya\u015f\u0131ndaki Amasyal\u0131 &#039;Ay\u015fe Nine&#039; vefat etti - Memurun Sesi\" \/>\n<meta property=\"og:description\" content=\"Amasya\u2019n\u0131n Suluova il\u00e7esinde 127 ya\u015f\u0131ndaki Ay\u015fe Bayr\u0131, hayat\u0131n\u0131 kaybetti. 3 padi\u015fah ile 12 cumhurba\u015fkan\u0131 d\u00f6nemine tan\u0131kl\u0131k eden 5 \u00e7ocuk ve 20 torun sahibi Ay\u015fe Nine, son yolculu\u011funa u\u011furland\u0131. Nefes darl\u0131\u011f\u0131 ve organ yetmezli\u011finden dolay\u0131 bir s\u00fcredir hastanede tedavi alt\u0131nda tutulan 1 Temmuz 1898 do\u011fumlu Ay\u015fe Nine, hayat\u0131n\u0131 kaybetti. Osmanl\u0131&#8217;n\u0131n son \u00fc\u00e7 padi\u015fah\u0131 II. Abd\u00fclhamit, V. [&hellip;]\" \/>\n<meta property=\"og:url\" content=\"https:\/\/memurunsesi.net\/index.php\/2025\/09\/22\/3-padisah-12-cumhurbaskani-goren-127-yasindaki-amasyali-ayse-nine-vefat-etti\/\" \/>\n<meta property=\"og:site_name\" content=\"Memurun Sesi\" \/>\n<meta property=\"article:publisher\" content=\"https:\/\/www.facebook.com\/unipersen\/?locale=tr_TR\" \/>\n<meta property=\"article:published_time\" content=\"2025-09-22T12:38:46+00:00\" \/>\n<meta property=\"og:image\" content=\"https:\/\/memurunsesi.net\/wp-content\/uploads\/2025\/09\/AW543464_02.jpg\" \/>\n\t<meta property=\"og:image:width\" content=\"1280\" \/>\n\t<meta property=\"og:image:height\" content=\"721\" \/>\n\t<meta property=\"og:image:type\" content=\"image\/jpeg\" \/>\n<meta name=\"author\" content=\"Memurun Sesi Haber Merkezi\" \/>\n<meta name=\"twitter:card\" content=\"summary_large_image\" \/>\n<meta name=\"twitter:creator\" content=\"@unipersen\" \/>\n<meta name=\"twitter:site\" content=\"@unipersen\" \/>\n<meta name=\"twitter:label1\" content=\"Yazan:\" \/>\n\t<meta name=\"twitter:data1\" content=\"Memurun Sesi Haber Merkezi\" \/>\n\t<meta name=\"twitter:label2\" content=\"Tahmini okuma s\u00fcresi\" \/>\n\t<meta name=\"twitter:data2\" content=\"1 dakika\" \/>\n<script type=\"application\/ld+json\" class=\"yoast-schema-graph\">{\"@context\":\"https:\\\/\\\/schema.org\",\"@graph\":[{\"@type\":\"Article\",\"@id\":\"https:\\\/\\\/memurunsesi.net\\\/index.php\\\/2025\\\/09\\\/22\\\/3-padisah-12-cumhurbaskani-goren-127-yasindaki-amasyali-ayse-nine-vefat-etti\\\/#article\",\"isPartOf\":{\"@id\":\"https:\\\/\\\/memurunsesi.net\\\/index.php\\\/2025\\\/09\\\/22\\\/3-padisah-12-cumhurbaskani-goren-127-yasindaki-amasyali-ayse-nine-vefat-etti\\\/\"},\"author\":{\"name\":\"Memurun Sesi Haber Merkezi\",\"@id\":\"https:\\\/\\\/memurunsesi.net\\\/#\\\/schema\\\/person\\\/f21c2d73b89f6ee1d80b0a1803e38587\"},\"headline\":\"3 padi\u015fah, 12 cumhurba\u015fkan\u0131 g\u00f6ren 127 ya\u015f\u0131ndaki Amasyal\u0131 &#8216;Ay\u015fe Nine&#8217; vefat etti\",\"datePublished\":\"2025-09-22T12:38:46+00:00\",\"mainEntityOfPage\":{\"@id\":\"https:\\\/\\\/memurunsesi.net\\\/index.php\\\/2025\\\/09\\\/22\\\/3-padisah-12-cumhurbaskani-goren-127-yasindaki-amasyali-ayse-nine-vefat-etti\\\/\"},\"wordCount\":180,\"commentCount\":0,\"publisher\":{\"@id\":\"https:\\\/\\\/memurunsesi.net\\\/#organization\"},\"image\":{\"@id\":\"https:\\\/\\\/memurunsesi.net\\\/index.php\\\/2025\\\/09\\\/22\\\/3-padisah-12-cumhurbaskani-goren-127-yasindaki-amasyali-ayse-nine-vefat-etti\\\/#primaryimage\"},\"thumbnailUrl\":\"https:\\\/\\\/memurunsesi.net\\\/wp-content\\\/uploads\\\/2025\\\/09\\\/AW543464_02.jpg\",\"articleSection\":[\"T\u00fcm Haberler\"],\"inLanguage\":\"tr\",\"potentialAction\":[{\"@type\":\"CommentAction\",\"name\":\"Comment\",\"target\":[\"https:\\\/\\\/memurunsesi.net\\\/index.php\\\/2025\\\/09\\\/22\\\/3-padisah-12-cumhurbaskani-goren-127-yasindaki-amasyali-ayse-nine-vefat-etti\\\/#respond\"]}]},{\"@type\":\"WebPage\",\"@id\":\"https:\\\/\\\/memurunsesi.net\\\/index.php\\\/2025\\\/09\\\/22\\\/3-padisah-12-cumhurbaskani-goren-127-yasindaki-amasyali-ayse-nine-vefat-etti\\\/\",\"url\":\"https:\\\/\\\/memurunsesi.net\\\/index.php\\\/2025\\\/09\\\/22\\\/3-padisah-12-cumhurbaskani-goren-127-yasindaki-amasyali-ayse-nine-vefat-etti\\\/\",\"name\":\"3 padi\u015fah, 12 cumhurba\u015fkan\u0131 g\u00f6ren 127 ya\u015f\u0131ndaki Amasyal\u0131 'Ay\u015fe Nine' vefat etti - Memurun Sesi\",\"isPartOf\":{\"@id\":\"https:\\\/\\\/memurunsesi.net\\\/#website\"},\"primaryImageOfPage\":{\"@id\":\"https:\\\/\\\/memurunsesi.net\\\/index.php\\\/2025\\\/09\\\/22\\\/3-padisah-12-cumhurbaskani-goren-127-yasindaki-amasyali-ayse-nine-vefat-etti\\\/#primaryimage\"},\"image\":{\"@id\":\"https:\\\/\\\/memurunsesi.net\\\/index.php\\\/2025\\\/09\\\/22\\\/3-padisah-12-cumhurbaskani-goren-127-yasindaki-amasyali-ayse-nine-vefat-etti\\\/#primaryimage\"},\"thumbnailUrl\":\"https:\\\/\\\/memurunsesi.net\\\/wp-content\\\/uploads\\\/2025\\\/09\\\/AW543464_02.jpg\",\"datePublished\":\"2025-09-22T12:38:46+00:00\",\"breadcrumb\":{\"@id\":\"https:\\\/\\\/memurunsesi.net\\\/index.php\\\/2025\\\/09\\\/22\\\/3-padisah-12-cumhurbaskani-goren-127-yasindaki-amasyali-ayse-nine-vefat-etti\\\/#breadcrumb\"},\"inLanguage\":\"tr\",\"potentialAction\":[{\"@type\":\"ReadAction\",\"target\":[\"https:\\\/\\\/memurunsesi.net\\\/index.php\\\/2025\\\/09\\\/22\\\/3-padisah-12-cumhurbaskani-goren-127-yasindaki-amasyali-ayse-nine-vefat-etti\\\/\"]}]},{\"@type\":\"ImageObject\",\"inLanguage\":\"tr\",\"@id\":\"https:\\\/\\\/memurunsesi.net\\\/index.php\\\/2025\\\/09\\\/22\\\/3-padisah-12-cumhurbaskani-goren-127-yasindaki-amasyali-ayse-nine-vefat-etti\\\/#primaryimage\",\"url\":\"https:\\\/\\\/memurunsesi.net\\\/wp-content\\\/uploads\\\/2025\\\/09\\\/AW543464_02.jpg\",\"contentUrl\":\"https:\\\/\\\/memurunsesi.net\\\/wp-content\\\/uploads\\\/2025\\\/09\\\/AW543464_02.jpg\",\"width\":1280,\"height\":721,\"caption\":\"NEFES DARLI\u011eI VE ORGAN YETMEZL\u0130\u011e\u0130NDEN DOLAYI B\u0130R S\u00dcRED\u0130R HASTANEDE TEDAV\u0130 ALTINDA TUTULAN 1 TEMMUZ 1898 DO\u011eUMLU AY\u015eE N\u0130NE, HAYATINI KAYBETT\u0130. (SEYFULLAH UZUN\\\/AMASYA-\u0130HA) Amasya'n\u0131n Suluova il\u00e7esinde 127 ya\u015f\u0131ndaki Ay\u015fe Bayr\u0131, hayat\u0131n\u0131 kaybetti. 3 padi\u015fah ile 12 cumhurba\u015fkan\u0131 d\u00f6nemine tan\u0131kl\u0131k eden 5 \u00e7ocuk ve 20 torun sahibi Ay\u015fe Nine, son yolculu\u011funa u\u011furland\u0131.\"},{\"@type\":\"BreadcrumbList\",\"@id\":\"https:\\\/\\\/memurunsesi.net\\\/index.php\\\/2025\\\/09\\\/22\\\/3-padisah-12-cumhurbaskani-goren-127-yasindaki-amasyali-ayse-nine-vefat-etti\\\/#breadcrumb\",\"itemListElement\":[{\"@type\":\"ListItem\",\"position\":1,\"name\":\"Anasayfa\",\"item\":\"https:\\\/\\\/memurunsesi.net\\\/\"},{\"@type\":\"ListItem\",\"position\":2,\"name\":\"3 padi\u015fah, 12 cumhurba\u015fkan\u0131 g\u00f6ren 127 ya\u015f\u0131ndaki Amasyal\u0131 &#8216;Ay\u015fe Nine&#8217; vefat etti\"}]},{\"@type\":\"WebSite\",\"@id\":\"https:\\\/\\\/memurunsesi.net\\\/#website\",\"url\":\"https:\\\/\\\/memurunsesi.net\\\/\",\"name\":\"Memurun Sesi\",\"description\":\"G\u00fcncel ve Do\u011fru Haber\",\"publisher\":{\"@id\":\"https:\\\/\\\/memurunsesi.net\\\/#organization\"},\"potentialAction\":[{\"@type\":\"SearchAction\",\"target\":{\"@type\":\"EntryPoint\",\"urlTemplate\":\"https:\\\/\\\/memurunsesi.net\\\/?s={search_term_string}\"},\"query-input\":{\"@type\":\"PropertyValueSpecification\",\"valueRequired\":true,\"valueName\":\"search_term_string\"}}],\"inLanguage\":\"tr\"},{\"@type\":\"Organization\",\"@id\":\"https:\\\/\\\/memurunsesi.net\\\/#organization\",\"name\":\"Memurun Sesi\",\"url\":\"https:\\\/\\\/memurunsesi.net\\\/\",\"logo\":{\"@type\":\"ImageObject\",\"inLanguage\":\"tr\",\"@id\":\"https:\\\/\\\/memurunsesi.net\\\/#\\\/schema\\\/logo\\\/image\\\/\",\"url\":\"https:\\\/\\\/memurunsesi.net\\\/wp-content\\\/uploads\\\/2025\\\/11\\\/cropped-MEMURUN-SESI.png\",\"contentUrl\":\"https:\\\/\\\/memurunsesi.net\\\/wp-content\\\/uploads\\\/2025\\\/11\\\/cropped-MEMURUN-SESI.png\",\"width\":238,\"height\":57,\"caption\":\"Memurun Sesi\"},\"image\":{\"@id\":\"https:\\\/\\\/memurunsesi.net\\\/#\\\/schema\\\/logo\\\/image\\\/\"},\"sameAs\":[\"https:\\\/\\\/www.facebook.com\\\/unipersen\\\/?locale=tr_TR\",\"https:\\\/\\\/x.com\\\/unipersen\"]},{\"@type\":\"Person\",\"@id\":\"https:\\\/\\\/memurunsesi.net\\\/#\\\/schema\\\/person\\\/f21c2d73b89f6ee1d80b0a1803e38587\",\"name\":\"Memurun Sesi Haber Merkezi\",\"image\":{\"@type\":\"ImageObject\",\"inLanguage\":\"tr\",\"@id\":\"https:\\\/\\\/secure.gravatar.com\\\/avatar\\\/6cf0505f452ee753f485014986fab09a434671d2b919ee76fc541025c5876a70?s=96&d=mm&r=g\",\"url\":\"https:\\\/\\\/secure.gravatar.com\\\/avatar\\\/6cf0505f452ee753f485014986fab09a434671d2b919ee76fc541025c5876a70?s=96&d=mm&r=g\",\"contentUrl\":\"https:\\\/\\\/secure.gravatar.com\\\/avatar\\\/6cf0505f452ee753f485014986fab09a434671d2b919ee76fc541025c5876a70?s=96&d=mm&r=g\",\"caption\":\"Memurun Sesi Haber Merkezi\"},\"sameAs\":[\"https:\\\/\\\/memurunsesi.net\"],\"url\":\"https:\\\/\\\/memurunsesi.net\\\/index.php\\\/author\\\/uniper\\\/\"}]}<\/script>\n<!-- \/ Yoast SEO plugin. -->","yoast_head_json":{"title":"3 padi\u015fah, 12 cumhurba\u015fkan\u0131 g\u00f6ren 127 ya\u015f\u0131ndaki Amasyal\u0131 'Ay\u015fe Nine' vefat etti - Memurun Sesi","robots":{"index":"index","follow":"follow","max-snippet":"max-snippet:-1","max-image-preview":"max-image-preview:large","max-video-preview":"max-video-preview:-1"},"canonical":"https:\/\/memurunsesi.net\/index.php\/2025\/09\/22\/3-padisah-12-cumhurbaskani-goren-127-yasindaki-amasyali-ayse-nine-vefat-etti\/","og_locale":"tr_TR","og_type":"article","og_title":"3 padi\u015fah, 12 cumhurba\u015fkan\u0131 g\u00f6ren 127 ya\u015f\u0131ndaki Amasyal\u0131 'Ay\u015fe Nine' vefat etti - Memurun Sesi","og_description":"Amasya\u2019n\u0131n Suluova il\u00e7esinde 127 ya\u015f\u0131ndaki Ay\u015fe Bayr\u0131, hayat\u0131n\u0131 kaybetti. 3 padi\u015fah ile 12 cumhurba\u015fkan\u0131 d\u00f6nemine tan\u0131kl\u0131k eden 5 \u00e7ocuk ve 20 torun sahibi Ay\u015fe Nine, son yolculu\u011funa u\u011furland\u0131. Nefes darl\u0131\u011f\u0131 ve organ yetmezli\u011finden dolay\u0131 bir s\u00fcredir hastanede tedavi alt\u0131nda tutulan 1 Temmuz 1898 do\u011fumlu Ay\u015fe Nine, hayat\u0131n\u0131 kaybetti. Osmanl\u0131&#8217;n\u0131n son \u00fc\u00e7 padi\u015fah\u0131 II. Abd\u00fclhamit, V. [&hellip;]","og_url":"https:\/\/memurunsesi.net\/index.php\/2025\/09\/22\/3-padisah-12-cumhurbaskani-goren-127-yasindaki-amasyali-ayse-nine-vefat-etti\/","og_site_name":"Memurun Sesi","article_publisher":"https:\/\/www.facebook.com\/unipersen\/?locale=tr_TR","article_published_time":"2025-09-22T12:38:46+00:00","og_image":[{"width":1280,"height":721,"url":"https:\/\/memurunsesi.net\/wp-content\/uploads\/2025\/09\/AW543464_02.jpg","type":"image\/jpeg"}],"author":"Memurun Sesi Haber Merkezi","twitter_card":"summary_large_image","twitter_creator":"@unipersen","twitter_site":"@unipersen","twitter_misc":{"Yazan:":"Memurun Sesi Haber Merkezi","Tahmini okuma s\u00fcresi":"1 dakika"},"schema":{"@context":"https:\/\/schema.org","@graph":[{"@type":"Article","@id":"https:\/\/memurunsesi.net\/index.php\/2025\/09\/22\/3-padisah-12-cumhurbaskani-goren-127-yasindaki-amasyali-ayse-nine-vefat-etti\/#article","isPartOf":{"@id":"https:\/\/memurunsesi.net\/index.php\/2025\/09\/22\/3-padisah-12-cumhurbaskani-goren-127-yasindaki-amasyali-ayse-nine-vefat-etti\/"},"author":{"name":"Memurun Sesi Haber Merkezi","@id":"https:\/\/memurunsesi.net\/#\/schema\/person\/f21c2d73b89f6ee1d80b0a1803e38587"},"headline":"3 padi\u015fah, 12 cumhurba\u015fkan\u0131 g\u00f6ren 127 ya\u015f\u0131ndaki Amasyal\u0131 &#8216;Ay\u015fe Nine&#8217; vefat etti","datePublished":"2025-09-22T12:38:46+00:00","mainEntityOfPage":{"@id":"https:\/\/memurunsesi.net\/index.php\/2025\/09\/22\/3-padisah-12-cumhurbaskani-goren-127-yasindaki-amasyali-ayse-nine-vefat-etti\/"},"wordCount":180,"commentCount":0,"publisher":{"@id":"https:\/\/memurunsesi.net\/#organization"},"image":{"@id":"https:\/\/memurunsesi.net\/index.php\/2025\/09\/22\/3-padisah-12-cumhurbaskani-goren-127-yasindaki-amasyali-ayse-nine-vefat-etti\/#primaryimage"},"thumbnailUrl":"https:\/\/memurunsesi.net\/wp-content\/uploads\/2025\/09\/AW543464_02.jpg","articleSection":["T\u00fcm Haberler"],"inLanguage":"tr","potentialAction":[{"@type":"CommentAction","name":"Comment","target":["https:\/\/memurunsesi.net\/index.php\/2025\/09\/22\/3-padisah-12-cumhurbaskani-goren-127-yasindaki-amasyali-ayse-nine-vefat-etti\/#respond"]}]},{"@type":"WebPage","@id":"https:\/\/memurunsesi.net\/index.php\/2025\/09\/22\/3-padisah-12-cumhurbaskani-goren-127-yasindaki-amasyali-ayse-nine-vefat-etti\/","url":"https:\/\/memurunsesi.net\/index.php\/2025\/09\/22\/3-padisah-12-cumhurbaskani-goren-127-yasindaki-amasyali-ayse-nine-vefat-etti\/","name":"3 padi\u015fah, 12 cumhurba\u015fkan\u0131 g\u00f6ren 127 ya\u015f\u0131ndaki Amasyal\u0131 'Ay\u015fe Nine' vefat etti - Memurun Sesi","isPartOf":{"@id":"https:\/\/memurunsesi.net\/#website"},"primaryImageOfPage":{"@id":"https:\/\/memurunsesi.net\/index.php\/2025\/09\/22\/3-padisah-12-cumhurbaskani-goren-127-yasindaki-amasyali-ayse-nine-vefat-etti\/#primaryimage"},"image":{"@id":"https:\/\/memurunsesi.net\/index.php\/2025\/09\/22\/3-padisah-12-cumhurbaskani-goren-127-yasindaki-amasyali-ayse-nine-vefat-etti\/#primaryimage"},"thumbnailUrl":"https:\/\/memurunsesi.net\/wp-content\/uploads\/2025\/09\/AW543464_02.jpg","datePublished":"2025-09-22T12:38:46+00:00","breadcrumb":{"@id":"https:\/\/memurunsesi.net\/index.php\/2025\/09\/22\/3-padisah-12-cumhurbaskani-goren-127-yasindaki-amasyali-ayse-nine-vefat-etti\/#breadcrumb"},"inLanguage":"tr","potentialAction":[{"@type":"ReadAction","target":["https:\/\/memurunsesi.net\/index.php\/2025\/09\/22\/3-padisah-12-cumhurbaskani-goren-127-yasindaki-amasyali-ayse-nine-vefat-etti\/"]}]},{"@type":"ImageObject","inLanguage":"tr","@id":"https:\/\/memurunsesi.net\/index.php\/2025\/09\/22\/3-padisah-12-cumhurbaskani-goren-127-yasindaki-amasyali-ayse-nine-vefat-etti\/#primaryimage","url":"https:\/\/memurunsesi.net\/wp-content\/uploads\/2025\/09\/AW543464_02.jpg","contentUrl":"https:\/\/memurunsesi.net\/wp-content\/uploads\/2025\/09\/AW543464_02.jpg","width":1280,"height":721,"caption":"NEFES DARLI\u011eI VE ORGAN YETMEZL\u0130\u011e\u0130NDEN DOLAYI B\u0130R S\u00dcRED\u0130R HASTANEDE TEDAV\u0130 ALTINDA TUTULAN 1 TEMMUZ 1898 DO\u011eUMLU AY\u015eE N\u0130NE, HAYATINI KAYBETT\u0130. (SEYFULLAH UZUN\/AMASYA-\u0130HA) Amasya'n\u0131n Suluova il\u00e7esinde 127 ya\u015f\u0131ndaki Ay\u015fe Bayr\u0131, hayat\u0131n\u0131 kaybetti. 3 padi\u015fah ile 12 cumhurba\u015fkan\u0131 d\u00f6nemine tan\u0131kl\u0131k eden 5 \u00e7ocuk ve 20 torun sahibi Ay\u015fe Nine, son yolculu\u011funa u\u011furland\u0131."},{"@type":"BreadcrumbList","@id":"https:\/\/memurunsesi.net\/index.php\/2025\/09\/22\/3-padisah-12-cumhurbaskani-goren-127-yasindaki-amasyali-ayse-nine-vefat-etti\/#breadcrumb","itemListElement":[{"@type":"ListItem","position":1,"name":"Anasayfa","item":"https:\/\/memurunsesi.net\/"},{"@type":"ListItem","position":2,"name":"3 padi\u015fah, 12 cumhurba\u015fkan\u0131 g\u00f6ren 127 ya\u015f\u0131ndaki Amasyal\u0131 &#8216;Ay\u015fe Nine&#8217; vefat etti"}]},{"@type":"WebSite","@id":"https:\/\/memurunsesi.net\/#website","url":"https:\/\/memurunsesi.net\/","name":"Memurun Sesi","description":"G\u00fcncel ve Do\u011fru Haber","publisher":{"@id":"https:\/\/memurunsesi.net\/#organization"},"potentialAction":[{"@type":"SearchAction","target":{"@type":"EntryPoint","urlTemplate":"https:\/\/memurunsesi.net\/?s={search_term_string}"},"query-input":{"@type":"PropertyValueSpecification","valueRequired":true,"valueName":"search_term_string"}}],"inLanguage":"tr"},{"@type":"Organization","@id":"https:\/\/memurunsesi.net\/#organization","name":"Memurun Sesi","url":"https:\/\/memurunsesi.net\/","logo":{"@type":"ImageObject","inLanguage":"tr","@id":"https:\/\/memurunsesi.net\/#\/schema\/logo\/image\/","url":"https:\/\/memurunsesi.net\/wp-content\/uploads\/2025\/11\/cropped-MEMURUN-SESI.png","contentUrl":"https:\/\/memurunsesi.net\/wp-content\/uploads\/2025\/11\/cropped-MEMURUN-SESI.png","width":238,"height":57,"caption":"Memurun Sesi"},"image":{"@id":"https:\/\/memurunsesi.net\/#\/schema\/logo\/image\/"},"sameAs":["https:\/\/www.facebook.com\/unipersen\/?locale=tr_TR","https:\/\/x.com\/unipersen"]},{"@type":"Person","@id":"https:\/\/memurunsesi.net\/#\/schema\/person\/f21c2d73b89f6ee1d80b0a1803e38587","name":"Memurun Sesi Haber Merkezi","image":{"@type":"ImageObject","inLanguage":"tr","@id":"https:\/\/secure.gravatar.com\/avatar\/6cf0505f452ee753f485014986fab09a434671d2b919ee76fc541025c5876a70?s=96&d=mm&r=g","url":"https:\/\/secure.gravatar.com\/avatar\/6cf0505f452ee753f485014986fab09a434671d2b919ee76fc541025c5876a70?s=96&d=mm&r=g","contentUrl":"https:\/\/secure.gravatar.com\/avatar\/6cf0505f452ee753f485014986fab09a434671d2b919ee76fc541025c5876a70?s=96&d=mm&r=g","caption":"Memurun Sesi Haber Merkezi"},"sameAs":["https:\/\/memurunsesi.net"],"url":"https:\/\/memurunsesi.net\/index.php\/author\/uniper\/"}]}},"_links":{"self":[{"href":"https:\/\/memurunsesi.net\/index.php\/wp-json\/wp\/v2\/posts\/12021","targetHints":{"allow":["GET"]}}],"collection":[{"href":"https:\/\/memurunsesi.net\/index.php\/wp-json\/wp\/v2\/posts"}],"about":[{"href":"https:\/\/memurunsesi.net\/index.php\/wp-json\/wp\/v2\/types\/post"}],"author":[{"embeddable":true,"href":"https:\/\/memurunsesi.net\/index.php\/wp-json\/wp\/v2\/users\/1"}],"replies":[{"embeddable":true,"href":"https:\/\/memurunsesi.net\/index.php\/wp-json\/wp\/v2\/comments?post=12021"}],"version-history":[{"count":1,"href":"https:\/\/memurunsesi.net\/index.php\/wp-json\/wp\/v2\/posts\/12021\/revisions"}],"predecessor-version":[{"id":12023,"href":"https:\/\/memurunsesi.net\/index.php\/wp-json\/wp\/v2\/posts\/12021\/revisions\/12023"}],"wp:featuredmedia":[{"embeddable":true,"href":"https:\/\/memurunsesi.net\/index.php\/wp-json\/wp\/v2\/media\/12022"}],"wp:attachment":[{"href":"https:\/\/memurunsesi.net\/index.php\/wp-json\/wp\/v2\/media?parent=12021"}],"wp:term":[{"taxonomy":"category","embeddable":true,"href":"https:\/\/memurunsesi.net\/index.php\/wp-json\/wp\/v2\/categories?post=12021"},{"taxonomy":"post_tag","embeddable":true,"href":"https:\/\/memurunsesi.net\/index.php\/wp-json\/wp\/v2\/tags?post=12021"}],"curies":[{"name":"wp","href":"https:\/\/api.w.org\/{rel}","templated":true}]}}