{"id":12024,"date":"2025-09-22T15:40:12","date_gmt":"2025-09-22T12:40:12","guid":{"rendered":"https:\/\/memurunsesi.net\/?p=12024"},"modified":"2025-09-22T15:40:12","modified_gmt":"2025-09-22T12:40:12","slug":"tarim-mudurlugu-personeli-aracinda-kalbinden-bicaklanmis-halde-bulundu","status":"publish","type":"post","link":"https:\/\/memurunsesi.net\/index.php\/2025\/09\/22\/tarim-mudurlugu-personeli-aracinda-kalbinden-bicaklanmis-halde-bulundu\/","title":{"rendered":"Tar\u0131m m\u00fcd\u00fcrl\u00fc\u011f\u00fc personeli, arac\u0131nda kalbinden b\u0131\u00e7aklanm\u0131\u015f halde bulundu"},"content":{"rendered":"<p>  &#8211; \u00d6l\u00fc bulunan ziraat teknikerinin cenazesi adli t\u0131p morguna kald\u0131r\u0131ld\u0131   <\/p>\n<p> Gaziantep Tar\u0131m ve Orman \u0130l M\u00fcd\u00fcrl\u00fc\u011f\u00fc&#8217;\u00fcnde ziraat teknikeri olarak g\u00f6rev yapan Ahmet Unurlu (58), da\u011fl\u0131k alandaki arac\u0131nda kalbinden b\u0131\u00e7aklanm\u0131\u015f \u015fekilde \u00f6l\u00fc bulundu.<br \/>\n  Olay, sabah saatlerinde O\u011fuzeli il\u00e7esi k\u0131rsal \u00c7ayba\u015f\u0131 Mahallesi&#8217;nde meydana geldi. \u0130ddiaya g\u00f6re, da\u011fl\u0131k alanda park halindeki bir arac\u0131n i\u00e7inde bir \u015fahs\u0131 hareketsiz \u015fekilde g\u00f6ren vatanda\u015flar durumu 112 acil \u00e7a\u011fr\u0131 merkezine bildirdi. \u0130hbar \u00fczerine olay yerine \u00e7ok say\u0131da jandarma ve sa\u011fl\u0131k ekibi sevk edildi. Olay yerine gelen sa\u011fl\u0131k ekiplerinin kontrollerinde ara\u00e7 i\u00e7erisinde kalbinden b\u0131\u00e7aklanm\u0131\u015f halde bulunan \u015fahs\u0131n hayat\u0131n\u0131 kaybetti\u011fi belirlendi. <\/p>\n<p>  \u00d6len ki\u015finin Tar\u0131m ve Orman \u0130l M\u00fcd\u00fcrl\u00fc\u011f\u00fc personeli oldu\u011fu belirlendi<br \/>\n  Jandarma ekiplerinin soru\u015fturmas\u0131 neticesinde hayat\u0131n\u0131 kaybeden \u015fahs\u0131n, Gaziantep Tar\u0131m ve Orman \u0130l M\u00fcd\u00fcrl\u00fc\u011f\u00fc O\u011fuzeli \u0130l\u00e7e Tar\u0131m M\u00fcd\u00fcrl\u00fc\u011f\u00fc&#8217;nde ziraat teknikeri olarak \u00e7al\u0131\u015fan Ahmet Unurlu oldu\u011fu tespit edildi. Unurlu&#8217;nun cenazesi, olay yerinde tamamlanan i\u015flemlerin ard\u0131ndan Gaziantep Adli T\u0131p Kurumu Morguna kald\u0131r\u0131ld\u0131.<br \/>\n  Olayla ilgili cinayet \u015f\u00fcphesiyle soru\u015fturma ba\u015flat\u0131ld\u0131. <\/p>\n<p>22.09.2025                                <\/p>\n","protected":false},"excerpt":{"rendered":"<p>&#8211; \u00d6l\u00fc bulunan ziraat teknikerinin cenazesi adli t\u0131p morguna kald\u0131r\u0131ld\u0131 Gaziantep Tar\u0131m ve Orman \u0130l M\u00fcd\u00fcrl\u00fc\u011f\u00fc&#8217;\u00fcnde ziraat teknikeri olarak g\u00f6rev yapan Ahmet Unurlu (58), da\u011fl\u0131k alandaki arac\u0131nda kalbinden b\u0131\u00e7aklanm\u0131\u015f \u015fekilde \u00f6l\u00fc bulundu. Olay, sabah saatlerinde O\u011fuzeli il\u00e7esi k\u0131rsal \u00c7ayba\u015f\u0131 Mahallesi&#8217;nde meydana geldi. \u0130ddiaya g\u00f6re, da\u011fl\u0131k alanda park halindeki bir arac\u0131n i\u00e7inde bir \u015fahs\u0131 hareketsiz \u015fekilde [&hellip;]<\/p>\n","protected":false},"author":1,"featured_media":12025,"comment_status":"open","ping_status":"open","sticky":false,"template":"","format":"standard","meta":{"footnotes":""},"categories":[45],"tags":[],"class_list":["post-12024","post","type-post","status-publish","format-standard","has-post-thumbnail","hentry","category-gundem"],"yoast_head":"<!-- This site is optimized with the Yoast SEO plugin v27.4 - https:\/\/yoast.com\/product\/yoast-seo-wordpress\/ -->\n<title>Tar\u0131m m\u00fcd\u00fcrl\u00fc\u011f\u00fc personeli, arac\u0131nda kalbinden b\u0131\u00e7aklanm\u0131\u015f halde bulundu - Memurun Sesi<\/title>\n<meta name=\"robots\" content=\"index, follow, max-snippet:-1, max-image-preview:large, max-video-preview:-1\" \/>\n<link rel=\"canonical\" href=\"https:\/\/memurunsesi.net\/index.php\/2025\/09\/22\/tarim-mudurlugu-personeli-aracinda-kalbinden-bicaklanmis-halde-bulundu\/\" \/>\n<meta property=\"og:locale\" content=\"tr_TR\" \/>\n<meta property=\"og:type\" content=\"article\" \/>\n<meta property=\"og:title\" content=\"Tar\u0131m m\u00fcd\u00fcrl\u00fc\u011f\u00fc personeli, arac\u0131nda kalbinden b\u0131\u00e7aklanm\u0131\u015f halde bulundu - Memurun Sesi\" \/>\n<meta property=\"og:description\" content=\"&#8211; \u00d6l\u00fc bulunan ziraat teknikerinin cenazesi adli t\u0131p morguna kald\u0131r\u0131ld\u0131 Gaziantep Tar\u0131m ve Orman \u0130l M\u00fcd\u00fcrl\u00fc\u011f\u00fc&#8217;\u00fcnde ziraat teknikeri olarak g\u00f6rev yapan Ahmet Unurlu (58), da\u011fl\u0131k alandaki arac\u0131nda kalbinden b\u0131\u00e7aklanm\u0131\u015f \u015fekilde \u00f6l\u00fc bulundu. Olay, sabah saatlerinde O\u011fuzeli il\u00e7esi k\u0131rsal \u00c7ayba\u015f\u0131 Mahallesi&#8217;nde meydana geldi. \u0130ddiaya g\u00f6re, da\u011fl\u0131k alanda park halindeki bir arac\u0131n i\u00e7inde bir \u015fahs\u0131 hareketsiz \u015fekilde [&hellip;]\" \/>\n<meta property=\"og:url\" content=\"https:\/\/memurunsesi.net\/index.php\/2025\/09\/22\/tarim-mudurlugu-personeli-aracinda-kalbinden-bicaklanmis-halde-bulundu\/\" \/>\n<meta property=\"og:site_name\" content=\"Memurun Sesi\" \/>\n<meta property=\"article:publisher\" content=\"https:\/\/www.facebook.com\/unipersen\/?locale=tr_TR\" \/>\n<meta property=\"article:published_time\" content=\"2025-09-22T12:40:12+00:00\" \/>\n<meta property=\"og:image\" content=\"https:\/\/memurunsesi.net\/wp-content\/uploads\/2025\/09\/AW543454_01.jpg\" \/>\n\t<meta property=\"og:image:width\" content=\"1354\" \/>\n\t<meta property=\"og:image:height\" content=\"862\" \/>\n\t<meta property=\"og:image:type\" content=\"image\/jpeg\" \/>\n<meta name=\"author\" content=\"Memurun Sesi Haber Merkezi\" \/>\n<meta name=\"twitter:card\" content=\"summary_large_image\" \/>\n<meta name=\"twitter:creator\" content=\"@unipersen\" \/>\n<meta name=\"twitter:site\" content=\"@unipersen\" \/>\n<meta name=\"twitter:label1\" content=\"Yazan:\" \/>\n\t<meta name=\"twitter:data1\" content=\"Memurun Sesi Haber Merkezi\" \/>\n\t<meta name=\"twitter:label2\" content=\"Tahmini okuma s\u00fcresi\" \/>\n\t<meta name=\"twitter:data2\" content=\"1 dakika\" \/>\n<script type=\"application\/ld+json\" class=\"yoast-schema-graph\">{\"@context\":\"https:\\\/\\\/schema.org\",\"@graph\":[{\"@type\":\"Article\",\"@id\":\"https:\\\/\\\/memurunsesi.net\\\/index.php\\\/2025\\\/09\\\/22\\\/tarim-mudurlugu-personeli-aracinda-kalbinden-bicaklanmis-halde-bulundu\\\/#article\",\"isPartOf\":{\"@id\":\"https:\\\/\\\/memurunsesi.net\\\/index.php\\\/2025\\\/09\\\/22\\\/tarim-mudurlugu-personeli-aracinda-kalbinden-bicaklanmis-halde-bulundu\\\/\"},\"author\":{\"name\":\"Memurun Sesi Haber Merkezi\",\"@id\":\"https:\\\/\\\/memurunsesi.net\\\/#\\\/schema\\\/person\\\/f21c2d73b89f6ee1d80b0a1803e38587\"},\"headline\":\"Tar\u0131m m\u00fcd\u00fcrl\u00fc\u011f\u00fc personeli, arac\u0131nda kalbinden b\u0131\u00e7aklanm\u0131\u015f halde bulundu\",\"datePublished\":\"2025-09-22T12:40:12+00:00\",\"mainEntityOfPage\":{\"@id\":\"https:\\\/\\\/memurunsesi.net\\\/index.php\\\/2025\\\/09\\\/22\\\/tarim-mudurlugu-personeli-aracinda-kalbinden-bicaklanmis-halde-bulundu\\\/\"},\"wordCount\":219,\"commentCount\":0,\"publisher\":{\"@id\":\"https:\\\/\\\/memurunsesi.net\\\/#organization\"},\"image\":{\"@id\":\"https:\\\/\\\/memurunsesi.net\\\/index.php\\\/2025\\\/09\\\/22\\\/tarim-mudurlugu-personeli-aracinda-kalbinden-bicaklanmis-halde-bulundu\\\/#primaryimage\"},\"thumbnailUrl\":\"https:\\\/\\\/memurunsesi.net\\\/wp-content\\\/uploads\\\/2025\\\/09\\\/AW543454_01.jpg\",\"articleSection\":[\"G\u00fcndem\"],\"inLanguage\":\"tr\",\"potentialAction\":[{\"@type\":\"CommentAction\",\"name\":\"Comment\",\"target\":[\"https:\\\/\\\/memurunsesi.net\\\/index.php\\\/2025\\\/09\\\/22\\\/tarim-mudurlugu-personeli-aracinda-kalbinden-bicaklanmis-halde-bulundu\\\/#respond\"]}]},{\"@type\":\"WebPage\",\"@id\":\"https:\\\/\\\/memurunsesi.net\\\/index.php\\\/2025\\\/09\\\/22\\\/tarim-mudurlugu-personeli-aracinda-kalbinden-bicaklanmis-halde-bulundu\\\/\",\"url\":\"https:\\\/\\\/memurunsesi.net\\\/index.php\\\/2025\\\/09\\\/22\\\/tarim-mudurlugu-personeli-aracinda-kalbinden-bicaklanmis-halde-bulundu\\\/\",\"name\":\"Tar\u0131m m\u00fcd\u00fcrl\u00fc\u011f\u00fc personeli, arac\u0131nda kalbinden b\u0131\u00e7aklanm\u0131\u015f halde bulundu - Memurun Sesi\",\"isPartOf\":{\"@id\":\"https:\\\/\\\/memurunsesi.net\\\/#website\"},\"primaryImageOfPage\":{\"@id\":\"https:\\\/\\\/memurunsesi.net\\\/index.php\\\/2025\\\/09\\\/22\\\/tarim-mudurlugu-personeli-aracinda-kalbinden-bicaklanmis-halde-bulundu\\\/#primaryimage\"},\"image\":{\"@id\":\"https:\\\/\\\/memurunsesi.net\\\/index.php\\\/2025\\\/09\\\/22\\\/tarim-mudurlugu-personeli-aracinda-kalbinden-bicaklanmis-halde-bulundu\\\/#primaryimage\"},\"thumbnailUrl\":\"https:\\\/\\\/memurunsesi.net\\\/wp-content\\\/uploads\\\/2025\\\/09\\\/AW543454_01.jpg\",\"datePublished\":\"2025-09-22T12:40:12+00:00\",\"breadcrumb\":{\"@id\":\"https:\\\/\\\/memurunsesi.net\\\/index.php\\\/2025\\\/09\\\/22\\\/tarim-mudurlugu-personeli-aracinda-kalbinden-bicaklanmis-halde-bulundu\\\/#breadcrumb\"},\"inLanguage\":\"tr\",\"potentialAction\":[{\"@type\":\"ReadAction\",\"target\":[\"https:\\\/\\\/memurunsesi.net\\\/index.php\\\/2025\\\/09\\\/22\\\/tarim-mudurlugu-personeli-aracinda-kalbinden-bicaklanmis-halde-bulundu\\\/\"]}]},{\"@type\":\"ImageObject\",\"inLanguage\":\"tr\",\"@id\":\"https:\\\/\\\/memurunsesi.net\\\/index.php\\\/2025\\\/09\\\/22\\\/tarim-mudurlugu-personeli-aracinda-kalbinden-bicaklanmis-halde-bulundu\\\/#primaryimage\",\"url\":\"https:\\\/\\\/memurunsesi.net\\\/wp-content\\\/uploads\\\/2025\\\/09\\\/AW543454_01.jpg\",\"contentUrl\":\"https:\\\/\\\/memurunsesi.net\\\/wp-content\\\/uploads\\\/2025\\\/09\\\/AW543454_01.jpg\",\"width\":1354,\"height\":862,\"caption\":\"TARIM M\u00dcD\u00dcRL\u00dc\u011e\u00dc PERSONEL\u0130, ARACINDA KALB\u0130NDEN BI\u00c7AKLANMI\u015e HALDE BULUNDU (SA\u0130D VAKKAS YA\u011eCI\\\/GAZ\u0130ANTEP-\u0130HA) Gaziantep Tar\u0131m ve Orman \u0130l M\u00fcd\u00fcrl\u00fc\u011f\u00fc'\u00fcnde ziraat teknikeri olarak g\u00f6rev yapan Ahmet Unurlu (58), da\u011fl\u0131k alandaki arac\u0131nda kalbinden b\u0131\u00e7aklanm\u0131\u015f \u015fekilde \u00f6l\u00fc bulundu.\"},{\"@type\":\"BreadcrumbList\",\"@id\":\"https:\\\/\\\/memurunsesi.net\\\/index.php\\\/2025\\\/09\\\/22\\\/tarim-mudurlugu-personeli-aracinda-kalbinden-bicaklanmis-halde-bulundu\\\/#breadcrumb\",\"itemListElement\":[{\"@type\":\"ListItem\",\"position\":1,\"name\":\"Anasayfa\",\"item\":\"https:\\\/\\\/memurunsesi.net\\\/\"},{\"@type\":\"ListItem\",\"position\":2,\"name\":\"Tar\u0131m m\u00fcd\u00fcrl\u00fc\u011f\u00fc personeli, arac\u0131nda kalbinden b\u0131\u00e7aklanm\u0131\u015f halde bulundu\"}]},{\"@type\":\"WebSite\",\"@id\":\"https:\\\/\\\/memurunsesi.net\\\/#website\",\"url\":\"https:\\\/\\\/memurunsesi.net\\\/\",\"name\":\"Memurun Sesi\",\"description\":\"G\u00fcncel ve Do\u011fru Haber\",\"publisher\":{\"@id\":\"https:\\\/\\\/memurunsesi.net\\\/#organization\"},\"potentialAction\":[{\"@type\":\"SearchAction\",\"target\":{\"@type\":\"EntryPoint\",\"urlTemplate\":\"https:\\\/\\\/memurunsesi.net\\\/?s={search_term_string}\"},\"query-input\":{\"@type\":\"PropertyValueSpecification\",\"valueRequired\":true,\"valueName\":\"search_term_string\"}}],\"inLanguage\":\"tr\"},{\"@type\":\"Organization\",\"@id\":\"https:\\\/\\\/memurunsesi.net\\\/#organization\",\"name\":\"Memurun Sesi\",\"url\":\"https:\\\/\\\/memurunsesi.net\\\/\",\"logo\":{\"@type\":\"ImageObject\",\"inLanguage\":\"tr\",\"@id\":\"https:\\\/\\\/memurunsesi.net\\\/#\\\/schema\\\/logo\\\/image\\\/\",\"url\":\"https:\\\/\\\/memurunsesi.net\\\/wp-content\\\/uploads\\\/2025\\\/11\\\/cropped-MEMURUN-SESI.png\",\"contentUrl\":\"https:\\\/\\\/memurunsesi.net\\\/wp-content\\\/uploads\\\/2025\\\/11\\\/cropped-MEMURUN-SESI.png\",\"width\":238,\"height\":57,\"caption\":\"Memurun Sesi\"},\"image\":{\"@id\":\"https:\\\/\\\/memurunsesi.net\\\/#\\\/schema\\\/logo\\\/image\\\/\"},\"sameAs\":[\"https:\\\/\\\/www.facebook.com\\\/unipersen\\\/?locale=tr_TR\",\"https:\\\/\\\/x.com\\\/unipersen\"]},{\"@type\":\"Person\",\"@id\":\"https:\\\/\\\/memurunsesi.net\\\/#\\\/schema\\\/person\\\/f21c2d73b89f6ee1d80b0a1803e38587\",\"name\":\"Memurun Sesi Haber Merkezi\",\"image\":{\"@type\":\"ImageObject\",\"inLanguage\":\"tr\",\"@id\":\"https:\\\/\\\/secure.gravatar.com\\\/avatar\\\/6cf0505f452ee753f485014986fab09a434671d2b919ee76fc541025c5876a70?s=96&d=mm&r=g\",\"url\":\"https:\\\/\\\/secure.gravatar.com\\\/avatar\\\/6cf0505f452ee753f485014986fab09a434671d2b919ee76fc541025c5876a70?s=96&d=mm&r=g\",\"contentUrl\":\"https:\\\/\\\/secure.gravatar.com\\\/avatar\\\/6cf0505f452ee753f485014986fab09a434671d2b919ee76fc541025c5876a70?s=96&d=mm&r=g\",\"caption\":\"Memurun Sesi Haber Merkezi\"},\"sameAs\":[\"https:\\\/\\\/memurunsesi.net\"],\"url\":\"https:\\\/\\\/memurunsesi.net\\\/index.php\\\/author\\\/uniper\\\/\"}]}<\/script>\n<!-- \/ Yoast SEO plugin. -->","yoast_head_json":{"title":"Tar\u0131m m\u00fcd\u00fcrl\u00fc\u011f\u00fc personeli, arac\u0131nda kalbinden b\u0131\u00e7aklanm\u0131\u015f halde bulundu - Memurun Sesi","robots":{"index":"index","follow":"follow","max-snippet":"max-snippet:-1","max-image-preview":"max-image-preview:large","max-video-preview":"max-video-preview:-1"},"canonical":"https:\/\/memurunsesi.net\/index.php\/2025\/09\/22\/tarim-mudurlugu-personeli-aracinda-kalbinden-bicaklanmis-halde-bulundu\/","og_locale":"tr_TR","og_type":"article","og_title":"Tar\u0131m m\u00fcd\u00fcrl\u00fc\u011f\u00fc personeli, arac\u0131nda kalbinden b\u0131\u00e7aklanm\u0131\u015f halde bulundu - Memurun Sesi","og_description":"&#8211; \u00d6l\u00fc bulunan ziraat teknikerinin cenazesi adli t\u0131p morguna kald\u0131r\u0131ld\u0131 Gaziantep Tar\u0131m ve Orman \u0130l M\u00fcd\u00fcrl\u00fc\u011f\u00fc&#8217;\u00fcnde ziraat teknikeri olarak g\u00f6rev yapan Ahmet Unurlu (58), da\u011fl\u0131k alandaki arac\u0131nda kalbinden b\u0131\u00e7aklanm\u0131\u015f \u015fekilde \u00f6l\u00fc bulundu. Olay, sabah saatlerinde O\u011fuzeli il\u00e7esi k\u0131rsal \u00c7ayba\u015f\u0131 Mahallesi&#8217;nde meydana geldi. \u0130ddiaya g\u00f6re, da\u011fl\u0131k alanda park halindeki bir arac\u0131n i\u00e7inde bir \u015fahs\u0131 hareketsiz \u015fekilde [&hellip;]","og_url":"https:\/\/memurunsesi.net\/index.php\/2025\/09\/22\/tarim-mudurlugu-personeli-aracinda-kalbinden-bicaklanmis-halde-bulundu\/","og_site_name":"Memurun Sesi","article_publisher":"https:\/\/www.facebook.com\/unipersen\/?locale=tr_TR","article_published_time":"2025-09-22T12:40:12+00:00","og_image":[{"width":1354,"height":862,"url":"https:\/\/memurunsesi.net\/wp-content\/uploads\/2025\/09\/AW543454_01.jpg","type":"image\/jpeg"}],"author":"Memurun Sesi Haber Merkezi","twitter_card":"summary_large_image","twitter_creator":"@unipersen","twitter_site":"@unipersen","twitter_misc":{"Yazan:":"Memurun Sesi Haber Merkezi","Tahmini okuma s\u00fcresi":"1 dakika"},"schema":{"@context":"https:\/\/schema.org","@graph":[{"@type":"Article","@id":"https:\/\/memurunsesi.net\/index.php\/2025\/09\/22\/tarim-mudurlugu-personeli-aracinda-kalbinden-bicaklanmis-halde-bulundu\/#article","isPartOf":{"@id":"https:\/\/memurunsesi.net\/index.php\/2025\/09\/22\/tarim-mudurlugu-personeli-aracinda-kalbinden-bicaklanmis-halde-bulundu\/"},"author":{"name":"Memurun Sesi Haber Merkezi","@id":"https:\/\/memurunsesi.net\/#\/schema\/person\/f21c2d73b89f6ee1d80b0a1803e38587"},"headline":"Tar\u0131m m\u00fcd\u00fcrl\u00fc\u011f\u00fc personeli, arac\u0131nda kalbinden b\u0131\u00e7aklanm\u0131\u015f halde bulundu","datePublished":"2025-09-22T12:40:12+00:00","mainEntityOfPage":{"@id":"https:\/\/memurunsesi.net\/index.php\/2025\/09\/22\/tarim-mudurlugu-personeli-aracinda-kalbinden-bicaklanmis-halde-bulundu\/"},"wordCount":219,"commentCount":0,"publisher":{"@id":"https:\/\/memurunsesi.net\/#organization"},"image":{"@id":"https:\/\/memurunsesi.net\/index.php\/2025\/09\/22\/tarim-mudurlugu-personeli-aracinda-kalbinden-bicaklanmis-halde-bulundu\/#primaryimage"},"thumbnailUrl":"https:\/\/memurunsesi.net\/wp-content\/uploads\/2025\/09\/AW543454_01.jpg","articleSection":["G\u00fcndem"],"inLanguage":"tr","potentialAction":[{"@type":"CommentAction","name":"Comment","target":["https:\/\/memurunsesi.net\/index.php\/2025\/09\/22\/tarim-mudurlugu-personeli-aracinda-kalbinden-bicaklanmis-halde-bulundu\/#respond"]}]},{"@type":"WebPage","@id":"https:\/\/memurunsesi.net\/index.php\/2025\/09\/22\/tarim-mudurlugu-personeli-aracinda-kalbinden-bicaklanmis-halde-bulundu\/","url":"https:\/\/memurunsesi.net\/index.php\/2025\/09\/22\/tarim-mudurlugu-personeli-aracinda-kalbinden-bicaklanmis-halde-bulundu\/","name":"Tar\u0131m m\u00fcd\u00fcrl\u00fc\u011f\u00fc personeli, arac\u0131nda kalbinden b\u0131\u00e7aklanm\u0131\u015f halde bulundu - Memurun Sesi","isPartOf":{"@id":"https:\/\/memurunsesi.net\/#website"},"primaryImageOfPage":{"@id":"https:\/\/memurunsesi.net\/index.php\/2025\/09\/22\/tarim-mudurlugu-personeli-aracinda-kalbinden-bicaklanmis-halde-bulundu\/#primaryimage"},"image":{"@id":"https:\/\/memurunsesi.net\/index.php\/2025\/09\/22\/tarim-mudurlugu-personeli-aracinda-kalbinden-bicaklanmis-halde-bulundu\/#primaryimage"},"thumbnailUrl":"https:\/\/memurunsesi.net\/wp-content\/uploads\/2025\/09\/AW543454_01.jpg","datePublished":"2025-09-22T12:40:12+00:00","breadcrumb":{"@id":"https:\/\/memurunsesi.net\/index.php\/2025\/09\/22\/tarim-mudurlugu-personeli-aracinda-kalbinden-bicaklanmis-halde-bulundu\/#breadcrumb"},"inLanguage":"tr","potentialAction":[{"@type":"ReadAction","target":["https:\/\/memurunsesi.net\/index.php\/2025\/09\/22\/tarim-mudurlugu-personeli-aracinda-kalbinden-bicaklanmis-halde-bulundu\/"]}]},{"@type":"ImageObject","inLanguage":"tr","@id":"https:\/\/memurunsesi.net\/index.php\/2025\/09\/22\/tarim-mudurlugu-personeli-aracinda-kalbinden-bicaklanmis-halde-bulundu\/#primaryimage","url":"https:\/\/memurunsesi.net\/wp-content\/uploads\/2025\/09\/AW543454_01.jpg","contentUrl":"https:\/\/memurunsesi.net\/wp-content\/uploads\/2025\/09\/AW543454_01.jpg","width":1354,"height":862,"caption":"TARIM M\u00dcD\u00dcRL\u00dc\u011e\u00dc PERSONEL\u0130, ARACINDA KALB\u0130NDEN BI\u00c7AKLANMI\u015e HALDE BULUNDU (SA\u0130D VAKKAS YA\u011eCI\/GAZ\u0130ANTEP-\u0130HA) Gaziantep Tar\u0131m ve Orman \u0130l M\u00fcd\u00fcrl\u00fc\u011f\u00fc'\u00fcnde ziraat teknikeri olarak g\u00f6rev yapan Ahmet Unurlu (58), da\u011fl\u0131k alandaki arac\u0131nda kalbinden b\u0131\u00e7aklanm\u0131\u015f \u015fekilde \u00f6l\u00fc bulundu."},{"@type":"BreadcrumbList","@id":"https:\/\/memurunsesi.net\/index.php\/2025\/09\/22\/tarim-mudurlugu-personeli-aracinda-kalbinden-bicaklanmis-halde-bulundu\/#breadcrumb","itemListElement":[{"@type":"ListItem","position":1,"name":"Anasayfa","item":"https:\/\/memurunsesi.net\/"},{"@type":"ListItem","position":2,"name":"Tar\u0131m m\u00fcd\u00fcrl\u00fc\u011f\u00fc personeli, arac\u0131nda kalbinden b\u0131\u00e7aklanm\u0131\u015f halde bulundu"}]},{"@type":"WebSite","@id":"https:\/\/memurunsesi.net\/#website","url":"https:\/\/memurunsesi.net\/","name":"Memurun Sesi","description":"G\u00fcncel ve Do\u011fru Haber","publisher":{"@id":"https:\/\/memurunsesi.net\/#organization"},"potentialAction":[{"@type":"SearchAction","target":{"@type":"EntryPoint","urlTemplate":"https:\/\/memurunsesi.net\/?s={search_term_string}"},"query-input":{"@type":"PropertyValueSpecification","valueRequired":true,"valueName":"search_term_string"}}],"inLanguage":"tr"},{"@type":"Organization","@id":"https:\/\/memurunsesi.net\/#organization","name":"Memurun Sesi","url":"https:\/\/memurunsesi.net\/","logo":{"@type":"ImageObject","inLanguage":"tr","@id":"https:\/\/memurunsesi.net\/#\/schema\/logo\/image\/","url":"https:\/\/memurunsesi.net\/wp-content\/uploads\/2025\/11\/cropped-MEMURUN-SESI.png","contentUrl":"https:\/\/memurunsesi.net\/wp-content\/uploads\/2025\/11\/cropped-MEMURUN-SESI.png","width":238,"height":57,"caption":"Memurun Sesi"},"image":{"@id":"https:\/\/memurunsesi.net\/#\/schema\/logo\/image\/"},"sameAs":["https:\/\/www.facebook.com\/unipersen\/?locale=tr_TR","https:\/\/x.com\/unipersen"]},{"@type":"Person","@id":"https:\/\/memurunsesi.net\/#\/schema\/person\/f21c2d73b89f6ee1d80b0a1803e38587","name":"Memurun Sesi Haber Merkezi","image":{"@type":"ImageObject","inLanguage":"tr","@id":"https:\/\/secure.gravatar.com\/avatar\/6cf0505f452ee753f485014986fab09a434671d2b919ee76fc541025c5876a70?s=96&d=mm&r=g","url":"https:\/\/secure.gravatar.com\/avatar\/6cf0505f452ee753f485014986fab09a434671d2b919ee76fc541025c5876a70?s=96&d=mm&r=g","contentUrl":"https:\/\/secure.gravatar.com\/avatar\/6cf0505f452ee753f485014986fab09a434671d2b919ee76fc541025c5876a70?s=96&d=mm&r=g","caption":"Memurun Sesi Haber Merkezi"},"sameAs":["https:\/\/memurunsesi.net"],"url":"https:\/\/memurunsesi.net\/index.php\/author\/uniper\/"}]}},"_links":{"self":[{"href":"https:\/\/memurunsesi.net\/index.php\/wp-json\/wp\/v2\/posts\/12024","targetHints":{"allow":["GET"]}}],"collection":[{"href":"https:\/\/memurunsesi.net\/index.php\/wp-json\/wp\/v2\/posts"}],"about":[{"href":"https:\/\/memurunsesi.net\/index.php\/wp-json\/wp\/v2\/types\/post"}],"author":[{"embeddable":true,"href":"https:\/\/memurunsesi.net\/index.php\/wp-json\/wp\/v2\/users\/1"}],"replies":[{"embeddable":true,"href":"https:\/\/memurunsesi.net\/index.php\/wp-json\/wp\/v2\/comments?post=12024"}],"version-history":[{"count":1,"href":"https:\/\/memurunsesi.net\/index.php\/wp-json\/wp\/v2\/posts\/12024\/revisions"}],"predecessor-version":[{"id":12026,"href":"https:\/\/memurunsesi.net\/index.php\/wp-json\/wp\/v2\/posts\/12024\/revisions\/12026"}],"wp:featuredmedia":[{"embeddable":true,"href":"https:\/\/memurunsesi.net\/index.php\/wp-json\/wp\/v2\/media\/12025"}],"wp:attachment":[{"href":"https:\/\/memurunsesi.net\/index.php\/wp-json\/wp\/v2\/media?parent=12024"}],"wp:term":[{"taxonomy":"category","embeddable":true,"href":"https:\/\/memurunsesi.net\/index.php\/wp-json\/wp\/v2\/categories?post=12024"},{"taxonomy":"post_tag","embeddable":true,"href":"https:\/\/memurunsesi.net\/index.php\/wp-json\/wp\/v2\/tags?post=12024"}],"curies":[{"name":"wp","href":"https:\/\/api.w.org\/{rel}","templated":true}]}}