{"id":12618,"date":"2025-10-07T07:38:31","date_gmt":"2025-10-07T04:38:31","guid":{"rendered":"https:\/\/memurunsesi.net\/?p=12618"},"modified":"2025-10-07T07:38:31","modified_gmt":"2025-10-07T04:38:31","slug":"kadikoyde-5-katli-binada-korkutan-yangin-20-kisi-dumandan-etkilendi","status":"publish","type":"post","link":"https:\/\/memurunsesi.net\/index.php\/2025\/10\/07\/kadikoyde-5-katli-binada-korkutan-yangin-20-kisi-dumandan-etkilendi\/","title":{"rendered":"Kad\u0131k\u00f6y&#8217;de 5 katl\u0131 binada korkutan yang\u0131n: 20 ki\u015fi dumandan etkilendi"},"content":{"rendered":"<p> Kad\u0131k\u00f6y&#8217;de 5 katl\u0131 bir binada elektrik panosunda \u00e7\u0131kan yang\u0131n pani\u011fe neden oldu. Yang\u0131nda yakla\u015f\u0131k 20 ki\u015fi dumandan etkilendi.<br \/>\n  Olay, Kad\u0131k\u00f6y Hayrettin Sokak&#8217;ta meydana geldi. Edinilen bilgiye g\u00f6re, binan\u0131n giri\u015f kat\u0131nda bulunan elektrik panosunda hen\u00fcz bilinmeyen bir nedenle yang\u0131n \u00e7\u0131kt\u0131. K\u0131sa s\u00fcrede binay\u0131 duman kaplad\u0131. \u0130hbar \u00fczerine olay yerine itfaiye, polis ve sa\u011fl\u0131k ekipleri sevk edildi. \u0130tfaiye ekipleri, yo\u011fun duman nedeniyle \u00fcst katlarda mahsur kalan vatanda\u015flar\u0131 merdiven arac\u0131yla tahliye etti. Dumandan etkilenen yakla\u015f\u0131k 20 ki\u015fi sa\u011fl\u0131k ekipleri taraf\u0131ndan olay yerinde tedavi edildi. Yang\u0131n, itfaiye ekiplerinin m\u00fcdahalesiyle k\u0131sa s\u00fcrede kontrol alt\u0131na al\u0131n\u0131rken binada maddi hasar meydana geldi. Yang\u0131n an\u0131 \u00e7evredeki vatanda\u015flar\u0131n cep telefonu kameralar\u0131na yans\u0131d\u0131.<br \/>\n  Yetkililer, yang\u0131n\u0131n \u00e7\u0131k\u0131\u015f nedenine ili\u015fkin inceleme ba\u015flatt\u0131. <\/p>\n<p>7.10.2025                                  <\/p>\n","protected":false},"excerpt":{"rendered":"<p>Kad\u0131k\u00f6y&#8217;de 5 katl\u0131 bir binada elektrik panosunda \u00e7\u0131kan yang\u0131n pani\u011fe neden oldu. Yang\u0131nda yakla\u015f\u0131k 20 ki\u015fi dumandan etkilendi. Olay, Kad\u0131k\u00f6y Hayrettin Sokak&#8217;ta meydana geldi. Edinilen bilgiye g\u00f6re, binan\u0131n giri\u015f kat\u0131nda bulunan elektrik panosunda hen\u00fcz bilinmeyen bir nedenle yang\u0131n \u00e7\u0131kt\u0131. K\u0131sa s\u00fcrede binay\u0131 duman kaplad\u0131. \u0130hbar \u00fczerine olay yerine itfaiye, polis ve sa\u011fl\u0131k ekipleri sevk edildi. [&hellip;]<\/p>\n","protected":false},"author":1,"featured_media":12619,"comment_status":"open","ping_status":"open","sticky":false,"template":"","format":"standard","meta":{"footnotes":""},"categories":[45],"tags":[],"class_list":["post-12618","post","type-post","status-publish","format-standard","has-post-thumbnail","hentry","category-gundem"],"yoast_head":"<!-- This site is optimized with the Yoast SEO plugin v27.4 - https:\/\/yoast.com\/product\/yoast-seo-wordpress\/ -->\n<title>Kad\u0131k\u00f6y&#039;de 5 katl\u0131 binada korkutan yang\u0131n: 20 ki\u015fi dumandan etkilendi - Memurun Sesi<\/title>\n<meta name=\"robots\" content=\"index, follow, max-snippet:-1, max-image-preview:large, max-video-preview:-1\" \/>\n<link rel=\"canonical\" href=\"https:\/\/memurunsesi.net\/index.php\/2025\/10\/07\/kadikoyde-5-katli-binada-korkutan-yangin-20-kisi-dumandan-etkilendi\/\" \/>\n<meta property=\"og:locale\" content=\"tr_TR\" \/>\n<meta property=\"og:type\" content=\"article\" \/>\n<meta property=\"og:title\" content=\"Kad\u0131k\u00f6y&#039;de 5 katl\u0131 binada korkutan yang\u0131n: 20 ki\u015fi dumandan etkilendi - Memurun Sesi\" \/>\n<meta property=\"og:description\" content=\"Kad\u0131k\u00f6y&#8217;de 5 katl\u0131 bir binada elektrik panosunda \u00e7\u0131kan yang\u0131n pani\u011fe neden oldu. Yang\u0131nda yakla\u015f\u0131k 20 ki\u015fi dumandan etkilendi. Olay, Kad\u0131k\u00f6y Hayrettin Sokak&#8217;ta meydana geldi. Edinilen bilgiye g\u00f6re, binan\u0131n giri\u015f kat\u0131nda bulunan elektrik panosunda hen\u00fcz bilinmeyen bir nedenle yang\u0131n \u00e7\u0131kt\u0131. K\u0131sa s\u00fcrede binay\u0131 duman kaplad\u0131. \u0130hbar \u00fczerine olay yerine itfaiye, polis ve sa\u011fl\u0131k ekipleri sevk edildi. [&hellip;]\" \/>\n<meta property=\"og:url\" content=\"https:\/\/memurunsesi.net\/index.php\/2025\/10\/07\/kadikoyde-5-katli-binada-korkutan-yangin-20-kisi-dumandan-etkilendi\/\" \/>\n<meta property=\"og:site_name\" content=\"Memurun Sesi\" \/>\n<meta property=\"article:publisher\" content=\"https:\/\/www.facebook.com\/unipersen\/?locale=tr_TR\" \/>\n<meta property=\"article:published_time\" content=\"2025-10-07T04:38:31+00:00\" \/>\n<meta property=\"og:image\" content=\"https:\/\/memurunsesi.net\/wp-content\/uploads\/2025\/10\/AW553287_01.jpg\" \/>\n\t<meta property=\"og:image:width\" content=\"1920\" \/>\n\t<meta property=\"og:image:height\" content=\"1080\" \/>\n\t<meta property=\"og:image:type\" content=\"image\/jpeg\" \/>\n<meta name=\"author\" content=\"Memurun Sesi Haber Merkezi\" \/>\n<meta name=\"twitter:card\" content=\"summary_large_image\" \/>\n<meta name=\"twitter:creator\" content=\"@unipersen\" \/>\n<meta name=\"twitter:site\" content=\"@unipersen\" \/>\n<meta name=\"twitter:label1\" content=\"Yazan:\" \/>\n\t<meta name=\"twitter:data1\" content=\"Memurun Sesi Haber Merkezi\" \/>\n\t<meta name=\"twitter:label2\" content=\"Tahmini okuma s\u00fcresi\" \/>\n\t<meta name=\"twitter:data2\" content=\"1 dakika\" \/>\n<script type=\"application\/ld+json\" class=\"yoast-schema-graph\">{\"@context\":\"https:\\\/\\\/schema.org\",\"@graph\":[{\"@type\":\"Article\",\"@id\":\"https:\\\/\\\/memurunsesi.net\\\/index.php\\\/2025\\\/10\\\/07\\\/kadikoyde-5-katli-binada-korkutan-yangin-20-kisi-dumandan-etkilendi\\\/#article\",\"isPartOf\":{\"@id\":\"https:\\\/\\\/memurunsesi.net\\\/index.php\\\/2025\\\/10\\\/07\\\/kadikoyde-5-katli-binada-korkutan-yangin-20-kisi-dumandan-etkilendi\\\/\"},\"author\":{\"name\":\"Memurun Sesi Haber Merkezi\",\"@id\":\"https:\\\/\\\/memurunsesi.net\\\/#\\\/schema\\\/person\\\/f21c2d73b89f6ee1d80b0a1803e38587\"},\"headline\":\"Kad\u0131k\u00f6y&#8217;de 5 katl\u0131 binada korkutan yang\u0131n: 20 ki\u015fi dumandan etkilendi\",\"datePublished\":\"2025-10-07T04:38:31+00:00\",\"mainEntityOfPage\":{\"@id\":\"https:\\\/\\\/memurunsesi.net\\\/index.php\\\/2025\\\/10\\\/07\\\/kadikoyde-5-katli-binada-korkutan-yangin-20-kisi-dumandan-etkilendi\\\/\"},\"wordCount\":164,\"commentCount\":0,\"publisher\":{\"@id\":\"https:\\\/\\\/memurunsesi.net\\\/#organization\"},\"image\":{\"@id\":\"https:\\\/\\\/memurunsesi.net\\\/index.php\\\/2025\\\/10\\\/07\\\/kadikoyde-5-katli-binada-korkutan-yangin-20-kisi-dumandan-etkilendi\\\/#primaryimage\"},\"thumbnailUrl\":\"https:\\\/\\\/memurunsesi.net\\\/wp-content\\\/uploads\\\/2025\\\/10\\\/AW553287_01.jpg\",\"articleSection\":[\"G\u00fcndem\"],\"inLanguage\":\"tr\",\"potentialAction\":[{\"@type\":\"CommentAction\",\"name\":\"Comment\",\"target\":[\"https:\\\/\\\/memurunsesi.net\\\/index.php\\\/2025\\\/10\\\/07\\\/kadikoyde-5-katli-binada-korkutan-yangin-20-kisi-dumandan-etkilendi\\\/#respond\"]}]},{\"@type\":\"WebPage\",\"@id\":\"https:\\\/\\\/memurunsesi.net\\\/index.php\\\/2025\\\/10\\\/07\\\/kadikoyde-5-katli-binada-korkutan-yangin-20-kisi-dumandan-etkilendi\\\/\",\"url\":\"https:\\\/\\\/memurunsesi.net\\\/index.php\\\/2025\\\/10\\\/07\\\/kadikoyde-5-katli-binada-korkutan-yangin-20-kisi-dumandan-etkilendi\\\/\",\"name\":\"Kad\u0131k\u00f6y'de 5 katl\u0131 binada korkutan yang\u0131n: 20 ki\u015fi dumandan etkilendi - Memurun Sesi\",\"isPartOf\":{\"@id\":\"https:\\\/\\\/memurunsesi.net\\\/#website\"},\"primaryImageOfPage\":{\"@id\":\"https:\\\/\\\/memurunsesi.net\\\/index.php\\\/2025\\\/10\\\/07\\\/kadikoyde-5-katli-binada-korkutan-yangin-20-kisi-dumandan-etkilendi\\\/#primaryimage\"},\"image\":{\"@id\":\"https:\\\/\\\/memurunsesi.net\\\/index.php\\\/2025\\\/10\\\/07\\\/kadikoyde-5-katli-binada-korkutan-yangin-20-kisi-dumandan-etkilendi\\\/#primaryimage\"},\"thumbnailUrl\":\"https:\\\/\\\/memurunsesi.net\\\/wp-content\\\/uploads\\\/2025\\\/10\\\/AW553287_01.jpg\",\"datePublished\":\"2025-10-07T04:38:31+00:00\",\"breadcrumb\":{\"@id\":\"https:\\\/\\\/memurunsesi.net\\\/index.php\\\/2025\\\/10\\\/07\\\/kadikoyde-5-katli-binada-korkutan-yangin-20-kisi-dumandan-etkilendi\\\/#breadcrumb\"},\"inLanguage\":\"tr\",\"potentialAction\":[{\"@type\":\"ReadAction\",\"target\":[\"https:\\\/\\\/memurunsesi.net\\\/index.php\\\/2025\\\/10\\\/07\\\/kadikoyde-5-katli-binada-korkutan-yangin-20-kisi-dumandan-etkilendi\\\/\"]}]},{\"@type\":\"ImageObject\",\"inLanguage\":\"tr\",\"@id\":\"https:\\\/\\\/memurunsesi.net\\\/index.php\\\/2025\\\/10\\\/07\\\/kadikoyde-5-katli-binada-korkutan-yangin-20-kisi-dumandan-etkilendi\\\/#primaryimage\",\"url\":\"https:\\\/\\\/memurunsesi.net\\\/wp-content\\\/uploads\\\/2025\\\/10\\\/AW553287_01.jpg\",\"contentUrl\":\"https:\\\/\\\/memurunsesi.net\\\/wp-content\\\/uploads\\\/2025\\\/10\\\/AW553287_01.jpg\",\"width\":1920,\"height\":1080,\"caption\":\"KADIK\u00d6Y'DE 5 KATLI B\u0130R B\u0130NADA ELEKTR\u0130K PANOSUNDA \u00c7IKAN YANGIN PAN\u0130\u011eE NEDEN OLDU. YANGINDA YAKLA\u015eIK 20 K\u0130\u015e\u0130 DUMANDAN ETK\u0130LEND\u0130. (VAH\u0130T ALDI\\\/\u0130STANBUL-\u0130HA) Kad\u0131k\u00f6y'de 5 katl\u0131 bir binada elektrik panosunda \u00e7\u0131kan yang\u0131n pani\u011fe neden oldu. Yang\u0131nda yakla\u015f\u0131k 20 ki\u015fi dumandan etkilendi.\"},{\"@type\":\"BreadcrumbList\",\"@id\":\"https:\\\/\\\/memurunsesi.net\\\/index.php\\\/2025\\\/10\\\/07\\\/kadikoyde-5-katli-binada-korkutan-yangin-20-kisi-dumandan-etkilendi\\\/#breadcrumb\",\"itemListElement\":[{\"@type\":\"ListItem\",\"position\":1,\"name\":\"Anasayfa\",\"item\":\"https:\\\/\\\/memurunsesi.net\\\/\"},{\"@type\":\"ListItem\",\"position\":2,\"name\":\"Kad\u0131k\u00f6y&#8217;de 5 katl\u0131 binada korkutan yang\u0131n: 20 ki\u015fi dumandan etkilendi\"}]},{\"@type\":\"WebSite\",\"@id\":\"https:\\\/\\\/memurunsesi.net\\\/#website\",\"url\":\"https:\\\/\\\/memurunsesi.net\\\/\",\"name\":\"Memurun Sesi\",\"description\":\"G\u00fcncel ve Do\u011fru Haber\",\"publisher\":{\"@id\":\"https:\\\/\\\/memurunsesi.net\\\/#organization\"},\"potentialAction\":[{\"@type\":\"SearchAction\",\"target\":{\"@type\":\"EntryPoint\",\"urlTemplate\":\"https:\\\/\\\/memurunsesi.net\\\/?s={search_term_string}\"},\"query-input\":{\"@type\":\"PropertyValueSpecification\",\"valueRequired\":true,\"valueName\":\"search_term_string\"}}],\"inLanguage\":\"tr\"},{\"@type\":\"Organization\",\"@id\":\"https:\\\/\\\/memurunsesi.net\\\/#organization\",\"name\":\"Memurun Sesi\",\"url\":\"https:\\\/\\\/memurunsesi.net\\\/\",\"logo\":{\"@type\":\"ImageObject\",\"inLanguage\":\"tr\",\"@id\":\"https:\\\/\\\/memurunsesi.net\\\/#\\\/schema\\\/logo\\\/image\\\/\",\"url\":\"https:\\\/\\\/memurunsesi.net\\\/wp-content\\\/uploads\\\/2025\\\/11\\\/cropped-MEMURUN-SESI.png\",\"contentUrl\":\"https:\\\/\\\/memurunsesi.net\\\/wp-content\\\/uploads\\\/2025\\\/11\\\/cropped-MEMURUN-SESI.png\",\"width\":238,\"height\":57,\"caption\":\"Memurun Sesi\"},\"image\":{\"@id\":\"https:\\\/\\\/memurunsesi.net\\\/#\\\/schema\\\/logo\\\/image\\\/\"},\"sameAs\":[\"https:\\\/\\\/www.facebook.com\\\/unipersen\\\/?locale=tr_TR\",\"https:\\\/\\\/x.com\\\/unipersen\"]},{\"@type\":\"Person\",\"@id\":\"https:\\\/\\\/memurunsesi.net\\\/#\\\/schema\\\/person\\\/f21c2d73b89f6ee1d80b0a1803e38587\",\"name\":\"Memurun Sesi Haber Merkezi\",\"image\":{\"@type\":\"ImageObject\",\"inLanguage\":\"tr\",\"@id\":\"https:\\\/\\\/secure.gravatar.com\\\/avatar\\\/6cf0505f452ee753f485014986fab09a434671d2b919ee76fc541025c5876a70?s=96&d=mm&r=g\",\"url\":\"https:\\\/\\\/secure.gravatar.com\\\/avatar\\\/6cf0505f452ee753f485014986fab09a434671d2b919ee76fc541025c5876a70?s=96&d=mm&r=g\",\"contentUrl\":\"https:\\\/\\\/secure.gravatar.com\\\/avatar\\\/6cf0505f452ee753f485014986fab09a434671d2b919ee76fc541025c5876a70?s=96&d=mm&r=g\",\"caption\":\"Memurun Sesi Haber Merkezi\"},\"sameAs\":[\"https:\\\/\\\/memurunsesi.net\"],\"url\":\"https:\\\/\\\/memurunsesi.net\\\/index.php\\\/author\\\/uniper\\\/\"}]}<\/script>\n<!-- \/ Yoast SEO plugin. -->","yoast_head_json":{"title":"Kad\u0131k\u00f6y'de 5 katl\u0131 binada korkutan yang\u0131n: 20 ki\u015fi dumandan etkilendi - Memurun Sesi","robots":{"index":"index","follow":"follow","max-snippet":"max-snippet:-1","max-image-preview":"max-image-preview:large","max-video-preview":"max-video-preview:-1"},"canonical":"https:\/\/memurunsesi.net\/index.php\/2025\/10\/07\/kadikoyde-5-katli-binada-korkutan-yangin-20-kisi-dumandan-etkilendi\/","og_locale":"tr_TR","og_type":"article","og_title":"Kad\u0131k\u00f6y'de 5 katl\u0131 binada korkutan yang\u0131n: 20 ki\u015fi dumandan etkilendi - Memurun Sesi","og_description":"Kad\u0131k\u00f6y&#8217;de 5 katl\u0131 bir binada elektrik panosunda \u00e7\u0131kan yang\u0131n pani\u011fe neden oldu. Yang\u0131nda yakla\u015f\u0131k 20 ki\u015fi dumandan etkilendi. Olay, Kad\u0131k\u00f6y Hayrettin Sokak&#8217;ta meydana geldi. Edinilen bilgiye g\u00f6re, binan\u0131n giri\u015f kat\u0131nda bulunan elektrik panosunda hen\u00fcz bilinmeyen bir nedenle yang\u0131n \u00e7\u0131kt\u0131. K\u0131sa s\u00fcrede binay\u0131 duman kaplad\u0131. \u0130hbar \u00fczerine olay yerine itfaiye, polis ve sa\u011fl\u0131k ekipleri sevk edildi. [&hellip;]","og_url":"https:\/\/memurunsesi.net\/index.php\/2025\/10\/07\/kadikoyde-5-katli-binada-korkutan-yangin-20-kisi-dumandan-etkilendi\/","og_site_name":"Memurun Sesi","article_publisher":"https:\/\/www.facebook.com\/unipersen\/?locale=tr_TR","article_published_time":"2025-10-07T04:38:31+00:00","og_image":[{"width":1920,"height":1080,"url":"https:\/\/memurunsesi.net\/wp-content\/uploads\/2025\/10\/AW553287_01.jpg","type":"image\/jpeg"}],"author":"Memurun Sesi Haber Merkezi","twitter_card":"summary_large_image","twitter_creator":"@unipersen","twitter_site":"@unipersen","twitter_misc":{"Yazan:":"Memurun Sesi Haber Merkezi","Tahmini okuma s\u00fcresi":"1 dakika"},"schema":{"@context":"https:\/\/schema.org","@graph":[{"@type":"Article","@id":"https:\/\/memurunsesi.net\/index.php\/2025\/10\/07\/kadikoyde-5-katli-binada-korkutan-yangin-20-kisi-dumandan-etkilendi\/#article","isPartOf":{"@id":"https:\/\/memurunsesi.net\/index.php\/2025\/10\/07\/kadikoyde-5-katli-binada-korkutan-yangin-20-kisi-dumandan-etkilendi\/"},"author":{"name":"Memurun Sesi Haber Merkezi","@id":"https:\/\/memurunsesi.net\/#\/schema\/person\/f21c2d73b89f6ee1d80b0a1803e38587"},"headline":"Kad\u0131k\u00f6y&#8217;de 5 katl\u0131 binada korkutan yang\u0131n: 20 ki\u015fi dumandan etkilendi","datePublished":"2025-10-07T04:38:31+00:00","mainEntityOfPage":{"@id":"https:\/\/memurunsesi.net\/index.php\/2025\/10\/07\/kadikoyde-5-katli-binada-korkutan-yangin-20-kisi-dumandan-etkilendi\/"},"wordCount":164,"commentCount":0,"publisher":{"@id":"https:\/\/memurunsesi.net\/#organization"},"image":{"@id":"https:\/\/memurunsesi.net\/index.php\/2025\/10\/07\/kadikoyde-5-katli-binada-korkutan-yangin-20-kisi-dumandan-etkilendi\/#primaryimage"},"thumbnailUrl":"https:\/\/memurunsesi.net\/wp-content\/uploads\/2025\/10\/AW553287_01.jpg","articleSection":["G\u00fcndem"],"inLanguage":"tr","potentialAction":[{"@type":"CommentAction","name":"Comment","target":["https:\/\/memurunsesi.net\/index.php\/2025\/10\/07\/kadikoyde-5-katli-binada-korkutan-yangin-20-kisi-dumandan-etkilendi\/#respond"]}]},{"@type":"WebPage","@id":"https:\/\/memurunsesi.net\/index.php\/2025\/10\/07\/kadikoyde-5-katli-binada-korkutan-yangin-20-kisi-dumandan-etkilendi\/","url":"https:\/\/memurunsesi.net\/index.php\/2025\/10\/07\/kadikoyde-5-katli-binada-korkutan-yangin-20-kisi-dumandan-etkilendi\/","name":"Kad\u0131k\u00f6y'de 5 katl\u0131 binada korkutan yang\u0131n: 20 ki\u015fi dumandan etkilendi - Memurun Sesi","isPartOf":{"@id":"https:\/\/memurunsesi.net\/#website"},"primaryImageOfPage":{"@id":"https:\/\/memurunsesi.net\/index.php\/2025\/10\/07\/kadikoyde-5-katli-binada-korkutan-yangin-20-kisi-dumandan-etkilendi\/#primaryimage"},"image":{"@id":"https:\/\/memurunsesi.net\/index.php\/2025\/10\/07\/kadikoyde-5-katli-binada-korkutan-yangin-20-kisi-dumandan-etkilendi\/#primaryimage"},"thumbnailUrl":"https:\/\/memurunsesi.net\/wp-content\/uploads\/2025\/10\/AW553287_01.jpg","datePublished":"2025-10-07T04:38:31+00:00","breadcrumb":{"@id":"https:\/\/memurunsesi.net\/index.php\/2025\/10\/07\/kadikoyde-5-katli-binada-korkutan-yangin-20-kisi-dumandan-etkilendi\/#breadcrumb"},"inLanguage":"tr","potentialAction":[{"@type":"ReadAction","target":["https:\/\/memurunsesi.net\/index.php\/2025\/10\/07\/kadikoyde-5-katli-binada-korkutan-yangin-20-kisi-dumandan-etkilendi\/"]}]},{"@type":"ImageObject","inLanguage":"tr","@id":"https:\/\/memurunsesi.net\/index.php\/2025\/10\/07\/kadikoyde-5-katli-binada-korkutan-yangin-20-kisi-dumandan-etkilendi\/#primaryimage","url":"https:\/\/memurunsesi.net\/wp-content\/uploads\/2025\/10\/AW553287_01.jpg","contentUrl":"https:\/\/memurunsesi.net\/wp-content\/uploads\/2025\/10\/AW553287_01.jpg","width":1920,"height":1080,"caption":"KADIK\u00d6Y'DE 5 KATLI B\u0130R B\u0130NADA ELEKTR\u0130K PANOSUNDA \u00c7IKAN YANGIN PAN\u0130\u011eE NEDEN OLDU. YANGINDA YAKLA\u015eIK 20 K\u0130\u015e\u0130 DUMANDAN ETK\u0130LEND\u0130. (VAH\u0130T ALDI\/\u0130STANBUL-\u0130HA) Kad\u0131k\u00f6y'de 5 katl\u0131 bir binada elektrik panosunda \u00e7\u0131kan yang\u0131n pani\u011fe neden oldu. Yang\u0131nda yakla\u015f\u0131k 20 ki\u015fi dumandan etkilendi."},{"@type":"BreadcrumbList","@id":"https:\/\/memurunsesi.net\/index.php\/2025\/10\/07\/kadikoyde-5-katli-binada-korkutan-yangin-20-kisi-dumandan-etkilendi\/#breadcrumb","itemListElement":[{"@type":"ListItem","position":1,"name":"Anasayfa","item":"https:\/\/memurunsesi.net\/"},{"@type":"ListItem","position":2,"name":"Kad\u0131k\u00f6y&#8217;de 5 katl\u0131 binada korkutan yang\u0131n: 20 ki\u015fi dumandan etkilendi"}]},{"@type":"WebSite","@id":"https:\/\/memurunsesi.net\/#website","url":"https:\/\/memurunsesi.net\/","name":"Memurun Sesi","description":"G\u00fcncel ve Do\u011fru Haber","publisher":{"@id":"https:\/\/memurunsesi.net\/#organization"},"potentialAction":[{"@type":"SearchAction","target":{"@type":"EntryPoint","urlTemplate":"https:\/\/memurunsesi.net\/?s={search_term_string}"},"query-input":{"@type":"PropertyValueSpecification","valueRequired":true,"valueName":"search_term_string"}}],"inLanguage":"tr"},{"@type":"Organization","@id":"https:\/\/memurunsesi.net\/#organization","name":"Memurun Sesi","url":"https:\/\/memurunsesi.net\/","logo":{"@type":"ImageObject","inLanguage":"tr","@id":"https:\/\/memurunsesi.net\/#\/schema\/logo\/image\/","url":"https:\/\/memurunsesi.net\/wp-content\/uploads\/2025\/11\/cropped-MEMURUN-SESI.png","contentUrl":"https:\/\/memurunsesi.net\/wp-content\/uploads\/2025\/11\/cropped-MEMURUN-SESI.png","width":238,"height":57,"caption":"Memurun Sesi"},"image":{"@id":"https:\/\/memurunsesi.net\/#\/schema\/logo\/image\/"},"sameAs":["https:\/\/www.facebook.com\/unipersen\/?locale=tr_TR","https:\/\/x.com\/unipersen"]},{"@type":"Person","@id":"https:\/\/memurunsesi.net\/#\/schema\/person\/f21c2d73b89f6ee1d80b0a1803e38587","name":"Memurun Sesi Haber Merkezi","image":{"@type":"ImageObject","inLanguage":"tr","@id":"https:\/\/secure.gravatar.com\/avatar\/6cf0505f452ee753f485014986fab09a434671d2b919ee76fc541025c5876a70?s=96&d=mm&r=g","url":"https:\/\/secure.gravatar.com\/avatar\/6cf0505f452ee753f485014986fab09a434671d2b919ee76fc541025c5876a70?s=96&d=mm&r=g","contentUrl":"https:\/\/secure.gravatar.com\/avatar\/6cf0505f452ee753f485014986fab09a434671d2b919ee76fc541025c5876a70?s=96&d=mm&r=g","caption":"Memurun Sesi Haber Merkezi"},"sameAs":["https:\/\/memurunsesi.net"],"url":"https:\/\/memurunsesi.net\/index.php\/author\/uniper\/"}]}},"_links":{"self":[{"href":"https:\/\/memurunsesi.net\/index.php\/wp-json\/wp\/v2\/posts\/12618","targetHints":{"allow":["GET"]}}],"collection":[{"href":"https:\/\/memurunsesi.net\/index.php\/wp-json\/wp\/v2\/posts"}],"about":[{"href":"https:\/\/memurunsesi.net\/index.php\/wp-json\/wp\/v2\/types\/post"}],"author":[{"embeddable":true,"href":"https:\/\/memurunsesi.net\/index.php\/wp-json\/wp\/v2\/users\/1"}],"replies":[{"embeddable":true,"href":"https:\/\/memurunsesi.net\/index.php\/wp-json\/wp\/v2\/comments?post=12618"}],"version-history":[{"count":1,"href":"https:\/\/memurunsesi.net\/index.php\/wp-json\/wp\/v2\/posts\/12618\/revisions"}],"predecessor-version":[{"id":12620,"href":"https:\/\/memurunsesi.net\/index.php\/wp-json\/wp\/v2\/posts\/12618\/revisions\/12620"}],"wp:featuredmedia":[{"embeddable":true,"href":"https:\/\/memurunsesi.net\/index.php\/wp-json\/wp\/v2\/media\/12619"}],"wp:attachment":[{"href":"https:\/\/memurunsesi.net\/index.php\/wp-json\/wp\/v2\/media?parent=12618"}],"wp:term":[{"taxonomy":"category","embeddable":true,"href":"https:\/\/memurunsesi.net\/index.php\/wp-json\/wp\/v2\/categories?post=12618"},{"taxonomy":"post_tag","embeddable":true,"href":"https:\/\/memurunsesi.net\/index.php\/wp-json\/wp\/v2\/tags?post=12618"}],"curies":[{"name":"wp","href":"https:\/\/api.w.org\/{rel}","templated":true}]}}