{"id":12621,"date":"2025-10-07T07:39:39","date_gmt":"2025-10-07T04:39:39","guid":{"rendered":"https:\/\/memurunsesi.net\/?p=12621"},"modified":"2025-10-07T07:39:39","modified_gmt":"2025-10-07T04:39:39","slug":"1-ay-once-evlendigi-esini-oldurdukten-sonra-ayni-tufekle-intihar-etti","status":"publish","type":"post","link":"https:\/\/memurunsesi.net\/index.php\/2025\/10\/07\/1-ay-once-evlendigi-esini-oldurdukten-sonra-ayni-tufekle-intihar-etti\/","title":{"rendered":"1 ay \u00f6nce evlendi\u011fi e\u015fini \u00f6ld\u00fcrd\u00fckten sonra ayn\u0131 t\u00fcfekle intihar etti"},"content":{"rendered":"<p>  Denizli&#8217;de 1 ay \u00f6nce evlendi\u011fi e\u015fiyle tart\u0131\u015fan koca, t\u00fcfekle \u00f6nce kar\u0131s\u0131n\u0131 \u00f6ld\u00fcrd\u00fc, ard\u0131ndan intihar etti. E\u015fini \u00f6ld\u00fcrd\u00fckten sonra intihar eden kocan\u0131n kendisini eve b\u0131rakan o\u011fluyla da vedala\u015f\u0131r \u015fekilde konu\u015ftu\u011fu \u00f6\u011frenildi.<br \/>\n  Olay, Pamukkale il\u00e7esi \u0130ncilip\u0131nar Mahallesi&#8217;nde meydana geldi. Edinilen bilgilere g\u00f6re, Tunay Acar (42), bir ay \u00f6nce evlendi\u011fi Keziban Pars (44) ile birlikte ya\u015fad\u0131klar\u0131 apart dairesinde alkol ald\u0131. Daha sonra ikili aras\u0131nda \u00e7\u0131kan tart\u0131\u015fmada Tunay Acar, eline ald\u0131\u011f\u0131 t\u00fcfekle Keziban Pars&#8217;\u0131n kafas\u0131na ate\u015f ederek \u00f6ld\u00fcrd\u00fc. Daha sonra Tunay Acar, ayn\u0131 t\u00fcfekle intihar etti. Babas\u0131na ula\u015famayan Arda Acar, 112 Acil \u00c7a\u011fr\u0131 Merkezi&#8217;ne ihbarda bulundu. \u0130hbar \u00fczerine adrese gelen polis ekipleri kap\u0131n\u0131n a\u00e7\u0131lmamas\u0131 \u00fczerine \u00e7ilingir yard\u0131m\u0131yla i\u00e7eri girdi. \u0130\u00e7eriye giren polis ekipleri \u00e7ifti kanlar i\u00e7erisinde yerde buldu. Sa\u011fl\u0131k ekipleri taraf\u0131ndan yap\u0131lan kontrollerde Tunay Acar ve e\u015fi Keziban Pars&#8217;\u0131n olay yerinde hayat\u0131n\u0131 kaybetti\u011fi belirlendi. <\/p>\n<p>  Ak\u015fam\u00fczeri kendisini eve b\u0131rakan o\u011fluyla vedala\u015fm\u0131\u015f<br \/>\n  Tunay Pars, ak\u015fam 20.00 s\u0131ralar\u0131nda kendisini eve b\u0131rakan o\u011fluyla vedala\u015ft\u0131\u011f\u0131 \u00f6\u011frenildi. Tunay Acar&#8217;\u0131n kendisini eve b\u0131rakan o\u011flunu evden g\u00f6ndererek, &#8220;Seni \u00e7ok seviyorum. Kendine iyi bak&#8221; dedi\u011fi \u00f6\u011frenildi. Ayr\u0131ca \u00e7iftin 1 ay \u00f6nce evlendi\u011fi, aralar\u0131n\u0131n da iyi oldu\u011fu ifade edildi. Olay yerindeki incelemelerin ard\u0131ndan \u00e7iftin cenazeleri otopsi yap\u0131lmak \u00fczere Adli T\u0131p Kurumu Denizli Grup Ba\u015fkanl\u0131\u011f\u0131 Morgu&#8217;na kald\u0131r\u0131ld\u0131.<br \/>\n  Olayla ilgili soru\u015fturma ba\u015flat\u0131ld\u0131. <\/p>\n<p>7.10.2025                                 <\/p>\n","protected":false},"excerpt":{"rendered":"<p>Denizli&#8217;de 1 ay \u00f6nce evlendi\u011fi e\u015fiyle tart\u0131\u015fan koca, t\u00fcfekle \u00f6nce kar\u0131s\u0131n\u0131 \u00f6ld\u00fcrd\u00fc, ard\u0131ndan intihar etti. E\u015fini \u00f6ld\u00fcrd\u00fckten sonra intihar eden kocan\u0131n kendisini eve b\u0131rakan o\u011fluyla da vedala\u015f\u0131r \u015fekilde konu\u015ftu\u011fu \u00f6\u011frenildi. Olay, Pamukkale il\u00e7esi \u0130ncilip\u0131nar Mahallesi&#8217;nde meydana geldi. Edinilen bilgilere g\u00f6re, Tunay Acar (42), bir ay \u00f6nce evlendi\u011fi Keziban Pars (44) ile birlikte ya\u015fad\u0131klar\u0131 apart dairesinde [&hellip;]<\/p>\n","protected":false},"author":1,"featured_media":12622,"comment_status":"open","ping_status":"open","sticky":false,"template":"","format":"standard","meta":{"footnotes":""},"categories":[50],"tags":[],"class_list":["post-12621","post","type-post","status-publish","format-standard","has-post-thumbnail","hentry","category-tum-haberler"],"yoast_head":"<!-- This site is optimized with the Yoast SEO plugin v27.4 - https:\/\/yoast.com\/product\/yoast-seo-wordpress\/ -->\n<title>1 ay \u00f6nce evlendi\u011fi e\u015fini \u00f6ld\u00fcrd\u00fckten sonra ayn\u0131 t\u00fcfekle intihar etti - Memurun Sesi<\/title>\n<meta name=\"robots\" content=\"index, follow, max-snippet:-1, max-image-preview:large, max-video-preview:-1\" \/>\n<link rel=\"canonical\" href=\"https:\/\/memurunsesi.net\/index.php\/2025\/10\/07\/1-ay-once-evlendigi-esini-oldurdukten-sonra-ayni-tufekle-intihar-etti\/\" \/>\n<meta property=\"og:locale\" content=\"tr_TR\" \/>\n<meta property=\"og:type\" content=\"article\" \/>\n<meta property=\"og:title\" content=\"1 ay \u00f6nce evlendi\u011fi e\u015fini \u00f6ld\u00fcrd\u00fckten sonra ayn\u0131 t\u00fcfekle intihar etti - Memurun Sesi\" \/>\n<meta property=\"og:description\" content=\"Denizli&#8217;de 1 ay \u00f6nce evlendi\u011fi e\u015fiyle tart\u0131\u015fan koca, t\u00fcfekle \u00f6nce kar\u0131s\u0131n\u0131 \u00f6ld\u00fcrd\u00fc, ard\u0131ndan intihar etti. E\u015fini \u00f6ld\u00fcrd\u00fckten sonra intihar eden kocan\u0131n kendisini eve b\u0131rakan o\u011fluyla da vedala\u015f\u0131r \u015fekilde konu\u015ftu\u011fu \u00f6\u011frenildi. Olay, Pamukkale il\u00e7esi \u0130ncilip\u0131nar Mahallesi&#8217;nde meydana geldi. Edinilen bilgilere g\u00f6re, Tunay Acar (42), bir ay \u00f6nce evlendi\u011fi Keziban Pars (44) ile birlikte ya\u015fad\u0131klar\u0131 apart dairesinde [&hellip;]\" \/>\n<meta property=\"og:url\" content=\"https:\/\/memurunsesi.net\/index.php\/2025\/10\/07\/1-ay-once-evlendigi-esini-oldurdukten-sonra-ayni-tufekle-intihar-etti\/\" \/>\n<meta property=\"og:site_name\" content=\"Memurun Sesi\" \/>\n<meta property=\"article:publisher\" content=\"https:\/\/www.facebook.com\/unipersen\/?locale=tr_TR\" \/>\n<meta property=\"article:published_time\" content=\"2025-10-07T04:39:39+00:00\" \/>\n<meta property=\"og:image\" content=\"https:\/\/memurunsesi.net\/wp-content\/uploads\/2025\/10\/AW553282_01-scaled.jpg\" \/>\n\t<meta property=\"og:image:width\" content=\"2560\" \/>\n\t<meta property=\"og:image:height\" content=\"1755\" \/>\n\t<meta property=\"og:image:type\" content=\"image\/jpeg\" \/>\n<meta name=\"author\" content=\"Memurun Sesi Haber Merkezi\" \/>\n<meta name=\"twitter:card\" content=\"summary_large_image\" \/>\n<meta name=\"twitter:creator\" content=\"@unipersen\" \/>\n<meta name=\"twitter:site\" content=\"@unipersen\" \/>\n<meta name=\"twitter:label1\" content=\"Yazan:\" \/>\n\t<meta name=\"twitter:data1\" content=\"Memurun Sesi Haber Merkezi\" \/>\n\t<meta name=\"twitter:label2\" content=\"Tahmini okuma s\u00fcresi\" \/>\n\t<meta name=\"twitter:data2\" content=\"1 dakika\" \/>\n<script type=\"application\/ld+json\" class=\"yoast-schema-graph\">{\"@context\":\"https:\\\/\\\/schema.org\",\"@graph\":[{\"@type\":\"Article\",\"@id\":\"https:\\\/\\\/memurunsesi.net\\\/index.php\\\/2025\\\/10\\\/07\\\/1-ay-once-evlendigi-esini-oldurdukten-sonra-ayni-tufekle-intihar-etti\\\/#article\",\"isPartOf\":{\"@id\":\"https:\\\/\\\/memurunsesi.net\\\/index.php\\\/2025\\\/10\\\/07\\\/1-ay-once-evlendigi-esini-oldurdukten-sonra-ayni-tufekle-intihar-etti\\\/\"},\"author\":{\"name\":\"Memurun Sesi Haber Merkezi\",\"@id\":\"https:\\\/\\\/memurunsesi.net\\\/#\\\/schema\\\/person\\\/f21c2d73b89f6ee1d80b0a1803e38587\"},\"headline\":\"1 ay \u00f6nce evlendi\u011fi e\u015fini \u00f6ld\u00fcrd\u00fckten sonra ayn\u0131 t\u00fcfekle intihar etti\",\"datePublished\":\"2025-10-07T04:39:39+00:00\",\"mainEntityOfPage\":{\"@id\":\"https:\\\/\\\/memurunsesi.net\\\/index.php\\\/2025\\\/10\\\/07\\\/1-ay-once-evlendigi-esini-oldurdukten-sonra-ayni-tufekle-intihar-etti\\\/\"},\"wordCount\":287,\"commentCount\":0,\"publisher\":{\"@id\":\"https:\\\/\\\/memurunsesi.net\\\/#organization\"},\"image\":{\"@id\":\"https:\\\/\\\/memurunsesi.net\\\/index.php\\\/2025\\\/10\\\/07\\\/1-ay-once-evlendigi-esini-oldurdukten-sonra-ayni-tufekle-intihar-etti\\\/#primaryimage\"},\"thumbnailUrl\":\"https:\\\/\\\/memurunsesi.net\\\/wp-content\\\/uploads\\\/2025\\\/10\\\/AW553282_01-scaled.jpg\",\"articleSection\":[\"T\u00fcm Haberler\"],\"inLanguage\":\"tr\",\"potentialAction\":[{\"@type\":\"CommentAction\",\"name\":\"Comment\",\"target\":[\"https:\\\/\\\/memurunsesi.net\\\/index.php\\\/2025\\\/10\\\/07\\\/1-ay-once-evlendigi-esini-oldurdukten-sonra-ayni-tufekle-intihar-etti\\\/#respond\"]}]},{\"@type\":\"WebPage\",\"@id\":\"https:\\\/\\\/memurunsesi.net\\\/index.php\\\/2025\\\/10\\\/07\\\/1-ay-once-evlendigi-esini-oldurdukten-sonra-ayni-tufekle-intihar-etti\\\/\",\"url\":\"https:\\\/\\\/memurunsesi.net\\\/index.php\\\/2025\\\/10\\\/07\\\/1-ay-once-evlendigi-esini-oldurdukten-sonra-ayni-tufekle-intihar-etti\\\/\",\"name\":\"1 ay \u00f6nce evlendi\u011fi e\u015fini \u00f6ld\u00fcrd\u00fckten sonra ayn\u0131 t\u00fcfekle intihar etti - Memurun Sesi\",\"isPartOf\":{\"@id\":\"https:\\\/\\\/memurunsesi.net\\\/#website\"},\"primaryImageOfPage\":{\"@id\":\"https:\\\/\\\/memurunsesi.net\\\/index.php\\\/2025\\\/10\\\/07\\\/1-ay-once-evlendigi-esini-oldurdukten-sonra-ayni-tufekle-intihar-etti\\\/#primaryimage\"},\"image\":{\"@id\":\"https:\\\/\\\/memurunsesi.net\\\/index.php\\\/2025\\\/10\\\/07\\\/1-ay-once-evlendigi-esini-oldurdukten-sonra-ayni-tufekle-intihar-etti\\\/#primaryimage\"},\"thumbnailUrl\":\"https:\\\/\\\/memurunsesi.net\\\/wp-content\\\/uploads\\\/2025\\\/10\\\/AW553282_01-scaled.jpg\",\"datePublished\":\"2025-10-07T04:39:39+00:00\",\"breadcrumb\":{\"@id\":\"https:\\\/\\\/memurunsesi.net\\\/index.php\\\/2025\\\/10\\\/07\\\/1-ay-once-evlendigi-esini-oldurdukten-sonra-ayni-tufekle-intihar-etti\\\/#breadcrumb\"},\"inLanguage\":\"tr\",\"potentialAction\":[{\"@type\":\"ReadAction\",\"target\":[\"https:\\\/\\\/memurunsesi.net\\\/index.php\\\/2025\\\/10\\\/07\\\/1-ay-once-evlendigi-esini-oldurdukten-sonra-ayni-tufekle-intihar-etti\\\/\"]}]},{\"@type\":\"ImageObject\",\"inLanguage\":\"tr\",\"@id\":\"https:\\\/\\\/memurunsesi.net\\\/index.php\\\/2025\\\/10\\\/07\\\/1-ay-once-evlendigi-esini-oldurdukten-sonra-ayni-tufekle-intihar-etti\\\/#primaryimage\",\"url\":\"https:\\\/\\\/memurunsesi.net\\\/wp-content\\\/uploads\\\/2025\\\/10\\\/AW553282_01-scaled.jpg\",\"contentUrl\":\"https:\\\/\\\/memurunsesi.net\\\/wp-content\\\/uploads\\\/2025\\\/10\\\/AW553282_01-scaled.jpg\",\"width\":2560,\"height\":1755,\"caption\":\"DEN\u0130ZL\u0130'DE 1 AY \u00d6NCE EVLEND\u0130\u011e\u0130 E\u015e\u0130YLE TARTI\u015eAN KOCA, T\u00dcFEKLE \u00d6NCE KARISINI \u00d6LD\u00dcRD\u00dc, ARDINDAN \u0130NT\u0130HAR ETT\u0130. E\u015e\u0130N\u0130 \u00d6LD\u00dcRD\u00dcKTEN SONRA \u0130NT\u0130HAR EDEN KOCANIN KEND\u0130S\u0130N\u0130 EVE BIRAKAN O\u011eLUYLA DA VEDALA\u015eIR \u015eEK\u0130LDE KONU\u015eTU\u011eU \u00d6\u011eREN\u0130LD\u0130 (BURAK \u0130LEM\u0130N - FADIL K\u00d6SEDA\u011e - HAL\u0130L A\u015eKAR\\\/DEN\u0130ZL\u0130-\u0130HA) Denizli'de 1 ay \u00f6nce evlendi\u011fi e\u015fiyle tart\u0131\u015fan koca, t\u00fcfekle \u00f6nce kar\u0131s\u0131n\u0131 \u00f6ld\u00fcrd\u00fc, ard\u0131ndan intihar etti. E\u015fini \u00f6ld\u00fcrd\u00fckten sonra intihar eden kocan\u0131n kendisini eve b\u0131rakan o\u011fluyla da vedala\u015f\u0131r \u015fekilde konu\u015ftu\u011fu \u00f6\u011frenildi.\"},{\"@type\":\"BreadcrumbList\",\"@id\":\"https:\\\/\\\/memurunsesi.net\\\/index.php\\\/2025\\\/10\\\/07\\\/1-ay-once-evlendigi-esini-oldurdukten-sonra-ayni-tufekle-intihar-etti\\\/#breadcrumb\",\"itemListElement\":[{\"@type\":\"ListItem\",\"position\":1,\"name\":\"Anasayfa\",\"item\":\"https:\\\/\\\/memurunsesi.net\\\/\"},{\"@type\":\"ListItem\",\"position\":2,\"name\":\"1 ay \u00f6nce evlendi\u011fi e\u015fini \u00f6ld\u00fcrd\u00fckten sonra ayn\u0131 t\u00fcfekle intihar etti\"}]},{\"@type\":\"WebSite\",\"@id\":\"https:\\\/\\\/memurunsesi.net\\\/#website\",\"url\":\"https:\\\/\\\/memurunsesi.net\\\/\",\"name\":\"Memurun Sesi\",\"description\":\"G\u00fcncel ve Do\u011fru Haber\",\"publisher\":{\"@id\":\"https:\\\/\\\/memurunsesi.net\\\/#organization\"},\"potentialAction\":[{\"@type\":\"SearchAction\",\"target\":{\"@type\":\"EntryPoint\",\"urlTemplate\":\"https:\\\/\\\/memurunsesi.net\\\/?s={search_term_string}\"},\"query-input\":{\"@type\":\"PropertyValueSpecification\",\"valueRequired\":true,\"valueName\":\"search_term_string\"}}],\"inLanguage\":\"tr\"},{\"@type\":\"Organization\",\"@id\":\"https:\\\/\\\/memurunsesi.net\\\/#organization\",\"name\":\"Memurun Sesi\",\"url\":\"https:\\\/\\\/memurunsesi.net\\\/\",\"logo\":{\"@type\":\"ImageObject\",\"inLanguage\":\"tr\",\"@id\":\"https:\\\/\\\/memurunsesi.net\\\/#\\\/schema\\\/logo\\\/image\\\/\",\"url\":\"https:\\\/\\\/memurunsesi.net\\\/wp-content\\\/uploads\\\/2025\\\/11\\\/cropped-MEMURUN-SESI.png\",\"contentUrl\":\"https:\\\/\\\/memurunsesi.net\\\/wp-content\\\/uploads\\\/2025\\\/11\\\/cropped-MEMURUN-SESI.png\",\"width\":238,\"height\":57,\"caption\":\"Memurun Sesi\"},\"image\":{\"@id\":\"https:\\\/\\\/memurunsesi.net\\\/#\\\/schema\\\/logo\\\/image\\\/\"},\"sameAs\":[\"https:\\\/\\\/www.facebook.com\\\/unipersen\\\/?locale=tr_TR\",\"https:\\\/\\\/x.com\\\/unipersen\"]},{\"@type\":\"Person\",\"@id\":\"https:\\\/\\\/memurunsesi.net\\\/#\\\/schema\\\/person\\\/f21c2d73b89f6ee1d80b0a1803e38587\",\"name\":\"Memurun Sesi Haber Merkezi\",\"image\":{\"@type\":\"ImageObject\",\"inLanguage\":\"tr\",\"@id\":\"https:\\\/\\\/secure.gravatar.com\\\/avatar\\\/6cf0505f452ee753f485014986fab09a434671d2b919ee76fc541025c5876a70?s=96&d=mm&r=g\",\"url\":\"https:\\\/\\\/secure.gravatar.com\\\/avatar\\\/6cf0505f452ee753f485014986fab09a434671d2b919ee76fc541025c5876a70?s=96&d=mm&r=g\",\"contentUrl\":\"https:\\\/\\\/secure.gravatar.com\\\/avatar\\\/6cf0505f452ee753f485014986fab09a434671d2b919ee76fc541025c5876a70?s=96&d=mm&r=g\",\"caption\":\"Memurun Sesi Haber Merkezi\"},\"sameAs\":[\"https:\\\/\\\/memurunsesi.net\"],\"url\":\"https:\\\/\\\/memurunsesi.net\\\/index.php\\\/author\\\/uniper\\\/\"}]}<\/script>\n<!-- \/ Yoast SEO plugin. -->","yoast_head_json":{"title":"1 ay \u00f6nce evlendi\u011fi e\u015fini \u00f6ld\u00fcrd\u00fckten sonra ayn\u0131 t\u00fcfekle intihar etti - Memurun Sesi","robots":{"index":"index","follow":"follow","max-snippet":"max-snippet:-1","max-image-preview":"max-image-preview:large","max-video-preview":"max-video-preview:-1"},"canonical":"https:\/\/memurunsesi.net\/index.php\/2025\/10\/07\/1-ay-once-evlendigi-esini-oldurdukten-sonra-ayni-tufekle-intihar-etti\/","og_locale":"tr_TR","og_type":"article","og_title":"1 ay \u00f6nce evlendi\u011fi e\u015fini \u00f6ld\u00fcrd\u00fckten sonra ayn\u0131 t\u00fcfekle intihar etti - Memurun Sesi","og_description":"Denizli&#8217;de 1 ay \u00f6nce evlendi\u011fi e\u015fiyle tart\u0131\u015fan koca, t\u00fcfekle \u00f6nce kar\u0131s\u0131n\u0131 \u00f6ld\u00fcrd\u00fc, ard\u0131ndan intihar etti. E\u015fini \u00f6ld\u00fcrd\u00fckten sonra intihar eden kocan\u0131n kendisini eve b\u0131rakan o\u011fluyla da vedala\u015f\u0131r \u015fekilde konu\u015ftu\u011fu \u00f6\u011frenildi. Olay, Pamukkale il\u00e7esi \u0130ncilip\u0131nar Mahallesi&#8217;nde meydana geldi. Edinilen bilgilere g\u00f6re, Tunay Acar (42), bir ay \u00f6nce evlendi\u011fi Keziban Pars (44) ile birlikte ya\u015fad\u0131klar\u0131 apart dairesinde [&hellip;]","og_url":"https:\/\/memurunsesi.net\/index.php\/2025\/10\/07\/1-ay-once-evlendigi-esini-oldurdukten-sonra-ayni-tufekle-intihar-etti\/","og_site_name":"Memurun Sesi","article_publisher":"https:\/\/www.facebook.com\/unipersen\/?locale=tr_TR","article_published_time":"2025-10-07T04:39:39+00:00","og_image":[{"width":2560,"height":1755,"url":"https:\/\/memurunsesi.net\/wp-content\/uploads\/2025\/10\/AW553282_01-scaled.jpg","type":"image\/jpeg"}],"author":"Memurun Sesi Haber Merkezi","twitter_card":"summary_large_image","twitter_creator":"@unipersen","twitter_site":"@unipersen","twitter_misc":{"Yazan:":"Memurun Sesi Haber Merkezi","Tahmini okuma s\u00fcresi":"1 dakika"},"schema":{"@context":"https:\/\/schema.org","@graph":[{"@type":"Article","@id":"https:\/\/memurunsesi.net\/index.php\/2025\/10\/07\/1-ay-once-evlendigi-esini-oldurdukten-sonra-ayni-tufekle-intihar-etti\/#article","isPartOf":{"@id":"https:\/\/memurunsesi.net\/index.php\/2025\/10\/07\/1-ay-once-evlendigi-esini-oldurdukten-sonra-ayni-tufekle-intihar-etti\/"},"author":{"name":"Memurun Sesi Haber Merkezi","@id":"https:\/\/memurunsesi.net\/#\/schema\/person\/f21c2d73b89f6ee1d80b0a1803e38587"},"headline":"1 ay \u00f6nce evlendi\u011fi e\u015fini \u00f6ld\u00fcrd\u00fckten sonra ayn\u0131 t\u00fcfekle intihar etti","datePublished":"2025-10-07T04:39:39+00:00","mainEntityOfPage":{"@id":"https:\/\/memurunsesi.net\/index.php\/2025\/10\/07\/1-ay-once-evlendigi-esini-oldurdukten-sonra-ayni-tufekle-intihar-etti\/"},"wordCount":287,"commentCount":0,"publisher":{"@id":"https:\/\/memurunsesi.net\/#organization"},"image":{"@id":"https:\/\/memurunsesi.net\/index.php\/2025\/10\/07\/1-ay-once-evlendigi-esini-oldurdukten-sonra-ayni-tufekle-intihar-etti\/#primaryimage"},"thumbnailUrl":"https:\/\/memurunsesi.net\/wp-content\/uploads\/2025\/10\/AW553282_01-scaled.jpg","articleSection":["T\u00fcm Haberler"],"inLanguage":"tr","potentialAction":[{"@type":"CommentAction","name":"Comment","target":["https:\/\/memurunsesi.net\/index.php\/2025\/10\/07\/1-ay-once-evlendigi-esini-oldurdukten-sonra-ayni-tufekle-intihar-etti\/#respond"]}]},{"@type":"WebPage","@id":"https:\/\/memurunsesi.net\/index.php\/2025\/10\/07\/1-ay-once-evlendigi-esini-oldurdukten-sonra-ayni-tufekle-intihar-etti\/","url":"https:\/\/memurunsesi.net\/index.php\/2025\/10\/07\/1-ay-once-evlendigi-esini-oldurdukten-sonra-ayni-tufekle-intihar-etti\/","name":"1 ay \u00f6nce evlendi\u011fi e\u015fini \u00f6ld\u00fcrd\u00fckten sonra ayn\u0131 t\u00fcfekle intihar etti - Memurun Sesi","isPartOf":{"@id":"https:\/\/memurunsesi.net\/#website"},"primaryImageOfPage":{"@id":"https:\/\/memurunsesi.net\/index.php\/2025\/10\/07\/1-ay-once-evlendigi-esini-oldurdukten-sonra-ayni-tufekle-intihar-etti\/#primaryimage"},"image":{"@id":"https:\/\/memurunsesi.net\/index.php\/2025\/10\/07\/1-ay-once-evlendigi-esini-oldurdukten-sonra-ayni-tufekle-intihar-etti\/#primaryimage"},"thumbnailUrl":"https:\/\/memurunsesi.net\/wp-content\/uploads\/2025\/10\/AW553282_01-scaled.jpg","datePublished":"2025-10-07T04:39:39+00:00","breadcrumb":{"@id":"https:\/\/memurunsesi.net\/index.php\/2025\/10\/07\/1-ay-once-evlendigi-esini-oldurdukten-sonra-ayni-tufekle-intihar-etti\/#breadcrumb"},"inLanguage":"tr","potentialAction":[{"@type":"ReadAction","target":["https:\/\/memurunsesi.net\/index.php\/2025\/10\/07\/1-ay-once-evlendigi-esini-oldurdukten-sonra-ayni-tufekle-intihar-etti\/"]}]},{"@type":"ImageObject","inLanguage":"tr","@id":"https:\/\/memurunsesi.net\/index.php\/2025\/10\/07\/1-ay-once-evlendigi-esini-oldurdukten-sonra-ayni-tufekle-intihar-etti\/#primaryimage","url":"https:\/\/memurunsesi.net\/wp-content\/uploads\/2025\/10\/AW553282_01-scaled.jpg","contentUrl":"https:\/\/memurunsesi.net\/wp-content\/uploads\/2025\/10\/AW553282_01-scaled.jpg","width":2560,"height":1755,"caption":"DEN\u0130ZL\u0130'DE 1 AY \u00d6NCE EVLEND\u0130\u011e\u0130 E\u015e\u0130YLE TARTI\u015eAN KOCA, T\u00dcFEKLE \u00d6NCE KARISINI \u00d6LD\u00dcRD\u00dc, ARDINDAN \u0130NT\u0130HAR ETT\u0130. E\u015e\u0130N\u0130 \u00d6LD\u00dcRD\u00dcKTEN SONRA \u0130NT\u0130HAR EDEN KOCANIN KEND\u0130S\u0130N\u0130 EVE BIRAKAN O\u011eLUYLA DA VEDALA\u015eIR \u015eEK\u0130LDE KONU\u015eTU\u011eU \u00d6\u011eREN\u0130LD\u0130 (BURAK \u0130LEM\u0130N - FADIL K\u00d6SEDA\u011e - HAL\u0130L A\u015eKAR\/DEN\u0130ZL\u0130-\u0130HA) Denizli'de 1 ay \u00f6nce evlendi\u011fi e\u015fiyle tart\u0131\u015fan koca, t\u00fcfekle \u00f6nce kar\u0131s\u0131n\u0131 \u00f6ld\u00fcrd\u00fc, ard\u0131ndan intihar etti. E\u015fini \u00f6ld\u00fcrd\u00fckten sonra intihar eden kocan\u0131n kendisini eve b\u0131rakan o\u011fluyla da vedala\u015f\u0131r \u015fekilde konu\u015ftu\u011fu \u00f6\u011frenildi."},{"@type":"BreadcrumbList","@id":"https:\/\/memurunsesi.net\/index.php\/2025\/10\/07\/1-ay-once-evlendigi-esini-oldurdukten-sonra-ayni-tufekle-intihar-etti\/#breadcrumb","itemListElement":[{"@type":"ListItem","position":1,"name":"Anasayfa","item":"https:\/\/memurunsesi.net\/"},{"@type":"ListItem","position":2,"name":"1 ay \u00f6nce evlendi\u011fi e\u015fini \u00f6ld\u00fcrd\u00fckten sonra ayn\u0131 t\u00fcfekle intihar etti"}]},{"@type":"WebSite","@id":"https:\/\/memurunsesi.net\/#website","url":"https:\/\/memurunsesi.net\/","name":"Memurun Sesi","description":"G\u00fcncel ve Do\u011fru Haber","publisher":{"@id":"https:\/\/memurunsesi.net\/#organization"},"potentialAction":[{"@type":"SearchAction","target":{"@type":"EntryPoint","urlTemplate":"https:\/\/memurunsesi.net\/?s={search_term_string}"},"query-input":{"@type":"PropertyValueSpecification","valueRequired":true,"valueName":"search_term_string"}}],"inLanguage":"tr"},{"@type":"Organization","@id":"https:\/\/memurunsesi.net\/#organization","name":"Memurun Sesi","url":"https:\/\/memurunsesi.net\/","logo":{"@type":"ImageObject","inLanguage":"tr","@id":"https:\/\/memurunsesi.net\/#\/schema\/logo\/image\/","url":"https:\/\/memurunsesi.net\/wp-content\/uploads\/2025\/11\/cropped-MEMURUN-SESI.png","contentUrl":"https:\/\/memurunsesi.net\/wp-content\/uploads\/2025\/11\/cropped-MEMURUN-SESI.png","width":238,"height":57,"caption":"Memurun Sesi"},"image":{"@id":"https:\/\/memurunsesi.net\/#\/schema\/logo\/image\/"},"sameAs":["https:\/\/www.facebook.com\/unipersen\/?locale=tr_TR","https:\/\/x.com\/unipersen"]},{"@type":"Person","@id":"https:\/\/memurunsesi.net\/#\/schema\/person\/f21c2d73b89f6ee1d80b0a1803e38587","name":"Memurun Sesi Haber Merkezi","image":{"@type":"ImageObject","inLanguage":"tr","@id":"https:\/\/secure.gravatar.com\/avatar\/6cf0505f452ee753f485014986fab09a434671d2b919ee76fc541025c5876a70?s=96&d=mm&r=g","url":"https:\/\/secure.gravatar.com\/avatar\/6cf0505f452ee753f485014986fab09a434671d2b919ee76fc541025c5876a70?s=96&d=mm&r=g","contentUrl":"https:\/\/secure.gravatar.com\/avatar\/6cf0505f452ee753f485014986fab09a434671d2b919ee76fc541025c5876a70?s=96&d=mm&r=g","caption":"Memurun Sesi Haber Merkezi"},"sameAs":["https:\/\/memurunsesi.net"],"url":"https:\/\/memurunsesi.net\/index.php\/author\/uniper\/"}]}},"_links":{"self":[{"href":"https:\/\/memurunsesi.net\/index.php\/wp-json\/wp\/v2\/posts\/12621","targetHints":{"allow":["GET"]}}],"collection":[{"href":"https:\/\/memurunsesi.net\/index.php\/wp-json\/wp\/v2\/posts"}],"about":[{"href":"https:\/\/memurunsesi.net\/index.php\/wp-json\/wp\/v2\/types\/post"}],"author":[{"embeddable":true,"href":"https:\/\/memurunsesi.net\/index.php\/wp-json\/wp\/v2\/users\/1"}],"replies":[{"embeddable":true,"href":"https:\/\/memurunsesi.net\/index.php\/wp-json\/wp\/v2\/comments?post=12621"}],"version-history":[{"count":1,"href":"https:\/\/memurunsesi.net\/index.php\/wp-json\/wp\/v2\/posts\/12621\/revisions"}],"predecessor-version":[{"id":12623,"href":"https:\/\/memurunsesi.net\/index.php\/wp-json\/wp\/v2\/posts\/12621\/revisions\/12623"}],"wp:featuredmedia":[{"embeddable":true,"href":"https:\/\/memurunsesi.net\/index.php\/wp-json\/wp\/v2\/media\/12622"}],"wp:attachment":[{"href":"https:\/\/memurunsesi.net\/index.php\/wp-json\/wp\/v2\/media?parent=12621"}],"wp:term":[{"taxonomy":"category","embeddable":true,"href":"https:\/\/memurunsesi.net\/index.php\/wp-json\/wp\/v2\/categories?post=12621"},{"taxonomy":"post_tag","embeddable":true,"href":"https:\/\/memurunsesi.net\/index.php\/wp-json\/wp\/v2\/tags?post=12621"}],"curies":[{"name":"wp","href":"https:\/\/api.w.org\/{rel}","templated":true}]}}