{"id":12624,"date":"2025-10-07T07:40:45","date_gmt":"2025-10-07T04:40:45","guid":{"rendered":"https:\/\/memurunsesi.net\/?p=12624"},"modified":"2025-10-07T07:40:45","modified_gmt":"2025-10-07T04:40:45","slug":"650-ton-saman-balyasi-kundaklandi-yaklasik-maddi-zarar-2-milyon-lira","status":"publish","type":"post","link":"https:\/\/memurunsesi.net\/index.php\/2025\/10\/07\/650-ton-saman-balyasi-kundaklandi-yaklasik-maddi-zarar-2-milyon-lira\/","title":{"rendered":"650 ton saman balyas\u0131 kundakland\u0131: Yakla\u015f\u0131k maddi zarar 2 milyon lira"},"content":{"rendered":"<p>  K\u0131r\u0131kkale&#8217;nin Delice il\u00e7esine ba\u011fl\u0131 \u00c7erikli Beldesi&#8217;nde besiciye ait mand\u0131rada bulunan yakla\u015f\u0131k 650 ton saman balyas\u0131, kundaklama iddias\u0131yla \u00e7\u0131kan yang\u0131nda tamamen yand\u0131. Maddi de\u011feri yakla\u015f\u0131k 2 milyon liray\u0131 bulan saman yang\u0131n\u0131na \u00e7ok say\u0131da ekip m\u00fcdahale ederken, jandarma da kundaklama \u015f\u00fcphesiyle inceleme ba\u015flatt\u0131.<br \/>\n  K\u0131r\u0131kkale&#8217;nin Delice il\u00e7esine ba\u011fl\u0131 \u00c7erikli Beldesi&#8217;nde besicilik yapan Muhittin Demirta\u015f&#8217;a ait mand\u0131ran\u0131n bah\u00e7esinde bulunan yakla\u015f\u0131k 650 ton saman balyas\u0131, kimli\u011fi belirsiz ki\u015fi ya da ki\u015filer taraf\u0131ndan kundakland\u0131\u011f\u0131 iddias\u0131yla yanarak k\u00fcle d\u00f6nd\u00fc. Gece saatlerinde \u00e7\u0131kan yang\u0131n k\u0131sa s\u00fcrede b\u00fcy\u00fcyerek t\u00fcm balyalar\u0131 sard\u0131. Maddi de\u011feri yakla\u015f\u0131k 2 milyon lira olan samanlar\u0131n bulundu\u011fu alana K\u0131r\u0131kkale Belediyesi ba\u015fta olmak \u00fczere \u00e7evre il\u00e7elerden \u00e7ok say\u0131da itfaiye ekibi sevk edildi. \u0130l \u00d6zel \u0130daresi i\u015f makineleriyle \u00e7al\u0131\u015fmalara destek verirken, AFAD ekipleri de koordinasyonu sa\u011flad\u0131. Olay yerine gelen Delice Kaymakam\u0131 Tugay Cingirt, yang\u0131nla ilgili bilgi ald\u0131. Jandarma ekipleri, kundaklamay\u0131 ger\u00e7ekle\u015ftiren \u015f\u00fcphelilerin bulunmas\u0131 i\u00e7in geni\u015f \u00e7apl\u0131 ara\u015ft\u0131rma ba\u015flatt\u0131. <\/p>\n<p>  &#8220;R\u00fczgar bu \u015fekilde devam ederse yang\u0131n\u0131 kontroll\u00fc bi\u00e7imde s\u00f6nd\u00fcrm\u00fc\u015f oluruz&#8221;<br \/>\n  AFAD \u0130l M\u00fcd\u00fcr\u00fc Atila Altunbulak, yapt\u0131\u011f\u0131 a\u00e7\u0131klamada, yang\u0131n ihbar\u0131n\u0131n ard\u0131ndan b\u00f6lgeye \u00e7ok say\u0131da ekibin sevk edildi\u011fini belirtti. Altunbulak, &#8220;\u00c7erikli, Delice, Yah\u015fihan ve Merkez il\u00e7e belediyeleri yang\u0131na m\u00fcdahale etmi\u015f durumda. MKE ekiplerinden de destek istedik. \u0130l \u00d6zel \u0130daresi i\u015f makinas\u0131 deste\u011fi olarak ekskavat\u00f6r g\u00f6nderdi. \u00c7al\u0131\u015fmalar devam ediyor. \u00c7ok \u015f\u00fck\u00fcr r\u00fczgar da sakin, buras\u0131 \u00e7evrili bir alan. Kontroll\u00fc \u015fekilde itfaiye ekipleri olaya m\u00fcdahale ediyor. Yak\u0131nda bina yok. R\u00fczgar bu \u015fekilde devam ederse yang\u0131n\u0131 kontroll\u00fc bi\u00e7imde s\u00f6nd\u00fcrm\u00fc\u015f oluruz&#8221; dedi. <\/p>\n<p>  &#8220;Mali de\u011feri 1 bu\u00e7uk ila 2 milyon lira aras\u0131nda&#8221;<br \/>\n  \u00c7erikli Belediye Ba\u015fkan\u0131 Erkan \u00c7a\u011flar ise kundaklama iddias\u0131na dikkat \u00e7ekerek, &#8220;Saman balyalar\u0131n\u0131n kundaklanmas\u0131 sebebiyle yang\u0131n \u00e7\u0131kt\u0131. \u00c7evre il\u00e7elerden destek ald\u0131k. Belediye ba\u015fkanlar\u0131m\u0131zdan Allah raz\u0131 olsun. Say\u0131n Valimiz Mehmet Makas&#8217;\u0131n bilgisi dahilinde 8 il\u00e7eden itfaiyeler geldi. \u015eu anda yang\u0131n s\u00f6nd\u00fcrme \u00e7al\u0131\u015fmalar\u0131 yap\u0131l\u0131yor. Muhittin amca sadece bu y\u0131l 400 ton, ge\u00e7en y\u0131l ise 250 ton kadar saman oldu\u011funu s\u00f6yledi. Mali de\u011feri 1 bu\u00e7uk ila 2 milyon lira aras\u0131nda&#8221; ifadelerini kulland\u0131. <\/p>\n<p>7.10.2025                               <\/p>\n","protected":false},"excerpt":{"rendered":"<p>K\u0131r\u0131kkale&#8217;nin Delice il\u00e7esine ba\u011fl\u0131 \u00c7erikli Beldesi&#8217;nde besiciye ait mand\u0131rada bulunan yakla\u015f\u0131k 650 ton saman balyas\u0131, kundaklama iddias\u0131yla \u00e7\u0131kan yang\u0131nda tamamen yand\u0131. Maddi de\u011feri yakla\u015f\u0131k 2 milyon liray\u0131 bulan saman yang\u0131n\u0131na \u00e7ok say\u0131da ekip m\u00fcdahale ederken, jandarma da kundaklama \u015f\u00fcphesiyle inceleme ba\u015flatt\u0131. K\u0131r\u0131kkale&#8217;nin Delice il\u00e7esine ba\u011fl\u0131 \u00c7erikli Beldesi&#8217;nde besicilik yapan Muhittin Demirta\u015f&#8217;a ait mand\u0131ran\u0131n bah\u00e7esinde bulunan [&hellip;]<\/p>\n","protected":false},"author":1,"featured_media":12625,"comment_status":"open","ping_status":"open","sticky":false,"template":"","format":"standard","meta":{"footnotes":""},"categories":[45],"tags":[],"class_list":["post-12624","post","type-post","status-publish","format-standard","has-post-thumbnail","hentry","category-gundem"],"yoast_head":"<!-- This site is optimized with the Yoast SEO plugin v27.4 - https:\/\/yoast.com\/product\/yoast-seo-wordpress\/ -->\n<title>650 ton saman balyas\u0131 kundakland\u0131: Yakla\u015f\u0131k maddi zarar 2 milyon lira - Memurun Sesi<\/title>\n<meta name=\"robots\" content=\"index, follow, max-snippet:-1, max-image-preview:large, max-video-preview:-1\" \/>\n<link rel=\"canonical\" href=\"https:\/\/memurunsesi.net\/index.php\/2025\/10\/07\/650-ton-saman-balyasi-kundaklandi-yaklasik-maddi-zarar-2-milyon-lira\/\" \/>\n<meta property=\"og:locale\" content=\"tr_TR\" \/>\n<meta property=\"og:type\" content=\"article\" \/>\n<meta property=\"og:title\" content=\"650 ton saman balyas\u0131 kundakland\u0131: Yakla\u015f\u0131k maddi zarar 2 milyon lira - Memurun Sesi\" \/>\n<meta property=\"og:description\" content=\"K\u0131r\u0131kkale&#8217;nin Delice il\u00e7esine ba\u011fl\u0131 \u00c7erikli Beldesi&#8217;nde besiciye ait mand\u0131rada bulunan yakla\u015f\u0131k 650 ton saman balyas\u0131, kundaklama iddias\u0131yla \u00e7\u0131kan yang\u0131nda tamamen yand\u0131. Maddi de\u011feri yakla\u015f\u0131k 2 milyon liray\u0131 bulan saman yang\u0131n\u0131na \u00e7ok say\u0131da ekip m\u00fcdahale ederken, jandarma da kundaklama \u015f\u00fcphesiyle inceleme ba\u015flatt\u0131. K\u0131r\u0131kkale&#8217;nin Delice il\u00e7esine ba\u011fl\u0131 \u00c7erikli Beldesi&#8217;nde besicilik yapan Muhittin Demirta\u015f&#8217;a ait mand\u0131ran\u0131n bah\u00e7esinde bulunan [&hellip;]\" \/>\n<meta property=\"og:url\" content=\"https:\/\/memurunsesi.net\/index.php\/2025\/10\/07\/650-ton-saman-balyasi-kundaklandi-yaklasik-maddi-zarar-2-milyon-lira\/\" \/>\n<meta property=\"og:site_name\" content=\"Memurun Sesi\" \/>\n<meta property=\"article:publisher\" content=\"https:\/\/www.facebook.com\/unipersen\/?locale=tr_TR\" \/>\n<meta property=\"article:published_time\" content=\"2025-10-07T04:40:45+00:00\" \/>\n<meta property=\"og:image\" content=\"https:\/\/memurunsesi.net\/wp-content\/uploads\/2025\/10\/AW553280_03-scaled.jpg\" \/>\n\t<meta property=\"og:image:width\" content=\"2560\" \/>\n\t<meta property=\"og:image:height\" content=\"1440\" \/>\n\t<meta property=\"og:image:type\" content=\"image\/jpeg\" \/>\n<meta name=\"author\" content=\"Memurun Sesi Haber Merkezi\" \/>\n<meta name=\"twitter:card\" content=\"summary_large_image\" \/>\n<meta name=\"twitter:creator\" content=\"@unipersen\" \/>\n<meta name=\"twitter:site\" content=\"@unipersen\" \/>\n<meta name=\"twitter:label1\" content=\"Yazan:\" \/>\n\t<meta name=\"twitter:data1\" content=\"Memurun Sesi Haber Merkezi\" \/>\n\t<meta name=\"twitter:label2\" content=\"Tahmini okuma s\u00fcresi\" \/>\n\t<meta name=\"twitter:data2\" content=\"1 dakika\" \/>\n<script type=\"application\/ld+json\" class=\"yoast-schema-graph\">{\"@context\":\"https:\\\/\\\/schema.org\",\"@graph\":[{\"@type\":\"Article\",\"@id\":\"https:\\\/\\\/memurunsesi.net\\\/index.php\\\/2025\\\/10\\\/07\\\/650-ton-saman-balyasi-kundaklandi-yaklasik-maddi-zarar-2-milyon-lira\\\/#article\",\"isPartOf\":{\"@id\":\"https:\\\/\\\/memurunsesi.net\\\/index.php\\\/2025\\\/10\\\/07\\\/650-ton-saman-balyasi-kundaklandi-yaklasik-maddi-zarar-2-milyon-lira\\\/\"},\"author\":{\"name\":\"Memurun Sesi Haber Merkezi\",\"@id\":\"https:\\\/\\\/memurunsesi.net\\\/#\\\/schema\\\/person\\\/f21c2d73b89f6ee1d80b0a1803e38587\"},\"headline\":\"650 ton saman balyas\u0131 kundakland\u0131: Yakla\u015f\u0131k maddi zarar 2 milyon lira\",\"datePublished\":\"2025-10-07T04:40:45+00:00\",\"mainEntityOfPage\":{\"@id\":\"https:\\\/\\\/memurunsesi.net\\\/index.php\\\/2025\\\/10\\\/07\\\/650-ton-saman-balyasi-kundaklandi-yaklasik-maddi-zarar-2-milyon-lira\\\/\"},\"wordCount\":424,\"commentCount\":0,\"publisher\":{\"@id\":\"https:\\\/\\\/memurunsesi.net\\\/#organization\"},\"image\":{\"@id\":\"https:\\\/\\\/memurunsesi.net\\\/index.php\\\/2025\\\/10\\\/07\\\/650-ton-saman-balyasi-kundaklandi-yaklasik-maddi-zarar-2-milyon-lira\\\/#primaryimage\"},\"thumbnailUrl\":\"https:\\\/\\\/memurunsesi.net\\\/wp-content\\\/uploads\\\/2025\\\/10\\\/AW553280_03-scaled.jpg\",\"articleSection\":[\"G\u00fcndem\"],\"inLanguage\":\"tr\",\"potentialAction\":[{\"@type\":\"CommentAction\",\"name\":\"Comment\",\"target\":[\"https:\\\/\\\/memurunsesi.net\\\/index.php\\\/2025\\\/10\\\/07\\\/650-ton-saman-balyasi-kundaklandi-yaklasik-maddi-zarar-2-milyon-lira\\\/#respond\"]}]},{\"@type\":\"WebPage\",\"@id\":\"https:\\\/\\\/memurunsesi.net\\\/index.php\\\/2025\\\/10\\\/07\\\/650-ton-saman-balyasi-kundaklandi-yaklasik-maddi-zarar-2-milyon-lira\\\/\",\"url\":\"https:\\\/\\\/memurunsesi.net\\\/index.php\\\/2025\\\/10\\\/07\\\/650-ton-saman-balyasi-kundaklandi-yaklasik-maddi-zarar-2-milyon-lira\\\/\",\"name\":\"650 ton saman balyas\u0131 kundakland\u0131: Yakla\u015f\u0131k maddi zarar 2 milyon lira - Memurun Sesi\",\"isPartOf\":{\"@id\":\"https:\\\/\\\/memurunsesi.net\\\/#website\"},\"primaryImageOfPage\":{\"@id\":\"https:\\\/\\\/memurunsesi.net\\\/index.php\\\/2025\\\/10\\\/07\\\/650-ton-saman-balyasi-kundaklandi-yaklasik-maddi-zarar-2-milyon-lira\\\/#primaryimage\"},\"image\":{\"@id\":\"https:\\\/\\\/memurunsesi.net\\\/index.php\\\/2025\\\/10\\\/07\\\/650-ton-saman-balyasi-kundaklandi-yaklasik-maddi-zarar-2-milyon-lira\\\/#primaryimage\"},\"thumbnailUrl\":\"https:\\\/\\\/memurunsesi.net\\\/wp-content\\\/uploads\\\/2025\\\/10\\\/AW553280_03-scaled.jpg\",\"datePublished\":\"2025-10-07T04:40:45+00:00\",\"breadcrumb\":{\"@id\":\"https:\\\/\\\/memurunsesi.net\\\/index.php\\\/2025\\\/10\\\/07\\\/650-ton-saman-balyasi-kundaklandi-yaklasik-maddi-zarar-2-milyon-lira\\\/#breadcrumb\"},\"inLanguage\":\"tr\",\"potentialAction\":[{\"@type\":\"ReadAction\",\"target\":[\"https:\\\/\\\/memurunsesi.net\\\/index.php\\\/2025\\\/10\\\/07\\\/650-ton-saman-balyasi-kundaklandi-yaklasik-maddi-zarar-2-milyon-lira\\\/\"]}]},{\"@type\":\"ImageObject\",\"inLanguage\":\"tr\",\"@id\":\"https:\\\/\\\/memurunsesi.net\\\/index.php\\\/2025\\\/10\\\/07\\\/650-ton-saman-balyasi-kundaklandi-yaklasik-maddi-zarar-2-milyon-lira\\\/#primaryimage\",\"url\":\"https:\\\/\\\/memurunsesi.net\\\/wp-content\\\/uploads\\\/2025\\\/10\\\/AW553280_03-scaled.jpg\",\"contentUrl\":\"https:\\\/\\\/memurunsesi.net\\\/wp-content\\\/uploads\\\/2025\\\/10\\\/AW553280_03-scaled.jpg\",\"width\":2560,\"height\":1440,\"caption\":\"KIRIKKALE'N\u0130N DEL\u0130CE \u0130L\u00c7ES\u0130NE BA\u011eLI \u00c7ER\u0130KL\u0130 BELDES\u0130'NDE BES\u0130C\u0130YE A\u0130T MANDIRADA BULUNAN YAKLA\u015eIK 650 TON SAMAN BALYASI, KUNDAKLAMA \u0130DD\u0130ASIYLA \u00c7IKAN YANGINDA TAMAMEN YANDI (HASAN AY\\\/KIRIKKALE-\u0130HA) K\u0131r\u0131kkale'nin Delice il\u00e7esine ba\u011fl\u0131 \u00c7erikli Beldesi'nde besiciye ait mand\u0131rada bulunan yakla\u015f\u0131k 650 ton saman balyas\u0131, kundaklama iddias\u0131yla \u00e7\u0131kan yang\u0131nda tamamen yand\u0131. Maddi de\u011feri yakla\u015f\u0131k 2 milyon liray\u0131 bulan saman yang\u0131n\u0131na \u00e7ok say\u0131da ekip m\u00fcdahale ederken, jandarma da kundaklama \u015f\u00fcphesiyle inceleme ba\u015flatt\u0131.\"},{\"@type\":\"BreadcrumbList\",\"@id\":\"https:\\\/\\\/memurunsesi.net\\\/index.php\\\/2025\\\/10\\\/07\\\/650-ton-saman-balyasi-kundaklandi-yaklasik-maddi-zarar-2-milyon-lira\\\/#breadcrumb\",\"itemListElement\":[{\"@type\":\"ListItem\",\"position\":1,\"name\":\"Anasayfa\",\"item\":\"https:\\\/\\\/memurunsesi.net\\\/\"},{\"@type\":\"ListItem\",\"position\":2,\"name\":\"650 ton saman balyas\u0131 kundakland\u0131: Yakla\u015f\u0131k maddi zarar 2 milyon lira\"}]},{\"@type\":\"WebSite\",\"@id\":\"https:\\\/\\\/memurunsesi.net\\\/#website\",\"url\":\"https:\\\/\\\/memurunsesi.net\\\/\",\"name\":\"Memurun Sesi\",\"description\":\"G\u00fcncel ve Do\u011fru Haber\",\"publisher\":{\"@id\":\"https:\\\/\\\/memurunsesi.net\\\/#organization\"},\"potentialAction\":[{\"@type\":\"SearchAction\",\"target\":{\"@type\":\"EntryPoint\",\"urlTemplate\":\"https:\\\/\\\/memurunsesi.net\\\/?s={search_term_string}\"},\"query-input\":{\"@type\":\"PropertyValueSpecification\",\"valueRequired\":true,\"valueName\":\"search_term_string\"}}],\"inLanguage\":\"tr\"},{\"@type\":\"Organization\",\"@id\":\"https:\\\/\\\/memurunsesi.net\\\/#organization\",\"name\":\"Memurun Sesi\",\"url\":\"https:\\\/\\\/memurunsesi.net\\\/\",\"logo\":{\"@type\":\"ImageObject\",\"inLanguage\":\"tr\",\"@id\":\"https:\\\/\\\/memurunsesi.net\\\/#\\\/schema\\\/logo\\\/image\\\/\",\"url\":\"https:\\\/\\\/memurunsesi.net\\\/wp-content\\\/uploads\\\/2025\\\/11\\\/cropped-MEMURUN-SESI.png\",\"contentUrl\":\"https:\\\/\\\/memurunsesi.net\\\/wp-content\\\/uploads\\\/2025\\\/11\\\/cropped-MEMURUN-SESI.png\",\"width\":238,\"height\":57,\"caption\":\"Memurun Sesi\"},\"image\":{\"@id\":\"https:\\\/\\\/memurunsesi.net\\\/#\\\/schema\\\/logo\\\/image\\\/\"},\"sameAs\":[\"https:\\\/\\\/www.facebook.com\\\/unipersen\\\/?locale=tr_TR\",\"https:\\\/\\\/x.com\\\/unipersen\"]},{\"@type\":\"Person\",\"@id\":\"https:\\\/\\\/memurunsesi.net\\\/#\\\/schema\\\/person\\\/f21c2d73b89f6ee1d80b0a1803e38587\",\"name\":\"Memurun Sesi Haber Merkezi\",\"image\":{\"@type\":\"ImageObject\",\"inLanguage\":\"tr\",\"@id\":\"https:\\\/\\\/secure.gravatar.com\\\/avatar\\\/6cf0505f452ee753f485014986fab09a434671d2b919ee76fc541025c5876a70?s=96&d=mm&r=g\",\"url\":\"https:\\\/\\\/secure.gravatar.com\\\/avatar\\\/6cf0505f452ee753f485014986fab09a434671d2b919ee76fc541025c5876a70?s=96&d=mm&r=g\",\"contentUrl\":\"https:\\\/\\\/secure.gravatar.com\\\/avatar\\\/6cf0505f452ee753f485014986fab09a434671d2b919ee76fc541025c5876a70?s=96&d=mm&r=g\",\"caption\":\"Memurun Sesi Haber Merkezi\"},\"sameAs\":[\"https:\\\/\\\/memurunsesi.net\"],\"url\":\"https:\\\/\\\/memurunsesi.net\\\/index.php\\\/author\\\/uniper\\\/\"}]}<\/script>\n<!-- \/ Yoast SEO plugin. -->","yoast_head_json":{"title":"650 ton saman balyas\u0131 kundakland\u0131: Yakla\u015f\u0131k maddi zarar 2 milyon lira - Memurun Sesi","robots":{"index":"index","follow":"follow","max-snippet":"max-snippet:-1","max-image-preview":"max-image-preview:large","max-video-preview":"max-video-preview:-1"},"canonical":"https:\/\/memurunsesi.net\/index.php\/2025\/10\/07\/650-ton-saman-balyasi-kundaklandi-yaklasik-maddi-zarar-2-milyon-lira\/","og_locale":"tr_TR","og_type":"article","og_title":"650 ton saman balyas\u0131 kundakland\u0131: Yakla\u015f\u0131k maddi zarar 2 milyon lira - Memurun Sesi","og_description":"K\u0131r\u0131kkale&#8217;nin Delice il\u00e7esine ba\u011fl\u0131 \u00c7erikli Beldesi&#8217;nde besiciye ait mand\u0131rada bulunan yakla\u015f\u0131k 650 ton saman balyas\u0131, kundaklama iddias\u0131yla \u00e7\u0131kan yang\u0131nda tamamen yand\u0131. Maddi de\u011feri yakla\u015f\u0131k 2 milyon liray\u0131 bulan saman yang\u0131n\u0131na \u00e7ok say\u0131da ekip m\u00fcdahale ederken, jandarma da kundaklama \u015f\u00fcphesiyle inceleme ba\u015flatt\u0131. K\u0131r\u0131kkale&#8217;nin Delice il\u00e7esine ba\u011fl\u0131 \u00c7erikli Beldesi&#8217;nde besicilik yapan Muhittin Demirta\u015f&#8217;a ait mand\u0131ran\u0131n bah\u00e7esinde bulunan [&hellip;]","og_url":"https:\/\/memurunsesi.net\/index.php\/2025\/10\/07\/650-ton-saman-balyasi-kundaklandi-yaklasik-maddi-zarar-2-milyon-lira\/","og_site_name":"Memurun Sesi","article_publisher":"https:\/\/www.facebook.com\/unipersen\/?locale=tr_TR","article_published_time":"2025-10-07T04:40:45+00:00","og_image":[{"width":2560,"height":1440,"url":"https:\/\/memurunsesi.net\/wp-content\/uploads\/2025\/10\/AW553280_03-scaled.jpg","type":"image\/jpeg"}],"author":"Memurun Sesi Haber Merkezi","twitter_card":"summary_large_image","twitter_creator":"@unipersen","twitter_site":"@unipersen","twitter_misc":{"Yazan:":"Memurun Sesi Haber Merkezi","Tahmini okuma s\u00fcresi":"1 dakika"},"schema":{"@context":"https:\/\/schema.org","@graph":[{"@type":"Article","@id":"https:\/\/memurunsesi.net\/index.php\/2025\/10\/07\/650-ton-saman-balyasi-kundaklandi-yaklasik-maddi-zarar-2-milyon-lira\/#article","isPartOf":{"@id":"https:\/\/memurunsesi.net\/index.php\/2025\/10\/07\/650-ton-saman-balyasi-kundaklandi-yaklasik-maddi-zarar-2-milyon-lira\/"},"author":{"name":"Memurun Sesi Haber Merkezi","@id":"https:\/\/memurunsesi.net\/#\/schema\/person\/f21c2d73b89f6ee1d80b0a1803e38587"},"headline":"650 ton saman balyas\u0131 kundakland\u0131: Yakla\u015f\u0131k maddi zarar 2 milyon lira","datePublished":"2025-10-07T04:40:45+00:00","mainEntityOfPage":{"@id":"https:\/\/memurunsesi.net\/index.php\/2025\/10\/07\/650-ton-saman-balyasi-kundaklandi-yaklasik-maddi-zarar-2-milyon-lira\/"},"wordCount":424,"commentCount":0,"publisher":{"@id":"https:\/\/memurunsesi.net\/#organization"},"image":{"@id":"https:\/\/memurunsesi.net\/index.php\/2025\/10\/07\/650-ton-saman-balyasi-kundaklandi-yaklasik-maddi-zarar-2-milyon-lira\/#primaryimage"},"thumbnailUrl":"https:\/\/memurunsesi.net\/wp-content\/uploads\/2025\/10\/AW553280_03-scaled.jpg","articleSection":["G\u00fcndem"],"inLanguage":"tr","potentialAction":[{"@type":"CommentAction","name":"Comment","target":["https:\/\/memurunsesi.net\/index.php\/2025\/10\/07\/650-ton-saman-balyasi-kundaklandi-yaklasik-maddi-zarar-2-milyon-lira\/#respond"]}]},{"@type":"WebPage","@id":"https:\/\/memurunsesi.net\/index.php\/2025\/10\/07\/650-ton-saman-balyasi-kundaklandi-yaklasik-maddi-zarar-2-milyon-lira\/","url":"https:\/\/memurunsesi.net\/index.php\/2025\/10\/07\/650-ton-saman-balyasi-kundaklandi-yaklasik-maddi-zarar-2-milyon-lira\/","name":"650 ton saman balyas\u0131 kundakland\u0131: Yakla\u015f\u0131k maddi zarar 2 milyon lira - Memurun Sesi","isPartOf":{"@id":"https:\/\/memurunsesi.net\/#website"},"primaryImageOfPage":{"@id":"https:\/\/memurunsesi.net\/index.php\/2025\/10\/07\/650-ton-saman-balyasi-kundaklandi-yaklasik-maddi-zarar-2-milyon-lira\/#primaryimage"},"image":{"@id":"https:\/\/memurunsesi.net\/index.php\/2025\/10\/07\/650-ton-saman-balyasi-kundaklandi-yaklasik-maddi-zarar-2-milyon-lira\/#primaryimage"},"thumbnailUrl":"https:\/\/memurunsesi.net\/wp-content\/uploads\/2025\/10\/AW553280_03-scaled.jpg","datePublished":"2025-10-07T04:40:45+00:00","breadcrumb":{"@id":"https:\/\/memurunsesi.net\/index.php\/2025\/10\/07\/650-ton-saman-balyasi-kundaklandi-yaklasik-maddi-zarar-2-milyon-lira\/#breadcrumb"},"inLanguage":"tr","potentialAction":[{"@type":"ReadAction","target":["https:\/\/memurunsesi.net\/index.php\/2025\/10\/07\/650-ton-saman-balyasi-kundaklandi-yaklasik-maddi-zarar-2-milyon-lira\/"]}]},{"@type":"ImageObject","inLanguage":"tr","@id":"https:\/\/memurunsesi.net\/index.php\/2025\/10\/07\/650-ton-saman-balyasi-kundaklandi-yaklasik-maddi-zarar-2-milyon-lira\/#primaryimage","url":"https:\/\/memurunsesi.net\/wp-content\/uploads\/2025\/10\/AW553280_03-scaled.jpg","contentUrl":"https:\/\/memurunsesi.net\/wp-content\/uploads\/2025\/10\/AW553280_03-scaled.jpg","width":2560,"height":1440,"caption":"KIRIKKALE'N\u0130N DEL\u0130CE \u0130L\u00c7ES\u0130NE BA\u011eLI \u00c7ER\u0130KL\u0130 BELDES\u0130'NDE BES\u0130C\u0130YE A\u0130T MANDIRADA BULUNAN YAKLA\u015eIK 650 TON SAMAN BALYASI, KUNDAKLAMA \u0130DD\u0130ASIYLA \u00c7IKAN YANGINDA TAMAMEN YANDI (HASAN AY\/KIRIKKALE-\u0130HA) K\u0131r\u0131kkale'nin Delice il\u00e7esine ba\u011fl\u0131 \u00c7erikli Beldesi'nde besiciye ait mand\u0131rada bulunan yakla\u015f\u0131k 650 ton saman balyas\u0131, kundaklama iddias\u0131yla \u00e7\u0131kan yang\u0131nda tamamen yand\u0131. Maddi de\u011feri yakla\u015f\u0131k 2 milyon liray\u0131 bulan saman yang\u0131n\u0131na \u00e7ok say\u0131da ekip m\u00fcdahale ederken, jandarma da kundaklama \u015f\u00fcphesiyle inceleme ba\u015flatt\u0131."},{"@type":"BreadcrumbList","@id":"https:\/\/memurunsesi.net\/index.php\/2025\/10\/07\/650-ton-saman-balyasi-kundaklandi-yaklasik-maddi-zarar-2-milyon-lira\/#breadcrumb","itemListElement":[{"@type":"ListItem","position":1,"name":"Anasayfa","item":"https:\/\/memurunsesi.net\/"},{"@type":"ListItem","position":2,"name":"650 ton saman balyas\u0131 kundakland\u0131: Yakla\u015f\u0131k maddi zarar 2 milyon lira"}]},{"@type":"WebSite","@id":"https:\/\/memurunsesi.net\/#website","url":"https:\/\/memurunsesi.net\/","name":"Memurun Sesi","description":"G\u00fcncel ve Do\u011fru Haber","publisher":{"@id":"https:\/\/memurunsesi.net\/#organization"},"potentialAction":[{"@type":"SearchAction","target":{"@type":"EntryPoint","urlTemplate":"https:\/\/memurunsesi.net\/?s={search_term_string}"},"query-input":{"@type":"PropertyValueSpecification","valueRequired":true,"valueName":"search_term_string"}}],"inLanguage":"tr"},{"@type":"Organization","@id":"https:\/\/memurunsesi.net\/#organization","name":"Memurun Sesi","url":"https:\/\/memurunsesi.net\/","logo":{"@type":"ImageObject","inLanguage":"tr","@id":"https:\/\/memurunsesi.net\/#\/schema\/logo\/image\/","url":"https:\/\/memurunsesi.net\/wp-content\/uploads\/2025\/11\/cropped-MEMURUN-SESI.png","contentUrl":"https:\/\/memurunsesi.net\/wp-content\/uploads\/2025\/11\/cropped-MEMURUN-SESI.png","width":238,"height":57,"caption":"Memurun Sesi"},"image":{"@id":"https:\/\/memurunsesi.net\/#\/schema\/logo\/image\/"},"sameAs":["https:\/\/www.facebook.com\/unipersen\/?locale=tr_TR","https:\/\/x.com\/unipersen"]},{"@type":"Person","@id":"https:\/\/memurunsesi.net\/#\/schema\/person\/f21c2d73b89f6ee1d80b0a1803e38587","name":"Memurun Sesi Haber Merkezi","image":{"@type":"ImageObject","inLanguage":"tr","@id":"https:\/\/secure.gravatar.com\/avatar\/6cf0505f452ee753f485014986fab09a434671d2b919ee76fc541025c5876a70?s=96&d=mm&r=g","url":"https:\/\/secure.gravatar.com\/avatar\/6cf0505f452ee753f485014986fab09a434671d2b919ee76fc541025c5876a70?s=96&d=mm&r=g","contentUrl":"https:\/\/secure.gravatar.com\/avatar\/6cf0505f452ee753f485014986fab09a434671d2b919ee76fc541025c5876a70?s=96&d=mm&r=g","caption":"Memurun Sesi Haber Merkezi"},"sameAs":["https:\/\/memurunsesi.net"],"url":"https:\/\/memurunsesi.net\/index.php\/author\/uniper\/"}]}},"_links":{"self":[{"href":"https:\/\/memurunsesi.net\/index.php\/wp-json\/wp\/v2\/posts\/12624","targetHints":{"allow":["GET"]}}],"collection":[{"href":"https:\/\/memurunsesi.net\/index.php\/wp-json\/wp\/v2\/posts"}],"about":[{"href":"https:\/\/memurunsesi.net\/index.php\/wp-json\/wp\/v2\/types\/post"}],"author":[{"embeddable":true,"href":"https:\/\/memurunsesi.net\/index.php\/wp-json\/wp\/v2\/users\/1"}],"replies":[{"embeddable":true,"href":"https:\/\/memurunsesi.net\/index.php\/wp-json\/wp\/v2\/comments?post=12624"}],"version-history":[{"count":1,"href":"https:\/\/memurunsesi.net\/index.php\/wp-json\/wp\/v2\/posts\/12624\/revisions"}],"predecessor-version":[{"id":12626,"href":"https:\/\/memurunsesi.net\/index.php\/wp-json\/wp\/v2\/posts\/12624\/revisions\/12626"}],"wp:featuredmedia":[{"embeddable":true,"href":"https:\/\/memurunsesi.net\/index.php\/wp-json\/wp\/v2\/media\/12625"}],"wp:attachment":[{"href":"https:\/\/memurunsesi.net\/index.php\/wp-json\/wp\/v2\/media?parent=12624"}],"wp:term":[{"taxonomy":"category","embeddable":true,"href":"https:\/\/memurunsesi.net\/index.php\/wp-json\/wp\/v2\/categories?post=12624"},{"taxonomy":"post_tag","embeddable":true,"href":"https:\/\/memurunsesi.net\/index.php\/wp-json\/wp\/v2\/tags?post=12624"}],"curies":[{"name":"wp","href":"https:\/\/api.w.org\/{rel}","templated":true}]}}