{"id":12630,"date":"2025-10-07T07:43:04","date_gmt":"2025-10-07T04:43:04","guid":{"rendered":"https:\/\/memurunsesi.net\/?p=12630"},"modified":"2025-10-07T07:43:04","modified_gmt":"2025-10-07T04:43:04","slug":"deprem-bilim-kurulu-toplantisi-yapildi","status":"publish","type":"post","link":"https:\/\/memurunsesi.net\/index.php\/2025\/10\/07\/deprem-bilim-kurulu-toplantisi-yapildi\/","title":{"rendered":"Deprem Bilim Kurulu Toplant\u0131s\u0131 yap\u0131ld\u0131"},"content":{"rendered":"<p>   Afet ve Acil Durum Y\u00f6netimi Ba\u015fkanl\u0131\u011f\u0131\u2019n\u0131n (AFAD) sosyal medya hesab\u0131ndan yap\u0131lan payla\u015f\u0131mda Deprem Bilim Kurulu Toplant\u0131s\u0131\u2019n\u0131n yap\u0131ld\u0131\u011f\u0131 duyuruldu.<br \/>\n  AFAD\u2019\u0131n sosyal medya hesab\u0131ndan yap\u0131lan payla\u015f\u0131mda Deprem Bilim Kurulu Toplant\u0131s\u0131\u2019n\u0131n yap\u0131ld\u0131\u011f\u0131n\u0131 a\u00e7\u0131kland\u0131. Toplant\u0131, AFAD Ba\u015fkan\u0131 Vali Ali Hamza Pehlivan\u2019\u0131n ba\u015fkanl\u0131\u011f\u0131nda, kurul \u00fcyesi akademisyenler ve AFAD birim y\u00f6neticilerinin kat\u0131l\u0131m\u0131yla ger\u00e7ekle\u015ftirildi. <\/p>\n<p>  Toplant\u0131da, T\u00fcrkiye Bina Deprem Y\u00f6netmeli\u011fi g\u00fcncelleme \u00e7al\u0131\u015fmalar\u0131, Ulusal Deprem Stratejisi ve Eylem Plan\u0131 (UDSEP), Ulusal Deprem Ara\u015ft\u0131rma Program\u0131 (UDAP), Kamuoyunun depremler konusunda bilgilendirilmesi ile ilgili usul ve esaslar, Deprem Bilim Kurulu\u2019nun \u00e7al\u0131\u015fmalar\u0131, muhtelif konularda \u00fcniversitelerle, afet konusunda akademik \u00e7al\u0131\u015fmalar\u0131 olan \u00f6\u011fretim g\u00f6revlileri ve ilgili kurum kurulu\u015flarla yap\u0131lan ve yap\u0131lmas\u0131 planlanan m\u00fc\u015fterek projeleri i\u00e7eren g\u00fcndem maddeleri g\u00f6r\u00fc\u015f\u00fcld\u00fc. Ayr\u0131ca toplant\u0131da, kat\u0131l\u0131mc\u0131lar\u0131n g\u00f6r\u00fc\u015f ve \u00f6nerileri de\u011ferlendirildi ve muhtelif kararlar al\u0131nd\u0131.<br \/>\n  AFAD Ba\u015fkanl\u0131\u011f\u0131 b\u00fcnyesinde yer alan Deprem Bilim Kurulu, depremlere haz\u0131rl\u0131kl\u0131 olmak, deprem zararlar\u0131n\u0131 azaltmak, deprem \u00f6ncesi, s\u0131ras\u0131 ve sonras\u0131na ili\u015fkin yap\u0131lacak faaliyetler hakk\u0131nda \u00f6neriler sunmak, depremle ilgili ara\u015ft\u0131rmalar i\u00e7in politikalar\u0131 ve \u00f6ncelikleri belirlemek amac\u0131yla kuruldu. Deprem Bilim Kurulunda; Prof. Dr. Orhan Tatar (AFAD Deprem ve Risk Azaltma Genel M\u00fcd\u00fcr\u00fc), Prof. Dr. Ahmet Yakut (ODT\u00dc \u0130n\u015faat M\u00fchendisli\u011fi), Prof. Dr. Nuray Karanc\u0131 (TOBB Ekonomi ve Teknoloji \u00dcniversitesi Psikoloji), Prof. Dr. Alper \u0130lki (\u0130T\u00dc \u0130n\u015faat M\u00fchendisli\u011fi), Prof. Dr. \u015eerif Bar\u0131\u015f (Kocaeli \u00dcniversitesi Jeofizik M\u00fchendisli\u011fi), Prof. Dr. Kenan Ahmet T\u00fcrkdo\u011fan (Alanya Alaaddin Keykubat \u00dcniversitesi, Acil T\u0131p), Prof. Dr. Haluk \u00d6zener (\u0130stanbul AFAD \u0130l M\u00fcd\u00fcr\u00fc\/ Bo\u011fazi\u00e7i \u00dcniversitesi), Prof. Dr. Ahmet Can Altun\u0131\u015f\u0131k (Karadeniz Teknik \u00dcniversitesi \u0130n\u015faat M\u00fchendisli\u011fi), Prof. Dr. \u015e\u00fckr\u00fc Ersoy (Y\u0131ld\u0131z Teknik \u00dcniversitesi \u0130n\u015faat Fak\u00fcltesi), Prof. Dr. Hasan S\u00f6zbilir (Dokuz Eyl\u00fcl \u00dcniversitesi Jeoloji M\u00fchendisli\u011fi), Prof. Dr. Tahsin Yomral\u0131o\u011flu (\u0130T\u00dc Geomatik M\u00fchendisli\u011fi), Dr. \u00d6mer Emre (MTA Emekli, FUGRO), Prof. Dr. Volkan Karabacak (Eski\u015fehir Osmangazi \u00dcniversitesi Jeoloji M\u00fchendisli\u011fi), Prof. Dr. Bahad\u0131r Aktu\u011f (Ankara \u00dcniversitesi Jeofizik M\u00fchendisli\u011fi) yer al\u0131yor. <\/p>\n<p>  &#8220;Al\u0131nan kararlar\u0131n \u00fclkemiz i\u00e7in hay\u0131rl\u0131 olmas\u0131n\u0131 temenni ediyoruz&#8221;<br \/>\n  AFAD\u2019\u0131n payla\u015f\u0131m\u0131nda, \u015fu ifadelere yer verildi:<br \/>\n  &#8220;Deprem konusunda uzman isimlerin bir araya gelerek bilimsel de\u011ferlendirmeler yapt\u0131\u011f\u0131 kurul toplant\u0131s\u0131n\u0131n ve al\u0131nan kararlar\u0131n \u00fclkemiz i\u00e7in hay\u0131rl\u0131 olmas\u0131n\u0131 temenni ediyoruz.&#8221; <\/p>\n<p>7.10.2025                               <\/p>\n","protected":false},"excerpt":{"rendered":"<p>Afet ve Acil Durum Y\u00f6netimi Ba\u015fkanl\u0131\u011f\u0131\u2019n\u0131n (AFAD) sosyal medya hesab\u0131ndan yap\u0131lan payla\u015f\u0131mda Deprem Bilim Kurulu Toplant\u0131s\u0131\u2019n\u0131n yap\u0131ld\u0131\u011f\u0131 duyuruldu. AFAD\u2019\u0131n sosyal medya hesab\u0131ndan yap\u0131lan payla\u015f\u0131mda Deprem Bilim Kurulu Toplant\u0131s\u0131\u2019n\u0131n yap\u0131ld\u0131\u011f\u0131n\u0131 a\u00e7\u0131kland\u0131. Toplant\u0131, AFAD Ba\u015fkan\u0131 Vali Ali Hamza Pehlivan\u2019\u0131n ba\u015fkanl\u0131\u011f\u0131nda, kurul \u00fcyesi akademisyenler ve AFAD birim y\u00f6neticilerinin kat\u0131l\u0131m\u0131yla ger\u00e7ekle\u015ftirildi. Toplant\u0131da, T\u00fcrkiye Bina Deprem Y\u00f6netmeli\u011fi g\u00fcncelleme \u00e7al\u0131\u015fmalar\u0131, Ulusal [&hellip;]<\/p>\n","protected":false},"author":1,"featured_media":0,"comment_status":"open","ping_status":"open","sticky":false,"template":"","format":"standard","meta":{"footnotes":""},"categories":[1],"tags":[],"class_list":["post-12630","post","type-post","status-publish","format-standard","hentry","category-genel"],"yoast_head":"<!-- This site is optimized with the Yoast SEO plugin v27.4 - https:\/\/yoast.com\/product\/yoast-seo-wordpress\/ -->\n<title>Deprem Bilim Kurulu Toplant\u0131s\u0131 yap\u0131ld\u0131 - Memurun Sesi<\/title>\n<meta name=\"robots\" content=\"index, follow, max-snippet:-1, max-image-preview:large, max-video-preview:-1\" \/>\n<link rel=\"canonical\" href=\"https:\/\/memurunsesi.net\/index.php\/2025\/10\/07\/deprem-bilim-kurulu-toplantisi-yapildi\/\" \/>\n<meta property=\"og:locale\" content=\"tr_TR\" \/>\n<meta property=\"og:type\" content=\"article\" \/>\n<meta property=\"og:title\" content=\"Deprem Bilim Kurulu Toplant\u0131s\u0131 yap\u0131ld\u0131 - Memurun Sesi\" \/>\n<meta property=\"og:description\" content=\"Afet ve Acil Durum Y\u00f6netimi Ba\u015fkanl\u0131\u011f\u0131\u2019n\u0131n (AFAD) sosyal medya hesab\u0131ndan yap\u0131lan payla\u015f\u0131mda Deprem Bilim Kurulu Toplant\u0131s\u0131\u2019n\u0131n yap\u0131ld\u0131\u011f\u0131 duyuruldu. AFAD\u2019\u0131n sosyal medya hesab\u0131ndan yap\u0131lan payla\u015f\u0131mda Deprem Bilim Kurulu Toplant\u0131s\u0131\u2019n\u0131n yap\u0131ld\u0131\u011f\u0131n\u0131 a\u00e7\u0131kland\u0131. Toplant\u0131, AFAD Ba\u015fkan\u0131 Vali Ali Hamza Pehlivan\u2019\u0131n ba\u015fkanl\u0131\u011f\u0131nda, kurul \u00fcyesi akademisyenler ve AFAD birim y\u00f6neticilerinin kat\u0131l\u0131m\u0131yla ger\u00e7ekle\u015ftirildi. Toplant\u0131da, T\u00fcrkiye Bina Deprem Y\u00f6netmeli\u011fi g\u00fcncelleme \u00e7al\u0131\u015fmalar\u0131, Ulusal [&hellip;]\" \/>\n<meta property=\"og:url\" content=\"https:\/\/memurunsesi.net\/index.php\/2025\/10\/07\/deprem-bilim-kurulu-toplantisi-yapildi\/\" \/>\n<meta property=\"og:site_name\" content=\"Memurun Sesi\" \/>\n<meta property=\"article:publisher\" content=\"https:\/\/www.facebook.com\/unipersen\/?locale=tr_TR\" \/>\n<meta property=\"article:published_time\" content=\"2025-10-07T04:43:04+00:00\" \/>\n<meta name=\"author\" content=\"Memurun Sesi Haber Merkezi\" \/>\n<meta name=\"twitter:card\" content=\"summary_large_image\" \/>\n<meta name=\"twitter:creator\" content=\"@unipersen\" \/>\n<meta name=\"twitter:site\" content=\"@unipersen\" \/>\n<meta name=\"twitter:label1\" content=\"Yazan:\" \/>\n\t<meta name=\"twitter:data1\" content=\"Memurun Sesi Haber Merkezi\" \/>\n<script type=\"application\/ld+json\" class=\"yoast-schema-graph\">{\"@context\":\"https:\\\/\\\/schema.org\",\"@graph\":[{\"@type\":\"Article\",\"@id\":\"https:\\\/\\\/memurunsesi.net\\\/index.php\\\/2025\\\/10\\\/07\\\/deprem-bilim-kurulu-toplantisi-yapildi\\\/#article\",\"isPartOf\":{\"@id\":\"https:\\\/\\\/memurunsesi.net\\\/index.php\\\/2025\\\/10\\\/07\\\/deprem-bilim-kurulu-toplantisi-yapildi\\\/\"},\"author\":{\"name\":\"Memurun Sesi Haber Merkezi\",\"@id\":\"https:\\\/\\\/memurunsesi.net\\\/#\\\/schema\\\/person\\\/f21c2d73b89f6ee1d80b0a1803e38587\"},\"headline\":\"Deprem Bilim Kurulu Toplant\u0131s\u0131 yap\u0131ld\u0131\",\"datePublished\":\"2025-10-07T04:43:04+00:00\",\"mainEntityOfPage\":{\"@id\":\"https:\\\/\\\/memurunsesi.net\\\/index.php\\\/2025\\\/10\\\/07\\\/deprem-bilim-kurulu-toplantisi-yapildi\\\/\"},\"wordCount\":449,\"commentCount\":0,\"publisher\":{\"@id\":\"https:\\\/\\\/memurunsesi.net\\\/#organization\"},\"inLanguage\":\"tr\",\"potentialAction\":[{\"@type\":\"CommentAction\",\"name\":\"Comment\",\"target\":[\"https:\\\/\\\/memurunsesi.net\\\/index.php\\\/2025\\\/10\\\/07\\\/deprem-bilim-kurulu-toplantisi-yapildi\\\/#respond\"]}]},{\"@type\":\"WebPage\",\"@id\":\"https:\\\/\\\/memurunsesi.net\\\/index.php\\\/2025\\\/10\\\/07\\\/deprem-bilim-kurulu-toplantisi-yapildi\\\/\",\"url\":\"https:\\\/\\\/memurunsesi.net\\\/index.php\\\/2025\\\/10\\\/07\\\/deprem-bilim-kurulu-toplantisi-yapildi\\\/\",\"name\":\"Deprem Bilim Kurulu Toplant\u0131s\u0131 yap\u0131ld\u0131 - Memurun Sesi\",\"isPartOf\":{\"@id\":\"https:\\\/\\\/memurunsesi.net\\\/#website\"},\"datePublished\":\"2025-10-07T04:43:04+00:00\",\"breadcrumb\":{\"@id\":\"https:\\\/\\\/memurunsesi.net\\\/index.php\\\/2025\\\/10\\\/07\\\/deprem-bilim-kurulu-toplantisi-yapildi\\\/#breadcrumb\"},\"inLanguage\":\"tr\",\"potentialAction\":[{\"@type\":\"ReadAction\",\"target\":[\"https:\\\/\\\/memurunsesi.net\\\/index.php\\\/2025\\\/10\\\/07\\\/deprem-bilim-kurulu-toplantisi-yapildi\\\/\"]}]},{\"@type\":\"BreadcrumbList\",\"@id\":\"https:\\\/\\\/memurunsesi.net\\\/index.php\\\/2025\\\/10\\\/07\\\/deprem-bilim-kurulu-toplantisi-yapildi\\\/#breadcrumb\",\"itemListElement\":[{\"@type\":\"ListItem\",\"position\":1,\"name\":\"Anasayfa\",\"item\":\"https:\\\/\\\/memurunsesi.net\\\/\"},{\"@type\":\"ListItem\",\"position\":2,\"name\":\"Deprem Bilim Kurulu Toplant\u0131s\u0131 yap\u0131ld\u0131\"}]},{\"@type\":\"WebSite\",\"@id\":\"https:\\\/\\\/memurunsesi.net\\\/#website\",\"url\":\"https:\\\/\\\/memurunsesi.net\\\/\",\"name\":\"Memurun Sesi\",\"description\":\"G\u00fcncel ve Do\u011fru Haber\",\"publisher\":{\"@id\":\"https:\\\/\\\/memurunsesi.net\\\/#organization\"},\"potentialAction\":[{\"@type\":\"SearchAction\",\"target\":{\"@type\":\"EntryPoint\",\"urlTemplate\":\"https:\\\/\\\/memurunsesi.net\\\/?s={search_term_string}\"},\"query-input\":{\"@type\":\"PropertyValueSpecification\",\"valueRequired\":true,\"valueName\":\"search_term_string\"}}],\"inLanguage\":\"tr\"},{\"@type\":\"Organization\",\"@id\":\"https:\\\/\\\/memurunsesi.net\\\/#organization\",\"name\":\"Memurun Sesi\",\"url\":\"https:\\\/\\\/memurunsesi.net\\\/\",\"logo\":{\"@type\":\"ImageObject\",\"inLanguage\":\"tr\",\"@id\":\"https:\\\/\\\/memurunsesi.net\\\/#\\\/schema\\\/logo\\\/image\\\/\",\"url\":\"https:\\\/\\\/memurunsesi.net\\\/wp-content\\\/uploads\\\/2025\\\/11\\\/cropped-MEMURUN-SESI.png\",\"contentUrl\":\"https:\\\/\\\/memurunsesi.net\\\/wp-content\\\/uploads\\\/2025\\\/11\\\/cropped-MEMURUN-SESI.png\",\"width\":238,\"height\":57,\"caption\":\"Memurun Sesi\"},\"image\":{\"@id\":\"https:\\\/\\\/memurunsesi.net\\\/#\\\/schema\\\/logo\\\/image\\\/\"},\"sameAs\":[\"https:\\\/\\\/www.facebook.com\\\/unipersen\\\/?locale=tr_TR\",\"https:\\\/\\\/x.com\\\/unipersen\"]},{\"@type\":\"Person\",\"@id\":\"https:\\\/\\\/memurunsesi.net\\\/#\\\/schema\\\/person\\\/f21c2d73b89f6ee1d80b0a1803e38587\",\"name\":\"Memurun Sesi Haber Merkezi\",\"image\":{\"@type\":\"ImageObject\",\"inLanguage\":\"tr\",\"@id\":\"https:\\\/\\\/secure.gravatar.com\\\/avatar\\\/6cf0505f452ee753f485014986fab09a434671d2b919ee76fc541025c5876a70?s=96&d=mm&r=g\",\"url\":\"https:\\\/\\\/secure.gravatar.com\\\/avatar\\\/6cf0505f452ee753f485014986fab09a434671d2b919ee76fc541025c5876a70?s=96&d=mm&r=g\",\"contentUrl\":\"https:\\\/\\\/secure.gravatar.com\\\/avatar\\\/6cf0505f452ee753f485014986fab09a434671d2b919ee76fc541025c5876a70?s=96&d=mm&r=g\",\"caption\":\"Memurun Sesi Haber Merkezi\"},\"sameAs\":[\"https:\\\/\\\/memurunsesi.net\"],\"url\":\"https:\\\/\\\/memurunsesi.net\\\/index.php\\\/author\\\/uniper\\\/\"}]}<\/script>\n<!-- \/ Yoast SEO plugin. -->","yoast_head_json":{"title":"Deprem Bilim Kurulu Toplant\u0131s\u0131 yap\u0131ld\u0131 - Memurun Sesi","robots":{"index":"index","follow":"follow","max-snippet":"max-snippet:-1","max-image-preview":"max-image-preview:large","max-video-preview":"max-video-preview:-1"},"canonical":"https:\/\/memurunsesi.net\/index.php\/2025\/10\/07\/deprem-bilim-kurulu-toplantisi-yapildi\/","og_locale":"tr_TR","og_type":"article","og_title":"Deprem Bilim Kurulu Toplant\u0131s\u0131 yap\u0131ld\u0131 - Memurun Sesi","og_description":"Afet ve Acil Durum Y\u00f6netimi Ba\u015fkanl\u0131\u011f\u0131\u2019n\u0131n (AFAD) sosyal medya hesab\u0131ndan yap\u0131lan payla\u015f\u0131mda Deprem Bilim Kurulu Toplant\u0131s\u0131\u2019n\u0131n yap\u0131ld\u0131\u011f\u0131 duyuruldu. AFAD\u2019\u0131n sosyal medya hesab\u0131ndan yap\u0131lan payla\u015f\u0131mda Deprem Bilim Kurulu Toplant\u0131s\u0131\u2019n\u0131n yap\u0131ld\u0131\u011f\u0131n\u0131 a\u00e7\u0131kland\u0131. Toplant\u0131, AFAD Ba\u015fkan\u0131 Vali Ali Hamza Pehlivan\u2019\u0131n ba\u015fkanl\u0131\u011f\u0131nda, kurul \u00fcyesi akademisyenler ve AFAD birim y\u00f6neticilerinin kat\u0131l\u0131m\u0131yla ger\u00e7ekle\u015ftirildi. Toplant\u0131da, T\u00fcrkiye Bina Deprem Y\u00f6netmeli\u011fi g\u00fcncelleme \u00e7al\u0131\u015fmalar\u0131, Ulusal [&hellip;]","og_url":"https:\/\/memurunsesi.net\/index.php\/2025\/10\/07\/deprem-bilim-kurulu-toplantisi-yapildi\/","og_site_name":"Memurun Sesi","article_publisher":"https:\/\/www.facebook.com\/unipersen\/?locale=tr_TR","article_published_time":"2025-10-07T04:43:04+00:00","author":"Memurun Sesi Haber Merkezi","twitter_card":"summary_large_image","twitter_creator":"@unipersen","twitter_site":"@unipersen","twitter_misc":{"Yazan:":"Memurun Sesi Haber Merkezi"},"schema":{"@context":"https:\/\/schema.org","@graph":[{"@type":"Article","@id":"https:\/\/memurunsesi.net\/index.php\/2025\/10\/07\/deprem-bilim-kurulu-toplantisi-yapildi\/#article","isPartOf":{"@id":"https:\/\/memurunsesi.net\/index.php\/2025\/10\/07\/deprem-bilim-kurulu-toplantisi-yapildi\/"},"author":{"name":"Memurun Sesi Haber Merkezi","@id":"https:\/\/memurunsesi.net\/#\/schema\/person\/f21c2d73b89f6ee1d80b0a1803e38587"},"headline":"Deprem Bilim Kurulu Toplant\u0131s\u0131 yap\u0131ld\u0131","datePublished":"2025-10-07T04:43:04+00:00","mainEntityOfPage":{"@id":"https:\/\/memurunsesi.net\/index.php\/2025\/10\/07\/deprem-bilim-kurulu-toplantisi-yapildi\/"},"wordCount":449,"commentCount":0,"publisher":{"@id":"https:\/\/memurunsesi.net\/#organization"},"inLanguage":"tr","potentialAction":[{"@type":"CommentAction","name":"Comment","target":["https:\/\/memurunsesi.net\/index.php\/2025\/10\/07\/deprem-bilim-kurulu-toplantisi-yapildi\/#respond"]}]},{"@type":"WebPage","@id":"https:\/\/memurunsesi.net\/index.php\/2025\/10\/07\/deprem-bilim-kurulu-toplantisi-yapildi\/","url":"https:\/\/memurunsesi.net\/index.php\/2025\/10\/07\/deprem-bilim-kurulu-toplantisi-yapildi\/","name":"Deprem Bilim Kurulu Toplant\u0131s\u0131 yap\u0131ld\u0131 - Memurun Sesi","isPartOf":{"@id":"https:\/\/memurunsesi.net\/#website"},"datePublished":"2025-10-07T04:43:04+00:00","breadcrumb":{"@id":"https:\/\/memurunsesi.net\/index.php\/2025\/10\/07\/deprem-bilim-kurulu-toplantisi-yapildi\/#breadcrumb"},"inLanguage":"tr","potentialAction":[{"@type":"ReadAction","target":["https:\/\/memurunsesi.net\/index.php\/2025\/10\/07\/deprem-bilim-kurulu-toplantisi-yapildi\/"]}]},{"@type":"BreadcrumbList","@id":"https:\/\/memurunsesi.net\/index.php\/2025\/10\/07\/deprem-bilim-kurulu-toplantisi-yapildi\/#breadcrumb","itemListElement":[{"@type":"ListItem","position":1,"name":"Anasayfa","item":"https:\/\/memurunsesi.net\/"},{"@type":"ListItem","position":2,"name":"Deprem Bilim Kurulu Toplant\u0131s\u0131 yap\u0131ld\u0131"}]},{"@type":"WebSite","@id":"https:\/\/memurunsesi.net\/#website","url":"https:\/\/memurunsesi.net\/","name":"Memurun Sesi","description":"G\u00fcncel ve Do\u011fru Haber","publisher":{"@id":"https:\/\/memurunsesi.net\/#organization"},"potentialAction":[{"@type":"SearchAction","target":{"@type":"EntryPoint","urlTemplate":"https:\/\/memurunsesi.net\/?s={search_term_string}"},"query-input":{"@type":"PropertyValueSpecification","valueRequired":true,"valueName":"search_term_string"}}],"inLanguage":"tr"},{"@type":"Organization","@id":"https:\/\/memurunsesi.net\/#organization","name":"Memurun Sesi","url":"https:\/\/memurunsesi.net\/","logo":{"@type":"ImageObject","inLanguage":"tr","@id":"https:\/\/memurunsesi.net\/#\/schema\/logo\/image\/","url":"https:\/\/memurunsesi.net\/wp-content\/uploads\/2025\/11\/cropped-MEMURUN-SESI.png","contentUrl":"https:\/\/memurunsesi.net\/wp-content\/uploads\/2025\/11\/cropped-MEMURUN-SESI.png","width":238,"height":57,"caption":"Memurun Sesi"},"image":{"@id":"https:\/\/memurunsesi.net\/#\/schema\/logo\/image\/"},"sameAs":["https:\/\/www.facebook.com\/unipersen\/?locale=tr_TR","https:\/\/x.com\/unipersen"]},{"@type":"Person","@id":"https:\/\/memurunsesi.net\/#\/schema\/person\/f21c2d73b89f6ee1d80b0a1803e38587","name":"Memurun Sesi Haber Merkezi","image":{"@type":"ImageObject","inLanguage":"tr","@id":"https:\/\/secure.gravatar.com\/avatar\/6cf0505f452ee753f485014986fab09a434671d2b919ee76fc541025c5876a70?s=96&d=mm&r=g","url":"https:\/\/secure.gravatar.com\/avatar\/6cf0505f452ee753f485014986fab09a434671d2b919ee76fc541025c5876a70?s=96&d=mm&r=g","contentUrl":"https:\/\/secure.gravatar.com\/avatar\/6cf0505f452ee753f485014986fab09a434671d2b919ee76fc541025c5876a70?s=96&d=mm&r=g","caption":"Memurun Sesi Haber Merkezi"},"sameAs":["https:\/\/memurunsesi.net"],"url":"https:\/\/memurunsesi.net\/index.php\/author\/uniper\/"}]}},"_links":{"self":[{"href":"https:\/\/memurunsesi.net\/index.php\/wp-json\/wp\/v2\/posts\/12630","targetHints":{"allow":["GET"]}}],"collection":[{"href":"https:\/\/memurunsesi.net\/index.php\/wp-json\/wp\/v2\/posts"}],"about":[{"href":"https:\/\/memurunsesi.net\/index.php\/wp-json\/wp\/v2\/types\/post"}],"author":[{"embeddable":true,"href":"https:\/\/memurunsesi.net\/index.php\/wp-json\/wp\/v2\/users\/1"}],"replies":[{"embeddable":true,"href":"https:\/\/memurunsesi.net\/index.php\/wp-json\/wp\/v2\/comments?post=12630"}],"version-history":[{"count":1,"href":"https:\/\/memurunsesi.net\/index.php\/wp-json\/wp\/v2\/posts\/12630\/revisions"}],"predecessor-version":[{"id":12632,"href":"https:\/\/memurunsesi.net\/index.php\/wp-json\/wp\/v2\/posts\/12630\/revisions\/12632"}],"wp:attachment":[{"href":"https:\/\/memurunsesi.net\/index.php\/wp-json\/wp\/v2\/media?parent=12630"}],"wp:term":[{"taxonomy":"category","embeddable":true,"href":"https:\/\/memurunsesi.net\/index.php\/wp-json\/wp\/v2\/categories?post=12630"},{"taxonomy":"post_tag","embeddable":true,"href":"https:\/\/memurunsesi.net\/index.php\/wp-json\/wp\/v2\/tags?post=12630"}],"curies":[{"name":"wp","href":"https:\/\/api.w.org\/{rel}","templated":true}]}}