{"id":12636,"date":"2025-10-07T07:47:24","date_gmt":"2025-10-07T04:47:24","guid":{"rendered":"https:\/\/memurunsesi.net\/?p=12636"},"modified":"2025-10-07T07:47:24","modified_gmt":"2025-10-07T04:47:24","slug":"kocasinin-silahli-saldirisina-ugrayan-genc-kadin-agir-yaralandi","status":"publish","type":"post","link":"https:\/\/memurunsesi.net\/index.php\/2025\/10\/07\/kocasinin-silahli-saldirisina-ugrayan-genc-kadin-agir-yaralandi\/","title":{"rendered":"Kocas\u0131n\u0131n silahl\u0131 sald\u0131r\u0131s\u0131na u\u011frayan gen\u00e7 kad\u0131n a\u011f\u0131r yaraland\u0131"},"content":{"rendered":"<p>  &#8211; E\u015fini vuran \u015fah\u0131s dolapta saklan\u0131rken yakaland\u0131   <\/p>\n<p>   Ad\u0131yaman\u2019\u0131n Kahta il\u00e7esinde kocas\u0131 taraf\u0131ndan silahla vurulan gen\u00e7 kad\u0131n a\u011f\u0131r yaraland\u0131.<br \/>\nEdinilen bilgilere g\u00f6re, Kahta il\u00e7esi Kar\u015f\u0131yaka Mahallesi\u2019nde M.A.B. ile e\u015fi B.B. (22), aras\u0131nda hen\u00fcz belirlenemeyen bir nedenle tart\u0131\u015fma \u00e7\u0131kt\u0131. Tart\u0131\u015fman\u0131n b\u00fcy\u00fcmesi \u00fczerine M.A.B., yan\u0131nda bulunan tabancayla e\u015fi B.B.\u2019ye ate\u015f etti. Ba\u015f\u0131ndan ve kas\u0131k k\u0131sm\u0131ndan vurulan gen\u00e7 kad\u0131n B.B., kanlar i\u00e7erisinde yere y\u0131\u011f\u0131ld\u0131. \u0130hbar \u00fczerine olay yerine gelen sa\u011fl\u0131k ekiplerince ilk m\u00fcdahalesi yap\u0131lan B.B., \u00f6nce Kahta Devlet Hastanesi\u2019ne ard\u0131ndan ise Ad\u0131yaman E\u011fitim ve Ara\u015ft\u0131rma Hastanesi\u2019ne kald\u0131r\u0131ld\u0131. Hastanede tedavi alt\u0131na al\u0131nan B.B\u2019nin sa\u011fl\u0131k durumunun ciddiyetini korudu\u011fu hastanede ya\u015fam m\u00fccadelesi verdi\u011fi \u00f6\u011frenildi.<br \/>\n  \u00d6te yandan olay yerine gelen polis ekiplerince \u00e7evrede geni\u015f g\u00fcvenlik \u00f6nlemi al\u0131rken e\u015fini vuran M.A.B., isimli \u015fah\u0131s ise evde bulunan dolap i\u00e7erisinde sakland\u0131\u011f\u0131 s\u0131rada yakaland\u0131. G\u00f6zalt\u0131na al\u0131nan \u015fah\u0131s, polis merkezine g\u00f6t\u00fcr\u00fcld\u00fc.<br \/>\n  Olayla ilgili soru\u015fturma ba\u015flat\u0131ld\u0131. <\/p>\n<p>7.10.2025                                 <\/p>\n","protected":false},"excerpt":{"rendered":"<p>&#8211; E\u015fini vuran \u015fah\u0131s dolapta saklan\u0131rken yakaland\u0131 Ad\u0131yaman\u2019\u0131n Kahta il\u00e7esinde kocas\u0131 taraf\u0131ndan silahla vurulan gen\u00e7 kad\u0131n a\u011f\u0131r yaraland\u0131. Edinilen bilgilere g\u00f6re, Kahta il\u00e7esi Kar\u015f\u0131yaka Mahallesi\u2019nde M.A.B. ile e\u015fi B.B. (22), aras\u0131nda hen\u00fcz belirlenemeyen bir nedenle tart\u0131\u015fma \u00e7\u0131kt\u0131. Tart\u0131\u015fman\u0131n b\u00fcy\u00fcmesi \u00fczerine M.A.B., yan\u0131nda bulunan tabancayla e\u015fi B.B.\u2019ye ate\u015f etti. Ba\u015f\u0131ndan ve kas\u0131k k\u0131sm\u0131ndan vurulan gen\u00e7 kad\u0131n [&hellip;]<\/p>\n","protected":false},"author":1,"featured_media":12637,"comment_status":"open","ping_status":"open","sticky":false,"template":"","format":"standard","meta":{"footnotes":""},"categories":[1],"tags":[],"class_list":["post-12636","post","type-post","status-publish","format-standard","has-post-thumbnail","hentry","category-genel"],"yoast_head":"<!-- This site is optimized with the Yoast SEO plugin v27.4 - https:\/\/yoast.com\/product\/yoast-seo-wordpress\/ -->\n<title>Kocas\u0131n\u0131n silahl\u0131 sald\u0131r\u0131s\u0131na u\u011frayan gen\u00e7 kad\u0131n a\u011f\u0131r yaraland\u0131 - Memurun Sesi<\/title>\n<meta name=\"robots\" content=\"index, follow, max-snippet:-1, max-image-preview:large, max-video-preview:-1\" \/>\n<link rel=\"canonical\" href=\"https:\/\/memurunsesi.net\/index.php\/2025\/10\/07\/kocasinin-silahli-saldirisina-ugrayan-genc-kadin-agir-yaralandi\/\" \/>\n<meta property=\"og:locale\" content=\"tr_TR\" \/>\n<meta property=\"og:type\" content=\"article\" \/>\n<meta property=\"og:title\" content=\"Kocas\u0131n\u0131n silahl\u0131 sald\u0131r\u0131s\u0131na u\u011frayan gen\u00e7 kad\u0131n a\u011f\u0131r yaraland\u0131 - Memurun Sesi\" \/>\n<meta property=\"og:description\" content=\"&#8211; E\u015fini vuran \u015fah\u0131s dolapta saklan\u0131rken yakaland\u0131 Ad\u0131yaman\u2019\u0131n Kahta il\u00e7esinde kocas\u0131 taraf\u0131ndan silahla vurulan gen\u00e7 kad\u0131n a\u011f\u0131r yaraland\u0131. Edinilen bilgilere g\u00f6re, Kahta il\u00e7esi Kar\u015f\u0131yaka Mahallesi\u2019nde M.A.B. ile e\u015fi B.B. (22), aras\u0131nda hen\u00fcz belirlenemeyen bir nedenle tart\u0131\u015fma \u00e7\u0131kt\u0131. Tart\u0131\u015fman\u0131n b\u00fcy\u00fcmesi \u00fczerine M.A.B., yan\u0131nda bulunan tabancayla e\u015fi B.B.\u2019ye ate\u015f etti. Ba\u015f\u0131ndan ve kas\u0131k k\u0131sm\u0131ndan vurulan gen\u00e7 kad\u0131n [&hellip;]\" \/>\n<meta property=\"og:url\" content=\"https:\/\/memurunsesi.net\/index.php\/2025\/10\/07\/kocasinin-silahli-saldirisina-ugrayan-genc-kadin-agir-yaralandi\/\" \/>\n<meta property=\"og:site_name\" content=\"Memurun Sesi\" \/>\n<meta property=\"article:publisher\" content=\"https:\/\/www.facebook.com\/unipersen\/?locale=tr_TR\" \/>\n<meta property=\"article:published_time\" content=\"2025-10-07T04:47:24+00:00\" \/>\n<meta property=\"og:image\" content=\"https:\/\/memurunsesi.net\/wp-content\/uploads\/2025\/10\/AW553276_01-scaled.jpg\" \/>\n\t<meta property=\"og:image:width\" content=\"2560\" \/>\n\t<meta property=\"og:image:height\" content=\"1437\" \/>\n\t<meta property=\"og:image:type\" content=\"image\/jpeg\" \/>\n<meta name=\"author\" content=\"Memurun Sesi Haber Merkezi\" \/>\n<meta name=\"twitter:card\" content=\"summary_large_image\" \/>\n<meta name=\"twitter:creator\" content=\"@unipersen\" \/>\n<meta name=\"twitter:site\" content=\"@unipersen\" \/>\n<meta name=\"twitter:label1\" content=\"Yazan:\" \/>\n\t<meta name=\"twitter:data1\" content=\"Memurun Sesi Haber Merkezi\" \/>\n\t<meta name=\"twitter:label2\" content=\"Tahmini okuma s\u00fcresi\" \/>\n\t<meta name=\"twitter:data2\" content=\"1 dakika\" \/>\n<script type=\"application\/ld+json\" class=\"yoast-schema-graph\">{\"@context\":\"https:\\\/\\\/schema.org\",\"@graph\":[{\"@type\":\"Article\",\"@id\":\"https:\\\/\\\/memurunsesi.net\\\/index.php\\\/2025\\\/10\\\/07\\\/kocasinin-silahli-saldirisina-ugrayan-genc-kadin-agir-yaralandi\\\/#article\",\"isPartOf\":{\"@id\":\"https:\\\/\\\/memurunsesi.net\\\/index.php\\\/2025\\\/10\\\/07\\\/kocasinin-silahli-saldirisina-ugrayan-genc-kadin-agir-yaralandi\\\/\"},\"author\":{\"name\":\"Memurun Sesi Haber Merkezi\",\"@id\":\"https:\\\/\\\/memurunsesi.net\\\/#\\\/schema\\\/person\\\/f21c2d73b89f6ee1d80b0a1803e38587\"},\"headline\":\"Kocas\u0131n\u0131n silahl\u0131 sald\u0131r\u0131s\u0131na u\u011frayan gen\u00e7 kad\u0131n a\u011f\u0131r yaraland\u0131\",\"datePublished\":\"2025-10-07T04:47:24+00:00\",\"mainEntityOfPage\":{\"@id\":\"https:\\\/\\\/memurunsesi.net\\\/index.php\\\/2025\\\/10\\\/07\\\/kocasinin-silahli-saldirisina-ugrayan-genc-kadin-agir-yaralandi\\\/\"},\"wordCount\":227,\"commentCount\":0,\"publisher\":{\"@id\":\"https:\\\/\\\/memurunsesi.net\\\/#organization\"},\"image\":{\"@id\":\"https:\\\/\\\/memurunsesi.net\\\/index.php\\\/2025\\\/10\\\/07\\\/kocasinin-silahli-saldirisina-ugrayan-genc-kadin-agir-yaralandi\\\/#primaryimage\"},\"thumbnailUrl\":\"https:\\\/\\\/memurunsesi.net\\\/wp-content\\\/uploads\\\/2025\\\/10\\\/AW553276_01-scaled.jpg\",\"inLanguage\":\"tr\",\"potentialAction\":[{\"@type\":\"CommentAction\",\"name\":\"Comment\",\"target\":[\"https:\\\/\\\/memurunsesi.net\\\/index.php\\\/2025\\\/10\\\/07\\\/kocasinin-silahli-saldirisina-ugrayan-genc-kadin-agir-yaralandi\\\/#respond\"]}]},{\"@type\":\"WebPage\",\"@id\":\"https:\\\/\\\/memurunsesi.net\\\/index.php\\\/2025\\\/10\\\/07\\\/kocasinin-silahli-saldirisina-ugrayan-genc-kadin-agir-yaralandi\\\/\",\"url\":\"https:\\\/\\\/memurunsesi.net\\\/index.php\\\/2025\\\/10\\\/07\\\/kocasinin-silahli-saldirisina-ugrayan-genc-kadin-agir-yaralandi\\\/\",\"name\":\"Kocas\u0131n\u0131n silahl\u0131 sald\u0131r\u0131s\u0131na u\u011frayan gen\u00e7 kad\u0131n a\u011f\u0131r yaraland\u0131 - Memurun Sesi\",\"isPartOf\":{\"@id\":\"https:\\\/\\\/memurunsesi.net\\\/#website\"},\"primaryImageOfPage\":{\"@id\":\"https:\\\/\\\/memurunsesi.net\\\/index.php\\\/2025\\\/10\\\/07\\\/kocasinin-silahli-saldirisina-ugrayan-genc-kadin-agir-yaralandi\\\/#primaryimage\"},\"image\":{\"@id\":\"https:\\\/\\\/memurunsesi.net\\\/index.php\\\/2025\\\/10\\\/07\\\/kocasinin-silahli-saldirisina-ugrayan-genc-kadin-agir-yaralandi\\\/#primaryimage\"},\"thumbnailUrl\":\"https:\\\/\\\/memurunsesi.net\\\/wp-content\\\/uploads\\\/2025\\\/10\\\/AW553276_01-scaled.jpg\",\"datePublished\":\"2025-10-07T04:47:24+00:00\",\"breadcrumb\":{\"@id\":\"https:\\\/\\\/memurunsesi.net\\\/index.php\\\/2025\\\/10\\\/07\\\/kocasinin-silahli-saldirisina-ugrayan-genc-kadin-agir-yaralandi\\\/#breadcrumb\"},\"inLanguage\":\"tr\",\"potentialAction\":[{\"@type\":\"ReadAction\",\"target\":[\"https:\\\/\\\/memurunsesi.net\\\/index.php\\\/2025\\\/10\\\/07\\\/kocasinin-silahli-saldirisina-ugrayan-genc-kadin-agir-yaralandi\\\/\"]}]},{\"@type\":\"ImageObject\",\"inLanguage\":\"tr\",\"@id\":\"https:\\\/\\\/memurunsesi.net\\\/index.php\\\/2025\\\/10\\\/07\\\/kocasinin-silahli-saldirisina-ugrayan-genc-kadin-agir-yaralandi\\\/#primaryimage\",\"url\":\"https:\\\/\\\/memurunsesi.net\\\/wp-content\\\/uploads\\\/2025\\\/10\\\/AW553276_01-scaled.jpg\",\"contentUrl\":\"https:\\\/\\\/memurunsesi.net\\\/wp-content\\\/uploads\\\/2025\\\/10\\\/AW553276_01-scaled.jpg\",\"width\":2560,\"height\":1437,\"caption\":\"ADIYAMAN'IN KAHTA \u0130L\u00c7ES\u0130NDE E\u015e\u0130 TARAFINDAN S\u0130LAHLA VURULAN GEN\u00c7 KADIN A\u011eIR YARALANDI. (H\u00dcSEY\u0130N T\u00dcRKO\u011eLU\\\/ADIYAMAN-\u0130HA) Ad\u0131yaman'\u0131n Kahta il\u00e7esinde kocas\u0131 taraf\u0131ndan silahla vurulan gen\u00e7 kad\u0131n a\u011f\u0131r yaraland\u0131.\"},{\"@type\":\"BreadcrumbList\",\"@id\":\"https:\\\/\\\/memurunsesi.net\\\/index.php\\\/2025\\\/10\\\/07\\\/kocasinin-silahli-saldirisina-ugrayan-genc-kadin-agir-yaralandi\\\/#breadcrumb\",\"itemListElement\":[{\"@type\":\"ListItem\",\"position\":1,\"name\":\"Anasayfa\",\"item\":\"https:\\\/\\\/memurunsesi.net\\\/\"},{\"@type\":\"ListItem\",\"position\":2,\"name\":\"Kocas\u0131n\u0131n silahl\u0131 sald\u0131r\u0131s\u0131na u\u011frayan gen\u00e7 kad\u0131n a\u011f\u0131r yaraland\u0131\"}]},{\"@type\":\"WebSite\",\"@id\":\"https:\\\/\\\/memurunsesi.net\\\/#website\",\"url\":\"https:\\\/\\\/memurunsesi.net\\\/\",\"name\":\"Memurun Sesi\",\"description\":\"G\u00fcncel ve Do\u011fru Haber\",\"publisher\":{\"@id\":\"https:\\\/\\\/memurunsesi.net\\\/#organization\"},\"potentialAction\":[{\"@type\":\"SearchAction\",\"target\":{\"@type\":\"EntryPoint\",\"urlTemplate\":\"https:\\\/\\\/memurunsesi.net\\\/?s={search_term_string}\"},\"query-input\":{\"@type\":\"PropertyValueSpecification\",\"valueRequired\":true,\"valueName\":\"search_term_string\"}}],\"inLanguage\":\"tr\"},{\"@type\":\"Organization\",\"@id\":\"https:\\\/\\\/memurunsesi.net\\\/#organization\",\"name\":\"Memurun Sesi\",\"url\":\"https:\\\/\\\/memurunsesi.net\\\/\",\"logo\":{\"@type\":\"ImageObject\",\"inLanguage\":\"tr\",\"@id\":\"https:\\\/\\\/memurunsesi.net\\\/#\\\/schema\\\/logo\\\/image\\\/\",\"url\":\"https:\\\/\\\/memurunsesi.net\\\/wp-content\\\/uploads\\\/2025\\\/11\\\/cropped-MEMURUN-SESI.png\",\"contentUrl\":\"https:\\\/\\\/memurunsesi.net\\\/wp-content\\\/uploads\\\/2025\\\/11\\\/cropped-MEMURUN-SESI.png\",\"width\":238,\"height\":57,\"caption\":\"Memurun Sesi\"},\"image\":{\"@id\":\"https:\\\/\\\/memurunsesi.net\\\/#\\\/schema\\\/logo\\\/image\\\/\"},\"sameAs\":[\"https:\\\/\\\/www.facebook.com\\\/unipersen\\\/?locale=tr_TR\",\"https:\\\/\\\/x.com\\\/unipersen\"]},{\"@type\":\"Person\",\"@id\":\"https:\\\/\\\/memurunsesi.net\\\/#\\\/schema\\\/person\\\/f21c2d73b89f6ee1d80b0a1803e38587\",\"name\":\"Memurun Sesi Haber Merkezi\",\"image\":{\"@type\":\"ImageObject\",\"inLanguage\":\"tr\",\"@id\":\"https:\\\/\\\/secure.gravatar.com\\\/avatar\\\/6cf0505f452ee753f485014986fab09a434671d2b919ee76fc541025c5876a70?s=96&d=mm&r=g\",\"url\":\"https:\\\/\\\/secure.gravatar.com\\\/avatar\\\/6cf0505f452ee753f485014986fab09a434671d2b919ee76fc541025c5876a70?s=96&d=mm&r=g\",\"contentUrl\":\"https:\\\/\\\/secure.gravatar.com\\\/avatar\\\/6cf0505f452ee753f485014986fab09a434671d2b919ee76fc541025c5876a70?s=96&d=mm&r=g\",\"caption\":\"Memurun Sesi Haber Merkezi\"},\"sameAs\":[\"https:\\\/\\\/memurunsesi.net\"],\"url\":\"https:\\\/\\\/memurunsesi.net\\\/index.php\\\/author\\\/uniper\\\/\"}]}<\/script>\n<!-- \/ Yoast SEO plugin. -->","yoast_head_json":{"title":"Kocas\u0131n\u0131n silahl\u0131 sald\u0131r\u0131s\u0131na u\u011frayan gen\u00e7 kad\u0131n a\u011f\u0131r yaraland\u0131 - Memurun Sesi","robots":{"index":"index","follow":"follow","max-snippet":"max-snippet:-1","max-image-preview":"max-image-preview:large","max-video-preview":"max-video-preview:-1"},"canonical":"https:\/\/memurunsesi.net\/index.php\/2025\/10\/07\/kocasinin-silahli-saldirisina-ugrayan-genc-kadin-agir-yaralandi\/","og_locale":"tr_TR","og_type":"article","og_title":"Kocas\u0131n\u0131n silahl\u0131 sald\u0131r\u0131s\u0131na u\u011frayan gen\u00e7 kad\u0131n a\u011f\u0131r yaraland\u0131 - Memurun Sesi","og_description":"&#8211; E\u015fini vuran \u015fah\u0131s dolapta saklan\u0131rken yakaland\u0131 Ad\u0131yaman\u2019\u0131n Kahta il\u00e7esinde kocas\u0131 taraf\u0131ndan silahla vurulan gen\u00e7 kad\u0131n a\u011f\u0131r yaraland\u0131. Edinilen bilgilere g\u00f6re, Kahta il\u00e7esi Kar\u015f\u0131yaka Mahallesi\u2019nde M.A.B. ile e\u015fi B.B. (22), aras\u0131nda hen\u00fcz belirlenemeyen bir nedenle tart\u0131\u015fma \u00e7\u0131kt\u0131. Tart\u0131\u015fman\u0131n b\u00fcy\u00fcmesi \u00fczerine M.A.B., yan\u0131nda bulunan tabancayla e\u015fi B.B.\u2019ye ate\u015f etti. Ba\u015f\u0131ndan ve kas\u0131k k\u0131sm\u0131ndan vurulan gen\u00e7 kad\u0131n [&hellip;]","og_url":"https:\/\/memurunsesi.net\/index.php\/2025\/10\/07\/kocasinin-silahli-saldirisina-ugrayan-genc-kadin-agir-yaralandi\/","og_site_name":"Memurun Sesi","article_publisher":"https:\/\/www.facebook.com\/unipersen\/?locale=tr_TR","article_published_time":"2025-10-07T04:47:24+00:00","og_image":[{"width":2560,"height":1437,"url":"https:\/\/memurunsesi.net\/wp-content\/uploads\/2025\/10\/AW553276_01-scaled.jpg","type":"image\/jpeg"}],"author":"Memurun Sesi Haber Merkezi","twitter_card":"summary_large_image","twitter_creator":"@unipersen","twitter_site":"@unipersen","twitter_misc":{"Yazan:":"Memurun Sesi Haber Merkezi","Tahmini okuma s\u00fcresi":"1 dakika"},"schema":{"@context":"https:\/\/schema.org","@graph":[{"@type":"Article","@id":"https:\/\/memurunsesi.net\/index.php\/2025\/10\/07\/kocasinin-silahli-saldirisina-ugrayan-genc-kadin-agir-yaralandi\/#article","isPartOf":{"@id":"https:\/\/memurunsesi.net\/index.php\/2025\/10\/07\/kocasinin-silahli-saldirisina-ugrayan-genc-kadin-agir-yaralandi\/"},"author":{"name":"Memurun Sesi Haber Merkezi","@id":"https:\/\/memurunsesi.net\/#\/schema\/person\/f21c2d73b89f6ee1d80b0a1803e38587"},"headline":"Kocas\u0131n\u0131n silahl\u0131 sald\u0131r\u0131s\u0131na u\u011frayan gen\u00e7 kad\u0131n a\u011f\u0131r yaraland\u0131","datePublished":"2025-10-07T04:47:24+00:00","mainEntityOfPage":{"@id":"https:\/\/memurunsesi.net\/index.php\/2025\/10\/07\/kocasinin-silahli-saldirisina-ugrayan-genc-kadin-agir-yaralandi\/"},"wordCount":227,"commentCount":0,"publisher":{"@id":"https:\/\/memurunsesi.net\/#organization"},"image":{"@id":"https:\/\/memurunsesi.net\/index.php\/2025\/10\/07\/kocasinin-silahli-saldirisina-ugrayan-genc-kadin-agir-yaralandi\/#primaryimage"},"thumbnailUrl":"https:\/\/memurunsesi.net\/wp-content\/uploads\/2025\/10\/AW553276_01-scaled.jpg","inLanguage":"tr","potentialAction":[{"@type":"CommentAction","name":"Comment","target":["https:\/\/memurunsesi.net\/index.php\/2025\/10\/07\/kocasinin-silahli-saldirisina-ugrayan-genc-kadin-agir-yaralandi\/#respond"]}]},{"@type":"WebPage","@id":"https:\/\/memurunsesi.net\/index.php\/2025\/10\/07\/kocasinin-silahli-saldirisina-ugrayan-genc-kadin-agir-yaralandi\/","url":"https:\/\/memurunsesi.net\/index.php\/2025\/10\/07\/kocasinin-silahli-saldirisina-ugrayan-genc-kadin-agir-yaralandi\/","name":"Kocas\u0131n\u0131n silahl\u0131 sald\u0131r\u0131s\u0131na u\u011frayan gen\u00e7 kad\u0131n a\u011f\u0131r yaraland\u0131 - Memurun Sesi","isPartOf":{"@id":"https:\/\/memurunsesi.net\/#website"},"primaryImageOfPage":{"@id":"https:\/\/memurunsesi.net\/index.php\/2025\/10\/07\/kocasinin-silahli-saldirisina-ugrayan-genc-kadin-agir-yaralandi\/#primaryimage"},"image":{"@id":"https:\/\/memurunsesi.net\/index.php\/2025\/10\/07\/kocasinin-silahli-saldirisina-ugrayan-genc-kadin-agir-yaralandi\/#primaryimage"},"thumbnailUrl":"https:\/\/memurunsesi.net\/wp-content\/uploads\/2025\/10\/AW553276_01-scaled.jpg","datePublished":"2025-10-07T04:47:24+00:00","breadcrumb":{"@id":"https:\/\/memurunsesi.net\/index.php\/2025\/10\/07\/kocasinin-silahli-saldirisina-ugrayan-genc-kadin-agir-yaralandi\/#breadcrumb"},"inLanguage":"tr","potentialAction":[{"@type":"ReadAction","target":["https:\/\/memurunsesi.net\/index.php\/2025\/10\/07\/kocasinin-silahli-saldirisina-ugrayan-genc-kadin-agir-yaralandi\/"]}]},{"@type":"ImageObject","inLanguage":"tr","@id":"https:\/\/memurunsesi.net\/index.php\/2025\/10\/07\/kocasinin-silahli-saldirisina-ugrayan-genc-kadin-agir-yaralandi\/#primaryimage","url":"https:\/\/memurunsesi.net\/wp-content\/uploads\/2025\/10\/AW553276_01-scaled.jpg","contentUrl":"https:\/\/memurunsesi.net\/wp-content\/uploads\/2025\/10\/AW553276_01-scaled.jpg","width":2560,"height":1437,"caption":"ADIYAMAN'IN KAHTA \u0130L\u00c7ES\u0130NDE E\u015e\u0130 TARAFINDAN S\u0130LAHLA VURULAN GEN\u00c7 KADIN A\u011eIR YARALANDI. (H\u00dcSEY\u0130N T\u00dcRKO\u011eLU\/ADIYAMAN-\u0130HA) Ad\u0131yaman'\u0131n Kahta il\u00e7esinde kocas\u0131 taraf\u0131ndan silahla vurulan gen\u00e7 kad\u0131n a\u011f\u0131r yaraland\u0131."},{"@type":"BreadcrumbList","@id":"https:\/\/memurunsesi.net\/index.php\/2025\/10\/07\/kocasinin-silahli-saldirisina-ugrayan-genc-kadin-agir-yaralandi\/#breadcrumb","itemListElement":[{"@type":"ListItem","position":1,"name":"Anasayfa","item":"https:\/\/memurunsesi.net\/"},{"@type":"ListItem","position":2,"name":"Kocas\u0131n\u0131n silahl\u0131 sald\u0131r\u0131s\u0131na u\u011frayan gen\u00e7 kad\u0131n a\u011f\u0131r yaraland\u0131"}]},{"@type":"WebSite","@id":"https:\/\/memurunsesi.net\/#website","url":"https:\/\/memurunsesi.net\/","name":"Memurun Sesi","description":"G\u00fcncel ve Do\u011fru Haber","publisher":{"@id":"https:\/\/memurunsesi.net\/#organization"},"potentialAction":[{"@type":"SearchAction","target":{"@type":"EntryPoint","urlTemplate":"https:\/\/memurunsesi.net\/?s={search_term_string}"},"query-input":{"@type":"PropertyValueSpecification","valueRequired":true,"valueName":"search_term_string"}}],"inLanguage":"tr"},{"@type":"Organization","@id":"https:\/\/memurunsesi.net\/#organization","name":"Memurun Sesi","url":"https:\/\/memurunsesi.net\/","logo":{"@type":"ImageObject","inLanguage":"tr","@id":"https:\/\/memurunsesi.net\/#\/schema\/logo\/image\/","url":"https:\/\/memurunsesi.net\/wp-content\/uploads\/2025\/11\/cropped-MEMURUN-SESI.png","contentUrl":"https:\/\/memurunsesi.net\/wp-content\/uploads\/2025\/11\/cropped-MEMURUN-SESI.png","width":238,"height":57,"caption":"Memurun Sesi"},"image":{"@id":"https:\/\/memurunsesi.net\/#\/schema\/logo\/image\/"},"sameAs":["https:\/\/www.facebook.com\/unipersen\/?locale=tr_TR","https:\/\/x.com\/unipersen"]},{"@type":"Person","@id":"https:\/\/memurunsesi.net\/#\/schema\/person\/f21c2d73b89f6ee1d80b0a1803e38587","name":"Memurun Sesi Haber Merkezi","image":{"@type":"ImageObject","inLanguage":"tr","@id":"https:\/\/secure.gravatar.com\/avatar\/6cf0505f452ee753f485014986fab09a434671d2b919ee76fc541025c5876a70?s=96&d=mm&r=g","url":"https:\/\/secure.gravatar.com\/avatar\/6cf0505f452ee753f485014986fab09a434671d2b919ee76fc541025c5876a70?s=96&d=mm&r=g","contentUrl":"https:\/\/secure.gravatar.com\/avatar\/6cf0505f452ee753f485014986fab09a434671d2b919ee76fc541025c5876a70?s=96&d=mm&r=g","caption":"Memurun Sesi Haber Merkezi"},"sameAs":["https:\/\/memurunsesi.net"],"url":"https:\/\/memurunsesi.net\/index.php\/author\/uniper\/"}]}},"_links":{"self":[{"href":"https:\/\/memurunsesi.net\/index.php\/wp-json\/wp\/v2\/posts\/12636","targetHints":{"allow":["GET"]}}],"collection":[{"href":"https:\/\/memurunsesi.net\/index.php\/wp-json\/wp\/v2\/posts"}],"about":[{"href":"https:\/\/memurunsesi.net\/index.php\/wp-json\/wp\/v2\/types\/post"}],"author":[{"embeddable":true,"href":"https:\/\/memurunsesi.net\/index.php\/wp-json\/wp\/v2\/users\/1"}],"replies":[{"embeddable":true,"href":"https:\/\/memurunsesi.net\/index.php\/wp-json\/wp\/v2\/comments?post=12636"}],"version-history":[{"count":1,"href":"https:\/\/memurunsesi.net\/index.php\/wp-json\/wp\/v2\/posts\/12636\/revisions"}],"predecessor-version":[{"id":12638,"href":"https:\/\/memurunsesi.net\/index.php\/wp-json\/wp\/v2\/posts\/12636\/revisions\/12638"}],"wp:featuredmedia":[{"embeddable":true,"href":"https:\/\/memurunsesi.net\/index.php\/wp-json\/wp\/v2\/media\/12637"}],"wp:attachment":[{"href":"https:\/\/memurunsesi.net\/index.php\/wp-json\/wp\/v2\/media?parent=12636"}],"wp:term":[{"taxonomy":"category","embeddable":true,"href":"https:\/\/memurunsesi.net\/index.php\/wp-json\/wp\/v2\/categories?post=12636"},{"taxonomy":"post_tag","embeddable":true,"href":"https:\/\/memurunsesi.net\/index.php\/wp-json\/wp\/v2\/tags?post=12636"}],"curies":[{"name":"wp","href":"https:\/\/api.w.org\/{rel}","templated":true}]}}