{"id":12639,"date":"2025-10-07T07:48:38","date_gmt":"2025-10-07T04:48:38","guid":{"rendered":"https:\/\/memurunsesi.net\/?p=12639"},"modified":"2025-10-07T07:48:38","modified_gmt":"2025-10-07T04:48:38","slug":"sanliurfada-saman-yuklu-tir-alev-alev-yandi-2","status":"publish","type":"post","link":"https:\/\/memurunsesi.net\/index.php\/2025\/10\/07\/sanliurfada-saman-yuklu-tir-alev-alev-yandi-2\/","title":{"rendered":"\u015eanl\u0131urfa&#8217;da saman y\u00fckl\u00fc t\u0131r alev alev yand\u0131"},"content":{"rendered":"<p>  \u015eanl\u0131urfa&#8217;da alev alan saman y\u00fckl\u00fc t\u0131r kullan\u0131lamaz hale geldi.<br \/>\nEdinilen bilgiye g\u00f6re olay, Viran\u015fehir-\u015eanl\u0131urfa karayolunda meydana geldi. Plakas\u0131 ve s\u00fcr\u00fcc\u00fcs\u00fc belirlenemeyen t\u0131r, seyir halindeyken bir anda alev ald\u0131. Yang\u0131n\u0131 fark eden s\u00fcr\u00fcc\u00fc arac\u0131 yol kenar\u0131na \u00e7ekerek durumu itfaiye ekiplerine bildirdi. Olay yerine ula\u015fan itfaiye ekiplerinin \u00e7al\u0131\u015fmas\u0131 sonucu yang\u0131n kontrol alt\u0131na al\u0131nd\u0131. \u00d6l\u00fc ve yaral\u0131n\u0131n olmad\u0131\u011f\u0131 yang\u0131nda, t\u0131r tamamen yanarak kullan\u0131lamaz hale geldi.<br \/>\n  Yang\u0131n\u0131n \u00e7\u0131k\u0131\u015f nedeninin belirlenmesi i\u00e7in inceleme \u00e7al\u0131\u015fmas\u0131 ba\u015flat\u0131ld\u0131. <\/p>\n<p>7.10.2025                                 <\/p>\n","protected":false},"excerpt":{"rendered":"<p>\u015eanl\u0131urfa&#8217;da alev alan saman y\u00fckl\u00fc t\u0131r kullan\u0131lamaz hale geldi. Edinilen bilgiye g\u00f6re olay, Viran\u015fehir-\u015eanl\u0131urfa karayolunda meydana geldi. Plakas\u0131 ve s\u00fcr\u00fcc\u00fcs\u00fc belirlenemeyen t\u0131r, seyir halindeyken bir anda alev ald\u0131. Yang\u0131n\u0131 fark eden s\u00fcr\u00fcc\u00fc arac\u0131 yol kenar\u0131na \u00e7ekerek durumu itfaiye ekiplerine bildirdi. Olay yerine ula\u015fan itfaiye ekiplerinin \u00e7al\u0131\u015fmas\u0131 sonucu yang\u0131n kontrol alt\u0131na al\u0131nd\u0131. \u00d6l\u00fc ve yaral\u0131n\u0131n olmad\u0131\u011f\u0131 [&hellip;]<\/p>\n","protected":false},"author":1,"featured_media":12640,"comment_status":"open","ping_status":"open","sticky":false,"template":"","format":"standard","meta":{"footnotes":""},"categories":[1],"tags":[],"class_list":["post-12639","post","type-post","status-publish","format-standard","has-post-thumbnail","hentry","category-genel"],"yoast_head":"<!-- This site is optimized with the Yoast SEO plugin v27.4 - https:\/\/yoast.com\/product\/yoast-seo-wordpress\/ -->\n<title>\u015eanl\u0131urfa&#039;da saman y\u00fckl\u00fc t\u0131r alev alev yand\u0131 - Memurun Sesi<\/title>\n<meta name=\"robots\" content=\"index, follow, max-snippet:-1, max-image-preview:large, max-video-preview:-1\" \/>\n<link rel=\"canonical\" href=\"https:\/\/memurunsesi.net\/index.php\/2025\/10\/07\/sanliurfada-saman-yuklu-tir-alev-alev-yandi-2\/\" \/>\n<meta property=\"og:locale\" content=\"tr_TR\" \/>\n<meta property=\"og:type\" content=\"article\" \/>\n<meta property=\"og:title\" content=\"\u015eanl\u0131urfa&#039;da saman y\u00fckl\u00fc t\u0131r alev alev yand\u0131 - Memurun Sesi\" \/>\n<meta property=\"og:description\" content=\"\u015eanl\u0131urfa&#8217;da alev alan saman y\u00fckl\u00fc t\u0131r kullan\u0131lamaz hale geldi. Edinilen bilgiye g\u00f6re olay, Viran\u015fehir-\u015eanl\u0131urfa karayolunda meydana geldi. Plakas\u0131 ve s\u00fcr\u00fcc\u00fcs\u00fc belirlenemeyen t\u0131r, seyir halindeyken bir anda alev ald\u0131. Yang\u0131n\u0131 fark eden s\u00fcr\u00fcc\u00fc arac\u0131 yol kenar\u0131na \u00e7ekerek durumu itfaiye ekiplerine bildirdi. Olay yerine ula\u015fan itfaiye ekiplerinin \u00e7al\u0131\u015fmas\u0131 sonucu yang\u0131n kontrol alt\u0131na al\u0131nd\u0131. \u00d6l\u00fc ve yaral\u0131n\u0131n olmad\u0131\u011f\u0131 [&hellip;]\" \/>\n<meta property=\"og:url\" content=\"https:\/\/memurunsesi.net\/index.php\/2025\/10\/07\/sanliurfada-saman-yuklu-tir-alev-alev-yandi-2\/\" \/>\n<meta property=\"og:site_name\" content=\"Memurun Sesi\" \/>\n<meta property=\"article:publisher\" content=\"https:\/\/www.facebook.com\/unipersen\/?locale=tr_TR\" \/>\n<meta property=\"article:published_time\" content=\"2025-10-07T04:48:38+00:00\" \/>\n<meta property=\"og:image\" content=\"https:\/\/memurunsesi.net\/wp-content\/uploads\/2025\/10\/AW553275_01.jpg\" \/>\n\t<meta property=\"og:image:width\" content=\"1536\" \/>\n\t<meta property=\"og:image:height\" content=\"2048\" \/>\n\t<meta property=\"og:image:type\" content=\"image\/jpeg\" \/>\n<meta name=\"author\" content=\"Memurun Sesi Haber Merkezi\" \/>\n<meta name=\"twitter:card\" content=\"summary_large_image\" \/>\n<meta name=\"twitter:creator\" content=\"@unipersen\" \/>\n<meta name=\"twitter:site\" content=\"@unipersen\" \/>\n<meta name=\"twitter:label1\" content=\"Yazan:\" \/>\n\t<meta name=\"twitter:data1\" content=\"Memurun Sesi Haber Merkezi\" \/>\n\t<meta name=\"twitter:label2\" content=\"Tahmini okuma s\u00fcresi\" \/>\n\t<meta name=\"twitter:data2\" content=\"1 dakika\" \/>\n<script type=\"application\/ld+json\" class=\"yoast-schema-graph\">{\"@context\":\"https:\\\/\\\/schema.org\",\"@graph\":[{\"@type\":\"Article\",\"@id\":\"https:\\\/\\\/memurunsesi.net\\\/index.php\\\/2025\\\/10\\\/07\\\/sanliurfada-saman-yuklu-tir-alev-alev-yandi-2\\\/#article\",\"isPartOf\":{\"@id\":\"https:\\\/\\\/memurunsesi.net\\\/index.php\\\/2025\\\/10\\\/07\\\/sanliurfada-saman-yuklu-tir-alev-alev-yandi-2\\\/\"},\"author\":{\"name\":\"Memurun Sesi Haber Merkezi\",\"@id\":\"https:\\\/\\\/memurunsesi.net\\\/#\\\/schema\\\/person\\\/f21c2d73b89f6ee1d80b0a1803e38587\"},\"headline\":\"\u015eanl\u0131urfa&#8217;da saman y\u00fckl\u00fc t\u0131r alev alev yand\u0131\",\"datePublished\":\"2025-10-07T04:48:38+00:00\",\"mainEntityOfPage\":{\"@id\":\"https:\\\/\\\/memurunsesi.net\\\/index.php\\\/2025\\\/10\\\/07\\\/sanliurfada-saman-yuklu-tir-alev-alev-yandi-2\\\/\"},\"wordCount\":114,\"commentCount\":0,\"publisher\":{\"@id\":\"https:\\\/\\\/memurunsesi.net\\\/#organization\"},\"image\":{\"@id\":\"https:\\\/\\\/memurunsesi.net\\\/index.php\\\/2025\\\/10\\\/07\\\/sanliurfada-saman-yuklu-tir-alev-alev-yandi-2\\\/#primaryimage\"},\"thumbnailUrl\":\"https:\\\/\\\/memurunsesi.net\\\/wp-content\\\/uploads\\\/2025\\\/10\\\/AW553275_01.jpg\",\"inLanguage\":\"tr\",\"potentialAction\":[{\"@type\":\"CommentAction\",\"name\":\"Comment\",\"target\":[\"https:\\\/\\\/memurunsesi.net\\\/index.php\\\/2025\\\/10\\\/07\\\/sanliurfada-saman-yuklu-tir-alev-alev-yandi-2\\\/#respond\"]}]},{\"@type\":\"WebPage\",\"@id\":\"https:\\\/\\\/memurunsesi.net\\\/index.php\\\/2025\\\/10\\\/07\\\/sanliurfada-saman-yuklu-tir-alev-alev-yandi-2\\\/\",\"url\":\"https:\\\/\\\/memurunsesi.net\\\/index.php\\\/2025\\\/10\\\/07\\\/sanliurfada-saman-yuklu-tir-alev-alev-yandi-2\\\/\",\"name\":\"\u015eanl\u0131urfa'da saman y\u00fckl\u00fc t\u0131r alev alev yand\u0131 - Memurun Sesi\",\"isPartOf\":{\"@id\":\"https:\\\/\\\/memurunsesi.net\\\/#website\"},\"primaryImageOfPage\":{\"@id\":\"https:\\\/\\\/memurunsesi.net\\\/index.php\\\/2025\\\/10\\\/07\\\/sanliurfada-saman-yuklu-tir-alev-alev-yandi-2\\\/#primaryimage\"},\"image\":{\"@id\":\"https:\\\/\\\/memurunsesi.net\\\/index.php\\\/2025\\\/10\\\/07\\\/sanliurfada-saman-yuklu-tir-alev-alev-yandi-2\\\/#primaryimage\"},\"thumbnailUrl\":\"https:\\\/\\\/memurunsesi.net\\\/wp-content\\\/uploads\\\/2025\\\/10\\\/AW553275_01.jpg\",\"datePublished\":\"2025-10-07T04:48:38+00:00\",\"breadcrumb\":{\"@id\":\"https:\\\/\\\/memurunsesi.net\\\/index.php\\\/2025\\\/10\\\/07\\\/sanliurfada-saman-yuklu-tir-alev-alev-yandi-2\\\/#breadcrumb\"},\"inLanguage\":\"tr\",\"potentialAction\":[{\"@type\":\"ReadAction\",\"target\":[\"https:\\\/\\\/memurunsesi.net\\\/index.php\\\/2025\\\/10\\\/07\\\/sanliurfada-saman-yuklu-tir-alev-alev-yandi-2\\\/\"]}]},{\"@type\":\"ImageObject\",\"inLanguage\":\"tr\",\"@id\":\"https:\\\/\\\/memurunsesi.net\\\/index.php\\\/2025\\\/10\\\/07\\\/sanliurfada-saman-yuklu-tir-alev-alev-yandi-2\\\/#primaryimage\",\"url\":\"https:\\\/\\\/memurunsesi.net\\\/wp-content\\\/uploads\\\/2025\\\/10\\\/AW553275_01.jpg\",\"contentUrl\":\"https:\\\/\\\/memurunsesi.net\\\/wp-content\\\/uploads\\\/2025\\\/10\\\/AW553275_01.jpg\",\"width\":1536,\"height\":2048,\"caption\":\"\u015eANLIURFA'DA SAMAN Y\u00dcKL\u00dc TIR ALEV ALEV YANDI (ENVER ZENC\u0130RC\u0130\\\/\u015eANLIURFA-\u0130HA) \u015eanl\u0131urfa'da alev alan saman y\u00fckl\u00fc t\u0131r kullan\u0131lamaz hale geldi.\"},{\"@type\":\"BreadcrumbList\",\"@id\":\"https:\\\/\\\/memurunsesi.net\\\/index.php\\\/2025\\\/10\\\/07\\\/sanliurfada-saman-yuklu-tir-alev-alev-yandi-2\\\/#breadcrumb\",\"itemListElement\":[{\"@type\":\"ListItem\",\"position\":1,\"name\":\"Anasayfa\",\"item\":\"https:\\\/\\\/memurunsesi.net\\\/\"},{\"@type\":\"ListItem\",\"position\":2,\"name\":\"\u015eanl\u0131urfa&#8217;da saman y\u00fckl\u00fc t\u0131r alev alev yand\u0131\"}]},{\"@type\":\"WebSite\",\"@id\":\"https:\\\/\\\/memurunsesi.net\\\/#website\",\"url\":\"https:\\\/\\\/memurunsesi.net\\\/\",\"name\":\"Memurun Sesi\",\"description\":\"G\u00fcncel ve Do\u011fru Haber\",\"publisher\":{\"@id\":\"https:\\\/\\\/memurunsesi.net\\\/#organization\"},\"potentialAction\":[{\"@type\":\"SearchAction\",\"target\":{\"@type\":\"EntryPoint\",\"urlTemplate\":\"https:\\\/\\\/memurunsesi.net\\\/?s={search_term_string}\"},\"query-input\":{\"@type\":\"PropertyValueSpecification\",\"valueRequired\":true,\"valueName\":\"search_term_string\"}}],\"inLanguage\":\"tr\"},{\"@type\":\"Organization\",\"@id\":\"https:\\\/\\\/memurunsesi.net\\\/#organization\",\"name\":\"Memurun Sesi\",\"url\":\"https:\\\/\\\/memurunsesi.net\\\/\",\"logo\":{\"@type\":\"ImageObject\",\"inLanguage\":\"tr\",\"@id\":\"https:\\\/\\\/memurunsesi.net\\\/#\\\/schema\\\/logo\\\/image\\\/\",\"url\":\"https:\\\/\\\/memurunsesi.net\\\/wp-content\\\/uploads\\\/2025\\\/11\\\/cropped-MEMURUN-SESI.png\",\"contentUrl\":\"https:\\\/\\\/memurunsesi.net\\\/wp-content\\\/uploads\\\/2025\\\/11\\\/cropped-MEMURUN-SESI.png\",\"width\":238,\"height\":57,\"caption\":\"Memurun Sesi\"},\"image\":{\"@id\":\"https:\\\/\\\/memurunsesi.net\\\/#\\\/schema\\\/logo\\\/image\\\/\"},\"sameAs\":[\"https:\\\/\\\/www.facebook.com\\\/unipersen\\\/?locale=tr_TR\",\"https:\\\/\\\/x.com\\\/unipersen\"]},{\"@type\":\"Person\",\"@id\":\"https:\\\/\\\/memurunsesi.net\\\/#\\\/schema\\\/person\\\/f21c2d73b89f6ee1d80b0a1803e38587\",\"name\":\"Memurun Sesi Haber Merkezi\",\"image\":{\"@type\":\"ImageObject\",\"inLanguage\":\"tr\",\"@id\":\"https:\\\/\\\/secure.gravatar.com\\\/avatar\\\/6cf0505f452ee753f485014986fab09a434671d2b919ee76fc541025c5876a70?s=96&d=mm&r=g\",\"url\":\"https:\\\/\\\/secure.gravatar.com\\\/avatar\\\/6cf0505f452ee753f485014986fab09a434671d2b919ee76fc541025c5876a70?s=96&d=mm&r=g\",\"contentUrl\":\"https:\\\/\\\/secure.gravatar.com\\\/avatar\\\/6cf0505f452ee753f485014986fab09a434671d2b919ee76fc541025c5876a70?s=96&d=mm&r=g\",\"caption\":\"Memurun Sesi Haber Merkezi\"},\"sameAs\":[\"https:\\\/\\\/memurunsesi.net\"],\"url\":\"https:\\\/\\\/memurunsesi.net\\\/index.php\\\/author\\\/uniper\\\/\"}]}<\/script>\n<!-- \/ Yoast SEO plugin. -->","yoast_head_json":{"title":"\u015eanl\u0131urfa'da saman y\u00fckl\u00fc t\u0131r alev alev yand\u0131 - Memurun Sesi","robots":{"index":"index","follow":"follow","max-snippet":"max-snippet:-1","max-image-preview":"max-image-preview:large","max-video-preview":"max-video-preview:-1"},"canonical":"https:\/\/memurunsesi.net\/index.php\/2025\/10\/07\/sanliurfada-saman-yuklu-tir-alev-alev-yandi-2\/","og_locale":"tr_TR","og_type":"article","og_title":"\u015eanl\u0131urfa'da saman y\u00fckl\u00fc t\u0131r alev alev yand\u0131 - Memurun Sesi","og_description":"\u015eanl\u0131urfa&#8217;da alev alan saman y\u00fckl\u00fc t\u0131r kullan\u0131lamaz hale geldi. Edinilen bilgiye g\u00f6re olay, Viran\u015fehir-\u015eanl\u0131urfa karayolunda meydana geldi. Plakas\u0131 ve s\u00fcr\u00fcc\u00fcs\u00fc belirlenemeyen t\u0131r, seyir halindeyken bir anda alev ald\u0131. Yang\u0131n\u0131 fark eden s\u00fcr\u00fcc\u00fc arac\u0131 yol kenar\u0131na \u00e7ekerek durumu itfaiye ekiplerine bildirdi. Olay yerine ula\u015fan itfaiye ekiplerinin \u00e7al\u0131\u015fmas\u0131 sonucu yang\u0131n kontrol alt\u0131na al\u0131nd\u0131. \u00d6l\u00fc ve yaral\u0131n\u0131n olmad\u0131\u011f\u0131 [&hellip;]","og_url":"https:\/\/memurunsesi.net\/index.php\/2025\/10\/07\/sanliurfada-saman-yuklu-tir-alev-alev-yandi-2\/","og_site_name":"Memurun Sesi","article_publisher":"https:\/\/www.facebook.com\/unipersen\/?locale=tr_TR","article_published_time":"2025-10-07T04:48:38+00:00","og_image":[{"width":1536,"height":2048,"url":"https:\/\/memurunsesi.net\/wp-content\/uploads\/2025\/10\/AW553275_01.jpg","type":"image\/jpeg"}],"author":"Memurun Sesi Haber Merkezi","twitter_card":"summary_large_image","twitter_creator":"@unipersen","twitter_site":"@unipersen","twitter_misc":{"Yazan:":"Memurun Sesi Haber Merkezi","Tahmini okuma s\u00fcresi":"1 dakika"},"schema":{"@context":"https:\/\/schema.org","@graph":[{"@type":"Article","@id":"https:\/\/memurunsesi.net\/index.php\/2025\/10\/07\/sanliurfada-saman-yuklu-tir-alev-alev-yandi-2\/#article","isPartOf":{"@id":"https:\/\/memurunsesi.net\/index.php\/2025\/10\/07\/sanliurfada-saman-yuklu-tir-alev-alev-yandi-2\/"},"author":{"name":"Memurun Sesi Haber Merkezi","@id":"https:\/\/memurunsesi.net\/#\/schema\/person\/f21c2d73b89f6ee1d80b0a1803e38587"},"headline":"\u015eanl\u0131urfa&#8217;da saman y\u00fckl\u00fc t\u0131r alev alev yand\u0131","datePublished":"2025-10-07T04:48:38+00:00","mainEntityOfPage":{"@id":"https:\/\/memurunsesi.net\/index.php\/2025\/10\/07\/sanliurfada-saman-yuklu-tir-alev-alev-yandi-2\/"},"wordCount":114,"commentCount":0,"publisher":{"@id":"https:\/\/memurunsesi.net\/#organization"},"image":{"@id":"https:\/\/memurunsesi.net\/index.php\/2025\/10\/07\/sanliurfada-saman-yuklu-tir-alev-alev-yandi-2\/#primaryimage"},"thumbnailUrl":"https:\/\/memurunsesi.net\/wp-content\/uploads\/2025\/10\/AW553275_01.jpg","inLanguage":"tr","potentialAction":[{"@type":"CommentAction","name":"Comment","target":["https:\/\/memurunsesi.net\/index.php\/2025\/10\/07\/sanliurfada-saman-yuklu-tir-alev-alev-yandi-2\/#respond"]}]},{"@type":"WebPage","@id":"https:\/\/memurunsesi.net\/index.php\/2025\/10\/07\/sanliurfada-saman-yuklu-tir-alev-alev-yandi-2\/","url":"https:\/\/memurunsesi.net\/index.php\/2025\/10\/07\/sanliurfada-saman-yuklu-tir-alev-alev-yandi-2\/","name":"\u015eanl\u0131urfa'da saman y\u00fckl\u00fc t\u0131r alev alev yand\u0131 - Memurun Sesi","isPartOf":{"@id":"https:\/\/memurunsesi.net\/#website"},"primaryImageOfPage":{"@id":"https:\/\/memurunsesi.net\/index.php\/2025\/10\/07\/sanliurfada-saman-yuklu-tir-alev-alev-yandi-2\/#primaryimage"},"image":{"@id":"https:\/\/memurunsesi.net\/index.php\/2025\/10\/07\/sanliurfada-saman-yuklu-tir-alev-alev-yandi-2\/#primaryimage"},"thumbnailUrl":"https:\/\/memurunsesi.net\/wp-content\/uploads\/2025\/10\/AW553275_01.jpg","datePublished":"2025-10-07T04:48:38+00:00","breadcrumb":{"@id":"https:\/\/memurunsesi.net\/index.php\/2025\/10\/07\/sanliurfada-saman-yuklu-tir-alev-alev-yandi-2\/#breadcrumb"},"inLanguage":"tr","potentialAction":[{"@type":"ReadAction","target":["https:\/\/memurunsesi.net\/index.php\/2025\/10\/07\/sanliurfada-saman-yuklu-tir-alev-alev-yandi-2\/"]}]},{"@type":"ImageObject","inLanguage":"tr","@id":"https:\/\/memurunsesi.net\/index.php\/2025\/10\/07\/sanliurfada-saman-yuklu-tir-alev-alev-yandi-2\/#primaryimage","url":"https:\/\/memurunsesi.net\/wp-content\/uploads\/2025\/10\/AW553275_01.jpg","contentUrl":"https:\/\/memurunsesi.net\/wp-content\/uploads\/2025\/10\/AW553275_01.jpg","width":1536,"height":2048,"caption":"\u015eANLIURFA'DA SAMAN Y\u00dcKL\u00dc TIR ALEV ALEV YANDI (ENVER ZENC\u0130RC\u0130\/\u015eANLIURFA-\u0130HA) \u015eanl\u0131urfa'da alev alan saman y\u00fckl\u00fc t\u0131r kullan\u0131lamaz hale geldi."},{"@type":"BreadcrumbList","@id":"https:\/\/memurunsesi.net\/index.php\/2025\/10\/07\/sanliurfada-saman-yuklu-tir-alev-alev-yandi-2\/#breadcrumb","itemListElement":[{"@type":"ListItem","position":1,"name":"Anasayfa","item":"https:\/\/memurunsesi.net\/"},{"@type":"ListItem","position":2,"name":"\u015eanl\u0131urfa&#8217;da saman y\u00fckl\u00fc t\u0131r alev alev yand\u0131"}]},{"@type":"WebSite","@id":"https:\/\/memurunsesi.net\/#website","url":"https:\/\/memurunsesi.net\/","name":"Memurun Sesi","description":"G\u00fcncel ve Do\u011fru Haber","publisher":{"@id":"https:\/\/memurunsesi.net\/#organization"},"potentialAction":[{"@type":"SearchAction","target":{"@type":"EntryPoint","urlTemplate":"https:\/\/memurunsesi.net\/?s={search_term_string}"},"query-input":{"@type":"PropertyValueSpecification","valueRequired":true,"valueName":"search_term_string"}}],"inLanguage":"tr"},{"@type":"Organization","@id":"https:\/\/memurunsesi.net\/#organization","name":"Memurun Sesi","url":"https:\/\/memurunsesi.net\/","logo":{"@type":"ImageObject","inLanguage":"tr","@id":"https:\/\/memurunsesi.net\/#\/schema\/logo\/image\/","url":"https:\/\/memurunsesi.net\/wp-content\/uploads\/2025\/11\/cropped-MEMURUN-SESI.png","contentUrl":"https:\/\/memurunsesi.net\/wp-content\/uploads\/2025\/11\/cropped-MEMURUN-SESI.png","width":238,"height":57,"caption":"Memurun Sesi"},"image":{"@id":"https:\/\/memurunsesi.net\/#\/schema\/logo\/image\/"},"sameAs":["https:\/\/www.facebook.com\/unipersen\/?locale=tr_TR","https:\/\/x.com\/unipersen"]},{"@type":"Person","@id":"https:\/\/memurunsesi.net\/#\/schema\/person\/f21c2d73b89f6ee1d80b0a1803e38587","name":"Memurun Sesi Haber Merkezi","image":{"@type":"ImageObject","inLanguage":"tr","@id":"https:\/\/secure.gravatar.com\/avatar\/6cf0505f452ee753f485014986fab09a434671d2b919ee76fc541025c5876a70?s=96&d=mm&r=g","url":"https:\/\/secure.gravatar.com\/avatar\/6cf0505f452ee753f485014986fab09a434671d2b919ee76fc541025c5876a70?s=96&d=mm&r=g","contentUrl":"https:\/\/secure.gravatar.com\/avatar\/6cf0505f452ee753f485014986fab09a434671d2b919ee76fc541025c5876a70?s=96&d=mm&r=g","caption":"Memurun Sesi Haber Merkezi"},"sameAs":["https:\/\/memurunsesi.net"],"url":"https:\/\/memurunsesi.net\/index.php\/author\/uniper\/"}]}},"_links":{"self":[{"href":"https:\/\/memurunsesi.net\/index.php\/wp-json\/wp\/v2\/posts\/12639","targetHints":{"allow":["GET"]}}],"collection":[{"href":"https:\/\/memurunsesi.net\/index.php\/wp-json\/wp\/v2\/posts"}],"about":[{"href":"https:\/\/memurunsesi.net\/index.php\/wp-json\/wp\/v2\/types\/post"}],"author":[{"embeddable":true,"href":"https:\/\/memurunsesi.net\/index.php\/wp-json\/wp\/v2\/users\/1"}],"replies":[{"embeddable":true,"href":"https:\/\/memurunsesi.net\/index.php\/wp-json\/wp\/v2\/comments?post=12639"}],"version-history":[{"count":1,"href":"https:\/\/memurunsesi.net\/index.php\/wp-json\/wp\/v2\/posts\/12639\/revisions"}],"predecessor-version":[{"id":12641,"href":"https:\/\/memurunsesi.net\/index.php\/wp-json\/wp\/v2\/posts\/12639\/revisions\/12641"}],"wp:featuredmedia":[{"embeddable":true,"href":"https:\/\/memurunsesi.net\/index.php\/wp-json\/wp\/v2\/media\/12640"}],"wp:attachment":[{"href":"https:\/\/memurunsesi.net\/index.php\/wp-json\/wp\/v2\/media?parent=12639"}],"wp:term":[{"taxonomy":"category","embeddable":true,"href":"https:\/\/memurunsesi.net\/index.php\/wp-json\/wp\/v2\/categories?post=12639"},{"taxonomy":"post_tag","embeddable":true,"href":"https:\/\/memurunsesi.net\/index.php\/wp-json\/wp\/v2\/tags?post=12639"}],"curies":[{"name":"wp","href":"https:\/\/api.w.org\/{rel}","templated":true}]}}