{"id":12648,"date":"2025-10-08T08:06:01","date_gmt":"2025-10-08T05:06:01","guid":{"rendered":"https:\/\/memurunsesi.net\/?p=12648"},"modified":"2025-10-08T08:06:01","modified_gmt":"2025-10-08T05:06:01","slug":"aracin-fan-ve-klima-duzeneginin-icerisinde-11-duzensiz-gocmen-cikti","status":"publish","type":"post","link":"https:\/\/memurunsesi.net\/index.php\/2025\/10\/08\/aracin-fan-ve-klima-duzeneginin-icerisinde-11-duzensiz-gocmen-cikti\/","title":{"rendered":"Arac\u0131n fan ve klima d\u00fczene\u011finin i\u00e7erisinde 11 d\u00fczensiz g\u00f6\u00e7men \u00e7\u0131kt\u0131"},"content":{"rendered":"<p>   Diyarbak\u0131r&#8217;da d\u00fczenlenen operasyonda, kamyonetin fan ve klima d\u00fczene\u011finin i\u00e7erisinde 11 d\u00fczensiz g\u00f6\u00e7men yakaland\u0131.<br \/>\nDiyarbak\u0131r G\u00f6\u00e7men Ka\u00e7ak\u00e7\u0131l\u0131\u011f\u0131yla M\u00fccadele ve Hudut Kap\u0131lar\u0131 \u015eube M\u00fcd\u00fcrl\u00fc\u011f\u00fc taraf\u0131ndan 1 Ekim 2025&#8217;te kamyonet tipi ara\u00e7 i\u00e7erisinde yap\u0131lan aramada fan ve klima d\u00fczene\u011finin bulundu\u011fu gizli b\u00f6lme tespit edildi. Gizli b\u00f6lmeden 11 Afganistan uyruklu d\u00fczensiz g\u00f6\u00e7men yakalan\u0131rken araca el konuldu. G\u00f6\u00e7men ka\u00e7ak\u00e7\u0131l\u0131\u011f\u0131 su\u00e7unu i\u015fledi\u011fi tespit edilen 2 \u00e7\u0131kar\u0131ld\u0131klar\u0131 adli makamlarca tutuklanarak cezaevine g\u00f6nderildi.<br \/>\n  Yakalanan 11 Afganistan uyruklu d\u00fczensiz g\u00f6\u00e7men, s\u0131n\u0131r d\u0131\u015f\u0131 edilmek \u00fczere \u015eanl\u0131urfa Geri G\u00f6nderme Merkezine teslim edildi. <\/p>\n<p>8.10.2025                                  <\/p>\n","protected":false},"excerpt":{"rendered":"<p>Diyarbak\u0131r&#8217;da d\u00fczenlenen operasyonda, kamyonetin fan ve klima d\u00fczene\u011finin i\u00e7erisinde 11 d\u00fczensiz g\u00f6\u00e7men yakaland\u0131. Diyarbak\u0131r G\u00f6\u00e7men Ka\u00e7ak\u00e7\u0131l\u0131\u011f\u0131yla M\u00fccadele ve Hudut Kap\u0131lar\u0131 \u015eube M\u00fcd\u00fcrl\u00fc\u011f\u00fc taraf\u0131ndan 1 Ekim 2025&#8217;te kamyonet tipi ara\u00e7 i\u00e7erisinde yap\u0131lan aramada fan ve klima d\u00fczene\u011finin bulundu\u011fu gizli b\u00f6lme tespit edildi. Gizli b\u00f6lmeden 11 Afganistan uyruklu d\u00fczensiz g\u00f6\u00e7men yakalan\u0131rken araca el konuldu. G\u00f6\u00e7men ka\u00e7ak\u00e7\u0131l\u0131\u011f\u0131 su\u00e7unu [&hellip;]<\/p>\n","protected":false},"author":1,"featured_media":12649,"comment_status":"open","ping_status":"open","sticky":false,"template":"","format":"standard","meta":{"footnotes":""},"categories":[50],"tags":[],"class_list":["post-12648","post","type-post","status-publish","format-standard","has-post-thumbnail","hentry","category-tum-haberler"],"yoast_head":"<!-- This site is optimized with the Yoast SEO plugin v27.4 - https:\/\/yoast.com\/product\/yoast-seo-wordpress\/ -->\n<title>Arac\u0131n fan ve klima d\u00fczene\u011finin i\u00e7erisinde 11 d\u00fczensiz g\u00f6\u00e7men \u00e7\u0131kt\u0131 - Memurun Sesi<\/title>\n<meta name=\"robots\" content=\"index, follow, max-snippet:-1, max-image-preview:large, max-video-preview:-1\" \/>\n<link rel=\"canonical\" href=\"https:\/\/memurunsesi.net\/index.php\/2025\/10\/08\/aracin-fan-ve-klima-duzeneginin-icerisinde-11-duzensiz-gocmen-cikti\/\" \/>\n<meta property=\"og:locale\" content=\"tr_TR\" \/>\n<meta property=\"og:type\" content=\"article\" \/>\n<meta property=\"og:title\" content=\"Arac\u0131n fan ve klima d\u00fczene\u011finin i\u00e7erisinde 11 d\u00fczensiz g\u00f6\u00e7men \u00e7\u0131kt\u0131 - Memurun Sesi\" \/>\n<meta property=\"og:description\" content=\"Diyarbak\u0131r&#8217;da d\u00fczenlenen operasyonda, kamyonetin fan ve klima d\u00fczene\u011finin i\u00e7erisinde 11 d\u00fczensiz g\u00f6\u00e7men yakaland\u0131. Diyarbak\u0131r G\u00f6\u00e7men Ka\u00e7ak\u00e7\u0131l\u0131\u011f\u0131yla M\u00fccadele ve Hudut Kap\u0131lar\u0131 \u015eube M\u00fcd\u00fcrl\u00fc\u011f\u00fc taraf\u0131ndan 1 Ekim 2025&#8217;te kamyonet tipi ara\u00e7 i\u00e7erisinde yap\u0131lan aramada fan ve klima d\u00fczene\u011finin bulundu\u011fu gizli b\u00f6lme tespit edildi. Gizli b\u00f6lmeden 11 Afganistan uyruklu d\u00fczensiz g\u00f6\u00e7men yakalan\u0131rken araca el konuldu. G\u00f6\u00e7men ka\u00e7ak\u00e7\u0131l\u0131\u011f\u0131 su\u00e7unu [&hellip;]\" \/>\n<meta property=\"og:url\" content=\"https:\/\/memurunsesi.net\/index.php\/2025\/10\/08\/aracin-fan-ve-klima-duzeneginin-icerisinde-11-duzensiz-gocmen-cikti\/\" \/>\n<meta property=\"og:site_name\" content=\"Memurun Sesi\" \/>\n<meta property=\"article:publisher\" content=\"https:\/\/www.facebook.com\/unipersen\/?locale=tr_TR\" \/>\n<meta property=\"article:published_time\" content=\"2025-10-08T05:06:01+00:00\" \/>\n<meta property=\"og:image\" content=\"https:\/\/memurunsesi.net\/wp-content\/uploads\/2025\/10\/AW554140_01.jpg\" \/>\n\t<meta property=\"og:image:width\" content=\"406\" \/>\n\t<meta property=\"og:image:height\" content=\"712\" \/>\n\t<meta property=\"og:image:type\" content=\"image\/jpeg\" \/>\n<meta name=\"author\" content=\"Memurun Sesi Haber Merkezi\" \/>\n<meta name=\"twitter:card\" content=\"summary_large_image\" \/>\n<meta name=\"twitter:creator\" content=\"@unipersen\" \/>\n<meta name=\"twitter:site\" content=\"@unipersen\" \/>\n<meta name=\"twitter:label1\" content=\"Yazan:\" \/>\n\t<meta name=\"twitter:data1\" content=\"Memurun Sesi Haber Merkezi\" \/>\n\t<meta name=\"twitter:label2\" content=\"Tahmini okuma s\u00fcresi\" \/>\n\t<meta name=\"twitter:data2\" content=\"1 dakika\" \/>\n<script type=\"application\/ld+json\" class=\"yoast-schema-graph\">{\"@context\":\"https:\\\/\\\/schema.org\",\"@graph\":[{\"@type\":\"Article\",\"@id\":\"https:\\\/\\\/memurunsesi.net\\\/index.php\\\/2025\\\/10\\\/08\\\/aracin-fan-ve-klima-duzeneginin-icerisinde-11-duzensiz-gocmen-cikti\\\/#article\",\"isPartOf\":{\"@id\":\"https:\\\/\\\/memurunsesi.net\\\/index.php\\\/2025\\\/10\\\/08\\\/aracin-fan-ve-klima-duzeneginin-icerisinde-11-duzensiz-gocmen-cikti\\\/\"},\"author\":{\"name\":\"Memurun Sesi Haber Merkezi\",\"@id\":\"https:\\\/\\\/memurunsesi.net\\\/#\\\/schema\\\/person\\\/f21c2d73b89f6ee1d80b0a1803e38587\"},\"headline\":\"Arac\u0131n fan ve klima d\u00fczene\u011finin i\u00e7erisinde 11 d\u00fczensiz g\u00f6\u00e7men \u00e7\u0131kt\u0131\",\"datePublished\":\"2025-10-08T05:06:01+00:00\",\"mainEntityOfPage\":{\"@id\":\"https:\\\/\\\/memurunsesi.net\\\/index.php\\\/2025\\\/10\\\/08\\\/aracin-fan-ve-klima-duzeneginin-icerisinde-11-duzensiz-gocmen-cikti\\\/\"},\"wordCount\":134,\"commentCount\":0,\"publisher\":{\"@id\":\"https:\\\/\\\/memurunsesi.net\\\/#organization\"},\"image\":{\"@id\":\"https:\\\/\\\/memurunsesi.net\\\/index.php\\\/2025\\\/10\\\/08\\\/aracin-fan-ve-klima-duzeneginin-icerisinde-11-duzensiz-gocmen-cikti\\\/#primaryimage\"},\"thumbnailUrl\":\"https:\\\/\\\/memurunsesi.net\\\/wp-content\\\/uploads\\\/2025\\\/10\\\/AW554140_01.jpg\",\"articleSection\":[\"T\u00fcm Haberler\"],\"inLanguage\":\"tr\",\"potentialAction\":[{\"@type\":\"CommentAction\",\"name\":\"Comment\",\"target\":[\"https:\\\/\\\/memurunsesi.net\\\/index.php\\\/2025\\\/10\\\/08\\\/aracin-fan-ve-klima-duzeneginin-icerisinde-11-duzensiz-gocmen-cikti\\\/#respond\"]}]},{\"@type\":\"WebPage\",\"@id\":\"https:\\\/\\\/memurunsesi.net\\\/index.php\\\/2025\\\/10\\\/08\\\/aracin-fan-ve-klima-duzeneginin-icerisinde-11-duzensiz-gocmen-cikti\\\/\",\"url\":\"https:\\\/\\\/memurunsesi.net\\\/index.php\\\/2025\\\/10\\\/08\\\/aracin-fan-ve-klima-duzeneginin-icerisinde-11-duzensiz-gocmen-cikti\\\/\",\"name\":\"Arac\u0131n fan ve klima d\u00fczene\u011finin i\u00e7erisinde 11 d\u00fczensiz g\u00f6\u00e7men \u00e7\u0131kt\u0131 - Memurun Sesi\",\"isPartOf\":{\"@id\":\"https:\\\/\\\/memurunsesi.net\\\/#website\"},\"primaryImageOfPage\":{\"@id\":\"https:\\\/\\\/memurunsesi.net\\\/index.php\\\/2025\\\/10\\\/08\\\/aracin-fan-ve-klima-duzeneginin-icerisinde-11-duzensiz-gocmen-cikti\\\/#primaryimage\"},\"image\":{\"@id\":\"https:\\\/\\\/memurunsesi.net\\\/index.php\\\/2025\\\/10\\\/08\\\/aracin-fan-ve-klima-duzeneginin-icerisinde-11-duzensiz-gocmen-cikti\\\/#primaryimage\"},\"thumbnailUrl\":\"https:\\\/\\\/memurunsesi.net\\\/wp-content\\\/uploads\\\/2025\\\/10\\\/AW554140_01.jpg\",\"datePublished\":\"2025-10-08T05:06:01+00:00\",\"breadcrumb\":{\"@id\":\"https:\\\/\\\/memurunsesi.net\\\/index.php\\\/2025\\\/10\\\/08\\\/aracin-fan-ve-klima-duzeneginin-icerisinde-11-duzensiz-gocmen-cikti\\\/#breadcrumb\"},\"inLanguage\":\"tr\",\"potentialAction\":[{\"@type\":\"ReadAction\",\"target\":[\"https:\\\/\\\/memurunsesi.net\\\/index.php\\\/2025\\\/10\\\/08\\\/aracin-fan-ve-klima-duzeneginin-icerisinde-11-duzensiz-gocmen-cikti\\\/\"]}]},{\"@type\":\"ImageObject\",\"inLanguage\":\"tr\",\"@id\":\"https:\\\/\\\/memurunsesi.net\\\/index.php\\\/2025\\\/10\\\/08\\\/aracin-fan-ve-klima-duzeneginin-icerisinde-11-duzensiz-gocmen-cikti\\\/#primaryimage\",\"url\":\"https:\\\/\\\/memurunsesi.net\\\/wp-content\\\/uploads\\\/2025\\\/10\\\/AW554140_01.jpg\",\"contentUrl\":\"https:\\\/\\\/memurunsesi.net\\\/wp-content\\\/uploads\\\/2025\\\/10\\\/AW554140_01.jpg\",\"width\":406,\"height\":712,\"caption\":\"ARACIN FAN VE KL\u0130MA D\u00dcZENE\u011e\u0130N\u0130N \u0130\u00c7ER\u0130S\u0130NDE 11 D\u00dcZENS\u0130Z G\u00d6\u00c7MEN \u00c7IKTI (HASAN DAYAN - REMZ\u0130YE YAVUZ YILMAZ\\\/D\u0130YARBAKIR-\u0130HA) Diyarbak\u0131r'da d\u00fczenlenen operasyonda, kamyonetin fan ve klima d\u00fczene\u011finin i\u00e7erisinde 11 d\u00fczensiz g\u00f6\u00e7men yakaland\u0131.\"},{\"@type\":\"BreadcrumbList\",\"@id\":\"https:\\\/\\\/memurunsesi.net\\\/index.php\\\/2025\\\/10\\\/08\\\/aracin-fan-ve-klima-duzeneginin-icerisinde-11-duzensiz-gocmen-cikti\\\/#breadcrumb\",\"itemListElement\":[{\"@type\":\"ListItem\",\"position\":1,\"name\":\"Anasayfa\",\"item\":\"https:\\\/\\\/memurunsesi.net\\\/\"},{\"@type\":\"ListItem\",\"position\":2,\"name\":\"Arac\u0131n fan ve klima d\u00fczene\u011finin i\u00e7erisinde 11 d\u00fczensiz g\u00f6\u00e7men \u00e7\u0131kt\u0131\"}]},{\"@type\":\"WebSite\",\"@id\":\"https:\\\/\\\/memurunsesi.net\\\/#website\",\"url\":\"https:\\\/\\\/memurunsesi.net\\\/\",\"name\":\"Memurun Sesi\",\"description\":\"G\u00fcncel ve Do\u011fru Haber\",\"publisher\":{\"@id\":\"https:\\\/\\\/memurunsesi.net\\\/#organization\"},\"potentialAction\":[{\"@type\":\"SearchAction\",\"target\":{\"@type\":\"EntryPoint\",\"urlTemplate\":\"https:\\\/\\\/memurunsesi.net\\\/?s={search_term_string}\"},\"query-input\":{\"@type\":\"PropertyValueSpecification\",\"valueRequired\":true,\"valueName\":\"search_term_string\"}}],\"inLanguage\":\"tr\"},{\"@type\":\"Organization\",\"@id\":\"https:\\\/\\\/memurunsesi.net\\\/#organization\",\"name\":\"Memurun Sesi\",\"url\":\"https:\\\/\\\/memurunsesi.net\\\/\",\"logo\":{\"@type\":\"ImageObject\",\"inLanguage\":\"tr\",\"@id\":\"https:\\\/\\\/memurunsesi.net\\\/#\\\/schema\\\/logo\\\/image\\\/\",\"url\":\"https:\\\/\\\/memurunsesi.net\\\/wp-content\\\/uploads\\\/2025\\\/11\\\/cropped-MEMURUN-SESI.png\",\"contentUrl\":\"https:\\\/\\\/memurunsesi.net\\\/wp-content\\\/uploads\\\/2025\\\/11\\\/cropped-MEMURUN-SESI.png\",\"width\":238,\"height\":57,\"caption\":\"Memurun Sesi\"},\"image\":{\"@id\":\"https:\\\/\\\/memurunsesi.net\\\/#\\\/schema\\\/logo\\\/image\\\/\"},\"sameAs\":[\"https:\\\/\\\/www.facebook.com\\\/unipersen\\\/?locale=tr_TR\",\"https:\\\/\\\/x.com\\\/unipersen\"]},{\"@type\":\"Person\",\"@id\":\"https:\\\/\\\/memurunsesi.net\\\/#\\\/schema\\\/person\\\/f21c2d73b89f6ee1d80b0a1803e38587\",\"name\":\"Memurun Sesi Haber Merkezi\",\"image\":{\"@type\":\"ImageObject\",\"inLanguage\":\"tr\",\"@id\":\"https:\\\/\\\/secure.gravatar.com\\\/avatar\\\/6cf0505f452ee753f485014986fab09a434671d2b919ee76fc541025c5876a70?s=96&d=mm&r=g\",\"url\":\"https:\\\/\\\/secure.gravatar.com\\\/avatar\\\/6cf0505f452ee753f485014986fab09a434671d2b919ee76fc541025c5876a70?s=96&d=mm&r=g\",\"contentUrl\":\"https:\\\/\\\/secure.gravatar.com\\\/avatar\\\/6cf0505f452ee753f485014986fab09a434671d2b919ee76fc541025c5876a70?s=96&d=mm&r=g\",\"caption\":\"Memurun Sesi Haber Merkezi\"},\"sameAs\":[\"https:\\\/\\\/memurunsesi.net\"],\"url\":\"https:\\\/\\\/memurunsesi.net\\\/index.php\\\/author\\\/uniper\\\/\"}]}<\/script>\n<!-- \/ Yoast SEO plugin. -->","yoast_head_json":{"title":"Arac\u0131n fan ve klima d\u00fczene\u011finin i\u00e7erisinde 11 d\u00fczensiz g\u00f6\u00e7men \u00e7\u0131kt\u0131 - Memurun Sesi","robots":{"index":"index","follow":"follow","max-snippet":"max-snippet:-1","max-image-preview":"max-image-preview:large","max-video-preview":"max-video-preview:-1"},"canonical":"https:\/\/memurunsesi.net\/index.php\/2025\/10\/08\/aracin-fan-ve-klima-duzeneginin-icerisinde-11-duzensiz-gocmen-cikti\/","og_locale":"tr_TR","og_type":"article","og_title":"Arac\u0131n fan ve klima d\u00fczene\u011finin i\u00e7erisinde 11 d\u00fczensiz g\u00f6\u00e7men \u00e7\u0131kt\u0131 - Memurun Sesi","og_description":"Diyarbak\u0131r&#8217;da d\u00fczenlenen operasyonda, kamyonetin fan ve klima d\u00fczene\u011finin i\u00e7erisinde 11 d\u00fczensiz g\u00f6\u00e7men yakaland\u0131. Diyarbak\u0131r G\u00f6\u00e7men Ka\u00e7ak\u00e7\u0131l\u0131\u011f\u0131yla M\u00fccadele ve Hudut Kap\u0131lar\u0131 \u015eube M\u00fcd\u00fcrl\u00fc\u011f\u00fc taraf\u0131ndan 1 Ekim 2025&#8217;te kamyonet tipi ara\u00e7 i\u00e7erisinde yap\u0131lan aramada fan ve klima d\u00fczene\u011finin bulundu\u011fu gizli b\u00f6lme tespit edildi. Gizli b\u00f6lmeden 11 Afganistan uyruklu d\u00fczensiz g\u00f6\u00e7men yakalan\u0131rken araca el konuldu. G\u00f6\u00e7men ka\u00e7ak\u00e7\u0131l\u0131\u011f\u0131 su\u00e7unu [&hellip;]","og_url":"https:\/\/memurunsesi.net\/index.php\/2025\/10\/08\/aracin-fan-ve-klima-duzeneginin-icerisinde-11-duzensiz-gocmen-cikti\/","og_site_name":"Memurun Sesi","article_publisher":"https:\/\/www.facebook.com\/unipersen\/?locale=tr_TR","article_published_time":"2025-10-08T05:06:01+00:00","og_image":[{"width":406,"height":712,"url":"https:\/\/memurunsesi.net\/wp-content\/uploads\/2025\/10\/AW554140_01.jpg","type":"image\/jpeg"}],"author":"Memurun Sesi Haber Merkezi","twitter_card":"summary_large_image","twitter_creator":"@unipersen","twitter_site":"@unipersen","twitter_misc":{"Yazan:":"Memurun Sesi Haber Merkezi","Tahmini okuma s\u00fcresi":"1 dakika"},"schema":{"@context":"https:\/\/schema.org","@graph":[{"@type":"Article","@id":"https:\/\/memurunsesi.net\/index.php\/2025\/10\/08\/aracin-fan-ve-klima-duzeneginin-icerisinde-11-duzensiz-gocmen-cikti\/#article","isPartOf":{"@id":"https:\/\/memurunsesi.net\/index.php\/2025\/10\/08\/aracin-fan-ve-klima-duzeneginin-icerisinde-11-duzensiz-gocmen-cikti\/"},"author":{"name":"Memurun Sesi Haber Merkezi","@id":"https:\/\/memurunsesi.net\/#\/schema\/person\/f21c2d73b89f6ee1d80b0a1803e38587"},"headline":"Arac\u0131n fan ve klima d\u00fczene\u011finin i\u00e7erisinde 11 d\u00fczensiz g\u00f6\u00e7men \u00e7\u0131kt\u0131","datePublished":"2025-10-08T05:06:01+00:00","mainEntityOfPage":{"@id":"https:\/\/memurunsesi.net\/index.php\/2025\/10\/08\/aracin-fan-ve-klima-duzeneginin-icerisinde-11-duzensiz-gocmen-cikti\/"},"wordCount":134,"commentCount":0,"publisher":{"@id":"https:\/\/memurunsesi.net\/#organization"},"image":{"@id":"https:\/\/memurunsesi.net\/index.php\/2025\/10\/08\/aracin-fan-ve-klima-duzeneginin-icerisinde-11-duzensiz-gocmen-cikti\/#primaryimage"},"thumbnailUrl":"https:\/\/memurunsesi.net\/wp-content\/uploads\/2025\/10\/AW554140_01.jpg","articleSection":["T\u00fcm Haberler"],"inLanguage":"tr","potentialAction":[{"@type":"CommentAction","name":"Comment","target":["https:\/\/memurunsesi.net\/index.php\/2025\/10\/08\/aracin-fan-ve-klima-duzeneginin-icerisinde-11-duzensiz-gocmen-cikti\/#respond"]}]},{"@type":"WebPage","@id":"https:\/\/memurunsesi.net\/index.php\/2025\/10\/08\/aracin-fan-ve-klima-duzeneginin-icerisinde-11-duzensiz-gocmen-cikti\/","url":"https:\/\/memurunsesi.net\/index.php\/2025\/10\/08\/aracin-fan-ve-klima-duzeneginin-icerisinde-11-duzensiz-gocmen-cikti\/","name":"Arac\u0131n fan ve klima d\u00fczene\u011finin i\u00e7erisinde 11 d\u00fczensiz g\u00f6\u00e7men \u00e7\u0131kt\u0131 - Memurun Sesi","isPartOf":{"@id":"https:\/\/memurunsesi.net\/#website"},"primaryImageOfPage":{"@id":"https:\/\/memurunsesi.net\/index.php\/2025\/10\/08\/aracin-fan-ve-klima-duzeneginin-icerisinde-11-duzensiz-gocmen-cikti\/#primaryimage"},"image":{"@id":"https:\/\/memurunsesi.net\/index.php\/2025\/10\/08\/aracin-fan-ve-klima-duzeneginin-icerisinde-11-duzensiz-gocmen-cikti\/#primaryimage"},"thumbnailUrl":"https:\/\/memurunsesi.net\/wp-content\/uploads\/2025\/10\/AW554140_01.jpg","datePublished":"2025-10-08T05:06:01+00:00","breadcrumb":{"@id":"https:\/\/memurunsesi.net\/index.php\/2025\/10\/08\/aracin-fan-ve-klima-duzeneginin-icerisinde-11-duzensiz-gocmen-cikti\/#breadcrumb"},"inLanguage":"tr","potentialAction":[{"@type":"ReadAction","target":["https:\/\/memurunsesi.net\/index.php\/2025\/10\/08\/aracin-fan-ve-klima-duzeneginin-icerisinde-11-duzensiz-gocmen-cikti\/"]}]},{"@type":"ImageObject","inLanguage":"tr","@id":"https:\/\/memurunsesi.net\/index.php\/2025\/10\/08\/aracin-fan-ve-klima-duzeneginin-icerisinde-11-duzensiz-gocmen-cikti\/#primaryimage","url":"https:\/\/memurunsesi.net\/wp-content\/uploads\/2025\/10\/AW554140_01.jpg","contentUrl":"https:\/\/memurunsesi.net\/wp-content\/uploads\/2025\/10\/AW554140_01.jpg","width":406,"height":712,"caption":"ARACIN FAN VE KL\u0130MA D\u00dcZENE\u011e\u0130N\u0130N \u0130\u00c7ER\u0130S\u0130NDE 11 D\u00dcZENS\u0130Z G\u00d6\u00c7MEN \u00c7IKTI (HASAN DAYAN - REMZ\u0130YE YAVUZ YILMAZ\/D\u0130YARBAKIR-\u0130HA) Diyarbak\u0131r'da d\u00fczenlenen operasyonda, kamyonetin fan ve klima d\u00fczene\u011finin i\u00e7erisinde 11 d\u00fczensiz g\u00f6\u00e7men yakaland\u0131."},{"@type":"BreadcrumbList","@id":"https:\/\/memurunsesi.net\/index.php\/2025\/10\/08\/aracin-fan-ve-klima-duzeneginin-icerisinde-11-duzensiz-gocmen-cikti\/#breadcrumb","itemListElement":[{"@type":"ListItem","position":1,"name":"Anasayfa","item":"https:\/\/memurunsesi.net\/"},{"@type":"ListItem","position":2,"name":"Arac\u0131n fan ve klima d\u00fczene\u011finin i\u00e7erisinde 11 d\u00fczensiz g\u00f6\u00e7men \u00e7\u0131kt\u0131"}]},{"@type":"WebSite","@id":"https:\/\/memurunsesi.net\/#website","url":"https:\/\/memurunsesi.net\/","name":"Memurun Sesi","description":"G\u00fcncel ve Do\u011fru Haber","publisher":{"@id":"https:\/\/memurunsesi.net\/#organization"},"potentialAction":[{"@type":"SearchAction","target":{"@type":"EntryPoint","urlTemplate":"https:\/\/memurunsesi.net\/?s={search_term_string}"},"query-input":{"@type":"PropertyValueSpecification","valueRequired":true,"valueName":"search_term_string"}}],"inLanguage":"tr"},{"@type":"Organization","@id":"https:\/\/memurunsesi.net\/#organization","name":"Memurun Sesi","url":"https:\/\/memurunsesi.net\/","logo":{"@type":"ImageObject","inLanguage":"tr","@id":"https:\/\/memurunsesi.net\/#\/schema\/logo\/image\/","url":"https:\/\/memurunsesi.net\/wp-content\/uploads\/2025\/11\/cropped-MEMURUN-SESI.png","contentUrl":"https:\/\/memurunsesi.net\/wp-content\/uploads\/2025\/11\/cropped-MEMURUN-SESI.png","width":238,"height":57,"caption":"Memurun Sesi"},"image":{"@id":"https:\/\/memurunsesi.net\/#\/schema\/logo\/image\/"},"sameAs":["https:\/\/www.facebook.com\/unipersen\/?locale=tr_TR","https:\/\/x.com\/unipersen"]},{"@type":"Person","@id":"https:\/\/memurunsesi.net\/#\/schema\/person\/f21c2d73b89f6ee1d80b0a1803e38587","name":"Memurun Sesi Haber Merkezi","image":{"@type":"ImageObject","inLanguage":"tr","@id":"https:\/\/secure.gravatar.com\/avatar\/6cf0505f452ee753f485014986fab09a434671d2b919ee76fc541025c5876a70?s=96&d=mm&r=g","url":"https:\/\/secure.gravatar.com\/avatar\/6cf0505f452ee753f485014986fab09a434671d2b919ee76fc541025c5876a70?s=96&d=mm&r=g","contentUrl":"https:\/\/secure.gravatar.com\/avatar\/6cf0505f452ee753f485014986fab09a434671d2b919ee76fc541025c5876a70?s=96&d=mm&r=g","caption":"Memurun Sesi Haber Merkezi"},"sameAs":["https:\/\/memurunsesi.net"],"url":"https:\/\/memurunsesi.net\/index.php\/author\/uniper\/"}]}},"_links":{"self":[{"href":"https:\/\/memurunsesi.net\/index.php\/wp-json\/wp\/v2\/posts\/12648","targetHints":{"allow":["GET"]}}],"collection":[{"href":"https:\/\/memurunsesi.net\/index.php\/wp-json\/wp\/v2\/posts"}],"about":[{"href":"https:\/\/memurunsesi.net\/index.php\/wp-json\/wp\/v2\/types\/post"}],"author":[{"embeddable":true,"href":"https:\/\/memurunsesi.net\/index.php\/wp-json\/wp\/v2\/users\/1"}],"replies":[{"embeddable":true,"href":"https:\/\/memurunsesi.net\/index.php\/wp-json\/wp\/v2\/comments?post=12648"}],"version-history":[{"count":1,"href":"https:\/\/memurunsesi.net\/index.php\/wp-json\/wp\/v2\/posts\/12648\/revisions"}],"predecessor-version":[{"id":12650,"href":"https:\/\/memurunsesi.net\/index.php\/wp-json\/wp\/v2\/posts\/12648\/revisions\/12650"}],"wp:featuredmedia":[{"embeddable":true,"href":"https:\/\/memurunsesi.net\/index.php\/wp-json\/wp\/v2\/media\/12649"}],"wp:attachment":[{"href":"https:\/\/memurunsesi.net\/index.php\/wp-json\/wp\/v2\/media?parent=12648"}],"wp:term":[{"taxonomy":"category","embeddable":true,"href":"https:\/\/memurunsesi.net\/index.php\/wp-json\/wp\/v2\/categories?post=12648"},{"taxonomy":"post_tag","embeddable":true,"href":"https:\/\/memurunsesi.net\/index.php\/wp-json\/wp\/v2\/tags?post=12648"}],"curies":[{"name":"wp","href":"https:\/\/api.w.org\/{rel}","templated":true}]}}