{"id":12651,"date":"2025-10-08T08:17:48","date_gmt":"2025-10-08T05:17:48","guid":{"rendered":"https:\/\/memurunsesi.net\/?p=12651"},"modified":"2025-10-08T08:17:48","modified_gmt":"2025-10-08T05:17:48","slug":"parkta-bicakli-kavga-2-yarali","status":"publish","type":"post","link":"https:\/\/memurunsesi.net\/index.php\/2025\/10\/08\/parkta-bicakli-kavga-2-yarali\/","title":{"rendered":"Parkta b\u0131\u00e7akl\u0131 kavga: 2 yaral\u0131"},"content":{"rendered":"<p>  &#8211; B\u0131\u00e7akl\u0131 kavgan\u0131n \u015f\u00fcphelileri k\u0131sa s\u00fcrede yakaland\u0131 <\/p>\n<p>   Kayseri\u2019nin Melikgazi il\u00e7esinde bulunan bir parkta \u00e7\u0131kan b\u0131\u00e7akl\u0131 kavgada 2 ki\u015fi yaraland\u0131. Olay\u0131 ger\u00e7ekle\u015ftiren 2 \u015f\u00fcpheli polis ekipleri taraf\u0131ndan k\u0131sa s\u00fcrede yakaland\u0131.<br \/>\n  Edinilen bilgiye g\u00f6re, il\u00e7eye ba\u011fl\u0131 Alt\u0131noluk Mahallesi Veysel Caddesi \u00fczerinde bulunan \u015eelale Park\u0131\u2019nda \u0130.C., E.A ile \u015e.E., E.E. aras\u0131nda hen\u00fcz bilinmeyen bir sebepten tart\u0131\u015fma \u00e7\u0131kt\u0131. Tart\u0131\u015fman\u0131n b\u00fcy\u00fcyerek, kavgaya d\u00f6n\u00fc\u015fmesi \u00fczerine \u015e.E. ve E.E. yanlar\u0131nda bulunan b\u0131\u00e7akla \u0130.C. ve E.A.\u2019y\u0131 yaralad\u0131. \u0130hbar \u00fczerine b\u00f6lgeye polis ve sa\u011fl\u0131k ekipleri sevk edildi. Polis ekipleri \u00e7evrede g\u00fcvenlik \u00f6nlemi al\u0131rken, sa\u011fl\u0131k ekipleri de olay yerindeki ilk m\u00fcdahalenin ard\u0131ndan \u0130.C. ve E.A.\u2019y\u0131 ambulansla Kayseri \u015eehir Hastanesi\u2019ne kald\u0131rd\u0131. \u015e.E. ve E.E. ise olay yerinden 2 kilometre uzakta bulunan Fatih Sultan Mehmet Bulvar\u0131 \u00fczerinde polis ekipleri taraf\u0131ndan k\u0131sa s\u00fcrede yakaland\u0131. G\u00f6zalt\u0131na al\u0131nan 2 \u015fah\u0131s sa\u011fl\u0131k kontrol\u00fcn\u00fcn ard\u0131ndan karakola g\u00f6t\u00fcr\u00fcld\u00fc.<br \/>\n  Olayla ilgili soru\u015fturma ba\u015flat\u0131ld\u0131. <\/p>\n<p>8.10.2025                 <\/p>\n","protected":false},"excerpt":{"rendered":"<p>&#8211; B\u0131\u00e7akl\u0131 kavgan\u0131n \u015f\u00fcphelileri k\u0131sa s\u00fcrede yakaland\u0131 Kayseri\u2019nin Melikgazi il\u00e7esinde bulunan bir parkta \u00e7\u0131kan b\u0131\u00e7akl\u0131 kavgada 2 ki\u015fi yaraland\u0131. Olay\u0131 ger\u00e7ekle\u015ftiren 2 \u015f\u00fcpheli polis ekipleri taraf\u0131ndan k\u0131sa s\u00fcrede yakaland\u0131. Edinilen bilgiye g\u00f6re, il\u00e7eye ba\u011fl\u0131 Alt\u0131noluk Mahallesi Veysel Caddesi \u00fczerinde bulunan \u015eelale Park\u0131\u2019nda \u0130.C., E.A ile \u015e.E., E.E. aras\u0131nda hen\u00fcz bilinmeyen bir sebepten tart\u0131\u015fma \u00e7\u0131kt\u0131. Tart\u0131\u015fman\u0131n [&hellip;]<\/p>\n","protected":false},"author":1,"featured_media":12652,"comment_status":"open","ping_status":"open","sticky":false,"template":"","format":"standard","meta":{"footnotes":""},"categories":[50],"tags":[],"class_list":["post-12651","post","type-post","status-publish","format-standard","has-post-thumbnail","hentry","category-tum-haberler"],"yoast_head":"<!-- This site is optimized with the Yoast SEO plugin v27.4 - https:\/\/yoast.com\/product\/yoast-seo-wordpress\/ -->\n<title>Parkta b\u0131\u00e7akl\u0131 kavga: 2 yaral\u0131 - Memurun Sesi<\/title>\n<meta name=\"robots\" content=\"index, follow, max-snippet:-1, max-image-preview:large, max-video-preview:-1\" \/>\n<link rel=\"canonical\" href=\"https:\/\/memurunsesi.net\/index.php\/2025\/10\/08\/parkta-bicakli-kavga-2-yarali\/\" \/>\n<meta property=\"og:locale\" content=\"tr_TR\" \/>\n<meta property=\"og:type\" content=\"article\" \/>\n<meta property=\"og:title\" content=\"Parkta b\u0131\u00e7akl\u0131 kavga: 2 yaral\u0131 - Memurun Sesi\" \/>\n<meta property=\"og:description\" content=\"&#8211; B\u0131\u00e7akl\u0131 kavgan\u0131n \u015f\u00fcphelileri k\u0131sa s\u00fcrede yakaland\u0131 Kayseri\u2019nin Melikgazi il\u00e7esinde bulunan bir parkta \u00e7\u0131kan b\u0131\u00e7akl\u0131 kavgada 2 ki\u015fi yaraland\u0131. Olay\u0131 ger\u00e7ekle\u015ftiren 2 \u015f\u00fcpheli polis ekipleri taraf\u0131ndan k\u0131sa s\u00fcrede yakaland\u0131. Edinilen bilgiye g\u00f6re, il\u00e7eye ba\u011fl\u0131 Alt\u0131noluk Mahallesi Veysel Caddesi \u00fczerinde bulunan \u015eelale Park\u0131\u2019nda \u0130.C., E.A ile \u015e.E., E.E. aras\u0131nda hen\u00fcz bilinmeyen bir sebepten tart\u0131\u015fma \u00e7\u0131kt\u0131. Tart\u0131\u015fman\u0131n [&hellip;]\" \/>\n<meta property=\"og:url\" content=\"https:\/\/memurunsesi.net\/index.php\/2025\/10\/08\/parkta-bicakli-kavga-2-yarali\/\" \/>\n<meta property=\"og:site_name\" content=\"Memurun Sesi\" \/>\n<meta property=\"article:publisher\" content=\"https:\/\/www.facebook.com\/unipersen\/?locale=tr_TR\" \/>\n<meta property=\"article:published_time\" content=\"2025-10-08T05:17:48+00:00\" \/>\n<meta property=\"og:image\" content=\"https:\/\/memurunsesi.net\/wp-content\/uploads\/2025\/10\/AW554135_01.jpg\" \/>\n\t<meta property=\"og:image:width\" content=\"1600\" \/>\n\t<meta property=\"og:image:height\" content=\"900\" \/>\n\t<meta property=\"og:image:type\" content=\"image\/jpeg\" \/>\n<meta name=\"author\" content=\"Memurun Sesi Haber Merkezi\" \/>\n<meta name=\"twitter:card\" content=\"summary_large_image\" \/>\n<meta name=\"twitter:creator\" content=\"@unipersen\" \/>\n<meta name=\"twitter:site\" content=\"@unipersen\" \/>\n<meta name=\"twitter:label1\" content=\"Yazan:\" \/>\n\t<meta name=\"twitter:data1\" content=\"Memurun Sesi Haber Merkezi\" \/>\n\t<meta name=\"twitter:label2\" content=\"Tahmini okuma s\u00fcresi\" \/>\n\t<meta name=\"twitter:data2\" content=\"1 dakika\" \/>\n<script type=\"application\/ld+json\" class=\"yoast-schema-graph\">{\"@context\":\"https:\\\/\\\/schema.org\",\"@graph\":[{\"@type\":\"Article\",\"@id\":\"https:\\\/\\\/memurunsesi.net\\\/index.php\\\/2025\\\/10\\\/08\\\/parkta-bicakli-kavga-2-yarali\\\/#article\",\"isPartOf\":{\"@id\":\"https:\\\/\\\/memurunsesi.net\\\/index.php\\\/2025\\\/10\\\/08\\\/parkta-bicakli-kavga-2-yarali\\\/\"},\"author\":{\"name\":\"Memurun Sesi Haber Merkezi\",\"@id\":\"https:\\\/\\\/memurunsesi.net\\\/#\\\/schema\\\/person\\\/f21c2d73b89f6ee1d80b0a1803e38587\"},\"headline\":\"Parkta b\u0131\u00e7akl\u0131 kavga: 2 yaral\u0131\",\"datePublished\":\"2025-10-08T05:17:48+00:00\",\"mainEntityOfPage\":{\"@id\":\"https:\\\/\\\/memurunsesi.net\\\/index.php\\\/2025\\\/10\\\/08\\\/parkta-bicakli-kavga-2-yarali\\\/\"},\"wordCount\":201,\"commentCount\":0,\"publisher\":{\"@id\":\"https:\\\/\\\/memurunsesi.net\\\/#organization\"},\"image\":{\"@id\":\"https:\\\/\\\/memurunsesi.net\\\/index.php\\\/2025\\\/10\\\/08\\\/parkta-bicakli-kavga-2-yarali\\\/#primaryimage\"},\"thumbnailUrl\":\"https:\\\/\\\/memurunsesi.net\\\/wp-content\\\/uploads\\\/2025\\\/10\\\/AW554135_01.jpg\",\"articleSection\":[\"T\u00fcm Haberler\"],\"inLanguage\":\"tr\",\"potentialAction\":[{\"@type\":\"CommentAction\",\"name\":\"Comment\",\"target\":[\"https:\\\/\\\/memurunsesi.net\\\/index.php\\\/2025\\\/10\\\/08\\\/parkta-bicakli-kavga-2-yarali\\\/#respond\"]}]},{\"@type\":\"WebPage\",\"@id\":\"https:\\\/\\\/memurunsesi.net\\\/index.php\\\/2025\\\/10\\\/08\\\/parkta-bicakli-kavga-2-yarali\\\/\",\"url\":\"https:\\\/\\\/memurunsesi.net\\\/index.php\\\/2025\\\/10\\\/08\\\/parkta-bicakli-kavga-2-yarali\\\/\",\"name\":\"Parkta b\u0131\u00e7akl\u0131 kavga: 2 yaral\u0131 - Memurun Sesi\",\"isPartOf\":{\"@id\":\"https:\\\/\\\/memurunsesi.net\\\/#website\"},\"primaryImageOfPage\":{\"@id\":\"https:\\\/\\\/memurunsesi.net\\\/index.php\\\/2025\\\/10\\\/08\\\/parkta-bicakli-kavga-2-yarali\\\/#primaryimage\"},\"image\":{\"@id\":\"https:\\\/\\\/memurunsesi.net\\\/index.php\\\/2025\\\/10\\\/08\\\/parkta-bicakli-kavga-2-yarali\\\/#primaryimage\"},\"thumbnailUrl\":\"https:\\\/\\\/memurunsesi.net\\\/wp-content\\\/uploads\\\/2025\\\/10\\\/AW554135_01.jpg\",\"datePublished\":\"2025-10-08T05:17:48+00:00\",\"breadcrumb\":{\"@id\":\"https:\\\/\\\/memurunsesi.net\\\/index.php\\\/2025\\\/10\\\/08\\\/parkta-bicakli-kavga-2-yarali\\\/#breadcrumb\"},\"inLanguage\":\"tr\",\"potentialAction\":[{\"@type\":\"ReadAction\",\"target\":[\"https:\\\/\\\/memurunsesi.net\\\/index.php\\\/2025\\\/10\\\/08\\\/parkta-bicakli-kavga-2-yarali\\\/\"]}]},{\"@type\":\"ImageObject\",\"inLanguage\":\"tr\",\"@id\":\"https:\\\/\\\/memurunsesi.net\\\/index.php\\\/2025\\\/10\\\/08\\\/parkta-bicakli-kavga-2-yarali\\\/#primaryimage\",\"url\":\"https:\\\/\\\/memurunsesi.net\\\/wp-content\\\/uploads\\\/2025\\\/10\\\/AW554135_01.jpg\",\"contentUrl\":\"https:\\\/\\\/memurunsesi.net\\\/wp-content\\\/uploads\\\/2025\\\/10\\\/AW554135_01.jpg\",\"width\":1600,\"height\":900,\"caption\":\"KAYSER\u0130'N\u0130N MEL\u0130KGAZ\u0130 \u0130L\u00c7ES\u0130NDE BULUNAN B\u0130R PARKTA \u00c7IKAN BI\u00c7AKLI KAVGADA 2 K\u0130\u015e\u0130 YARALANDI. OLAYI GER\u00c7EKLE\u015eT\u0130REN 2 \u015e\u00dcPHEL\u0130 POL\u0130S EK\u0130PLER\u0130 TARAFINDAN KISA S\u00dcREDE YAKALANDI. (M\u00dcKREM\u0130N KAYA\\\/KAYSER\u0130-\u0130HA) Kayseri'nin Melikgazi il\u00e7esinde bulunan bir parkta \u00e7\u0131kan b\u0131\u00e7akl\u0131 kavgada 2 ki\u015fi yaraland\u0131. Olay\u0131 ger\u00e7ekle\u015ftiren 2 \u015f\u00fcpheli polis ekipleri taraf\u0131ndan k\u0131sa s\u00fcrede yakaland\u0131.\"},{\"@type\":\"BreadcrumbList\",\"@id\":\"https:\\\/\\\/memurunsesi.net\\\/index.php\\\/2025\\\/10\\\/08\\\/parkta-bicakli-kavga-2-yarali\\\/#breadcrumb\",\"itemListElement\":[{\"@type\":\"ListItem\",\"position\":1,\"name\":\"Anasayfa\",\"item\":\"https:\\\/\\\/memurunsesi.net\\\/\"},{\"@type\":\"ListItem\",\"position\":2,\"name\":\"Parkta b\u0131\u00e7akl\u0131 kavga: 2 yaral\u0131\"}]},{\"@type\":\"WebSite\",\"@id\":\"https:\\\/\\\/memurunsesi.net\\\/#website\",\"url\":\"https:\\\/\\\/memurunsesi.net\\\/\",\"name\":\"Memurun Sesi\",\"description\":\"G\u00fcncel ve Do\u011fru Haber\",\"publisher\":{\"@id\":\"https:\\\/\\\/memurunsesi.net\\\/#organization\"},\"potentialAction\":[{\"@type\":\"SearchAction\",\"target\":{\"@type\":\"EntryPoint\",\"urlTemplate\":\"https:\\\/\\\/memurunsesi.net\\\/?s={search_term_string}\"},\"query-input\":{\"@type\":\"PropertyValueSpecification\",\"valueRequired\":true,\"valueName\":\"search_term_string\"}}],\"inLanguage\":\"tr\"},{\"@type\":\"Organization\",\"@id\":\"https:\\\/\\\/memurunsesi.net\\\/#organization\",\"name\":\"Memurun Sesi\",\"url\":\"https:\\\/\\\/memurunsesi.net\\\/\",\"logo\":{\"@type\":\"ImageObject\",\"inLanguage\":\"tr\",\"@id\":\"https:\\\/\\\/memurunsesi.net\\\/#\\\/schema\\\/logo\\\/image\\\/\",\"url\":\"https:\\\/\\\/memurunsesi.net\\\/wp-content\\\/uploads\\\/2025\\\/11\\\/cropped-MEMURUN-SESI.png\",\"contentUrl\":\"https:\\\/\\\/memurunsesi.net\\\/wp-content\\\/uploads\\\/2025\\\/11\\\/cropped-MEMURUN-SESI.png\",\"width\":238,\"height\":57,\"caption\":\"Memurun Sesi\"},\"image\":{\"@id\":\"https:\\\/\\\/memurunsesi.net\\\/#\\\/schema\\\/logo\\\/image\\\/\"},\"sameAs\":[\"https:\\\/\\\/www.facebook.com\\\/unipersen\\\/?locale=tr_TR\",\"https:\\\/\\\/x.com\\\/unipersen\"]},{\"@type\":\"Person\",\"@id\":\"https:\\\/\\\/memurunsesi.net\\\/#\\\/schema\\\/person\\\/f21c2d73b89f6ee1d80b0a1803e38587\",\"name\":\"Memurun Sesi Haber Merkezi\",\"image\":{\"@type\":\"ImageObject\",\"inLanguage\":\"tr\",\"@id\":\"https:\\\/\\\/secure.gravatar.com\\\/avatar\\\/6cf0505f452ee753f485014986fab09a434671d2b919ee76fc541025c5876a70?s=96&d=mm&r=g\",\"url\":\"https:\\\/\\\/secure.gravatar.com\\\/avatar\\\/6cf0505f452ee753f485014986fab09a434671d2b919ee76fc541025c5876a70?s=96&d=mm&r=g\",\"contentUrl\":\"https:\\\/\\\/secure.gravatar.com\\\/avatar\\\/6cf0505f452ee753f485014986fab09a434671d2b919ee76fc541025c5876a70?s=96&d=mm&r=g\",\"caption\":\"Memurun Sesi Haber Merkezi\"},\"sameAs\":[\"https:\\\/\\\/memurunsesi.net\"],\"url\":\"https:\\\/\\\/memurunsesi.net\\\/index.php\\\/author\\\/uniper\\\/\"}]}<\/script>\n<!-- \/ Yoast SEO plugin. -->","yoast_head_json":{"title":"Parkta b\u0131\u00e7akl\u0131 kavga: 2 yaral\u0131 - Memurun Sesi","robots":{"index":"index","follow":"follow","max-snippet":"max-snippet:-1","max-image-preview":"max-image-preview:large","max-video-preview":"max-video-preview:-1"},"canonical":"https:\/\/memurunsesi.net\/index.php\/2025\/10\/08\/parkta-bicakli-kavga-2-yarali\/","og_locale":"tr_TR","og_type":"article","og_title":"Parkta b\u0131\u00e7akl\u0131 kavga: 2 yaral\u0131 - Memurun Sesi","og_description":"&#8211; B\u0131\u00e7akl\u0131 kavgan\u0131n \u015f\u00fcphelileri k\u0131sa s\u00fcrede yakaland\u0131 Kayseri\u2019nin Melikgazi il\u00e7esinde bulunan bir parkta \u00e7\u0131kan b\u0131\u00e7akl\u0131 kavgada 2 ki\u015fi yaraland\u0131. Olay\u0131 ger\u00e7ekle\u015ftiren 2 \u015f\u00fcpheli polis ekipleri taraf\u0131ndan k\u0131sa s\u00fcrede yakaland\u0131. Edinilen bilgiye g\u00f6re, il\u00e7eye ba\u011fl\u0131 Alt\u0131noluk Mahallesi Veysel Caddesi \u00fczerinde bulunan \u015eelale Park\u0131\u2019nda \u0130.C., E.A ile \u015e.E., E.E. aras\u0131nda hen\u00fcz bilinmeyen bir sebepten tart\u0131\u015fma \u00e7\u0131kt\u0131. Tart\u0131\u015fman\u0131n [&hellip;]","og_url":"https:\/\/memurunsesi.net\/index.php\/2025\/10\/08\/parkta-bicakli-kavga-2-yarali\/","og_site_name":"Memurun Sesi","article_publisher":"https:\/\/www.facebook.com\/unipersen\/?locale=tr_TR","article_published_time":"2025-10-08T05:17:48+00:00","og_image":[{"width":1600,"height":900,"url":"https:\/\/memurunsesi.net\/wp-content\/uploads\/2025\/10\/AW554135_01.jpg","type":"image\/jpeg"}],"author":"Memurun Sesi Haber Merkezi","twitter_card":"summary_large_image","twitter_creator":"@unipersen","twitter_site":"@unipersen","twitter_misc":{"Yazan:":"Memurun Sesi Haber Merkezi","Tahmini okuma s\u00fcresi":"1 dakika"},"schema":{"@context":"https:\/\/schema.org","@graph":[{"@type":"Article","@id":"https:\/\/memurunsesi.net\/index.php\/2025\/10\/08\/parkta-bicakli-kavga-2-yarali\/#article","isPartOf":{"@id":"https:\/\/memurunsesi.net\/index.php\/2025\/10\/08\/parkta-bicakli-kavga-2-yarali\/"},"author":{"name":"Memurun Sesi Haber Merkezi","@id":"https:\/\/memurunsesi.net\/#\/schema\/person\/f21c2d73b89f6ee1d80b0a1803e38587"},"headline":"Parkta b\u0131\u00e7akl\u0131 kavga: 2 yaral\u0131","datePublished":"2025-10-08T05:17:48+00:00","mainEntityOfPage":{"@id":"https:\/\/memurunsesi.net\/index.php\/2025\/10\/08\/parkta-bicakli-kavga-2-yarali\/"},"wordCount":201,"commentCount":0,"publisher":{"@id":"https:\/\/memurunsesi.net\/#organization"},"image":{"@id":"https:\/\/memurunsesi.net\/index.php\/2025\/10\/08\/parkta-bicakli-kavga-2-yarali\/#primaryimage"},"thumbnailUrl":"https:\/\/memurunsesi.net\/wp-content\/uploads\/2025\/10\/AW554135_01.jpg","articleSection":["T\u00fcm Haberler"],"inLanguage":"tr","potentialAction":[{"@type":"CommentAction","name":"Comment","target":["https:\/\/memurunsesi.net\/index.php\/2025\/10\/08\/parkta-bicakli-kavga-2-yarali\/#respond"]}]},{"@type":"WebPage","@id":"https:\/\/memurunsesi.net\/index.php\/2025\/10\/08\/parkta-bicakli-kavga-2-yarali\/","url":"https:\/\/memurunsesi.net\/index.php\/2025\/10\/08\/parkta-bicakli-kavga-2-yarali\/","name":"Parkta b\u0131\u00e7akl\u0131 kavga: 2 yaral\u0131 - Memurun Sesi","isPartOf":{"@id":"https:\/\/memurunsesi.net\/#website"},"primaryImageOfPage":{"@id":"https:\/\/memurunsesi.net\/index.php\/2025\/10\/08\/parkta-bicakli-kavga-2-yarali\/#primaryimage"},"image":{"@id":"https:\/\/memurunsesi.net\/index.php\/2025\/10\/08\/parkta-bicakli-kavga-2-yarali\/#primaryimage"},"thumbnailUrl":"https:\/\/memurunsesi.net\/wp-content\/uploads\/2025\/10\/AW554135_01.jpg","datePublished":"2025-10-08T05:17:48+00:00","breadcrumb":{"@id":"https:\/\/memurunsesi.net\/index.php\/2025\/10\/08\/parkta-bicakli-kavga-2-yarali\/#breadcrumb"},"inLanguage":"tr","potentialAction":[{"@type":"ReadAction","target":["https:\/\/memurunsesi.net\/index.php\/2025\/10\/08\/parkta-bicakli-kavga-2-yarali\/"]}]},{"@type":"ImageObject","inLanguage":"tr","@id":"https:\/\/memurunsesi.net\/index.php\/2025\/10\/08\/parkta-bicakli-kavga-2-yarali\/#primaryimage","url":"https:\/\/memurunsesi.net\/wp-content\/uploads\/2025\/10\/AW554135_01.jpg","contentUrl":"https:\/\/memurunsesi.net\/wp-content\/uploads\/2025\/10\/AW554135_01.jpg","width":1600,"height":900,"caption":"KAYSER\u0130'N\u0130N MEL\u0130KGAZ\u0130 \u0130L\u00c7ES\u0130NDE BULUNAN B\u0130R PARKTA \u00c7IKAN BI\u00c7AKLI KAVGADA 2 K\u0130\u015e\u0130 YARALANDI. OLAYI GER\u00c7EKLE\u015eT\u0130REN 2 \u015e\u00dcPHEL\u0130 POL\u0130S EK\u0130PLER\u0130 TARAFINDAN KISA S\u00dcREDE YAKALANDI. (M\u00dcKREM\u0130N KAYA\/KAYSER\u0130-\u0130HA) Kayseri'nin Melikgazi il\u00e7esinde bulunan bir parkta \u00e7\u0131kan b\u0131\u00e7akl\u0131 kavgada 2 ki\u015fi yaraland\u0131. Olay\u0131 ger\u00e7ekle\u015ftiren 2 \u015f\u00fcpheli polis ekipleri taraf\u0131ndan k\u0131sa s\u00fcrede yakaland\u0131."},{"@type":"BreadcrumbList","@id":"https:\/\/memurunsesi.net\/index.php\/2025\/10\/08\/parkta-bicakli-kavga-2-yarali\/#breadcrumb","itemListElement":[{"@type":"ListItem","position":1,"name":"Anasayfa","item":"https:\/\/memurunsesi.net\/"},{"@type":"ListItem","position":2,"name":"Parkta b\u0131\u00e7akl\u0131 kavga: 2 yaral\u0131"}]},{"@type":"WebSite","@id":"https:\/\/memurunsesi.net\/#website","url":"https:\/\/memurunsesi.net\/","name":"Memurun Sesi","description":"G\u00fcncel ve Do\u011fru Haber","publisher":{"@id":"https:\/\/memurunsesi.net\/#organization"},"potentialAction":[{"@type":"SearchAction","target":{"@type":"EntryPoint","urlTemplate":"https:\/\/memurunsesi.net\/?s={search_term_string}"},"query-input":{"@type":"PropertyValueSpecification","valueRequired":true,"valueName":"search_term_string"}}],"inLanguage":"tr"},{"@type":"Organization","@id":"https:\/\/memurunsesi.net\/#organization","name":"Memurun Sesi","url":"https:\/\/memurunsesi.net\/","logo":{"@type":"ImageObject","inLanguage":"tr","@id":"https:\/\/memurunsesi.net\/#\/schema\/logo\/image\/","url":"https:\/\/memurunsesi.net\/wp-content\/uploads\/2025\/11\/cropped-MEMURUN-SESI.png","contentUrl":"https:\/\/memurunsesi.net\/wp-content\/uploads\/2025\/11\/cropped-MEMURUN-SESI.png","width":238,"height":57,"caption":"Memurun Sesi"},"image":{"@id":"https:\/\/memurunsesi.net\/#\/schema\/logo\/image\/"},"sameAs":["https:\/\/www.facebook.com\/unipersen\/?locale=tr_TR","https:\/\/x.com\/unipersen"]},{"@type":"Person","@id":"https:\/\/memurunsesi.net\/#\/schema\/person\/f21c2d73b89f6ee1d80b0a1803e38587","name":"Memurun Sesi Haber Merkezi","image":{"@type":"ImageObject","inLanguage":"tr","@id":"https:\/\/secure.gravatar.com\/avatar\/6cf0505f452ee753f485014986fab09a434671d2b919ee76fc541025c5876a70?s=96&d=mm&r=g","url":"https:\/\/secure.gravatar.com\/avatar\/6cf0505f452ee753f485014986fab09a434671d2b919ee76fc541025c5876a70?s=96&d=mm&r=g","contentUrl":"https:\/\/secure.gravatar.com\/avatar\/6cf0505f452ee753f485014986fab09a434671d2b919ee76fc541025c5876a70?s=96&d=mm&r=g","caption":"Memurun Sesi Haber Merkezi"},"sameAs":["https:\/\/memurunsesi.net"],"url":"https:\/\/memurunsesi.net\/index.php\/author\/uniper\/"}]}},"_links":{"self":[{"href":"https:\/\/memurunsesi.net\/index.php\/wp-json\/wp\/v2\/posts\/12651","targetHints":{"allow":["GET"]}}],"collection":[{"href":"https:\/\/memurunsesi.net\/index.php\/wp-json\/wp\/v2\/posts"}],"about":[{"href":"https:\/\/memurunsesi.net\/index.php\/wp-json\/wp\/v2\/types\/post"}],"author":[{"embeddable":true,"href":"https:\/\/memurunsesi.net\/index.php\/wp-json\/wp\/v2\/users\/1"}],"replies":[{"embeddable":true,"href":"https:\/\/memurunsesi.net\/index.php\/wp-json\/wp\/v2\/comments?post=12651"}],"version-history":[{"count":1,"href":"https:\/\/memurunsesi.net\/index.php\/wp-json\/wp\/v2\/posts\/12651\/revisions"}],"predecessor-version":[{"id":12653,"href":"https:\/\/memurunsesi.net\/index.php\/wp-json\/wp\/v2\/posts\/12651\/revisions\/12653"}],"wp:featuredmedia":[{"embeddable":true,"href":"https:\/\/memurunsesi.net\/index.php\/wp-json\/wp\/v2\/media\/12652"}],"wp:attachment":[{"href":"https:\/\/memurunsesi.net\/index.php\/wp-json\/wp\/v2\/media?parent=12651"}],"wp:term":[{"taxonomy":"category","embeddable":true,"href":"https:\/\/memurunsesi.net\/index.php\/wp-json\/wp\/v2\/categories?post=12651"},{"taxonomy":"post_tag","embeddable":true,"href":"https:\/\/memurunsesi.net\/index.php\/wp-json\/wp\/v2\/tags?post=12651"}],"curies":[{"name":"wp","href":"https:\/\/api.w.org\/{rel}","templated":true}]}}