{"id":12654,"date":"2025-10-08T08:24:09","date_gmt":"2025-10-08T05:24:09","guid":{"rendered":"https:\/\/memurunsesi.net\/?p=12654"},"modified":"2025-10-08T08:24:09","modified_gmt":"2025-10-08T05:24:09","slug":"otomobilin-arkadan-carptigi-motosiklet-yoldan-cikti-1-yarali","status":"publish","type":"post","link":"https:\/\/memurunsesi.net\/index.php\/2025\/10\/08\/otomobilin-arkadan-carptigi-motosiklet-yoldan-cikti-1-yarali\/","title":{"rendered":"Otomobilin arkadan \u00e7arpt\u0131\u011f\u0131 motosiklet yoldan \u00e7\u0131kt\u0131: 1 yaral\u0131"},"content":{"rendered":"<p>   Kayseri&#8217;nin Melikgazi il\u00e7esinde otomobilin arkadan \u00e7arpt\u0131\u011f\u0131 motosiklet yoldan \u00e7\u0131kt\u0131. Meydana gelen kazada motosiklet s\u00fcr\u00fcc\u00fcs\u00fc yaraland\u0131.<br \/>\n  Edinilen bilgiye g\u00f6re, il\u00e7eye ba\u011fl\u0131 Tavlusun Mahallesi Salih G\u0131d\u0131k Caddesi&#8217;nde meydana gelen trafik kazas\u0131nda; S.U. y\u00f6netimindeki 34 NDZ 490 plakal\u0131 otomobille \u00f6n\u00fcnden seyreden F.\u00d6. idaresindeki 06 DNU 146 plakal\u0131 motosiklete arkadan \u00e7arpt\u0131. \u00c7arpman\u0131n etkisiyle direksiyon hakimiyetini kaybeden F.\u00d6. yoldan \u00e7\u0131karak yan yatt\u0131. \u0130hbar \u00fczerine b\u00f6lgeye polis ve sa\u011fl\u0131k ekipleri sevk edildi. Polis ekipleri \u00e7evrede g\u00fcvenlik \u00f6nlemi al\u0131rken, sa\u011fl\u0131k ekipleri ise kazada yaralanan F.\u00d6.&#8217;y\u00fc olay yerindeki ilk m\u00fcdahalenin ard\u0131ndan ambulansla Kayseri Devlet Hastanesi&#8217;ne kald\u0131rd\u0131. Motosiklet \u00e7ekiciyle kald\u0131r\u0131ld\u0131.<br \/>\n  Kazayla ilgili inceleme ba\u015flat\u0131ld\u0131. <\/p>\n<p>8.10.2025                                 <\/p>\n","protected":false},"excerpt":{"rendered":"<p>Kayseri&#8217;nin Melikgazi il\u00e7esinde otomobilin arkadan \u00e7arpt\u0131\u011f\u0131 motosiklet yoldan \u00e7\u0131kt\u0131. Meydana gelen kazada motosiklet s\u00fcr\u00fcc\u00fcs\u00fc yaraland\u0131. Edinilen bilgiye g\u00f6re, il\u00e7eye ba\u011fl\u0131 Tavlusun Mahallesi Salih G\u0131d\u0131k Caddesi&#8217;nde meydana gelen trafik kazas\u0131nda; S.U. y\u00f6netimindeki 34 NDZ 490 plakal\u0131 otomobille \u00f6n\u00fcnden seyreden F.\u00d6. idaresindeki 06 DNU 146 plakal\u0131 motosiklete arkadan \u00e7arpt\u0131. \u00c7arpman\u0131n etkisiyle direksiyon hakimiyetini kaybeden F.\u00d6. yoldan \u00e7\u0131karak [&hellip;]<\/p>\n","protected":false},"author":1,"featured_media":12655,"comment_status":"open","ping_status":"open","sticky":false,"template":"","format":"standard","meta":{"footnotes":""},"categories":[45],"tags":[],"class_list":["post-12654","post","type-post","status-publish","format-standard","has-post-thumbnail","hentry","category-gundem"],"yoast_head":"<!-- This site is optimized with the Yoast SEO plugin v27.4 - https:\/\/yoast.com\/product\/yoast-seo-wordpress\/ -->\n<title>Otomobilin arkadan \u00e7arpt\u0131\u011f\u0131 motosiklet yoldan \u00e7\u0131kt\u0131: 1 yaral\u0131 - Memurun Sesi<\/title>\n<meta name=\"robots\" content=\"index, follow, max-snippet:-1, max-image-preview:large, max-video-preview:-1\" \/>\n<link rel=\"canonical\" href=\"https:\/\/memurunsesi.net\/index.php\/2025\/10\/08\/otomobilin-arkadan-carptigi-motosiklet-yoldan-cikti-1-yarali\/\" \/>\n<meta property=\"og:locale\" content=\"tr_TR\" \/>\n<meta property=\"og:type\" content=\"article\" \/>\n<meta property=\"og:title\" content=\"Otomobilin arkadan \u00e7arpt\u0131\u011f\u0131 motosiklet yoldan \u00e7\u0131kt\u0131: 1 yaral\u0131 - Memurun Sesi\" \/>\n<meta property=\"og:description\" content=\"Kayseri&#8217;nin Melikgazi il\u00e7esinde otomobilin arkadan \u00e7arpt\u0131\u011f\u0131 motosiklet yoldan \u00e7\u0131kt\u0131. Meydana gelen kazada motosiklet s\u00fcr\u00fcc\u00fcs\u00fc yaraland\u0131. Edinilen bilgiye g\u00f6re, il\u00e7eye ba\u011fl\u0131 Tavlusun Mahallesi Salih G\u0131d\u0131k Caddesi&#8217;nde meydana gelen trafik kazas\u0131nda; S.U. y\u00f6netimindeki 34 NDZ 490 plakal\u0131 otomobille \u00f6n\u00fcnden seyreden F.\u00d6. idaresindeki 06 DNU 146 plakal\u0131 motosiklete arkadan \u00e7arpt\u0131. \u00c7arpman\u0131n etkisiyle direksiyon hakimiyetini kaybeden F.\u00d6. yoldan \u00e7\u0131karak [&hellip;]\" \/>\n<meta property=\"og:url\" content=\"https:\/\/memurunsesi.net\/index.php\/2025\/10\/08\/otomobilin-arkadan-carptigi-motosiklet-yoldan-cikti-1-yarali\/\" \/>\n<meta property=\"og:site_name\" content=\"Memurun Sesi\" \/>\n<meta property=\"article:publisher\" content=\"https:\/\/www.facebook.com\/unipersen\/?locale=tr_TR\" \/>\n<meta property=\"article:published_time\" content=\"2025-10-08T05:24:09+00:00\" \/>\n<meta property=\"og:image\" content=\"https:\/\/memurunsesi.net\/wp-content\/uploads\/2025\/10\/AW554136_01.jpg\" \/>\n\t<meta property=\"og:image:width\" content=\"1600\" \/>\n\t<meta property=\"og:image:height\" content=\"900\" \/>\n\t<meta property=\"og:image:type\" content=\"image\/jpeg\" \/>\n<meta name=\"author\" content=\"Memurun Sesi Haber Merkezi\" \/>\n<meta name=\"twitter:card\" content=\"summary_large_image\" \/>\n<meta name=\"twitter:creator\" content=\"@unipersen\" \/>\n<meta name=\"twitter:site\" content=\"@unipersen\" \/>\n<meta name=\"twitter:label1\" content=\"Yazan:\" \/>\n\t<meta name=\"twitter:data1\" content=\"Memurun Sesi Haber Merkezi\" \/>\n\t<meta name=\"twitter:label2\" content=\"Tahmini okuma s\u00fcresi\" \/>\n\t<meta name=\"twitter:data2\" content=\"1 dakika\" \/>\n<script type=\"application\/ld+json\" class=\"yoast-schema-graph\">{\"@context\":\"https:\\\/\\\/schema.org\",\"@graph\":[{\"@type\":\"Article\",\"@id\":\"https:\\\/\\\/memurunsesi.net\\\/index.php\\\/2025\\\/10\\\/08\\\/otomobilin-arkadan-carptigi-motosiklet-yoldan-cikti-1-yarali\\\/#article\",\"isPartOf\":{\"@id\":\"https:\\\/\\\/memurunsesi.net\\\/index.php\\\/2025\\\/10\\\/08\\\/otomobilin-arkadan-carptigi-motosiklet-yoldan-cikti-1-yarali\\\/\"},\"author\":{\"name\":\"Memurun Sesi Haber Merkezi\",\"@id\":\"https:\\\/\\\/memurunsesi.net\\\/#\\\/schema\\\/person\\\/f21c2d73b89f6ee1d80b0a1803e38587\"},\"headline\":\"Otomobilin arkadan \u00e7arpt\u0131\u011f\u0131 motosiklet yoldan \u00e7\u0131kt\u0131: 1 yaral\u0131\",\"datePublished\":\"2025-10-08T05:24:09+00:00\",\"mainEntityOfPage\":{\"@id\":\"https:\\\/\\\/memurunsesi.net\\\/index.php\\\/2025\\\/10\\\/08\\\/otomobilin-arkadan-carptigi-motosiklet-yoldan-cikti-1-yarali\\\/\"},\"wordCount\":130,\"commentCount\":0,\"publisher\":{\"@id\":\"https:\\\/\\\/memurunsesi.net\\\/#organization\"},\"image\":{\"@id\":\"https:\\\/\\\/memurunsesi.net\\\/index.php\\\/2025\\\/10\\\/08\\\/otomobilin-arkadan-carptigi-motosiklet-yoldan-cikti-1-yarali\\\/#primaryimage\"},\"thumbnailUrl\":\"https:\\\/\\\/memurunsesi.net\\\/wp-content\\\/uploads\\\/2025\\\/10\\\/AW554136_01.jpg\",\"articleSection\":[\"G\u00fcndem\"],\"inLanguage\":\"tr\",\"potentialAction\":[{\"@type\":\"CommentAction\",\"name\":\"Comment\",\"target\":[\"https:\\\/\\\/memurunsesi.net\\\/index.php\\\/2025\\\/10\\\/08\\\/otomobilin-arkadan-carptigi-motosiklet-yoldan-cikti-1-yarali\\\/#respond\"]}]},{\"@type\":\"WebPage\",\"@id\":\"https:\\\/\\\/memurunsesi.net\\\/index.php\\\/2025\\\/10\\\/08\\\/otomobilin-arkadan-carptigi-motosiklet-yoldan-cikti-1-yarali\\\/\",\"url\":\"https:\\\/\\\/memurunsesi.net\\\/index.php\\\/2025\\\/10\\\/08\\\/otomobilin-arkadan-carptigi-motosiklet-yoldan-cikti-1-yarali\\\/\",\"name\":\"Otomobilin arkadan \u00e7arpt\u0131\u011f\u0131 motosiklet yoldan \u00e7\u0131kt\u0131: 1 yaral\u0131 - Memurun Sesi\",\"isPartOf\":{\"@id\":\"https:\\\/\\\/memurunsesi.net\\\/#website\"},\"primaryImageOfPage\":{\"@id\":\"https:\\\/\\\/memurunsesi.net\\\/index.php\\\/2025\\\/10\\\/08\\\/otomobilin-arkadan-carptigi-motosiklet-yoldan-cikti-1-yarali\\\/#primaryimage\"},\"image\":{\"@id\":\"https:\\\/\\\/memurunsesi.net\\\/index.php\\\/2025\\\/10\\\/08\\\/otomobilin-arkadan-carptigi-motosiklet-yoldan-cikti-1-yarali\\\/#primaryimage\"},\"thumbnailUrl\":\"https:\\\/\\\/memurunsesi.net\\\/wp-content\\\/uploads\\\/2025\\\/10\\\/AW554136_01.jpg\",\"datePublished\":\"2025-10-08T05:24:09+00:00\",\"breadcrumb\":{\"@id\":\"https:\\\/\\\/memurunsesi.net\\\/index.php\\\/2025\\\/10\\\/08\\\/otomobilin-arkadan-carptigi-motosiklet-yoldan-cikti-1-yarali\\\/#breadcrumb\"},\"inLanguage\":\"tr\",\"potentialAction\":[{\"@type\":\"ReadAction\",\"target\":[\"https:\\\/\\\/memurunsesi.net\\\/index.php\\\/2025\\\/10\\\/08\\\/otomobilin-arkadan-carptigi-motosiklet-yoldan-cikti-1-yarali\\\/\"]}]},{\"@type\":\"ImageObject\",\"inLanguage\":\"tr\",\"@id\":\"https:\\\/\\\/memurunsesi.net\\\/index.php\\\/2025\\\/10\\\/08\\\/otomobilin-arkadan-carptigi-motosiklet-yoldan-cikti-1-yarali\\\/#primaryimage\",\"url\":\"https:\\\/\\\/memurunsesi.net\\\/wp-content\\\/uploads\\\/2025\\\/10\\\/AW554136_01.jpg\",\"contentUrl\":\"https:\\\/\\\/memurunsesi.net\\\/wp-content\\\/uploads\\\/2025\\\/10\\\/AW554136_01.jpg\",\"width\":1600,\"height\":900,\"caption\":\"KAYSER\u0130'N\u0130N MEL\u0130KGAZ\u0130 \u0130L\u00c7ES\u0130NDE OTOMOB\u0130L\u0130N ARKADAN \u00c7ARPTI\u011eI MOTOS\u0130KLET YOLDAN \u00c7IKARKEN, KAZADA MOTOS\u0130KLET S\u00dcR\u00dcC\u00dcS\u00dc YARALANDI. (M\u00dcKREM\u0130N KAYA\\\/KAYSER\u0130-\u0130HA) Kayseri'nin Melikgazi il\u00e7esinde otomobilin arkadan \u00e7arpt\u0131\u011f\u0131 motosiklet yoldan \u00e7\u0131kt\u0131. Meydana gelen kazada motosiklet s\u00fcr\u00fcc\u00fcs\u00fc yaraland\u0131.\"},{\"@type\":\"BreadcrumbList\",\"@id\":\"https:\\\/\\\/memurunsesi.net\\\/index.php\\\/2025\\\/10\\\/08\\\/otomobilin-arkadan-carptigi-motosiklet-yoldan-cikti-1-yarali\\\/#breadcrumb\",\"itemListElement\":[{\"@type\":\"ListItem\",\"position\":1,\"name\":\"Anasayfa\",\"item\":\"https:\\\/\\\/memurunsesi.net\\\/\"},{\"@type\":\"ListItem\",\"position\":2,\"name\":\"Otomobilin arkadan \u00e7arpt\u0131\u011f\u0131 motosiklet yoldan \u00e7\u0131kt\u0131: 1 yaral\u0131\"}]},{\"@type\":\"WebSite\",\"@id\":\"https:\\\/\\\/memurunsesi.net\\\/#website\",\"url\":\"https:\\\/\\\/memurunsesi.net\\\/\",\"name\":\"Memurun Sesi\",\"description\":\"G\u00fcncel ve Do\u011fru Haber\",\"publisher\":{\"@id\":\"https:\\\/\\\/memurunsesi.net\\\/#organization\"},\"potentialAction\":[{\"@type\":\"SearchAction\",\"target\":{\"@type\":\"EntryPoint\",\"urlTemplate\":\"https:\\\/\\\/memurunsesi.net\\\/?s={search_term_string}\"},\"query-input\":{\"@type\":\"PropertyValueSpecification\",\"valueRequired\":true,\"valueName\":\"search_term_string\"}}],\"inLanguage\":\"tr\"},{\"@type\":\"Organization\",\"@id\":\"https:\\\/\\\/memurunsesi.net\\\/#organization\",\"name\":\"Memurun Sesi\",\"url\":\"https:\\\/\\\/memurunsesi.net\\\/\",\"logo\":{\"@type\":\"ImageObject\",\"inLanguage\":\"tr\",\"@id\":\"https:\\\/\\\/memurunsesi.net\\\/#\\\/schema\\\/logo\\\/image\\\/\",\"url\":\"https:\\\/\\\/memurunsesi.net\\\/wp-content\\\/uploads\\\/2025\\\/11\\\/cropped-MEMURUN-SESI.png\",\"contentUrl\":\"https:\\\/\\\/memurunsesi.net\\\/wp-content\\\/uploads\\\/2025\\\/11\\\/cropped-MEMURUN-SESI.png\",\"width\":238,\"height\":57,\"caption\":\"Memurun Sesi\"},\"image\":{\"@id\":\"https:\\\/\\\/memurunsesi.net\\\/#\\\/schema\\\/logo\\\/image\\\/\"},\"sameAs\":[\"https:\\\/\\\/www.facebook.com\\\/unipersen\\\/?locale=tr_TR\",\"https:\\\/\\\/x.com\\\/unipersen\"]},{\"@type\":\"Person\",\"@id\":\"https:\\\/\\\/memurunsesi.net\\\/#\\\/schema\\\/person\\\/f21c2d73b89f6ee1d80b0a1803e38587\",\"name\":\"Memurun Sesi Haber Merkezi\",\"image\":{\"@type\":\"ImageObject\",\"inLanguage\":\"tr\",\"@id\":\"https:\\\/\\\/secure.gravatar.com\\\/avatar\\\/6cf0505f452ee753f485014986fab09a434671d2b919ee76fc541025c5876a70?s=96&d=mm&r=g\",\"url\":\"https:\\\/\\\/secure.gravatar.com\\\/avatar\\\/6cf0505f452ee753f485014986fab09a434671d2b919ee76fc541025c5876a70?s=96&d=mm&r=g\",\"contentUrl\":\"https:\\\/\\\/secure.gravatar.com\\\/avatar\\\/6cf0505f452ee753f485014986fab09a434671d2b919ee76fc541025c5876a70?s=96&d=mm&r=g\",\"caption\":\"Memurun Sesi Haber Merkezi\"},\"sameAs\":[\"https:\\\/\\\/memurunsesi.net\"],\"url\":\"https:\\\/\\\/memurunsesi.net\\\/index.php\\\/author\\\/uniper\\\/\"}]}<\/script>\n<!-- \/ Yoast SEO plugin. -->","yoast_head_json":{"title":"Otomobilin arkadan \u00e7arpt\u0131\u011f\u0131 motosiklet yoldan \u00e7\u0131kt\u0131: 1 yaral\u0131 - Memurun Sesi","robots":{"index":"index","follow":"follow","max-snippet":"max-snippet:-1","max-image-preview":"max-image-preview:large","max-video-preview":"max-video-preview:-1"},"canonical":"https:\/\/memurunsesi.net\/index.php\/2025\/10\/08\/otomobilin-arkadan-carptigi-motosiklet-yoldan-cikti-1-yarali\/","og_locale":"tr_TR","og_type":"article","og_title":"Otomobilin arkadan \u00e7arpt\u0131\u011f\u0131 motosiklet yoldan \u00e7\u0131kt\u0131: 1 yaral\u0131 - Memurun Sesi","og_description":"Kayseri&#8217;nin Melikgazi il\u00e7esinde otomobilin arkadan \u00e7arpt\u0131\u011f\u0131 motosiklet yoldan \u00e7\u0131kt\u0131. Meydana gelen kazada motosiklet s\u00fcr\u00fcc\u00fcs\u00fc yaraland\u0131. Edinilen bilgiye g\u00f6re, il\u00e7eye ba\u011fl\u0131 Tavlusun Mahallesi Salih G\u0131d\u0131k Caddesi&#8217;nde meydana gelen trafik kazas\u0131nda; S.U. y\u00f6netimindeki 34 NDZ 490 plakal\u0131 otomobille \u00f6n\u00fcnden seyreden F.\u00d6. idaresindeki 06 DNU 146 plakal\u0131 motosiklete arkadan \u00e7arpt\u0131. \u00c7arpman\u0131n etkisiyle direksiyon hakimiyetini kaybeden F.\u00d6. yoldan \u00e7\u0131karak [&hellip;]","og_url":"https:\/\/memurunsesi.net\/index.php\/2025\/10\/08\/otomobilin-arkadan-carptigi-motosiklet-yoldan-cikti-1-yarali\/","og_site_name":"Memurun Sesi","article_publisher":"https:\/\/www.facebook.com\/unipersen\/?locale=tr_TR","article_published_time":"2025-10-08T05:24:09+00:00","og_image":[{"width":1600,"height":900,"url":"https:\/\/memurunsesi.net\/wp-content\/uploads\/2025\/10\/AW554136_01.jpg","type":"image\/jpeg"}],"author":"Memurun Sesi Haber Merkezi","twitter_card":"summary_large_image","twitter_creator":"@unipersen","twitter_site":"@unipersen","twitter_misc":{"Yazan:":"Memurun Sesi Haber Merkezi","Tahmini okuma s\u00fcresi":"1 dakika"},"schema":{"@context":"https:\/\/schema.org","@graph":[{"@type":"Article","@id":"https:\/\/memurunsesi.net\/index.php\/2025\/10\/08\/otomobilin-arkadan-carptigi-motosiklet-yoldan-cikti-1-yarali\/#article","isPartOf":{"@id":"https:\/\/memurunsesi.net\/index.php\/2025\/10\/08\/otomobilin-arkadan-carptigi-motosiklet-yoldan-cikti-1-yarali\/"},"author":{"name":"Memurun Sesi Haber Merkezi","@id":"https:\/\/memurunsesi.net\/#\/schema\/person\/f21c2d73b89f6ee1d80b0a1803e38587"},"headline":"Otomobilin arkadan \u00e7arpt\u0131\u011f\u0131 motosiklet yoldan \u00e7\u0131kt\u0131: 1 yaral\u0131","datePublished":"2025-10-08T05:24:09+00:00","mainEntityOfPage":{"@id":"https:\/\/memurunsesi.net\/index.php\/2025\/10\/08\/otomobilin-arkadan-carptigi-motosiklet-yoldan-cikti-1-yarali\/"},"wordCount":130,"commentCount":0,"publisher":{"@id":"https:\/\/memurunsesi.net\/#organization"},"image":{"@id":"https:\/\/memurunsesi.net\/index.php\/2025\/10\/08\/otomobilin-arkadan-carptigi-motosiklet-yoldan-cikti-1-yarali\/#primaryimage"},"thumbnailUrl":"https:\/\/memurunsesi.net\/wp-content\/uploads\/2025\/10\/AW554136_01.jpg","articleSection":["G\u00fcndem"],"inLanguage":"tr","potentialAction":[{"@type":"CommentAction","name":"Comment","target":["https:\/\/memurunsesi.net\/index.php\/2025\/10\/08\/otomobilin-arkadan-carptigi-motosiklet-yoldan-cikti-1-yarali\/#respond"]}]},{"@type":"WebPage","@id":"https:\/\/memurunsesi.net\/index.php\/2025\/10\/08\/otomobilin-arkadan-carptigi-motosiklet-yoldan-cikti-1-yarali\/","url":"https:\/\/memurunsesi.net\/index.php\/2025\/10\/08\/otomobilin-arkadan-carptigi-motosiklet-yoldan-cikti-1-yarali\/","name":"Otomobilin arkadan \u00e7arpt\u0131\u011f\u0131 motosiklet yoldan \u00e7\u0131kt\u0131: 1 yaral\u0131 - Memurun Sesi","isPartOf":{"@id":"https:\/\/memurunsesi.net\/#website"},"primaryImageOfPage":{"@id":"https:\/\/memurunsesi.net\/index.php\/2025\/10\/08\/otomobilin-arkadan-carptigi-motosiklet-yoldan-cikti-1-yarali\/#primaryimage"},"image":{"@id":"https:\/\/memurunsesi.net\/index.php\/2025\/10\/08\/otomobilin-arkadan-carptigi-motosiklet-yoldan-cikti-1-yarali\/#primaryimage"},"thumbnailUrl":"https:\/\/memurunsesi.net\/wp-content\/uploads\/2025\/10\/AW554136_01.jpg","datePublished":"2025-10-08T05:24:09+00:00","breadcrumb":{"@id":"https:\/\/memurunsesi.net\/index.php\/2025\/10\/08\/otomobilin-arkadan-carptigi-motosiklet-yoldan-cikti-1-yarali\/#breadcrumb"},"inLanguage":"tr","potentialAction":[{"@type":"ReadAction","target":["https:\/\/memurunsesi.net\/index.php\/2025\/10\/08\/otomobilin-arkadan-carptigi-motosiklet-yoldan-cikti-1-yarali\/"]}]},{"@type":"ImageObject","inLanguage":"tr","@id":"https:\/\/memurunsesi.net\/index.php\/2025\/10\/08\/otomobilin-arkadan-carptigi-motosiklet-yoldan-cikti-1-yarali\/#primaryimage","url":"https:\/\/memurunsesi.net\/wp-content\/uploads\/2025\/10\/AW554136_01.jpg","contentUrl":"https:\/\/memurunsesi.net\/wp-content\/uploads\/2025\/10\/AW554136_01.jpg","width":1600,"height":900,"caption":"KAYSER\u0130'N\u0130N MEL\u0130KGAZ\u0130 \u0130L\u00c7ES\u0130NDE OTOMOB\u0130L\u0130N ARKADAN \u00c7ARPTI\u011eI MOTOS\u0130KLET YOLDAN \u00c7IKARKEN, KAZADA MOTOS\u0130KLET S\u00dcR\u00dcC\u00dcS\u00dc YARALANDI. (M\u00dcKREM\u0130N KAYA\/KAYSER\u0130-\u0130HA) Kayseri'nin Melikgazi il\u00e7esinde otomobilin arkadan \u00e7arpt\u0131\u011f\u0131 motosiklet yoldan \u00e7\u0131kt\u0131. Meydana gelen kazada motosiklet s\u00fcr\u00fcc\u00fcs\u00fc yaraland\u0131."},{"@type":"BreadcrumbList","@id":"https:\/\/memurunsesi.net\/index.php\/2025\/10\/08\/otomobilin-arkadan-carptigi-motosiklet-yoldan-cikti-1-yarali\/#breadcrumb","itemListElement":[{"@type":"ListItem","position":1,"name":"Anasayfa","item":"https:\/\/memurunsesi.net\/"},{"@type":"ListItem","position":2,"name":"Otomobilin arkadan \u00e7arpt\u0131\u011f\u0131 motosiklet yoldan \u00e7\u0131kt\u0131: 1 yaral\u0131"}]},{"@type":"WebSite","@id":"https:\/\/memurunsesi.net\/#website","url":"https:\/\/memurunsesi.net\/","name":"Memurun Sesi","description":"G\u00fcncel ve Do\u011fru Haber","publisher":{"@id":"https:\/\/memurunsesi.net\/#organization"},"potentialAction":[{"@type":"SearchAction","target":{"@type":"EntryPoint","urlTemplate":"https:\/\/memurunsesi.net\/?s={search_term_string}"},"query-input":{"@type":"PropertyValueSpecification","valueRequired":true,"valueName":"search_term_string"}}],"inLanguage":"tr"},{"@type":"Organization","@id":"https:\/\/memurunsesi.net\/#organization","name":"Memurun Sesi","url":"https:\/\/memurunsesi.net\/","logo":{"@type":"ImageObject","inLanguage":"tr","@id":"https:\/\/memurunsesi.net\/#\/schema\/logo\/image\/","url":"https:\/\/memurunsesi.net\/wp-content\/uploads\/2025\/11\/cropped-MEMURUN-SESI.png","contentUrl":"https:\/\/memurunsesi.net\/wp-content\/uploads\/2025\/11\/cropped-MEMURUN-SESI.png","width":238,"height":57,"caption":"Memurun Sesi"},"image":{"@id":"https:\/\/memurunsesi.net\/#\/schema\/logo\/image\/"},"sameAs":["https:\/\/www.facebook.com\/unipersen\/?locale=tr_TR","https:\/\/x.com\/unipersen"]},{"@type":"Person","@id":"https:\/\/memurunsesi.net\/#\/schema\/person\/f21c2d73b89f6ee1d80b0a1803e38587","name":"Memurun Sesi Haber Merkezi","image":{"@type":"ImageObject","inLanguage":"tr","@id":"https:\/\/secure.gravatar.com\/avatar\/6cf0505f452ee753f485014986fab09a434671d2b919ee76fc541025c5876a70?s=96&d=mm&r=g","url":"https:\/\/secure.gravatar.com\/avatar\/6cf0505f452ee753f485014986fab09a434671d2b919ee76fc541025c5876a70?s=96&d=mm&r=g","contentUrl":"https:\/\/secure.gravatar.com\/avatar\/6cf0505f452ee753f485014986fab09a434671d2b919ee76fc541025c5876a70?s=96&d=mm&r=g","caption":"Memurun Sesi Haber Merkezi"},"sameAs":["https:\/\/memurunsesi.net"],"url":"https:\/\/memurunsesi.net\/index.php\/author\/uniper\/"}]}},"_links":{"self":[{"href":"https:\/\/memurunsesi.net\/index.php\/wp-json\/wp\/v2\/posts\/12654","targetHints":{"allow":["GET"]}}],"collection":[{"href":"https:\/\/memurunsesi.net\/index.php\/wp-json\/wp\/v2\/posts"}],"about":[{"href":"https:\/\/memurunsesi.net\/index.php\/wp-json\/wp\/v2\/types\/post"}],"author":[{"embeddable":true,"href":"https:\/\/memurunsesi.net\/index.php\/wp-json\/wp\/v2\/users\/1"}],"replies":[{"embeddable":true,"href":"https:\/\/memurunsesi.net\/index.php\/wp-json\/wp\/v2\/comments?post=12654"}],"version-history":[{"count":1,"href":"https:\/\/memurunsesi.net\/index.php\/wp-json\/wp\/v2\/posts\/12654\/revisions"}],"predecessor-version":[{"id":12656,"href":"https:\/\/memurunsesi.net\/index.php\/wp-json\/wp\/v2\/posts\/12654\/revisions\/12656"}],"wp:featuredmedia":[{"embeddable":true,"href":"https:\/\/memurunsesi.net\/index.php\/wp-json\/wp\/v2\/media\/12655"}],"wp:attachment":[{"href":"https:\/\/memurunsesi.net\/index.php\/wp-json\/wp\/v2\/media?parent=12654"}],"wp:term":[{"taxonomy":"category","embeddable":true,"href":"https:\/\/memurunsesi.net\/index.php\/wp-json\/wp\/v2\/categories?post=12654"},{"taxonomy":"post_tag","embeddable":true,"href":"https:\/\/memurunsesi.net\/index.php\/wp-json\/wp\/v2\/tags?post=12654"}],"curies":[{"name":"wp","href":"https:\/\/api.w.org\/{rel}","templated":true}]}}