{"id":12657,"date":"2025-10-08T08:25:58","date_gmt":"2025-10-08T05:25:58","guid":{"rendered":"https:\/\/memurunsesi.net\/?p=12657"},"modified":"2025-10-08T08:25:58","modified_gmt":"2025-10-08T05:25:58","slug":"istanbul-gune-yagmurla-basladi","status":"publish","type":"post","link":"https:\/\/memurunsesi.net\/index.php\/2025\/10\/08\/istanbul-gune-yagmurla-basladi\/","title":{"rendered":"\u0130stanbul g\u00fcne ya\u011fmurla ba\u015flad\u0131"},"content":{"rendered":"<p>   Meteoroloji Genel M\u00fcd\u00fcrl\u00fc\u011f\u00fc&#8217;n\u00fcn yapt\u0131\u011f\u0131 uyar\u0131lar\u0131n ard\u0131ndan \u0130stanbul&#8217;da d\u00fcn ba\u015flayan ya\u011fmur, bu sabah da etkisini g\u00f6stermeye devam etti.<br \/>\n  Sabah\u0131n ilk \u0131\u015f\u0131klar\u0131nda i\u015fe ve okula gitmek i\u00e7in yola \u00e7\u0131kan vatanda\u015flar, \u015femsiyeleriyle y\u00fcr\u00fcrken haz\u0131rl\u0131ks\u0131z yakalananlar zor anlar ya\u015fad\u0131. Ya\u011f\u0131\u015f nedeniyle otob\u00fcs duraklar\u0131nda yo\u011funluk olu\u015furken, trafikte de yer yer aksamalar meydana geldi.<br \/>\n  \u0130BB verilerine g\u00f6re sabah saatlerinde trafik yo\u011funlu\u011fu Avrupa Yakas\u0131&#8217;nda y\u00fczde 51, Anadolu Yakas\u0131&#8217;nda y\u00fczde 83 olarak \u00f6l\u00e7\u00fcld\u00fc. Ya\u011f\u0131\u015flar\u0131n g\u00fcn boyu aral\u0131klarla etkili olabilece\u011fi \u00f6\u011frenildi. <\/p>\n<p>8.10.2025                                  <\/p>\n","protected":false},"excerpt":{"rendered":"<p>Meteoroloji Genel M\u00fcd\u00fcrl\u00fc\u011f\u00fc&#8217;n\u00fcn yapt\u0131\u011f\u0131 uyar\u0131lar\u0131n ard\u0131ndan \u0130stanbul&#8217;da d\u00fcn ba\u015flayan ya\u011fmur, bu sabah da etkisini g\u00f6stermeye devam etti. Sabah\u0131n ilk \u0131\u015f\u0131klar\u0131nda i\u015fe ve okula gitmek i\u00e7in yola \u00e7\u0131kan vatanda\u015flar, \u015femsiyeleriyle y\u00fcr\u00fcrken haz\u0131rl\u0131ks\u0131z yakalananlar zor anlar ya\u015fad\u0131. Ya\u011f\u0131\u015f nedeniyle otob\u00fcs duraklar\u0131nda yo\u011funluk olu\u015furken, trafikte de yer yer aksamalar meydana geldi. \u0130BB verilerine g\u00f6re sabah saatlerinde trafik yo\u011funlu\u011fu [&hellip;]<\/p>\n","protected":false},"author":1,"featured_media":12658,"comment_status":"open","ping_status":"open","sticky":false,"template":"","format":"standard","meta":{"footnotes":""},"categories":[1],"tags":[],"class_list":["post-12657","post","type-post","status-publish","format-standard","has-post-thumbnail","hentry","category-genel"],"yoast_head":"<!-- This site is optimized with the Yoast SEO plugin v27.4 - https:\/\/yoast.com\/product\/yoast-seo-wordpress\/ -->\n<title>\u0130stanbul g\u00fcne ya\u011fmurla ba\u015flad\u0131 - Memurun Sesi<\/title>\n<meta name=\"robots\" content=\"index, follow, max-snippet:-1, max-image-preview:large, max-video-preview:-1\" \/>\n<link rel=\"canonical\" href=\"https:\/\/memurunsesi.net\/index.php\/2025\/10\/08\/istanbul-gune-yagmurla-basladi\/\" \/>\n<meta property=\"og:locale\" content=\"tr_TR\" \/>\n<meta property=\"og:type\" content=\"article\" \/>\n<meta property=\"og:title\" content=\"\u0130stanbul g\u00fcne ya\u011fmurla ba\u015flad\u0131 - Memurun Sesi\" \/>\n<meta property=\"og:description\" content=\"Meteoroloji Genel M\u00fcd\u00fcrl\u00fc\u011f\u00fc&#8217;n\u00fcn yapt\u0131\u011f\u0131 uyar\u0131lar\u0131n ard\u0131ndan \u0130stanbul&#8217;da d\u00fcn ba\u015flayan ya\u011fmur, bu sabah da etkisini g\u00f6stermeye devam etti. Sabah\u0131n ilk \u0131\u015f\u0131klar\u0131nda i\u015fe ve okula gitmek i\u00e7in yola \u00e7\u0131kan vatanda\u015flar, \u015femsiyeleriyle y\u00fcr\u00fcrken haz\u0131rl\u0131ks\u0131z yakalananlar zor anlar ya\u015fad\u0131. Ya\u011f\u0131\u015f nedeniyle otob\u00fcs duraklar\u0131nda yo\u011funluk olu\u015furken, trafikte de yer yer aksamalar meydana geldi. \u0130BB verilerine g\u00f6re sabah saatlerinde trafik yo\u011funlu\u011fu [&hellip;]\" \/>\n<meta property=\"og:url\" content=\"https:\/\/memurunsesi.net\/index.php\/2025\/10\/08\/istanbul-gune-yagmurla-basladi\/\" \/>\n<meta property=\"og:site_name\" content=\"Memurun Sesi\" \/>\n<meta property=\"article:publisher\" content=\"https:\/\/www.facebook.com\/unipersen\/?locale=tr_TR\" \/>\n<meta property=\"article:published_time\" content=\"2025-10-08T05:25:58+00:00\" \/>\n<meta property=\"og:image\" content=\"https:\/\/memurunsesi.net\/wp-content\/uploads\/2025\/10\/AW554142_01.jpg\" \/>\n\t<meta property=\"og:image:width\" content=\"1920\" \/>\n\t<meta property=\"og:image:height\" content=\"1080\" \/>\n\t<meta property=\"og:image:type\" content=\"image\/jpeg\" \/>\n<meta name=\"author\" content=\"Memurun Sesi Haber Merkezi\" \/>\n<meta name=\"twitter:card\" content=\"summary_large_image\" \/>\n<meta name=\"twitter:creator\" content=\"@unipersen\" \/>\n<meta name=\"twitter:site\" content=\"@unipersen\" \/>\n<meta name=\"twitter:label1\" content=\"Yazan:\" \/>\n\t<meta name=\"twitter:data1\" content=\"Memurun Sesi Haber Merkezi\" \/>\n\t<meta name=\"twitter:label2\" content=\"Tahmini okuma s\u00fcresi\" \/>\n\t<meta name=\"twitter:data2\" content=\"1 dakika\" \/>\n<script type=\"application\/ld+json\" class=\"yoast-schema-graph\">{\"@context\":\"https:\\\/\\\/schema.org\",\"@graph\":[{\"@type\":\"Article\",\"@id\":\"https:\\\/\\\/memurunsesi.net\\\/index.php\\\/2025\\\/10\\\/08\\\/istanbul-gune-yagmurla-basladi\\\/#article\",\"isPartOf\":{\"@id\":\"https:\\\/\\\/memurunsesi.net\\\/index.php\\\/2025\\\/10\\\/08\\\/istanbul-gune-yagmurla-basladi\\\/\"},\"author\":{\"name\":\"Memurun Sesi Haber Merkezi\",\"@id\":\"https:\\\/\\\/memurunsesi.net\\\/#\\\/schema\\\/person\\\/f21c2d73b89f6ee1d80b0a1803e38587\"},\"headline\":\"\u0130stanbul g\u00fcne ya\u011fmurla ba\u015flad\u0131\",\"datePublished\":\"2025-10-08T05:25:58+00:00\",\"mainEntityOfPage\":{\"@id\":\"https:\\\/\\\/memurunsesi.net\\\/index.php\\\/2025\\\/10\\\/08\\\/istanbul-gune-yagmurla-basladi\\\/\"},\"wordCount\":117,\"commentCount\":0,\"publisher\":{\"@id\":\"https:\\\/\\\/memurunsesi.net\\\/#organization\"},\"image\":{\"@id\":\"https:\\\/\\\/memurunsesi.net\\\/index.php\\\/2025\\\/10\\\/08\\\/istanbul-gune-yagmurla-basladi\\\/#primaryimage\"},\"thumbnailUrl\":\"https:\\\/\\\/memurunsesi.net\\\/wp-content\\\/uploads\\\/2025\\\/10\\\/AW554142_01.jpg\",\"inLanguage\":\"tr\",\"potentialAction\":[{\"@type\":\"CommentAction\",\"name\":\"Comment\",\"target\":[\"https:\\\/\\\/memurunsesi.net\\\/index.php\\\/2025\\\/10\\\/08\\\/istanbul-gune-yagmurla-basladi\\\/#respond\"]}]},{\"@type\":\"WebPage\",\"@id\":\"https:\\\/\\\/memurunsesi.net\\\/index.php\\\/2025\\\/10\\\/08\\\/istanbul-gune-yagmurla-basladi\\\/\",\"url\":\"https:\\\/\\\/memurunsesi.net\\\/index.php\\\/2025\\\/10\\\/08\\\/istanbul-gune-yagmurla-basladi\\\/\",\"name\":\"\u0130stanbul g\u00fcne ya\u011fmurla ba\u015flad\u0131 - Memurun Sesi\",\"isPartOf\":{\"@id\":\"https:\\\/\\\/memurunsesi.net\\\/#website\"},\"primaryImageOfPage\":{\"@id\":\"https:\\\/\\\/memurunsesi.net\\\/index.php\\\/2025\\\/10\\\/08\\\/istanbul-gune-yagmurla-basladi\\\/#primaryimage\"},\"image\":{\"@id\":\"https:\\\/\\\/memurunsesi.net\\\/index.php\\\/2025\\\/10\\\/08\\\/istanbul-gune-yagmurla-basladi\\\/#primaryimage\"},\"thumbnailUrl\":\"https:\\\/\\\/memurunsesi.net\\\/wp-content\\\/uploads\\\/2025\\\/10\\\/AW554142_01.jpg\",\"datePublished\":\"2025-10-08T05:25:58+00:00\",\"breadcrumb\":{\"@id\":\"https:\\\/\\\/memurunsesi.net\\\/index.php\\\/2025\\\/10\\\/08\\\/istanbul-gune-yagmurla-basladi\\\/#breadcrumb\"},\"inLanguage\":\"tr\",\"potentialAction\":[{\"@type\":\"ReadAction\",\"target\":[\"https:\\\/\\\/memurunsesi.net\\\/index.php\\\/2025\\\/10\\\/08\\\/istanbul-gune-yagmurla-basladi\\\/\"]}]},{\"@type\":\"ImageObject\",\"inLanguage\":\"tr\",\"@id\":\"https:\\\/\\\/memurunsesi.net\\\/index.php\\\/2025\\\/10\\\/08\\\/istanbul-gune-yagmurla-basladi\\\/#primaryimage\",\"url\":\"https:\\\/\\\/memurunsesi.net\\\/wp-content\\\/uploads\\\/2025\\\/10\\\/AW554142_01.jpg\",\"contentUrl\":\"https:\\\/\\\/memurunsesi.net\\\/wp-content\\\/uploads\\\/2025\\\/10\\\/AW554142_01.jpg\",\"width\":1920,\"height\":1080,\"caption\":\"\u0130STANBUL (\u0130HA) - METEOROLOJ\u0130 GENEL M\u00dcD\u00dcRL\u00dc\u011e\u00dc'N\u00dcN YAPTI\u011eI UYARILARIN ARDINDAN \u0130STANBUL'DA D\u00dcN BA\u015eLAYAN YA\u011eMUR, BU SABAHTA ETK\u0130S\u0130N\u0130 G\u00d6STERMEYE DEVAM ETT\u0130. (MET\u0130N BA\u015eAR - SELAM\u0130 BERKE KAYA\\\/\u0130STANBUL-\u0130HA) Meteoroloji Genel M\u00fcd\u00fcrl\u00fc\u011f\u00fc'n\u00fcn yapt\u0131\u011f\u0131 uyar\u0131lar\u0131n ard\u0131ndan \u0130stanbul'da d\u00fcn ba\u015flayan ya\u011fmur, bu sabah da etkisini g\u00f6stermeye devam etti.\"},{\"@type\":\"BreadcrumbList\",\"@id\":\"https:\\\/\\\/memurunsesi.net\\\/index.php\\\/2025\\\/10\\\/08\\\/istanbul-gune-yagmurla-basladi\\\/#breadcrumb\",\"itemListElement\":[{\"@type\":\"ListItem\",\"position\":1,\"name\":\"Anasayfa\",\"item\":\"https:\\\/\\\/memurunsesi.net\\\/\"},{\"@type\":\"ListItem\",\"position\":2,\"name\":\"\u0130stanbul g\u00fcne ya\u011fmurla ba\u015flad\u0131\"}]},{\"@type\":\"WebSite\",\"@id\":\"https:\\\/\\\/memurunsesi.net\\\/#website\",\"url\":\"https:\\\/\\\/memurunsesi.net\\\/\",\"name\":\"Memurun Sesi\",\"description\":\"G\u00fcncel ve Do\u011fru Haber\",\"publisher\":{\"@id\":\"https:\\\/\\\/memurunsesi.net\\\/#organization\"},\"potentialAction\":[{\"@type\":\"SearchAction\",\"target\":{\"@type\":\"EntryPoint\",\"urlTemplate\":\"https:\\\/\\\/memurunsesi.net\\\/?s={search_term_string}\"},\"query-input\":{\"@type\":\"PropertyValueSpecification\",\"valueRequired\":true,\"valueName\":\"search_term_string\"}}],\"inLanguage\":\"tr\"},{\"@type\":\"Organization\",\"@id\":\"https:\\\/\\\/memurunsesi.net\\\/#organization\",\"name\":\"Memurun Sesi\",\"url\":\"https:\\\/\\\/memurunsesi.net\\\/\",\"logo\":{\"@type\":\"ImageObject\",\"inLanguage\":\"tr\",\"@id\":\"https:\\\/\\\/memurunsesi.net\\\/#\\\/schema\\\/logo\\\/image\\\/\",\"url\":\"https:\\\/\\\/memurunsesi.net\\\/wp-content\\\/uploads\\\/2025\\\/11\\\/cropped-MEMURUN-SESI.png\",\"contentUrl\":\"https:\\\/\\\/memurunsesi.net\\\/wp-content\\\/uploads\\\/2025\\\/11\\\/cropped-MEMURUN-SESI.png\",\"width\":238,\"height\":57,\"caption\":\"Memurun Sesi\"},\"image\":{\"@id\":\"https:\\\/\\\/memurunsesi.net\\\/#\\\/schema\\\/logo\\\/image\\\/\"},\"sameAs\":[\"https:\\\/\\\/www.facebook.com\\\/unipersen\\\/?locale=tr_TR\",\"https:\\\/\\\/x.com\\\/unipersen\"]},{\"@type\":\"Person\",\"@id\":\"https:\\\/\\\/memurunsesi.net\\\/#\\\/schema\\\/person\\\/f21c2d73b89f6ee1d80b0a1803e38587\",\"name\":\"Memurun Sesi Haber Merkezi\",\"image\":{\"@type\":\"ImageObject\",\"inLanguage\":\"tr\",\"@id\":\"https:\\\/\\\/secure.gravatar.com\\\/avatar\\\/6cf0505f452ee753f485014986fab09a434671d2b919ee76fc541025c5876a70?s=96&d=mm&r=g\",\"url\":\"https:\\\/\\\/secure.gravatar.com\\\/avatar\\\/6cf0505f452ee753f485014986fab09a434671d2b919ee76fc541025c5876a70?s=96&d=mm&r=g\",\"contentUrl\":\"https:\\\/\\\/secure.gravatar.com\\\/avatar\\\/6cf0505f452ee753f485014986fab09a434671d2b919ee76fc541025c5876a70?s=96&d=mm&r=g\",\"caption\":\"Memurun Sesi Haber Merkezi\"},\"sameAs\":[\"https:\\\/\\\/memurunsesi.net\"],\"url\":\"https:\\\/\\\/memurunsesi.net\\\/index.php\\\/author\\\/uniper\\\/\"}]}<\/script>\n<!-- \/ Yoast SEO plugin. -->","yoast_head_json":{"title":"\u0130stanbul g\u00fcne ya\u011fmurla ba\u015flad\u0131 - Memurun Sesi","robots":{"index":"index","follow":"follow","max-snippet":"max-snippet:-1","max-image-preview":"max-image-preview:large","max-video-preview":"max-video-preview:-1"},"canonical":"https:\/\/memurunsesi.net\/index.php\/2025\/10\/08\/istanbul-gune-yagmurla-basladi\/","og_locale":"tr_TR","og_type":"article","og_title":"\u0130stanbul g\u00fcne ya\u011fmurla ba\u015flad\u0131 - Memurun Sesi","og_description":"Meteoroloji Genel M\u00fcd\u00fcrl\u00fc\u011f\u00fc&#8217;n\u00fcn yapt\u0131\u011f\u0131 uyar\u0131lar\u0131n ard\u0131ndan \u0130stanbul&#8217;da d\u00fcn ba\u015flayan ya\u011fmur, bu sabah da etkisini g\u00f6stermeye devam etti. Sabah\u0131n ilk \u0131\u015f\u0131klar\u0131nda i\u015fe ve okula gitmek i\u00e7in yola \u00e7\u0131kan vatanda\u015flar, \u015femsiyeleriyle y\u00fcr\u00fcrken haz\u0131rl\u0131ks\u0131z yakalananlar zor anlar ya\u015fad\u0131. Ya\u011f\u0131\u015f nedeniyle otob\u00fcs duraklar\u0131nda yo\u011funluk olu\u015furken, trafikte de yer yer aksamalar meydana geldi. \u0130BB verilerine g\u00f6re sabah saatlerinde trafik yo\u011funlu\u011fu [&hellip;]","og_url":"https:\/\/memurunsesi.net\/index.php\/2025\/10\/08\/istanbul-gune-yagmurla-basladi\/","og_site_name":"Memurun Sesi","article_publisher":"https:\/\/www.facebook.com\/unipersen\/?locale=tr_TR","article_published_time":"2025-10-08T05:25:58+00:00","og_image":[{"width":1920,"height":1080,"url":"https:\/\/memurunsesi.net\/wp-content\/uploads\/2025\/10\/AW554142_01.jpg","type":"image\/jpeg"}],"author":"Memurun Sesi Haber Merkezi","twitter_card":"summary_large_image","twitter_creator":"@unipersen","twitter_site":"@unipersen","twitter_misc":{"Yazan:":"Memurun Sesi Haber Merkezi","Tahmini okuma s\u00fcresi":"1 dakika"},"schema":{"@context":"https:\/\/schema.org","@graph":[{"@type":"Article","@id":"https:\/\/memurunsesi.net\/index.php\/2025\/10\/08\/istanbul-gune-yagmurla-basladi\/#article","isPartOf":{"@id":"https:\/\/memurunsesi.net\/index.php\/2025\/10\/08\/istanbul-gune-yagmurla-basladi\/"},"author":{"name":"Memurun Sesi Haber Merkezi","@id":"https:\/\/memurunsesi.net\/#\/schema\/person\/f21c2d73b89f6ee1d80b0a1803e38587"},"headline":"\u0130stanbul g\u00fcne ya\u011fmurla ba\u015flad\u0131","datePublished":"2025-10-08T05:25:58+00:00","mainEntityOfPage":{"@id":"https:\/\/memurunsesi.net\/index.php\/2025\/10\/08\/istanbul-gune-yagmurla-basladi\/"},"wordCount":117,"commentCount":0,"publisher":{"@id":"https:\/\/memurunsesi.net\/#organization"},"image":{"@id":"https:\/\/memurunsesi.net\/index.php\/2025\/10\/08\/istanbul-gune-yagmurla-basladi\/#primaryimage"},"thumbnailUrl":"https:\/\/memurunsesi.net\/wp-content\/uploads\/2025\/10\/AW554142_01.jpg","inLanguage":"tr","potentialAction":[{"@type":"CommentAction","name":"Comment","target":["https:\/\/memurunsesi.net\/index.php\/2025\/10\/08\/istanbul-gune-yagmurla-basladi\/#respond"]}]},{"@type":"WebPage","@id":"https:\/\/memurunsesi.net\/index.php\/2025\/10\/08\/istanbul-gune-yagmurla-basladi\/","url":"https:\/\/memurunsesi.net\/index.php\/2025\/10\/08\/istanbul-gune-yagmurla-basladi\/","name":"\u0130stanbul g\u00fcne ya\u011fmurla ba\u015flad\u0131 - Memurun Sesi","isPartOf":{"@id":"https:\/\/memurunsesi.net\/#website"},"primaryImageOfPage":{"@id":"https:\/\/memurunsesi.net\/index.php\/2025\/10\/08\/istanbul-gune-yagmurla-basladi\/#primaryimage"},"image":{"@id":"https:\/\/memurunsesi.net\/index.php\/2025\/10\/08\/istanbul-gune-yagmurla-basladi\/#primaryimage"},"thumbnailUrl":"https:\/\/memurunsesi.net\/wp-content\/uploads\/2025\/10\/AW554142_01.jpg","datePublished":"2025-10-08T05:25:58+00:00","breadcrumb":{"@id":"https:\/\/memurunsesi.net\/index.php\/2025\/10\/08\/istanbul-gune-yagmurla-basladi\/#breadcrumb"},"inLanguage":"tr","potentialAction":[{"@type":"ReadAction","target":["https:\/\/memurunsesi.net\/index.php\/2025\/10\/08\/istanbul-gune-yagmurla-basladi\/"]}]},{"@type":"ImageObject","inLanguage":"tr","@id":"https:\/\/memurunsesi.net\/index.php\/2025\/10\/08\/istanbul-gune-yagmurla-basladi\/#primaryimage","url":"https:\/\/memurunsesi.net\/wp-content\/uploads\/2025\/10\/AW554142_01.jpg","contentUrl":"https:\/\/memurunsesi.net\/wp-content\/uploads\/2025\/10\/AW554142_01.jpg","width":1920,"height":1080,"caption":"\u0130STANBUL (\u0130HA) - METEOROLOJ\u0130 GENEL M\u00dcD\u00dcRL\u00dc\u011e\u00dc'N\u00dcN YAPTI\u011eI UYARILARIN ARDINDAN \u0130STANBUL'DA D\u00dcN BA\u015eLAYAN YA\u011eMUR, BU SABAHTA ETK\u0130S\u0130N\u0130 G\u00d6STERMEYE DEVAM ETT\u0130. (MET\u0130N BA\u015eAR - SELAM\u0130 BERKE KAYA\/\u0130STANBUL-\u0130HA) Meteoroloji Genel M\u00fcd\u00fcrl\u00fc\u011f\u00fc'n\u00fcn yapt\u0131\u011f\u0131 uyar\u0131lar\u0131n ard\u0131ndan \u0130stanbul'da d\u00fcn ba\u015flayan ya\u011fmur, bu sabah da etkisini g\u00f6stermeye devam etti."},{"@type":"BreadcrumbList","@id":"https:\/\/memurunsesi.net\/index.php\/2025\/10\/08\/istanbul-gune-yagmurla-basladi\/#breadcrumb","itemListElement":[{"@type":"ListItem","position":1,"name":"Anasayfa","item":"https:\/\/memurunsesi.net\/"},{"@type":"ListItem","position":2,"name":"\u0130stanbul g\u00fcne ya\u011fmurla ba\u015flad\u0131"}]},{"@type":"WebSite","@id":"https:\/\/memurunsesi.net\/#website","url":"https:\/\/memurunsesi.net\/","name":"Memurun Sesi","description":"G\u00fcncel ve Do\u011fru Haber","publisher":{"@id":"https:\/\/memurunsesi.net\/#organization"},"potentialAction":[{"@type":"SearchAction","target":{"@type":"EntryPoint","urlTemplate":"https:\/\/memurunsesi.net\/?s={search_term_string}"},"query-input":{"@type":"PropertyValueSpecification","valueRequired":true,"valueName":"search_term_string"}}],"inLanguage":"tr"},{"@type":"Organization","@id":"https:\/\/memurunsesi.net\/#organization","name":"Memurun Sesi","url":"https:\/\/memurunsesi.net\/","logo":{"@type":"ImageObject","inLanguage":"tr","@id":"https:\/\/memurunsesi.net\/#\/schema\/logo\/image\/","url":"https:\/\/memurunsesi.net\/wp-content\/uploads\/2025\/11\/cropped-MEMURUN-SESI.png","contentUrl":"https:\/\/memurunsesi.net\/wp-content\/uploads\/2025\/11\/cropped-MEMURUN-SESI.png","width":238,"height":57,"caption":"Memurun Sesi"},"image":{"@id":"https:\/\/memurunsesi.net\/#\/schema\/logo\/image\/"},"sameAs":["https:\/\/www.facebook.com\/unipersen\/?locale=tr_TR","https:\/\/x.com\/unipersen"]},{"@type":"Person","@id":"https:\/\/memurunsesi.net\/#\/schema\/person\/f21c2d73b89f6ee1d80b0a1803e38587","name":"Memurun Sesi Haber Merkezi","image":{"@type":"ImageObject","inLanguage":"tr","@id":"https:\/\/secure.gravatar.com\/avatar\/6cf0505f452ee753f485014986fab09a434671d2b919ee76fc541025c5876a70?s=96&d=mm&r=g","url":"https:\/\/secure.gravatar.com\/avatar\/6cf0505f452ee753f485014986fab09a434671d2b919ee76fc541025c5876a70?s=96&d=mm&r=g","contentUrl":"https:\/\/secure.gravatar.com\/avatar\/6cf0505f452ee753f485014986fab09a434671d2b919ee76fc541025c5876a70?s=96&d=mm&r=g","caption":"Memurun Sesi Haber Merkezi"},"sameAs":["https:\/\/memurunsesi.net"],"url":"https:\/\/memurunsesi.net\/index.php\/author\/uniper\/"}]}},"_links":{"self":[{"href":"https:\/\/memurunsesi.net\/index.php\/wp-json\/wp\/v2\/posts\/12657","targetHints":{"allow":["GET"]}}],"collection":[{"href":"https:\/\/memurunsesi.net\/index.php\/wp-json\/wp\/v2\/posts"}],"about":[{"href":"https:\/\/memurunsesi.net\/index.php\/wp-json\/wp\/v2\/types\/post"}],"author":[{"embeddable":true,"href":"https:\/\/memurunsesi.net\/index.php\/wp-json\/wp\/v2\/users\/1"}],"replies":[{"embeddable":true,"href":"https:\/\/memurunsesi.net\/index.php\/wp-json\/wp\/v2\/comments?post=12657"}],"version-history":[{"count":1,"href":"https:\/\/memurunsesi.net\/index.php\/wp-json\/wp\/v2\/posts\/12657\/revisions"}],"predecessor-version":[{"id":12659,"href":"https:\/\/memurunsesi.net\/index.php\/wp-json\/wp\/v2\/posts\/12657\/revisions\/12659"}],"wp:featuredmedia":[{"embeddable":true,"href":"https:\/\/memurunsesi.net\/index.php\/wp-json\/wp\/v2\/media\/12658"}],"wp:attachment":[{"href":"https:\/\/memurunsesi.net\/index.php\/wp-json\/wp\/v2\/media?parent=12657"}],"wp:term":[{"taxonomy":"category","embeddable":true,"href":"https:\/\/memurunsesi.net\/index.php\/wp-json\/wp\/v2\/categories?post=12657"},{"taxonomy":"post_tag","embeddable":true,"href":"https:\/\/memurunsesi.net\/index.php\/wp-json\/wp\/v2\/tags?post=12657"}],"curies":[{"name":"wp","href":"https:\/\/api.w.org\/{rel}","templated":true}]}}