{"id":12663,"date":"2025-10-08T08:28:15","date_gmt":"2025-10-08T05:28:15","guid":{"rendered":"https:\/\/memurunsesi.net\/?p=12663"},"modified":"2025-10-08T08:28:15","modified_gmt":"2025-10-08T05:28:15","slug":"amasyada-5-binden-fazla-kisinin-katilimiyla-filistine-destek-yuruyusu-duzenlendi","status":"publish","type":"post","link":"https:\/\/memurunsesi.net\/index.php\/2025\/10\/08\/amasyada-5-binden-fazla-kisinin-katilimiyla-filistine-destek-yuruyusu-duzenlendi\/","title":{"rendered":"Amasya\u2019da 5 binden fazla ki\u015finin kat\u0131l\u0131m\u0131yla Filistin\u2019e destek y\u00fcr\u00fcy\u00fc\u015f\u00fc d\u00fczenlendi"},"content":{"rendered":"<p>   Amasya\u2019da 5 binden fazla ki\u015finin kat\u0131l\u0131m\u0131yla kat\u0131l\u0131m\u0131yla &#8220;Gazze kararl\u0131l\u0131k ve Sumud\u2019a selam&#8221; y\u00fcr\u00fcy\u00fc\u015f\u00fc d\u00fczenlendi. Y\u00fcr\u00fcy\u00fc\u015fe kat\u0131lanlar ellerinde T\u00fcrk ve Filistin bayraklar\u0131 ta\u015f\u0131yarak \u0130srail\u2019in soyk\u0131r\u0131m uygulad\u0131\u011f\u0131 Gazze halk\u0131na destek sloganlar\u0131 att\u0131.<br \/>\n  Amasya G\u00f6n\u00fcll\u00fc Kurulu\u015flar Birli\u011fi (G\u00d6KB\u0130R) taraf\u0131ndan d\u00fczenlenen y\u00fcr\u00fcy\u00fc\u015f Hz. \u00d6mer Cami \u00f6n\u00fcnden ba\u015flayarak Amasya E\u011fitim Fak\u00fcltesi \u00f6n\u00fcnde son buldu. Y\u00fcr\u00fcy\u00fc\u015f\u00fcn sonunda Filistinliler i\u00e7in dua edildi.<br \/>\nY\u00fcr\u00fcy\u00fc\u015fe kat\u0131lan AK Parti Amasya \u0130l Ba\u015fkan\u0131 Galip Uzun, &#8220;Sadece eylem ve y\u00fcr\u00fcy\u00fc\u015flerle kendimizi g\u00f6stermeyece\u011fiz. Boykotu sonuna kadar uygulayarak yerli ve milli \u00fcr\u00fcnlere dikkat edece\u011fiz&#8221; dedi. Cumhurba\u015fkan\u0131 Recep Tayyip Erdo\u011fan\u2019\u0131n Filistin davas\u0131n\u0131 d\u00fcnyan\u0131n her yan\u0131nda seslendirdi\u011fini vurgulayan Uzun, &#8220;\u00d6zg\u00fcr bir Filistin devleti kurulana kadar, kal\u0131c\u0131 bar\u0131\u015f ortam\u0131 sa\u011flan\u0131ncaya kadar m\u00fccadelenin ve hak davan\u0131n pe\u015finde olmaya devam edece\u011fiz&#8221; diye konu\u015ftu. <\/p>\n<p>8.10.2025                                 <\/p>\n","protected":false},"excerpt":{"rendered":"<p>Amasya\u2019da 5 binden fazla ki\u015finin kat\u0131l\u0131m\u0131yla kat\u0131l\u0131m\u0131yla &#8220;Gazze kararl\u0131l\u0131k ve Sumud\u2019a selam&#8221; y\u00fcr\u00fcy\u00fc\u015f\u00fc d\u00fczenlendi. Y\u00fcr\u00fcy\u00fc\u015fe kat\u0131lanlar ellerinde T\u00fcrk ve Filistin bayraklar\u0131 ta\u015f\u0131yarak \u0130srail\u2019in soyk\u0131r\u0131m uygulad\u0131\u011f\u0131 Gazze halk\u0131na destek sloganlar\u0131 att\u0131. Amasya G\u00f6n\u00fcll\u00fc Kurulu\u015flar Birli\u011fi (G\u00d6KB\u0130R) taraf\u0131ndan d\u00fczenlenen y\u00fcr\u00fcy\u00fc\u015f Hz. \u00d6mer Cami \u00f6n\u00fcnden ba\u015flayarak Amasya E\u011fitim Fak\u00fcltesi \u00f6n\u00fcnde son buldu. Y\u00fcr\u00fcy\u00fc\u015f\u00fcn sonunda Filistinliler i\u00e7in dua edildi. [&hellip;]<\/p>\n","protected":false},"author":1,"featured_media":12664,"comment_status":"open","ping_status":"open","sticky":false,"template":"","format":"standard","meta":{"footnotes":""},"categories":[1],"tags":[],"class_list":["post-12663","post","type-post","status-publish","format-standard","has-post-thumbnail","hentry","category-genel"],"yoast_head":"<!-- This site is optimized with the Yoast SEO plugin v27.4 - https:\/\/yoast.com\/product\/yoast-seo-wordpress\/ -->\n<title>Amasya\u2019da 5 binden fazla ki\u015finin kat\u0131l\u0131m\u0131yla Filistin\u2019e destek y\u00fcr\u00fcy\u00fc\u015f\u00fc d\u00fczenlendi - Memurun Sesi<\/title>\n<meta name=\"robots\" content=\"index, follow, max-snippet:-1, max-image-preview:large, max-video-preview:-1\" \/>\n<link rel=\"canonical\" href=\"https:\/\/memurunsesi.net\/index.php\/2025\/10\/08\/amasyada-5-binden-fazla-kisinin-katilimiyla-filistine-destek-yuruyusu-duzenlendi\/\" \/>\n<meta property=\"og:locale\" content=\"tr_TR\" \/>\n<meta property=\"og:type\" content=\"article\" \/>\n<meta property=\"og:title\" content=\"Amasya\u2019da 5 binden fazla ki\u015finin kat\u0131l\u0131m\u0131yla Filistin\u2019e destek y\u00fcr\u00fcy\u00fc\u015f\u00fc d\u00fczenlendi - Memurun Sesi\" \/>\n<meta property=\"og:description\" content=\"Amasya\u2019da 5 binden fazla ki\u015finin kat\u0131l\u0131m\u0131yla kat\u0131l\u0131m\u0131yla &#8220;Gazze kararl\u0131l\u0131k ve Sumud\u2019a selam&#8221; y\u00fcr\u00fcy\u00fc\u015f\u00fc d\u00fczenlendi. Y\u00fcr\u00fcy\u00fc\u015fe kat\u0131lanlar ellerinde T\u00fcrk ve Filistin bayraklar\u0131 ta\u015f\u0131yarak \u0130srail\u2019in soyk\u0131r\u0131m uygulad\u0131\u011f\u0131 Gazze halk\u0131na destek sloganlar\u0131 att\u0131. Amasya G\u00f6n\u00fcll\u00fc Kurulu\u015flar Birli\u011fi (G\u00d6KB\u0130R) taraf\u0131ndan d\u00fczenlenen y\u00fcr\u00fcy\u00fc\u015f Hz. \u00d6mer Cami \u00f6n\u00fcnden ba\u015flayarak Amasya E\u011fitim Fak\u00fcltesi \u00f6n\u00fcnde son buldu. Y\u00fcr\u00fcy\u00fc\u015f\u00fcn sonunda Filistinliler i\u00e7in dua edildi. [&hellip;]\" \/>\n<meta property=\"og:url\" content=\"https:\/\/memurunsesi.net\/index.php\/2025\/10\/08\/amasyada-5-binden-fazla-kisinin-katilimiyla-filistine-destek-yuruyusu-duzenlendi\/\" \/>\n<meta property=\"og:site_name\" content=\"Memurun Sesi\" \/>\n<meta property=\"article:publisher\" content=\"https:\/\/www.facebook.com\/unipersen\/?locale=tr_TR\" \/>\n<meta property=\"article:published_time\" content=\"2025-10-08T05:28:15+00:00\" \/>\n<meta property=\"og:image\" content=\"https:\/\/memurunsesi.net\/wp-content\/uploads\/2025\/10\/AW554128_01.jpg\" \/>\n\t<meta property=\"og:image:width\" content=\"1920\" \/>\n\t<meta property=\"og:image:height\" content=\"1080\" \/>\n\t<meta property=\"og:image:type\" content=\"image\/jpeg\" \/>\n<meta name=\"author\" content=\"Memurun Sesi Haber Merkezi\" \/>\n<meta name=\"twitter:card\" content=\"summary_large_image\" \/>\n<meta name=\"twitter:creator\" content=\"@unipersen\" \/>\n<meta name=\"twitter:site\" content=\"@unipersen\" \/>\n<meta name=\"twitter:label1\" content=\"Yazan:\" \/>\n\t<meta name=\"twitter:data1\" content=\"Memurun Sesi Haber Merkezi\" \/>\n\t<meta name=\"twitter:label2\" content=\"Tahmini okuma s\u00fcresi\" \/>\n\t<meta name=\"twitter:data2\" content=\"1 dakika\" \/>\n<script type=\"application\/ld+json\" class=\"yoast-schema-graph\">{\"@context\":\"https:\\\/\\\/schema.org\",\"@graph\":[{\"@type\":\"Article\",\"@id\":\"https:\\\/\\\/memurunsesi.net\\\/index.php\\\/2025\\\/10\\\/08\\\/amasyada-5-binden-fazla-kisinin-katilimiyla-filistine-destek-yuruyusu-duzenlendi\\\/#article\",\"isPartOf\":{\"@id\":\"https:\\\/\\\/memurunsesi.net\\\/index.php\\\/2025\\\/10\\\/08\\\/amasyada-5-binden-fazla-kisinin-katilimiyla-filistine-destek-yuruyusu-duzenlendi\\\/\"},\"author\":{\"name\":\"Memurun Sesi Haber Merkezi\",\"@id\":\"https:\\\/\\\/memurunsesi.net\\\/#\\\/schema\\\/person\\\/f21c2d73b89f6ee1d80b0a1803e38587\"},\"headline\":\"Amasya\u2019da 5 binden fazla ki\u015finin kat\u0131l\u0131m\u0131yla Filistin\u2019e destek y\u00fcr\u00fcy\u00fc\u015f\u00fc d\u00fczenlendi\",\"datePublished\":\"2025-10-08T05:28:15+00:00\",\"mainEntityOfPage\":{\"@id\":\"https:\\\/\\\/memurunsesi.net\\\/index.php\\\/2025\\\/10\\\/08\\\/amasyada-5-binden-fazla-kisinin-katilimiyla-filistine-destek-yuruyusu-duzenlendi\\\/\"},\"wordCount\":203,\"commentCount\":0,\"publisher\":{\"@id\":\"https:\\\/\\\/memurunsesi.net\\\/#organization\"},\"image\":{\"@id\":\"https:\\\/\\\/memurunsesi.net\\\/index.php\\\/2025\\\/10\\\/08\\\/amasyada-5-binden-fazla-kisinin-katilimiyla-filistine-destek-yuruyusu-duzenlendi\\\/#primaryimage\"},\"thumbnailUrl\":\"https:\\\/\\\/memurunsesi.net\\\/wp-content\\\/uploads\\\/2025\\\/10\\\/AW554128_01.jpg\",\"inLanguage\":\"tr\",\"potentialAction\":[{\"@type\":\"CommentAction\",\"name\":\"Comment\",\"target\":[\"https:\\\/\\\/memurunsesi.net\\\/index.php\\\/2025\\\/10\\\/08\\\/amasyada-5-binden-fazla-kisinin-katilimiyla-filistine-destek-yuruyusu-duzenlendi\\\/#respond\"]}]},{\"@type\":\"WebPage\",\"@id\":\"https:\\\/\\\/memurunsesi.net\\\/index.php\\\/2025\\\/10\\\/08\\\/amasyada-5-binden-fazla-kisinin-katilimiyla-filistine-destek-yuruyusu-duzenlendi\\\/\",\"url\":\"https:\\\/\\\/memurunsesi.net\\\/index.php\\\/2025\\\/10\\\/08\\\/amasyada-5-binden-fazla-kisinin-katilimiyla-filistine-destek-yuruyusu-duzenlendi\\\/\",\"name\":\"Amasya\u2019da 5 binden fazla ki\u015finin kat\u0131l\u0131m\u0131yla Filistin\u2019e destek y\u00fcr\u00fcy\u00fc\u015f\u00fc d\u00fczenlendi - Memurun Sesi\",\"isPartOf\":{\"@id\":\"https:\\\/\\\/memurunsesi.net\\\/#website\"},\"primaryImageOfPage\":{\"@id\":\"https:\\\/\\\/memurunsesi.net\\\/index.php\\\/2025\\\/10\\\/08\\\/amasyada-5-binden-fazla-kisinin-katilimiyla-filistine-destek-yuruyusu-duzenlendi\\\/#primaryimage\"},\"image\":{\"@id\":\"https:\\\/\\\/memurunsesi.net\\\/index.php\\\/2025\\\/10\\\/08\\\/amasyada-5-binden-fazla-kisinin-katilimiyla-filistine-destek-yuruyusu-duzenlendi\\\/#primaryimage\"},\"thumbnailUrl\":\"https:\\\/\\\/memurunsesi.net\\\/wp-content\\\/uploads\\\/2025\\\/10\\\/AW554128_01.jpg\",\"datePublished\":\"2025-10-08T05:28:15+00:00\",\"breadcrumb\":{\"@id\":\"https:\\\/\\\/memurunsesi.net\\\/index.php\\\/2025\\\/10\\\/08\\\/amasyada-5-binden-fazla-kisinin-katilimiyla-filistine-destek-yuruyusu-duzenlendi\\\/#breadcrumb\"},\"inLanguage\":\"tr\",\"potentialAction\":[{\"@type\":\"ReadAction\",\"target\":[\"https:\\\/\\\/memurunsesi.net\\\/index.php\\\/2025\\\/10\\\/08\\\/amasyada-5-binden-fazla-kisinin-katilimiyla-filistine-destek-yuruyusu-duzenlendi\\\/\"]}]},{\"@type\":\"ImageObject\",\"inLanguage\":\"tr\",\"@id\":\"https:\\\/\\\/memurunsesi.net\\\/index.php\\\/2025\\\/10\\\/08\\\/amasyada-5-binden-fazla-kisinin-katilimiyla-filistine-destek-yuruyusu-duzenlendi\\\/#primaryimage\",\"url\":\"https:\\\/\\\/memurunsesi.net\\\/wp-content\\\/uploads\\\/2025\\\/10\\\/AW554128_01.jpg\",\"contentUrl\":\"https:\\\/\\\/memurunsesi.net\\\/wp-content\\\/uploads\\\/2025\\\/10\\\/AW554128_01.jpg\",\"width\":1920,\"height\":1080,\"caption\":\"AMASYA'DA 5 B\u0130NDEN FAZLA VATANDA\u015eIN KATILIMIYLA \\\"GAZZE KARARLILIK VE SUMUD'A SELAM\\\" Y\u00dcR\u00dcY\u00dc\u015e\u00dc D\u00dcZENLEND\u0130. Y\u00dcR\u00dcY\u00dc\u015eE KATILANLAR ELLER\u0130NDE F\u0130L\u0130ST\u0130N VE T\u00dcRK BAYRAKLARI TA\u015eIYARAK \u0130SRA\u0130L'\u0130N SOYKIRIM UYGULADI\u011eI GAZZE HALKINA DESTEK SLOGANLARI ATTI. (MURAT \u00c7EL\u0130K\\\/AMASYA-\u0130HA) Amasya'da 5 binden fazla ki\u015finin kat\u0131l\u0131m\u0131yla kat\u0131l\u0131m\u0131yla \\\"Gazze kararl\u0131l\u0131k ve Sumud'a selam\\\" y\u00fcr\u00fcy\u00fc\u015f\u00fc d\u00fczenlendi. Y\u00fcr\u00fcy\u00fc\u015fe kat\u0131lanlar ellerinde T\u00fcrk ve Filistin bayraklar\u0131 ta\u015f\u0131yarak \u0130srail'in soyk\u0131r\u0131m uygulad\u0131\u011f\u0131 Gazze halk\u0131na destek sloganlar\u0131 att\u0131.\"},{\"@type\":\"BreadcrumbList\",\"@id\":\"https:\\\/\\\/memurunsesi.net\\\/index.php\\\/2025\\\/10\\\/08\\\/amasyada-5-binden-fazla-kisinin-katilimiyla-filistine-destek-yuruyusu-duzenlendi\\\/#breadcrumb\",\"itemListElement\":[{\"@type\":\"ListItem\",\"position\":1,\"name\":\"Anasayfa\",\"item\":\"https:\\\/\\\/memurunsesi.net\\\/\"},{\"@type\":\"ListItem\",\"position\":2,\"name\":\"Amasya\u2019da 5 binden fazla ki\u015finin kat\u0131l\u0131m\u0131yla Filistin\u2019e destek y\u00fcr\u00fcy\u00fc\u015f\u00fc d\u00fczenlendi\"}]},{\"@type\":\"WebSite\",\"@id\":\"https:\\\/\\\/memurunsesi.net\\\/#website\",\"url\":\"https:\\\/\\\/memurunsesi.net\\\/\",\"name\":\"Memurun Sesi\",\"description\":\"G\u00fcncel ve Do\u011fru Haber\",\"publisher\":{\"@id\":\"https:\\\/\\\/memurunsesi.net\\\/#organization\"},\"potentialAction\":[{\"@type\":\"SearchAction\",\"target\":{\"@type\":\"EntryPoint\",\"urlTemplate\":\"https:\\\/\\\/memurunsesi.net\\\/?s={search_term_string}\"},\"query-input\":{\"@type\":\"PropertyValueSpecification\",\"valueRequired\":true,\"valueName\":\"search_term_string\"}}],\"inLanguage\":\"tr\"},{\"@type\":\"Organization\",\"@id\":\"https:\\\/\\\/memurunsesi.net\\\/#organization\",\"name\":\"Memurun Sesi\",\"url\":\"https:\\\/\\\/memurunsesi.net\\\/\",\"logo\":{\"@type\":\"ImageObject\",\"inLanguage\":\"tr\",\"@id\":\"https:\\\/\\\/memurunsesi.net\\\/#\\\/schema\\\/logo\\\/image\\\/\",\"url\":\"https:\\\/\\\/memurunsesi.net\\\/wp-content\\\/uploads\\\/2025\\\/11\\\/cropped-MEMURUN-SESI.png\",\"contentUrl\":\"https:\\\/\\\/memurunsesi.net\\\/wp-content\\\/uploads\\\/2025\\\/11\\\/cropped-MEMURUN-SESI.png\",\"width\":238,\"height\":57,\"caption\":\"Memurun Sesi\"},\"image\":{\"@id\":\"https:\\\/\\\/memurunsesi.net\\\/#\\\/schema\\\/logo\\\/image\\\/\"},\"sameAs\":[\"https:\\\/\\\/www.facebook.com\\\/unipersen\\\/?locale=tr_TR\",\"https:\\\/\\\/x.com\\\/unipersen\"]},{\"@type\":\"Person\",\"@id\":\"https:\\\/\\\/memurunsesi.net\\\/#\\\/schema\\\/person\\\/f21c2d73b89f6ee1d80b0a1803e38587\",\"name\":\"Memurun Sesi Haber Merkezi\",\"image\":{\"@type\":\"ImageObject\",\"inLanguage\":\"tr\",\"@id\":\"https:\\\/\\\/secure.gravatar.com\\\/avatar\\\/6cf0505f452ee753f485014986fab09a434671d2b919ee76fc541025c5876a70?s=96&d=mm&r=g\",\"url\":\"https:\\\/\\\/secure.gravatar.com\\\/avatar\\\/6cf0505f452ee753f485014986fab09a434671d2b919ee76fc541025c5876a70?s=96&d=mm&r=g\",\"contentUrl\":\"https:\\\/\\\/secure.gravatar.com\\\/avatar\\\/6cf0505f452ee753f485014986fab09a434671d2b919ee76fc541025c5876a70?s=96&d=mm&r=g\",\"caption\":\"Memurun Sesi Haber Merkezi\"},\"sameAs\":[\"https:\\\/\\\/memurunsesi.net\"],\"url\":\"https:\\\/\\\/memurunsesi.net\\\/index.php\\\/author\\\/uniper\\\/\"}]}<\/script>\n<!-- \/ Yoast SEO plugin. -->","yoast_head_json":{"title":"Amasya\u2019da 5 binden fazla ki\u015finin kat\u0131l\u0131m\u0131yla Filistin\u2019e destek y\u00fcr\u00fcy\u00fc\u015f\u00fc d\u00fczenlendi - Memurun Sesi","robots":{"index":"index","follow":"follow","max-snippet":"max-snippet:-1","max-image-preview":"max-image-preview:large","max-video-preview":"max-video-preview:-1"},"canonical":"https:\/\/memurunsesi.net\/index.php\/2025\/10\/08\/amasyada-5-binden-fazla-kisinin-katilimiyla-filistine-destek-yuruyusu-duzenlendi\/","og_locale":"tr_TR","og_type":"article","og_title":"Amasya\u2019da 5 binden fazla ki\u015finin kat\u0131l\u0131m\u0131yla Filistin\u2019e destek y\u00fcr\u00fcy\u00fc\u015f\u00fc d\u00fczenlendi - Memurun Sesi","og_description":"Amasya\u2019da 5 binden fazla ki\u015finin kat\u0131l\u0131m\u0131yla kat\u0131l\u0131m\u0131yla &#8220;Gazze kararl\u0131l\u0131k ve Sumud\u2019a selam&#8221; y\u00fcr\u00fcy\u00fc\u015f\u00fc d\u00fczenlendi. Y\u00fcr\u00fcy\u00fc\u015fe kat\u0131lanlar ellerinde T\u00fcrk ve Filistin bayraklar\u0131 ta\u015f\u0131yarak \u0130srail\u2019in soyk\u0131r\u0131m uygulad\u0131\u011f\u0131 Gazze halk\u0131na destek sloganlar\u0131 att\u0131. Amasya G\u00f6n\u00fcll\u00fc Kurulu\u015flar Birli\u011fi (G\u00d6KB\u0130R) taraf\u0131ndan d\u00fczenlenen y\u00fcr\u00fcy\u00fc\u015f Hz. \u00d6mer Cami \u00f6n\u00fcnden ba\u015flayarak Amasya E\u011fitim Fak\u00fcltesi \u00f6n\u00fcnde son buldu. Y\u00fcr\u00fcy\u00fc\u015f\u00fcn sonunda Filistinliler i\u00e7in dua edildi. [&hellip;]","og_url":"https:\/\/memurunsesi.net\/index.php\/2025\/10\/08\/amasyada-5-binden-fazla-kisinin-katilimiyla-filistine-destek-yuruyusu-duzenlendi\/","og_site_name":"Memurun Sesi","article_publisher":"https:\/\/www.facebook.com\/unipersen\/?locale=tr_TR","article_published_time":"2025-10-08T05:28:15+00:00","og_image":[{"width":1920,"height":1080,"url":"https:\/\/memurunsesi.net\/wp-content\/uploads\/2025\/10\/AW554128_01.jpg","type":"image\/jpeg"}],"author":"Memurun Sesi Haber Merkezi","twitter_card":"summary_large_image","twitter_creator":"@unipersen","twitter_site":"@unipersen","twitter_misc":{"Yazan:":"Memurun Sesi Haber Merkezi","Tahmini okuma s\u00fcresi":"1 dakika"},"schema":{"@context":"https:\/\/schema.org","@graph":[{"@type":"Article","@id":"https:\/\/memurunsesi.net\/index.php\/2025\/10\/08\/amasyada-5-binden-fazla-kisinin-katilimiyla-filistine-destek-yuruyusu-duzenlendi\/#article","isPartOf":{"@id":"https:\/\/memurunsesi.net\/index.php\/2025\/10\/08\/amasyada-5-binden-fazla-kisinin-katilimiyla-filistine-destek-yuruyusu-duzenlendi\/"},"author":{"name":"Memurun Sesi Haber Merkezi","@id":"https:\/\/memurunsesi.net\/#\/schema\/person\/f21c2d73b89f6ee1d80b0a1803e38587"},"headline":"Amasya\u2019da 5 binden fazla ki\u015finin kat\u0131l\u0131m\u0131yla Filistin\u2019e destek y\u00fcr\u00fcy\u00fc\u015f\u00fc d\u00fczenlendi","datePublished":"2025-10-08T05:28:15+00:00","mainEntityOfPage":{"@id":"https:\/\/memurunsesi.net\/index.php\/2025\/10\/08\/amasyada-5-binden-fazla-kisinin-katilimiyla-filistine-destek-yuruyusu-duzenlendi\/"},"wordCount":203,"commentCount":0,"publisher":{"@id":"https:\/\/memurunsesi.net\/#organization"},"image":{"@id":"https:\/\/memurunsesi.net\/index.php\/2025\/10\/08\/amasyada-5-binden-fazla-kisinin-katilimiyla-filistine-destek-yuruyusu-duzenlendi\/#primaryimage"},"thumbnailUrl":"https:\/\/memurunsesi.net\/wp-content\/uploads\/2025\/10\/AW554128_01.jpg","inLanguage":"tr","potentialAction":[{"@type":"CommentAction","name":"Comment","target":["https:\/\/memurunsesi.net\/index.php\/2025\/10\/08\/amasyada-5-binden-fazla-kisinin-katilimiyla-filistine-destek-yuruyusu-duzenlendi\/#respond"]}]},{"@type":"WebPage","@id":"https:\/\/memurunsesi.net\/index.php\/2025\/10\/08\/amasyada-5-binden-fazla-kisinin-katilimiyla-filistine-destek-yuruyusu-duzenlendi\/","url":"https:\/\/memurunsesi.net\/index.php\/2025\/10\/08\/amasyada-5-binden-fazla-kisinin-katilimiyla-filistine-destek-yuruyusu-duzenlendi\/","name":"Amasya\u2019da 5 binden fazla ki\u015finin kat\u0131l\u0131m\u0131yla Filistin\u2019e destek y\u00fcr\u00fcy\u00fc\u015f\u00fc d\u00fczenlendi - Memurun Sesi","isPartOf":{"@id":"https:\/\/memurunsesi.net\/#website"},"primaryImageOfPage":{"@id":"https:\/\/memurunsesi.net\/index.php\/2025\/10\/08\/amasyada-5-binden-fazla-kisinin-katilimiyla-filistine-destek-yuruyusu-duzenlendi\/#primaryimage"},"image":{"@id":"https:\/\/memurunsesi.net\/index.php\/2025\/10\/08\/amasyada-5-binden-fazla-kisinin-katilimiyla-filistine-destek-yuruyusu-duzenlendi\/#primaryimage"},"thumbnailUrl":"https:\/\/memurunsesi.net\/wp-content\/uploads\/2025\/10\/AW554128_01.jpg","datePublished":"2025-10-08T05:28:15+00:00","breadcrumb":{"@id":"https:\/\/memurunsesi.net\/index.php\/2025\/10\/08\/amasyada-5-binden-fazla-kisinin-katilimiyla-filistine-destek-yuruyusu-duzenlendi\/#breadcrumb"},"inLanguage":"tr","potentialAction":[{"@type":"ReadAction","target":["https:\/\/memurunsesi.net\/index.php\/2025\/10\/08\/amasyada-5-binden-fazla-kisinin-katilimiyla-filistine-destek-yuruyusu-duzenlendi\/"]}]},{"@type":"ImageObject","inLanguage":"tr","@id":"https:\/\/memurunsesi.net\/index.php\/2025\/10\/08\/amasyada-5-binden-fazla-kisinin-katilimiyla-filistine-destek-yuruyusu-duzenlendi\/#primaryimage","url":"https:\/\/memurunsesi.net\/wp-content\/uploads\/2025\/10\/AW554128_01.jpg","contentUrl":"https:\/\/memurunsesi.net\/wp-content\/uploads\/2025\/10\/AW554128_01.jpg","width":1920,"height":1080,"caption":"AMASYA'DA 5 B\u0130NDEN FAZLA VATANDA\u015eIN KATILIMIYLA \"GAZZE KARARLILIK VE SUMUD'A SELAM\" Y\u00dcR\u00dcY\u00dc\u015e\u00dc D\u00dcZENLEND\u0130. Y\u00dcR\u00dcY\u00dc\u015eE KATILANLAR ELLER\u0130NDE F\u0130L\u0130ST\u0130N VE T\u00dcRK BAYRAKLARI TA\u015eIYARAK \u0130SRA\u0130L'\u0130N SOYKIRIM UYGULADI\u011eI GAZZE HALKINA DESTEK SLOGANLARI ATTI. (MURAT \u00c7EL\u0130K\/AMASYA-\u0130HA) Amasya'da 5 binden fazla ki\u015finin kat\u0131l\u0131m\u0131yla kat\u0131l\u0131m\u0131yla \"Gazze kararl\u0131l\u0131k ve Sumud'a selam\" y\u00fcr\u00fcy\u00fc\u015f\u00fc d\u00fczenlendi. Y\u00fcr\u00fcy\u00fc\u015fe kat\u0131lanlar ellerinde T\u00fcrk ve Filistin bayraklar\u0131 ta\u015f\u0131yarak \u0130srail'in soyk\u0131r\u0131m uygulad\u0131\u011f\u0131 Gazze halk\u0131na destek sloganlar\u0131 att\u0131."},{"@type":"BreadcrumbList","@id":"https:\/\/memurunsesi.net\/index.php\/2025\/10\/08\/amasyada-5-binden-fazla-kisinin-katilimiyla-filistine-destek-yuruyusu-duzenlendi\/#breadcrumb","itemListElement":[{"@type":"ListItem","position":1,"name":"Anasayfa","item":"https:\/\/memurunsesi.net\/"},{"@type":"ListItem","position":2,"name":"Amasya\u2019da 5 binden fazla ki\u015finin kat\u0131l\u0131m\u0131yla Filistin\u2019e destek y\u00fcr\u00fcy\u00fc\u015f\u00fc d\u00fczenlendi"}]},{"@type":"WebSite","@id":"https:\/\/memurunsesi.net\/#website","url":"https:\/\/memurunsesi.net\/","name":"Memurun Sesi","description":"G\u00fcncel ve Do\u011fru Haber","publisher":{"@id":"https:\/\/memurunsesi.net\/#organization"},"potentialAction":[{"@type":"SearchAction","target":{"@type":"EntryPoint","urlTemplate":"https:\/\/memurunsesi.net\/?s={search_term_string}"},"query-input":{"@type":"PropertyValueSpecification","valueRequired":true,"valueName":"search_term_string"}}],"inLanguage":"tr"},{"@type":"Organization","@id":"https:\/\/memurunsesi.net\/#organization","name":"Memurun Sesi","url":"https:\/\/memurunsesi.net\/","logo":{"@type":"ImageObject","inLanguage":"tr","@id":"https:\/\/memurunsesi.net\/#\/schema\/logo\/image\/","url":"https:\/\/memurunsesi.net\/wp-content\/uploads\/2025\/11\/cropped-MEMURUN-SESI.png","contentUrl":"https:\/\/memurunsesi.net\/wp-content\/uploads\/2025\/11\/cropped-MEMURUN-SESI.png","width":238,"height":57,"caption":"Memurun Sesi"},"image":{"@id":"https:\/\/memurunsesi.net\/#\/schema\/logo\/image\/"},"sameAs":["https:\/\/www.facebook.com\/unipersen\/?locale=tr_TR","https:\/\/x.com\/unipersen"]},{"@type":"Person","@id":"https:\/\/memurunsesi.net\/#\/schema\/person\/f21c2d73b89f6ee1d80b0a1803e38587","name":"Memurun Sesi Haber Merkezi","image":{"@type":"ImageObject","inLanguage":"tr","@id":"https:\/\/secure.gravatar.com\/avatar\/6cf0505f452ee753f485014986fab09a434671d2b919ee76fc541025c5876a70?s=96&d=mm&r=g","url":"https:\/\/secure.gravatar.com\/avatar\/6cf0505f452ee753f485014986fab09a434671d2b919ee76fc541025c5876a70?s=96&d=mm&r=g","contentUrl":"https:\/\/secure.gravatar.com\/avatar\/6cf0505f452ee753f485014986fab09a434671d2b919ee76fc541025c5876a70?s=96&d=mm&r=g","caption":"Memurun Sesi Haber Merkezi"},"sameAs":["https:\/\/memurunsesi.net"],"url":"https:\/\/memurunsesi.net\/index.php\/author\/uniper\/"}]}},"_links":{"self":[{"href":"https:\/\/memurunsesi.net\/index.php\/wp-json\/wp\/v2\/posts\/12663","targetHints":{"allow":["GET"]}}],"collection":[{"href":"https:\/\/memurunsesi.net\/index.php\/wp-json\/wp\/v2\/posts"}],"about":[{"href":"https:\/\/memurunsesi.net\/index.php\/wp-json\/wp\/v2\/types\/post"}],"author":[{"embeddable":true,"href":"https:\/\/memurunsesi.net\/index.php\/wp-json\/wp\/v2\/users\/1"}],"replies":[{"embeddable":true,"href":"https:\/\/memurunsesi.net\/index.php\/wp-json\/wp\/v2\/comments?post=12663"}],"version-history":[{"count":1,"href":"https:\/\/memurunsesi.net\/index.php\/wp-json\/wp\/v2\/posts\/12663\/revisions"}],"predecessor-version":[{"id":12665,"href":"https:\/\/memurunsesi.net\/index.php\/wp-json\/wp\/v2\/posts\/12663\/revisions\/12665"}],"wp:featuredmedia":[{"embeddable":true,"href":"https:\/\/memurunsesi.net\/index.php\/wp-json\/wp\/v2\/media\/12664"}],"wp:attachment":[{"href":"https:\/\/memurunsesi.net\/index.php\/wp-json\/wp\/v2\/media?parent=12663"}],"wp:term":[{"taxonomy":"category","embeddable":true,"href":"https:\/\/memurunsesi.net\/index.php\/wp-json\/wp\/v2\/categories?post=12663"},{"taxonomy":"post_tag","embeddable":true,"href":"https:\/\/memurunsesi.net\/index.php\/wp-json\/wp\/v2\/tags?post=12663"}],"curies":[{"name":"wp","href":"https:\/\/api.w.org\/{rel}","templated":true}]}}