{"id":12666,"date":"2025-10-08T08:29:26","date_gmt":"2025-10-08T05:29:26","guid":{"rendered":"https:\/\/memurunsesi.net\/?p=12666"},"modified":"2025-10-08T08:29:26","modified_gmt":"2025-10-08T05:29:26","slug":"sokak-ortasinda-cinayet-kamerada-jiletle-cevreye-rahatsizlik-veren-sahis-silahla-vuruldu","status":"publish","type":"post","link":"https:\/\/memurunsesi.net\/index.php\/2025\/10\/08\/sokak-ortasinda-cinayet-kamerada-jiletle-cevreye-rahatsizlik-veren-sahis-silahla-vuruldu\/","title":{"rendered":"Sokak ortas\u0131nda cinayet kamerada: Jiletle \u00e7evreye rahats\u0131zl\u0131k veren \u015fah\u0131s silahla vuruldu"},"content":{"rendered":"<p>  Kocaeli&#8217;nin \u0130zmit il\u00e7esinde iddiaya g\u00f6re jiletle esnafa ve vatanda\u015flara rahats\u0131zl\u0131k veren \u015fah\u0131s, silahla vurularak \u00f6ld\u00fcr\u00fcld\u00fc.<br \/>\n  Olay, 23.00 s\u0131ralar\u0131nda, Yenido\u011fan Mahallesi Derince Caddesi \u00fczerinde meydana geldi. \u0130ddiaya g\u00f6re esnafa ve vatanda\u015flara elinde jiletle rahats\u0131zl\u0131k verdi\u011fi iddia edilen \u00d6zg\u00fcr \u015eahin ile yoldan ge\u00e7enler aras\u0131nda ya\u015fanan tart\u0131\u015fma b\u00fcy\u00fcd\u00fc. \u015eah\u0131slardan birisi, \u00e7evreye rahats\u0131zl\u0131k veren \u00d6zg\u00fcr \u015eahin&#8217;e ate\u015f etti. Olay yerine \u00e7ok say\u0131da polis ekibi ile sa\u011fl\u0131k ekipleri sevk edildi. A\u011f\u0131r yaral\u0131 olarak Seka Devlet Hastanesi&#8217;ne kald\u0131r\u0131lan \u00d6zg\u00fcr \u015eahin, yap\u0131lan t\u00fcm m\u00fcdahalelere ra\u011fmen kurtar\u0131lamayarak hayat\u0131n\u0131 kaybetti. Olay\u0131n ard\u0131ndan polis ekipleri \u00e7evrede geni\u015f g\u00fcvenlik \u00f6nlemi ald\u0131. Ekipler cadde \u00fczerinde delil ara\u015ft\u0131rmas\u0131 yapt\u0131. Olayla ilgili g\u00f6zaltlar\u0131n bulundu\u011fu \u00f6\u011frenildi. \u00d6te yandan ya\u015fanan hareketlilik cep telefonu kameralar\u0131na anbean yans\u0131d\u0131.  <\/p>\n<p>8.10.2025                                 <\/p>\n","protected":false},"excerpt":{"rendered":"<p>Kocaeli&#8217;nin \u0130zmit il\u00e7esinde iddiaya g\u00f6re jiletle esnafa ve vatanda\u015flara rahats\u0131zl\u0131k veren \u015fah\u0131s, silahla vurularak \u00f6ld\u00fcr\u00fcld\u00fc. Olay, 23.00 s\u0131ralar\u0131nda, Yenido\u011fan Mahallesi Derince Caddesi \u00fczerinde meydana geldi. \u0130ddiaya g\u00f6re esnafa ve vatanda\u015flara elinde jiletle rahats\u0131zl\u0131k verdi\u011fi iddia edilen \u00d6zg\u00fcr \u015eahin ile yoldan ge\u00e7enler aras\u0131nda ya\u015fanan tart\u0131\u015fma b\u00fcy\u00fcd\u00fc. \u015eah\u0131slardan birisi, \u00e7evreye rahats\u0131zl\u0131k veren \u00d6zg\u00fcr \u015eahin&#8217;e ate\u015f etti. Olay [&hellip;]<\/p>\n","protected":false},"author":1,"featured_media":12667,"comment_status":"open","ping_status":"open","sticky":false,"template":"","format":"standard","meta":{"footnotes":""},"categories":[1],"tags":[],"class_list":["post-12666","post","type-post","status-publish","format-standard","has-post-thumbnail","hentry","category-genel"],"yoast_head":"<!-- This site is optimized with the Yoast SEO plugin v27.4 - https:\/\/yoast.com\/product\/yoast-seo-wordpress\/ -->\n<title>Sokak ortas\u0131nda cinayet kamerada: Jiletle \u00e7evreye rahats\u0131zl\u0131k veren \u015fah\u0131s silahla vuruldu - Memurun Sesi<\/title>\n<meta name=\"robots\" content=\"index, follow, max-snippet:-1, max-image-preview:large, max-video-preview:-1\" \/>\n<link rel=\"canonical\" href=\"https:\/\/memurunsesi.net\/index.php\/2025\/10\/08\/sokak-ortasinda-cinayet-kamerada-jiletle-cevreye-rahatsizlik-veren-sahis-silahla-vuruldu\/\" \/>\n<meta property=\"og:locale\" content=\"tr_TR\" \/>\n<meta property=\"og:type\" content=\"article\" \/>\n<meta property=\"og:title\" content=\"Sokak ortas\u0131nda cinayet kamerada: Jiletle \u00e7evreye rahats\u0131zl\u0131k veren \u015fah\u0131s silahla vuruldu - Memurun Sesi\" \/>\n<meta property=\"og:description\" content=\"Kocaeli&#8217;nin \u0130zmit il\u00e7esinde iddiaya g\u00f6re jiletle esnafa ve vatanda\u015flara rahats\u0131zl\u0131k veren \u015fah\u0131s, silahla vurularak \u00f6ld\u00fcr\u00fcld\u00fc. Olay, 23.00 s\u0131ralar\u0131nda, Yenido\u011fan Mahallesi Derince Caddesi \u00fczerinde meydana geldi. \u0130ddiaya g\u00f6re esnafa ve vatanda\u015flara elinde jiletle rahats\u0131zl\u0131k verdi\u011fi iddia edilen \u00d6zg\u00fcr \u015eahin ile yoldan ge\u00e7enler aras\u0131nda ya\u015fanan tart\u0131\u015fma b\u00fcy\u00fcd\u00fc. \u015eah\u0131slardan birisi, \u00e7evreye rahats\u0131zl\u0131k veren \u00d6zg\u00fcr \u015eahin&#8217;e ate\u015f etti. Olay [&hellip;]\" \/>\n<meta property=\"og:url\" content=\"https:\/\/memurunsesi.net\/index.php\/2025\/10\/08\/sokak-ortasinda-cinayet-kamerada-jiletle-cevreye-rahatsizlik-veren-sahis-silahla-vuruldu\/\" \/>\n<meta property=\"og:site_name\" content=\"Memurun Sesi\" \/>\n<meta property=\"article:publisher\" content=\"https:\/\/www.facebook.com\/unipersen\/?locale=tr_TR\" \/>\n<meta property=\"article:published_time\" content=\"2025-10-08T05:29:26+00:00\" \/>\n<meta property=\"og:image\" content=\"https:\/\/memurunsesi.net\/wp-content\/uploads\/2025\/10\/AW554130_01.jpg\" \/>\n\t<meta property=\"og:image:width\" content=\"1600\" \/>\n\t<meta property=\"og:image:height\" content=\"1200\" \/>\n\t<meta property=\"og:image:type\" content=\"image\/jpeg\" \/>\n<meta name=\"author\" content=\"Memurun Sesi Haber Merkezi\" \/>\n<meta name=\"twitter:card\" content=\"summary_large_image\" \/>\n<meta name=\"twitter:creator\" content=\"@unipersen\" \/>\n<meta name=\"twitter:site\" content=\"@unipersen\" \/>\n<meta name=\"twitter:label1\" content=\"Yazan:\" \/>\n\t<meta name=\"twitter:data1\" content=\"Memurun Sesi Haber Merkezi\" \/>\n\t<meta name=\"twitter:label2\" content=\"Tahmini okuma s\u00fcresi\" \/>\n\t<meta name=\"twitter:data2\" content=\"1 dakika\" \/>\n<script type=\"application\/ld+json\" class=\"yoast-schema-graph\">{\"@context\":\"https:\\\/\\\/schema.org\",\"@graph\":[{\"@type\":\"Article\",\"@id\":\"https:\\\/\\\/memurunsesi.net\\\/index.php\\\/2025\\\/10\\\/08\\\/sokak-ortasinda-cinayet-kamerada-jiletle-cevreye-rahatsizlik-veren-sahis-silahla-vuruldu\\\/#article\",\"isPartOf\":{\"@id\":\"https:\\\/\\\/memurunsesi.net\\\/index.php\\\/2025\\\/10\\\/08\\\/sokak-ortasinda-cinayet-kamerada-jiletle-cevreye-rahatsizlik-veren-sahis-silahla-vuruldu\\\/\"},\"author\":{\"name\":\"Memurun Sesi Haber Merkezi\",\"@id\":\"https:\\\/\\\/memurunsesi.net\\\/#\\\/schema\\\/person\\\/f21c2d73b89f6ee1d80b0a1803e38587\"},\"headline\":\"Sokak ortas\u0131nda cinayet kamerada: Jiletle \u00e7evreye rahats\u0131zl\u0131k veren \u015fah\u0131s silahla vuruldu\",\"datePublished\":\"2025-10-08T05:29:26+00:00\",\"mainEntityOfPage\":{\"@id\":\"https:\\\/\\\/memurunsesi.net\\\/index.php\\\/2025\\\/10\\\/08\\\/sokak-ortasinda-cinayet-kamerada-jiletle-cevreye-rahatsizlik-veren-sahis-silahla-vuruldu\\\/\"},\"wordCount\":178,\"commentCount\":0,\"publisher\":{\"@id\":\"https:\\\/\\\/memurunsesi.net\\\/#organization\"},\"image\":{\"@id\":\"https:\\\/\\\/memurunsesi.net\\\/index.php\\\/2025\\\/10\\\/08\\\/sokak-ortasinda-cinayet-kamerada-jiletle-cevreye-rahatsizlik-veren-sahis-silahla-vuruldu\\\/#primaryimage\"},\"thumbnailUrl\":\"https:\\\/\\\/memurunsesi.net\\\/wp-content\\\/uploads\\\/2025\\\/10\\\/AW554130_01.jpg\",\"inLanguage\":\"tr\",\"potentialAction\":[{\"@type\":\"CommentAction\",\"name\":\"Comment\",\"target\":[\"https:\\\/\\\/memurunsesi.net\\\/index.php\\\/2025\\\/10\\\/08\\\/sokak-ortasinda-cinayet-kamerada-jiletle-cevreye-rahatsizlik-veren-sahis-silahla-vuruldu\\\/#respond\"]}]},{\"@type\":\"WebPage\",\"@id\":\"https:\\\/\\\/memurunsesi.net\\\/index.php\\\/2025\\\/10\\\/08\\\/sokak-ortasinda-cinayet-kamerada-jiletle-cevreye-rahatsizlik-veren-sahis-silahla-vuruldu\\\/\",\"url\":\"https:\\\/\\\/memurunsesi.net\\\/index.php\\\/2025\\\/10\\\/08\\\/sokak-ortasinda-cinayet-kamerada-jiletle-cevreye-rahatsizlik-veren-sahis-silahla-vuruldu\\\/\",\"name\":\"Sokak ortas\u0131nda cinayet kamerada: Jiletle \u00e7evreye rahats\u0131zl\u0131k veren \u015fah\u0131s silahla vuruldu - Memurun Sesi\",\"isPartOf\":{\"@id\":\"https:\\\/\\\/memurunsesi.net\\\/#website\"},\"primaryImageOfPage\":{\"@id\":\"https:\\\/\\\/memurunsesi.net\\\/index.php\\\/2025\\\/10\\\/08\\\/sokak-ortasinda-cinayet-kamerada-jiletle-cevreye-rahatsizlik-veren-sahis-silahla-vuruldu\\\/#primaryimage\"},\"image\":{\"@id\":\"https:\\\/\\\/memurunsesi.net\\\/index.php\\\/2025\\\/10\\\/08\\\/sokak-ortasinda-cinayet-kamerada-jiletle-cevreye-rahatsizlik-veren-sahis-silahla-vuruldu\\\/#primaryimage\"},\"thumbnailUrl\":\"https:\\\/\\\/memurunsesi.net\\\/wp-content\\\/uploads\\\/2025\\\/10\\\/AW554130_01.jpg\",\"datePublished\":\"2025-10-08T05:29:26+00:00\",\"breadcrumb\":{\"@id\":\"https:\\\/\\\/memurunsesi.net\\\/index.php\\\/2025\\\/10\\\/08\\\/sokak-ortasinda-cinayet-kamerada-jiletle-cevreye-rahatsizlik-veren-sahis-silahla-vuruldu\\\/#breadcrumb\"},\"inLanguage\":\"tr\",\"potentialAction\":[{\"@type\":\"ReadAction\",\"target\":[\"https:\\\/\\\/memurunsesi.net\\\/index.php\\\/2025\\\/10\\\/08\\\/sokak-ortasinda-cinayet-kamerada-jiletle-cevreye-rahatsizlik-veren-sahis-silahla-vuruldu\\\/\"]}]},{\"@type\":\"ImageObject\",\"inLanguage\":\"tr\",\"@id\":\"https:\\\/\\\/memurunsesi.net\\\/index.php\\\/2025\\\/10\\\/08\\\/sokak-ortasinda-cinayet-kamerada-jiletle-cevreye-rahatsizlik-veren-sahis-silahla-vuruldu\\\/#primaryimage\",\"url\":\"https:\\\/\\\/memurunsesi.net\\\/wp-content\\\/uploads\\\/2025\\\/10\\\/AW554130_01.jpg\",\"contentUrl\":\"https:\\\/\\\/memurunsesi.net\\\/wp-content\\\/uploads\\\/2025\\\/10\\\/AW554130_01.jpg\",\"width\":1600,\"height\":1200,\"caption\":\"KOCAEL\u0130'N\u0130N \u0130ZM\u0130T \u0130L\u00c7ES\u0130NDE \u0130DD\u0130AYA G\u00d6RE J\u0130LETLE ETRAFA RAHATSIZLIK VEREN \u015eAHIS, S\u0130LAHLA VURARAK \u00d6LD\u00dcR\u00dcLD\u00dc. (\u0130HA\\\/KOCAEL\u0130-\u0130HA) Kocaeli'nin \u0130zmit il\u00e7esinde iddiaya g\u00f6re jiletle esnafa ve vatanda\u015flara rahats\u0131zl\u0131k veren \u015fah\u0131s, silahla vurarak \u00f6ld\u00fcr\u00fcld\u00fc.\"},{\"@type\":\"BreadcrumbList\",\"@id\":\"https:\\\/\\\/memurunsesi.net\\\/index.php\\\/2025\\\/10\\\/08\\\/sokak-ortasinda-cinayet-kamerada-jiletle-cevreye-rahatsizlik-veren-sahis-silahla-vuruldu\\\/#breadcrumb\",\"itemListElement\":[{\"@type\":\"ListItem\",\"position\":1,\"name\":\"Anasayfa\",\"item\":\"https:\\\/\\\/memurunsesi.net\\\/\"},{\"@type\":\"ListItem\",\"position\":2,\"name\":\"Sokak ortas\u0131nda cinayet kamerada: Jiletle \u00e7evreye rahats\u0131zl\u0131k veren \u015fah\u0131s silahla vuruldu\"}]},{\"@type\":\"WebSite\",\"@id\":\"https:\\\/\\\/memurunsesi.net\\\/#website\",\"url\":\"https:\\\/\\\/memurunsesi.net\\\/\",\"name\":\"Memurun Sesi\",\"description\":\"G\u00fcncel ve Do\u011fru Haber\",\"publisher\":{\"@id\":\"https:\\\/\\\/memurunsesi.net\\\/#organization\"},\"potentialAction\":[{\"@type\":\"SearchAction\",\"target\":{\"@type\":\"EntryPoint\",\"urlTemplate\":\"https:\\\/\\\/memurunsesi.net\\\/?s={search_term_string}\"},\"query-input\":{\"@type\":\"PropertyValueSpecification\",\"valueRequired\":true,\"valueName\":\"search_term_string\"}}],\"inLanguage\":\"tr\"},{\"@type\":\"Organization\",\"@id\":\"https:\\\/\\\/memurunsesi.net\\\/#organization\",\"name\":\"Memurun Sesi\",\"url\":\"https:\\\/\\\/memurunsesi.net\\\/\",\"logo\":{\"@type\":\"ImageObject\",\"inLanguage\":\"tr\",\"@id\":\"https:\\\/\\\/memurunsesi.net\\\/#\\\/schema\\\/logo\\\/image\\\/\",\"url\":\"https:\\\/\\\/memurunsesi.net\\\/wp-content\\\/uploads\\\/2025\\\/11\\\/cropped-MEMURUN-SESI.png\",\"contentUrl\":\"https:\\\/\\\/memurunsesi.net\\\/wp-content\\\/uploads\\\/2025\\\/11\\\/cropped-MEMURUN-SESI.png\",\"width\":238,\"height\":57,\"caption\":\"Memurun Sesi\"},\"image\":{\"@id\":\"https:\\\/\\\/memurunsesi.net\\\/#\\\/schema\\\/logo\\\/image\\\/\"},\"sameAs\":[\"https:\\\/\\\/www.facebook.com\\\/unipersen\\\/?locale=tr_TR\",\"https:\\\/\\\/x.com\\\/unipersen\"]},{\"@type\":\"Person\",\"@id\":\"https:\\\/\\\/memurunsesi.net\\\/#\\\/schema\\\/person\\\/f21c2d73b89f6ee1d80b0a1803e38587\",\"name\":\"Memurun Sesi Haber Merkezi\",\"image\":{\"@type\":\"ImageObject\",\"inLanguage\":\"tr\",\"@id\":\"https:\\\/\\\/secure.gravatar.com\\\/avatar\\\/6cf0505f452ee753f485014986fab09a434671d2b919ee76fc541025c5876a70?s=96&d=mm&r=g\",\"url\":\"https:\\\/\\\/secure.gravatar.com\\\/avatar\\\/6cf0505f452ee753f485014986fab09a434671d2b919ee76fc541025c5876a70?s=96&d=mm&r=g\",\"contentUrl\":\"https:\\\/\\\/secure.gravatar.com\\\/avatar\\\/6cf0505f452ee753f485014986fab09a434671d2b919ee76fc541025c5876a70?s=96&d=mm&r=g\",\"caption\":\"Memurun Sesi Haber Merkezi\"},\"sameAs\":[\"https:\\\/\\\/memurunsesi.net\"],\"url\":\"https:\\\/\\\/memurunsesi.net\\\/index.php\\\/author\\\/uniper\\\/\"}]}<\/script>\n<!-- \/ Yoast SEO plugin. -->","yoast_head_json":{"title":"Sokak ortas\u0131nda cinayet kamerada: Jiletle \u00e7evreye rahats\u0131zl\u0131k veren \u015fah\u0131s silahla vuruldu - Memurun Sesi","robots":{"index":"index","follow":"follow","max-snippet":"max-snippet:-1","max-image-preview":"max-image-preview:large","max-video-preview":"max-video-preview:-1"},"canonical":"https:\/\/memurunsesi.net\/index.php\/2025\/10\/08\/sokak-ortasinda-cinayet-kamerada-jiletle-cevreye-rahatsizlik-veren-sahis-silahla-vuruldu\/","og_locale":"tr_TR","og_type":"article","og_title":"Sokak ortas\u0131nda cinayet kamerada: Jiletle \u00e7evreye rahats\u0131zl\u0131k veren \u015fah\u0131s silahla vuruldu - Memurun Sesi","og_description":"Kocaeli&#8217;nin \u0130zmit il\u00e7esinde iddiaya g\u00f6re jiletle esnafa ve vatanda\u015flara rahats\u0131zl\u0131k veren \u015fah\u0131s, silahla vurularak \u00f6ld\u00fcr\u00fcld\u00fc. Olay, 23.00 s\u0131ralar\u0131nda, Yenido\u011fan Mahallesi Derince Caddesi \u00fczerinde meydana geldi. \u0130ddiaya g\u00f6re esnafa ve vatanda\u015flara elinde jiletle rahats\u0131zl\u0131k verdi\u011fi iddia edilen \u00d6zg\u00fcr \u015eahin ile yoldan ge\u00e7enler aras\u0131nda ya\u015fanan tart\u0131\u015fma b\u00fcy\u00fcd\u00fc. \u015eah\u0131slardan birisi, \u00e7evreye rahats\u0131zl\u0131k veren \u00d6zg\u00fcr \u015eahin&#8217;e ate\u015f etti. Olay [&hellip;]","og_url":"https:\/\/memurunsesi.net\/index.php\/2025\/10\/08\/sokak-ortasinda-cinayet-kamerada-jiletle-cevreye-rahatsizlik-veren-sahis-silahla-vuruldu\/","og_site_name":"Memurun Sesi","article_publisher":"https:\/\/www.facebook.com\/unipersen\/?locale=tr_TR","article_published_time":"2025-10-08T05:29:26+00:00","og_image":[{"width":1600,"height":1200,"url":"https:\/\/memurunsesi.net\/wp-content\/uploads\/2025\/10\/AW554130_01.jpg","type":"image\/jpeg"}],"author":"Memurun Sesi Haber Merkezi","twitter_card":"summary_large_image","twitter_creator":"@unipersen","twitter_site":"@unipersen","twitter_misc":{"Yazan:":"Memurun Sesi Haber Merkezi","Tahmini okuma s\u00fcresi":"1 dakika"},"schema":{"@context":"https:\/\/schema.org","@graph":[{"@type":"Article","@id":"https:\/\/memurunsesi.net\/index.php\/2025\/10\/08\/sokak-ortasinda-cinayet-kamerada-jiletle-cevreye-rahatsizlik-veren-sahis-silahla-vuruldu\/#article","isPartOf":{"@id":"https:\/\/memurunsesi.net\/index.php\/2025\/10\/08\/sokak-ortasinda-cinayet-kamerada-jiletle-cevreye-rahatsizlik-veren-sahis-silahla-vuruldu\/"},"author":{"name":"Memurun Sesi Haber Merkezi","@id":"https:\/\/memurunsesi.net\/#\/schema\/person\/f21c2d73b89f6ee1d80b0a1803e38587"},"headline":"Sokak ortas\u0131nda cinayet kamerada: Jiletle \u00e7evreye rahats\u0131zl\u0131k veren \u015fah\u0131s silahla vuruldu","datePublished":"2025-10-08T05:29:26+00:00","mainEntityOfPage":{"@id":"https:\/\/memurunsesi.net\/index.php\/2025\/10\/08\/sokak-ortasinda-cinayet-kamerada-jiletle-cevreye-rahatsizlik-veren-sahis-silahla-vuruldu\/"},"wordCount":178,"commentCount":0,"publisher":{"@id":"https:\/\/memurunsesi.net\/#organization"},"image":{"@id":"https:\/\/memurunsesi.net\/index.php\/2025\/10\/08\/sokak-ortasinda-cinayet-kamerada-jiletle-cevreye-rahatsizlik-veren-sahis-silahla-vuruldu\/#primaryimage"},"thumbnailUrl":"https:\/\/memurunsesi.net\/wp-content\/uploads\/2025\/10\/AW554130_01.jpg","inLanguage":"tr","potentialAction":[{"@type":"CommentAction","name":"Comment","target":["https:\/\/memurunsesi.net\/index.php\/2025\/10\/08\/sokak-ortasinda-cinayet-kamerada-jiletle-cevreye-rahatsizlik-veren-sahis-silahla-vuruldu\/#respond"]}]},{"@type":"WebPage","@id":"https:\/\/memurunsesi.net\/index.php\/2025\/10\/08\/sokak-ortasinda-cinayet-kamerada-jiletle-cevreye-rahatsizlik-veren-sahis-silahla-vuruldu\/","url":"https:\/\/memurunsesi.net\/index.php\/2025\/10\/08\/sokak-ortasinda-cinayet-kamerada-jiletle-cevreye-rahatsizlik-veren-sahis-silahla-vuruldu\/","name":"Sokak ortas\u0131nda cinayet kamerada: Jiletle \u00e7evreye rahats\u0131zl\u0131k veren \u015fah\u0131s silahla vuruldu - Memurun Sesi","isPartOf":{"@id":"https:\/\/memurunsesi.net\/#website"},"primaryImageOfPage":{"@id":"https:\/\/memurunsesi.net\/index.php\/2025\/10\/08\/sokak-ortasinda-cinayet-kamerada-jiletle-cevreye-rahatsizlik-veren-sahis-silahla-vuruldu\/#primaryimage"},"image":{"@id":"https:\/\/memurunsesi.net\/index.php\/2025\/10\/08\/sokak-ortasinda-cinayet-kamerada-jiletle-cevreye-rahatsizlik-veren-sahis-silahla-vuruldu\/#primaryimage"},"thumbnailUrl":"https:\/\/memurunsesi.net\/wp-content\/uploads\/2025\/10\/AW554130_01.jpg","datePublished":"2025-10-08T05:29:26+00:00","breadcrumb":{"@id":"https:\/\/memurunsesi.net\/index.php\/2025\/10\/08\/sokak-ortasinda-cinayet-kamerada-jiletle-cevreye-rahatsizlik-veren-sahis-silahla-vuruldu\/#breadcrumb"},"inLanguage":"tr","potentialAction":[{"@type":"ReadAction","target":["https:\/\/memurunsesi.net\/index.php\/2025\/10\/08\/sokak-ortasinda-cinayet-kamerada-jiletle-cevreye-rahatsizlik-veren-sahis-silahla-vuruldu\/"]}]},{"@type":"ImageObject","inLanguage":"tr","@id":"https:\/\/memurunsesi.net\/index.php\/2025\/10\/08\/sokak-ortasinda-cinayet-kamerada-jiletle-cevreye-rahatsizlik-veren-sahis-silahla-vuruldu\/#primaryimage","url":"https:\/\/memurunsesi.net\/wp-content\/uploads\/2025\/10\/AW554130_01.jpg","contentUrl":"https:\/\/memurunsesi.net\/wp-content\/uploads\/2025\/10\/AW554130_01.jpg","width":1600,"height":1200,"caption":"KOCAEL\u0130'N\u0130N \u0130ZM\u0130T \u0130L\u00c7ES\u0130NDE \u0130DD\u0130AYA G\u00d6RE J\u0130LETLE ETRAFA RAHATSIZLIK VEREN \u015eAHIS, S\u0130LAHLA VURARAK \u00d6LD\u00dcR\u00dcLD\u00dc. (\u0130HA\/KOCAEL\u0130-\u0130HA) Kocaeli'nin \u0130zmit il\u00e7esinde iddiaya g\u00f6re jiletle esnafa ve vatanda\u015flara rahats\u0131zl\u0131k veren \u015fah\u0131s, silahla vurarak \u00f6ld\u00fcr\u00fcld\u00fc."},{"@type":"BreadcrumbList","@id":"https:\/\/memurunsesi.net\/index.php\/2025\/10\/08\/sokak-ortasinda-cinayet-kamerada-jiletle-cevreye-rahatsizlik-veren-sahis-silahla-vuruldu\/#breadcrumb","itemListElement":[{"@type":"ListItem","position":1,"name":"Anasayfa","item":"https:\/\/memurunsesi.net\/"},{"@type":"ListItem","position":2,"name":"Sokak ortas\u0131nda cinayet kamerada: Jiletle \u00e7evreye rahats\u0131zl\u0131k veren \u015fah\u0131s silahla vuruldu"}]},{"@type":"WebSite","@id":"https:\/\/memurunsesi.net\/#website","url":"https:\/\/memurunsesi.net\/","name":"Memurun Sesi","description":"G\u00fcncel ve Do\u011fru Haber","publisher":{"@id":"https:\/\/memurunsesi.net\/#organization"},"potentialAction":[{"@type":"SearchAction","target":{"@type":"EntryPoint","urlTemplate":"https:\/\/memurunsesi.net\/?s={search_term_string}"},"query-input":{"@type":"PropertyValueSpecification","valueRequired":true,"valueName":"search_term_string"}}],"inLanguage":"tr"},{"@type":"Organization","@id":"https:\/\/memurunsesi.net\/#organization","name":"Memurun Sesi","url":"https:\/\/memurunsesi.net\/","logo":{"@type":"ImageObject","inLanguage":"tr","@id":"https:\/\/memurunsesi.net\/#\/schema\/logo\/image\/","url":"https:\/\/memurunsesi.net\/wp-content\/uploads\/2025\/11\/cropped-MEMURUN-SESI.png","contentUrl":"https:\/\/memurunsesi.net\/wp-content\/uploads\/2025\/11\/cropped-MEMURUN-SESI.png","width":238,"height":57,"caption":"Memurun Sesi"},"image":{"@id":"https:\/\/memurunsesi.net\/#\/schema\/logo\/image\/"},"sameAs":["https:\/\/www.facebook.com\/unipersen\/?locale=tr_TR","https:\/\/x.com\/unipersen"]},{"@type":"Person","@id":"https:\/\/memurunsesi.net\/#\/schema\/person\/f21c2d73b89f6ee1d80b0a1803e38587","name":"Memurun Sesi Haber Merkezi","image":{"@type":"ImageObject","inLanguage":"tr","@id":"https:\/\/secure.gravatar.com\/avatar\/6cf0505f452ee753f485014986fab09a434671d2b919ee76fc541025c5876a70?s=96&d=mm&r=g","url":"https:\/\/secure.gravatar.com\/avatar\/6cf0505f452ee753f485014986fab09a434671d2b919ee76fc541025c5876a70?s=96&d=mm&r=g","contentUrl":"https:\/\/secure.gravatar.com\/avatar\/6cf0505f452ee753f485014986fab09a434671d2b919ee76fc541025c5876a70?s=96&d=mm&r=g","caption":"Memurun Sesi Haber Merkezi"},"sameAs":["https:\/\/memurunsesi.net"],"url":"https:\/\/memurunsesi.net\/index.php\/author\/uniper\/"}]}},"_links":{"self":[{"href":"https:\/\/memurunsesi.net\/index.php\/wp-json\/wp\/v2\/posts\/12666","targetHints":{"allow":["GET"]}}],"collection":[{"href":"https:\/\/memurunsesi.net\/index.php\/wp-json\/wp\/v2\/posts"}],"about":[{"href":"https:\/\/memurunsesi.net\/index.php\/wp-json\/wp\/v2\/types\/post"}],"author":[{"embeddable":true,"href":"https:\/\/memurunsesi.net\/index.php\/wp-json\/wp\/v2\/users\/1"}],"replies":[{"embeddable":true,"href":"https:\/\/memurunsesi.net\/index.php\/wp-json\/wp\/v2\/comments?post=12666"}],"version-history":[{"count":1,"href":"https:\/\/memurunsesi.net\/index.php\/wp-json\/wp\/v2\/posts\/12666\/revisions"}],"predecessor-version":[{"id":12668,"href":"https:\/\/memurunsesi.net\/index.php\/wp-json\/wp\/v2\/posts\/12666\/revisions\/12668"}],"wp:featuredmedia":[{"embeddable":true,"href":"https:\/\/memurunsesi.net\/index.php\/wp-json\/wp\/v2\/media\/12667"}],"wp:attachment":[{"href":"https:\/\/memurunsesi.net\/index.php\/wp-json\/wp\/v2\/media?parent=12666"}],"wp:term":[{"taxonomy":"category","embeddable":true,"href":"https:\/\/memurunsesi.net\/index.php\/wp-json\/wp\/v2\/categories?post=12666"},{"taxonomy":"post_tag","embeddable":true,"href":"https:\/\/memurunsesi.net\/index.php\/wp-json\/wp\/v2\/tags?post=12666"}],"curies":[{"name":"wp","href":"https:\/\/api.w.org\/{rel}","templated":true}]}}