{"id":12669,"date":"2025-10-08T08:33:09","date_gmt":"2025-10-08T05:33:09","guid":{"rendered":"https:\/\/memurunsesi.net\/?p=12669"},"modified":"2025-10-08T08:33:09","modified_gmt":"2025-10-08T05:33:09","slug":"van-golu-uzerinde-dolunay-gorsel-solen-sundu","status":"publish","type":"post","link":"https:\/\/memurunsesi.net\/index.php\/2025\/10\/08\/van-golu-uzerinde-dolunay-gorsel-solen-sundu\/","title":{"rendered":"Van G\u00f6l\u00fc \u00fczerinde dolunay g\u00f6rsel \u015f\u00f6len sundu"},"content":{"rendered":"<p>   Bitlis&#8217;in Ahlat il\u00e7esinde ak\u015fam saatlerinde g\u00f6ky\u00fcz\u00fcnde beliren dolunay, Van G\u00f6l\u00fc \u00fczerinde olu\u015fturdu\u011fu yakamozla izleyenlere adeta g\u00f6rsel bir \u015f\u00f6len sundu.<br \/>\n  Van G\u00f6l\u00fc&#8217;nde dolunay\u0131n en g\u00fczel izlendi\u011fi yerlerden biri olan Ahlat iskelesi, bu muhte\u015fem manzaray\u0131 g\u00f6rmek isteyen vatanda\u015flarla dolup ta\u015ft\u0131. G\u00f6ky\u00fcz\u00fcnde t\u00fcm ihti\u015fam\u0131yla y\u00fckselen dolunay, Van G\u00f6l\u00fc&#8217;ne yans\u0131yarak e\u015fsiz bir \u0131\u015f\u0131k oyununa d\u00f6n\u00fc\u015ft\u00fc. Ay \u0131\u015f\u0131\u011f\u0131n\u0131n g\u00f6l y\u00fczeyinde olu\u015fturdu\u011fu yakamoz etkileyici bir atmosfer olu\u015ftururken, Ahlatl\u0131lar ve il\u00e7eyi ziyaret eden foto\u011fraf tutkunlar\u0131 bu an\u0131 kaydetmek i\u00e7in cep telefonlar\u0131 ve foto\u011fraf makineleriyle g\u00f6r\u00fcnt\u00fc ald\u0131. Do\u011fan\u0131n ve g\u00f6ky\u00fcz\u00fcn\u00fcn e\u015fsiz uyumuna sahne olan bu manzara, izleyenleri mest etti. Vatanda\u015flar, Ahlat iskelesinde uzun s\u00fcre g\u00f6l \u00fczerindeki dolunay\u0131n yans\u0131mas\u0131n\u0131 izleyerek keyifli anlar ya\u015fad\u0131.<br \/>\n  \u0130skelede dolunay\u0131n y\u00fckseli\u015fini foto\u011fraflayan do\u011fa foto\u011fraf\u00e7\u0131s\u0131 \u015eahin \u015eerefo\u011flu, &#8220;Bug\u00fcn Van G\u00f6l\u00fc&#8217;nde dolunay kuzeyden \u00e7\u0131kt\u0131. Ahlat iskelesinden bu g\u00f6r\u00fcnt\u00fcy\u00fc ve dolunay\u0131n \u00e7\u0131k\u0131\u015f\u0131n\u0131 foto\u011fraflad\u0131k. Do\u011fa severler ve foto\u011fraf severlerde gelip bu g\u00fczel an\u0131 \u00e7ektiler. \u00c7ok g\u00fczel g\u00f6r\u00fcnt\u00fcler elde ettik&#8221; dedi. <\/p>\n<p>8.10.2025                                <\/p>\n","protected":false},"excerpt":{"rendered":"<p>Bitlis&#8217;in Ahlat il\u00e7esinde ak\u015fam saatlerinde g\u00f6ky\u00fcz\u00fcnde beliren dolunay, Van G\u00f6l\u00fc \u00fczerinde olu\u015fturdu\u011fu yakamozla izleyenlere adeta g\u00f6rsel bir \u015f\u00f6len sundu. Van G\u00f6l\u00fc&#8217;nde dolunay\u0131n en g\u00fczel izlendi\u011fi yerlerden biri olan Ahlat iskelesi, bu muhte\u015fem manzaray\u0131 g\u00f6rmek isteyen vatanda\u015flarla dolup ta\u015ft\u0131. G\u00f6ky\u00fcz\u00fcnde t\u00fcm ihti\u015fam\u0131yla y\u00fckselen dolunay, Van G\u00f6l\u00fc&#8217;ne yans\u0131yarak e\u015fsiz bir \u0131\u015f\u0131k oyununa d\u00f6n\u00fc\u015ft\u00fc. Ay \u0131\u015f\u0131\u011f\u0131n\u0131n g\u00f6l y\u00fczeyinde [&hellip;]<\/p>\n","protected":false},"author":1,"featured_media":12670,"comment_status":"open","ping_status":"open","sticky":false,"template":"","format":"standard","meta":{"footnotes":""},"categories":[1],"tags":[],"class_list":["post-12669","post","type-post","status-publish","format-standard","has-post-thumbnail","hentry","category-genel"],"yoast_head":"<!-- This site is optimized with the Yoast SEO plugin v27.4 - https:\/\/yoast.com\/product\/yoast-seo-wordpress\/ -->\n<title>Van G\u00f6l\u00fc \u00fczerinde dolunay g\u00f6rsel \u015f\u00f6len sundu - Memurun Sesi<\/title>\n<meta name=\"robots\" content=\"index, follow, max-snippet:-1, max-image-preview:large, max-video-preview:-1\" \/>\n<link rel=\"canonical\" href=\"https:\/\/memurunsesi.net\/index.php\/2025\/10\/08\/van-golu-uzerinde-dolunay-gorsel-solen-sundu\/\" \/>\n<meta property=\"og:locale\" content=\"tr_TR\" \/>\n<meta property=\"og:type\" content=\"article\" \/>\n<meta property=\"og:title\" content=\"Van G\u00f6l\u00fc \u00fczerinde dolunay g\u00f6rsel \u015f\u00f6len sundu - Memurun Sesi\" \/>\n<meta property=\"og:description\" content=\"Bitlis&#8217;in Ahlat il\u00e7esinde ak\u015fam saatlerinde g\u00f6ky\u00fcz\u00fcnde beliren dolunay, Van G\u00f6l\u00fc \u00fczerinde olu\u015fturdu\u011fu yakamozla izleyenlere adeta g\u00f6rsel bir \u015f\u00f6len sundu. Van G\u00f6l\u00fc&#8217;nde dolunay\u0131n en g\u00fczel izlendi\u011fi yerlerden biri olan Ahlat iskelesi, bu muhte\u015fem manzaray\u0131 g\u00f6rmek isteyen vatanda\u015flarla dolup ta\u015ft\u0131. G\u00f6ky\u00fcz\u00fcnde t\u00fcm ihti\u015fam\u0131yla y\u00fckselen dolunay, Van G\u00f6l\u00fc&#8217;ne yans\u0131yarak e\u015fsiz bir \u0131\u015f\u0131k oyununa d\u00f6n\u00fc\u015ft\u00fc. Ay \u0131\u015f\u0131\u011f\u0131n\u0131n g\u00f6l y\u00fczeyinde [&hellip;]\" \/>\n<meta property=\"og:url\" content=\"https:\/\/memurunsesi.net\/index.php\/2025\/10\/08\/van-golu-uzerinde-dolunay-gorsel-solen-sundu\/\" \/>\n<meta property=\"og:site_name\" content=\"Memurun Sesi\" \/>\n<meta property=\"article:publisher\" content=\"https:\/\/www.facebook.com\/unipersen\/?locale=tr_TR\" \/>\n<meta property=\"article:published_time\" content=\"2025-10-08T05:33:09+00:00\" \/>\n<meta property=\"og:image\" content=\"https:\/\/memurunsesi.net\/wp-content\/uploads\/2025\/10\/AW554126_07.jpg\" \/>\n\t<meta property=\"og:image:width\" content=\"1600\" \/>\n\t<meta property=\"og:image:height\" content=\"1200\" \/>\n\t<meta property=\"og:image:type\" content=\"image\/jpeg\" \/>\n<meta name=\"author\" content=\"Memurun Sesi Haber Merkezi\" \/>\n<meta name=\"twitter:card\" content=\"summary_large_image\" \/>\n<meta name=\"twitter:creator\" content=\"@unipersen\" \/>\n<meta name=\"twitter:site\" content=\"@unipersen\" \/>\n<meta name=\"twitter:label1\" content=\"Yazan:\" \/>\n\t<meta name=\"twitter:data1\" content=\"Memurun Sesi Haber Merkezi\" \/>\n\t<meta name=\"twitter:label2\" content=\"Tahmini okuma s\u00fcresi\" \/>\n\t<meta name=\"twitter:data2\" content=\"1 dakika\" \/>\n<script type=\"application\/ld+json\" class=\"yoast-schema-graph\">{\"@context\":\"https:\\\/\\\/schema.org\",\"@graph\":[{\"@type\":\"Article\",\"@id\":\"https:\\\/\\\/memurunsesi.net\\\/index.php\\\/2025\\\/10\\\/08\\\/van-golu-uzerinde-dolunay-gorsel-solen-sundu\\\/#article\",\"isPartOf\":{\"@id\":\"https:\\\/\\\/memurunsesi.net\\\/index.php\\\/2025\\\/10\\\/08\\\/van-golu-uzerinde-dolunay-gorsel-solen-sundu\\\/\"},\"author\":{\"name\":\"Memurun Sesi Haber Merkezi\",\"@id\":\"https:\\\/\\\/memurunsesi.net\\\/#\\\/schema\\\/person\\\/f21c2d73b89f6ee1d80b0a1803e38587\"},\"headline\":\"Van G\u00f6l\u00fc \u00fczerinde dolunay g\u00f6rsel \u015f\u00f6len sundu\",\"datePublished\":\"2025-10-08T05:33:09+00:00\",\"mainEntityOfPage\":{\"@id\":\"https:\\\/\\\/memurunsesi.net\\\/index.php\\\/2025\\\/10\\\/08\\\/van-golu-uzerinde-dolunay-gorsel-solen-sundu\\\/\"},\"wordCount\":235,\"commentCount\":0,\"publisher\":{\"@id\":\"https:\\\/\\\/memurunsesi.net\\\/#organization\"},\"image\":{\"@id\":\"https:\\\/\\\/memurunsesi.net\\\/index.php\\\/2025\\\/10\\\/08\\\/van-golu-uzerinde-dolunay-gorsel-solen-sundu\\\/#primaryimage\"},\"thumbnailUrl\":\"https:\\\/\\\/memurunsesi.net\\\/wp-content\\\/uploads\\\/2025\\\/10\\\/AW554126_07.jpg\",\"inLanguage\":\"tr\",\"potentialAction\":[{\"@type\":\"CommentAction\",\"name\":\"Comment\",\"target\":[\"https:\\\/\\\/memurunsesi.net\\\/index.php\\\/2025\\\/10\\\/08\\\/van-golu-uzerinde-dolunay-gorsel-solen-sundu\\\/#respond\"]}]},{\"@type\":\"WebPage\",\"@id\":\"https:\\\/\\\/memurunsesi.net\\\/index.php\\\/2025\\\/10\\\/08\\\/van-golu-uzerinde-dolunay-gorsel-solen-sundu\\\/\",\"url\":\"https:\\\/\\\/memurunsesi.net\\\/index.php\\\/2025\\\/10\\\/08\\\/van-golu-uzerinde-dolunay-gorsel-solen-sundu\\\/\",\"name\":\"Van G\u00f6l\u00fc \u00fczerinde dolunay g\u00f6rsel \u015f\u00f6len sundu - Memurun Sesi\",\"isPartOf\":{\"@id\":\"https:\\\/\\\/memurunsesi.net\\\/#website\"},\"primaryImageOfPage\":{\"@id\":\"https:\\\/\\\/memurunsesi.net\\\/index.php\\\/2025\\\/10\\\/08\\\/van-golu-uzerinde-dolunay-gorsel-solen-sundu\\\/#primaryimage\"},\"image\":{\"@id\":\"https:\\\/\\\/memurunsesi.net\\\/index.php\\\/2025\\\/10\\\/08\\\/van-golu-uzerinde-dolunay-gorsel-solen-sundu\\\/#primaryimage\"},\"thumbnailUrl\":\"https:\\\/\\\/memurunsesi.net\\\/wp-content\\\/uploads\\\/2025\\\/10\\\/AW554126_07.jpg\",\"datePublished\":\"2025-10-08T05:33:09+00:00\",\"breadcrumb\":{\"@id\":\"https:\\\/\\\/memurunsesi.net\\\/index.php\\\/2025\\\/10\\\/08\\\/van-golu-uzerinde-dolunay-gorsel-solen-sundu\\\/#breadcrumb\"},\"inLanguage\":\"tr\",\"potentialAction\":[{\"@type\":\"ReadAction\",\"target\":[\"https:\\\/\\\/memurunsesi.net\\\/index.php\\\/2025\\\/10\\\/08\\\/van-golu-uzerinde-dolunay-gorsel-solen-sundu\\\/\"]}]},{\"@type\":\"ImageObject\",\"inLanguage\":\"tr\",\"@id\":\"https:\\\/\\\/memurunsesi.net\\\/index.php\\\/2025\\\/10\\\/08\\\/van-golu-uzerinde-dolunay-gorsel-solen-sundu\\\/#primaryimage\",\"url\":\"https:\\\/\\\/memurunsesi.net\\\/wp-content\\\/uploads\\\/2025\\\/10\\\/AW554126_07.jpg\",\"contentUrl\":\"https:\\\/\\\/memurunsesi.net\\\/wp-content\\\/uploads\\\/2025\\\/10\\\/AW554126_07.jpg\",\"width\":1600,\"height\":1200,\"caption\":\"B\u0130TL\u0130S'\u0130N AHLAT \u0130L\u00c7ES\u0130NDE AK\u015eAM SAATLER\u0130NDE G\u00d6KY\u00dcZ\u00dcNDE BEL\u0130REN DOLUNAY, VAN G\u00d6L\u00dc \u00dcZER\u0130NDE OLU\u015eTURDU\u011eU YAKAMOZLA \u0130ZLEYENLERE ADETA G\u00d6RSEL B\u0130R \u015e\u00d6LEN SUNDU. (\u00d6ZKAN OLCAY\\\/B\u0130TL\u0130S-\u0130HA) Bitlis'in Ahlat il\u00e7esinde ak\u015fam saatlerinde g\u00f6ky\u00fcz\u00fcnde beliren dolunay, Van G\u00f6l\u00fc \u00fczerinde olu\u015fturdu\u011fu yakamozla izleyenlere adeta g\u00f6rsel bir \u015f\u00f6len sundu.\"},{\"@type\":\"BreadcrumbList\",\"@id\":\"https:\\\/\\\/memurunsesi.net\\\/index.php\\\/2025\\\/10\\\/08\\\/van-golu-uzerinde-dolunay-gorsel-solen-sundu\\\/#breadcrumb\",\"itemListElement\":[{\"@type\":\"ListItem\",\"position\":1,\"name\":\"Anasayfa\",\"item\":\"https:\\\/\\\/memurunsesi.net\\\/\"},{\"@type\":\"ListItem\",\"position\":2,\"name\":\"Van G\u00f6l\u00fc \u00fczerinde dolunay g\u00f6rsel \u015f\u00f6len sundu\"}]},{\"@type\":\"WebSite\",\"@id\":\"https:\\\/\\\/memurunsesi.net\\\/#website\",\"url\":\"https:\\\/\\\/memurunsesi.net\\\/\",\"name\":\"Memurun Sesi\",\"description\":\"G\u00fcncel ve Do\u011fru Haber\",\"publisher\":{\"@id\":\"https:\\\/\\\/memurunsesi.net\\\/#organization\"},\"potentialAction\":[{\"@type\":\"SearchAction\",\"target\":{\"@type\":\"EntryPoint\",\"urlTemplate\":\"https:\\\/\\\/memurunsesi.net\\\/?s={search_term_string}\"},\"query-input\":{\"@type\":\"PropertyValueSpecification\",\"valueRequired\":true,\"valueName\":\"search_term_string\"}}],\"inLanguage\":\"tr\"},{\"@type\":\"Organization\",\"@id\":\"https:\\\/\\\/memurunsesi.net\\\/#organization\",\"name\":\"Memurun Sesi\",\"url\":\"https:\\\/\\\/memurunsesi.net\\\/\",\"logo\":{\"@type\":\"ImageObject\",\"inLanguage\":\"tr\",\"@id\":\"https:\\\/\\\/memurunsesi.net\\\/#\\\/schema\\\/logo\\\/image\\\/\",\"url\":\"https:\\\/\\\/memurunsesi.net\\\/wp-content\\\/uploads\\\/2025\\\/11\\\/cropped-MEMURUN-SESI.png\",\"contentUrl\":\"https:\\\/\\\/memurunsesi.net\\\/wp-content\\\/uploads\\\/2025\\\/11\\\/cropped-MEMURUN-SESI.png\",\"width\":238,\"height\":57,\"caption\":\"Memurun Sesi\"},\"image\":{\"@id\":\"https:\\\/\\\/memurunsesi.net\\\/#\\\/schema\\\/logo\\\/image\\\/\"},\"sameAs\":[\"https:\\\/\\\/www.facebook.com\\\/unipersen\\\/?locale=tr_TR\",\"https:\\\/\\\/x.com\\\/unipersen\"]},{\"@type\":\"Person\",\"@id\":\"https:\\\/\\\/memurunsesi.net\\\/#\\\/schema\\\/person\\\/f21c2d73b89f6ee1d80b0a1803e38587\",\"name\":\"Memurun Sesi Haber Merkezi\",\"image\":{\"@type\":\"ImageObject\",\"inLanguage\":\"tr\",\"@id\":\"https:\\\/\\\/secure.gravatar.com\\\/avatar\\\/6cf0505f452ee753f485014986fab09a434671d2b919ee76fc541025c5876a70?s=96&d=mm&r=g\",\"url\":\"https:\\\/\\\/secure.gravatar.com\\\/avatar\\\/6cf0505f452ee753f485014986fab09a434671d2b919ee76fc541025c5876a70?s=96&d=mm&r=g\",\"contentUrl\":\"https:\\\/\\\/secure.gravatar.com\\\/avatar\\\/6cf0505f452ee753f485014986fab09a434671d2b919ee76fc541025c5876a70?s=96&d=mm&r=g\",\"caption\":\"Memurun Sesi Haber Merkezi\"},\"sameAs\":[\"https:\\\/\\\/memurunsesi.net\"],\"url\":\"https:\\\/\\\/memurunsesi.net\\\/index.php\\\/author\\\/uniper\\\/\"}]}<\/script>\n<!-- \/ Yoast SEO plugin. -->","yoast_head_json":{"title":"Van G\u00f6l\u00fc \u00fczerinde dolunay g\u00f6rsel \u015f\u00f6len sundu - Memurun Sesi","robots":{"index":"index","follow":"follow","max-snippet":"max-snippet:-1","max-image-preview":"max-image-preview:large","max-video-preview":"max-video-preview:-1"},"canonical":"https:\/\/memurunsesi.net\/index.php\/2025\/10\/08\/van-golu-uzerinde-dolunay-gorsel-solen-sundu\/","og_locale":"tr_TR","og_type":"article","og_title":"Van G\u00f6l\u00fc \u00fczerinde dolunay g\u00f6rsel \u015f\u00f6len sundu - Memurun Sesi","og_description":"Bitlis&#8217;in Ahlat il\u00e7esinde ak\u015fam saatlerinde g\u00f6ky\u00fcz\u00fcnde beliren dolunay, Van G\u00f6l\u00fc \u00fczerinde olu\u015fturdu\u011fu yakamozla izleyenlere adeta g\u00f6rsel bir \u015f\u00f6len sundu. Van G\u00f6l\u00fc&#8217;nde dolunay\u0131n en g\u00fczel izlendi\u011fi yerlerden biri olan Ahlat iskelesi, bu muhte\u015fem manzaray\u0131 g\u00f6rmek isteyen vatanda\u015flarla dolup ta\u015ft\u0131. G\u00f6ky\u00fcz\u00fcnde t\u00fcm ihti\u015fam\u0131yla y\u00fckselen dolunay, Van G\u00f6l\u00fc&#8217;ne yans\u0131yarak e\u015fsiz bir \u0131\u015f\u0131k oyununa d\u00f6n\u00fc\u015ft\u00fc. Ay \u0131\u015f\u0131\u011f\u0131n\u0131n g\u00f6l y\u00fczeyinde [&hellip;]","og_url":"https:\/\/memurunsesi.net\/index.php\/2025\/10\/08\/van-golu-uzerinde-dolunay-gorsel-solen-sundu\/","og_site_name":"Memurun Sesi","article_publisher":"https:\/\/www.facebook.com\/unipersen\/?locale=tr_TR","article_published_time":"2025-10-08T05:33:09+00:00","og_image":[{"width":1600,"height":1200,"url":"https:\/\/memurunsesi.net\/wp-content\/uploads\/2025\/10\/AW554126_07.jpg","type":"image\/jpeg"}],"author":"Memurun Sesi Haber Merkezi","twitter_card":"summary_large_image","twitter_creator":"@unipersen","twitter_site":"@unipersen","twitter_misc":{"Yazan:":"Memurun Sesi Haber Merkezi","Tahmini okuma s\u00fcresi":"1 dakika"},"schema":{"@context":"https:\/\/schema.org","@graph":[{"@type":"Article","@id":"https:\/\/memurunsesi.net\/index.php\/2025\/10\/08\/van-golu-uzerinde-dolunay-gorsel-solen-sundu\/#article","isPartOf":{"@id":"https:\/\/memurunsesi.net\/index.php\/2025\/10\/08\/van-golu-uzerinde-dolunay-gorsel-solen-sundu\/"},"author":{"name":"Memurun Sesi Haber Merkezi","@id":"https:\/\/memurunsesi.net\/#\/schema\/person\/f21c2d73b89f6ee1d80b0a1803e38587"},"headline":"Van G\u00f6l\u00fc \u00fczerinde dolunay g\u00f6rsel \u015f\u00f6len sundu","datePublished":"2025-10-08T05:33:09+00:00","mainEntityOfPage":{"@id":"https:\/\/memurunsesi.net\/index.php\/2025\/10\/08\/van-golu-uzerinde-dolunay-gorsel-solen-sundu\/"},"wordCount":235,"commentCount":0,"publisher":{"@id":"https:\/\/memurunsesi.net\/#organization"},"image":{"@id":"https:\/\/memurunsesi.net\/index.php\/2025\/10\/08\/van-golu-uzerinde-dolunay-gorsel-solen-sundu\/#primaryimage"},"thumbnailUrl":"https:\/\/memurunsesi.net\/wp-content\/uploads\/2025\/10\/AW554126_07.jpg","inLanguage":"tr","potentialAction":[{"@type":"CommentAction","name":"Comment","target":["https:\/\/memurunsesi.net\/index.php\/2025\/10\/08\/van-golu-uzerinde-dolunay-gorsel-solen-sundu\/#respond"]}]},{"@type":"WebPage","@id":"https:\/\/memurunsesi.net\/index.php\/2025\/10\/08\/van-golu-uzerinde-dolunay-gorsel-solen-sundu\/","url":"https:\/\/memurunsesi.net\/index.php\/2025\/10\/08\/van-golu-uzerinde-dolunay-gorsel-solen-sundu\/","name":"Van G\u00f6l\u00fc \u00fczerinde dolunay g\u00f6rsel \u015f\u00f6len sundu - Memurun Sesi","isPartOf":{"@id":"https:\/\/memurunsesi.net\/#website"},"primaryImageOfPage":{"@id":"https:\/\/memurunsesi.net\/index.php\/2025\/10\/08\/van-golu-uzerinde-dolunay-gorsel-solen-sundu\/#primaryimage"},"image":{"@id":"https:\/\/memurunsesi.net\/index.php\/2025\/10\/08\/van-golu-uzerinde-dolunay-gorsel-solen-sundu\/#primaryimage"},"thumbnailUrl":"https:\/\/memurunsesi.net\/wp-content\/uploads\/2025\/10\/AW554126_07.jpg","datePublished":"2025-10-08T05:33:09+00:00","breadcrumb":{"@id":"https:\/\/memurunsesi.net\/index.php\/2025\/10\/08\/van-golu-uzerinde-dolunay-gorsel-solen-sundu\/#breadcrumb"},"inLanguage":"tr","potentialAction":[{"@type":"ReadAction","target":["https:\/\/memurunsesi.net\/index.php\/2025\/10\/08\/van-golu-uzerinde-dolunay-gorsel-solen-sundu\/"]}]},{"@type":"ImageObject","inLanguage":"tr","@id":"https:\/\/memurunsesi.net\/index.php\/2025\/10\/08\/van-golu-uzerinde-dolunay-gorsel-solen-sundu\/#primaryimage","url":"https:\/\/memurunsesi.net\/wp-content\/uploads\/2025\/10\/AW554126_07.jpg","contentUrl":"https:\/\/memurunsesi.net\/wp-content\/uploads\/2025\/10\/AW554126_07.jpg","width":1600,"height":1200,"caption":"B\u0130TL\u0130S'\u0130N AHLAT \u0130L\u00c7ES\u0130NDE AK\u015eAM SAATLER\u0130NDE G\u00d6KY\u00dcZ\u00dcNDE BEL\u0130REN DOLUNAY, VAN G\u00d6L\u00dc \u00dcZER\u0130NDE OLU\u015eTURDU\u011eU YAKAMOZLA \u0130ZLEYENLERE ADETA G\u00d6RSEL B\u0130R \u015e\u00d6LEN SUNDU. (\u00d6ZKAN OLCAY\/B\u0130TL\u0130S-\u0130HA) Bitlis'in Ahlat il\u00e7esinde ak\u015fam saatlerinde g\u00f6ky\u00fcz\u00fcnde beliren dolunay, Van G\u00f6l\u00fc \u00fczerinde olu\u015fturdu\u011fu yakamozla izleyenlere adeta g\u00f6rsel bir \u015f\u00f6len sundu."},{"@type":"BreadcrumbList","@id":"https:\/\/memurunsesi.net\/index.php\/2025\/10\/08\/van-golu-uzerinde-dolunay-gorsel-solen-sundu\/#breadcrumb","itemListElement":[{"@type":"ListItem","position":1,"name":"Anasayfa","item":"https:\/\/memurunsesi.net\/"},{"@type":"ListItem","position":2,"name":"Van G\u00f6l\u00fc \u00fczerinde dolunay g\u00f6rsel \u015f\u00f6len sundu"}]},{"@type":"WebSite","@id":"https:\/\/memurunsesi.net\/#website","url":"https:\/\/memurunsesi.net\/","name":"Memurun Sesi","description":"G\u00fcncel ve Do\u011fru Haber","publisher":{"@id":"https:\/\/memurunsesi.net\/#organization"},"potentialAction":[{"@type":"SearchAction","target":{"@type":"EntryPoint","urlTemplate":"https:\/\/memurunsesi.net\/?s={search_term_string}"},"query-input":{"@type":"PropertyValueSpecification","valueRequired":true,"valueName":"search_term_string"}}],"inLanguage":"tr"},{"@type":"Organization","@id":"https:\/\/memurunsesi.net\/#organization","name":"Memurun Sesi","url":"https:\/\/memurunsesi.net\/","logo":{"@type":"ImageObject","inLanguage":"tr","@id":"https:\/\/memurunsesi.net\/#\/schema\/logo\/image\/","url":"https:\/\/memurunsesi.net\/wp-content\/uploads\/2025\/11\/cropped-MEMURUN-SESI.png","contentUrl":"https:\/\/memurunsesi.net\/wp-content\/uploads\/2025\/11\/cropped-MEMURUN-SESI.png","width":238,"height":57,"caption":"Memurun Sesi"},"image":{"@id":"https:\/\/memurunsesi.net\/#\/schema\/logo\/image\/"},"sameAs":["https:\/\/www.facebook.com\/unipersen\/?locale=tr_TR","https:\/\/x.com\/unipersen"]},{"@type":"Person","@id":"https:\/\/memurunsesi.net\/#\/schema\/person\/f21c2d73b89f6ee1d80b0a1803e38587","name":"Memurun Sesi Haber Merkezi","image":{"@type":"ImageObject","inLanguage":"tr","@id":"https:\/\/secure.gravatar.com\/avatar\/6cf0505f452ee753f485014986fab09a434671d2b919ee76fc541025c5876a70?s=96&d=mm&r=g","url":"https:\/\/secure.gravatar.com\/avatar\/6cf0505f452ee753f485014986fab09a434671d2b919ee76fc541025c5876a70?s=96&d=mm&r=g","contentUrl":"https:\/\/secure.gravatar.com\/avatar\/6cf0505f452ee753f485014986fab09a434671d2b919ee76fc541025c5876a70?s=96&d=mm&r=g","caption":"Memurun Sesi Haber Merkezi"},"sameAs":["https:\/\/memurunsesi.net"],"url":"https:\/\/memurunsesi.net\/index.php\/author\/uniper\/"}]}},"_links":{"self":[{"href":"https:\/\/memurunsesi.net\/index.php\/wp-json\/wp\/v2\/posts\/12669","targetHints":{"allow":["GET"]}}],"collection":[{"href":"https:\/\/memurunsesi.net\/index.php\/wp-json\/wp\/v2\/posts"}],"about":[{"href":"https:\/\/memurunsesi.net\/index.php\/wp-json\/wp\/v2\/types\/post"}],"author":[{"embeddable":true,"href":"https:\/\/memurunsesi.net\/index.php\/wp-json\/wp\/v2\/users\/1"}],"replies":[{"embeddable":true,"href":"https:\/\/memurunsesi.net\/index.php\/wp-json\/wp\/v2\/comments?post=12669"}],"version-history":[{"count":1,"href":"https:\/\/memurunsesi.net\/index.php\/wp-json\/wp\/v2\/posts\/12669\/revisions"}],"predecessor-version":[{"id":12671,"href":"https:\/\/memurunsesi.net\/index.php\/wp-json\/wp\/v2\/posts\/12669\/revisions\/12671"}],"wp:featuredmedia":[{"embeddable":true,"href":"https:\/\/memurunsesi.net\/index.php\/wp-json\/wp\/v2\/media\/12670"}],"wp:attachment":[{"href":"https:\/\/memurunsesi.net\/index.php\/wp-json\/wp\/v2\/media?parent=12669"}],"wp:term":[{"taxonomy":"category","embeddable":true,"href":"https:\/\/memurunsesi.net\/index.php\/wp-json\/wp\/v2\/categories?post=12669"},{"taxonomy":"post_tag","embeddable":true,"href":"https:\/\/memurunsesi.net\/index.php\/wp-json\/wp\/v2\/tags?post=12669"}],"curies":[{"name":"wp","href":"https:\/\/api.w.org\/{rel}","templated":true}]}}