{"id":12688,"date":"2025-10-08T19:33:04","date_gmt":"2025-10-08T16:33:04","guid":{"rendered":"https:\/\/memurunsesi.net\/?p=12688"},"modified":"2025-10-08T19:33:04","modified_gmt":"2025-10-08T16:33:04","slug":"motosiklet-kamyonete-carpti-2-agir-yarali","status":"publish","type":"post","link":"https:\/\/memurunsesi.net\/index.php\/2025\/10\/08\/motosiklet-kamyonete-carpti-2-agir-yarali\/","title":{"rendered":"Motosiklet kamyonete \u00e7arpt\u0131: 2 a\u011f\u0131r yaral\u0131"},"content":{"rendered":"<p>   D\u00fczce\u2019de kamyonetle \u00e7arp\u0131\u015fan motosikletteki 2 \u00f6\u011frenci a\u011f\u0131r yaraland\u0131.<br \/>\nKaza, Eski Bolu Caddesi \u00fczerinde meydana geldi. Al\u0131nan bilgilere g\u00f6re, b\u00f6lgede bulunan liseden ders bitimi sonras\u0131nda \u00e7\u0131kan ve \u015fehir merkezi istikametine seyir halinde olan A.A. idaresindeki 81 ABY 968 plakal\u0131 motosiklet, Fevzi \u00c7akmak Mahallesi mevkiinde ayn\u0131 istikamette seyir halinde olan Mutlu \u00d6. idaresinde ki 07 GHT 38 plakal\u0131 Mitsubishi marka kamyonet ile \u00e7arp\u0131\u015ft\u0131. \u00c7arp\u0131\u015fman\u0131n etkisi ile motosiklet \u00fczerinde bulunan s\u00fcr\u00fcc\u00fc 17 ya\u015f\u0131ndaki A.A. ve motosiklette yolcu olarak bulunan 16 ya\u015f\u0131ndaki E.D. yaraland\u0131. A\u011f\u0131r yaralanan iki lise \u00f6\u011frencisi b\u00f6lgeye gelen ambulansla hastaneye kald\u0131r\u0131l\u0131rken, kaza ile ilgili inceleme ba\u015flat\u0131ld\u0131.  <\/p>\n<p>8.10.2025                                     <\/p>\n","protected":false},"excerpt":{"rendered":"<p>D\u00fczce\u2019de kamyonetle \u00e7arp\u0131\u015fan motosikletteki 2 \u00f6\u011frenci a\u011f\u0131r yaraland\u0131. Kaza, Eski Bolu Caddesi \u00fczerinde meydana geldi. Al\u0131nan bilgilere g\u00f6re, b\u00f6lgede bulunan liseden ders bitimi sonras\u0131nda \u00e7\u0131kan ve \u015fehir merkezi istikametine seyir halinde olan A.A. idaresindeki 81 ABY 968 plakal\u0131 motosiklet, Fevzi \u00c7akmak Mahallesi mevkiinde ayn\u0131 istikamette seyir halinde olan Mutlu \u00d6. idaresinde ki 07 GHT 38 [&hellip;]<\/p>\n","protected":false},"author":1,"featured_media":12689,"comment_status":"open","ping_status":"open","sticky":false,"template":"","format":"standard","meta":{"footnotes":""},"categories":[1],"tags":[],"class_list":["post-12688","post","type-post","status-publish","format-standard","has-post-thumbnail","hentry","category-genel"],"yoast_head":"<!-- This site is optimized with the Yoast SEO plugin v27.4 - https:\/\/yoast.com\/product\/yoast-seo-wordpress\/ -->\n<title>Motosiklet kamyonete \u00e7arpt\u0131: 2 a\u011f\u0131r yaral\u0131 - Memurun Sesi<\/title>\n<meta name=\"robots\" content=\"index, follow, max-snippet:-1, max-image-preview:large, max-video-preview:-1\" \/>\n<link rel=\"canonical\" href=\"https:\/\/memurunsesi.net\/index.php\/2025\/10\/08\/motosiklet-kamyonete-carpti-2-agir-yarali\/\" \/>\n<meta property=\"og:locale\" content=\"tr_TR\" \/>\n<meta property=\"og:type\" content=\"article\" \/>\n<meta property=\"og:title\" content=\"Motosiklet kamyonete \u00e7arpt\u0131: 2 a\u011f\u0131r yaral\u0131 - Memurun Sesi\" \/>\n<meta property=\"og:description\" content=\"D\u00fczce\u2019de kamyonetle \u00e7arp\u0131\u015fan motosikletteki 2 \u00f6\u011frenci a\u011f\u0131r yaraland\u0131. Kaza, Eski Bolu Caddesi \u00fczerinde meydana geldi. Al\u0131nan bilgilere g\u00f6re, b\u00f6lgede bulunan liseden ders bitimi sonras\u0131nda \u00e7\u0131kan ve \u015fehir merkezi istikametine seyir halinde olan A.A. idaresindeki 81 ABY 968 plakal\u0131 motosiklet, Fevzi \u00c7akmak Mahallesi mevkiinde ayn\u0131 istikamette seyir halinde olan Mutlu \u00d6. idaresinde ki 07 GHT 38 [&hellip;]\" \/>\n<meta property=\"og:url\" content=\"https:\/\/memurunsesi.net\/index.php\/2025\/10\/08\/motosiklet-kamyonete-carpti-2-agir-yarali\/\" \/>\n<meta property=\"og:site_name\" content=\"Memurun Sesi\" \/>\n<meta property=\"article:publisher\" content=\"https:\/\/www.facebook.com\/unipersen\/?locale=tr_TR\" \/>\n<meta property=\"article:published_time\" content=\"2025-10-08T16:33:04+00:00\" \/>\n<meta property=\"og:image\" content=\"https:\/\/memurunsesi.net\/wp-content\/uploads\/2025\/10\/AW554825_04.jpg\" \/>\n\t<meta property=\"og:image:width\" content=\"1206\" \/>\n\t<meta property=\"og:image:height\" content=\"661\" \/>\n\t<meta property=\"og:image:type\" content=\"image\/jpeg\" \/>\n<meta name=\"author\" content=\"Memurun Sesi Haber Merkezi\" \/>\n<meta name=\"twitter:card\" content=\"summary_large_image\" \/>\n<meta name=\"twitter:creator\" content=\"@unipersen\" \/>\n<meta name=\"twitter:site\" content=\"@unipersen\" \/>\n<meta name=\"twitter:label1\" content=\"Yazan:\" \/>\n\t<meta name=\"twitter:data1\" content=\"Memurun Sesi Haber Merkezi\" \/>\n\t<meta name=\"twitter:label2\" content=\"Tahmini okuma s\u00fcresi\" \/>\n\t<meta name=\"twitter:data2\" content=\"1 dakika\" \/>\n<script type=\"application\/ld+json\" class=\"yoast-schema-graph\">{\"@context\":\"https:\\\/\\\/schema.org\",\"@graph\":[{\"@type\":\"Article\",\"@id\":\"https:\\\/\\\/memurunsesi.net\\\/index.php\\\/2025\\\/10\\\/08\\\/motosiklet-kamyonete-carpti-2-agir-yarali\\\/#article\",\"isPartOf\":{\"@id\":\"https:\\\/\\\/memurunsesi.net\\\/index.php\\\/2025\\\/10\\\/08\\\/motosiklet-kamyonete-carpti-2-agir-yarali\\\/\"},\"author\":{\"name\":\"Memurun Sesi Haber Merkezi\",\"@id\":\"https:\\\/\\\/memurunsesi.net\\\/#\\\/schema\\\/person\\\/f21c2d73b89f6ee1d80b0a1803e38587\"},\"headline\":\"Motosiklet kamyonete \u00e7arpt\u0131: 2 a\u011f\u0131r yaral\u0131\",\"datePublished\":\"2025-10-08T16:33:04+00:00\",\"mainEntityOfPage\":{\"@id\":\"https:\\\/\\\/memurunsesi.net\\\/index.php\\\/2025\\\/10\\\/08\\\/motosiklet-kamyonete-carpti-2-agir-yarali\\\/\"},\"wordCount\":118,\"commentCount\":0,\"publisher\":{\"@id\":\"https:\\\/\\\/memurunsesi.net\\\/#organization\"},\"image\":{\"@id\":\"https:\\\/\\\/memurunsesi.net\\\/index.php\\\/2025\\\/10\\\/08\\\/motosiklet-kamyonete-carpti-2-agir-yarali\\\/#primaryimage\"},\"thumbnailUrl\":\"https:\\\/\\\/memurunsesi.net\\\/wp-content\\\/uploads\\\/2025\\\/10\\\/AW554825_04.jpg\",\"inLanguage\":\"tr\",\"potentialAction\":[{\"@type\":\"CommentAction\",\"name\":\"Comment\",\"target\":[\"https:\\\/\\\/memurunsesi.net\\\/index.php\\\/2025\\\/10\\\/08\\\/motosiklet-kamyonete-carpti-2-agir-yarali\\\/#respond\"]}]},{\"@type\":\"WebPage\",\"@id\":\"https:\\\/\\\/memurunsesi.net\\\/index.php\\\/2025\\\/10\\\/08\\\/motosiklet-kamyonete-carpti-2-agir-yarali\\\/\",\"url\":\"https:\\\/\\\/memurunsesi.net\\\/index.php\\\/2025\\\/10\\\/08\\\/motosiklet-kamyonete-carpti-2-agir-yarali\\\/\",\"name\":\"Motosiklet kamyonete \u00e7arpt\u0131: 2 a\u011f\u0131r yaral\u0131 - Memurun Sesi\",\"isPartOf\":{\"@id\":\"https:\\\/\\\/memurunsesi.net\\\/#website\"},\"primaryImageOfPage\":{\"@id\":\"https:\\\/\\\/memurunsesi.net\\\/index.php\\\/2025\\\/10\\\/08\\\/motosiklet-kamyonete-carpti-2-agir-yarali\\\/#primaryimage\"},\"image\":{\"@id\":\"https:\\\/\\\/memurunsesi.net\\\/index.php\\\/2025\\\/10\\\/08\\\/motosiklet-kamyonete-carpti-2-agir-yarali\\\/#primaryimage\"},\"thumbnailUrl\":\"https:\\\/\\\/memurunsesi.net\\\/wp-content\\\/uploads\\\/2025\\\/10\\\/AW554825_04.jpg\",\"datePublished\":\"2025-10-08T16:33:04+00:00\",\"breadcrumb\":{\"@id\":\"https:\\\/\\\/memurunsesi.net\\\/index.php\\\/2025\\\/10\\\/08\\\/motosiklet-kamyonete-carpti-2-agir-yarali\\\/#breadcrumb\"},\"inLanguage\":\"tr\",\"potentialAction\":[{\"@type\":\"ReadAction\",\"target\":[\"https:\\\/\\\/memurunsesi.net\\\/index.php\\\/2025\\\/10\\\/08\\\/motosiklet-kamyonete-carpti-2-agir-yarali\\\/\"]}]},{\"@type\":\"ImageObject\",\"inLanguage\":\"tr\",\"@id\":\"https:\\\/\\\/memurunsesi.net\\\/index.php\\\/2025\\\/10\\\/08\\\/motosiklet-kamyonete-carpti-2-agir-yarali\\\/#primaryimage\",\"url\":\"https:\\\/\\\/memurunsesi.net\\\/wp-content\\\/uploads\\\/2025\\\/10\\\/AW554825_04.jpg\",\"contentUrl\":\"https:\\\/\\\/memurunsesi.net\\\/wp-content\\\/uploads\\\/2025\\\/10\\\/AW554825_04.jpg\",\"width\":1206,\"height\":661,\"caption\":\"D\u00dcZCE'DE KAMYONETLE \u00c7ARPI\u015eAN MOTOS\u0130KLETTE K\u0130 \u0130K\u0130 \u00d6\u011eRENC\u0130 A\u011eIR YARALANARAK HASTANEYE KALDIRILDI. (AL\u0130 YILDIZ - ENES BEKTA\u015e\\\/D\u00dcZCE-\u0130HA) D\u00fczce'de kamyonetle \u00e7arp\u0131\u015fan motosikletteki 2 \u00f6\u011frenci a\u011f\u0131r yaraland\u0131.\"},{\"@type\":\"BreadcrumbList\",\"@id\":\"https:\\\/\\\/memurunsesi.net\\\/index.php\\\/2025\\\/10\\\/08\\\/motosiklet-kamyonete-carpti-2-agir-yarali\\\/#breadcrumb\",\"itemListElement\":[{\"@type\":\"ListItem\",\"position\":1,\"name\":\"Anasayfa\",\"item\":\"https:\\\/\\\/memurunsesi.net\\\/\"},{\"@type\":\"ListItem\",\"position\":2,\"name\":\"Motosiklet kamyonete \u00e7arpt\u0131: 2 a\u011f\u0131r yaral\u0131\"}]},{\"@type\":\"WebSite\",\"@id\":\"https:\\\/\\\/memurunsesi.net\\\/#website\",\"url\":\"https:\\\/\\\/memurunsesi.net\\\/\",\"name\":\"Memurun Sesi\",\"description\":\"G\u00fcncel ve Do\u011fru Haber\",\"publisher\":{\"@id\":\"https:\\\/\\\/memurunsesi.net\\\/#organization\"},\"potentialAction\":[{\"@type\":\"SearchAction\",\"target\":{\"@type\":\"EntryPoint\",\"urlTemplate\":\"https:\\\/\\\/memurunsesi.net\\\/?s={search_term_string}\"},\"query-input\":{\"@type\":\"PropertyValueSpecification\",\"valueRequired\":true,\"valueName\":\"search_term_string\"}}],\"inLanguage\":\"tr\"},{\"@type\":\"Organization\",\"@id\":\"https:\\\/\\\/memurunsesi.net\\\/#organization\",\"name\":\"Memurun Sesi\",\"url\":\"https:\\\/\\\/memurunsesi.net\\\/\",\"logo\":{\"@type\":\"ImageObject\",\"inLanguage\":\"tr\",\"@id\":\"https:\\\/\\\/memurunsesi.net\\\/#\\\/schema\\\/logo\\\/image\\\/\",\"url\":\"https:\\\/\\\/memurunsesi.net\\\/wp-content\\\/uploads\\\/2025\\\/11\\\/cropped-MEMURUN-SESI.png\",\"contentUrl\":\"https:\\\/\\\/memurunsesi.net\\\/wp-content\\\/uploads\\\/2025\\\/11\\\/cropped-MEMURUN-SESI.png\",\"width\":238,\"height\":57,\"caption\":\"Memurun Sesi\"},\"image\":{\"@id\":\"https:\\\/\\\/memurunsesi.net\\\/#\\\/schema\\\/logo\\\/image\\\/\"},\"sameAs\":[\"https:\\\/\\\/www.facebook.com\\\/unipersen\\\/?locale=tr_TR\",\"https:\\\/\\\/x.com\\\/unipersen\"]},{\"@type\":\"Person\",\"@id\":\"https:\\\/\\\/memurunsesi.net\\\/#\\\/schema\\\/person\\\/f21c2d73b89f6ee1d80b0a1803e38587\",\"name\":\"Memurun Sesi Haber Merkezi\",\"image\":{\"@type\":\"ImageObject\",\"inLanguage\":\"tr\",\"@id\":\"https:\\\/\\\/secure.gravatar.com\\\/avatar\\\/6cf0505f452ee753f485014986fab09a434671d2b919ee76fc541025c5876a70?s=96&d=mm&r=g\",\"url\":\"https:\\\/\\\/secure.gravatar.com\\\/avatar\\\/6cf0505f452ee753f485014986fab09a434671d2b919ee76fc541025c5876a70?s=96&d=mm&r=g\",\"contentUrl\":\"https:\\\/\\\/secure.gravatar.com\\\/avatar\\\/6cf0505f452ee753f485014986fab09a434671d2b919ee76fc541025c5876a70?s=96&d=mm&r=g\",\"caption\":\"Memurun Sesi Haber Merkezi\"},\"sameAs\":[\"https:\\\/\\\/memurunsesi.net\"],\"url\":\"https:\\\/\\\/memurunsesi.net\\\/index.php\\\/author\\\/uniper\\\/\"}]}<\/script>\n<!-- \/ Yoast SEO plugin. -->","yoast_head_json":{"title":"Motosiklet kamyonete \u00e7arpt\u0131: 2 a\u011f\u0131r yaral\u0131 - Memurun Sesi","robots":{"index":"index","follow":"follow","max-snippet":"max-snippet:-1","max-image-preview":"max-image-preview:large","max-video-preview":"max-video-preview:-1"},"canonical":"https:\/\/memurunsesi.net\/index.php\/2025\/10\/08\/motosiklet-kamyonete-carpti-2-agir-yarali\/","og_locale":"tr_TR","og_type":"article","og_title":"Motosiklet kamyonete \u00e7arpt\u0131: 2 a\u011f\u0131r yaral\u0131 - Memurun Sesi","og_description":"D\u00fczce\u2019de kamyonetle \u00e7arp\u0131\u015fan motosikletteki 2 \u00f6\u011frenci a\u011f\u0131r yaraland\u0131. Kaza, Eski Bolu Caddesi \u00fczerinde meydana geldi. Al\u0131nan bilgilere g\u00f6re, b\u00f6lgede bulunan liseden ders bitimi sonras\u0131nda \u00e7\u0131kan ve \u015fehir merkezi istikametine seyir halinde olan A.A. idaresindeki 81 ABY 968 plakal\u0131 motosiklet, Fevzi \u00c7akmak Mahallesi mevkiinde ayn\u0131 istikamette seyir halinde olan Mutlu \u00d6. idaresinde ki 07 GHT 38 [&hellip;]","og_url":"https:\/\/memurunsesi.net\/index.php\/2025\/10\/08\/motosiklet-kamyonete-carpti-2-agir-yarali\/","og_site_name":"Memurun Sesi","article_publisher":"https:\/\/www.facebook.com\/unipersen\/?locale=tr_TR","article_published_time":"2025-10-08T16:33:04+00:00","og_image":[{"width":1206,"height":661,"url":"https:\/\/memurunsesi.net\/wp-content\/uploads\/2025\/10\/AW554825_04.jpg","type":"image\/jpeg"}],"author":"Memurun Sesi Haber Merkezi","twitter_card":"summary_large_image","twitter_creator":"@unipersen","twitter_site":"@unipersen","twitter_misc":{"Yazan:":"Memurun Sesi Haber Merkezi","Tahmini okuma s\u00fcresi":"1 dakika"},"schema":{"@context":"https:\/\/schema.org","@graph":[{"@type":"Article","@id":"https:\/\/memurunsesi.net\/index.php\/2025\/10\/08\/motosiklet-kamyonete-carpti-2-agir-yarali\/#article","isPartOf":{"@id":"https:\/\/memurunsesi.net\/index.php\/2025\/10\/08\/motosiklet-kamyonete-carpti-2-agir-yarali\/"},"author":{"name":"Memurun Sesi Haber Merkezi","@id":"https:\/\/memurunsesi.net\/#\/schema\/person\/f21c2d73b89f6ee1d80b0a1803e38587"},"headline":"Motosiklet kamyonete \u00e7arpt\u0131: 2 a\u011f\u0131r yaral\u0131","datePublished":"2025-10-08T16:33:04+00:00","mainEntityOfPage":{"@id":"https:\/\/memurunsesi.net\/index.php\/2025\/10\/08\/motosiklet-kamyonete-carpti-2-agir-yarali\/"},"wordCount":118,"commentCount":0,"publisher":{"@id":"https:\/\/memurunsesi.net\/#organization"},"image":{"@id":"https:\/\/memurunsesi.net\/index.php\/2025\/10\/08\/motosiklet-kamyonete-carpti-2-agir-yarali\/#primaryimage"},"thumbnailUrl":"https:\/\/memurunsesi.net\/wp-content\/uploads\/2025\/10\/AW554825_04.jpg","inLanguage":"tr","potentialAction":[{"@type":"CommentAction","name":"Comment","target":["https:\/\/memurunsesi.net\/index.php\/2025\/10\/08\/motosiklet-kamyonete-carpti-2-agir-yarali\/#respond"]}]},{"@type":"WebPage","@id":"https:\/\/memurunsesi.net\/index.php\/2025\/10\/08\/motosiklet-kamyonete-carpti-2-agir-yarali\/","url":"https:\/\/memurunsesi.net\/index.php\/2025\/10\/08\/motosiklet-kamyonete-carpti-2-agir-yarali\/","name":"Motosiklet kamyonete \u00e7arpt\u0131: 2 a\u011f\u0131r yaral\u0131 - Memurun Sesi","isPartOf":{"@id":"https:\/\/memurunsesi.net\/#website"},"primaryImageOfPage":{"@id":"https:\/\/memurunsesi.net\/index.php\/2025\/10\/08\/motosiklet-kamyonete-carpti-2-agir-yarali\/#primaryimage"},"image":{"@id":"https:\/\/memurunsesi.net\/index.php\/2025\/10\/08\/motosiklet-kamyonete-carpti-2-agir-yarali\/#primaryimage"},"thumbnailUrl":"https:\/\/memurunsesi.net\/wp-content\/uploads\/2025\/10\/AW554825_04.jpg","datePublished":"2025-10-08T16:33:04+00:00","breadcrumb":{"@id":"https:\/\/memurunsesi.net\/index.php\/2025\/10\/08\/motosiklet-kamyonete-carpti-2-agir-yarali\/#breadcrumb"},"inLanguage":"tr","potentialAction":[{"@type":"ReadAction","target":["https:\/\/memurunsesi.net\/index.php\/2025\/10\/08\/motosiklet-kamyonete-carpti-2-agir-yarali\/"]}]},{"@type":"ImageObject","inLanguage":"tr","@id":"https:\/\/memurunsesi.net\/index.php\/2025\/10\/08\/motosiklet-kamyonete-carpti-2-agir-yarali\/#primaryimage","url":"https:\/\/memurunsesi.net\/wp-content\/uploads\/2025\/10\/AW554825_04.jpg","contentUrl":"https:\/\/memurunsesi.net\/wp-content\/uploads\/2025\/10\/AW554825_04.jpg","width":1206,"height":661,"caption":"D\u00dcZCE'DE KAMYONETLE \u00c7ARPI\u015eAN MOTOS\u0130KLETTE K\u0130 \u0130K\u0130 \u00d6\u011eRENC\u0130 A\u011eIR YARALANARAK HASTANEYE KALDIRILDI. (AL\u0130 YILDIZ - ENES BEKTA\u015e\/D\u00dcZCE-\u0130HA) D\u00fczce'de kamyonetle \u00e7arp\u0131\u015fan motosikletteki 2 \u00f6\u011frenci a\u011f\u0131r yaraland\u0131."},{"@type":"BreadcrumbList","@id":"https:\/\/memurunsesi.net\/index.php\/2025\/10\/08\/motosiklet-kamyonete-carpti-2-agir-yarali\/#breadcrumb","itemListElement":[{"@type":"ListItem","position":1,"name":"Anasayfa","item":"https:\/\/memurunsesi.net\/"},{"@type":"ListItem","position":2,"name":"Motosiklet kamyonete \u00e7arpt\u0131: 2 a\u011f\u0131r yaral\u0131"}]},{"@type":"WebSite","@id":"https:\/\/memurunsesi.net\/#website","url":"https:\/\/memurunsesi.net\/","name":"Memurun Sesi","description":"G\u00fcncel ve Do\u011fru Haber","publisher":{"@id":"https:\/\/memurunsesi.net\/#organization"},"potentialAction":[{"@type":"SearchAction","target":{"@type":"EntryPoint","urlTemplate":"https:\/\/memurunsesi.net\/?s={search_term_string}"},"query-input":{"@type":"PropertyValueSpecification","valueRequired":true,"valueName":"search_term_string"}}],"inLanguage":"tr"},{"@type":"Organization","@id":"https:\/\/memurunsesi.net\/#organization","name":"Memurun Sesi","url":"https:\/\/memurunsesi.net\/","logo":{"@type":"ImageObject","inLanguage":"tr","@id":"https:\/\/memurunsesi.net\/#\/schema\/logo\/image\/","url":"https:\/\/memurunsesi.net\/wp-content\/uploads\/2025\/11\/cropped-MEMURUN-SESI.png","contentUrl":"https:\/\/memurunsesi.net\/wp-content\/uploads\/2025\/11\/cropped-MEMURUN-SESI.png","width":238,"height":57,"caption":"Memurun Sesi"},"image":{"@id":"https:\/\/memurunsesi.net\/#\/schema\/logo\/image\/"},"sameAs":["https:\/\/www.facebook.com\/unipersen\/?locale=tr_TR","https:\/\/x.com\/unipersen"]},{"@type":"Person","@id":"https:\/\/memurunsesi.net\/#\/schema\/person\/f21c2d73b89f6ee1d80b0a1803e38587","name":"Memurun Sesi Haber Merkezi","image":{"@type":"ImageObject","inLanguage":"tr","@id":"https:\/\/secure.gravatar.com\/avatar\/6cf0505f452ee753f485014986fab09a434671d2b919ee76fc541025c5876a70?s=96&d=mm&r=g","url":"https:\/\/secure.gravatar.com\/avatar\/6cf0505f452ee753f485014986fab09a434671d2b919ee76fc541025c5876a70?s=96&d=mm&r=g","contentUrl":"https:\/\/secure.gravatar.com\/avatar\/6cf0505f452ee753f485014986fab09a434671d2b919ee76fc541025c5876a70?s=96&d=mm&r=g","caption":"Memurun Sesi Haber Merkezi"},"sameAs":["https:\/\/memurunsesi.net"],"url":"https:\/\/memurunsesi.net\/index.php\/author\/uniper\/"}]}},"_links":{"self":[{"href":"https:\/\/memurunsesi.net\/index.php\/wp-json\/wp\/v2\/posts\/12688","targetHints":{"allow":["GET"]}}],"collection":[{"href":"https:\/\/memurunsesi.net\/index.php\/wp-json\/wp\/v2\/posts"}],"about":[{"href":"https:\/\/memurunsesi.net\/index.php\/wp-json\/wp\/v2\/types\/post"}],"author":[{"embeddable":true,"href":"https:\/\/memurunsesi.net\/index.php\/wp-json\/wp\/v2\/users\/1"}],"replies":[{"embeddable":true,"href":"https:\/\/memurunsesi.net\/index.php\/wp-json\/wp\/v2\/comments?post=12688"}],"version-history":[{"count":1,"href":"https:\/\/memurunsesi.net\/index.php\/wp-json\/wp\/v2\/posts\/12688\/revisions"}],"predecessor-version":[{"id":12690,"href":"https:\/\/memurunsesi.net\/index.php\/wp-json\/wp\/v2\/posts\/12688\/revisions\/12690"}],"wp:featuredmedia":[{"embeddable":true,"href":"https:\/\/memurunsesi.net\/index.php\/wp-json\/wp\/v2\/media\/12689"}],"wp:attachment":[{"href":"https:\/\/memurunsesi.net\/index.php\/wp-json\/wp\/v2\/media?parent=12688"}],"wp:term":[{"taxonomy":"category","embeddable":true,"href":"https:\/\/memurunsesi.net\/index.php\/wp-json\/wp\/v2\/categories?post=12688"},{"taxonomy":"post_tag","embeddable":true,"href":"https:\/\/memurunsesi.net\/index.php\/wp-json\/wp\/v2\/tags?post=12688"}],"curies":[{"name":"wp","href":"https:\/\/api.w.org\/{rel}","templated":true}]}}