{"id":12691,"date":"2025-10-08T19:35:24","date_gmt":"2025-10-08T16:35:24","guid":{"rendered":"https:\/\/memurunsesi.net\/?p=12691"},"modified":"2025-10-08T19:35:24","modified_gmt":"2025-10-08T16:35:24","slug":"evladi-oldurulen-babadan-yurek-yakan-sozler-oglum-bayrama-gelecekti-geldi-ama-tabutla-geldi","status":"publish","type":"post","link":"https:\/\/memurunsesi.net\/index.php\/2025\/10\/08\/evladi-oldurulen-babadan-yurek-yakan-sozler-oglum-bayrama-gelecekti-geldi-ama-tabutla-geldi\/","title":{"rendered":"Evlad\u0131 \u00f6ld\u00fcr\u00fclen babadan y\u00fcrek yakan s\u00f6zler: &#8220;O\u011flum bayrama gelecekti, geldi ama tabutla geldi&#8221;"},"content":{"rendered":"<p>  &#8211; Cinayet davas\u0131nda &#8220;E\u015fimi ar\u0131yordu&#8221; iddias\u0131  <\/p>\n<p>  Kocaeli&#8217;de parkta ya\u015fanan cinayete ili\u015fkin g\u00f6r\u00fclen duru\u015fmada maktul\u00fcn babas\u0131, &#8220;O\u011flum Trabzon&#8217;a bayrama gelecekti, geldi ama tabutla geldi&#8221; dedi. Tutuklu san\u0131k ise, &#8220;E\u015fimi ar\u0131yordu&#8221; iddias\u0131nda bulunurken, maktul ve abisinin kendisini s\u0131k\u0131\u015ft\u0131rd\u0131\u011f\u0131n\u0131, korkutmak amac\u0131yla silah\u0131n\u0131 \u00e7\u0131kard\u0131\u011f\u0131n\u0131 ancak tabancaya yap\u0131lan m\u00fcdahaleyle olay\u0131n ya\u015fand\u0131\u011f\u0131n\u0131 ileri s\u00fcrd\u00fc.<br \/>\n  Olay, 29 Mart tarihinde saat 23.00 s\u0131ralar\u0131nda Kartepe il\u00e7esi Derbent Mahallesi Ahmet L\u00fctf\u00fc Arat Caddesi \u00fczerindeki parkta meydana geldi. Edinilen bilgiye g\u00f6re, Hikmet \u015e. ile Hasan H\u00fcseyin Osmano\u011flu (34) ve a\u011fabeyi Halil \u0130brahim Osmano\u011flu aras\u0131nda tart\u0131\u015fma \u00e7\u0131kt\u0131. Tart\u0131\u015fman\u0131n b\u00fcy\u00fcmesi ile \u00e7\u0131kan kavgada H.\u015e., belinde \u00e7\u0131kard\u0131\u011f\u0131 silahla 3 el ate\u015f etti. Kur\u015funlar\u0131n hedefi olan Hasan H\u00fcseyin Osmano\u011flu g\u00f6\u011fs\u00fcnden vurularak a\u011f\u0131r yaraland\u0131. Hasan H\u00fcseyin kanlar i\u00e7inde yerde kal\u0131rken, Hikmet \u015e. olay yerinden ka\u00e7t\u0131. Hastaneye kald\u0131r\u0131lan Hasan H\u00fcseyin Osmano\u011flu, yap\u0131lan t\u00fcm m\u00fcdahalelere ra\u011fmen kurtar\u0131lamayarak hayat\u0131n\u0131 kaybetti. <\/p>\n<p>  Yakalanan 3 \u015f\u00fcpheliden biri tutukland\u0131<br \/>\n  Olayla ilgili \u00e7al\u0131\u015fma ba\u015flatan polis ekipleri, olay\u0131 ger\u00e7ekle\u015ftiren H.\u015e. ile Adem A. ve Ertu\u011frul \u00c7&#8217;yi yakalad\u0131. 3 \u015f\u00fcpheli Asayi\u015f \u015eube M\u00fcd\u00fcrl\u00fc\u011f\u00fc Cinayet B\u00fcro Amirli\u011finde tamamlanan i\u015flemlerinin ard\u0131ndan adliyeye sevk edildi. A.A. ve E.\u00c7. \u00e7\u0131kar\u0131ld\u0131klar\u0131 mahkemece adli kontrol \u015fart\u0131yla serbest b\u0131rak\u0131l\u0131rken, Hikmet \u015e. ise tutuklanarak cezaevine g\u00f6nderildi. <\/p>\n<p>  &#8220;H\u00fcseyin bana, &#8216;Senin pe\u015fine adam takt\u0131m&#8217; dedi.&#8221;<br \/>\n  Olaya ili\u015fkin ilk duru\u015fma Kocaeli 4. A\u011f\u0131r Ceza Mahkemesi&#8217;nde g\u00f6r\u00fclmeye ba\u015flad\u0131. Duru\u015fmaya haks\u0131z tahrik alt\u0131nda tasarlayarak kasten \u00f6ld\u00fcrme su\u00e7undan tutuklu yarg\u0131lanan Hikmet \u015e. ve su\u00e7luyu kay\u0131rma su\u00e7undan tutuksuz yarg\u0131lanan Adem A. ile Ertu\u011frul \u00c7., taraf avukatlar\u0131 aileler ve tan\u0131klar kat\u0131ld\u0131. Tutuklu san\u0131k Hikmet \u015e., &#8220;Olay g\u00fcn\u00fc ramazan\u0131n son g\u00fcn\u00fcyd\u00fc. \u0130ftar\u0131m\u0131z\u0131 a\u00e7t\u0131m ve evden \u00e7\u0131kt\u0131m. S\u00fcrekli gitti\u011fim kamelyaya oturarak \u00e7ekirdek yedim. Bir s\u00fcre sonra 2 ki\u015fi geldi. Biri sa\u011f\u0131ma biri soluma oturdu, beni s\u0131k\u0131\u015ft\u0131rd\u0131lar. Maktul ve abisiydi. Abisi omuzumu tuttu. Silah\u0131m belimdeydi. &#8216;Kimsiniz?&#8217; dedim. Sadece sosyal medyadan y\u00fcz\u00fcn\u00fc ve ismini bildi\u011fim maktul H\u00fcseyin bana, &#8216;Beni mi takip ediyorsun?&#8217; dedi. &#8216;Hay\u0131r. Ben niye seni takip edeyim&#8217; dedim. H\u00fcseyin bana, &#8216;Senin pe\u015fine adam takt\u0131m&#8217; dedi&#8221; diye konu\u015ftu. <\/p>\n<p>  &#8220;Neden e\u015fimi ar\u0131yorsun, adam m\u0131s\u0131n, evli bir kad\u0131n\u0131 ar\u0131yorsun?&#8221;<br \/>\n  Konu\u015fmas\u0131n\u0131 s\u00fcrd\u00fcren Hikmet \u015e., &#8220;H\u00fcseyin&#8217;e, &#8216;Neden e\u015fimi ar\u0131yorsun, adam m\u0131s\u0131n, evli bir kad\u0131n\u0131 ar\u0131yorsun?&#8217; dedim. Abisi de bana hak verdi. H\u00fcseyin de bana, &#8216;Arar\u0131m sana ne. Ben senin kar\u0131n\u0131 kahve i\u00e7meye g\u00f6t\u00fcrd\u00fcm, sen kimsin&#8217; dedi. Tart\u0131\u015fmaya ba\u015flad\u0131k. &#8216;Adam m\u0131s\u0131n, delikanl\u0131 m\u0131s\u0131n&#8217;  dedim. Tart\u0131\u015fman\u0131n hareketlenmesi ile korkutmak amac\u0131yla silah\u0131m\u0131 \u00e7ektim. Yere, aya\u011f\u0131na do\u011fru silah\u0131 do\u011frulttum ancak abisi tabancay\u0131 tuttu ve 3 el ate\u015f ald\u0131. Bunun \u00fczerine H\u00fcseyin yere d\u00fc\u015ft\u00fc. Abisi ile bo\u011fu\u015fmaya ba\u015flad\u0131k ve yere d\u00fc\u015ft\u00fck. Abisi sonradan ka\u00e7t\u0131 gitti. H\u00fcseyin&#8217;in son s\u00f6z\u00fc bana &#8216;Hakl\u0131s\u0131n&#8217; oldu. Ben ambulans\u0131 arayacakt\u0131m ancak kalabal\u0131k bir grup bulundu\u011fumuz yere gelince ben ka\u00e7t\u0131m. Tren yoluna atlad\u0131m, orada telefonumu ve arac\u0131m\u0131n anahtar\u0131n\u0131 d\u00fc\u015f\u00fcrd\u00fcm. Yolda tesad\u00fcfen Ertu\u011frul&#8217;un babas\u0131n\u0131 g\u00f6rd\u00fcm. Telefonundan Ertu\u011frul&#8217;u arad\u0131m. Adem ile birlikte beni bir da\u011fa b\u0131rakt\u0131lar. Onlar\u0131n olaydan haberleri yoktu&#8221; \u015feklinde konu\u015ftu. <\/p>\n<p>  &#8220;Olay g\u00fcn\u00fc de beni d\u00f6veceklerini d\u00fc\u015f\u00fcnd\u00fc\u011f\u00fcm i\u00e7in, korkutmak amac\u0131yla silah \u00e7\u0131kard\u0131m&#8221;<br \/>\n  Maktul\u00fc nereden tan\u0131d\u0131\u011f\u0131 sorusuna san\u0131k Hikmet \u015e., &#8220;E\u015fimin s\u00fcrekli bir numara ile ileti\u015fim halinde oldu\u011funu g\u00f6rd\u00fcm, numaran\u0131n kime ait oldu\u011funu sordum bunun \u00fczerine kad\u0131n s\u0131\u011f\u0131nma evine gitti. Telefoncudan, numaran\u0131m maktul H\u00fcseyin&#8217;e ait oldu\u011funu \u00f6\u011frendim. Sosyal medya hesab\u0131ndan sadece y\u00fcz\u00fcn\u00fc g\u00f6rd\u00fcm ve hi\u00e7 ileti\u015fim kurmad\u0131m. E\u015fimin telefon aramas\u0131n\u0131 g\u00f6rd\u00fckten 15 g\u00fcn sonra bu olaylar ya\u015fand\u0131. \u00d6l\u00fcm olay\u0131ndan \u00f6nce birka\u00e7 ki\u015finin ara\u00e7la \u00f6n\u00fcn\u00fc kesti ben de ka\u00e7t\u0131m. Kim olduklar\u0131n\u0131 bilmiyorum ancak o olay sebebiyle korkuyla yan\u0131ma silah ta\u015f\u0131maya ba\u015flad\u0131m. Hatta ara\u00e7 plakam\u0131 de\u011fi\u015ftirdim. H\u00fcseyin olay g\u00fcn\u00fc senin pe\u015fine adam takt\u0131m deyince olay\u0131 anlad\u0131m. Zaten olay g\u00fcn\u00fc de beni d\u00f6veceklerini d\u00fc\u015f\u00fcnd\u00fc\u011f\u00fcm i\u00e7in, korkutmak amac\u0131yla silah \u00e7\u0131kard\u0131m&#8221; ifadelerini kulland\u0131. <\/p>\n<p>  &#8220;Benim olaydan haberim yoktu, durumu emniyette \u00f6\u011frendim&#8221;<br \/>\n  Olayla ilgisi olmad\u0131\u011f\u0131n\u0131 s\u00f6yleyen tutuksuz san\u0131k Ertu\u011frul \u00c7., &#8220;Babam\u0131n numaras\u0131ndan biri &#8216;Acil gel&#8217; dedi. Babam anjiyo oldu\u011fu i\u00e7in korkuyla hemen eve gittim. Eve gitti\u011fimde Hikmet abi kap\u0131dayd\u0131. Adem&#8217;i de ald\u0131k ve Hikmet&#8217;i dedi\u011fi yere b\u0131rakt\u0131k. Bir s\u00fcre sonra kolluk kuvvetleri evimize geldi. Polisleri, hikmetin b\u0131rakt\u0131\u011f\u0131m yere g\u00f6t\u00fcrd\u00fcm ancak orada de\u011fildi. Benim olaydan haberim yoktu, durumu emniyette \u00f6\u011frendim&#8221; dedi.<br \/>\n  Adem A. da olaydan haberi olmad\u0131\u011f\u0131n\u0131 s\u00f6yledi. <\/p>\n<p>  &#8220;O\u011flum Trabzon&#8217;a bayrama gelecekti, geldi ama tabutla geldi&#8221;<br \/>\n  M\u00fc\u015fteki olarak dinlenen maktul\u00fcn babas\u0131 Ali R\u0131za Osmano\u011flu, &#8220;O\u011flum H\u00fcseyin, i\u015fletti\u011fimiz yerde pide lahmacun servisi yap\u0131yor. Ben Trabzon&#8217;dayken bir g\u00fcn beni arayarak bir kad\u0131n taraf\u0131ndan tehdit edildi\u011fini s\u00f6yledi. &#8216;Beni alacaks\u0131n&#8217; diyormu\u015f. Kad\u0131n\u0131n evine sipari\u015f g\u00f6t\u00fcrd\u00fc\u011f\u00fcnde verdi\u011fi paran\u0131n \u00fcst\u00fcne, &#8216;Seni seviyorum&#8217; yaz\u0131yormu\u015f. Uygunsuz \u015fekilde kap\u0131y\u0131 a\u00e7\u0131yormu\u015f. Paray\u0131 verirken elini tutuyormu\u015f. O\u011flum, kad\u0131n\u0131n kurtulamad\u0131\u011f\u0131n\u0131 s\u00f6yledi. San\u0131k Hikmet taraf\u0131ndan \u00f6l\u00fcmle tehdit edildi\u011fini s\u00f6yleyince Kocaeli&#8217;ye geldim. San\u0131k, o\u011fluma, &#8216;Buralar\u0131 terk et&#8217; demi\u015f. O\u011flum da &#8216;Ben neden buray\u0131 terk edeyim, sen kar\u0131na sahip \u00e7\u0131k&#8217; demi\u015f. Servise gidince san\u0131k s\u00fcrekli o\u011flumu takip ediyormu\u015f. Bunlar\u0131n hepsini o\u011flum H\u00fcseyin bana anlatt\u0131. O\u011flum konu\u015fmak i\u00e7in olay yerine gitmi\u015fler ancak san\u0131k silahla gelmi\u015f. O\u011flum Trabzon&#8217;a bayrama gelecekti, geldi ama tabutla geldi&#8221; diye konu\u015ftu.<br \/>\n  Anne Hamide Osmano\u011flu da o\u011flu H\u00fcseyin&#8217;in b\u00f6yle i\u015flerle ilgisi olmad\u0131\u011f\u0131n\u0131 s\u00f6yleyerek \u015fikayet\u00e7i oldu. <\/p>\n<p>  &#8220;San\u0131\u011f\u0131n k\u0131z\u0131 da bana mesaj att\u0131, &#8216;Babam\u0131 2 ayd\u0131r bu i\u015ften vazge\u00e7tirmeye \u00e7al\u0131\u015f\u0131yoruz&#8217; dedi&#8221;<br \/>\n  Maktul\u00fcn e\u015fi Z\u00fcbeyde Osmano\u011flu ise, &#8220;Fatma adl\u0131 ki\u015fi Messenger&#8217;dan 11 Mart&#8217;ta bana mesaj att\u0131. Fatma, &#8216;Bana yar olmad\u0131, sana da yar olmayacak. E\u015fin benimle oynad\u0131, yuvam\u0131 bozdu. Ben de sizinkini bozaca\u011f\u0131m&#8217; diyerek mesaj att\u0131. Durumu e\u015fime anlat\u0131nca, &#8216;Kad\u0131n ba\u015f\u0131ma bela oldu, kendimi kurtaram\u0131yorum. Ben halledece\u011fim, sen kar\u0131\u015fma&#8217; dedi. San\u0131\u011f\u0131n k\u0131z\u0131 da bana mesaj att\u0131, &#8216;Babam\u0131 2 ayd\u0131r bu i\u015ften vazge\u00e7tirmeye \u00e7al\u0131\u015f\u0131yoruz&#8217; dedi. Olaydan sonra san\u0131\u011f\u0131n ailesi s\u00fcrekli beni arad\u0131 ve mesaj att\u0131. &#8216;Senin \u00e7ocuklar\u0131na 18 ya\u015f\u0131na kadar bakar\u0131z, ev istiyorsan veririz, yeter ki o\u011flumuzdan \u015fikayet\u00e7i olma&#8217; dediler ancak ben sonuna kadar \u015fikayet\u00e7iyim&#8221; \u015feklinde konu\u015ftu. <\/p>\n<p>  &#8220;Hikmet, &#8216;Adam m\u0131s\u0131n?&#8217; diye s\u00f6ylendi ve ate\u015f etmeye ba\u015flad\u0131&#8221;<br \/>\n  Tan\u0131k olarak dinlenen maktul\u00fcn abisi Halil \u0130brahim Osmano\u011flu, &#8220;Ramazan\u0131n 10&#8217;unda karde\u015fim ile g\u00f6r\u00fc\u015ft\u00fck. Hikmet&#8217;in kendisini takip etti\u011fini s\u00f6yledi. San\u0131\u011f\u0131n e\u015finin, i\u015flettikleri lahmacun salonundan s\u00fcrekli sipari\u015f verdi\u011fini, \u00f6dedi\u011fi \u00fccrete, &#8216;Seni seviyorum, seni istiyorum&#8217; diyerek yaz\u0131lar yaz\u0131yormu\u015f. Tak\u0131nt\u0131l\u0131 bir olaya d\u00f6n\u00fc\u015fm\u00fc\u015f. H\u00fcseyin, aralar\u0131nda ili\u015fki anlam\u0131nda hi\u00e7bir \u015fey olmad\u0131\u011f\u0131n\u0131 s\u00f6yledi. Arife g\u00fcn\u00fc karde\u015fim, Hikmet&#8217;in yine f\u0131r\u0131n\u0131n etraf\u0131na geldi\u011fini s\u00f6yledi. Ben de f\u0131r\u0131na gittim. H\u00fcseyin ile \u00e7ardak da bulunan Hikmet&#8217;in yan\u0131na konu\u015fmak i\u00e7in gittik. Selam verdik, oturmak i\u00e7in m\u00fcsaade istedik ve oturduk. H\u00fcseyin&#8217;in abisi oldu\u011fumu, olaylar\u0131 konu\u015fmak, \u00e7\u00f6zmek i\u00e7in geldi\u011fimizi s\u00f6yledim. H\u00fcseyin, Hikmet&#8217;in e\u015finin att\u0131\u011f\u0131 mesajlar\u0131 anlatt\u0131. Hikmet y\u00fczle\u015ftirmek isteyince H\u00fcseyin kabul etti. Hikmet, &#8216;Adam m\u0131s\u0131n?&#8217; diye s\u00f6ylenmeye ba\u015flad\u0131. 3,4 kere tekrarlad\u0131. H\u00fcseyin&#8217;e &#8216;Git yan\u0131mdan, ge\u00e7 kar\u015f\u0131ya&#8217; dedi. H\u00fcseyin ikimizin kar\u015f\u0131s\u0131nda oldu. Hikmet yine, &#8216;Adam m\u0131s\u0131n?&#8217; diye s\u00f6ylendi ve ate\u015f etmeye ba\u015flad\u0131, ben \u00fcst\u00fcne atlad\u0131m ama H\u00fcseyin&#8217;e zaten mermi gelmi\u015fti. 3 el ate\u015f etti. Mermi namlunun ucundayd\u0131, tabanca haz\u0131rd\u0131 zaten. Sonra beraber yere y\u0131\u011f\u0131ld\u0131k. Sonra gidip d\u00fckkandan b\u0131\u00e7ak ald\u0131m, arac\u0131n lasti\u011fine sokmak i\u00e7in ancak geldi\u011fimde Hikmet yoktu. H\u00fcseyin&#8217;in telefon kart\u0131 benim ad\u0131ma kay\u0131tl\u0131&#8221; ifadelerini kulland\u0131. <\/p>\n<p>  &#8220;Fatma isimli \u015fahs\u0131n, verdi\u011fi bah\u015fi\u015f \u00fczerine, &#8216;Seni istiyorum, seni seviyorum&#8217; diyerek yaz\u0131lar yaz\u0131yordu&#8221;<br \/>\n  Tan\u0131k olarak dinlenen maktul\u00fcn i\u015f arkada\u015f\u0131 G\u00f6khan T., &#8220;H\u00fcseyin&#8217;in takip edildi\u011fini biliyorum. Her ak\u015fam ayn\u0131 saate f\u0131r\u0131na kadar ara\u00e7 bizi takip ediyordu. Fatma isimli \u015fahs\u0131n, verdi\u011fi bah\u015fi\u015f \u00fczerine, &#8216;Seni istiyorum, seni seviyorum&#8217; diyerek yaz\u0131lar yaz\u0131yordu. Paralara yaz\u0131lan bu yaz\u0131lar\u0131 H\u00fcseyin bana g\u00f6stermi\u015fti. Sosyal medyadan gelen mesajlar\u0131 da H\u00fcseyin bana g\u00f6sterdi, seni istiyorum. Mesaj\u0131 gelmi\u015fti. H\u00fcseyin ise istemedi\u011fini s\u00f6yl\u00fcyordu, sosyal medyadan engelliyordu&#8221; dedi. <\/p>\n<p>  &#8220;E\u015fimin okuma yazmas\u0131 yok&#8221;<br \/>\n  Araya giren san\u0131k Hikmet \u015e., e\u015finin okuma yazmas\u0131n\u0131n olmad\u0131\u011f\u0131n\u0131 s\u00f6yleyerek s\u00f6ylenenleri yalanlad\u0131. Hikmet \u015e., &#8220;\u00c7ekirdek \u00e7itliyordum gelip beni s\u0131k\u0131\u015ft\u0131rd\u0131lar.  Maktul\u00fcn abisi bile\u011fimi tutmasa olay ya\u015fanmayacakt\u0131. \u00d6ld\u00fcrme amac\u0131m yoktu. 3 \u00e7ocu\u011fum var, kimsenin \u00e7ocu\u011funu yetim b\u0131rakmak istemezdim&#8221; diye konu\u015ftu.<br \/>\n  San\u0131k avukat\u0131, san\u0131k Hikmet&#8217;in, olay g\u00fcn\u00fc Ertu\u011frul&#8217;un babas\u0131n\u0131n telefonundan, Fatma&#8217;y\u0131 arayarak, &#8220;Rahat edersin \u015fimdi, adam\u0131 vurdum&#8217; dedi\u011fini dile getirdi.<br \/>\n  Mahkeme heyeti, san\u0131k Hikmet \u015e&#8217;nin tutukluluk halinin devam\u0131na, Fatma \u015e&#8217;nin tan\u0131kl\u0131k etmesi i\u00e7in \u00e7a\u011fr\u0131lmas\u0131na karar vererek duru\u015fmay\u0131 erteledi. <\/p>\n<p>8.10.2025                                  <\/p>\n","protected":false},"excerpt":{"rendered":"<p>&#8211; Cinayet davas\u0131nda &#8220;E\u015fimi ar\u0131yordu&#8221; iddias\u0131 Kocaeli&#8217;de parkta ya\u015fanan cinayete ili\u015fkin g\u00f6r\u00fclen duru\u015fmada maktul\u00fcn babas\u0131, &#8220;O\u011flum Trabzon&#8217;a bayrama gelecekti, geldi ama tabutla geldi&#8221; dedi. Tutuklu san\u0131k ise, &#8220;E\u015fimi ar\u0131yordu&#8221; iddias\u0131nda bulunurken, maktul ve abisinin kendisini s\u0131k\u0131\u015ft\u0131rd\u0131\u011f\u0131n\u0131, korkutmak amac\u0131yla silah\u0131n\u0131 \u00e7\u0131kard\u0131\u011f\u0131n\u0131 ancak tabancaya yap\u0131lan m\u00fcdahaleyle olay\u0131n ya\u015fand\u0131\u011f\u0131n\u0131 ileri s\u00fcrd\u00fc. Olay, 29 Mart tarihinde saat 23.00 s\u0131ralar\u0131nda [&hellip;]<\/p>\n","protected":false},"author":1,"featured_media":12693,"comment_status":"open","ping_status":"open","sticky":false,"template":"","format":"standard","meta":{"footnotes":""},"categories":[1],"tags":[],"class_list":["post-12691","post","type-post","status-publish","format-standard","has-post-thumbnail","hentry","category-genel"],"yoast_head":"<!-- This site is optimized with the Yoast SEO plugin v27.4 - https:\/\/yoast.com\/product\/yoast-seo-wordpress\/ -->\n<title>Evlad\u0131 \u00f6ld\u00fcr\u00fclen babadan y\u00fcrek yakan s\u00f6zler: &quot;O\u011flum bayrama gelecekti, geldi ama tabutla geldi&quot; - Memurun Sesi<\/title>\n<meta name=\"robots\" content=\"index, follow, max-snippet:-1, max-image-preview:large, max-video-preview:-1\" \/>\n<link rel=\"canonical\" href=\"https:\/\/memurunsesi.net\/index.php\/2025\/10\/08\/evladi-oldurulen-babadan-yurek-yakan-sozler-oglum-bayrama-gelecekti-geldi-ama-tabutla-geldi\/\" \/>\n<meta property=\"og:locale\" content=\"tr_TR\" \/>\n<meta property=\"og:type\" content=\"article\" \/>\n<meta property=\"og:title\" content=\"Evlad\u0131 \u00f6ld\u00fcr\u00fclen babadan y\u00fcrek yakan s\u00f6zler: &quot;O\u011flum bayrama gelecekti, geldi ama tabutla geldi&quot; - Memurun Sesi\" \/>\n<meta property=\"og:description\" content=\"&#8211; Cinayet davas\u0131nda &#8220;E\u015fimi ar\u0131yordu&#8221; iddias\u0131 Kocaeli&#8217;de parkta ya\u015fanan cinayete ili\u015fkin g\u00f6r\u00fclen duru\u015fmada maktul\u00fcn babas\u0131, &#8220;O\u011flum Trabzon&#8217;a bayrama gelecekti, geldi ama tabutla geldi&#8221; dedi. Tutuklu san\u0131k ise, &#8220;E\u015fimi ar\u0131yordu&#8221; iddias\u0131nda bulunurken, maktul ve abisinin kendisini s\u0131k\u0131\u015ft\u0131rd\u0131\u011f\u0131n\u0131, korkutmak amac\u0131yla silah\u0131n\u0131 \u00e7\u0131kard\u0131\u011f\u0131n\u0131 ancak tabancaya yap\u0131lan m\u00fcdahaleyle olay\u0131n ya\u015fand\u0131\u011f\u0131n\u0131 ileri s\u00fcrd\u00fc. Olay, 29 Mart tarihinde saat 23.00 s\u0131ralar\u0131nda [&hellip;]\" \/>\n<meta property=\"og:url\" content=\"https:\/\/memurunsesi.net\/index.php\/2025\/10\/08\/evladi-oldurulen-babadan-yurek-yakan-sozler-oglum-bayrama-gelecekti-geldi-ama-tabutla-geldi\/\" \/>\n<meta property=\"og:site_name\" content=\"Memurun Sesi\" \/>\n<meta property=\"article:publisher\" content=\"https:\/\/www.facebook.com\/unipersen\/?locale=tr_TR\" \/>\n<meta property=\"article:published_time\" content=\"2025-10-08T16:35:24+00:00\" \/>\n<meta property=\"og:image\" content=\"https:\/\/memurunsesi.net\/wp-content\/uploads\/2025\/10\/AW554824_01-1.jpg\" \/>\n\t<meta property=\"og:image:width\" content=\"795\" \/>\n\t<meta property=\"og:image:height\" content=\"442\" \/>\n\t<meta property=\"og:image:type\" content=\"image\/jpeg\" \/>\n<meta name=\"author\" content=\"Memurun Sesi Haber Merkezi\" \/>\n<meta name=\"twitter:card\" content=\"summary_large_image\" \/>\n<meta name=\"twitter:creator\" content=\"@unipersen\" \/>\n<meta name=\"twitter:site\" content=\"@unipersen\" \/>\n<meta name=\"twitter:label1\" content=\"Yazan:\" \/>\n\t<meta name=\"twitter:data1\" content=\"Memurun Sesi Haber Merkezi\" \/>\n\t<meta name=\"twitter:label2\" content=\"Tahmini okuma s\u00fcresi\" \/>\n\t<meta name=\"twitter:data2\" content=\"1 dakika\" \/>\n<script type=\"application\/ld+json\" class=\"yoast-schema-graph\">{\"@context\":\"https:\\\/\\\/schema.org\",\"@graph\":[{\"@type\":\"Article\",\"@id\":\"https:\\\/\\\/memurunsesi.net\\\/index.php\\\/2025\\\/10\\\/08\\\/evladi-oldurulen-babadan-yurek-yakan-sozler-oglum-bayrama-gelecekti-geldi-ama-tabutla-geldi\\\/#article\",\"isPartOf\":{\"@id\":\"https:\\\/\\\/memurunsesi.net\\\/index.php\\\/2025\\\/10\\\/08\\\/evladi-oldurulen-babadan-yurek-yakan-sozler-oglum-bayrama-gelecekti-geldi-ama-tabutla-geldi\\\/\"},\"author\":{\"name\":\"Memurun Sesi Haber Merkezi\",\"@id\":\"https:\\\/\\\/memurunsesi.net\\\/#\\\/schema\\\/person\\\/f21c2d73b89f6ee1d80b0a1803e38587\"},\"headline\":\"Evlad\u0131 \u00f6ld\u00fcr\u00fclen babadan y\u00fcrek yakan s\u00f6zler: &#8220;O\u011flum bayrama gelecekti, geldi ama tabutla geldi&#8221;\",\"datePublished\":\"2025-10-08T16:35:24+00:00\",\"mainEntityOfPage\":{\"@id\":\"https:\\\/\\\/memurunsesi.net\\\/index.php\\\/2025\\\/10\\\/08\\\/evladi-oldurulen-babadan-yurek-yakan-sozler-oglum-bayrama-gelecekti-geldi-ama-tabutla-geldi\\\/\"},\"wordCount\":1768,\"commentCount\":0,\"publisher\":{\"@id\":\"https:\\\/\\\/memurunsesi.net\\\/#organization\"},\"image\":{\"@id\":\"https:\\\/\\\/memurunsesi.net\\\/index.php\\\/2025\\\/10\\\/08\\\/evladi-oldurulen-babadan-yurek-yakan-sozler-oglum-bayrama-gelecekti-geldi-ama-tabutla-geldi\\\/#primaryimage\"},\"thumbnailUrl\":\"https:\\\/\\\/memurunsesi.net\\\/wp-content\\\/uploads\\\/2025\\\/10\\\/AW554824_01-1.jpg\",\"inLanguage\":\"tr\",\"potentialAction\":[{\"@type\":\"CommentAction\",\"name\":\"Comment\",\"target\":[\"https:\\\/\\\/memurunsesi.net\\\/index.php\\\/2025\\\/10\\\/08\\\/evladi-oldurulen-babadan-yurek-yakan-sozler-oglum-bayrama-gelecekti-geldi-ama-tabutla-geldi\\\/#respond\"]}]},{\"@type\":\"WebPage\",\"@id\":\"https:\\\/\\\/memurunsesi.net\\\/index.php\\\/2025\\\/10\\\/08\\\/evladi-oldurulen-babadan-yurek-yakan-sozler-oglum-bayrama-gelecekti-geldi-ama-tabutla-geldi\\\/\",\"url\":\"https:\\\/\\\/memurunsesi.net\\\/index.php\\\/2025\\\/10\\\/08\\\/evladi-oldurulen-babadan-yurek-yakan-sozler-oglum-bayrama-gelecekti-geldi-ama-tabutla-geldi\\\/\",\"name\":\"Evlad\u0131 \u00f6ld\u00fcr\u00fclen babadan y\u00fcrek yakan s\u00f6zler: \\\"O\u011flum bayrama gelecekti, geldi ama tabutla geldi\\\" - Memurun Sesi\",\"isPartOf\":{\"@id\":\"https:\\\/\\\/memurunsesi.net\\\/#website\"},\"primaryImageOfPage\":{\"@id\":\"https:\\\/\\\/memurunsesi.net\\\/index.php\\\/2025\\\/10\\\/08\\\/evladi-oldurulen-babadan-yurek-yakan-sozler-oglum-bayrama-gelecekti-geldi-ama-tabutla-geldi\\\/#primaryimage\"},\"image\":{\"@id\":\"https:\\\/\\\/memurunsesi.net\\\/index.php\\\/2025\\\/10\\\/08\\\/evladi-oldurulen-babadan-yurek-yakan-sozler-oglum-bayrama-gelecekti-geldi-ama-tabutla-geldi\\\/#primaryimage\"},\"thumbnailUrl\":\"https:\\\/\\\/memurunsesi.net\\\/wp-content\\\/uploads\\\/2025\\\/10\\\/AW554824_01-1.jpg\",\"datePublished\":\"2025-10-08T16:35:24+00:00\",\"breadcrumb\":{\"@id\":\"https:\\\/\\\/memurunsesi.net\\\/index.php\\\/2025\\\/10\\\/08\\\/evladi-oldurulen-babadan-yurek-yakan-sozler-oglum-bayrama-gelecekti-geldi-ama-tabutla-geldi\\\/#breadcrumb\"},\"inLanguage\":\"tr\",\"potentialAction\":[{\"@type\":\"ReadAction\",\"target\":[\"https:\\\/\\\/memurunsesi.net\\\/index.php\\\/2025\\\/10\\\/08\\\/evladi-oldurulen-babadan-yurek-yakan-sozler-oglum-bayrama-gelecekti-geldi-ama-tabutla-geldi\\\/\"]}]},{\"@type\":\"ImageObject\",\"inLanguage\":\"tr\",\"@id\":\"https:\\\/\\\/memurunsesi.net\\\/index.php\\\/2025\\\/10\\\/08\\\/evladi-oldurulen-babadan-yurek-yakan-sozler-oglum-bayrama-gelecekti-geldi-ama-tabutla-geldi\\\/#primaryimage\",\"url\":\"https:\\\/\\\/memurunsesi.net\\\/wp-content\\\/uploads\\\/2025\\\/10\\\/AW554824_01-1.jpg\",\"contentUrl\":\"https:\\\/\\\/memurunsesi.net\\\/wp-content\\\/uploads\\\/2025\\\/10\\\/AW554824_01-1.jpg\",\"width\":795,\"height\":442,\"caption\":\"KOCAEL\u0130'DE PARKTA YA\u015eANAN C\u0130NAYETE \u0130L\u0130\u015eK\u0130N G\u00d6R\u00dcLEN DURU\u015eMADA DETAYLAR ORTAYA \u00c7IKTI. TUTUKLU SANIK, \\\"E\u015e\u0130M\u0130 ARIYORDU\\\" \u0130DD\u0130ASINDA BULUNURKEN, MAKTUL VE AB\u0130S\u0130N\u0130N KEND\u0130S\u0130N\u0130 SIKI\u015eTIRDI\u011eINI, KORKUTMAK AMACIYLA S\u0130LAHINI \u00c7IKARDI\u011eINI ANCAK TABANCAYA YAPILAN M\u00dcDAHALEYLE OLAYIN YA\u015eANDI\u011eINI \u0130LER\u0130 S\u00dcRD\u00dc. (FEH\u0130ME KARTAL\\\/KOCAEL\u0130-\u0130HA) Kocaeli'de parkta ya\u015fanan cinayete ili\u015fkin g\u00f6r\u00fclen duru\u015fmada maktul\u00fcn babas\u0131, \\\"O\u011flum Trabzon'a bayrama gelecekti, geldi ama tabutla geldi\\\" dedi. Tutuklu san\u0131k ise, \\\"E\u015fimi ar\u0131yordu\\\" iddias\u0131nda bulunurken, maktul ve abisinin kendisini s\u0131k\u0131\u015ft\u0131rd\u0131\u011f\u0131n\u0131, korkutmak amac\u0131yla silah\u0131n\u0131 \u00e7\u0131kard\u0131\u011f\u0131n\u0131 ancak tabancaya yap\u0131lan m\u00fcdahaleyle olay\u0131n ya\u015fand\u0131\u011f\u0131n\u0131 ileri s\u00fcrd\u00fc.\"},{\"@type\":\"BreadcrumbList\",\"@id\":\"https:\\\/\\\/memurunsesi.net\\\/index.php\\\/2025\\\/10\\\/08\\\/evladi-oldurulen-babadan-yurek-yakan-sozler-oglum-bayrama-gelecekti-geldi-ama-tabutla-geldi\\\/#breadcrumb\",\"itemListElement\":[{\"@type\":\"ListItem\",\"position\":1,\"name\":\"Anasayfa\",\"item\":\"https:\\\/\\\/memurunsesi.net\\\/\"},{\"@type\":\"ListItem\",\"position\":2,\"name\":\"Evlad\u0131 \u00f6ld\u00fcr\u00fclen babadan y\u00fcrek yakan s\u00f6zler: &#8220;O\u011flum bayrama gelecekti, geldi ama tabutla geldi&#8221;\"}]},{\"@type\":\"WebSite\",\"@id\":\"https:\\\/\\\/memurunsesi.net\\\/#website\",\"url\":\"https:\\\/\\\/memurunsesi.net\\\/\",\"name\":\"Memurun Sesi\",\"description\":\"G\u00fcncel ve Do\u011fru Haber\",\"publisher\":{\"@id\":\"https:\\\/\\\/memurunsesi.net\\\/#organization\"},\"potentialAction\":[{\"@type\":\"SearchAction\",\"target\":{\"@type\":\"EntryPoint\",\"urlTemplate\":\"https:\\\/\\\/memurunsesi.net\\\/?s={search_term_string}\"},\"query-input\":{\"@type\":\"PropertyValueSpecification\",\"valueRequired\":true,\"valueName\":\"search_term_string\"}}],\"inLanguage\":\"tr\"},{\"@type\":\"Organization\",\"@id\":\"https:\\\/\\\/memurunsesi.net\\\/#organization\",\"name\":\"Memurun Sesi\",\"url\":\"https:\\\/\\\/memurunsesi.net\\\/\",\"logo\":{\"@type\":\"ImageObject\",\"inLanguage\":\"tr\",\"@id\":\"https:\\\/\\\/memurunsesi.net\\\/#\\\/schema\\\/logo\\\/image\\\/\",\"url\":\"https:\\\/\\\/memurunsesi.net\\\/wp-content\\\/uploads\\\/2025\\\/11\\\/cropped-MEMURUN-SESI.png\",\"contentUrl\":\"https:\\\/\\\/memurunsesi.net\\\/wp-content\\\/uploads\\\/2025\\\/11\\\/cropped-MEMURUN-SESI.png\",\"width\":238,\"height\":57,\"caption\":\"Memurun Sesi\"},\"image\":{\"@id\":\"https:\\\/\\\/memurunsesi.net\\\/#\\\/schema\\\/logo\\\/image\\\/\"},\"sameAs\":[\"https:\\\/\\\/www.facebook.com\\\/unipersen\\\/?locale=tr_TR\",\"https:\\\/\\\/x.com\\\/unipersen\"]},{\"@type\":\"Person\",\"@id\":\"https:\\\/\\\/memurunsesi.net\\\/#\\\/schema\\\/person\\\/f21c2d73b89f6ee1d80b0a1803e38587\",\"name\":\"Memurun Sesi Haber Merkezi\",\"image\":{\"@type\":\"ImageObject\",\"inLanguage\":\"tr\",\"@id\":\"https:\\\/\\\/secure.gravatar.com\\\/avatar\\\/6cf0505f452ee753f485014986fab09a434671d2b919ee76fc541025c5876a70?s=96&d=mm&r=g\",\"url\":\"https:\\\/\\\/secure.gravatar.com\\\/avatar\\\/6cf0505f452ee753f485014986fab09a434671d2b919ee76fc541025c5876a70?s=96&d=mm&r=g\",\"contentUrl\":\"https:\\\/\\\/secure.gravatar.com\\\/avatar\\\/6cf0505f452ee753f485014986fab09a434671d2b919ee76fc541025c5876a70?s=96&d=mm&r=g\",\"caption\":\"Memurun Sesi Haber Merkezi\"},\"sameAs\":[\"https:\\\/\\\/memurunsesi.net\"],\"url\":\"https:\\\/\\\/memurunsesi.net\\\/index.php\\\/author\\\/uniper\\\/\"}]}<\/script>\n<!-- \/ Yoast SEO plugin. -->","yoast_head_json":{"title":"Evlad\u0131 \u00f6ld\u00fcr\u00fclen babadan y\u00fcrek yakan s\u00f6zler: \"O\u011flum bayrama gelecekti, geldi ama tabutla geldi\" - Memurun Sesi","robots":{"index":"index","follow":"follow","max-snippet":"max-snippet:-1","max-image-preview":"max-image-preview:large","max-video-preview":"max-video-preview:-1"},"canonical":"https:\/\/memurunsesi.net\/index.php\/2025\/10\/08\/evladi-oldurulen-babadan-yurek-yakan-sozler-oglum-bayrama-gelecekti-geldi-ama-tabutla-geldi\/","og_locale":"tr_TR","og_type":"article","og_title":"Evlad\u0131 \u00f6ld\u00fcr\u00fclen babadan y\u00fcrek yakan s\u00f6zler: \"O\u011flum bayrama gelecekti, geldi ama tabutla geldi\" - Memurun Sesi","og_description":"&#8211; Cinayet davas\u0131nda &#8220;E\u015fimi ar\u0131yordu&#8221; iddias\u0131 Kocaeli&#8217;de parkta ya\u015fanan cinayete ili\u015fkin g\u00f6r\u00fclen duru\u015fmada maktul\u00fcn babas\u0131, &#8220;O\u011flum Trabzon&#8217;a bayrama gelecekti, geldi ama tabutla geldi&#8221; dedi. Tutuklu san\u0131k ise, &#8220;E\u015fimi ar\u0131yordu&#8221; iddias\u0131nda bulunurken, maktul ve abisinin kendisini s\u0131k\u0131\u015ft\u0131rd\u0131\u011f\u0131n\u0131, korkutmak amac\u0131yla silah\u0131n\u0131 \u00e7\u0131kard\u0131\u011f\u0131n\u0131 ancak tabancaya yap\u0131lan m\u00fcdahaleyle olay\u0131n ya\u015fand\u0131\u011f\u0131n\u0131 ileri s\u00fcrd\u00fc. Olay, 29 Mart tarihinde saat 23.00 s\u0131ralar\u0131nda [&hellip;]","og_url":"https:\/\/memurunsesi.net\/index.php\/2025\/10\/08\/evladi-oldurulen-babadan-yurek-yakan-sozler-oglum-bayrama-gelecekti-geldi-ama-tabutla-geldi\/","og_site_name":"Memurun Sesi","article_publisher":"https:\/\/www.facebook.com\/unipersen\/?locale=tr_TR","article_published_time":"2025-10-08T16:35:24+00:00","og_image":[{"width":795,"height":442,"url":"https:\/\/memurunsesi.net\/wp-content\/uploads\/2025\/10\/AW554824_01-1.jpg","type":"image\/jpeg"}],"author":"Memurun Sesi Haber Merkezi","twitter_card":"summary_large_image","twitter_creator":"@unipersen","twitter_site":"@unipersen","twitter_misc":{"Yazan:":"Memurun Sesi Haber Merkezi","Tahmini okuma s\u00fcresi":"1 dakika"},"schema":{"@context":"https:\/\/schema.org","@graph":[{"@type":"Article","@id":"https:\/\/memurunsesi.net\/index.php\/2025\/10\/08\/evladi-oldurulen-babadan-yurek-yakan-sozler-oglum-bayrama-gelecekti-geldi-ama-tabutla-geldi\/#article","isPartOf":{"@id":"https:\/\/memurunsesi.net\/index.php\/2025\/10\/08\/evladi-oldurulen-babadan-yurek-yakan-sozler-oglum-bayrama-gelecekti-geldi-ama-tabutla-geldi\/"},"author":{"name":"Memurun Sesi Haber Merkezi","@id":"https:\/\/memurunsesi.net\/#\/schema\/person\/f21c2d73b89f6ee1d80b0a1803e38587"},"headline":"Evlad\u0131 \u00f6ld\u00fcr\u00fclen babadan y\u00fcrek yakan s\u00f6zler: &#8220;O\u011flum bayrama gelecekti, geldi ama tabutla geldi&#8221;","datePublished":"2025-10-08T16:35:24+00:00","mainEntityOfPage":{"@id":"https:\/\/memurunsesi.net\/index.php\/2025\/10\/08\/evladi-oldurulen-babadan-yurek-yakan-sozler-oglum-bayrama-gelecekti-geldi-ama-tabutla-geldi\/"},"wordCount":1768,"commentCount":0,"publisher":{"@id":"https:\/\/memurunsesi.net\/#organization"},"image":{"@id":"https:\/\/memurunsesi.net\/index.php\/2025\/10\/08\/evladi-oldurulen-babadan-yurek-yakan-sozler-oglum-bayrama-gelecekti-geldi-ama-tabutla-geldi\/#primaryimage"},"thumbnailUrl":"https:\/\/memurunsesi.net\/wp-content\/uploads\/2025\/10\/AW554824_01-1.jpg","inLanguage":"tr","potentialAction":[{"@type":"CommentAction","name":"Comment","target":["https:\/\/memurunsesi.net\/index.php\/2025\/10\/08\/evladi-oldurulen-babadan-yurek-yakan-sozler-oglum-bayrama-gelecekti-geldi-ama-tabutla-geldi\/#respond"]}]},{"@type":"WebPage","@id":"https:\/\/memurunsesi.net\/index.php\/2025\/10\/08\/evladi-oldurulen-babadan-yurek-yakan-sozler-oglum-bayrama-gelecekti-geldi-ama-tabutla-geldi\/","url":"https:\/\/memurunsesi.net\/index.php\/2025\/10\/08\/evladi-oldurulen-babadan-yurek-yakan-sozler-oglum-bayrama-gelecekti-geldi-ama-tabutla-geldi\/","name":"Evlad\u0131 \u00f6ld\u00fcr\u00fclen babadan y\u00fcrek yakan s\u00f6zler: \"O\u011flum bayrama gelecekti, geldi ama tabutla geldi\" - Memurun Sesi","isPartOf":{"@id":"https:\/\/memurunsesi.net\/#website"},"primaryImageOfPage":{"@id":"https:\/\/memurunsesi.net\/index.php\/2025\/10\/08\/evladi-oldurulen-babadan-yurek-yakan-sozler-oglum-bayrama-gelecekti-geldi-ama-tabutla-geldi\/#primaryimage"},"image":{"@id":"https:\/\/memurunsesi.net\/index.php\/2025\/10\/08\/evladi-oldurulen-babadan-yurek-yakan-sozler-oglum-bayrama-gelecekti-geldi-ama-tabutla-geldi\/#primaryimage"},"thumbnailUrl":"https:\/\/memurunsesi.net\/wp-content\/uploads\/2025\/10\/AW554824_01-1.jpg","datePublished":"2025-10-08T16:35:24+00:00","breadcrumb":{"@id":"https:\/\/memurunsesi.net\/index.php\/2025\/10\/08\/evladi-oldurulen-babadan-yurek-yakan-sozler-oglum-bayrama-gelecekti-geldi-ama-tabutla-geldi\/#breadcrumb"},"inLanguage":"tr","potentialAction":[{"@type":"ReadAction","target":["https:\/\/memurunsesi.net\/index.php\/2025\/10\/08\/evladi-oldurulen-babadan-yurek-yakan-sozler-oglum-bayrama-gelecekti-geldi-ama-tabutla-geldi\/"]}]},{"@type":"ImageObject","inLanguage":"tr","@id":"https:\/\/memurunsesi.net\/index.php\/2025\/10\/08\/evladi-oldurulen-babadan-yurek-yakan-sozler-oglum-bayrama-gelecekti-geldi-ama-tabutla-geldi\/#primaryimage","url":"https:\/\/memurunsesi.net\/wp-content\/uploads\/2025\/10\/AW554824_01-1.jpg","contentUrl":"https:\/\/memurunsesi.net\/wp-content\/uploads\/2025\/10\/AW554824_01-1.jpg","width":795,"height":442,"caption":"KOCAEL\u0130'DE PARKTA YA\u015eANAN C\u0130NAYETE \u0130L\u0130\u015eK\u0130N G\u00d6R\u00dcLEN DURU\u015eMADA DETAYLAR ORTAYA \u00c7IKTI. TUTUKLU SANIK, \"E\u015e\u0130M\u0130 ARIYORDU\" \u0130DD\u0130ASINDA BULUNURKEN, MAKTUL VE AB\u0130S\u0130N\u0130N KEND\u0130S\u0130N\u0130 SIKI\u015eTIRDI\u011eINI, KORKUTMAK AMACIYLA S\u0130LAHINI \u00c7IKARDI\u011eINI ANCAK TABANCAYA YAPILAN M\u00dcDAHALEYLE OLAYIN YA\u015eANDI\u011eINI \u0130LER\u0130 S\u00dcRD\u00dc. (FEH\u0130ME KARTAL\/KOCAEL\u0130-\u0130HA) Kocaeli'de parkta ya\u015fanan cinayete ili\u015fkin g\u00f6r\u00fclen duru\u015fmada maktul\u00fcn babas\u0131, \"O\u011flum Trabzon'a bayrama gelecekti, geldi ama tabutla geldi\" dedi. Tutuklu san\u0131k ise, \"E\u015fimi ar\u0131yordu\" iddias\u0131nda bulunurken, maktul ve abisinin kendisini s\u0131k\u0131\u015ft\u0131rd\u0131\u011f\u0131n\u0131, korkutmak amac\u0131yla silah\u0131n\u0131 \u00e7\u0131kard\u0131\u011f\u0131n\u0131 ancak tabancaya yap\u0131lan m\u00fcdahaleyle olay\u0131n ya\u015fand\u0131\u011f\u0131n\u0131 ileri s\u00fcrd\u00fc."},{"@type":"BreadcrumbList","@id":"https:\/\/memurunsesi.net\/index.php\/2025\/10\/08\/evladi-oldurulen-babadan-yurek-yakan-sozler-oglum-bayrama-gelecekti-geldi-ama-tabutla-geldi\/#breadcrumb","itemListElement":[{"@type":"ListItem","position":1,"name":"Anasayfa","item":"https:\/\/memurunsesi.net\/"},{"@type":"ListItem","position":2,"name":"Evlad\u0131 \u00f6ld\u00fcr\u00fclen babadan y\u00fcrek yakan s\u00f6zler: &#8220;O\u011flum bayrama gelecekti, geldi ama tabutla geldi&#8221;"}]},{"@type":"WebSite","@id":"https:\/\/memurunsesi.net\/#website","url":"https:\/\/memurunsesi.net\/","name":"Memurun Sesi","description":"G\u00fcncel ve Do\u011fru Haber","publisher":{"@id":"https:\/\/memurunsesi.net\/#organization"},"potentialAction":[{"@type":"SearchAction","target":{"@type":"EntryPoint","urlTemplate":"https:\/\/memurunsesi.net\/?s={search_term_string}"},"query-input":{"@type":"PropertyValueSpecification","valueRequired":true,"valueName":"search_term_string"}}],"inLanguage":"tr"},{"@type":"Organization","@id":"https:\/\/memurunsesi.net\/#organization","name":"Memurun Sesi","url":"https:\/\/memurunsesi.net\/","logo":{"@type":"ImageObject","inLanguage":"tr","@id":"https:\/\/memurunsesi.net\/#\/schema\/logo\/image\/","url":"https:\/\/memurunsesi.net\/wp-content\/uploads\/2025\/11\/cropped-MEMURUN-SESI.png","contentUrl":"https:\/\/memurunsesi.net\/wp-content\/uploads\/2025\/11\/cropped-MEMURUN-SESI.png","width":238,"height":57,"caption":"Memurun Sesi"},"image":{"@id":"https:\/\/memurunsesi.net\/#\/schema\/logo\/image\/"},"sameAs":["https:\/\/www.facebook.com\/unipersen\/?locale=tr_TR","https:\/\/x.com\/unipersen"]},{"@type":"Person","@id":"https:\/\/memurunsesi.net\/#\/schema\/person\/f21c2d73b89f6ee1d80b0a1803e38587","name":"Memurun Sesi Haber Merkezi","image":{"@type":"ImageObject","inLanguage":"tr","@id":"https:\/\/secure.gravatar.com\/avatar\/6cf0505f452ee753f485014986fab09a434671d2b919ee76fc541025c5876a70?s=96&d=mm&r=g","url":"https:\/\/secure.gravatar.com\/avatar\/6cf0505f452ee753f485014986fab09a434671d2b919ee76fc541025c5876a70?s=96&d=mm&r=g","contentUrl":"https:\/\/secure.gravatar.com\/avatar\/6cf0505f452ee753f485014986fab09a434671d2b919ee76fc541025c5876a70?s=96&d=mm&r=g","caption":"Memurun Sesi Haber Merkezi"},"sameAs":["https:\/\/memurunsesi.net"],"url":"https:\/\/memurunsesi.net\/index.php\/author\/uniper\/"}]}},"_links":{"self":[{"href":"https:\/\/memurunsesi.net\/index.php\/wp-json\/wp\/v2\/posts\/12691","targetHints":{"allow":["GET"]}}],"collection":[{"href":"https:\/\/memurunsesi.net\/index.php\/wp-json\/wp\/v2\/posts"}],"about":[{"href":"https:\/\/memurunsesi.net\/index.php\/wp-json\/wp\/v2\/types\/post"}],"author":[{"embeddable":true,"href":"https:\/\/memurunsesi.net\/index.php\/wp-json\/wp\/v2\/users\/1"}],"replies":[{"embeddable":true,"href":"https:\/\/memurunsesi.net\/index.php\/wp-json\/wp\/v2\/comments?post=12691"}],"version-history":[{"count":1,"href":"https:\/\/memurunsesi.net\/index.php\/wp-json\/wp\/v2\/posts\/12691\/revisions"}],"predecessor-version":[{"id":12694,"href":"https:\/\/memurunsesi.net\/index.php\/wp-json\/wp\/v2\/posts\/12691\/revisions\/12694"}],"wp:featuredmedia":[{"embeddable":true,"href":"https:\/\/memurunsesi.net\/index.php\/wp-json\/wp\/v2\/media\/12693"}],"wp:attachment":[{"href":"https:\/\/memurunsesi.net\/index.php\/wp-json\/wp\/v2\/media?parent=12691"}],"wp:term":[{"taxonomy":"category","embeddable":true,"href":"https:\/\/memurunsesi.net\/index.php\/wp-json\/wp\/v2\/categories?post=12691"},{"taxonomy":"post_tag","embeddable":true,"href":"https:\/\/memurunsesi.net\/index.php\/wp-json\/wp\/v2\/tags?post=12691"}],"curies":[{"name":"wp","href":"https:\/\/api.w.org\/{rel}","templated":true}]}}