{"id":12696,"date":"2025-10-08T20:47:08","date_gmt":"2025-10-08T17:47:08","guid":{"rendered":"https:\/\/memurunsesi.net\/?p=12696"},"modified":"2025-10-08T20:47:08","modified_gmt":"2025-10-08T17:47:08","slug":"uyusturucu-operasyonunda-gozaltina-alinan-unlu-isimler-serbest-birakildi","status":"publish","type":"post","link":"https:\/\/memurunsesi.net\/index.php\/2025\/10\/08\/uyusturucu-operasyonunda-gozaltina-alinan-unlu-isimler-serbest-birakildi\/","title":{"rendered":"\u2018Uyu\u015fturucu\u2019 operasyonunda g\u00f6zalt\u0131na al\u0131nan \u00fcnl\u00fc isimler serbest b\u0131rak\u0131ld\u0131"},"content":{"rendered":"<p>   \u0130stanbul Cumhuriyet Ba\u015fsavc\u0131l\u0131\u011f\u0131nca ba\u015flat\u0131lan &#8216;uyu\u015fturucu veya uyar\u0131c\u0131 madde kullanmak&#8217; soru\u015fturmas\u0131 kapsam\u0131nda ifadesine ba\u015fvurulan \u00fcnl\u00fc isimler, kan, idrar ve sa\u00e7 \u00f6rnekleri al\u0131nan ve \u0130stanbul \u0130l Jandarma Komutanl\u0131\u011f\u0131ndaki i\u015flemlerinin ard\u0131ndan serbest b\u0131rak\u0131ld\u0131.<br \/>\n  \u0130stanbul Cumhuriyet Ba\u015fsavc\u0131l\u0131\u011f\u0131 Ka\u00e7ak\u00e7\u0131l\u0131k, Narkotik ve Ekonomik Su\u00e7lar Soru\u015fturma B\u00fcrosu taraf\u0131ndan &#8216;uyu\u015fturucu veya uyar\u0131c\u0131 madde kullanmak&#8217; su\u00e7undan aralar\u0131nda \u00fcnl\u00fc isimlerin bulundu\u011fu \u015f\u00fcpheliler hakk\u0131nda soru\u015fturma ba\u015flat\u0131lm\u0131\u015ft\u0131. Soru\u015fturma \u00e7er\u00e7evesinde \u0130rem Derici, Kubilay Aka, Kaan Y\u0131ld\u0131r\u0131m, Hadise A\u00e7\u0131kg\u00f6z, Berrak T\u00fcz\u00fcnata\u00e7, Duygu \u00d6zaslan, Demet Evgar, Meri\u00e7 Aral, \u00d6zge \u00d6zpirin\u00e7ci, Mert Yaz\u0131c\u0131o\u011flu, Feyza Altun, Derin Talu, Deren Talu, Birce Akalay, Dilan Polat, Engin Polat, Metin Akd\u00fclger ve Ceren Moray, \u0130stanbul \u0130l Jandarma Komutanl\u0131\u011f\u0131&#8217;nda ifade vermi\u015fti. \u00dcnl\u00fc isimler ifadelerinin ard\u0131ndan kan, idrak ve sa\u00e7 \u00f6rneklerinin al\u0131nmas\u0131 i\u00e7in Bah\u00e7elievler\u2019de bulunan Adli T\u0131p Kurumu&#8217;na g\u00f6t\u00fcr\u00fclm\u00fc\u015ft\u00fc. Ard\u0131ndan Seyrantepe Hamidiye Etfal E\u011fitim ve Ara\u015ft\u0131rma Hastanesi\u2019nde sa\u011fl\u0131k kontrol\u00fcnden ge\u00e7en \u00fcnl\u00fcler, tekrar \u0130stanbul \u0130l Jandarma Komutanl\u0131\u011f\u0131na getirilmi\u015fti. Burada i\u015flemleri tamamlanan \u00fcnl\u00fc isimler serbest b\u0131rak\u0131ld\u0131. <\/p>\n<p>8.10.2025                                   <\/p>\n","protected":false},"excerpt":{"rendered":"<p>\u0130stanbul Cumhuriyet Ba\u015fsavc\u0131l\u0131\u011f\u0131nca ba\u015flat\u0131lan &#8216;uyu\u015fturucu veya uyar\u0131c\u0131 madde kullanmak&#8217; soru\u015fturmas\u0131 kapsam\u0131nda ifadesine ba\u015fvurulan \u00fcnl\u00fc isimler, kan, idrar ve sa\u00e7 \u00f6rnekleri al\u0131nan ve \u0130stanbul \u0130l Jandarma Komutanl\u0131\u011f\u0131ndaki i\u015flemlerinin ard\u0131ndan serbest b\u0131rak\u0131ld\u0131. \u0130stanbul Cumhuriyet Ba\u015fsavc\u0131l\u0131\u011f\u0131 Ka\u00e7ak\u00e7\u0131l\u0131k, Narkotik ve Ekonomik Su\u00e7lar Soru\u015fturma B\u00fcrosu taraf\u0131ndan &#8216;uyu\u015fturucu veya uyar\u0131c\u0131 madde kullanmak&#8217; su\u00e7undan aralar\u0131nda \u00fcnl\u00fc isimlerin bulundu\u011fu \u015f\u00fcpheliler hakk\u0131nda soru\u015fturma ba\u015flat\u0131lm\u0131\u015ft\u0131. [&hellip;]<\/p>\n","protected":false},"author":1,"featured_media":12697,"comment_status":"open","ping_status":"open","sticky":false,"template":"","format":"standard","meta":{"footnotes":""},"categories":[1],"tags":[],"class_list":["post-12696","post","type-post","status-publish","format-standard","has-post-thumbnail","hentry","category-genel"],"yoast_head":"<!-- This site is optimized with the Yoast SEO plugin v27.4 - https:\/\/yoast.com\/product\/yoast-seo-wordpress\/ -->\n<title>\u2018Uyu\u015fturucu\u2019 operasyonunda g\u00f6zalt\u0131na al\u0131nan \u00fcnl\u00fc isimler serbest b\u0131rak\u0131ld\u0131 - Memurun Sesi<\/title>\n<meta name=\"robots\" content=\"index, follow, max-snippet:-1, max-image-preview:large, max-video-preview:-1\" \/>\n<link rel=\"canonical\" href=\"https:\/\/memurunsesi.net\/index.php\/2025\/10\/08\/uyusturucu-operasyonunda-gozaltina-alinan-unlu-isimler-serbest-birakildi\/\" \/>\n<meta property=\"og:locale\" content=\"tr_TR\" \/>\n<meta property=\"og:type\" content=\"article\" \/>\n<meta property=\"og:title\" content=\"\u2018Uyu\u015fturucu\u2019 operasyonunda g\u00f6zalt\u0131na al\u0131nan \u00fcnl\u00fc isimler serbest b\u0131rak\u0131ld\u0131 - Memurun Sesi\" \/>\n<meta property=\"og:description\" content=\"\u0130stanbul Cumhuriyet Ba\u015fsavc\u0131l\u0131\u011f\u0131nca ba\u015flat\u0131lan &#8216;uyu\u015fturucu veya uyar\u0131c\u0131 madde kullanmak&#8217; soru\u015fturmas\u0131 kapsam\u0131nda ifadesine ba\u015fvurulan \u00fcnl\u00fc isimler, kan, idrar ve sa\u00e7 \u00f6rnekleri al\u0131nan ve \u0130stanbul \u0130l Jandarma Komutanl\u0131\u011f\u0131ndaki i\u015flemlerinin ard\u0131ndan serbest b\u0131rak\u0131ld\u0131. \u0130stanbul Cumhuriyet Ba\u015fsavc\u0131l\u0131\u011f\u0131 Ka\u00e7ak\u00e7\u0131l\u0131k, Narkotik ve Ekonomik Su\u00e7lar Soru\u015fturma B\u00fcrosu taraf\u0131ndan &#8216;uyu\u015fturucu veya uyar\u0131c\u0131 madde kullanmak&#8217; su\u00e7undan aralar\u0131nda \u00fcnl\u00fc isimlerin bulundu\u011fu \u015f\u00fcpheliler hakk\u0131nda soru\u015fturma ba\u015flat\u0131lm\u0131\u015ft\u0131. [&hellip;]\" \/>\n<meta property=\"og:url\" content=\"https:\/\/memurunsesi.net\/index.php\/2025\/10\/08\/uyusturucu-operasyonunda-gozaltina-alinan-unlu-isimler-serbest-birakildi\/\" \/>\n<meta property=\"og:site_name\" content=\"Memurun Sesi\" \/>\n<meta property=\"article:publisher\" content=\"https:\/\/www.facebook.com\/unipersen\/?locale=tr_TR\" \/>\n<meta property=\"article:published_time\" content=\"2025-10-08T17:47:08+00:00\" \/>\n<meta property=\"og:image\" content=\"https:\/\/memurunsesi.net\/wp-content\/uploads\/2025\/10\/AW554837_01.jpg\" \/>\n\t<meta property=\"og:image:width\" content=\"1179\" \/>\n\t<meta property=\"og:image:height\" content=\"650\" \/>\n\t<meta property=\"og:image:type\" content=\"image\/jpeg\" \/>\n<meta name=\"author\" content=\"Memurun Sesi Haber Merkezi\" \/>\n<meta name=\"twitter:card\" content=\"summary_large_image\" \/>\n<meta name=\"twitter:creator\" content=\"@unipersen\" \/>\n<meta name=\"twitter:site\" content=\"@unipersen\" \/>\n<meta name=\"twitter:label1\" content=\"Yazan:\" \/>\n\t<meta name=\"twitter:data1\" content=\"Memurun Sesi Haber Merkezi\" \/>\n\t<meta name=\"twitter:label2\" content=\"Tahmini okuma s\u00fcresi\" \/>\n\t<meta name=\"twitter:data2\" content=\"1 dakika\" \/>\n<script type=\"application\/ld+json\" class=\"yoast-schema-graph\">{\"@context\":\"https:\\\/\\\/schema.org\",\"@graph\":[{\"@type\":\"Article\",\"@id\":\"https:\\\/\\\/memurunsesi.net\\\/index.php\\\/2025\\\/10\\\/08\\\/uyusturucu-operasyonunda-gozaltina-alinan-unlu-isimler-serbest-birakildi\\\/#article\",\"isPartOf\":{\"@id\":\"https:\\\/\\\/memurunsesi.net\\\/index.php\\\/2025\\\/10\\\/08\\\/uyusturucu-operasyonunda-gozaltina-alinan-unlu-isimler-serbest-birakildi\\\/\"},\"author\":{\"name\":\"Memurun Sesi Haber Merkezi\",\"@id\":\"https:\\\/\\\/memurunsesi.net\\\/#\\\/schema\\\/person\\\/f21c2d73b89f6ee1d80b0a1803e38587\"},\"headline\":\"\u2018Uyu\u015fturucu\u2019 operasyonunda g\u00f6zalt\u0131na al\u0131nan \u00fcnl\u00fc isimler serbest b\u0131rak\u0131ld\u0131\",\"datePublished\":\"2025-10-08T17:47:08+00:00\",\"mainEntityOfPage\":{\"@id\":\"https:\\\/\\\/memurunsesi.net\\\/index.php\\\/2025\\\/10\\\/08\\\/uyusturucu-operasyonunda-gozaltina-alinan-unlu-isimler-serbest-birakildi\\\/\"},\"wordCount\":233,\"commentCount\":0,\"publisher\":{\"@id\":\"https:\\\/\\\/memurunsesi.net\\\/#organization\"},\"image\":{\"@id\":\"https:\\\/\\\/memurunsesi.net\\\/index.php\\\/2025\\\/10\\\/08\\\/uyusturucu-operasyonunda-gozaltina-alinan-unlu-isimler-serbest-birakildi\\\/#primaryimage\"},\"thumbnailUrl\":\"https:\\\/\\\/memurunsesi.net\\\/wp-content\\\/uploads\\\/2025\\\/10\\\/AW554837_01.jpg\",\"inLanguage\":\"tr\",\"potentialAction\":[{\"@type\":\"CommentAction\",\"name\":\"Comment\",\"target\":[\"https:\\\/\\\/memurunsesi.net\\\/index.php\\\/2025\\\/10\\\/08\\\/uyusturucu-operasyonunda-gozaltina-alinan-unlu-isimler-serbest-birakildi\\\/#respond\"]}]},{\"@type\":\"WebPage\",\"@id\":\"https:\\\/\\\/memurunsesi.net\\\/index.php\\\/2025\\\/10\\\/08\\\/uyusturucu-operasyonunda-gozaltina-alinan-unlu-isimler-serbest-birakildi\\\/\",\"url\":\"https:\\\/\\\/memurunsesi.net\\\/index.php\\\/2025\\\/10\\\/08\\\/uyusturucu-operasyonunda-gozaltina-alinan-unlu-isimler-serbest-birakildi\\\/\",\"name\":\"\u2018Uyu\u015fturucu\u2019 operasyonunda g\u00f6zalt\u0131na al\u0131nan \u00fcnl\u00fc isimler serbest b\u0131rak\u0131ld\u0131 - Memurun Sesi\",\"isPartOf\":{\"@id\":\"https:\\\/\\\/memurunsesi.net\\\/#website\"},\"primaryImageOfPage\":{\"@id\":\"https:\\\/\\\/memurunsesi.net\\\/index.php\\\/2025\\\/10\\\/08\\\/uyusturucu-operasyonunda-gozaltina-alinan-unlu-isimler-serbest-birakildi\\\/#primaryimage\"},\"image\":{\"@id\":\"https:\\\/\\\/memurunsesi.net\\\/index.php\\\/2025\\\/10\\\/08\\\/uyusturucu-operasyonunda-gozaltina-alinan-unlu-isimler-serbest-birakildi\\\/#primaryimage\"},\"thumbnailUrl\":\"https:\\\/\\\/memurunsesi.net\\\/wp-content\\\/uploads\\\/2025\\\/10\\\/AW554837_01.jpg\",\"datePublished\":\"2025-10-08T17:47:08+00:00\",\"breadcrumb\":{\"@id\":\"https:\\\/\\\/memurunsesi.net\\\/index.php\\\/2025\\\/10\\\/08\\\/uyusturucu-operasyonunda-gozaltina-alinan-unlu-isimler-serbest-birakildi\\\/#breadcrumb\"},\"inLanguage\":\"tr\",\"potentialAction\":[{\"@type\":\"ReadAction\",\"target\":[\"https:\\\/\\\/memurunsesi.net\\\/index.php\\\/2025\\\/10\\\/08\\\/uyusturucu-operasyonunda-gozaltina-alinan-unlu-isimler-serbest-birakildi\\\/\"]}]},{\"@type\":\"ImageObject\",\"inLanguage\":\"tr\",\"@id\":\"https:\\\/\\\/memurunsesi.net\\\/index.php\\\/2025\\\/10\\\/08\\\/uyusturucu-operasyonunda-gozaltina-alinan-unlu-isimler-serbest-birakildi\\\/#primaryimage\",\"url\":\"https:\\\/\\\/memurunsesi.net\\\/wp-content\\\/uploads\\\/2025\\\/10\\\/AW554837_01.jpg\",\"contentUrl\":\"https:\\\/\\\/memurunsesi.net\\\/wp-content\\\/uploads\\\/2025\\\/10\\\/AW554837_01.jpg\",\"width\":1179,\"height\":650,\"caption\":\"\u0130STANBUL CUMHUR\u0130YET BA\u015eSAVCILI\u011eI'NCA BA\u015eLATILAN 'UYU\u015eTURUCU VEYA UYARICI MADDE KULLANMAK' SORU\u015eTURMASI KAPSAMINDA \u0130FADES\u0130NE BA\u015eVURULAN \u00dcNL\u00dc \u0130S\u0130MLER, KAN, \u0130DRAR VE SA\u00c7 \u00d6RNEKLER\u0130 ALINAN VE \u0130STANBUL \u0130L JANDARMA KOMUTANLI\u011eINDAK\u0130 \u0130\u015eLEMLER\u0130 B\u0130TEN \u00dcNL\u00dc \u0130S\u0130MLER SERBEST BIRAKILDI. (BERK SOYDAN - \u015e\u00dcHEDA KIRO\u011eLU\\\/\u0130STANBUL-\u0130HA) \u0130stanbul Cumhuriyet Ba\u015fsavc\u0131l\u0131\u011f\u0131nca ba\u015flat\u0131lan 'uyu\u015fturucu veya uyar\u0131c\u0131 madde kullanmak' soru\u015fturmas\u0131 kapsam\u0131nda ifadesine ba\u015fvurulan \u00fcnl\u00fc isimler, kan, idrar ve sa\u00e7 \u00f6rnekleri al\u0131nan ve \u0130stanbul \u0130l Jandarma Komutanl\u0131\u011f\u0131ndaki i\u015flemlerinin ard\u0131ndan serbest b\u0131rak\u0131ld\u0131.\"},{\"@type\":\"BreadcrumbList\",\"@id\":\"https:\\\/\\\/memurunsesi.net\\\/index.php\\\/2025\\\/10\\\/08\\\/uyusturucu-operasyonunda-gozaltina-alinan-unlu-isimler-serbest-birakildi\\\/#breadcrumb\",\"itemListElement\":[{\"@type\":\"ListItem\",\"position\":1,\"name\":\"Anasayfa\",\"item\":\"https:\\\/\\\/memurunsesi.net\\\/\"},{\"@type\":\"ListItem\",\"position\":2,\"name\":\"\u2018Uyu\u015fturucu\u2019 operasyonunda g\u00f6zalt\u0131na al\u0131nan \u00fcnl\u00fc isimler serbest b\u0131rak\u0131ld\u0131\"}]},{\"@type\":\"WebSite\",\"@id\":\"https:\\\/\\\/memurunsesi.net\\\/#website\",\"url\":\"https:\\\/\\\/memurunsesi.net\\\/\",\"name\":\"Memurun Sesi\",\"description\":\"G\u00fcncel ve Do\u011fru Haber\",\"publisher\":{\"@id\":\"https:\\\/\\\/memurunsesi.net\\\/#organization\"},\"potentialAction\":[{\"@type\":\"SearchAction\",\"target\":{\"@type\":\"EntryPoint\",\"urlTemplate\":\"https:\\\/\\\/memurunsesi.net\\\/?s={search_term_string}\"},\"query-input\":{\"@type\":\"PropertyValueSpecification\",\"valueRequired\":true,\"valueName\":\"search_term_string\"}}],\"inLanguage\":\"tr\"},{\"@type\":\"Organization\",\"@id\":\"https:\\\/\\\/memurunsesi.net\\\/#organization\",\"name\":\"Memurun Sesi\",\"url\":\"https:\\\/\\\/memurunsesi.net\\\/\",\"logo\":{\"@type\":\"ImageObject\",\"inLanguage\":\"tr\",\"@id\":\"https:\\\/\\\/memurunsesi.net\\\/#\\\/schema\\\/logo\\\/image\\\/\",\"url\":\"https:\\\/\\\/memurunsesi.net\\\/wp-content\\\/uploads\\\/2025\\\/11\\\/cropped-MEMURUN-SESI.png\",\"contentUrl\":\"https:\\\/\\\/memurunsesi.net\\\/wp-content\\\/uploads\\\/2025\\\/11\\\/cropped-MEMURUN-SESI.png\",\"width\":238,\"height\":57,\"caption\":\"Memurun Sesi\"},\"image\":{\"@id\":\"https:\\\/\\\/memurunsesi.net\\\/#\\\/schema\\\/logo\\\/image\\\/\"},\"sameAs\":[\"https:\\\/\\\/www.facebook.com\\\/unipersen\\\/?locale=tr_TR\",\"https:\\\/\\\/x.com\\\/unipersen\"]},{\"@type\":\"Person\",\"@id\":\"https:\\\/\\\/memurunsesi.net\\\/#\\\/schema\\\/person\\\/f21c2d73b89f6ee1d80b0a1803e38587\",\"name\":\"Memurun Sesi Haber Merkezi\",\"image\":{\"@type\":\"ImageObject\",\"inLanguage\":\"tr\",\"@id\":\"https:\\\/\\\/secure.gravatar.com\\\/avatar\\\/6cf0505f452ee753f485014986fab09a434671d2b919ee76fc541025c5876a70?s=96&d=mm&r=g\",\"url\":\"https:\\\/\\\/secure.gravatar.com\\\/avatar\\\/6cf0505f452ee753f485014986fab09a434671d2b919ee76fc541025c5876a70?s=96&d=mm&r=g\",\"contentUrl\":\"https:\\\/\\\/secure.gravatar.com\\\/avatar\\\/6cf0505f452ee753f485014986fab09a434671d2b919ee76fc541025c5876a70?s=96&d=mm&r=g\",\"caption\":\"Memurun Sesi Haber Merkezi\"},\"sameAs\":[\"https:\\\/\\\/memurunsesi.net\"],\"url\":\"https:\\\/\\\/memurunsesi.net\\\/index.php\\\/author\\\/uniper\\\/\"}]}<\/script>\n<!-- \/ Yoast SEO plugin. -->","yoast_head_json":{"title":"\u2018Uyu\u015fturucu\u2019 operasyonunda g\u00f6zalt\u0131na al\u0131nan \u00fcnl\u00fc isimler serbest b\u0131rak\u0131ld\u0131 - Memurun Sesi","robots":{"index":"index","follow":"follow","max-snippet":"max-snippet:-1","max-image-preview":"max-image-preview:large","max-video-preview":"max-video-preview:-1"},"canonical":"https:\/\/memurunsesi.net\/index.php\/2025\/10\/08\/uyusturucu-operasyonunda-gozaltina-alinan-unlu-isimler-serbest-birakildi\/","og_locale":"tr_TR","og_type":"article","og_title":"\u2018Uyu\u015fturucu\u2019 operasyonunda g\u00f6zalt\u0131na al\u0131nan \u00fcnl\u00fc isimler serbest b\u0131rak\u0131ld\u0131 - Memurun Sesi","og_description":"\u0130stanbul Cumhuriyet Ba\u015fsavc\u0131l\u0131\u011f\u0131nca ba\u015flat\u0131lan &#8216;uyu\u015fturucu veya uyar\u0131c\u0131 madde kullanmak&#8217; soru\u015fturmas\u0131 kapsam\u0131nda ifadesine ba\u015fvurulan \u00fcnl\u00fc isimler, kan, idrar ve sa\u00e7 \u00f6rnekleri al\u0131nan ve \u0130stanbul \u0130l Jandarma Komutanl\u0131\u011f\u0131ndaki i\u015flemlerinin ard\u0131ndan serbest b\u0131rak\u0131ld\u0131. \u0130stanbul Cumhuriyet Ba\u015fsavc\u0131l\u0131\u011f\u0131 Ka\u00e7ak\u00e7\u0131l\u0131k, Narkotik ve Ekonomik Su\u00e7lar Soru\u015fturma B\u00fcrosu taraf\u0131ndan &#8216;uyu\u015fturucu veya uyar\u0131c\u0131 madde kullanmak&#8217; su\u00e7undan aralar\u0131nda \u00fcnl\u00fc isimlerin bulundu\u011fu \u015f\u00fcpheliler hakk\u0131nda soru\u015fturma ba\u015flat\u0131lm\u0131\u015ft\u0131. [&hellip;]","og_url":"https:\/\/memurunsesi.net\/index.php\/2025\/10\/08\/uyusturucu-operasyonunda-gozaltina-alinan-unlu-isimler-serbest-birakildi\/","og_site_name":"Memurun Sesi","article_publisher":"https:\/\/www.facebook.com\/unipersen\/?locale=tr_TR","article_published_time":"2025-10-08T17:47:08+00:00","og_image":[{"width":1179,"height":650,"url":"https:\/\/memurunsesi.net\/wp-content\/uploads\/2025\/10\/AW554837_01.jpg","type":"image\/jpeg"}],"author":"Memurun Sesi Haber Merkezi","twitter_card":"summary_large_image","twitter_creator":"@unipersen","twitter_site":"@unipersen","twitter_misc":{"Yazan:":"Memurun Sesi Haber Merkezi","Tahmini okuma s\u00fcresi":"1 dakika"},"schema":{"@context":"https:\/\/schema.org","@graph":[{"@type":"Article","@id":"https:\/\/memurunsesi.net\/index.php\/2025\/10\/08\/uyusturucu-operasyonunda-gozaltina-alinan-unlu-isimler-serbest-birakildi\/#article","isPartOf":{"@id":"https:\/\/memurunsesi.net\/index.php\/2025\/10\/08\/uyusturucu-operasyonunda-gozaltina-alinan-unlu-isimler-serbest-birakildi\/"},"author":{"name":"Memurun Sesi Haber Merkezi","@id":"https:\/\/memurunsesi.net\/#\/schema\/person\/f21c2d73b89f6ee1d80b0a1803e38587"},"headline":"\u2018Uyu\u015fturucu\u2019 operasyonunda g\u00f6zalt\u0131na al\u0131nan \u00fcnl\u00fc isimler serbest b\u0131rak\u0131ld\u0131","datePublished":"2025-10-08T17:47:08+00:00","mainEntityOfPage":{"@id":"https:\/\/memurunsesi.net\/index.php\/2025\/10\/08\/uyusturucu-operasyonunda-gozaltina-alinan-unlu-isimler-serbest-birakildi\/"},"wordCount":233,"commentCount":0,"publisher":{"@id":"https:\/\/memurunsesi.net\/#organization"},"image":{"@id":"https:\/\/memurunsesi.net\/index.php\/2025\/10\/08\/uyusturucu-operasyonunda-gozaltina-alinan-unlu-isimler-serbest-birakildi\/#primaryimage"},"thumbnailUrl":"https:\/\/memurunsesi.net\/wp-content\/uploads\/2025\/10\/AW554837_01.jpg","inLanguage":"tr","potentialAction":[{"@type":"CommentAction","name":"Comment","target":["https:\/\/memurunsesi.net\/index.php\/2025\/10\/08\/uyusturucu-operasyonunda-gozaltina-alinan-unlu-isimler-serbest-birakildi\/#respond"]}]},{"@type":"WebPage","@id":"https:\/\/memurunsesi.net\/index.php\/2025\/10\/08\/uyusturucu-operasyonunda-gozaltina-alinan-unlu-isimler-serbest-birakildi\/","url":"https:\/\/memurunsesi.net\/index.php\/2025\/10\/08\/uyusturucu-operasyonunda-gozaltina-alinan-unlu-isimler-serbest-birakildi\/","name":"\u2018Uyu\u015fturucu\u2019 operasyonunda g\u00f6zalt\u0131na al\u0131nan \u00fcnl\u00fc isimler serbest b\u0131rak\u0131ld\u0131 - Memurun Sesi","isPartOf":{"@id":"https:\/\/memurunsesi.net\/#website"},"primaryImageOfPage":{"@id":"https:\/\/memurunsesi.net\/index.php\/2025\/10\/08\/uyusturucu-operasyonunda-gozaltina-alinan-unlu-isimler-serbest-birakildi\/#primaryimage"},"image":{"@id":"https:\/\/memurunsesi.net\/index.php\/2025\/10\/08\/uyusturucu-operasyonunda-gozaltina-alinan-unlu-isimler-serbest-birakildi\/#primaryimage"},"thumbnailUrl":"https:\/\/memurunsesi.net\/wp-content\/uploads\/2025\/10\/AW554837_01.jpg","datePublished":"2025-10-08T17:47:08+00:00","breadcrumb":{"@id":"https:\/\/memurunsesi.net\/index.php\/2025\/10\/08\/uyusturucu-operasyonunda-gozaltina-alinan-unlu-isimler-serbest-birakildi\/#breadcrumb"},"inLanguage":"tr","potentialAction":[{"@type":"ReadAction","target":["https:\/\/memurunsesi.net\/index.php\/2025\/10\/08\/uyusturucu-operasyonunda-gozaltina-alinan-unlu-isimler-serbest-birakildi\/"]}]},{"@type":"ImageObject","inLanguage":"tr","@id":"https:\/\/memurunsesi.net\/index.php\/2025\/10\/08\/uyusturucu-operasyonunda-gozaltina-alinan-unlu-isimler-serbest-birakildi\/#primaryimage","url":"https:\/\/memurunsesi.net\/wp-content\/uploads\/2025\/10\/AW554837_01.jpg","contentUrl":"https:\/\/memurunsesi.net\/wp-content\/uploads\/2025\/10\/AW554837_01.jpg","width":1179,"height":650,"caption":"\u0130STANBUL CUMHUR\u0130YET BA\u015eSAVCILI\u011eI'NCA BA\u015eLATILAN 'UYU\u015eTURUCU VEYA UYARICI MADDE KULLANMAK' SORU\u015eTURMASI KAPSAMINDA \u0130FADES\u0130NE BA\u015eVURULAN \u00dcNL\u00dc \u0130S\u0130MLER, KAN, \u0130DRAR VE SA\u00c7 \u00d6RNEKLER\u0130 ALINAN VE \u0130STANBUL \u0130L JANDARMA KOMUTANLI\u011eINDAK\u0130 \u0130\u015eLEMLER\u0130 B\u0130TEN \u00dcNL\u00dc \u0130S\u0130MLER SERBEST BIRAKILDI. (BERK SOYDAN - \u015e\u00dcHEDA KIRO\u011eLU\/\u0130STANBUL-\u0130HA) \u0130stanbul Cumhuriyet Ba\u015fsavc\u0131l\u0131\u011f\u0131nca ba\u015flat\u0131lan 'uyu\u015fturucu veya uyar\u0131c\u0131 madde kullanmak' soru\u015fturmas\u0131 kapsam\u0131nda ifadesine ba\u015fvurulan \u00fcnl\u00fc isimler, kan, idrar ve sa\u00e7 \u00f6rnekleri al\u0131nan ve \u0130stanbul \u0130l Jandarma Komutanl\u0131\u011f\u0131ndaki i\u015flemlerinin ard\u0131ndan serbest b\u0131rak\u0131ld\u0131."},{"@type":"BreadcrumbList","@id":"https:\/\/memurunsesi.net\/index.php\/2025\/10\/08\/uyusturucu-operasyonunda-gozaltina-alinan-unlu-isimler-serbest-birakildi\/#breadcrumb","itemListElement":[{"@type":"ListItem","position":1,"name":"Anasayfa","item":"https:\/\/memurunsesi.net\/"},{"@type":"ListItem","position":2,"name":"\u2018Uyu\u015fturucu\u2019 operasyonunda g\u00f6zalt\u0131na al\u0131nan \u00fcnl\u00fc isimler serbest b\u0131rak\u0131ld\u0131"}]},{"@type":"WebSite","@id":"https:\/\/memurunsesi.net\/#website","url":"https:\/\/memurunsesi.net\/","name":"Memurun Sesi","description":"G\u00fcncel ve Do\u011fru Haber","publisher":{"@id":"https:\/\/memurunsesi.net\/#organization"},"potentialAction":[{"@type":"SearchAction","target":{"@type":"EntryPoint","urlTemplate":"https:\/\/memurunsesi.net\/?s={search_term_string}"},"query-input":{"@type":"PropertyValueSpecification","valueRequired":true,"valueName":"search_term_string"}}],"inLanguage":"tr"},{"@type":"Organization","@id":"https:\/\/memurunsesi.net\/#organization","name":"Memurun Sesi","url":"https:\/\/memurunsesi.net\/","logo":{"@type":"ImageObject","inLanguage":"tr","@id":"https:\/\/memurunsesi.net\/#\/schema\/logo\/image\/","url":"https:\/\/memurunsesi.net\/wp-content\/uploads\/2025\/11\/cropped-MEMURUN-SESI.png","contentUrl":"https:\/\/memurunsesi.net\/wp-content\/uploads\/2025\/11\/cropped-MEMURUN-SESI.png","width":238,"height":57,"caption":"Memurun Sesi"},"image":{"@id":"https:\/\/memurunsesi.net\/#\/schema\/logo\/image\/"},"sameAs":["https:\/\/www.facebook.com\/unipersen\/?locale=tr_TR","https:\/\/x.com\/unipersen"]},{"@type":"Person","@id":"https:\/\/memurunsesi.net\/#\/schema\/person\/f21c2d73b89f6ee1d80b0a1803e38587","name":"Memurun Sesi Haber Merkezi","image":{"@type":"ImageObject","inLanguage":"tr","@id":"https:\/\/secure.gravatar.com\/avatar\/6cf0505f452ee753f485014986fab09a434671d2b919ee76fc541025c5876a70?s=96&d=mm&r=g","url":"https:\/\/secure.gravatar.com\/avatar\/6cf0505f452ee753f485014986fab09a434671d2b919ee76fc541025c5876a70?s=96&d=mm&r=g","contentUrl":"https:\/\/secure.gravatar.com\/avatar\/6cf0505f452ee753f485014986fab09a434671d2b919ee76fc541025c5876a70?s=96&d=mm&r=g","caption":"Memurun Sesi Haber Merkezi"},"sameAs":["https:\/\/memurunsesi.net"],"url":"https:\/\/memurunsesi.net\/index.php\/author\/uniper\/"}]}},"_links":{"self":[{"href":"https:\/\/memurunsesi.net\/index.php\/wp-json\/wp\/v2\/posts\/12696","targetHints":{"allow":["GET"]}}],"collection":[{"href":"https:\/\/memurunsesi.net\/index.php\/wp-json\/wp\/v2\/posts"}],"about":[{"href":"https:\/\/memurunsesi.net\/index.php\/wp-json\/wp\/v2\/types\/post"}],"author":[{"embeddable":true,"href":"https:\/\/memurunsesi.net\/index.php\/wp-json\/wp\/v2\/users\/1"}],"replies":[{"embeddable":true,"href":"https:\/\/memurunsesi.net\/index.php\/wp-json\/wp\/v2\/comments?post=12696"}],"version-history":[{"count":1,"href":"https:\/\/memurunsesi.net\/index.php\/wp-json\/wp\/v2\/posts\/12696\/revisions"}],"predecessor-version":[{"id":12698,"href":"https:\/\/memurunsesi.net\/index.php\/wp-json\/wp\/v2\/posts\/12696\/revisions\/12698"}],"wp:featuredmedia":[{"embeddable":true,"href":"https:\/\/memurunsesi.net\/index.php\/wp-json\/wp\/v2\/media\/12697"}],"wp:attachment":[{"href":"https:\/\/memurunsesi.net\/index.php\/wp-json\/wp\/v2\/media?parent=12696"}],"wp:term":[{"taxonomy":"category","embeddable":true,"href":"https:\/\/memurunsesi.net\/index.php\/wp-json\/wp\/v2\/categories?post=12696"},{"taxonomy":"post_tag","embeddable":true,"href":"https:\/\/memurunsesi.net\/index.php\/wp-json\/wp\/v2\/tags?post=12696"}],"curies":[{"name":"wp","href":"https:\/\/api.w.org\/{rel}","templated":true}]}}