{"id":12703,"date":"2025-10-08T20:56:52","date_gmt":"2025-10-08T17:56:52","guid":{"rendered":"https:\/\/memurunsesi.net\/?p=12703"},"modified":"2025-10-08T20:56:52","modified_gmt":"2025-10-08T17:56:52","slug":"samsunda-9-katli-binanin-cati-katinda-yangin","status":"publish","type":"post","link":"https:\/\/memurunsesi.net\/index.php\/2025\/10\/08\/samsunda-9-katli-binanin-cati-katinda-yangin\/","title":{"rendered":"Samsun\u2019da 9 katl\u0131 binan\u0131n \u00e7at\u0131 kat\u0131nda yang\u0131n"},"content":{"rendered":"<p>    Samsun\u2019un \u0130lkad\u0131m il\u00e7esinde 9 katl\u0131 bir apartman\u0131n \u00e7at\u0131 kat\u0131nda \u00e7\u0131kan yang\u0131nda maddi zarar olu\u015ftu.<br \/>\nYang\u0131n, Han\u00e7erli Mahallesi Hac\u0131osman Sokak \u00fczerindeki 9 katl\u0131 bir binan\u0131n \u00e7at\u0131s\u0131nda ak\u015fam saatlerinde meydana geldi. Edinilen bilgiye g\u00f6re, hen\u00fcz belirlenemeyen bir nedenle binan\u0131n \u00e7at\u0131 kat\u0131nda \u00e7\u0131kan yang\u0131n\u0131 fark eden vatanda\u015flar durumu 112&#8217;ye bildirdi. Olay yerine Samsun B\u00fcy\u00fck\u015fehir Belediyesi \u0130tfaiye Daire Ba\u015fkanl\u0131\u011f\u0131\u2019na ba\u011fl\u0131 ekipler sevk edildi. Olay yerine gelen itfaiye ekipleri yang\u0131na m\u00fcdahale ederek alevleri kontrol alt\u0131na ald\u0131. Binada bulunan vatanda\u015flar tedbir amac\u0131yla tahliye edildi. Yang\u0131nda can kayb\u0131 ya da yaralanma ya\u015fanmazken, \u00e7at\u0131 kat\u0131nda maddi hasar meydana geldi. <\/p>\n<p>8.10.2025                                <\/p>\n","protected":false},"excerpt":{"rendered":"<p>Samsun\u2019un \u0130lkad\u0131m il\u00e7esinde 9 katl\u0131 bir apartman\u0131n \u00e7at\u0131 kat\u0131nda \u00e7\u0131kan yang\u0131nda maddi zarar olu\u015ftu. Yang\u0131n, Han\u00e7erli Mahallesi Hac\u0131osman Sokak \u00fczerindeki 9 katl\u0131 bir binan\u0131n \u00e7at\u0131s\u0131nda ak\u015fam saatlerinde meydana geldi. Edinilen bilgiye g\u00f6re, hen\u00fcz belirlenemeyen bir nedenle binan\u0131n \u00e7at\u0131 kat\u0131nda \u00e7\u0131kan yang\u0131n\u0131 fark eden vatanda\u015flar durumu 112&#8217;ye bildirdi. Olay yerine Samsun B\u00fcy\u00fck\u015fehir Belediyesi \u0130tfaiye Daire Ba\u015fkanl\u0131\u011f\u0131\u2019na [&hellip;]<\/p>\n","protected":false},"author":1,"featured_media":12705,"comment_status":"open","ping_status":"open","sticky":false,"template":"","format":"standard","meta":{"footnotes":""},"categories":[1],"tags":[],"class_list":["post-12703","post","type-post","status-publish","format-standard","has-post-thumbnail","hentry","category-genel"],"yoast_head":"<!-- This site is optimized with the Yoast SEO plugin v27.4 - https:\/\/yoast.com\/product\/yoast-seo-wordpress\/ -->\n<title>Samsun\u2019da 9 katl\u0131 binan\u0131n \u00e7at\u0131 kat\u0131nda yang\u0131n - Memurun Sesi<\/title>\n<meta name=\"robots\" content=\"index, follow, max-snippet:-1, max-image-preview:large, max-video-preview:-1\" \/>\n<link rel=\"canonical\" href=\"https:\/\/memurunsesi.net\/index.php\/2025\/10\/08\/samsunda-9-katli-binanin-cati-katinda-yangin\/\" \/>\n<meta property=\"og:locale\" content=\"tr_TR\" \/>\n<meta property=\"og:type\" content=\"article\" \/>\n<meta property=\"og:title\" content=\"Samsun\u2019da 9 katl\u0131 binan\u0131n \u00e7at\u0131 kat\u0131nda yang\u0131n - Memurun Sesi\" \/>\n<meta property=\"og:description\" content=\"Samsun\u2019un \u0130lkad\u0131m il\u00e7esinde 9 katl\u0131 bir apartman\u0131n \u00e7at\u0131 kat\u0131nda \u00e7\u0131kan yang\u0131nda maddi zarar olu\u015ftu. Yang\u0131n, Han\u00e7erli Mahallesi Hac\u0131osman Sokak \u00fczerindeki 9 katl\u0131 bir binan\u0131n \u00e7at\u0131s\u0131nda ak\u015fam saatlerinde meydana geldi. Edinilen bilgiye g\u00f6re, hen\u00fcz belirlenemeyen bir nedenle binan\u0131n \u00e7at\u0131 kat\u0131nda \u00e7\u0131kan yang\u0131n\u0131 fark eden vatanda\u015flar durumu 112&#8217;ye bildirdi. Olay yerine Samsun B\u00fcy\u00fck\u015fehir Belediyesi \u0130tfaiye Daire Ba\u015fkanl\u0131\u011f\u0131\u2019na [&hellip;]\" \/>\n<meta property=\"og:url\" content=\"https:\/\/memurunsesi.net\/index.php\/2025\/10\/08\/samsunda-9-katli-binanin-cati-katinda-yangin\/\" \/>\n<meta property=\"og:site_name\" content=\"Memurun Sesi\" \/>\n<meta property=\"article:publisher\" content=\"https:\/\/www.facebook.com\/unipersen\/?locale=tr_TR\" \/>\n<meta property=\"article:published_time\" content=\"2025-10-08T17:56:52+00:00\" \/>\n<meta property=\"og:image\" content=\"https:\/\/memurunsesi.net\/wp-content\/uploads\/2025\/10\/AW554834_01-1-scaled.jpg\" \/>\n\t<meta property=\"og:image:width\" content=\"2560\" \/>\n\t<meta property=\"og:image:height\" content=\"1135\" \/>\n\t<meta property=\"og:image:type\" content=\"image\/jpeg\" \/>\n<meta name=\"author\" content=\"Memurun Sesi Haber Merkezi\" \/>\n<meta name=\"twitter:card\" content=\"summary_large_image\" \/>\n<meta name=\"twitter:creator\" content=\"@unipersen\" \/>\n<meta name=\"twitter:site\" content=\"@unipersen\" \/>\n<meta name=\"twitter:label1\" content=\"Yazan:\" \/>\n\t<meta name=\"twitter:data1\" content=\"Memurun Sesi Haber Merkezi\" \/>\n\t<meta name=\"twitter:label2\" content=\"Tahmini okuma s\u00fcresi\" \/>\n\t<meta name=\"twitter:data2\" content=\"1 dakika\" \/>\n<script type=\"application\/ld+json\" class=\"yoast-schema-graph\">{\"@context\":\"https:\\\/\\\/schema.org\",\"@graph\":[{\"@type\":\"Article\",\"@id\":\"https:\\\/\\\/memurunsesi.net\\\/index.php\\\/2025\\\/10\\\/08\\\/samsunda-9-katli-binanin-cati-katinda-yangin\\\/#article\",\"isPartOf\":{\"@id\":\"https:\\\/\\\/memurunsesi.net\\\/index.php\\\/2025\\\/10\\\/08\\\/samsunda-9-katli-binanin-cati-katinda-yangin\\\/\"},\"author\":{\"name\":\"Memurun Sesi Haber Merkezi\",\"@id\":\"https:\\\/\\\/memurunsesi.net\\\/#\\\/schema\\\/person\\\/f21c2d73b89f6ee1d80b0a1803e38587\"},\"headline\":\"Samsun\u2019da 9 katl\u0131 binan\u0131n \u00e7at\u0131 kat\u0131nda yang\u0131n\",\"datePublished\":\"2025-10-08T17:56:52+00:00\",\"mainEntityOfPage\":{\"@id\":\"https:\\\/\\\/memurunsesi.net\\\/index.php\\\/2025\\\/10\\\/08\\\/samsunda-9-katli-binanin-cati-katinda-yangin\\\/\"},\"wordCount\":133,\"commentCount\":0,\"publisher\":{\"@id\":\"https:\\\/\\\/memurunsesi.net\\\/#organization\"},\"image\":{\"@id\":\"https:\\\/\\\/memurunsesi.net\\\/index.php\\\/2025\\\/10\\\/08\\\/samsunda-9-katli-binanin-cati-katinda-yangin\\\/#primaryimage\"},\"thumbnailUrl\":\"https:\\\/\\\/memurunsesi.net\\\/wp-content\\\/uploads\\\/2025\\\/10\\\/AW554834_01-1-scaled.jpg\",\"inLanguage\":\"tr\",\"potentialAction\":[{\"@type\":\"CommentAction\",\"name\":\"Comment\",\"target\":[\"https:\\\/\\\/memurunsesi.net\\\/index.php\\\/2025\\\/10\\\/08\\\/samsunda-9-katli-binanin-cati-katinda-yangin\\\/#respond\"]}]},{\"@type\":\"WebPage\",\"@id\":\"https:\\\/\\\/memurunsesi.net\\\/index.php\\\/2025\\\/10\\\/08\\\/samsunda-9-katli-binanin-cati-katinda-yangin\\\/\",\"url\":\"https:\\\/\\\/memurunsesi.net\\\/index.php\\\/2025\\\/10\\\/08\\\/samsunda-9-katli-binanin-cati-katinda-yangin\\\/\",\"name\":\"Samsun\u2019da 9 katl\u0131 binan\u0131n \u00e7at\u0131 kat\u0131nda yang\u0131n - Memurun Sesi\",\"isPartOf\":{\"@id\":\"https:\\\/\\\/memurunsesi.net\\\/#website\"},\"primaryImageOfPage\":{\"@id\":\"https:\\\/\\\/memurunsesi.net\\\/index.php\\\/2025\\\/10\\\/08\\\/samsunda-9-katli-binanin-cati-katinda-yangin\\\/#primaryimage\"},\"image\":{\"@id\":\"https:\\\/\\\/memurunsesi.net\\\/index.php\\\/2025\\\/10\\\/08\\\/samsunda-9-katli-binanin-cati-katinda-yangin\\\/#primaryimage\"},\"thumbnailUrl\":\"https:\\\/\\\/memurunsesi.net\\\/wp-content\\\/uploads\\\/2025\\\/10\\\/AW554834_01-1-scaled.jpg\",\"datePublished\":\"2025-10-08T17:56:52+00:00\",\"breadcrumb\":{\"@id\":\"https:\\\/\\\/memurunsesi.net\\\/index.php\\\/2025\\\/10\\\/08\\\/samsunda-9-katli-binanin-cati-katinda-yangin\\\/#breadcrumb\"},\"inLanguage\":\"tr\",\"potentialAction\":[{\"@type\":\"ReadAction\",\"target\":[\"https:\\\/\\\/memurunsesi.net\\\/index.php\\\/2025\\\/10\\\/08\\\/samsunda-9-katli-binanin-cati-katinda-yangin\\\/\"]}]},{\"@type\":\"ImageObject\",\"inLanguage\":\"tr\",\"@id\":\"https:\\\/\\\/memurunsesi.net\\\/index.php\\\/2025\\\/10\\\/08\\\/samsunda-9-katli-binanin-cati-katinda-yangin\\\/#primaryimage\",\"url\":\"https:\\\/\\\/memurunsesi.net\\\/wp-content\\\/uploads\\\/2025\\\/10\\\/AW554834_01-1-scaled.jpg\",\"contentUrl\":\"https:\\\/\\\/memurunsesi.net\\\/wp-content\\\/uploads\\\/2025\\\/10\\\/AW554834_01-1-scaled.jpg\",\"width\":2560,\"height\":1135,\"caption\":\"SAMSUN'UN \u0130LKADIM \u0130L\u00c7ES\u0130NDE 9 KATLI B\u0130R APARTMANIN \u00c7ATI KATINDA \u00c7IKAN YANGINDA MADD\u0130 ZARAR OLU\u015eTU. (FURKAN ABREK \u00dcNAL\\\/SAMSUN-\u0130HA) Samsun'un \u0130lkad\u0131m il\u00e7esinde 9 katl\u0131 bir apartman\u0131n \u00e7at\u0131 kat\u0131nda \u00e7\u0131kan yang\u0131nda maddi zarar olu\u015ftu.\"},{\"@type\":\"BreadcrumbList\",\"@id\":\"https:\\\/\\\/memurunsesi.net\\\/index.php\\\/2025\\\/10\\\/08\\\/samsunda-9-katli-binanin-cati-katinda-yangin\\\/#breadcrumb\",\"itemListElement\":[{\"@type\":\"ListItem\",\"position\":1,\"name\":\"Anasayfa\",\"item\":\"https:\\\/\\\/memurunsesi.net\\\/\"},{\"@type\":\"ListItem\",\"position\":2,\"name\":\"Samsun\u2019da 9 katl\u0131 binan\u0131n \u00e7at\u0131 kat\u0131nda yang\u0131n\"}]},{\"@type\":\"WebSite\",\"@id\":\"https:\\\/\\\/memurunsesi.net\\\/#website\",\"url\":\"https:\\\/\\\/memurunsesi.net\\\/\",\"name\":\"Memurun Sesi\",\"description\":\"G\u00fcncel ve Do\u011fru Haber\",\"publisher\":{\"@id\":\"https:\\\/\\\/memurunsesi.net\\\/#organization\"},\"potentialAction\":[{\"@type\":\"SearchAction\",\"target\":{\"@type\":\"EntryPoint\",\"urlTemplate\":\"https:\\\/\\\/memurunsesi.net\\\/?s={search_term_string}\"},\"query-input\":{\"@type\":\"PropertyValueSpecification\",\"valueRequired\":true,\"valueName\":\"search_term_string\"}}],\"inLanguage\":\"tr\"},{\"@type\":\"Organization\",\"@id\":\"https:\\\/\\\/memurunsesi.net\\\/#organization\",\"name\":\"Memurun Sesi\",\"url\":\"https:\\\/\\\/memurunsesi.net\\\/\",\"logo\":{\"@type\":\"ImageObject\",\"inLanguage\":\"tr\",\"@id\":\"https:\\\/\\\/memurunsesi.net\\\/#\\\/schema\\\/logo\\\/image\\\/\",\"url\":\"https:\\\/\\\/memurunsesi.net\\\/wp-content\\\/uploads\\\/2025\\\/11\\\/cropped-MEMURUN-SESI.png\",\"contentUrl\":\"https:\\\/\\\/memurunsesi.net\\\/wp-content\\\/uploads\\\/2025\\\/11\\\/cropped-MEMURUN-SESI.png\",\"width\":238,\"height\":57,\"caption\":\"Memurun Sesi\"},\"image\":{\"@id\":\"https:\\\/\\\/memurunsesi.net\\\/#\\\/schema\\\/logo\\\/image\\\/\"},\"sameAs\":[\"https:\\\/\\\/www.facebook.com\\\/unipersen\\\/?locale=tr_TR\",\"https:\\\/\\\/x.com\\\/unipersen\"]},{\"@type\":\"Person\",\"@id\":\"https:\\\/\\\/memurunsesi.net\\\/#\\\/schema\\\/person\\\/f21c2d73b89f6ee1d80b0a1803e38587\",\"name\":\"Memurun Sesi Haber Merkezi\",\"image\":{\"@type\":\"ImageObject\",\"inLanguage\":\"tr\",\"@id\":\"https:\\\/\\\/secure.gravatar.com\\\/avatar\\\/6cf0505f452ee753f485014986fab09a434671d2b919ee76fc541025c5876a70?s=96&d=mm&r=g\",\"url\":\"https:\\\/\\\/secure.gravatar.com\\\/avatar\\\/6cf0505f452ee753f485014986fab09a434671d2b919ee76fc541025c5876a70?s=96&d=mm&r=g\",\"contentUrl\":\"https:\\\/\\\/secure.gravatar.com\\\/avatar\\\/6cf0505f452ee753f485014986fab09a434671d2b919ee76fc541025c5876a70?s=96&d=mm&r=g\",\"caption\":\"Memurun Sesi Haber Merkezi\"},\"sameAs\":[\"https:\\\/\\\/memurunsesi.net\"],\"url\":\"https:\\\/\\\/memurunsesi.net\\\/index.php\\\/author\\\/uniper\\\/\"}]}<\/script>\n<!-- \/ Yoast SEO plugin. -->","yoast_head_json":{"title":"Samsun\u2019da 9 katl\u0131 binan\u0131n \u00e7at\u0131 kat\u0131nda yang\u0131n - Memurun Sesi","robots":{"index":"index","follow":"follow","max-snippet":"max-snippet:-1","max-image-preview":"max-image-preview:large","max-video-preview":"max-video-preview:-1"},"canonical":"https:\/\/memurunsesi.net\/index.php\/2025\/10\/08\/samsunda-9-katli-binanin-cati-katinda-yangin\/","og_locale":"tr_TR","og_type":"article","og_title":"Samsun\u2019da 9 katl\u0131 binan\u0131n \u00e7at\u0131 kat\u0131nda yang\u0131n - Memurun Sesi","og_description":"Samsun\u2019un \u0130lkad\u0131m il\u00e7esinde 9 katl\u0131 bir apartman\u0131n \u00e7at\u0131 kat\u0131nda \u00e7\u0131kan yang\u0131nda maddi zarar olu\u015ftu. Yang\u0131n, Han\u00e7erli Mahallesi Hac\u0131osman Sokak \u00fczerindeki 9 katl\u0131 bir binan\u0131n \u00e7at\u0131s\u0131nda ak\u015fam saatlerinde meydana geldi. Edinilen bilgiye g\u00f6re, hen\u00fcz belirlenemeyen bir nedenle binan\u0131n \u00e7at\u0131 kat\u0131nda \u00e7\u0131kan yang\u0131n\u0131 fark eden vatanda\u015flar durumu 112&#8217;ye bildirdi. Olay yerine Samsun B\u00fcy\u00fck\u015fehir Belediyesi \u0130tfaiye Daire Ba\u015fkanl\u0131\u011f\u0131\u2019na [&hellip;]","og_url":"https:\/\/memurunsesi.net\/index.php\/2025\/10\/08\/samsunda-9-katli-binanin-cati-katinda-yangin\/","og_site_name":"Memurun Sesi","article_publisher":"https:\/\/www.facebook.com\/unipersen\/?locale=tr_TR","article_published_time":"2025-10-08T17:56:52+00:00","og_image":[{"width":2560,"height":1135,"url":"https:\/\/memurunsesi.net\/wp-content\/uploads\/2025\/10\/AW554834_01-1-scaled.jpg","type":"image\/jpeg"}],"author":"Memurun Sesi Haber Merkezi","twitter_card":"summary_large_image","twitter_creator":"@unipersen","twitter_site":"@unipersen","twitter_misc":{"Yazan:":"Memurun Sesi Haber Merkezi","Tahmini okuma s\u00fcresi":"1 dakika"},"schema":{"@context":"https:\/\/schema.org","@graph":[{"@type":"Article","@id":"https:\/\/memurunsesi.net\/index.php\/2025\/10\/08\/samsunda-9-katli-binanin-cati-katinda-yangin\/#article","isPartOf":{"@id":"https:\/\/memurunsesi.net\/index.php\/2025\/10\/08\/samsunda-9-katli-binanin-cati-katinda-yangin\/"},"author":{"name":"Memurun Sesi Haber Merkezi","@id":"https:\/\/memurunsesi.net\/#\/schema\/person\/f21c2d73b89f6ee1d80b0a1803e38587"},"headline":"Samsun\u2019da 9 katl\u0131 binan\u0131n \u00e7at\u0131 kat\u0131nda yang\u0131n","datePublished":"2025-10-08T17:56:52+00:00","mainEntityOfPage":{"@id":"https:\/\/memurunsesi.net\/index.php\/2025\/10\/08\/samsunda-9-katli-binanin-cati-katinda-yangin\/"},"wordCount":133,"commentCount":0,"publisher":{"@id":"https:\/\/memurunsesi.net\/#organization"},"image":{"@id":"https:\/\/memurunsesi.net\/index.php\/2025\/10\/08\/samsunda-9-katli-binanin-cati-katinda-yangin\/#primaryimage"},"thumbnailUrl":"https:\/\/memurunsesi.net\/wp-content\/uploads\/2025\/10\/AW554834_01-1-scaled.jpg","inLanguage":"tr","potentialAction":[{"@type":"CommentAction","name":"Comment","target":["https:\/\/memurunsesi.net\/index.php\/2025\/10\/08\/samsunda-9-katli-binanin-cati-katinda-yangin\/#respond"]}]},{"@type":"WebPage","@id":"https:\/\/memurunsesi.net\/index.php\/2025\/10\/08\/samsunda-9-katli-binanin-cati-katinda-yangin\/","url":"https:\/\/memurunsesi.net\/index.php\/2025\/10\/08\/samsunda-9-katli-binanin-cati-katinda-yangin\/","name":"Samsun\u2019da 9 katl\u0131 binan\u0131n \u00e7at\u0131 kat\u0131nda yang\u0131n - Memurun Sesi","isPartOf":{"@id":"https:\/\/memurunsesi.net\/#website"},"primaryImageOfPage":{"@id":"https:\/\/memurunsesi.net\/index.php\/2025\/10\/08\/samsunda-9-katli-binanin-cati-katinda-yangin\/#primaryimage"},"image":{"@id":"https:\/\/memurunsesi.net\/index.php\/2025\/10\/08\/samsunda-9-katli-binanin-cati-katinda-yangin\/#primaryimage"},"thumbnailUrl":"https:\/\/memurunsesi.net\/wp-content\/uploads\/2025\/10\/AW554834_01-1-scaled.jpg","datePublished":"2025-10-08T17:56:52+00:00","breadcrumb":{"@id":"https:\/\/memurunsesi.net\/index.php\/2025\/10\/08\/samsunda-9-katli-binanin-cati-katinda-yangin\/#breadcrumb"},"inLanguage":"tr","potentialAction":[{"@type":"ReadAction","target":["https:\/\/memurunsesi.net\/index.php\/2025\/10\/08\/samsunda-9-katli-binanin-cati-katinda-yangin\/"]}]},{"@type":"ImageObject","inLanguage":"tr","@id":"https:\/\/memurunsesi.net\/index.php\/2025\/10\/08\/samsunda-9-katli-binanin-cati-katinda-yangin\/#primaryimage","url":"https:\/\/memurunsesi.net\/wp-content\/uploads\/2025\/10\/AW554834_01-1-scaled.jpg","contentUrl":"https:\/\/memurunsesi.net\/wp-content\/uploads\/2025\/10\/AW554834_01-1-scaled.jpg","width":2560,"height":1135,"caption":"SAMSUN'UN \u0130LKADIM \u0130L\u00c7ES\u0130NDE 9 KATLI B\u0130R APARTMANIN \u00c7ATI KATINDA \u00c7IKAN YANGINDA MADD\u0130 ZARAR OLU\u015eTU. (FURKAN ABREK \u00dcNAL\/SAMSUN-\u0130HA) Samsun'un \u0130lkad\u0131m il\u00e7esinde 9 katl\u0131 bir apartman\u0131n \u00e7at\u0131 kat\u0131nda \u00e7\u0131kan yang\u0131nda maddi zarar olu\u015ftu."},{"@type":"BreadcrumbList","@id":"https:\/\/memurunsesi.net\/index.php\/2025\/10\/08\/samsunda-9-katli-binanin-cati-katinda-yangin\/#breadcrumb","itemListElement":[{"@type":"ListItem","position":1,"name":"Anasayfa","item":"https:\/\/memurunsesi.net\/"},{"@type":"ListItem","position":2,"name":"Samsun\u2019da 9 katl\u0131 binan\u0131n \u00e7at\u0131 kat\u0131nda yang\u0131n"}]},{"@type":"WebSite","@id":"https:\/\/memurunsesi.net\/#website","url":"https:\/\/memurunsesi.net\/","name":"Memurun Sesi","description":"G\u00fcncel ve Do\u011fru Haber","publisher":{"@id":"https:\/\/memurunsesi.net\/#organization"},"potentialAction":[{"@type":"SearchAction","target":{"@type":"EntryPoint","urlTemplate":"https:\/\/memurunsesi.net\/?s={search_term_string}"},"query-input":{"@type":"PropertyValueSpecification","valueRequired":true,"valueName":"search_term_string"}}],"inLanguage":"tr"},{"@type":"Organization","@id":"https:\/\/memurunsesi.net\/#organization","name":"Memurun Sesi","url":"https:\/\/memurunsesi.net\/","logo":{"@type":"ImageObject","inLanguage":"tr","@id":"https:\/\/memurunsesi.net\/#\/schema\/logo\/image\/","url":"https:\/\/memurunsesi.net\/wp-content\/uploads\/2025\/11\/cropped-MEMURUN-SESI.png","contentUrl":"https:\/\/memurunsesi.net\/wp-content\/uploads\/2025\/11\/cropped-MEMURUN-SESI.png","width":238,"height":57,"caption":"Memurun Sesi"},"image":{"@id":"https:\/\/memurunsesi.net\/#\/schema\/logo\/image\/"},"sameAs":["https:\/\/www.facebook.com\/unipersen\/?locale=tr_TR","https:\/\/x.com\/unipersen"]},{"@type":"Person","@id":"https:\/\/memurunsesi.net\/#\/schema\/person\/f21c2d73b89f6ee1d80b0a1803e38587","name":"Memurun Sesi Haber Merkezi","image":{"@type":"ImageObject","inLanguage":"tr","@id":"https:\/\/secure.gravatar.com\/avatar\/6cf0505f452ee753f485014986fab09a434671d2b919ee76fc541025c5876a70?s=96&d=mm&r=g","url":"https:\/\/secure.gravatar.com\/avatar\/6cf0505f452ee753f485014986fab09a434671d2b919ee76fc541025c5876a70?s=96&d=mm&r=g","contentUrl":"https:\/\/secure.gravatar.com\/avatar\/6cf0505f452ee753f485014986fab09a434671d2b919ee76fc541025c5876a70?s=96&d=mm&r=g","caption":"Memurun Sesi Haber Merkezi"},"sameAs":["https:\/\/memurunsesi.net"],"url":"https:\/\/memurunsesi.net\/index.php\/author\/uniper\/"}]}},"_links":{"self":[{"href":"https:\/\/memurunsesi.net\/index.php\/wp-json\/wp\/v2\/posts\/12703","targetHints":{"allow":["GET"]}}],"collection":[{"href":"https:\/\/memurunsesi.net\/index.php\/wp-json\/wp\/v2\/posts"}],"about":[{"href":"https:\/\/memurunsesi.net\/index.php\/wp-json\/wp\/v2\/types\/post"}],"author":[{"embeddable":true,"href":"https:\/\/memurunsesi.net\/index.php\/wp-json\/wp\/v2\/users\/1"}],"replies":[{"embeddable":true,"href":"https:\/\/memurunsesi.net\/index.php\/wp-json\/wp\/v2\/comments?post=12703"}],"version-history":[{"count":1,"href":"https:\/\/memurunsesi.net\/index.php\/wp-json\/wp\/v2\/posts\/12703\/revisions"}],"predecessor-version":[{"id":12706,"href":"https:\/\/memurunsesi.net\/index.php\/wp-json\/wp\/v2\/posts\/12703\/revisions\/12706"}],"wp:featuredmedia":[{"embeddable":true,"href":"https:\/\/memurunsesi.net\/index.php\/wp-json\/wp\/v2\/media\/12705"}],"wp:attachment":[{"href":"https:\/\/memurunsesi.net\/index.php\/wp-json\/wp\/v2\/media?parent=12703"}],"wp:term":[{"taxonomy":"category","embeddable":true,"href":"https:\/\/memurunsesi.net\/index.php\/wp-json\/wp\/v2\/categories?post=12703"},{"taxonomy":"post_tag","embeddable":true,"href":"https:\/\/memurunsesi.net\/index.php\/wp-json\/wp\/v2\/tags?post=12703"}],"curies":[{"name":"wp","href":"https:\/\/api.w.org\/{rel}","templated":true}]}}