{"id":12707,"date":"2025-10-08T23:21:35","date_gmt":"2025-10-08T20:21:35","guid":{"rendered":"https:\/\/memurunsesi.net\/?p=12707"},"modified":"2025-10-08T23:21:35","modified_gmt":"2025-10-08T20:21:35","slug":"suc-orgutu-lideri-necati-arabaci-tutuklandi","status":"publish","type":"post","link":"https:\/\/memurunsesi.net\/index.php\/2025\/10\/08\/suc-orgutu-lideri-necati-arabaci-tutuklandi\/","title":{"rendered":"Su\u00e7 \u00f6rg\u00fct\u00fc lideri Necati Arabac\u0131 tutukland\u0131"},"content":{"rendered":"<p> \u0130zmir Cumhuriyet Ba\u015fsavc\u0131l\u0131\u011f\u0131 koordinesinde y\u00fcr\u00fct\u00fclen soru\u015fturma kapsam\u0131nda g\u00f6zalt\u0131na al\u0131nan organize su\u00e7 \u00f6rg\u00fct\u00fcn\u00fcn eleba\u015f\u0131 Co\u015fkun Necati Arabac\u0131, \u00e7\u0131kar\u0131ld\u0131\u011f\u0131 mahkemece tutukland\u0131.<br \/>\n  \u0130zmir \u0130l Emniyet M\u00fcd\u00fcrl\u00fc\u011f\u00fc Organize Su\u00e7larla M\u00fccadele \u015eube M\u00fcd\u00fcrl\u00fc\u011f\u00fc ekipleri, organize su\u00e7 \u00f6rg\u00fct\u00fcn\u00fcn kurucusu ve y\u00f6neticisi oldu\u011fu iddia edilen Co\u015fkun Necati Arabac\u0131\u2019n\u0131n T\u00fcrkiye\u2019ye giri\u015f yapaca\u011f\u0131 y\u00f6n\u00fcnde istihbari bilgiye ula\u015ft\u0131. Bunun \u00fczerine 5 Ekim tarihinde gerekli g\u00fcvenlik \u00f6nlemleri al\u0131narak Adnan Menderes Havaliman\u0131\u2019nda operasyon d\u00fczenlendi. S\u0131rbistan\u2019\u0131n ba\u015fkenti Belgrad\u2019dan \u0130zmir\u2019e gelen Arabac\u0131, ekiplerce g\u00f6zalt\u0131na al\u0131nd\u0131.<br \/>\n  Emniyetteki i\u015flemleri tamamlanan Arabac\u0131, adliyeye sevk edildi. N\u00f6bet\u00e7i hakimli\u011fe \u00e7\u0131kar\u0131lan Arabac\u0131, tutuklanarak cezaevine g\u00f6nderildi. <\/p>\n<p>8.10.2025                                  <\/p>\n","protected":false},"excerpt":{"rendered":"<p>\u0130zmir Cumhuriyet Ba\u015fsavc\u0131l\u0131\u011f\u0131 koordinesinde y\u00fcr\u00fct\u00fclen soru\u015fturma kapsam\u0131nda g\u00f6zalt\u0131na al\u0131nan organize su\u00e7 \u00f6rg\u00fct\u00fcn\u00fcn eleba\u015f\u0131 Co\u015fkun Necati Arabac\u0131, \u00e7\u0131kar\u0131ld\u0131\u011f\u0131 mahkemece tutukland\u0131. \u0130zmir \u0130l Emniyet M\u00fcd\u00fcrl\u00fc\u011f\u00fc Organize Su\u00e7larla M\u00fccadele \u015eube M\u00fcd\u00fcrl\u00fc\u011f\u00fc ekipleri, organize su\u00e7 \u00f6rg\u00fct\u00fcn\u00fcn kurucusu ve y\u00f6neticisi oldu\u011fu iddia edilen Co\u015fkun Necati Arabac\u0131\u2019n\u0131n T\u00fcrkiye\u2019ye giri\u015f yapaca\u011f\u0131 y\u00f6n\u00fcnde istihbari bilgiye ula\u015ft\u0131. Bunun \u00fczerine 5 Ekim tarihinde gerekli g\u00fcvenlik [&hellip;]<\/p>\n","protected":false},"author":1,"featured_media":12708,"comment_status":"open","ping_status":"open","sticky":false,"template":"","format":"standard","meta":{"footnotes":""},"categories":[1],"tags":[],"class_list":["post-12707","post","type-post","status-publish","format-standard","has-post-thumbnail","hentry","category-genel"],"yoast_head":"<!-- This site is optimized with the Yoast SEO plugin v27.4 - https:\/\/yoast.com\/product\/yoast-seo-wordpress\/ -->\n<title>Su\u00e7 \u00f6rg\u00fct\u00fc lideri Necati Arabac\u0131 tutukland\u0131 - Memurun Sesi<\/title>\n<meta name=\"robots\" content=\"index, follow, max-snippet:-1, max-image-preview:large, max-video-preview:-1\" \/>\n<link rel=\"canonical\" href=\"https:\/\/memurunsesi.net\/index.php\/2025\/10\/08\/suc-orgutu-lideri-necati-arabaci-tutuklandi\/\" \/>\n<meta property=\"og:locale\" content=\"tr_TR\" \/>\n<meta property=\"og:type\" content=\"article\" \/>\n<meta property=\"og:title\" content=\"Su\u00e7 \u00f6rg\u00fct\u00fc lideri Necati Arabac\u0131 tutukland\u0131 - Memurun Sesi\" \/>\n<meta property=\"og:description\" content=\"\u0130zmir Cumhuriyet Ba\u015fsavc\u0131l\u0131\u011f\u0131 koordinesinde y\u00fcr\u00fct\u00fclen soru\u015fturma kapsam\u0131nda g\u00f6zalt\u0131na al\u0131nan organize su\u00e7 \u00f6rg\u00fct\u00fcn\u00fcn eleba\u015f\u0131 Co\u015fkun Necati Arabac\u0131, \u00e7\u0131kar\u0131ld\u0131\u011f\u0131 mahkemece tutukland\u0131. \u0130zmir \u0130l Emniyet M\u00fcd\u00fcrl\u00fc\u011f\u00fc Organize Su\u00e7larla M\u00fccadele \u015eube M\u00fcd\u00fcrl\u00fc\u011f\u00fc ekipleri, organize su\u00e7 \u00f6rg\u00fct\u00fcn\u00fcn kurucusu ve y\u00f6neticisi oldu\u011fu iddia edilen Co\u015fkun Necati Arabac\u0131\u2019n\u0131n T\u00fcrkiye\u2019ye giri\u015f yapaca\u011f\u0131 y\u00f6n\u00fcnde istihbari bilgiye ula\u015ft\u0131. Bunun \u00fczerine 5 Ekim tarihinde gerekli g\u00fcvenlik [&hellip;]\" \/>\n<meta property=\"og:url\" content=\"https:\/\/memurunsesi.net\/index.php\/2025\/10\/08\/suc-orgutu-lideri-necati-arabaci-tutuklandi\/\" \/>\n<meta property=\"og:site_name\" content=\"Memurun Sesi\" \/>\n<meta property=\"article:publisher\" content=\"https:\/\/www.facebook.com\/unipersen\/?locale=tr_TR\" \/>\n<meta property=\"article:published_time\" content=\"2025-10-08T20:21:35+00:00\" \/>\n<meta property=\"og:image\" content=\"https:\/\/memurunsesi.net\/wp-content\/uploads\/2025\/10\/AW554890_01.jpg\" \/>\n\t<meta property=\"og:image:width\" content=\"1600\" \/>\n\t<meta property=\"og:image:height\" content=\"1011\" \/>\n\t<meta property=\"og:image:type\" content=\"image\/jpeg\" \/>\n<meta name=\"author\" content=\"Memurun Sesi Haber Merkezi\" \/>\n<meta name=\"twitter:card\" content=\"summary_large_image\" \/>\n<meta name=\"twitter:creator\" content=\"@unipersen\" \/>\n<meta name=\"twitter:site\" content=\"@unipersen\" \/>\n<meta name=\"twitter:label1\" content=\"Yazan:\" \/>\n\t<meta name=\"twitter:data1\" content=\"Memurun Sesi Haber Merkezi\" \/>\n\t<meta name=\"twitter:label2\" content=\"Tahmini okuma s\u00fcresi\" \/>\n\t<meta name=\"twitter:data2\" content=\"1 dakika\" \/>\n<script type=\"application\/ld+json\" class=\"yoast-schema-graph\">{\"@context\":\"https:\\\/\\\/schema.org\",\"@graph\":[{\"@type\":\"Article\",\"@id\":\"https:\\\/\\\/memurunsesi.net\\\/index.php\\\/2025\\\/10\\\/08\\\/suc-orgutu-lideri-necati-arabaci-tutuklandi\\\/#article\",\"isPartOf\":{\"@id\":\"https:\\\/\\\/memurunsesi.net\\\/index.php\\\/2025\\\/10\\\/08\\\/suc-orgutu-lideri-necati-arabaci-tutuklandi\\\/\"},\"author\":{\"name\":\"Memurun Sesi Haber Merkezi\",\"@id\":\"https:\\\/\\\/memurunsesi.net\\\/#\\\/schema\\\/person\\\/f21c2d73b89f6ee1d80b0a1803e38587\"},\"headline\":\"Su\u00e7 \u00f6rg\u00fct\u00fc lideri Necati Arabac\u0131 tutukland\u0131\",\"datePublished\":\"2025-10-08T20:21:35+00:00\",\"mainEntityOfPage\":{\"@id\":\"https:\\\/\\\/memurunsesi.net\\\/index.php\\\/2025\\\/10\\\/08\\\/suc-orgutu-lideri-necati-arabaci-tutuklandi\\\/\"},\"wordCount\":143,\"commentCount\":0,\"publisher\":{\"@id\":\"https:\\\/\\\/memurunsesi.net\\\/#organization\"},\"image\":{\"@id\":\"https:\\\/\\\/memurunsesi.net\\\/index.php\\\/2025\\\/10\\\/08\\\/suc-orgutu-lideri-necati-arabaci-tutuklandi\\\/#primaryimage\"},\"thumbnailUrl\":\"https:\\\/\\\/memurunsesi.net\\\/wp-content\\\/uploads\\\/2025\\\/10\\\/AW554890_01.jpg\",\"inLanguage\":\"tr\",\"potentialAction\":[{\"@type\":\"CommentAction\",\"name\":\"Comment\",\"target\":[\"https:\\\/\\\/memurunsesi.net\\\/index.php\\\/2025\\\/10\\\/08\\\/suc-orgutu-lideri-necati-arabaci-tutuklandi\\\/#respond\"]}]},{\"@type\":\"WebPage\",\"@id\":\"https:\\\/\\\/memurunsesi.net\\\/index.php\\\/2025\\\/10\\\/08\\\/suc-orgutu-lideri-necati-arabaci-tutuklandi\\\/\",\"url\":\"https:\\\/\\\/memurunsesi.net\\\/index.php\\\/2025\\\/10\\\/08\\\/suc-orgutu-lideri-necati-arabaci-tutuklandi\\\/\",\"name\":\"Su\u00e7 \u00f6rg\u00fct\u00fc lideri Necati Arabac\u0131 tutukland\u0131 - Memurun Sesi\",\"isPartOf\":{\"@id\":\"https:\\\/\\\/memurunsesi.net\\\/#website\"},\"primaryImageOfPage\":{\"@id\":\"https:\\\/\\\/memurunsesi.net\\\/index.php\\\/2025\\\/10\\\/08\\\/suc-orgutu-lideri-necati-arabaci-tutuklandi\\\/#primaryimage\"},\"image\":{\"@id\":\"https:\\\/\\\/memurunsesi.net\\\/index.php\\\/2025\\\/10\\\/08\\\/suc-orgutu-lideri-necati-arabaci-tutuklandi\\\/#primaryimage\"},\"thumbnailUrl\":\"https:\\\/\\\/memurunsesi.net\\\/wp-content\\\/uploads\\\/2025\\\/10\\\/AW554890_01.jpg\",\"datePublished\":\"2025-10-08T20:21:35+00:00\",\"breadcrumb\":{\"@id\":\"https:\\\/\\\/memurunsesi.net\\\/index.php\\\/2025\\\/10\\\/08\\\/suc-orgutu-lideri-necati-arabaci-tutuklandi\\\/#breadcrumb\"},\"inLanguage\":\"tr\",\"potentialAction\":[{\"@type\":\"ReadAction\",\"target\":[\"https:\\\/\\\/memurunsesi.net\\\/index.php\\\/2025\\\/10\\\/08\\\/suc-orgutu-lideri-necati-arabaci-tutuklandi\\\/\"]}]},{\"@type\":\"ImageObject\",\"inLanguage\":\"tr\",\"@id\":\"https:\\\/\\\/memurunsesi.net\\\/index.php\\\/2025\\\/10\\\/08\\\/suc-orgutu-lideri-necati-arabaci-tutuklandi\\\/#primaryimage\",\"url\":\"https:\\\/\\\/memurunsesi.net\\\/wp-content\\\/uploads\\\/2025\\\/10\\\/AW554890_01.jpg\",\"contentUrl\":\"https:\\\/\\\/memurunsesi.net\\\/wp-content\\\/uploads\\\/2025\\\/10\\\/AW554890_01.jpg\",\"width\":1600,\"height\":1011,\"caption\":\"NECAT\u0130 ARABACI TUTUKLANDI (\u0130HA\\\/\u0130ZM\u0130R-\u0130HA) \u0130zmir Cumhuriyet Ba\u015fsavc\u0131l\u0131\u011f\u0131 koordinesinde y\u00fcr\u00fct\u00fclen soru\u015fturma kapsam\u0131nda g\u00f6zalt\u0131na al\u0131nan organize su\u00e7 \u00f6rg\u00fct\u00fcn\u00fcn eleba\u015f\u0131 Co\u015fkun Necati Arabac\u0131, \u00e7\u0131kar\u0131ld\u0131\u011f\u0131 mahkemece tutukland\u0131.\"},{\"@type\":\"BreadcrumbList\",\"@id\":\"https:\\\/\\\/memurunsesi.net\\\/index.php\\\/2025\\\/10\\\/08\\\/suc-orgutu-lideri-necati-arabaci-tutuklandi\\\/#breadcrumb\",\"itemListElement\":[{\"@type\":\"ListItem\",\"position\":1,\"name\":\"Anasayfa\",\"item\":\"https:\\\/\\\/memurunsesi.net\\\/\"},{\"@type\":\"ListItem\",\"position\":2,\"name\":\"Su\u00e7 \u00f6rg\u00fct\u00fc lideri Necati Arabac\u0131 tutukland\u0131\"}]},{\"@type\":\"WebSite\",\"@id\":\"https:\\\/\\\/memurunsesi.net\\\/#website\",\"url\":\"https:\\\/\\\/memurunsesi.net\\\/\",\"name\":\"Memurun Sesi\",\"description\":\"G\u00fcncel ve Do\u011fru Haber\",\"publisher\":{\"@id\":\"https:\\\/\\\/memurunsesi.net\\\/#organization\"},\"potentialAction\":[{\"@type\":\"SearchAction\",\"target\":{\"@type\":\"EntryPoint\",\"urlTemplate\":\"https:\\\/\\\/memurunsesi.net\\\/?s={search_term_string}\"},\"query-input\":{\"@type\":\"PropertyValueSpecification\",\"valueRequired\":true,\"valueName\":\"search_term_string\"}}],\"inLanguage\":\"tr\"},{\"@type\":\"Organization\",\"@id\":\"https:\\\/\\\/memurunsesi.net\\\/#organization\",\"name\":\"Memurun Sesi\",\"url\":\"https:\\\/\\\/memurunsesi.net\\\/\",\"logo\":{\"@type\":\"ImageObject\",\"inLanguage\":\"tr\",\"@id\":\"https:\\\/\\\/memurunsesi.net\\\/#\\\/schema\\\/logo\\\/image\\\/\",\"url\":\"https:\\\/\\\/memurunsesi.net\\\/wp-content\\\/uploads\\\/2025\\\/11\\\/cropped-MEMURUN-SESI.png\",\"contentUrl\":\"https:\\\/\\\/memurunsesi.net\\\/wp-content\\\/uploads\\\/2025\\\/11\\\/cropped-MEMURUN-SESI.png\",\"width\":238,\"height\":57,\"caption\":\"Memurun Sesi\"},\"image\":{\"@id\":\"https:\\\/\\\/memurunsesi.net\\\/#\\\/schema\\\/logo\\\/image\\\/\"},\"sameAs\":[\"https:\\\/\\\/www.facebook.com\\\/unipersen\\\/?locale=tr_TR\",\"https:\\\/\\\/x.com\\\/unipersen\"]},{\"@type\":\"Person\",\"@id\":\"https:\\\/\\\/memurunsesi.net\\\/#\\\/schema\\\/person\\\/f21c2d73b89f6ee1d80b0a1803e38587\",\"name\":\"Memurun Sesi Haber Merkezi\",\"image\":{\"@type\":\"ImageObject\",\"inLanguage\":\"tr\",\"@id\":\"https:\\\/\\\/secure.gravatar.com\\\/avatar\\\/6cf0505f452ee753f485014986fab09a434671d2b919ee76fc541025c5876a70?s=96&d=mm&r=g\",\"url\":\"https:\\\/\\\/secure.gravatar.com\\\/avatar\\\/6cf0505f452ee753f485014986fab09a434671d2b919ee76fc541025c5876a70?s=96&d=mm&r=g\",\"contentUrl\":\"https:\\\/\\\/secure.gravatar.com\\\/avatar\\\/6cf0505f452ee753f485014986fab09a434671d2b919ee76fc541025c5876a70?s=96&d=mm&r=g\",\"caption\":\"Memurun Sesi Haber Merkezi\"},\"sameAs\":[\"https:\\\/\\\/memurunsesi.net\"],\"url\":\"https:\\\/\\\/memurunsesi.net\\\/index.php\\\/author\\\/uniper\\\/\"}]}<\/script>\n<!-- \/ Yoast SEO plugin. -->","yoast_head_json":{"title":"Su\u00e7 \u00f6rg\u00fct\u00fc lideri Necati Arabac\u0131 tutukland\u0131 - Memurun Sesi","robots":{"index":"index","follow":"follow","max-snippet":"max-snippet:-1","max-image-preview":"max-image-preview:large","max-video-preview":"max-video-preview:-1"},"canonical":"https:\/\/memurunsesi.net\/index.php\/2025\/10\/08\/suc-orgutu-lideri-necati-arabaci-tutuklandi\/","og_locale":"tr_TR","og_type":"article","og_title":"Su\u00e7 \u00f6rg\u00fct\u00fc lideri Necati Arabac\u0131 tutukland\u0131 - Memurun Sesi","og_description":"\u0130zmir Cumhuriyet Ba\u015fsavc\u0131l\u0131\u011f\u0131 koordinesinde y\u00fcr\u00fct\u00fclen soru\u015fturma kapsam\u0131nda g\u00f6zalt\u0131na al\u0131nan organize su\u00e7 \u00f6rg\u00fct\u00fcn\u00fcn eleba\u015f\u0131 Co\u015fkun Necati Arabac\u0131, \u00e7\u0131kar\u0131ld\u0131\u011f\u0131 mahkemece tutukland\u0131. \u0130zmir \u0130l Emniyet M\u00fcd\u00fcrl\u00fc\u011f\u00fc Organize Su\u00e7larla M\u00fccadele \u015eube M\u00fcd\u00fcrl\u00fc\u011f\u00fc ekipleri, organize su\u00e7 \u00f6rg\u00fct\u00fcn\u00fcn kurucusu ve y\u00f6neticisi oldu\u011fu iddia edilen Co\u015fkun Necati Arabac\u0131\u2019n\u0131n T\u00fcrkiye\u2019ye giri\u015f yapaca\u011f\u0131 y\u00f6n\u00fcnde istihbari bilgiye ula\u015ft\u0131. Bunun \u00fczerine 5 Ekim tarihinde gerekli g\u00fcvenlik [&hellip;]","og_url":"https:\/\/memurunsesi.net\/index.php\/2025\/10\/08\/suc-orgutu-lideri-necati-arabaci-tutuklandi\/","og_site_name":"Memurun Sesi","article_publisher":"https:\/\/www.facebook.com\/unipersen\/?locale=tr_TR","article_published_time":"2025-10-08T20:21:35+00:00","og_image":[{"width":1600,"height":1011,"url":"https:\/\/memurunsesi.net\/wp-content\/uploads\/2025\/10\/AW554890_01.jpg","type":"image\/jpeg"}],"author":"Memurun Sesi Haber Merkezi","twitter_card":"summary_large_image","twitter_creator":"@unipersen","twitter_site":"@unipersen","twitter_misc":{"Yazan:":"Memurun Sesi Haber Merkezi","Tahmini okuma s\u00fcresi":"1 dakika"},"schema":{"@context":"https:\/\/schema.org","@graph":[{"@type":"Article","@id":"https:\/\/memurunsesi.net\/index.php\/2025\/10\/08\/suc-orgutu-lideri-necati-arabaci-tutuklandi\/#article","isPartOf":{"@id":"https:\/\/memurunsesi.net\/index.php\/2025\/10\/08\/suc-orgutu-lideri-necati-arabaci-tutuklandi\/"},"author":{"name":"Memurun Sesi Haber Merkezi","@id":"https:\/\/memurunsesi.net\/#\/schema\/person\/f21c2d73b89f6ee1d80b0a1803e38587"},"headline":"Su\u00e7 \u00f6rg\u00fct\u00fc lideri Necati Arabac\u0131 tutukland\u0131","datePublished":"2025-10-08T20:21:35+00:00","mainEntityOfPage":{"@id":"https:\/\/memurunsesi.net\/index.php\/2025\/10\/08\/suc-orgutu-lideri-necati-arabaci-tutuklandi\/"},"wordCount":143,"commentCount":0,"publisher":{"@id":"https:\/\/memurunsesi.net\/#organization"},"image":{"@id":"https:\/\/memurunsesi.net\/index.php\/2025\/10\/08\/suc-orgutu-lideri-necati-arabaci-tutuklandi\/#primaryimage"},"thumbnailUrl":"https:\/\/memurunsesi.net\/wp-content\/uploads\/2025\/10\/AW554890_01.jpg","inLanguage":"tr","potentialAction":[{"@type":"CommentAction","name":"Comment","target":["https:\/\/memurunsesi.net\/index.php\/2025\/10\/08\/suc-orgutu-lideri-necati-arabaci-tutuklandi\/#respond"]}]},{"@type":"WebPage","@id":"https:\/\/memurunsesi.net\/index.php\/2025\/10\/08\/suc-orgutu-lideri-necati-arabaci-tutuklandi\/","url":"https:\/\/memurunsesi.net\/index.php\/2025\/10\/08\/suc-orgutu-lideri-necati-arabaci-tutuklandi\/","name":"Su\u00e7 \u00f6rg\u00fct\u00fc lideri Necati Arabac\u0131 tutukland\u0131 - Memurun Sesi","isPartOf":{"@id":"https:\/\/memurunsesi.net\/#website"},"primaryImageOfPage":{"@id":"https:\/\/memurunsesi.net\/index.php\/2025\/10\/08\/suc-orgutu-lideri-necati-arabaci-tutuklandi\/#primaryimage"},"image":{"@id":"https:\/\/memurunsesi.net\/index.php\/2025\/10\/08\/suc-orgutu-lideri-necati-arabaci-tutuklandi\/#primaryimage"},"thumbnailUrl":"https:\/\/memurunsesi.net\/wp-content\/uploads\/2025\/10\/AW554890_01.jpg","datePublished":"2025-10-08T20:21:35+00:00","breadcrumb":{"@id":"https:\/\/memurunsesi.net\/index.php\/2025\/10\/08\/suc-orgutu-lideri-necati-arabaci-tutuklandi\/#breadcrumb"},"inLanguage":"tr","potentialAction":[{"@type":"ReadAction","target":["https:\/\/memurunsesi.net\/index.php\/2025\/10\/08\/suc-orgutu-lideri-necati-arabaci-tutuklandi\/"]}]},{"@type":"ImageObject","inLanguage":"tr","@id":"https:\/\/memurunsesi.net\/index.php\/2025\/10\/08\/suc-orgutu-lideri-necati-arabaci-tutuklandi\/#primaryimage","url":"https:\/\/memurunsesi.net\/wp-content\/uploads\/2025\/10\/AW554890_01.jpg","contentUrl":"https:\/\/memurunsesi.net\/wp-content\/uploads\/2025\/10\/AW554890_01.jpg","width":1600,"height":1011,"caption":"NECAT\u0130 ARABACI TUTUKLANDI (\u0130HA\/\u0130ZM\u0130R-\u0130HA) \u0130zmir Cumhuriyet Ba\u015fsavc\u0131l\u0131\u011f\u0131 koordinesinde y\u00fcr\u00fct\u00fclen soru\u015fturma kapsam\u0131nda g\u00f6zalt\u0131na al\u0131nan organize su\u00e7 \u00f6rg\u00fct\u00fcn\u00fcn eleba\u015f\u0131 Co\u015fkun Necati Arabac\u0131, \u00e7\u0131kar\u0131ld\u0131\u011f\u0131 mahkemece tutukland\u0131."},{"@type":"BreadcrumbList","@id":"https:\/\/memurunsesi.net\/index.php\/2025\/10\/08\/suc-orgutu-lideri-necati-arabaci-tutuklandi\/#breadcrumb","itemListElement":[{"@type":"ListItem","position":1,"name":"Anasayfa","item":"https:\/\/memurunsesi.net\/"},{"@type":"ListItem","position":2,"name":"Su\u00e7 \u00f6rg\u00fct\u00fc lideri Necati Arabac\u0131 tutukland\u0131"}]},{"@type":"WebSite","@id":"https:\/\/memurunsesi.net\/#website","url":"https:\/\/memurunsesi.net\/","name":"Memurun Sesi","description":"G\u00fcncel ve Do\u011fru Haber","publisher":{"@id":"https:\/\/memurunsesi.net\/#organization"},"potentialAction":[{"@type":"SearchAction","target":{"@type":"EntryPoint","urlTemplate":"https:\/\/memurunsesi.net\/?s={search_term_string}"},"query-input":{"@type":"PropertyValueSpecification","valueRequired":true,"valueName":"search_term_string"}}],"inLanguage":"tr"},{"@type":"Organization","@id":"https:\/\/memurunsesi.net\/#organization","name":"Memurun Sesi","url":"https:\/\/memurunsesi.net\/","logo":{"@type":"ImageObject","inLanguage":"tr","@id":"https:\/\/memurunsesi.net\/#\/schema\/logo\/image\/","url":"https:\/\/memurunsesi.net\/wp-content\/uploads\/2025\/11\/cropped-MEMURUN-SESI.png","contentUrl":"https:\/\/memurunsesi.net\/wp-content\/uploads\/2025\/11\/cropped-MEMURUN-SESI.png","width":238,"height":57,"caption":"Memurun Sesi"},"image":{"@id":"https:\/\/memurunsesi.net\/#\/schema\/logo\/image\/"},"sameAs":["https:\/\/www.facebook.com\/unipersen\/?locale=tr_TR","https:\/\/x.com\/unipersen"]},{"@type":"Person","@id":"https:\/\/memurunsesi.net\/#\/schema\/person\/f21c2d73b89f6ee1d80b0a1803e38587","name":"Memurun Sesi Haber Merkezi","image":{"@type":"ImageObject","inLanguage":"tr","@id":"https:\/\/secure.gravatar.com\/avatar\/6cf0505f452ee753f485014986fab09a434671d2b919ee76fc541025c5876a70?s=96&d=mm&r=g","url":"https:\/\/secure.gravatar.com\/avatar\/6cf0505f452ee753f485014986fab09a434671d2b919ee76fc541025c5876a70?s=96&d=mm&r=g","contentUrl":"https:\/\/secure.gravatar.com\/avatar\/6cf0505f452ee753f485014986fab09a434671d2b919ee76fc541025c5876a70?s=96&d=mm&r=g","caption":"Memurun Sesi Haber Merkezi"},"sameAs":["https:\/\/memurunsesi.net"],"url":"https:\/\/memurunsesi.net\/index.php\/author\/uniper\/"}]}},"_links":{"self":[{"href":"https:\/\/memurunsesi.net\/index.php\/wp-json\/wp\/v2\/posts\/12707","targetHints":{"allow":["GET"]}}],"collection":[{"href":"https:\/\/memurunsesi.net\/index.php\/wp-json\/wp\/v2\/posts"}],"about":[{"href":"https:\/\/memurunsesi.net\/index.php\/wp-json\/wp\/v2\/types\/post"}],"author":[{"embeddable":true,"href":"https:\/\/memurunsesi.net\/index.php\/wp-json\/wp\/v2\/users\/1"}],"replies":[{"embeddable":true,"href":"https:\/\/memurunsesi.net\/index.php\/wp-json\/wp\/v2\/comments?post=12707"}],"version-history":[{"count":1,"href":"https:\/\/memurunsesi.net\/index.php\/wp-json\/wp\/v2\/posts\/12707\/revisions"}],"predecessor-version":[{"id":12709,"href":"https:\/\/memurunsesi.net\/index.php\/wp-json\/wp\/v2\/posts\/12707\/revisions\/12709"}],"wp:featuredmedia":[{"embeddable":true,"href":"https:\/\/memurunsesi.net\/index.php\/wp-json\/wp\/v2\/media\/12708"}],"wp:attachment":[{"href":"https:\/\/memurunsesi.net\/index.php\/wp-json\/wp\/v2\/media?parent=12707"}],"wp:term":[{"taxonomy":"category","embeddable":true,"href":"https:\/\/memurunsesi.net\/index.php\/wp-json\/wp\/v2\/categories?post=12707"},{"taxonomy":"post_tag","embeddable":true,"href":"https:\/\/memurunsesi.net\/index.php\/wp-json\/wp\/v2\/tags?post=12707"}],"curies":[{"name":"wp","href":"https:\/\/api.w.org\/{rel}","templated":true}]}}