{"id":12710,"date":"2025-10-08T23:24:38","date_gmt":"2025-10-08T20:24:38","guid":{"rendered":"https:\/\/memurunsesi.net\/?p=12710"},"modified":"2025-10-08T23:24:38","modified_gmt":"2025-10-08T20:24:38","slug":"sampiyonlar-kupasi-sampiyonu-fenerbahce","status":"publish","type":"post","link":"https:\/\/memurunsesi.net\/index.php\/2025\/10\/08\/sampiyonlar-kupasi-sampiyonu-fenerbahce\/","title":{"rendered":"\u015eampiyonlar Kupas\u0131 \u015fampiyonu Fenerbah\u00e7e"},"content":{"rendered":"<p>   2025 Kad\u0131nlar AXA Sigorta \u015eampiyonlar Kupas\u0131 finalinde Fenerbah\u00e7e Medicana, 2-0 geriye d\u00fc\u015ft\u00fc\u011f\u00fc ma\u00e7ta V. Bank&#8217;\u0131 3-2 ma\u011flup ederek \u00fcst \u00fcste 2., toplamda da 6. kez \u015fampiyon oldu.   <\/p>\n<p>   Aylin Acar, Dangubic, Zehra G\u00fcne\u015f, Deniz Uyan\u0131k, Markova, Derya Cebecio\u011flu, Ogbogu, Boskovic,  Cazaute, Nehir Kurtulan, Ay\u00e7a Ayka\u00e7, Cansu \u00d6zbay, Berka Buse \u00d6zden<br \/>\n  Fenerbah\u00e7e: Gizem \u00d6rge, Milenkovic, Helin Kay\u0131k\u00e7\u0131, Asl\u0131 Kala\u00e7, Korneluk, Melissa Vargas, Fatma Beyaz, Hande Baladin, Arelya Karasoy, Ghani, Fedorovstseva, Orro <\/p>\n<p>8.10.2025                                   <\/p>\n","protected":false},"excerpt":{"rendered":"<p>2025 Kad\u0131nlar AXA Sigorta \u015eampiyonlar Kupas\u0131 finalinde Fenerbah\u00e7e Medicana, 2-0 geriye d\u00fc\u015ft\u00fc\u011f\u00fc ma\u00e7ta V. Bank&#8217;\u0131 3-2 ma\u011flup ederek \u00fcst \u00fcste 2., toplamda da 6. kez \u015fampiyon oldu. Aylin Acar, Dangubic, Zehra G\u00fcne\u015f, Deniz Uyan\u0131k, Markova, Derya Cebecio\u011flu, Ogbogu, Boskovic, Cazaute, Nehir Kurtulan, Ay\u00e7a Ayka\u00e7, Cansu \u00d6zbay, Berka Buse \u00d6zden Fenerbah\u00e7e: Gizem \u00d6rge, Milenkovic, Helin Kay\u0131k\u00e7\u0131, [&hellip;]<\/p>\n","protected":false},"author":1,"featured_media":12711,"comment_status":"open","ping_status":"open","sticky":false,"template":"","format":"standard","meta":{"footnotes":""},"categories":[57],"tags":[],"class_list":["post-12710","post","type-post","status-publish","format-standard","has-post-thumbnail","hentry","category-spor"],"yoast_head":"<!-- This site is optimized with the Yoast SEO plugin v27.4 - https:\/\/yoast.com\/product\/yoast-seo-wordpress\/ -->\n<title>\u015eampiyonlar Kupas\u0131 \u015fampiyonu Fenerbah\u00e7e - Memurun Sesi<\/title>\n<meta name=\"robots\" content=\"index, follow, max-snippet:-1, max-image-preview:large, max-video-preview:-1\" \/>\n<link rel=\"canonical\" href=\"https:\/\/memurunsesi.net\/index.php\/2025\/10\/08\/sampiyonlar-kupasi-sampiyonu-fenerbahce\/\" \/>\n<meta property=\"og:locale\" content=\"tr_TR\" \/>\n<meta property=\"og:type\" content=\"article\" \/>\n<meta property=\"og:title\" content=\"\u015eampiyonlar Kupas\u0131 \u015fampiyonu Fenerbah\u00e7e - Memurun Sesi\" \/>\n<meta property=\"og:description\" content=\"2025 Kad\u0131nlar AXA Sigorta \u015eampiyonlar Kupas\u0131 finalinde Fenerbah\u00e7e Medicana, 2-0 geriye d\u00fc\u015ft\u00fc\u011f\u00fc ma\u00e7ta V. Bank&#8217;\u0131 3-2 ma\u011flup ederek \u00fcst \u00fcste 2., toplamda da 6. kez \u015fampiyon oldu. Aylin Acar, Dangubic, Zehra G\u00fcne\u015f, Deniz Uyan\u0131k, Markova, Derya Cebecio\u011flu, Ogbogu, Boskovic, Cazaute, Nehir Kurtulan, Ay\u00e7a Ayka\u00e7, Cansu \u00d6zbay, Berka Buse \u00d6zden Fenerbah\u00e7e: Gizem \u00d6rge, Milenkovic, Helin Kay\u0131k\u00e7\u0131, [&hellip;]\" \/>\n<meta property=\"og:url\" content=\"https:\/\/memurunsesi.net\/index.php\/2025\/10\/08\/sampiyonlar-kupasi-sampiyonu-fenerbahce\/\" \/>\n<meta property=\"og:site_name\" content=\"Memurun Sesi\" \/>\n<meta property=\"article:publisher\" content=\"https:\/\/www.facebook.com\/unipersen\/?locale=tr_TR\" \/>\n<meta property=\"article:published_time\" content=\"2025-10-08T20:24:38+00:00\" \/>\n<meta property=\"og:image\" content=\"https:\/\/memurunsesi.net\/wp-content\/uploads\/2025\/10\/AW554878_01.jpg\" \/>\n\t<meta property=\"og:image:width\" content=\"2500\" \/>\n\t<meta property=\"og:image:height\" content=\"1796\" \/>\n\t<meta property=\"og:image:type\" content=\"image\/jpeg\" \/>\n<meta name=\"author\" content=\"Memurun Sesi Haber Merkezi\" \/>\n<meta name=\"twitter:card\" content=\"summary_large_image\" \/>\n<meta name=\"twitter:creator\" content=\"@unipersen\" \/>\n<meta name=\"twitter:site\" content=\"@unipersen\" \/>\n<meta name=\"twitter:label1\" content=\"Yazan:\" \/>\n\t<meta name=\"twitter:data1\" content=\"Memurun Sesi Haber Merkezi\" \/>\n\t<meta name=\"twitter:label2\" content=\"Tahmini okuma s\u00fcresi\" \/>\n\t<meta name=\"twitter:data2\" content=\"1 dakika\" \/>\n<script type=\"application\/ld+json\" class=\"yoast-schema-graph\">{\"@context\":\"https:\\\/\\\/schema.org\",\"@graph\":[{\"@type\":\"Article\",\"@id\":\"https:\\\/\\\/memurunsesi.net\\\/index.php\\\/2025\\\/10\\\/08\\\/sampiyonlar-kupasi-sampiyonu-fenerbahce\\\/#article\",\"isPartOf\":{\"@id\":\"https:\\\/\\\/memurunsesi.net\\\/index.php\\\/2025\\\/10\\\/08\\\/sampiyonlar-kupasi-sampiyonu-fenerbahce\\\/\"},\"author\":{\"name\":\"Memurun Sesi Haber Merkezi\",\"@id\":\"https:\\\/\\\/memurunsesi.net\\\/#\\\/schema\\\/person\\\/f21c2d73b89f6ee1d80b0a1803e38587\"},\"headline\":\"\u015eampiyonlar Kupas\u0131 \u015fampiyonu Fenerbah\u00e7e\",\"datePublished\":\"2025-10-08T20:24:38+00:00\",\"mainEntityOfPage\":{\"@id\":\"https:\\\/\\\/memurunsesi.net\\\/index.php\\\/2025\\\/10\\\/08\\\/sampiyonlar-kupasi-sampiyonu-fenerbahce\\\/\"},\"wordCount\":82,\"commentCount\":0,\"publisher\":{\"@id\":\"https:\\\/\\\/memurunsesi.net\\\/#organization\"},\"image\":{\"@id\":\"https:\\\/\\\/memurunsesi.net\\\/index.php\\\/2025\\\/10\\\/08\\\/sampiyonlar-kupasi-sampiyonu-fenerbahce\\\/#primaryimage\"},\"thumbnailUrl\":\"https:\\\/\\\/memurunsesi.net\\\/wp-content\\\/uploads\\\/2025\\\/10\\\/AW554878_01.jpg\",\"articleSection\":[\"Spor\"],\"inLanguage\":\"tr\",\"potentialAction\":[{\"@type\":\"CommentAction\",\"name\":\"Comment\",\"target\":[\"https:\\\/\\\/memurunsesi.net\\\/index.php\\\/2025\\\/10\\\/08\\\/sampiyonlar-kupasi-sampiyonu-fenerbahce\\\/#respond\"]}]},{\"@type\":\"WebPage\",\"@id\":\"https:\\\/\\\/memurunsesi.net\\\/index.php\\\/2025\\\/10\\\/08\\\/sampiyonlar-kupasi-sampiyonu-fenerbahce\\\/\",\"url\":\"https:\\\/\\\/memurunsesi.net\\\/index.php\\\/2025\\\/10\\\/08\\\/sampiyonlar-kupasi-sampiyonu-fenerbahce\\\/\",\"name\":\"\u015eampiyonlar Kupas\u0131 \u015fampiyonu Fenerbah\u00e7e - Memurun Sesi\",\"isPartOf\":{\"@id\":\"https:\\\/\\\/memurunsesi.net\\\/#website\"},\"primaryImageOfPage\":{\"@id\":\"https:\\\/\\\/memurunsesi.net\\\/index.php\\\/2025\\\/10\\\/08\\\/sampiyonlar-kupasi-sampiyonu-fenerbahce\\\/#primaryimage\"},\"image\":{\"@id\":\"https:\\\/\\\/memurunsesi.net\\\/index.php\\\/2025\\\/10\\\/08\\\/sampiyonlar-kupasi-sampiyonu-fenerbahce\\\/#primaryimage\"},\"thumbnailUrl\":\"https:\\\/\\\/memurunsesi.net\\\/wp-content\\\/uploads\\\/2025\\\/10\\\/AW554878_01.jpg\",\"datePublished\":\"2025-10-08T20:24:38+00:00\",\"breadcrumb\":{\"@id\":\"https:\\\/\\\/memurunsesi.net\\\/index.php\\\/2025\\\/10\\\/08\\\/sampiyonlar-kupasi-sampiyonu-fenerbahce\\\/#breadcrumb\"},\"inLanguage\":\"tr\",\"potentialAction\":[{\"@type\":\"ReadAction\",\"target\":[\"https:\\\/\\\/memurunsesi.net\\\/index.php\\\/2025\\\/10\\\/08\\\/sampiyonlar-kupasi-sampiyonu-fenerbahce\\\/\"]}]},{\"@type\":\"ImageObject\",\"inLanguage\":\"tr\",\"@id\":\"https:\\\/\\\/memurunsesi.net\\\/index.php\\\/2025\\\/10\\\/08\\\/sampiyonlar-kupasi-sampiyonu-fenerbahce\\\/#primaryimage\",\"url\":\"https:\\\/\\\/memurunsesi.net\\\/wp-content\\\/uploads\\\/2025\\\/10\\\/AW554878_01.jpg\",\"contentUrl\":\"https:\\\/\\\/memurunsesi.net\\\/wp-content\\\/uploads\\\/2025\\\/10\\\/AW554878_01.jpg\",\"width\":2500,\"height\":1796,\"caption\":\"2025 KADINLAR AXA S\u0130GORTA \u015eAMP\u0130YONLAR KUPASI F\u0130NAL\u0130NDE FENERBAH\u00c7E MED\u0130CANA, 2-0 GER\u0130YE D\u00dc\u015eT\u00dc\u011e\u00dc MA\u00c7TA RAK\u0130B\u0130N\u0130 3-2 MA\u011eLUP EDEREK \u00dcST \u00dcSTE 2., TOPLAMDA DA 6. KEZ \u015eAMP\u0130YON OLDU. (\u0130HA\\\/\u0130STANBUL-\u0130HA) 2025 Kad\u0131nlar AXA Sigorta \u015eampiyonlar Kupas\u0131 finalinde Fenerbah\u00e7e Medicana, 2-0 geriye d\u00fc\u015ft\u00fc\u011f\u00fc ma\u00e7ta rakibini 3-2 ma\u011flup ederek \u00fcst \u00fcste 2., toplamda da 6. kez \u015fampiyon oldu.\"},{\"@type\":\"BreadcrumbList\",\"@id\":\"https:\\\/\\\/memurunsesi.net\\\/index.php\\\/2025\\\/10\\\/08\\\/sampiyonlar-kupasi-sampiyonu-fenerbahce\\\/#breadcrumb\",\"itemListElement\":[{\"@type\":\"ListItem\",\"position\":1,\"name\":\"Anasayfa\",\"item\":\"https:\\\/\\\/memurunsesi.net\\\/\"},{\"@type\":\"ListItem\",\"position\":2,\"name\":\"\u015eampiyonlar Kupas\u0131 \u015fampiyonu Fenerbah\u00e7e\"}]},{\"@type\":\"WebSite\",\"@id\":\"https:\\\/\\\/memurunsesi.net\\\/#website\",\"url\":\"https:\\\/\\\/memurunsesi.net\\\/\",\"name\":\"Memurun Sesi\",\"description\":\"G\u00fcncel ve Do\u011fru Haber\",\"publisher\":{\"@id\":\"https:\\\/\\\/memurunsesi.net\\\/#organization\"},\"potentialAction\":[{\"@type\":\"SearchAction\",\"target\":{\"@type\":\"EntryPoint\",\"urlTemplate\":\"https:\\\/\\\/memurunsesi.net\\\/?s={search_term_string}\"},\"query-input\":{\"@type\":\"PropertyValueSpecification\",\"valueRequired\":true,\"valueName\":\"search_term_string\"}}],\"inLanguage\":\"tr\"},{\"@type\":\"Organization\",\"@id\":\"https:\\\/\\\/memurunsesi.net\\\/#organization\",\"name\":\"Memurun Sesi\",\"url\":\"https:\\\/\\\/memurunsesi.net\\\/\",\"logo\":{\"@type\":\"ImageObject\",\"inLanguage\":\"tr\",\"@id\":\"https:\\\/\\\/memurunsesi.net\\\/#\\\/schema\\\/logo\\\/image\\\/\",\"url\":\"https:\\\/\\\/memurunsesi.net\\\/wp-content\\\/uploads\\\/2025\\\/11\\\/cropped-MEMURUN-SESI.png\",\"contentUrl\":\"https:\\\/\\\/memurunsesi.net\\\/wp-content\\\/uploads\\\/2025\\\/11\\\/cropped-MEMURUN-SESI.png\",\"width\":238,\"height\":57,\"caption\":\"Memurun Sesi\"},\"image\":{\"@id\":\"https:\\\/\\\/memurunsesi.net\\\/#\\\/schema\\\/logo\\\/image\\\/\"},\"sameAs\":[\"https:\\\/\\\/www.facebook.com\\\/unipersen\\\/?locale=tr_TR\",\"https:\\\/\\\/x.com\\\/unipersen\"]},{\"@type\":\"Person\",\"@id\":\"https:\\\/\\\/memurunsesi.net\\\/#\\\/schema\\\/person\\\/f21c2d73b89f6ee1d80b0a1803e38587\",\"name\":\"Memurun Sesi Haber Merkezi\",\"image\":{\"@type\":\"ImageObject\",\"inLanguage\":\"tr\",\"@id\":\"https:\\\/\\\/secure.gravatar.com\\\/avatar\\\/6cf0505f452ee753f485014986fab09a434671d2b919ee76fc541025c5876a70?s=96&d=mm&r=g\",\"url\":\"https:\\\/\\\/secure.gravatar.com\\\/avatar\\\/6cf0505f452ee753f485014986fab09a434671d2b919ee76fc541025c5876a70?s=96&d=mm&r=g\",\"contentUrl\":\"https:\\\/\\\/secure.gravatar.com\\\/avatar\\\/6cf0505f452ee753f485014986fab09a434671d2b919ee76fc541025c5876a70?s=96&d=mm&r=g\",\"caption\":\"Memurun Sesi Haber Merkezi\"},\"sameAs\":[\"https:\\\/\\\/memurunsesi.net\"],\"url\":\"https:\\\/\\\/memurunsesi.net\\\/index.php\\\/author\\\/uniper\\\/\"}]}<\/script>\n<!-- \/ Yoast SEO plugin. -->","yoast_head_json":{"title":"\u015eampiyonlar Kupas\u0131 \u015fampiyonu Fenerbah\u00e7e - Memurun Sesi","robots":{"index":"index","follow":"follow","max-snippet":"max-snippet:-1","max-image-preview":"max-image-preview:large","max-video-preview":"max-video-preview:-1"},"canonical":"https:\/\/memurunsesi.net\/index.php\/2025\/10\/08\/sampiyonlar-kupasi-sampiyonu-fenerbahce\/","og_locale":"tr_TR","og_type":"article","og_title":"\u015eampiyonlar Kupas\u0131 \u015fampiyonu Fenerbah\u00e7e - Memurun Sesi","og_description":"2025 Kad\u0131nlar AXA Sigorta \u015eampiyonlar Kupas\u0131 finalinde Fenerbah\u00e7e Medicana, 2-0 geriye d\u00fc\u015ft\u00fc\u011f\u00fc ma\u00e7ta V. Bank&#8217;\u0131 3-2 ma\u011flup ederek \u00fcst \u00fcste 2., toplamda da 6. kez \u015fampiyon oldu. Aylin Acar, Dangubic, Zehra G\u00fcne\u015f, Deniz Uyan\u0131k, Markova, Derya Cebecio\u011flu, Ogbogu, Boskovic, Cazaute, Nehir Kurtulan, Ay\u00e7a Ayka\u00e7, Cansu \u00d6zbay, Berka Buse \u00d6zden Fenerbah\u00e7e: Gizem \u00d6rge, Milenkovic, Helin Kay\u0131k\u00e7\u0131, [&hellip;]","og_url":"https:\/\/memurunsesi.net\/index.php\/2025\/10\/08\/sampiyonlar-kupasi-sampiyonu-fenerbahce\/","og_site_name":"Memurun Sesi","article_publisher":"https:\/\/www.facebook.com\/unipersen\/?locale=tr_TR","article_published_time":"2025-10-08T20:24:38+00:00","og_image":[{"width":2500,"height":1796,"url":"https:\/\/memurunsesi.net\/wp-content\/uploads\/2025\/10\/AW554878_01.jpg","type":"image\/jpeg"}],"author":"Memurun Sesi Haber Merkezi","twitter_card":"summary_large_image","twitter_creator":"@unipersen","twitter_site":"@unipersen","twitter_misc":{"Yazan:":"Memurun Sesi Haber Merkezi","Tahmini okuma s\u00fcresi":"1 dakika"},"schema":{"@context":"https:\/\/schema.org","@graph":[{"@type":"Article","@id":"https:\/\/memurunsesi.net\/index.php\/2025\/10\/08\/sampiyonlar-kupasi-sampiyonu-fenerbahce\/#article","isPartOf":{"@id":"https:\/\/memurunsesi.net\/index.php\/2025\/10\/08\/sampiyonlar-kupasi-sampiyonu-fenerbahce\/"},"author":{"name":"Memurun Sesi Haber Merkezi","@id":"https:\/\/memurunsesi.net\/#\/schema\/person\/f21c2d73b89f6ee1d80b0a1803e38587"},"headline":"\u015eampiyonlar Kupas\u0131 \u015fampiyonu Fenerbah\u00e7e","datePublished":"2025-10-08T20:24:38+00:00","mainEntityOfPage":{"@id":"https:\/\/memurunsesi.net\/index.php\/2025\/10\/08\/sampiyonlar-kupasi-sampiyonu-fenerbahce\/"},"wordCount":82,"commentCount":0,"publisher":{"@id":"https:\/\/memurunsesi.net\/#organization"},"image":{"@id":"https:\/\/memurunsesi.net\/index.php\/2025\/10\/08\/sampiyonlar-kupasi-sampiyonu-fenerbahce\/#primaryimage"},"thumbnailUrl":"https:\/\/memurunsesi.net\/wp-content\/uploads\/2025\/10\/AW554878_01.jpg","articleSection":["Spor"],"inLanguage":"tr","potentialAction":[{"@type":"CommentAction","name":"Comment","target":["https:\/\/memurunsesi.net\/index.php\/2025\/10\/08\/sampiyonlar-kupasi-sampiyonu-fenerbahce\/#respond"]}]},{"@type":"WebPage","@id":"https:\/\/memurunsesi.net\/index.php\/2025\/10\/08\/sampiyonlar-kupasi-sampiyonu-fenerbahce\/","url":"https:\/\/memurunsesi.net\/index.php\/2025\/10\/08\/sampiyonlar-kupasi-sampiyonu-fenerbahce\/","name":"\u015eampiyonlar Kupas\u0131 \u015fampiyonu Fenerbah\u00e7e - Memurun Sesi","isPartOf":{"@id":"https:\/\/memurunsesi.net\/#website"},"primaryImageOfPage":{"@id":"https:\/\/memurunsesi.net\/index.php\/2025\/10\/08\/sampiyonlar-kupasi-sampiyonu-fenerbahce\/#primaryimage"},"image":{"@id":"https:\/\/memurunsesi.net\/index.php\/2025\/10\/08\/sampiyonlar-kupasi-sampiyonu-fenerbahce\/#primaryimage"},"thumbnailUrl":"https:\/\/memurunsesi.net\/wp-content\/uploads\/2025\/10\/AW554878_01.jpg","datePublished":"2025-10-08T20:24:38+00:00","breadcrumb":{"@id":"https:\/\/memurunsesi.net\/index.php\/2025\/10\/08\/sampiyonlar-kupasi-sampiyonu-fenerbahce\/#breadcrumb"},"inLanguage":"tr","potentialAction":[{"@type":"ReadAction","target":["https:\/\/memurunsesi.net\/index.php\/2025\/10\/08\/sampiyonlar-kupasi-sampiyonu-fenerbahce\/"]}]},{"@type":"ImageObject","inLanguage":"tr","@id":"https:\/\/memurunsesi.net\/index.php\/2025\/10\/08\/sampiyonlar-kupasi-sampiyonu-fenerbahce\/#primaryimage","url":"https:\/\/memurunsesi.net\/wp-content\/uploads\/2025\/10\/AW554878_01.jpg","contentUrl":"https:\/\/memurunsesi.net\/wp-content\/uploads\/2025\/10\/AW554878_01.jpg","width":2500,"height":1796,"caption":"2025 KADINLAR AXA S\u0130GORTA \u015eAMP\u0130YONLAR KUPASI F\u0130NAL\u0130NDE FENERBAH\u00c7E MED\u0130CANA, 2-0 GER\u0130YE D\u00dc\u015eT\u00dc\u011e\u00dc MA\u00c7TA RAK\u0130B\u0130N\u0130 3-2 MA\u011eLUP EDEREK \u00dcST \u00dcSTE 2., TOPLAMDA DA 6. KEZ \u015eAMP\u0130YON OLDU. (\u0130HA\/\u0130STANBUL-\u0130HA) 2025 Kad\u0131nlar AXA Sigorta \u015eampiyonlar Kupas\u0131 finalinde Fenerbah\u00e7e Medicana, 2-0 geriye d\u00fc\u015ft\u00fc\u011f\u00fc ma\u00e7ta rakibini 3-2 ma\u011flup ederek \u00fcst \u00fcste 2., toplamda da 6. kez \u015fampiyon oldu."},{"@type":"BreadcrumbList","@id":"https:\/\/memurunsesi.net\/index.php\/2025\/10\/08\/sampiyonlar-kupasi-sampiyonu-fenerbahce\/#breadcrumb","itemListElement":[{"@type":"ListItem","position":1,"name":"Anasayfa","item":"https:\/\/memurunsesi.net\/"},{"@type":"ListItem","position":2,"name":"\u015eampiyonlar Kupas\u0131 \u015fampiyonu Fenerbah\u00e7e"}]},{"@type":"WebSite","@id":"https:\/\/memurunsesi.net\/#website","url":"https:\/\/memurunsesi.net\/","name":"Memurun Sesi","description":"G\u00fcncel ve Do\u011fru Haber","publisher":{"@id":"https:\/\/memurunsesi.net\/#organization"},"potentialAction":[{"@type":"SearchAction","target":{"@type":"EntryPoint","urlTemplate":"https:\/\/memurunsesi.net\/?s={search_term_string}"},"query-input":{"@type":"PropertyValueSpecification","valueRequired":true,"valueName":"search_term_string"}}],"inLanguage":"tr"},{"@type":"Organization","@id":"https:\/\/memurunsesi.net\/#organization","name":"Memurun Sesi","url":"https:\/\/memurunsesi.net\/","logo":{"@type":"ImageObject","inLanguage":"tr","@id":"https:\/\/memurunsesi.net\/#\/schema\/logo\/image\/","url":"https:\/\/memurunsesi.net\/wp-content\/uploads\/2025\/11\/cropped-MEMURUN-SESI.png","contentUrl":"https:\/\/memurunsesi.net\/wp-content\/uploads\/2025\/11\/cropped-MEMURUN-SESI.png","width":238,"height":57,"caption":"Memurun Sesi"},"image":{"@id":"https:\/\/memurunsesi.net\/#\/schema\/logo\/image\/"},"sameAs":["https:\/\/www.facebook.com\/unipersen\/?locale=tr_TR","https:\/\/x.com\/unipersen"]},{"@type":"Person","@id":"https:\/\/memurunsesi.net\/#\/schema\/person\/f21c2d73b89f6ee1d80b0a1803e38587","name":"Memurun Sesi Haber Merkezi","image":{"@type":"ImageObject","inLanguage":"tr","@id":"https:\/\/secure.gravatar.com\/avatar\/6cf0505f452ee753f485014986fab09a434671d2b919ee76fc541025c5876a70?s=96&d=mm&r=g","url":"https:\/\/secure.gravatar.com\/avatar\/6cf0505f452ee753f485014986fab09a434671d2b919ee76fc541025c5876a70?s=96&d=mm&r=g","contentUrl":"https:\/\/secure.gravatar.com\/avatar\/6cf0505f452ee753f485014986fab09a434671d2b919ee76fc541025c5876a70?s=96&d=mm&r=g","caption":"Memurun Sesi Haber Merkezi"},"sameAs":["https:\/\/memurunsesi.net"],"url":"https:\/\/memurunsesi.net\/index.php\/author\/uniper\/"}]}},"_links":{"self":[{"href":"https:\/\/memurunsesi.net\/index.php\/wp-json\/wp\/v2\/posts\/12710","targetHints":{"allow":["GET"]}}],"collection":[{"href":"https:\/\/memurunsesi.net\/index.php\/wp-json\/wp\/v2\/posts"}],"about":[{"href":"https:\/\/memurunsesi.net\/index.php\/wp-json\/wp\/v2\/types\/post"}],"author":[{"embeddable":true,"href":"https:\/\/memurunsesi.net\/index.php\/wp-json\/wp\/v2\/users\/1"}],"replies":[{"embeddable":true,"href":"https:\/\/memurunsesi.net\/index.php\/wp-json\/wp\/v2\/comments?post=12710"}],"version-history":[{"count":1,"href":"https:\/\/memurunsesi.net\/index.php\/wp-json\/wp\/v2\/posts\/12710\/revisions"}],"predecessor-version":[{"id":12712,"href":"https:\/\/memurunsesi.net\/index.php\/wp-json\/wp\/v2\/posts\/12710\/revisions\/12712"}],"wp:featuredmedia":[{"embeddable":true,"href":"https:\/\/memurunsesi.net\/index.php\/wp-json\/wp\/v2\/media\/12711"}],"wp:attachment":[{"href":"https:\/\/memurunsesi.net\/index.php\/wp-json\/wp\/v2\/media?parent=12710"}],"wp:term":[{"taxonomy":"category","embeddable":true,"href":"https:\/\/memurunsesi.net\/index.php\/wp-json\/wp\/v2\/categories?post=12710"},{"taxonomy":"post_tag","embeddable":true,"href":"https:\/\/memurunsesi.net\/index.php\/wp-json\/wp\/v2\/tags?post=12710"}],"curies":[{"name":"wp","href":"https:\/\/api.w.org\/{rel}","templated":true}]}}