{"id":12713,"date":"2025-10-08T23:27:35","date_gmt":"2025-10-08T20:27:35","guid":{"rendered":"https:\/\/memurunsesi.net\/?p=12713"},"modified":"2025-10-08T23:27:35","modified_gmt":"2025-10-08T20:27:35","slug":"kucagindaki-bebegine-ragmen-eski-esini-defalarca-bicaklayan-zanli-yakalandi","status":"publish","type":"post","link":"https:\/\/memurunsesi.net\/index.php\/2025\/10\/08\/kucagindaki-bebegine-ragmen-eski-esini-defalarca-bicaklayan-zanli-yakalandi\/","title":{"rendered":"Kuca\u011f\u0131ndaki bebe\u011fine ra\u011fmen eski e\u015fini defalarca b\u0131\u00e7aklayan zanl\u0131 yakaland\u0131"},"content":{"rendered":"<p>  &#8211; Ormanl\u0131k alanda saklanan zanl\u0131, Manisa polisinden ka\u00e7amad\u0131 <\/p>\n<p>   Manisa\u2019n\u0131n Turgutlu il\u00e7esinde, akaryak\u0131t istasyonunda eski e\u015fini kuca\u011f\u0131ndaki bebe\u011fe ald\u0131rmadan b\u0131\u00e7aklayarak a\u011f\u0131r yaralayan zanl\u0131, Manisa polisinin titiz \u00e7al\u0131\u015fmas\u0131yla \u0130zmir\u2019in Kemalpa\u015fa il\u00e7esinde yakaland\u0131.<br \/>\n  Olay, 5 Ekim&#8217;de saat 14.35 s\u0131ralar\u0131nda Turgutlu il\u00e7esi E-96 Devlet Karayolu \u00fczerindeki bir akaryak\u0131t istasyonunda meydana geldi. Edinilen bilgiye g\u00f6re, kamyon \u015fof\u00f6r\u00fc oldu\u011fu \u00f6\u011frenilen H\u00fcseyin \u00d6. (45) benzin istasyonunda eski e\u015fi Fatma K. (33) ve yan\u0131ndaki Mehmet Ceyhun T. ile (44) kar\u015f\u0131la\u015ft\u0131. Taraflar aras\u0131nda \u00e7\u0131kan tart\u0131\u015fman\u0131n ard\u0131ndan H\u00fcseyin \u00d6., \u00f6nce Mehmet Ceyhun T.\u2019yi b\u0131\u00e7aklad\u0131. Ard\u0131ndan kuca\u011f\u0131nda bebe\u011fiyle markete ka\u00e7maya \u00e7al\u0131\u015fan eski e\u015fi Fatma K.&#8217;yi, kuca\u011f\u0131ndaki bebe\u011fe ald\u0131rmadan defalarca b\u0131\u00e7aklad\u0131. Deh\u015fet an\u0131 akaryak\u0131t istasyonunun g\u00fcvenlik kameras\u0131na da saniye saniye yans\u0131d\u0131.<br \/>\n  Sald\u0131r\u0131 sonucu Fatma K. ve Mehmet Ceyhun T. yaraland\u0131. Yaral\u0131lar, sa\u011fl\u0131k ekiplerince Turgutlu Devlet Hastanesi\u2019ne kald\u0131r\u0131ld\u0131. Manisa Celal Bayar \u00dcniversitesi Hastanesi\u2019ne sevk edilen Fatma K.&#8217;nin hayati tehlikesinin s\u00fcrd\u00fc\u011f\u00fc \u00f6\u011frenildi.  <\/p>\n<p>  Zanl\u0131 ormanl\u0131k alanda su\u00e7 aletiyle yakaland\u0131<br \/>\n  Olay\u0131n ard\u0131ndan ka\u00e7an H\u00fcseyin \u00d6.&#8217;n\u00fcn kulland\u0131\u011f\u0131 kamyon, \u0130zmir\u2019in Kemalpa\u015fa il\u00e7esindeki bir fabrikan\u0131n i\u00e7inde terk edilmi\u015f halde bulundu. Manisa \u0130l Emniyet M\u00fcd\u00fcrl\u00fc\u011f\u00fc Asayi\u015f \u015eube M\u00fcd\u00fcrl\u00fc\u011f\u00fc Cinayet B\u00fcro, \u0130stihbarat \u015eube M\u00fcd\u00fcrl\u00fc\u011f\u00fc ve Turgutlu \u0130l\u00e7e Emniyet M\u00fcd\u00fcrl\u00fc\u011f\u00fc ekiplerinin ortak \u00e7al\u0131\u015fmas\u0131 sonucu, H\u00fcseyin \u00d6.&#8217;n\u00fcn Kemalpa\u015fa Nazark\u00f6y Mahallesi\u2019nde ormanl\u0131k alanda sakland\u0131\u011f\u0131 tespit edildi. Ekiplerin titiz \u00e7al\u0131\u015fmas\u0131 sonucu H\u00fcseyin \u00d6., olayda kulland\u0131\u011f\u0131 b\u0131\u00e7akla birlikte yakalanarak g\u00f6zalt\u0131na al\u0131nd\u0131. Emniyetteki i\u015flemlerinin ard\u0131ndan sa\u011fl\u0131k kontrol\u00fcnden ge\u00e7irilen zanl\u0131 adli makamlara sevk edildi.<br \/>\n  \u00d6te yandan Manisa Valisi Vahdettin \u00d6zkan\u2019\u0131n da olay\u0131n ard\u0131ndan ba\u015flat\u0131lan soru\u015fturma ve yakalama s\u00fcrecini yak\u0131ndan takip etti\u011fi, s\u00fcrecin titizlikle y\u00fcr\u00fct\u00fclmesi i\u00e7in emniyet birimleriyle s\u00fcrekli koordinasyon halinde oldu\u011fu \u00f6\u011frenildi. <\/p>\n<p>8.10.2025                                 <\/p>\n","protected":false},"excerpt":{"rendered":"<p>&#8211; Ormanl\u0131k alanda saklanan zanl\u0131, Manisa polisinden ka\u00e7amad\u0131 Manisa\u2019n\u0131n Turgutlu il\u00e7esinde, akaryak\u0131t istasyonunda eski e\u015fini kuca\u011f\u0131ndaki bebe\u011fe ald\u0131rmadan b\u0131\u00e7aklayarak a\u011f\u0131r yaralayan zanl\u0131, Manisa polisinin titiz \u00e7al\u0131\u015fmas\u0131yla \u0130zmir\u2019in Kemalpa\u015fa il\u00e7esinde yakaland\u0131. Olay, 5 Ekim&#8217;de saat 14.35 s\u0131ralar\u0131nda Turgutlu il\u00e7esi E-96 Devlet Karayolu \u00fczerindeki bir akaryak\u0131t istasyonunda meydana geldi. Edinilen bilgiye g\u00f6re, kamyon \u015fof\u00f6r\u00fc oldu\u011fu \u00f6\u011frenilen H\u00fcseyin [&hellip;]<\/p>\n","protected":false},"author":1,"featured_media":12714,"comment_status":"open","ping_status":"open","sticky":false,"template":"","format":"standard","meta":{"footnotes":""},"categories":[1],"tags":[],"class_list":["post-12713","post","type-post","status-publish","format-standard","has-post-thumbnail","hentry","category-genel"],"yoast_head":"<!-- This site is optimized with the Yoast SEO plugin v27.4 - https:\/\/yoast.com\/product\/yoast-seo-wordpress\/ -->\n<title>Kuca\u011f\u0131ndaki bebe\u011fine ra\u011fmen eski e\u015fini defalarca b\u0131\u00e7aklayan zanl\u0131 yakaland\u0131 - Memurun Sesi<\/title>\n<meta name=\"robots\" content=\"index, follow, max-snippet:-1, max-image-preview:large, max-video-preview:-1\" \/>\n<link rel=\"canonical\" href=\"https:\/\/memurunsesi.net\/index.php\/2025\/10\/08\/kucagindaki-bebegine-ragmen-eski-esini-defalarca-bicaklayan-zanli-yakalandi\/\" \/>\n<meta property=\"og:locale\" content=\"tr_TR\" \/>\n<meta property=\"og:type\" content=\"article\" \/>\n<meta property=\"og:title\" content=\"Kuca\u011f\u0131ndaki bebe\u011fine ra\u011fmen eski e\u015fini defalarca b\u0131\u00e7aklayan zanl\u0131 yakaland\u0131 - Memurun Sesi\" \/>\n<meta property=\"og:description\" content=\"&#8211; Ormanl\u0131k alanda saklanan zanl\u0131, Manisa polisinden ka\u00e7amad\u0131 Manisa\u2019n\u0131n Turgutlu il\u00e7esinde, akaryak\u0131t istasyonunda eski e\u015fini kuca\u011f\u0131ndaki bebe\u011fe ald\u0131rmadan b\u0131\u00e7aklayarak a\u011f\u0131r yaralayan zanl\u0131, Manisa polisinin titiz \u00e7al\u0131\u015fmas\u0131yla \u0130zmir\u2019in Kemalpa\u015fa il\u00e7esinde yakaland\u0131. Olay, 5 Ekim&#8217;de saat 14.35 s\u0131ralar\u0131nda Turgutlu il\u00e7esi E-96 Devlet Karayolu \u00fczerindeki bir akaryak\u0131t istasyonunda meydana geldi. Edinilen bilgiye g\u00f6re, kamyon \u015fof\u00f6r\u00fc oldu\u011fu \u00f6\u011frenilen H\u00fcseyin [&hellip;]\" \/>\n<meta property=\"og:url\" content=\"https:\/\/memurunsesi.net\/index.php\/2025\/10\/08\/kucagindaki-bebegine-ragmen-eski-esini-defalarca-bicaklayan-zanli-yakalandi\/\" \/>\n<meta property=\"og:site_name\" content=\"Memurun Sesi\" \/>\n<meta property=\"article:publisher\" content=\"https:\/\/www.facebook.com\/unipersen\/?locale=tr_TR\" \/>\n<meta property=\"article:published_time\" content=\"2025-10-08T20:27:35+00:00\" \/>\n<meta property=\"og:image\" content=\"https:\/\/memurunsesi.net\/wp-content\/uploads\/2025\/10\/AW554880_01.jpg\" \/>\n\t<meta property=\"og:image:width\" content=\"1600\" \/>\n\t<meta property=\"og:image:height\" content=\"900\" \/>\n\t<meta property=\"og:image:type\" content=\"image\/jpeg\" \/>\n<meta name=\"author\" content=\"Memurun Sesi Haber Merkezi\" \/>\n<meta name=\"twitter:card\" content=\"summary_large_image\" \/>\n<meta name=\"twitter:creator\" content=\"@unipersen\" \/>\n<meta name=\"twitter:site\" content=\"@unipersen\" \/>\n<meta name=\"twitter:label1\" content=\"Yazan:\" \/>\n\t<meta name=\"twitter:data1\" content=\"Memurun Sesi Haber Merkezi\" \/>\n\t<meta name=\"twitter:label2\" content=\"Tahmini okuma s\u00fcresi\" \/>\n\t<meta name=\"twitter:data2\" content=\"1 dakika\" \/>\n<script type=\"application\/ld+json\" class=\"yoast-schema-graph\">{\"@context\":\"https:\\\/\\\/schema.org\",\"@graph\":[{\"@type\":\"Article\",\"@id\":\"https:\\\/\\\/memurunsesi.net\\\/index.php\\\/2025\\\/10\\\/08\\\/kucagindaki-bebegine-ragmen-eski-esini-defalarca-bicaklayan-zanli-yakalandi\\\/#article\",\"isPartOf\":{\"@id\":\"https:\\\/\\\/memurunsesi.net\\\/index.php\\\/2025\\\/10\\\/08\\\/kucagindaki-bebegine-ragmen-eski-esini-defalarca-bicaklayan-zanli-yakalandi\\\/\"},\"author\":{\"name\":\"Memurun Sesi Haber Merkezi\",\"@id\":\"https:\\\/\\\/memurunsesi.net\\\/#\\\/schema\\\/person\\\/f21c2d73b89f6ee1d80b0a1803e38587\"},\"headline\":\"Kuca\u011f\u0131ndaki bebe\u011fine ra\u011fmen eski e\u015fini defalarca b\u0131\u00e7aklayan zanl\u0131 yakaland\u0131\",\"datePublished\":\"2025-10-08T20:27:35+00:00\",\"mainEntityOfPage\":{\"@id\":\"https:\\\/\\\/memurunsesi.net\\\/index.php\\\/2025\\\/10\\\/08\\\/kucagindaki-bebegine-ragmen-eski-esini-defalarca-bicaklayan-zanli-yakalandi\\\/\"},\"wordCount\":369,\"commentCount\":0,\"publisher\":{\"@id\":\"https:\\\/\\\/memurunsesi.net\\\/#organization\"},\"image\":{\"@id\":\"https:\\\/\\\/memurunsesi.net\\\/index.php\\\/2025\\\/10\\\/08\\\/kucagindaki-bebegine-ragmen-eski-esini-defalarca-bicaklayan-zanli-yakalandi\\\/#primaryimage\"},\"thumbnailUrl\":\"https:\\\/\\\/memurunsesi.net\\\/wp-content\\\/uploads\\\/2025\\\/10\\\/AW554880_01.jpg\",\"inLanguage\":\"tr\",\"potentialAction\":[{\"@type\":\"CommentAction\",\"name\":\"Comment\",\"target\":[\"https:\\\/\\\/memurunsesi.net\\\/index.php\\\/2025\\\/10\\\/08\\\/kucagindaki-bebegine-ragmen-eski-esini-defalarca-bicaklayan-zanli-yakalandi\\\/#respond\"]}]},{\"@type\":\"WebPage\",\"@id\":\"https:\\\/\\\/memurunsesi.net\\\/index.php\\\/2025\\\/10\\\/08\\\/kucagindaki-bebegine-ragmen-eski-esini-defalarca-bicaklayan-zanli-yakalandi\\\/\",\"url\":\"https:\\\/\\\/memurunsesi.net\\\/index.php\\\/2025\\\/10\\\/08\\\/kucagindaki-bebegine-ragmen-eski-esini-defalarca-bicaklayan-zanli-yakalandi\\\/\",\"name\":\"Kuca\u011f\u0131ndaki bebe\u011fine ra\u011fmen eski e\u015fini defalarca b\u0131\u00e7aklayan zanl\u0131 yakaland\u0131 - Memurun Sesi\",\"isPartOf\":{\"@id\":\"https:\\\/\\\/memurunsesi.net\\\/#website\"},\"primaryImageOfPage\":{\"@id\":\"https:\\\/\\\/memurunsesi.net\\\/index.php\\\/2025\\\/10\\\/08\\\/kucagindaki-bebegine-ragmen-eski-esini-defalarca-bicaklayan-zanli-yakalandi\\\/#primaryimage\"},\"image\":{\"@id\":\"https:\\\/\\\/memurunsesi.net\\\/index.php\\\/2025\\\/10\\\/08\\\/kucagindaki-bebegine-ragmen-eski-esini-defalarca-bicaklayan-zanli-yakalandi\\\/#primaryimage\"},\"thumbnailUrl\":\"https:\\\/\\\/memurunsesi.net\\\/wp-content\\\/uploads\\\/2025\\\/10\\\/AW554880_01.jpg\",\"datePublished\":\"2025-10-08T20:27:35+00:00\",\"breadcrumb\":{\"@id\":\"https:\\\/\\\/memurunsesi.net\\\/index.php\\\/2025\\\/10\\\/08\\\/kucagindaki-bebegine-ragmen-eski-esini-defalarca-bicaklayan-zanli-yakalandi\\\/#breadcrumb\"},\"inLanguage\":\"tr\",\"potentialAction\":[{\"@type\":\"ReadAction\",\"target\":[\"https:\\\/\\\/memurunsesi.net\\\/index.php\\\/2025\\\/10\\\/08\\\/kucagindaki-bebegine-ragmen-eski-esini-defalarca-bicaklayan-zanli-yakalandi\\\/\"]}]},{\"@type\":\"ImageObject\",\"inLanguage\":\"tr\",\"@id\":\"https:\\\/\\\/memurunsesi.net\\\/index.php\\\/2025\\\/10\\\/08\\\/kucagindaki-bebegine-ragmen-eski-esini-defalarca-bicaklayan-zanli-yakalandi\\\/#primaryimage\",\"url\":\"https:\\\/\\\/memurunsesi.net\\\/wp-content\\\/uploads\\\/2025\\\/10\\\/AW554880_01.jpg\",\"contentUrl\":\"https:\\\/\\\/memurunsesi.net\\\/wp-content\\\/uploads\\\/2025\\\/10\\\/AW554880_01.jpg\",\"width\":1600,\"height\":900,\"caption\":\"MAN\u0130SA'NIN TURGUTLU \u0130L\u00c7ES\u0130NDE, GE\u00c7T\u0130\u011e\u0130M\u0130Z G\u00dcNLERDE AKARYAKIT \u0130STASYONUNDA ESK\u0130 E\u015e\u0130N\u0130 KUCA\u011eINDAK\u0130 BEBE\u011eE ALDIRMADAN BI\u00c7AKLAYARAK A\u011eIR YARALAYAN ZANLI, MAN\u0130SA EMN\u0130YET\u0130N\u0130N T\u0130T\u0130Z \u00c7ALI\u015eMASIYLA \u0130ZM\u0130R'\u0130N KEMALPA\u015eA \u0130L\u00c7ES\u0130NDE OLAYDA KULLANDI\u011eI BI\u00c7AKLA B\u0130RL\u0130KTE YAKALANDI. (\u00d6NDER AYDIN - SERKAN TATLI\\\/MAN\u0130SA-\u0130HA) Manisa'n\u0131n Turgutlu il\u00e7esinde, akaryak\u0131t istasyonunda eski e\u015fini kuca\u011f\u0131ndaki bebe\u011fe ald\u0131rmadan b\u0131\u00e7aklayarak a\u011f\u0131r yaralayan zanl\u0131, Manisa polisinin titiz \u00e7al\u0131\u015fmas\u0131yla \u0130zmir'in Kemalpa\u015fa il\u00e7esinde yakaland\u0131.\"},{\"@type\":\"BreadcrumbList\",\"@id\":\"https:\\\/\\\/memurunsesi.net\\\/index.php\\\/2025\\\/10\\\/08\\\/kucagindaki-bebegine-ragmen-eski-esini-defalarca-bicaklayan-zanli-yakalandi\\\/#breadcrumb\",\"itemListElement\":[{\"@type\":\"ListItem\",\"position\":1,\"name\":\"Anasayfa\",\"item\":\"https:\\\/\\\/memurunsesi.net\\\/\"},{\"@type\":\"ListItem\",\"position\":2,\"name\":\"Kuca\u011f\u0131ndaki bebe\u011fine ra\u011fmen eski e\u015fini defalarca b\u0131\u00e7aklayan zanl\u0131 yakaland\u0131\"}]},{\"@type\":\"WebSite\",\"@id\":\"https:\\\/\\\/memurunsesi.net\\\/#website\",\"url\":\"https:\\\/\\\/memurunsesi.net\\\/\",\"name\":\"Memurun Sesi\",\"description\":\"G\u00fcncel ve Do\u011fru Haber\",\"publisher\":{\"@id\":\"https:\\\/\\\/memurunsesi.net\\\/#organization\"},\"potentialAction\":[{\"@type\":\"SearchAction\",\"target\":{\"@type\":\"EntryPoint\",\"urlTemplate\":\"https:\\\/\\\/memurunsesi.net\\\/?s={search_term_string}\"},\"query-input\":{\"@type\":\"PropertyValueSpecification\",\"valueRequired\":true,\"valueName\":\"search_term_string\"}}],\"inLanguage\":\"tr\"},{\"@type\":\"Organization\",\"@id\":\"https:\\\/\\\/memurunsesi.net\\\/#organization\",\"name\":\"Memurun Sesi\",\"url\":\"https:\\\/\\\/memurunsesi.net\\\/\",\"logo\":{\"@type\":\"ImageObject\",\"inLanguage\":\"tr\",\"@id\":\"https:\\\/\\\/memurunsesi.net\\\/#\\\/schema\\\/logo\\\/image\\\/\",\"url\":\"https:\\\/\\\/memurunsesi.net\\\/wp-content\\\/uploads\\\/2025\\\/11\\\/cropped-MEMURUN-SESI.png\",\"contentUrl\":\"https:\\\/\\\/memurunsesi.net\\\/wp-content\\\/uploads\\\/2025\\\/11\\\/cropped-MEMURUN-SESI.png\",\"width\":238,\"height\":57,\"caption\":\"Memurun Sesi\"},\"image\":{\"@id\":\"https:\\\/\\\/memurunsesi.net\\\/#\\\/schema\\\/logo\\\/image\\\/\"},\"sameAs\":[\"https:\\\/\\\/www.facebook.com\\\/unipersen\\\/?locale=tr_TR\",\"https:\\\/\\\/x.com\\\/unipersen\"]},{\"@type\":\"Person\",\"@id\":\"https:\\\/\\\/memurunsesi.net\\\/#\\\/schema\\\/person\\\/f21c2d73b89f6ee1d80b0a1803e38587\",\"name\":\"Memurun Sesi Haber Merkezi\",\"image\":{\"@type\":\"ImageObject\",\"inLanguage\":\"tr\",\"@id\":\"https:\\\/\\\/secure.gravatar.com\\\/avatar\\\/6cf0505f452ee753f485014986fab09a434671d2b919ee76fc541025c5876a70?s=96&d=mm&r=g\",\"url\":\"https:\\\/\\\/secure.gravatar.com\\\/avatar\\\/6cf0505f452ee753f485014986fab09a434671d2b919ee76fc541025c5876a70?s=96&d=mm&r=g\",\"contentUrl\":\"https:\\\/\\\/secure.gravatar.com\\\/avatar\\\/6cf0505f452ee753f485014986fab09a434671d2b919ee76fc541025c5876a70?s=96&d=mm&r=g\",\"caption\":\"Memurun Sesi Haber Merkezi\"},\"sameAs\":[\"https:\\\/\\\/memurunsesi.net\"],\"url\":\"https:\\\/\\\/memurunsesi.net\\\/index.php\\\/author\\\/uniper\\\/\"}]}<\/script>\n<!-- \/ Yoast SEO plugin. -->","yoast_head_json":{"title":"Kuca\u011f\u0131ndaki bebe\u011fine ra\u011fmen eski e\u015fini defalarca b\u0131\u00e7aklayan zanl\u0131 yakaland\u0131 - Memurun Sesi","robots":{"index":"index","follow":"follow","max-snippet":"max-snippet:-1","max-image-preview":"max-image-preview:large","max-video-preview":"max-video-preview:-1"},"canonical":"https:\/\/memurunsesi.net\/index.php\/2025\/10\/08\/kucagindaki-bebegine-ragmen-eski-esini-defalarca-bicaklayan-zanli-yakalandi\/","og_locale":"tr_TR","og_type":"article","og_title":"Kuca\u011f\u0131ndaki bebe\u011fine ra\u011fmen eski e\u015fini defalarca b\u0131\u00e7aklayan zanl\u0131 yakaland\u0131 - Memurun Sesi","og_description":"&#8211; Ormanl\u0131k alanda saklanan zanl\u0131, Manisa polisinden ka\u00e7amad\u0131 Manisa\u2019n\u0131n Turgutlu il\u00e7esinde, akaryak\u0131t istasyonunda eski e\u015fini kuca\u011f\u0131ndaki bebe\u011fe ald\u0131rmadan b\u0131\u00e7aklayarak a\u011f\u0131r yaralayan zanl\u0131, Manisa polisinin titiz \u00e7al\u0131\u015fmas\u0131yla \u0130zmir\u2019in Kemalpa\u015fa il\u00e7esinde yakaland\u0131. Olay, 5 Ekim&#8217;de saat 14.35 s\u0131ralar\u0131nda Turgutlu il\u00e7esi E-96 Devlet Karayolu \u00fczerindeki bir akaryak\u0131t istasyonunda meydana geldi. Edinilen bilgiye g\u00f6re, kamyon \u015fof\u00f6r\u00fc oldu\u011fu \u00f6\u011frenilen H\u00fcseyin [&hellip;]","og_url":"https:\/\/memurunsesi.net\/index.php\/2025\/10\/08\/kucagindaki-bebegine-ragmen-eski-esini-defalarca-bicaklayan-zanli-yakalandi\/","og_site_name":"Memurun Sesi","article_publisher":"https:\/\/www.facebook.com\/unipersen\/?locale=tr_TR","article_published_time":"2025-10-08T20:27:35+00:00","og_image":[{"width":1600,"height":900,"url":"https:\/\/memurunsesi.net\/wp-content\/uploads\/2025\/10\/AW554880_01.jpg","type":"image\/jpeg"}],"author":"Memurun Sesi Haber Merkezi","twitter_card":"summary_large_image","twitter_creator":"@unipersen","twitter_site":"@unipersen","twitter_misc":{"Yazan:":"Memurun Sesi Haber Merkezi","Tahmini okuma s\u00fcresi":"1 dakika"},"schema":{"@context":"https:\/\/schema.org","@graph":[{"@type":"Article","@id":"https:\/\/memurunsesi.net\/index.php\/2025\/10\/08\/kucagindaki-bebegine-ragmen-eski-esini-defalarca-bicaklayan-zanli-yakalandi\/#article","isPartOf":{"@id":"https:\/\/memurunsesi.net\/index.php\/2025\/10\/08\/kucagindaki-bebegine-ragmen-eski-esini-defalarca-bicaklayan-zanli-yakalandi\/"},"author":{"name":"Memurun Sesi Haber Merkezi","@id":"https:\/\/memurunsesi.net\/#\/schema\/person\/f21c2d73b89f6ee1d80b0a1803e38587"},"headline":"Kuca\u011f\u0131ndaki bebe\u011fine ra\u011fmen eski e\u015fini defalarca b\u0131\u00e7aklayan zanl\u0131 yakaland\u0131","datePublished":"2025-10-08T20:27:35+00:00","mainEntityOfPage":{"@id":"https:\/\/memurunsesi.net\/index.php\/2025\/10\/08\/kucagindaki-bebegine-ragmen-eski-esini-defalarca-bicaklayan-zanli-yakalandi\/"},"wordCount":369,"commentCount":0,"publisher":{"@id":"https:\/\/memurunsesi.net\/#organization"},"image":{"@id":"https:\/\/memurunsesi.net\/index.php\/2025\/10\/08\/kucagindaki-bebegine-ragmen-eski-esini-defalarca-bicaklayan-zanli-yakalandi\/#primaryimage"},"thumbnailUrl":"https:\/\/memurunsesi.net\/wp-content\/uploads\/2025\/10\/AW554880_01.jpg","inLanguage":"tr","potentialAction":[{"@type":"CommentAction","name":"Comment","target":["https:\/\/memurunsesi.net\/index.php\/2025\/10\/08\/kucagindaki-bebegine-ragmen-eski-esini-defalarca-bicaklayan-zanli-yakalandi\/#respond"]}]},{"@type":"WebPage","@id":"https:\/\/memurunsesi.net\/index.php\/2025\/10\/08\/kucagindaki-bebegine-ragmen-eski-esini-defalarca-bicaklayan-zanli-yakalandi\/","url":"https:\/\/memurunsesi.net\/index.php\/2025\/10\/08\/kucagindaki-bebegine-ragmen-eski-esini-defalarca-bicaklayan-zanli-yakalandi\/","name":"Kuca\u011f\u0131ndaki bebe\u011fine ra\u011fmen eski e\u015fini defalarca b\u0131\u00e7aklayan zanl\u0131 yakaland\u0131 - Memurun Sesi","isPartOf":{"@id":"https:\/\/memurunsesi.net\/#website"},"primaryImageOfPage":{"@id":"https:\/\/memurunsesi.net\/index.php\/2025\/10\/08\/kucagindaki-bebegine-ragmen-eski-esini-defalarca-bicaklayan-zanli-yakalandi\/#primaryimage"},"image":{"@id":"https:\/\/memurunsesi.net\/index.php\/2025\/10\/08\/kucagindaki-bebegine-ragmen-eski-esini-defalarca-bicaklayan-zanli-yakalandi\/#primaryimage"},"thumbnailUrl":"https:\/\/memurunsesi.net\/wp-content\/uploads\/2025\/10\/AW554880_01.jpg","datePublished":"2025-10-08T20:27:35+00:00","breadcrumb":{"@id":"https:\/\/memurunsesi.net\/index.php\/2025\/10\/08\/kucagindaki-bebegine-ragmen-eski-esini-defalarca-bicaklayan-zanli-yakalandi\/#breadcrumb"},"inLanguage":"tr","potentialAction":[{"@type":"ReadAction","target":["https:\/\/memurunsesi.net\/index.php\/2025\/10\/08\/kucagindaki-bebegine-ragmen-eski-esini-defalarca-bicaklayan-zanli-yakalandi\/"]}]},{"@type":"ImageObject","inLanguage":"tr","@id":"https:\/\/memurunsesi.net\/index.php\/2025\/10\/08\/kucagindaki-bebegine-ragmen-eski-esini-defalarca-bicaklayan-zanli-yakalandi\/#primaryimage","url":"https:\/\/memurunsesi.net\/wp-content\/uploads\/2025\/10\/AW554880_01.jpg","contentUrl":"https:\/\/memurunsesi.net\/wp-content\/uploads\/2025\/10\/AW554880_01.jpg","width":1600,"height":900,"caption":"MAN\u0130SA'NIN TURGUTLU \u0130L\u00c7ES\u0130NDE, GE\u00c7T\u0130\u011e\u0130M\u0130Z G\u00dcNLERDE AKARYAKIT \u0130STASYONUNDA ESK\u0130 E\u015e\u0130N\u0130 KUCA\u011eINDAK\u0130 BEBE\u011eE ALDIRMADAN BI\u00c7AKLAYARAK A\u011eIR YARALAYAN ZANLI, MAN\u0130SA EMN\u0130YET\u0130N\u0130N T\u0130T\u0130Z \u00c7ALI\u015eMASIYLA \u0130ZM\u0130R'\u0130N KEMALPA\u015eA \u0130L\u00c7ES\u0130NDE OLAYDA KULLANDI\u011eI BI\u00c7AKLA B\u0130RL\u0130KTE YAKALANDI. (\u00d6NDER AYDIN - SERKAN TATLI\/MAN\u0130SA-\u0130HA) Manisa'n\u0131n Turgutlu il\u00e7esinde, akaryak\u0131t istasyonunda eski e\u015fini kuca\u011f\u0131ndaki bebe\u011fe ald\u0131rmadan b\u0131\u00e7aklayarak a\u011f\u0131r yaralayan zanl\u0131, Manisa polisinin titiz \u00e7al\u0131\u015fmas\u0131yla \u0130zmir'in Kemalpa\u015fa il\u00e7esinde yakaland\u0131."},{"@type":"BreadcrumbList","@id":"https:\/\/memurunsesi.net\/index.php\/2025\/10\/08\/kucagindaki-bebegine-ragmen-eski-esini-defalarca-bicaklayan-zanli-yakalandi\/#breadcrumb","itemListElement":[{"@type":"ListItem","position":1,"name":"Anasayfa","item":"https:\/\/memurunsesi.net\/"},{"@type":"ListItem","position":2,"name":"Kuca\u011f\u0131ndaki bebe\u011fine ra\u011fmen eski e\u015fini defalarca b\u0131\u00e7aklayan zanl\u0131 yakaland\u0131"}]},{"@type":"WebSite","@id":"https:\/\/memurunsesi.net\/#website","url":"https:\/\/memurunsesi.net\/","name":"Memurun Sesi","description":"G\u00fcncel ve Do\u011fru Haber","publisher":{"@id":"https:\/\/memurunsesi.net\/#organization"},"potentialAction":[{"@type":"SearchAction","target":{"@type":"EntryPoint","urlTemplate":"https:\/\/memurunsesi.net\/?s={search_term_string}"},"query-input":{"@type":"PropertyValueSpecification","valueRequired":true,"valueName":"search_term_string"}}],"inLanguage":"tr"},{"@type":"Organization","@id":"https:\/\/memurunsesi.net\/#organization","name":"Memurun Sesi","url":"https:\/\/memurunsesi.net\/","logo":{"@type":"ImageObject","inLanguage":"tr","@id":"https:\/\/memurunsesi.net\/#\/schema\/logo\/image\/","url":"https:\/\/memurunsesi.net\/wp-content\/uploads\/2025\/11\/cropped-MEMURUN-SESI.png","contentUrl":"https:\/\/memurunsesi.net\/wp-content\/uploads\/2025\/11\/cropped-MEMURUN-SESI.png","width":238,"height":57,"caption":"Memurun Sesi"},"image":{"@id":"https:\/\/memurunsesi.net\/#\/schema\/logo\/image\/"},"sameAs":["https:\/\/www.facebook.com\/unipersen\/?locale=tr_TR","https:\/\/x.com\/unipersen"]},{"@type":"Person","@id":"https:\/\/memurunsesi.net\/#\/schema\/person\/f21c2d73b89f6ee1d80b0a1803e38587","name":"Memurun Sesi Haber Merkezi","image":{"@type":"ImageObject","inLanguage":"tr","@id":"https:\/\/secure.gravatar.com\/avatar\/6cf0505f452ee753f485014986fab09a434671d2b919ee76fc541025c5876a70?s=96&d=mm&r=g","url":"https:\/\/secure.gravatar.com\/avatar\/6cf0505f452ee753f485014986fab09a434671d2b919ee76fc541025c5876a70?s=96&d=mm&r=g","contentUrl":"https:\/\/secure.gravatar.com\/avatar\/6cf0505f452ee753f485014986fab09a434671d2b919ee76fc541025c5876a70?s=96&d=mm&r=g","caption":"Memurun Sesi Haber Merkezi"},"sameAs":["https:\/\/memurunsesi.net"],"url":"https:\/\/memurunsesi.net\/index.php\/author\/uniper\/"}]}},"_links":{"self":[{"href":"https:\/\/memurunsesi.net\/index.php\/wp-json\/wp\/v2\/posts\/12713","targetHints":{"allow":["GET"]}}],"collection":[{"href":"https:\/\/memurunsesi.net\/index.php\/wp-json\/wp\/v2\/posts"}],"about":[{"href":"https:\/\/memurunsesi.net\/index.php\/wp-json\/wp\/v2\/types\/post"}],"author":[{"embeddable":true,"href":"https:\/\/memurunsesi.net\/index.php\/wp-json\/wp\/v2\/users\/1"}],"replies":[{"embeddable":true,"href":"https:\/\/memurunsesi.net\/index.php\/wp-json\/wp\/v2\/comments?post=12713"}],"version-history":[{"count":1,"href":"https:\/\/memurunsesi.net\/index.php\/wp-json\/wp\/v2\/posts\/12713\/revisions"}],"predecessor-version":[{"id":12715,"href":"https:\/\/memurunsesi.net\/index.php\/wp-json\/wp\/v2\/posts\/12713\/revisions\/12715"}],"wp:featuredmedia":[{"embeddable":true,"href":"https:\/\/memurunsesi.net\/index.php\/wp-json\/wp\/v2\/media\/12714"}],"wp:attachment":[{"href":"https:\/\/memurunsesi.net\/index.php\/wp-json\/wp\/v2\/media?parent=12713"}],"wp:term":[{"taxonomy":"category","embeddable":true,"href":"https:\/\/memurunsesi.net\/index.php\/wp-json\/wp\/v2\/categories?post=12713"},{"taxonomy":"post_tag","embeddable":true,"href":"https:\/\/memurunsesi.net\/index.php\/wp-json\/wp\/v2\/tags?post=12713"}],"curies":[{"name":"wp","href":"https:\/\/api.w.org\/{rel}","templated":true}]}}