{"id":12716,"date":"2025-10-09T08:32:33","date_gmt":"2025-10-09T05:32:33","guid":{"rendered":"https:\/\/memurunsesi.net\/?p=12716"},"modified":"2025-10-09T08:32:33","modified_gmt":"2025-10-09T05:32:33","slug":"kutahya-valisi-musa-isindan-deprem-aciklamasi","status":"publish","type":"post","link":"https:\/\/memurunsesi.net\/index.php\/2025\/10\/09\/kutahya-valisi-musa-isindan-deprem-aciklamasi\/","title":{"rendered":"K\u00fctahya Valisi Musa I\u015f\u0131n\u2019dan deprem a\u00e7\u0131klamas\u0131"},"content":{"rendered":"<p>  K\u00fctahya Valisi Musa I\u015f\u0131n, Simav il\u00e7esinde meydana gelen depremle ilgili a\u00e7\u0131klama yapt\u0131.<br \/>\nVali I\u015f\u0131n, bug\u00fcn (9 Ekim 2025) saat 02.54\u2019te merkez \u00fcss\u00fc K\u00fctahya\u2019n\u0131n Simav il\u00e7esine ba\u011fl\u0131 Maden k\u00f6y\u00fc olan 4.9 b\u00fcy\u00fckl\u00fc\u011f\u00fcnde bir deprem meydana geldi\u011fini belirtti. Sahada yap\u0131lan incelemelerde \u015fu ana kadar herhangi bir olumsuzlukla kar\u015f\u0131la\u015f\u0131lmad\u0131\u011f\u0131n\u0131 ifade eden Vali I\u015f\u0131n, &#8220;Hem\u015fehrilerimize ge\u00e7mi\u015f olsun. Allah \u00fclkemizi korusun&#8221; dedi. <\/p>\n<p>9.10.2025                                    <\/p>\n","protected":false},"excerpt":{"rendered":"<p>K\u00fctahya Valisi Musa I\u015f\u0131n, Simav il\u00e7esinde meydana gelen depremle ilgili a\u00e7\u0131klama yapt\u0131. Vali I\u015f\u0131n, bug\u00fcn (9 Ekim 2025) saat 02.54\u2019te merkez \u00fcss\u00fc K\u00fctahya\u2019n\u0131n Simav il\u00e7esine ba\u011fl\u0131 Maden k\u00f6y\u00fc olan 4.9 b\u00fcy\u00fckl\u00fc\u011f\u00fcnde bir deprem meydana geldi\u011fini belirtti. Sahada yap\u0131lan incelemelerde \u015fu ana kadar herhangi bir olumsuzlukla kar\u015f\u0131la\u015f\u0131lmad\u0131\u011f\u0131n\u0131 ifade eden Vali I\u015f\u0131n, &#8220;Hem\u015fehrilerimize ge\u00e7mi\u015f olsun. Allah \u00fclkemizi [&hellip;]<\/p>\n","protected":false},"author":1,"featured_media":12717,"comment_status":"open","ping_status":"open","sticky":false,"template":"","format":"standard","meta":{"footnotes":""},"categories":[1],"tags":[],"class_list":["post-12716","post","type-post","status-publish","format-standard","has-post-thumbnail","hentry","category-genel"],"yoast_head":"<!-- This site is optimized with the Yoast SEO plugin v27.4 - https:\/\/yoast.com\/product\/yoast-seo-wordpress\/ -->\n<title>K\u00fctahya Valisi Musa I\u015f\u0131n\u2019dan deprem a\u00e7\u0131klamas\u0131 - Memurun Sesi<\/title>\n<meta name=\"robots\" content=\"index, follow, max-snippet:-1, max-image-preview:large, max-video-preview:-1\" \/>\n<link rel=\"canonical\" href=\"https:\/\/memurunsesi.net\/index.php\/2025\/10\/09\/kutahya-valisi-musa-isindan-deprem-aciklamasi\/\" \/>\n<meta property=\"og:locale\" content=\"tr_TR\" \/>\n<meta property=\"og:type\" content=\"article\" \/>\n<meta property=\"og:title\" content=\"K\u00fctahya Valisi Musa I\u015f\u0131n\u2019dan deprem a\u00e7\u0131klamas\u0131 - Memurun Sesi\" \/>\n<meta property=\"og:description\" content=\"K\u00fctahya Valisi Musa I\u015f\u0131n, Simav il\u00e7esinde meydana gelen depremle ilgili a\u00e7\u0131klama yapt\u0131. Vali I\u015f\u0131n, bug\u00fcn (9 Ekim 2025) saat 02.54\u2019te merkez \u00fcss\u00fc K\u00fctahya\u2019n\u0131n Simav il\u00e7esine ba\u011fl\u0131 Maden k\u00f6y\u00fc olan 4.9 b\u00fcy\u00fckl\u00fc\u011f\u00fcnde bir deprem meydana geldi\u011fini belirtti. Sahada yap\u0131lan incelemelerde \u015fu ana kadar herhangi bir olumsuzlukla kar\u015f\u0131la\u015f\u0131lmad\u0131\u011f\u0131n\u0131 ifade eden Vali I\u015f\u0131n, &#8220;Hem\u015fehrilerimize ge\u00e7mi\u015f olsun. Allah \u00fclkemizi [&hellip;]\" \/>\n<meta property=\"og:url\" content=\"https:\/\/memurunsesi.net\/index.php\/2025\/10\/09\/kutahya-valisi-musa-isindan-deprem-aciklamasi\/\" \/>\n<meta property=\"og:site_name\" content=\"Memurun Sesi\" \/>\n<meta property=\"article:publisher\" content=\"https:\/\/www.facebook.com\/unipersen\/?locale=tr_TR\" \/>\n<meta property=\"article:published_time\" content=\"2025-10-09T05:32:33+00:00\" \/>\n<meta property=\"og:image\" content=\"https:\/\/memurunsesi.net\/wp-content\/uploads\/2025\/10\/AW554913_01.jpg\" \/>\n\t<meta property=\"og:image:width\" content=\"1080\" \/>\n\t<meta property=\"og:image:height\" content=\"1060\" \/>\n\t<meta property=\"og:image:type\" content=\"image\/jpeg\" \/>\n<meta name=\"author\" content=\"Memurun Sesi Haber Merkezi\" \/>\n<meta name=\"twitter:card\" content=\"summary_large_image\" \/>\n<meta name=\"twitter:creator\" content=\"@unipersen\" \/>\n<meta name=\"twitter:site\" content=\"@unipersen\" \/>\n<meta name=\"twitter:label1\" content=\"Yazan:\" \/>\n\t<meta name=\"twitter:data1\" content=\"Memurun Sesi Haber Merkezi\" \/>\n\t<meta name=\"twitter:label2\" content=\"Tahmini okuma s\u00fcresi\" \/>\n\t<meta name=\"twitter:data2\" content=\"1 dakika\" \/>\n<script type=\"application\/ld+json\" class=\"yoast-schema-graph\">{\"@context\":\"https:\\\/\\\/schema.org\",\"@graph\":[{\"@type\":\"Article\",\"@id\":\"https:\\\/\\\/memurunsesi.net\\\/index.php\\\/2025\\\/10\\\/09\\\/kutahya-valisi-musa-isindan-deprem-aciklamasi\\\/#article\",\"isPartOf\":{\"@id\":\"https:\\\/\\\/memurunsesi.net\\\/index.php\\\/2025\\\/10\\\/09\\\/kutahya-valisi-musa-isindan-deprem-aciklamasi\\\/\"},\"author\":{\"name\":\"Memurun Sesi Haber Merkezi\",\"@id\":\"https:\\\/\\\/memurunsesi.net\\\/#\\\/schema\\\/person\\\/f21c2d73b89f6ee1d80b0a1803e38587\"},\"headline\":\"K\u00fctahya Valisi Musa I\u015f\u0131n\u2019dan deprem a\u00e7\u0131klamas\u0131\",\"datePublished\":\"2025-10-09T05:32:33+00:00\",\"mainEntityOfPage\":{\"@id\":\"https:\\\/\\\/memurunsesi.net\\\/index.php\\\/2025\\\/10\\\/09\\\/kutahya-valisi-musa-isindan-deprem-aciklamasi\\\/\"},\"wordCount\":87,\"commentCount\":0,\"publisher\":{\"@id\":\"https:\\\/\\\/memurunsesi.net\\\/#organization\"},\"image\":{\"@id\":\"https:\\\/\\\/memurunsesi.net\\\/index.php\\\/2025\\\/10\\\/09\\\/kutahya-valisi-musa-isindan-deprem-aciklamasi\\\/#primaryimage\"},\"thumbnailUrl\":\"https:\\\/\\\/memurunsesi.net\\\/wp-content\\\/uploads\\\/2025\\\/10\\\/AW554913_01.jpg\",\"inLanguage\":\"tr\",\"potentialAction\":[{\"@type\":\"CommentAction\",\"name\":\"Comment\",\"target\":[\"https:\\\/\\\/memurunsesi.net\\\/index.php\\\/2025\\\/10\\\/09\\\/kutahya-valisi-musa-isindan-deprem-aciklamasi\\\/#respond\"]}]},{\"@type\":\"WebPage\",\"@id\":\"https:\\\/\\\/memurunsesi.net\\\/index.php\\\/2025\\\/10\\\/09\\\/kutahya-valisi-musa-isindan-deprem-aciklamasi\\\/\",\"url\":\"https:\\\/\\\/memurunsesi.net\\\/index.php\\\/2025\\\/10\\\/09\\\/kutahya-valisi-musa-isindan-deprem-aciklamasi\\\/\",\"name\":\"K\u00fctahya Valisi Musa I\u015f\u0131n\u2019dan deprem a\u00e7\u0131klamas\u0131 - Memurun Sesi\",\"isPartOf\":{\"@id\":\"https:\\\/\\\/memurunsesi.net\\\/#website\"},\"primaryImageOfPage\":{\"@id\":\"https:\\\/\\\/memurunsesi.net\\\/index.php\\\/2025\\\/10\\\/09\\\/kutahya-valisi-musa-isindan-deprem-aciklamasi\\\/#primaryimage\"},\"image\":{\"@id\":\"https:\\\/\\\/memurunsesi.net\\\/index.php\\\/2025\\\/10\\\/09\\\/kutahya-valisi-musa-isindan-deprem-aciklamasi\\\/#primaryimage\"},\"thumbnailUrl\":\"https:\\\/\\\/memurunsesi.net\\\/wp-content\\\/uploads\\\/2025\\\/10\\\/AW554913_01.jpg\",\"datePublished\":\"2025-10-09T05:32:33+00:00\",\"breadcrumb\":{\"@id\":\"https:\\\/\\\/memurunsesi.net\\\/index.php\\\/2025\\\/10\\\/09\\\/kutahya-valisi-musa-isindan-deprem-aciklamasi\\\/#breadcrumb\"},\"inLanguage\":\"tr\",\"potentialAction\":[{\"@type\":\"ReadAction\",\"target\":[\"https:\\\/\\\/memurunsesi.net\\\/index.php\\\/2025\\\/10\\\/09\\\/kutahya-valisi-musa-isindan-deprem-aciklamasi\\\/\"]}]},{\"@type\":\"ImageObject\",\"inLanguage\":\"tr\",\"@id\":\"https:\\\/\\\/memurunsesi.net\\\/index.php\\\/2025\\\/10\\\/09\\\/kutahya-valisi-musa-isindan-deprem-aciklamasi\\\/#primaryimage\",\"url\":\"https:\\\/\\\/memurunsesi.net\\\/wp-content\\\/uploads\\\/2025\\\/10\\\/AW554913_01.jpg\",\"contentUrl\":\"https:\\\/\\\/memurunsesi.net\\\/wp-content\\\/uploads\\\/2025\\\/10\\\/AW554913_01.jpg\",\"width\":1080,\"height\":1060,\"caption\":\"MUSA I\u015eIN (H\u00dcSEY\u0130N EFE\\\/K\u00dcTAHYA-\u0130HA) K\u00fctahya Valisi Musa I\u015f\u0131n, Simav il\u00e7esinde meydana gelen depremle ilgili a\u00e7\u0131klama yapt\u0131.\"},{\"@type\":\"BreadcrumbList\",\"@id\":\"https:\\\/\\\/memurunsesi.net\\\/index.php\\\/2025\\\/10\\\/09\\\/kutahya-valisi-musa-isindan-deprem-aciklamasi\\\/#breadcrumb\",\"itemListElement\":[{\"@type\":\"ListItem\",\"position\":1,\"name\":\"Anasayfa\",\"item\":\"https:\\\/\\\/memurunsesi.net\\\/\"},{\"@type\":\"ListItem\",\"position\":2,\"name\":\"K\u00fctahya Valisi Musa I\u015f\u0131n\u2019dan deprem a\u00e7\u0131klamas\u0131\"}]},{\"@type\":\"WebSite\",\"@id\":\"https:\\\/\\\/memurunsesi.net\\\/#website\",\"url\":\"https:\\\/\\\/memurunsesi.net\\\/\",\"name\":\"Memurun Sesi\",\"description\":\"G\u00fcncel ve Do\u011fru Haber\",\"publisher\":{\"@id\":\"https:\\\/\\\/memurunsesi.net\\\/#organization\"},\"potentialAction\":[{\"@type\":\"SearchAction\",\"target\":{\"@type\":\"EntryPoint\",\"urlTemplate\":\"https:\\\/\\\/memurunsesi.net\\\/?s={search_term_string}\"},\"query-input\":{\"@type\":\"PropertyValueSpecification\",\"valueRequired\":true,\"valueName\":\"search_term_string\"}}],\"inLanguage\":\"tr\"},{\"@type\":\"Organization\",\"@id\":\"https:\\\/\\\/memurunsesi.net\\\/#organization\",\"name\":\"Memurun Sesi\",\"url\":\"https:\\\/\\\/memurunsesi.net\\\/\",\"logo\":{\"@type\":\"ImageObject\",\"inLanguage\":\"tr\",\"@id\":\"https:\\\/\\\/memurunsesi.net\\\/#\\\/schema\\\/logo\\\/image\\\/\",\"url\":\"https:\\\/\\\/memurunsesi.net\\\/wp-content\\\/uploads\\\/2025\\\/11\\\/cropped-MEMURUN-SESI.png\",\"contentUrl\":\"https:\\\/\\\/memurunsesi.net\\\/wp-content\\\/uploads\\\/2025\\\/11\\\/cropped-MEMURUN-SESI.png\",\"width\":238,\"height\":57,\"caption\":\"Memurun Sesi\"},\"image\":{\"@id\":\"https:\\\/\\\/memurunsesi.net\\\/#\\\/schema\\\/logo\\\/image\\\/\"},\"sameAs\":[\"https:\\\/\\\/www.facebook.com\\\/unipersen\\\/?locale=tr_TR\",\"https:\\\/\\\/x.com\\\/unipersen\"]},{\"@type\":\"Person\",\"@id\":\"https:\\\/\\\/memurunsesi.net\\\/#\\\/schema\\\/person\\\/f21c2d73b89f6ee1d80b0a1803e38587\",\"name\":\"Memurun Sesi Haber Merkezi\",\"image\":{\"@type\":\"ImageObject\",\"inLanguage\":\"tr\",\"@id\":\"https:\\\/\\\/secure.gravatar.com\\\/avatar\\\/6cf0505f452ee753f485014986fab09a434671d2b919ee76fc541025c5876a70?s=96&d=mm&r=g\",\"url\":\"https:\\\/\\\/secure.gravatar.com\\\/avatar\\\/6cf0505f452ee753f485014986fab09a434671d2b919ee76fc541025c5876a70?s=96&d=mm&r=g\",\"contentUrl\":\"https:\\\/\\\/secure.gravatar.com\\\/avatar\\\/6cf0505f452ee753f485014986fab09a434671d2b919ee76fc541025c5876a70?s=96&d=mm&r=g\",\"caption\":\"Memurun Sesi Haber Merkezi\"},\"sameAs\":[\"https:\\\/\\\/memurunsesi.net\"],\"url\":\"https:\\\/\\\/memurunsesi.net\\\/index.php\\\/author\\\/uniper\\\/\"}]}<\/script>\n<!-- \/ Yoast SEO plugin. -->","yoast_head_json":{"title":"K\u00fctahya Valisi Musa I\u015f\u0131n\u2019dan deprem a\u00e7\u0131klamas\u0131 - Memurun Sesi","robots":{"index":"index","follow":"follow","max-snippet":"max-snippet:-1","max-image-preview":"max-image-preview:large","max-video-preview":"max-video-preview:-1"},"canonical":"https:\/\/memurunsesi.net\/index.php\/2025\/10\/09\/kutahya-valisi-musa-isindan-deprem-aciklamasi\/","og_locale":"tr_TR","og_type":"article","og_title":"K\u00fctahya Valisi Musa I\u015f\u0131n\u2019dan deprem a\u00e7\u0131klamas\u0131 - Memurun Sesi","og_description":"K\u00fctahya Valisi Musa I\u015f\u0131n, Simav il\u00e7esinde meydana gelen depremle ilgili a\u00e7\u0131klama yapt\u0131. Vali I\u015f\u0131n, bug\u00fcn (9 Ekim 2025) saat 02.54\u2019te merkez \u00fcss\u00fc K\u00fctahya\u2019n\u0131n Simav il\u00e7esine ba\u011fl\u0131 Maden k\u00f6y\u00fc olan 4.9 b\u00fcy\u00fckl\u00fc\u011f\u00fcnde bir deprem meydana geldi\u011fini belirtti. Sahada yap\u0131lan incelemelerde \u015fu ana kadar herhangi bir olumsuzlukla kar\u015f\u0131la\u015f\u0131lmad\u0131\u011f\u0131n\u0131 ifade eden Vali I\u015f\u0131n, &#8220;Hem\u015fehrilerimize ge\u00e7mi\u015f olsun. Allah \u00fclkemizi [&hellip;]","og_url":"https:\/\/memurunsesi.net\/index.php\/2025\/10\/09\/kutahya-valisi-musa-isindan-deprem-aciklamasi\/","og_site_name":"Memurun Sesi","article_publisher":"https:\/\/www.facebook.com\/unipersen\/?locale=tr_TR","article_published_time":"2025-10-09T05:32:33+00:00","og_image":[{"width":1080,"height":1060,"url":"https:\/\/memurunsesi.net\/wp-content\/uploads\/2025\/10\/AW554913_01.jpg","type":"image\/jpeg"}],"author":"Memurun Sesi Haber Merkezi","twitter_card":"summary_large_image","twitter_creator":"@unipersen","twitter_site":"@unipersen","twitter_misc":{"Yazan:":"Memurun Sesi Haber Merkezi","Tahmini okuma s\u00fcresi":"1 dakika"},"schema":{"@context":"https:\/\/schema.org","@graph":[{"@type":"Article","@id":"https:\/\/memurunsesi.net\/index.php\/2025\/10\/09\/kutahya-valisi-musa-isindan-deprem-aciklamasi\/#article","isPartOf":{"@id":"https:\/\/memurunsesi.net\/index.php\/2025\/10\/09\/kutahya-valisi-musa-isindan-deprem-aciklamasi\/"},"author":{"name":"Memurun Sesi Haber Merkezi","@id":"https:\/\/memurunsesi.net\/#\/schema\/person\/f21c2d73b89f6ee1d80b0a1803e38587"},"headline":"K\u00fctahya Valisi Musa I\u015f\u0131n\u2019dan deprem a\u00e7\u0131klamas\u0131","datePublished":"2025-10-09T05:32:33+00:00","mainEntityOfPage":{"@id":"https:\/\/memurunsesi.net\/index.php\/2025\/10\/09\/kutahya-valisi-musa-isindan-deprem-aciklamasi\/"},"wordCount":87,"commentCount":0,"publisher":{"@id":"https:\/\/memurunsesi.net\/#organization"},"image":{"@id":"https:\/\/memurunsesi.net\/index.php\/2025\/10\/09\/kutahya-valisi-musa-isindan-deprem-aciklamasi\/#primaryimage"},"thumbnailUrl":"https:\/\/memurunsesi.net\/wp-content\/uploads\/2025\/10\/AW554913_01.jpg","inLanguage":"tr","potentialAction":[{"@type":"CommentAction","name":"Comment","target":["https:\/\/memurunsesi.net\/index.php\/2025\/10\/09\/kutahya-valisi-musa-isindan-deprem-aciklamasi\/#respond"]}]},{"@type":"WebPage","@id":"https:\/\/memurunsesi.net\/index.php\/2025\/10\/09\/kutahya-valisi-musa-isindan-deprem-aciklamasi\/","url":"https:\/\/memurunsesi.net\/index.php\/2025\/10\/09\/kutahya-valisi-musa-isindan-deprem-aciklamasi\/","name":"K\u00fctahya Valisi Musa I\u015f\u0131n\u2019dan deprem a\u00e7\u0131klamas\u0131 - Memurun Sesi","isPartOf":{"@id":"https:\/\/memurunsesi.net\/#website"},"primaryImageOfPage":{"@id":"https:\/\/memurunsesi.net\/index.php\/2025\/10\/09\/kutahya-valisi-musa-isindan-deprem-aciklamasi\/#primaryimage"},"image":{"@id":"https:\/\/memurunsesi.net\/index.php\/2025\/10\/09\/kutahya-valisi-musa-isindan-deprem-aciklamasi\/#primaryimage"},"thumbnailUrl":"https:\/\/memurunsesi.net\/wp-content\/uploads\/2025\/10\/AW554913_01.jpg","datePublished":"2025-10-09T05:32:33+00:00","breadcrumb":{"@id":"https:\/\/memurunsesi.net\/index.php\/2025\/10\/09\/kutahya-valisi-musa-isindan-deprem-aciklamasi\/#breadcrumb"},"inLanguage":"tr","potentialAction":[{"@type":"ReadAction","target":["https:\/\/memurunsesi.net\/index.php\/2025\/10\/09\/kutahya-valisi-musa-isindan-deprem-aciklamasi\/"]}]},{"@type":"ImageObject","inLanguage":"tr","@id":"https:\/\/memurunsesi.net\/index.php\/2025\/10\/09\/kutahya-valisi-musa-isindan-deprem-aciklamasi\/#primaryimage","url":"https:\/\/memurunsesi.net\/wp-content\/uploads\/2025\/10\/AW554913_01.jpg","contentUrl":"https:\/\/memurunsesi.net\/wp-content\/uploads\/2025\/10\/AW554913_01.jpg","width":1080,"height":1060,"caption":"MUSA I\u015eIN (H\u00dcSEY\u0130N EFE\/K\u00dcTAHYA-\u0130HA) K\u00fctahya Valisi Musa I\u015f\u0131n, Simav il\u00e7esinde meydana gelen depremle ilgili a\u00e7\u0131klama yapt\u0131."},{"@type":"BreadcrumbList","@id":"https:\/\/memurunsesi.net\/index.php\/2025\/10\/09\/kutahya-valisi-musa-isindan-deprem-aciklamasi\/#breadcrumb","itemListElement":[{"@type":"ListItem","position":1,"name":"Anasayfa","item":"https:\/\/memurunsesi.net\/"},{"@type":"ListItem","position":2,"name":"K\u00fctahya Valisi Musa I\u015f\u0131n\u2019dan deprem a\u00e7\u0131klamas\u0131"}]},{"@type":"WebSite","@id":"https:\/\/memurunsesi.net\/#website","url":"https:\/\/memurunsesi.net\/","name":"Memurun Sesi","description":"G\u00fcncel ve Do\u011fru Haber","publisher":{"@id":"https:\/\/memurunsesi.net\/#organization"},"potentialAction":[{"@type":"SearchAction","target":{"@type":"EntryPoint","urlTemplate":"https:\/\/memurunsesi.net\/?s={search_term_string}"},"query-input":{"@type":"PropertyValueSpecification","valueRequired":true,"valueName":"search_term_string"}}],"inLanguage":"tr"},{"@type":"Organization","@id":"https:\/\/memurunsesi.net\/#organization","name":"Memurun Sesi","url":"https:\/\/memurunsesi.net\/","logo":{"@type":"ImageObject","inLanguage":"tr","@id":"https:\/\/memurunsesi.net\/#\/schema\/logo\/image\/","url":"https:\/\/memurunsesi.net\/wp-content\/uploads\/2025\/11\/cropped-MEMURUN-SESI.png","contentUrl":"https:\/\/memurunsesi.net\/wp-content\/uploads\/2025\/11\/cropped-MEMURUN-SESI.png","width":238,"height":57,"caption":"Memurun Sesi"},"image":{"@id":"https:\/\/memurunsesi.net\/#\/schema\/logo\/image\/"},"sameAs":["https:\/\/www.facebook.com\/unipersen\/?locale=tr_TR","https:\/\/x.com\/unipersen"]},{"@type":"Person","@id":"https:\/\/memurunsesi.net\/#\/schema\/person\/f21c2d73b89f6ee1d80b0a1803e38587","name":"Memurun Sesi Haber Merkezi","image":{"@type":"ImageObject","inLanguage":"tr","@id":"https:\/\/secure.gravatar.com\/avatar\/6cf0505f452ee753f485014986fab09a434671d2b919ee76fc541025c5876a70?s=96&d=mm&r=g","url":"https:\/\/secure.gravatar.com\/avatar\/6cf0505f452ee753f485014986fab09a434671d2b919ee76fc541025c5876a70?s=96&d=mm&r=g","contentUrl":"https:\/\/secure.gravatar.com\/avatar\/6cf0505f452ee753f485014986fab09a434671d2b919ee76fc541025c5876a70?s=96&d=mm&r=g","caption":"Memurun Sesi Haber Merkezi"},"sameAs":["https:\/\/memurunsesi.net"],"url":"https:\/\/memurunsesi.net\/index.php\/author\/uniper\/"}]}},"_links":{"self":[{"href":"https:\/\/memurunsesi.net\/index.php\/wp-json\/wp\/v2\/posts\/12716","targetHints":{"allow":["GET"]}}],"collection":[{"href":"https:\/\/memurunsesi.net\/index.php\/wp-json\/wp\/v2\/posts"}],"about":[{"href":"https:\/\/memurunsesi.net\/index.php\/wp-json\/wp\/v2\/types\/post"}],"author":[{"embeddable":true,"href":"https:\/\/memurunsesi.net\/index.php\/wp-json\/wp\/v2\/users\/1"}],"replies":[{"embeddable":true,"href":"https:\/\/memurunsesi.net\/index.php\/wp-json\/wp\/v2\/comments?post=12716"}],"version-history":[{"count":1,"href":"https:\/\/memurunsesi.net\/index.php\/wp-json\/wp\/v2\/posts\/12716\/revisions"}],"predecessor-version":[{"id":12718,"href":"https:\/\/memurunsesi.net\/index.php\/wp-json\/wp\/v2\/posts\/12716\/revisions\/12718"}],"wp:featuredmedia":[{"embeddable":true,"href":"https:\/\/memurunsesi.net\/index.php\/wp-json\/wp\/v2\/media\/12717"}],"wp:attachment":[{"href":"https:\/\/memurunsesi.net\/index.php\/wp-json\/wp\/v2\/media?parent=12716"}],"wp:term":[{"taxonomy":"category","embeddable":true,"href":"https:\/\/memurunsesi.net\/index.php\/wp-json\/wp\/v2\/categories?post=12716"},{"taxonomy":"post_tag","embeddable":true,"href":"https:\/\/memurunsesi.net\/index.php\/wp-json\/wp\/v2\/tags?post=12716"}],"curies":[{"name":"wp","href":"https:\/\/api.w.org\/{rel}","templated":true}]}}