{"id":12719,"date":"2025-10-09T08:34:12","date_gmt":"2025-10-09T05:34:12","guid":{"rendered":"https:\/\/memurunsesi.net\/?p=12719"},"modified":"2025-10-09T08:34:12","modified_gmt":"2025-10-09T05:34:12","slug":"alevlere-teslim-olan-3-ev-kule-dondu","status":"publish","type":"post","link":"https:\/\/memurunsesi.net\/index.php\/2025\/10\/09\/alevlere-teslim-olan-3-ev-kule-dondu\/","title":{"rendered":"Alevlere teslim olan 3 ev k\u00fcle d\u00f6nd\u00fc"},"content":{"rendered":"<p>  \u00c7orum&#8217;un \u0130skilip il\u00e7esinde bir k\u00f6yde \u00e7\u0131kan yang\u0131nda 3 ev kullan\u0131lmaz hale geldi.<br \/>\nOlay, d\u00fcn gece saatlerinde \u0130skilip il\u00e7esi Asarc\u0131k k\u00f6y\u00fc Kozveren Mahallesi\u2019nde meydana geldi. Edinilen bilgiye g\u00f6re, \u0130smet \u00c7\u00f6rd\u00fck\u2019e ait evde hen\u00fcz belirlenemeyen sebeple yang\u0131n \u00e7\u0131kt\u0131. K\u0131sa s\u00fcrede b\u00fcy\u00fcyen yang\u0131n Ali \u00c7\u00f6rd\u00fck ve Ahmet \u00c7\u00f6rd\u00fck\u2019e ait evlere s\u0131\u00e7rad\u0131. Yang\u0131n\u0131 g\u00f6ren vatanda\u015flar\u0131n ihbar\u0131 \u00fczerine olay yerine. \u0130skilip, O\u011fuzlar, \u00c7orum Merkez, Bayat, Dodurga ve Osmanc\u0131k il\u00e7elerinden itfaiye ekipleri ile AFAD, sa\u011fl\u0131k ve jandarma ekipleri sevk edildi. Olay yerine gelen itfaiye ekiplerinin m\u00fcdahalesiyle yang\u0131n \u00e7evredeki di\u011fer evlere s\u0131\u00e7ramadan kontrol alt\u0131na al\u0131narak s\u00f6nd\u00fcr\u00fcld\u00fc. Yang\u0131nda 3 ev kullan\u0131lmaz hale geldi.<br \/>\n  Yang\u0131nla ilgili inceleme ba\u015flat\u0131ld\u0131. <\/p>\n<p>9.10.2025                                  <\/p>\n","protected":false},"excerpt":{"rendered":"<p>\u00c7orum&#8217;un \u0130skilip il\u00e7esinde bir k\u00f6yde \u00e7\u0131kan yang\u0131nda 3 ev kullan\u0131lmaz hale geldi. Olay, d\u00fcn gece saatlerinde \u0130skilip il\u00e7esi Asarc\u0131k k\u00f6y\u00fc Kozveren Mahallesi\u2019nde meydana geldi. Edinilen bilgiye g\u00f6re, \u0130smet \u00c7\u00f6rd\u00fck\u2019e ait evde hen\u00fcz belirlenemeyen sebeple yang\u0131n \u00e7\u0131kt\u0131. K\u0131sa s\u00fcrede b\u00fcy\u00fcyen yang\u0131n Ali \u00c7\u00f6rd\u00fck ve Ahmet \u00c7\u00f6rd\u00fck\u2019e ait evlere s\u0131\u00e7rad\u0131. Yang\u0131n\u0131 g\u00f6ren vatanda\u015flar\u0131n ihbar\u0131 \u00fczerine olay yerine. [&hellip;]<\/p>\n","protected":false},"author":1,"featured_media":12720,"comment_status":"open","ping_status":"open","sticky":false,"template":"","format":"standard","meta":{"footnotes":""},"categories":[50],"tags":[],"class_list":["post-12719","post","type-post","status-publish","format-standard","has-post-thumbnail","hentry","category-tum-haberler"],"yoast_head":"<!-- This site is optimized with the Yoast SEO plugin v27.4 - https:\/\/yoast.com\/product\/yoast-seo-wordpress\/ -->\n<title>Alevlere teslim olan 3 ev k\u00fcle d\u00f6nd\u00fc - Memurun Sesi<\/title>\n<meta name=\"robots\" content=\"index, follow, max-snippet:-1, max-image-preview:large, max-video-preview:-1\" \/>\n<link rel=\"canonical\" href=\"https:\/\/memurunsesi.net\/index.php\/2025\/10\/09\/alevlere-teslim-olan-3-ev-kule-dondu\/\" \/>\n<meta property=\"og:locale\" content=\"tr_TR\" \/>\n<meta property=\"og:type\" content=\"article\" \/>\n<meta property=\"og:title\" content=\"Alevlere teslim olan 3 ev k\u00fcle d\u00f6nd\u00fc - Memurun Sesi\" \/>\n<meta property=\"og:description\" content=\"\u00c7orum&#8217;un \u0130skilip il\u00e7esinde bir k\u00f6yde \u00e7\u0131kan yang\u0131nda 3 ev kullan\u0131lmaz hale geldi. Olay, d\u00fcn gece saatlerinde \u0130skilip il\u00e7esi Asarc\u0131k k\u00f6y\u00fc Kozveren Mahallesi\u2019nde meydana geldi. Edinilen bilgiye g\u00f6re, \u0130smet \u00c7\u00f6rd\u00fck\u2019e ait evde hen\u00fcz belirlenemeyen sebeple yang\u0131n \u00e7\u0131kt\u0131. K\u0131sa s\u00fcrede b\u00fcy\u00fcyen yang\u0131n Ali \u00c7\u00f6rd\u00fck ve Ahmet \u00c7\u00f6rd\u00fck\u2019e ait evlere s\u0131\u00e7rad\u0131. Yang\u0131n\u0131 g\u00f6ren vatanda\u015flar\u0131n ihbar\u0131 \u00fczerine olay yerine. [&hellip;]\" \/>\n<meta property=\"og:url\" content=\"https:\/\/memurunsesi.net\/index.php\/2025\/10\/09\/alevlere-teslim-olan-3-ev-kule-dondu\/\" \/>\n<meta property=\"og:site_name\" content=\"Memurun Sesi\" \/>\n<meta property=\"article:publisher\" content=\"https:\/\/www.facebook.com\/unipersen\/?locale=tr_TR\" \/>\n<meta property=\"article:published_time\" content=\"2025-10-09T05:34:12+00:00\" \/>\n<meta property=\"og:image\" content=\"https:\/\/memurunsesi.net\/wp-content\/uploads\/2025\/10\/AW554924_01.jpg\" \/>\n\t<meta property=\"og:image:width\" content=\"1008\" \/>\n\t<meta property=\"og:image:height\" content=\"1608\" \/>\n\t<meta property=\"og:image:type\" content=\"image\/jpeg\" \/>\n<meta name=\"author\" content=\"Memurun Sesi Haber Merkezi\" \/>\n<meta name=\"twitter:card\" content=\"summary_large_image\" \/>\n<meta name=\"twitter:creator\" content=\"@unipersen\" \/>\n<meta name=\"twitter:site\" content=\"@unipersen\" \/>\n<meta name=\"twitter:label1\" content=\"Yazan:\" \/>\n\t<meta name=\"twitter:data1\" content=\"Memurun Sesi Haber Merkezi\" \/>\n\t<meta name=\"twitter:label2\" content=\"Tahmini okuma s\u00fcresi\" \/>\n\t<meta name=\"twitter:data2\" content=\"1 dakika\" \/>\n<script type=\"application\/ld+json\" class=\"yoast-schema-graph\">{\"@context\":\"https:\\\/\\\/schema.org\",\"@graph\":[{\"@type\":\"Article\",\"@id\":\"https:\\\/\\\/memurunsesi.net\\\/index.php\\\/2025\\\/10\\\/09\\\/alevlere-teslim-olan-3-ev-kule-dondu\\\/#article\",\"isPartOf\":{\"@id\":\"https:\\\/\\\/memurunsesi.net\\\/index.php\\\/2025\\\/10\\\/09\\\/alevlere-teslim-olan-3-ev-kule-dondu\\\/\"},\"author\":{\"name\":\"Memurun Sesi Haber Merkezi\",\"@id\":\"https:\\\/\\\/memurunsesi.net\\\/#\\\/schema\\\/person\\\/f21c2d73b89f6ee1d80b0a1803e38587\"},\"headline\":\"Alevlere teslim olan 3 ev k\u00fcle d\u00f6nd\u00fc\",\"datePublished\":\"2025-10-09T05:34:12+00:00\",\"mainEntityOfPage\":{\"@id\":\"https:\\\/\\\/memurunsesi.net\\\/index.php\\\/2025\\\/10\\\/09\\\/alevlere-teslim-olan-3-ev-kule-dondu\\\/\"},\"wordCount\":152,\"commentCount\":0,\"publisher\":{\"@id\":\"https:\\\/\\\/memurunsesi.net\\\/#organization\"},\"image\":{\"@id\":\"https:\\\/\\\/memurunsesi.net\\\/index.php\\\/2025\\\/10\\\/09\\\/alevlere-teslim-olan-3-ev-kule-dondu\\\/#primaryimage\"},\"thumbnailUrl\":\"https:\\\/\\\/memurunsesi.net\\\/wp-content\\\/uploads\\\/2025\\\/10\\\/AW554924_01.jpg\",\"articleSection\":[\"T\u00fcm Haberler\"],\"inLanguage\":\"tr\",\"potentialAction\":[{\"@type\":\"CommentAction\",\"name\":\"Comment\",\"target\":[\"https:\\\/\\\/memurunsesi.net\\\/index.php\\\/2025\\\/10\\\/09\\\/alevlere-teslim-olan-3-ev-kule-dondu\\\/#respond\"]}]},{\"@type\":\"WebPage\",\"@id\":\"https:\\\/\\\/memurunsesi.net\\\/index.php\\\/2025\\\/10\\\/09\\\/alevlere-teslim-olan-3-ev-kule-dondu\\\/\",\"url\":\"https:\\\/\\\/memurunsesi.net\\\/index.php\\\/2025\\\/10\\\/09\\\/alevlere-teslim-olan-3-ev-kule-dondu\\\/\",\"name\":\"Alevlere teslim olan 3 ev k\u00fcle d\u00f6nd\u00fc - Memurun Sesi\",\"isPartOf\":{\"@id\":\"https:\\\/\\\/memurunsesi.net\\\/#website\"},\"primaryImageOfPage\":{\"@id\":\"https:\\\/\\\/memurunsesi.net\\\/index.php\\\/2025\\\/10\\\/09\\\/alevlere-teslim-olan-3-ev-kule-dondu\\\/#primaryimage\"},\"image\":{\"@id\":\"https:\\\/\\\/memurunsesi.net\\\/index.php\\\/2025\\\/10\\\/09\\\/alevlere-teslim-olan-3-ev-kule-dondu\\\/#primaryimage\"},\"thumbnailUrl\":\"https:\\\/\\\/memurunsesi.net\\\/wp-content\\\/uploads\\\/2025\\\/10\\\/AW554924_01.jpg\",\"datePublished\":\"2025-10-09T05:34:12+00:00\",\"breadcrumb\":{\"@id\":\"https:\\\/\\\/memurunsesi.net\\\/index.php\\\/2025\\\/10\\\/09\\\/alevlere-teslim-olan-3-ev-kule-dondu\\\/#breadcrumb\"},\"inLanguage\":\"tr\",\"potentialAction\":[{\"@type\":\"ReadAction\",\"target\":[\"https:\\\/\\\/memurunsesi.net\\\/index.php\\\/2025\\\/10\\\/09\\\/alevlere-teslim-olan-3-ev-kule-dondu\\\/\"]}]},{\"@type\":\"ImageObject\",\"inLanguage\":\"tr\",\"@id\":\"https:\\\/\\\/memurunsesi.net\\\/index.php\\\/2025\\\/10\\\/09\\\/alevlere-teslim-olan-3-ev-kule-dondu\\\/#primaryimage\",\"url\":\"https:\\\/\\\/memurunsesi.net\\\/wp-content\\\/uploads\\\/2025\\\/10\\\/AW554924_01.jpg\",\"contentUrl\":\"https:\\\/\\\/memurunsesi.net\\\/wp-content\\\/uploads\\\/2025\\\/10\\\/AW554924_01.jpg\",\"width\":1008,\"height\":1608,\"caption\":\"\u00c7ORUM'UN \u0130SK\u0130L\u0130P \u0130L\u00c7ES\u0130NDE B\u0130R K\u00d6YDE \u00c7IKAN YANGINDA 3 EV KULLANILMAZ HALE GELD\u0130. (B\u0130LAL ARICI\\\/\u00c7ORUM-\u0130HA) \u00c7orum'un \u0130skilip il\u00e7esinde bir k\u00f6yde \u00e7\u0131kan yang\u0131nda 3 ev kullan\u0131lmaz hale geldi.\"},{\"@type\":\"BreadcrumbList\",\"@id\":\"https:\\\/\\\/memurunsesi.net\\\/index.php\\\/2025\\\/10\\\/09\\\/alevlere-teslim-olan-3-ev-kule-dondu\\\/#breadcrumb\",\"itemListElement\":[{\"@type\":\"ListItem\",\"position\":1,\"name\":\"Anasayfa\",\"item\":\"https:\\\/\\\/memurunsesi.net\\\/\"},{\"@type\":\"ListItem\",\"position\":2,\"name\":\"Alevlere teslim olan 3 ev k\u00fcle d\u00f6nd\u00fc\"}]},{\"@type\":\"WebSite\",\"@id\":\"https:\\\/\\\/memurunsesi.net\\\/#website\",\"url\":\"https:\\\/\\\/memurunsesi.net\\\/\",\"name\":\"Memurun Sesi\",\"description\":\"G\u00fcncel ve Do\u011fru Haber\",\"publisher\":{\"@id\":\"https:\\\/\\\/memurunsesi.net\\\/#organization\"},\"potentialAction\":[{\"@type\":\"SearchAction\",\"target\":{\"@type\":\"EntryPoint\",\"urlTemplate\":\"https:\\\/\\\/memurunsesi.net\\\/?s={search_term_string}\"},\"query-input\":{\"@type\":\"PropertyValueSpecification\",\"valueRequired\":true,\"valueName\":\"search_term_string\"}}],\"inLanguage\":\"tr\"},{\"@type\":\"Organization\",\"@id\":\"https:\\\/\\\/memurunsesi.net\\\/#organization\",\"name\":\"Memurun Sesi\",\"url\":\"https:\\\/\\\/memurunsesi.net\\\/\",\"logo\":{\"@type\":\"ImageObject\",\"inLanguage\":\"tr\",\"@id\":\"https:\\\/\\\/memurunsesi.net\\\/#\\\/schema\\\/logo\\\/image\\\/\",\"url\":\"https:\\\/\\\/memurunsesi.net\\\/wp-content\\\/uploads\\\/2025\\\/11\\\/cropped-MEMURUN-SESI.png\",\"contentUrl\":\"https:\\\/\\\/memurunsesi.net\\\/wp-content\\\/uploads\\\/2025\\\/11\\\/cropped-MEMURUN-SESI.png\",\"width\":238,\"height\":57,\"caption\":\"Memurun Sesi\"},\"image\":{\"@id\":\"https:\\\/\\\/memurunsesi.net\\\/#\\\/schema\\\/logo\\\/image\\\/\"},\"sameAs\":[\"https:\\\/\\\/www.facebook.com\\\/unipersen\\\/?locale=tr_TR\",\"https:\\\/\\\/x.com\\\/unipersen\"]},{\"@type\":\"Person\",\"@id\":\"https:\\\/\\\/memurunsesi.net\\\/#\\\/schema\\\/person\\\/f21c2d73b89f6ee1d80b0a1803e38587\",\"name\":\"Memurun Sesi Haber Merkezi\",\"image\":{\"@type\":\"ImageObject\",\"inLanguage\":\"tr\",\"@id\":\"https:\\\/\\\/secure.gravatar.com\\\/avatar\\\/6cf0505f452ee753f485014986fab09a434671d2b919ee76fc541025c5876a70?s=96&d=mm&r=g\",\"url\":\"https:\\\/\\\/secure.gravatar.com\\\/avatar\\\/6cf0505f452ee753f485014986fab09a434671d2b919ee76fc541025c5876a70?s=96&d=mm&r=g\",\"contentUrl\":\"https:\\\/\\\/secure.gravatar.com\\\/avatar\\\/6cf0505f452ee753f485014986fab09a434671d2b919ee76fc541025c5876a70?s=96&d=mm&r=g\",\"caption\":\"Memurun Sesi Haber Merkezi\"},\"sameAs\":[\"https:\\\/\\\/memurunsesi.net\"],\"url\":\"https:\\\/\\\/memurunsesi.net\\\/index.php\\\/author\\\/uniper\\\/\"}]}<\/script>\n<!-- \/ Yoast SEO plugin. -->","yoast_head_json":{"title":"Alevlere teslim olan 3 ev k\u00fcle d\u00f6nd\u00fc - Memurun Sesi","robots":{"index":"index","follow":"follow","max-snippet":"max-snippet:-1","max-image-preview":"max-image-preview:large","max-video-preview":"max-video-preview:-1"},"canonical":"https:\/\/memurunsesi.net\/index.php\/2025\/10\/09\/alevlere-teslim-olan-3-ev-kule-dondu\/","og_locale":"tr_TR","og_type":"article","og_title":"Alevlere teslim olan 3 ev k\u00fcle d\u00f6nd\u00fc - Memurun Sesi","og_description":"\u00c7orum&#8217;un \u0130skilip il\u00e7esinde bir k\u00f6yde \u00e7\u0131kan yang\u0131nda 3 ev kullan\u0131lmaz hale geldi. Olay, d\u00fcn gece saatlerinde \u0130skilip il\u00e7esi Asarc\u0131k k\u00f6y\u00fc Kozveren Mahallesi\u2019nde meydana geldi. Edinilen bilgiye g\u00f6re, \u0130smet \u00c7\u00f6rd\u00fck\u2019e ait evde hen\u00fcz belirlenemeyen sebeple yang\u0131n \u00e7\u0131kt\u0131. K\u0131sa s\u00fcrede b\u00fcy\u00fcyen yang\u0131n Ali \u00c7\u00f6rd\u00fck ve Ahmet \u00c7\u00f6rd\u00fck\u2019e ait evlere s\u0131\u00e7rad\u0131. Yang\u0131n\u0131 g\u00f6ren vatanda\u015flar\u0131n ihbar\u0131 \u00fczerine olay yerine. [&hellip;]","og_url":"https:\/\/memurunsesi.net\/index.php\/2025\/10\/09\/alevlere-teslim-olan-3-ev-kule-dondu\/","og_site_name":"Memurun Sesi","article_publisher":"https:\/\/www.facebook.com\/unipersen\/?locale=tr_TR","article_published_time":"2025-10-09T05:34:12+00:00","og_image":[{"width":1008,"height":1608,"url":"https:\/\/memurunsesi.net\/wp-content\/uploads\/2025\/10\/AW554924_01.jpg","type":"image\/jpeg"}],"author":"Memurun Sesi Haber Merkezi","twitter_card":"summary_large_image","twitter_creator":"@unipersen","twitter_site":"@unipersen","twitter_misc":{"Yazan:":"Memurun Sesi Haber Merkezi","Tahmini okuma s\u00fcresi":"1 dakika"},"schema":{"@context":"https:\/\/schema.org","@graph":[{"@type":"Article","@id":"https:\/\/memurunsesi.net\/index.php\/2025\/10\/09\/alevlere-teslim-olan-3-ev-kule-dondu\/#article","isPartOf":{"@id":"https:\/\/memurunsesi.net\/index.php\/2025\/10\/09\/alevlere-teslim-olan-3-ev-kule-dondu\/"},"author":{"name":"Memurun Sesi Haber Merkezi","@id":"https:\/\/memurunsesi.net\/#\/schema\/person\/f21c2d73b89f6ee1d80b0a1803e38587"},"headline":"Alevlere teslim olan 3 ev k\u00fcle d\u00f6nd\u00fc","datePublished":"2025-10-09T05:34:12+00:00","mainEntityOfPage":{"@id":"https:\/\/memurunsesi.net\/index.php\/2025\/10\/09\/alevlere-teslim-olan-3-ev-kule-dondu\/"},"wordCount":152,"commentCount":0,"publisher":{"@id":"https:\/\/memurunsesi.net\/#organization"},"image":{"@id":"https:\/\/memurunsesi.net\/index.php\/2025\/10\/09\/alevlere-teslim-olan-3-ev-kule-dondu\/#primaryimage"},"thumbnailUrl":"https:\/\/memurunsesi.net\/wp-content\/uploads\/2025\/10\/AW554924_01.jpg","articleSection":["T\u00fcm Haberler"],"inLanguage":"tr","potentialAction":[{"@type":"CommentAction","name":"Comment","target":["https:\/\/memurunsesi.net\/index.php\/2025\/10\/09\/alevlere-teslim-olan-3-ev-kule-dondu\/#respond"]}]},{"@type":"WebPage","@id":"https:\/\/memurunsesi.net\/index.php\/2025\/10\/09\/alevlere-teslim-olan-3-ev-kule-dondu\/","url":"https:\/\/memurunsesi.net\/index.php\/2025\/10\/09\/alevlere-teslim-olan-3-ev-kule-dondu\/","name":"Alevlere teslim olan 3 ev k\u00fcle d\u00f6nd\u00fc - Memurun Sesi","isPartOf":{"@id":"https:\/\/memurunsesi.net\/#website"},"primaryImageOfPage":{"@id":"https:\/\/memurunsesi.net\/index.php\/2025\/10\/09\/alevlere-teslim-olan-3-ev-kule-dondu\/#primaryimage"},"image":{"@id":"https:\/\/memurunsesi.net\/index.php\/2025\/10\/09\/alevlere-teslim-olan-3-ev-kule-dondu\/#primaryimage"},"thumbnailUrl":"https:\/\/memurunsesi.net\/wp-content\/uploads\/2025\/10\/AW554924_01.jpg","datePublished":"2025-10-09T05:34:12+00:00","breadcrumb":{"@id":"https:\/\/memurunsesi.net\/index.php\/2025\/10\/09\/alevlere-teslim-olan-3-ev-kule-dondu\/#breadcrumb"},"inLanguage":"tr","potentialAction":[{"@type":"ReadAction","target":["https:\/\/memurunsesi.net\/index.php\/2025\/10\/09\/alevlere-teslim-olan-3-ev-kule-dondu\/"]}]},{"@type":"ImageObject","inLanguage":"tr","@id":"https:\/\/memurunsesi.net\/index.php\/2025\/10\/09\/alevlere-teslim-olan-3-ev-kule-dondu\/#primaryimage","url":"https:\/\/memurunsesi.net\/wp-content\/uploads\/2025\/10\/AW554924_01.jpg","contentUrl":"https:\/\/memurunsesi.net\/wp-content\/uploads\/2025\/10\/AW554924_01.jpg","width":1008,"height":1608,"caption":"\u00c7ORUM'UN \u0130SK\u0130L\u0130P \u0130L\u00c7ES\u0130NDE B\u0130R K\u00d6YDE \u00c7IKAN YANGINDA 3 EV KULLANILMAZ HALE GELD\u0130. (B\u0130LAL ARICI\/\u00c7ORUM-\u0130HA) \u00c7orum'un \u0130skilip il\u00e7esinde bir k\u00f6yde \u00e7\u0131kan yang\u0131nda 3 ev kullan\u0131lmaz hale geldi."},{"@type":"BreadcrumbList","@id":"https:\/\/memurunsesi.net\/index.php\/2025\/10\/09\/alevlere-teslim-olan-3-ev-kule-dondu\/#breadcrumb","itemListElement":[{"@type":"ListItem","position":1,"name":"Anasayfa","item":"https:\/\/memurunsesi.net\/"},{"@type":"ListItem","position":2,"name":"Alevlere teslim olan 3 ev k\u00fcle d\u00f6nd\u00fc"}]},{"@type":"WebSite","@id":"https:\/\/memurunsesi.net\/#website","url":"https:\/\/memurunsesi.net\/","name":"Memurun Sesi","description":"G\u00fcncel ve Do\u011fru Haber","publisher":{"@id":"https:\/\/memurunsesi.net\/#organization"},"potentialAction":[{"@type":"SearchAction","target":{"@type":"EntryPoint","urlTemplate":"https:\/\/memurunsesi.net\/?s={search_term_string}"},"query-input":{"@type":"PropertyValueSpecification","valueRequired":true,"valueName":"search_term_string"}}],"inLanguage":"tr"},{"@type":"Organization","@id":"https:\/\/memurunsesi.net\/#organization","name":"Memurun Sesi","url":"https:\/\/memurunsesi.net\/","logo":{"@type":"ImageObject","inLanguage":"tr","@id":"https:\/\/memurunsesi.net\/#\/schema\/logo\/image\/","url":"https:\/\/memurunsesi.net\/wp-content\/uploads\/2025\/11\/cropped-MEMURUN-SESI.png","contentUrl":"https:\/\/memurunsesi.net\/wp-content\/uploads\/2025\/11\/cropped-MEMURUN-SESI.png","width":238,"height":57,"caption":"Memurun Sesi"},"image":{"@id":"https:\/\/memurunsesi.net\/#\/schema\/logo\/image\/"},"sameAs":["https:\/\/www.facebook.com\/unipersen\/?locale=tr_TR","https:\/\/x.com\/unipersen"]},{"@type":"Person","@id":"https:\/\/memurunsesi.net\/#\/schema\/person\/f21c2d73b89f6ee1d80b0a1803e38587","name":"Memurun Sesi Haber Merkezi","image":{"@type":"ImageObject","inLanguage":"tr","@id":"https:\/\/secure.gravatar.com\/avatar\/6cf0505f452ee753f485014986fab09a434671d2b919ee76fc541025c5876a70?s=96&d=mm&r=g","url":"https:\/\/secure.gravatar.com\/avatar\/6cf0505f452ee753f485014986fab09a434671d2b919ee76fc541025c5876a70?s=96&d=mm&r=g","contentUrl":"https:\/\/secure.gravatar.com\/avatar\/6cf0505f452ee753f485014986fab09a434671d2b919ee76fc541025c5876a70?s=96&d=mm&r=g","caption":"Memurun Sesi Haber Merkezi"},"sameAs":["https:\/\/memurunsesi.net"],"url":"https:\/\/memurunsesi.net\/index.php\/author\/uniper\/"}]}},"_links":{"self":[{"href":"https:\/\/memurunsesi.net\/index.php\/wp-json\/wp\/v2\/posts\/12719","targetHints":{"allow":["GET"]}}],"collection":[{"href":"https:\/\/memurunsesi.net\/index.php\/wp-json\/wp\/v2\/posts"}],"about":[{"href":"https:\/\/memurunsesi.net\/index.php\/wp-json\/wp\/v2\/types\/post"}],"author":[{"embeddable":true,"href":"https:\/\/memurunsesi.net\/index.php\/wp-json\/wp\/v2\/users\/1"}],"replies":[{"embeddable":true,"href":"https:\/\/memurunsesi.net\/index.php\/wp-json\/wp\/v2\/comments?post=12719"}],"version-history":[{"count":1,"href":"https:\/\/memurunsesi.net\/index.php\/wp-json\/wp\/v2\/posts\/12719\/revisions"}],"predecessor-version":[{"id":12721,"href":"https:\/\/memurunsesi.net\/index.php\/wp-json\/wp\/v2\/posts\/12719\/revisions\/12721"}],"wp:featuredmedia":[{"embeddable":true,"href":"https:\/\/memurunsesi.net\/index.php\/wp-json\/wp\/v2\/media\/12720"}],"wp:attachment":[{"href":"https:\/\/memurunsesi.net\/index.php\/wp-json\/wp\/v2\/media?parent=12719"}],"wp:term":[{"taxonomy":"category","embeddable":true,"href":"https:\/\/memurunsesi.net\/index.php\/wp-json\/wp\/v2\/categories?post=12719"},{"taxonomy":"post_tag","embeddable":true,"href":"https:\/\/memurunsesi.net\/index.php\/wp-json\/wp\/v2\/tags?post=12719"}],"curies":[{"name":"wp","href":"https:\/\/api.w.org\/{rel}","templated":true}]}}