{"id":12831,"date":"2025-10-11T20:31:51","date_gmt":"2025-10-11T17:31:51","guid":{"rendered":"https:\/\/memurunsesi.net\/?p=12831"},"modified":"2025-10-11T20:31:51","modified_gmt":"2025-10-11T17:31:51","slug":"tff-2-lig-aliagaspor-fk-8-yeni-malatyaspor-1","status":"publish","type":"post","link":"https:\/\/memurunsesi.net\/index.php\/2025\/10\/11\/tff-2-lig-aliagaspor-fk-8-yeni-malatyaspor-1\/","title":{"rendered":"TFF 2. Lig: Alia\u011faspor FK: 8 &#8211; Yeni Malatyaspor: 1"},"content":{"rendered":"<p>  TFF 2. Lig K\u0131rm\u0131z\u0131 Grup 8. hafta ma\u00e7\u0131nda Alia\u011faspor FK, evinde kar\u015f\u0131la\u015ft\u0131\u011f\u0131 Yeni Malatyaspor\u2019u 8-1 ma\u011flup etti.   <\/p>\n<p>  Stat: Alia\u011fa Atat\u00fcrk<br \/>\n  Hakemler: Berat Can Ta\u015fkesen, Hakan \u00d6zler, Mertcan Tezcan<br \/>\nAlia\u011faspor FK: Ahmet Pekg\u00f6z, Veli \u00c7etin (Necati \u00d6zdemir dk. 70), Erhan Kartal, Musa \u015eahindere, Hasan K\u0131l\u0131\u00e7, Mertcan A\u00e7\u0131kg\u00f6z (Ahmet \u0130lhan \u00d6zek dk. 60), Muammer Sar\u0131kaya (Mustafa Saymak dk. 82), Sergen Pi\u00e7inciol, Harun Kavakl\u0131dere, Malik Karaahmet (Eray Akar dk. 82), G\u00f6ktu\u011f Y\u0131lmaz (Hakan Demir dk. 60)<br \/>\n  Yeni Malatyaspor: \u00c7\u0131nar Y\u0131ld\u0131zl\u0131, Muhammed G\u00f6kt\u00fcrk G\u00f6k, \u00d6mer \u00c7a\u011fr\u0131 Ata\u015f (Mira\u00e7 K\u00fc\u00e7\u00fck dk. 78), K\u00fcr\u015fat Y\u0131lmaz Selamo\u011flu (Emirhan Y\u0131lmazer dk. 78), Ferhat Canl\u0131, Enes Nas, Emir Ulusoy, Kerem Altun\u0131\u015f\u0131k (Kemalcan Esen dk. 60), Murat \u015eamil G\u00fcler (Eray \u015ei\u015fman dk. 60), Osman Katipo\u011flu, Talha Garip<br \/>\n  Goller: Muammer Sar\u0131kaya (dk. 13, Malik Karaahmet (dk. 23, 45, 63 ve 65), Mertcan A\u00e7\u0131kg\u00f6z dk. 42), Sergen Pi\u00e7inciol (dk. 69), Ahmet \u0130lhan \u00d6zek (dk. 83) (Alia\u011faspor FK), Eray \u015ei\u015fman (dk. 72) (Yeni Malatyaspor)<br \/>\n  K\u0131rm\u0131z\u0131 kart: Osman Katipo\u011flu (dk. 73) (Yeni Malatyaspor) <\/p>\n<p>11.10.2025                                 <\/p>\n","protected":false},"excerpt":{"rendered":"<p>TFF 2. Lig K\u0131rm\u0131z\u0131 Grup 8. hafta ma\u00e7\u0131nda Alia\u011faspor FK, evinde kar\u015f\u0131la\u015ft\u0131\u011f\u0131 Yeni Malatyaspor\u2019u 8-1 ma\u011flup etti. Stat: Alia\u011fa Atat\u00fcrk Hakemler: Berat Can Ta\u015fkesen, Hakan \u00d6zler, Mertcan Tezcan Alia\u011faspor FK: Ahmet Pekg\u00f6z, Veli \u00c7etin (Necati \u00d6zdemir dk. 70), Erhan Kartal, Musa \u015eahindere, Hasan K\u0131l\u0131\u00e7, Mertcan A\u00e7\u0131kg\u00f6z (Ahmet \u0130lhan \u00d6zek dk. 60), Muammer Sar\u0131kaya (Mustafa Saymak [&hellip;]<\/p>\n","protected":false},"author":1,"featured_media":12832,"comment_status":"open","ping_status":"open","sticky":false,"template":"","format":"standard","meta":{"footnotes":""},"categories":[1],"tags":[],"class_list":["post-12831","post","type-post","status-publish","format-standard","has-post-thumbnail","hentry","category-genel"],"yoast_head":"<!-- This site is optimized with the Yoast SEO plugin v27.4 - https:\/\/yoast.com\/product\/yoast-seo-wordpress\/ -->\n<title>TFF 2. Lig: Alia\u011faspor FK: 8 - Yeni Malatyaspor: 1 - Memurun Sesi<\/title>\n<meta name=\"robots\" content=\"index, follow, max-snippet:-1, max-image-preview:large, max-video-preview:-1\" \/>\n<link rel=\"canonical\" href=\"https:\/\/memurunsesi.net\/index.php\/2025\/10\/11\/tff-2-lig-aliagaspor-fk-8-yeni-malatyaspor-1\/\" \/>\n<meta property=\"og:locale\" content=\"tr_TR\" \/>\n<meta property=\"og:type\" content=\"article\" \/>\n<meta property=\"og:title\" content=\"TFF 2. Lig: Alia\u011faspor FK: 8 - Yeni Malatyaspor: 1 - Memurun Sesi\" \/>\n<meta property=\"og:description\" content=\"TFF 2. Lig K\u0131rm\u0131z\u0131 Grup 8. hafta ma\u00e7\u0131nda Alia\u011faspor FK, evinde kar\u015f\u0131la\u015ft\u0131\u011f\u0131 Yeni Malatyaspor\u2019u 8-1 ma\u011flup etti. Stat: Alia\u011fa Atat\u00fcrk Hakemler: Berat Can Ta\u015fkesen, Hakan \u00d6zler, Mertcan Tezcan Alia\u011faspor FK: Ahmet Pekg\u00f6z, Veli \u00c7etin (Necati \u00d6zdemir dk. 70), Erhan Kartal, Musa \u015eahindere, Hasan K\u0131l\u0131\u00e7, Mertcan A\u00e7\u0131kg\u00f6z (Ahmet \u0130lhan \u00d6zek dk. 60), Muammer Sar\u0131kaya (Mustafa Saymak [&hellip;]\" \/>\n<meta property=\"og:url\" content=\"https:\/\/memurunsesi.net\/index.php\/2025\/10\/11\/tff-2-lig-aliagaspor-fk-8-yeni-malatyaspor-1\/\" \/>\n<meta property=\"og:site_name\" content=\"Memurun Sesi\" \/>\n<meta property=\"article:publisher\" content=\"https:\/\/www.facebook.com\/unipersen\/?locale=tr_TR\" \/>\n<meta property=\"article:published_time\" content=\"2025-10-11T17:31:51+00:00\" \/>\n<meta property=\"og:image\" content=\"https:\/\/memurunsesi.net\/wp-content\/uploads\/2025\/10\/AW556860_01-scaled.jpg\" \/>\n\t<meta property=\"og:image:width\" content=\"2560\" \/>\n\t<meta property=\"og:image:height\" content=\"1707\" \/>\n\t<meta property=\"og:image:type\" content=\"image\/jpeg\" \/>\n<meta name=\"author\" content=\"Memurun Sesi Haber Merkezi\" \/>\n<meta name=\"twitter:card\" content=\"summary_large_image\" \/>\n<meta name=\"twitter:creator\" content=\"@unipersen\" \/>\n<meta name=\"twitter:site\" content=\"@unipersen\" \/>\n<meta name=\"twitter:label1\" content=\"Yazan:\" \/>\n\t<meta name=\"twitter:data1\" content=\"Memurun Sesi Haber Merkezi\" \/>\n\t<meta name=\"twitter:label2\" content=\"Tahmini okuma s\u00fcresi\" \/>\n\t<meta name=\"twitter:data2\" content=\"1 dakika\" \/>\n<script type=\"application\/ld+json\" class=\"yoast-schema-graph\">{\"@context\":\"https:\\\/\\\/schema.org\",\"@graph\":[{\"@type\":\"Article\",\"@id\":\"https:\\\/\\\/memurunsesi.net\\\/index.php\\\/2025\\\/10\\\/11\\\/tff-2-lig-aliagaspor-fk-8-yeni-malatyaspor-1\\\/#article\",\"isPartOf\":{\"@id\":\"https:\\\/\\\/memurunsesi.net\\\/index.php\\\/2025\\\/10\\\/11\\\/tff-2-lig-aliagaspor-fk-8-yeni-malatyaspor-1\\\/\"},\"author\":{\"name\":\"Memurun Sesi Haber Merkezi\",\"@id\":\"https:\\\/\\\/memurunsesi.net\\\/#\\\/schema\\\/person\\\/f21c2d73b89f6ee1d80b0a1803e38587\"},\"headline\":\"TFF 2. Lig: Alia\u011faspor FK: 8 &#8211; Yeni Malatyaspor: 1\",\"datePublished\":\"2025-10-11T17:31:51+00:00\",\"mainEntityOfPage\":{\"@id\":\"https:\\\/\\\/memurunsesi.net\\\/index.php\\\/2025\\\/10\\\/11\\\/tff-2-lig-aliagaspor-fk-8-yeni-malatyaspor-1\\\/\"},\"wordCount\":192,\"commentCount\":0,\"publisher\":{\"@id\":\"https:\\\/\\\/memurunsesi.net\\\/#organization\"},\"image\":{\"@id\":\"https:\\\/\\\/memurunsesi.net\\\/index.php\\\/2025\\\/10\\\/11\\\/tff-2-lig-aliagaspor-fk-8-yeni-malatyaspor-1\\\/#primaryimage\"},\"thumbnailUrl\":\"https:\\\/\\\/memurunsesi.net\\\/wp-content\\\/uploads\\\/2025\\\/10\\\/AW556860_01-scaled.jpg\",\"inLanguage\":\"tr\",\"potentialAction\":[{\"@type\":\"CommentAction\",\"name\":\"Comment\",\"target\":[\"https:\\\/\\\/memurunsesi.net\\\/index.php\\\/2025\\\/10\\\/11\\\/tff-2-lig-aliagaspor-fk-8-yeni-malatyaspor-1\\\/#respond\"]}]},{\"@type\":\"WebPage\",\"@id\":\"https:\\\/\\\/memurunsesi.net\\\/index.php\\\/2025\\\/10\\\/11\\\/tff-2-lig-aliagaspor-fk-8-yeni-malatyaspor-1\\\/\",\"url\":\"https:\\\/\\\/memurunsesi.net\\\/index.php\\\/2025\\\/10\\\/11\\\/tff-2-lig-aliagaspor-fk-8-yeni-malatyaspor-1\\\/\",\"name\":\"TFF 2. Lig: Alia\u011faspor FK: 8 - Yeni Malatyaspor: 1 - Memurun Sesi\",\"isPartOf\":{\"@id\":\"https:\\\/\\\/memurunsesi.net\\\/#website\"},\"primaryImageOfPage\":{\"@id\":\"https:\\\/\\\/memurunsesi.net\\\/index.php\\\/2025\\\/10\\\/11\\\/tff-2-lig-aliagaspor-fk-8-yeni-malatyaspor-1\\\/#primaryimage\"},\"image\":{\"@id\":\"https:\\\/\\\/memurunsesi.net\\\/index.php\\\/2025\\\/10\\\/11\\\/tff-2-lig-aliagaspor-fk-8-yeni-malatyaspor-1\\\/#primaryimage\"},\"thumbnailUrl\":\"https:\\\/\\\/memurunsesi.net\\\/wp-content\\\/uploads\\\/2025\\\/10\\\/AW556860_01-scaled.jpg\",\"datePublished\":\"2025-10-11T17:31:51+00:00\",\"breadcrumb\":{\"@id\":\"https:\\\/\\\/memurunsesi.net\\\/index.php\\\/2025\\\/10\\\/11\\\/tff-2-lig-aliagaspor-fk-8-yeni-malatyaspor-1\\\/#breadcrumb\"},\"inLanguage\":\"tr\",\"potentialAction\":[{\"@type\":\"ReadAction\",\"target\":[\"https:\\\/\\\/memurunsesi.net\\\/index.php\\\/2025\\\/10\\\/11\\\/tff-2-lig-aliagaspor-fk-8-yeni-malatyaspor-1\\\/\"]}]},{\"@type\":\"ImageObject\",\"inLanguage\":\"tr\",\"@id\":\"https:\\\/\\\/memurunsesi.net\\\/index.php\\\/2025\\\/10\\\/11\\\/tff-2-lig-aliagaspor-fk-8-yeni-malatyaspor-1\\\/#primaryimage\",\"url\":\"https:\\\/\\\/memurunsesi.net\\\/wp-content\\\/uploads\\\/2025\\\/10\\\/AW556860_01-scaled.jpg\",\"contentUrl\":\"https:\\\/\\\/memurunsesi.net\\\/wp-content\\\/uploads\\\/2025\\\/10\\\/AW556860_01-scaled.jpg\",\"width\":2560,\"height\":1707,\"caption\":\"TFF 2. L\u0130G KIRMIZI GRUP 8.HAFTA MA\u00c7INDA AL\u0130A\u011eASPOR FK, EV\u0130NDE KAR\u015eILA\u015eTI\u011eI YEN\u0130 MALATYASPOR'U 8-1 MA\u011eLUP ETT\u0130. (\u0130HA\\\/\u0130ZM\u0130R-\u0130HA) TFF 2. Lig K\u0131rm\u0131z\u0131 Grup 8. hafta ma\u00e7\u0131nda Alia\u011faspor FK, evinde kar\u015f\u0131la\u015ft\u0131\u011f\u0131 Yeni Malatyaspor'u 8-1 ma\u011flup etti.\"},{\"@type\":\"BreadcrumbList\",\"@id\":\"https:\\\/\\\/memurunsesi.net\\\/index.php\\\/2025\\\/10\\\/11\\\/tff-2-lig-aliagaspor-fk-8-yeni-malatyaspor-1\\\/#breadcrumb\",\"itemListElement\":[{\"@type\":\"ListItem\",\"position\":1,\"name\":\"Anasayfa\",\"item\":\"https:\\\/\\\/memurunsesi.net\\\/\"},{\"@type\":\"ListItem\",\"position\":2,\"name\":\"TFF 2. Lig: Alia\u011faspor FK: 8 &#8211; Yeni Malatyaspor: 1\"}]},{\"@type\":\"WebSite\",\"@id\":\"https:\\\/\\\/memurunsesi.net\\\/#website\",\"url\":\"https:\\\/\\\/memurunsesi.net\\\/\",\"name\":\"Memurun Sesi\",\"description\":\"G\u00fcncel ve Do\u011fru Haber\",\"publisher\":{\"@id\":\"https:\\\/\\\/memurunsesi.net\\\/#organization\"},\"potentialAction\":[{\"@type\":\"SearchAction\",\"target\":{\"@type\":\"EntryPoint\",\"urlTemplate\":\"https:\\\/\\\/memurunsesi.net\\\/?s={search_term_string}\"},\"query-input\":{\"@type\":\"PropertyValueSpecification\",\"valueRequired\":true,\"valueName\":\"search_term_string\"}}],\"inLanguage\":\"tr\"},{\"@type\":\"Organization\",\"@id\":\"https:\\\/\\\/memurunsesi.net\\\/#organization\",\"name\":\"Memurun Sesi\",\"url\":\"https:\\\/\\\/memurunsesi.net\\\/\",\"logo\":{\"@type\":\"ImageObject\",\"inLanguage\":\"tr\",\"@id\":\"https:\\\/\\\/memurunsesi.net\\\/#\\\/schema\\\/logo\\\/image\\\/\",\"url\":\"https:\\\/\\\/memurunsesi.net\\\/wp-content\\\/uploads\\\/2025\\\/11\\\/cropped-MEMURUN-SESI.png\",\"contentUrl\":\"https:\\\/\\\/memurunsesi.net\\\/wp-content\\\/uploads\\\/2025\\\/11\\\/cropped-MEMURUN-SESI.png\",\"width\":238,\"height\":57,\"caption\":\"Memurun Sesi\"},\"image\":{\"@id\":\"https:\\\/\\\/memurunsesi.net\\\/#\\\/schema\\\/logo\\\/image\\\/\"},\"sameAs\":[\"https:\\\/\\\/www.facebook.com\\\/unipersen\\\/?locale=tr_TR\",\"https:\\\/\\\/x.com\\\/unipersen\"]},{\"@type\":\"Person\",\"@id\":\"https:\\\/\\\/memurunsesi.net\\\/#\\\/schema\\\/person\\\/f21c2d73b89f6ee1d80b0a1803e38587\",\"name\":\"Memurun Sesi Haber Merkezi\",\"image\":{\"@type\":\"ImageObject\",\"inLanguage\":\"tr\",\"@id\":\"https:\\\/\\\/secure.gravatar.com\\\/avatar\\\/6cf0505f452ee753f485014986fab09a434671d2b919ee76fc541025c5876a70?s=96&d=mm&r=g\",\"url\":\"https:\\\/\\\/secure.gravatar.com\\\/avatar\\\/6cf0505f452ee753f485014986fab09a434671d2b919ee76fc541025c5876a70?s=96&d=mm&r=g\",\"contentUrl\":\"https:\\\/\\\/secure.gravatar.com\\\/avatar\\\/6cf0505f452ee753f485014986fab09a434671d2b919ee76fc541025c5876a70?s=96&d=mm&r=g\",\"caption\":\"Memurun Sesi Haber Merkezi\"},\"sameAs\":[\"https:\\\/\\\/memurunsesi.net\"],\"url\":\"https:\\\/\\\/memurunsesi.net\\\/index.php\\\/author\\\/uniper\\\/\"}]}<\/script>\n<!-- \/ Yoast SEO plugin. -->","yoast_head_json":{"title":"TFF 2. Lig: Alia\u011faspor FK: 8 - Yeni Malatyaspor: 1 - Memurun Sesi","robots":{"index":"index","follow":"follow","max-snippet":"max-snippet:-1","max-image-preview":"max-image-preview:large","max-video-preview":"max-video-preview:-1"},"canonical":"https:\/\/memurunsesi.net\/index.php\/2025\/10\/11\/tff-2-lig-aliagaspor-fk-8-yeni-malatyaspor-1\/","og_locale":"tr_TR","og_type":"article","og_title":"TFF 2. Lig: Alia\u011faspor FK: 8 - Yeni Malatyaspor: 1 - Memurun Sesi","og_description":"TFF 2. Lig K\u0131rm\u0131z\u0131 Grup 8. hafta ma\u00e7\u0131nda Alia\u011faspor FK, evinde kar\u015f\u0131la\u015ft\u0131\u011f\u0131 Yeni Malatyaspor\u2019u 8-1 ma\u011flup etti. Stat: Alia\u011fa Atat\u00fcrk Hakemler: Berat Can Ta\u015fkesen, Hakan \u00d6zler, Mertcan Tezcan Alia\u011faspor FK: Ahmet Pekg\u00f6z, Veli \u00c7etin (Necati \u00d6zdemir dk. 70), Erhan Kartal, Musa \u015eahindere, Hasan K\u0131l\u0131\u00e7, Mertcan A\u00e7\u0131kg\u00f6z (Ahmet \u0130lhan \u00d6zek dk. 60), Muammer Sar\u0131kaya (Mustafa Saymak [&hellip;]","og_url":"https:\/\/memurunsesi.net\/index.php\/2025\/10\/11\/tff-2-lig-aliagaspor-fk-8-yeni-malatyaspor-1\/","og_site_name":"Memurun Sesi","article_publisher":"https:\/\/www.facebook.com\/unipersen\/?locale=tr_TR","article_published_time":"2025-10-11T17:31:51+00:00","og_image":[{"width":2560,"height":1707,"url":"https:\/\/memurunsesi.net\/wp-content\/uploads\/2025\/10\/AW556860_01-scaled.jpg","type":"image\/jpeg"}],"author":"Memurun Sesi Haber Merkezi","twitter_card":"summary_large_image","twitter_creator":"@unipersen","twitter_site":"@unipersen","twitter_misc":{"Yazan:":"Memurun Sesi Haber Merkezi","Tahmini okuma s\u00fcresi":"1 dakika"},"schema":{"@context":"https:\/\/schema.org","@graph":[{"@type":"Article","@id":"https:\/\/memurunsesi.net\/index.php\/2025\/10\/11\/tff-2-lig-aliagaspor-fk-8-yeni-malatyaspor-1\/#article","isPartOf":{"@id":"https:\/\/memurunsesi.net\/index.php\/2025\/10\/11\/tff-2-lig-aliagaspor-fk-8-yeni-malatyaspor-1\/"},"author":{"name":"Memurun Sesi Haber Merkezi","@id":"https:\/\/memurunsesi.net\/#\/schema\/person\/f21c2d73b89f6ee1d80b0a1803e38587"},"headline":"TFF 2. Lig: Alia\u011faspor FK: 8 &#8211; Yeni Malatyaspor: 1","datePublished":"2025-10-11T17:31:51+00:00","mainEntityOfPage":{"@id":"https:\/\/memurunsesi.net\/index.php\/2025\/10\/11\/tff-2-lig-aliagaspor-fk-8-yeni-malatyaspor-1\/"},"wordCount":192,"commentCount":0,"publisher":{"@id":"https:\/\/memurunsesi.net\/#organization"},"image":{"@id":"https:\/\/memurunsesi.net\/index.php\/2025\/10\/11\/tff-2-lig-aliagaspor-fk-8-yeni-malatyaspor-1\/#primaryimage"},"thumbnailUrl":"https:\/\/memurunsesi.net\/wp-content\/uploads\/2025\/10\/AW556860_01-scaled.jpg","inLanguage":"tr","potentialAction":[{"@type":"CommentAction","name":"Comment","target":["https:\/\/memurunsesi.net\/index.php\/2025\/10\/11\/tff-2-lig-aliagaspor-fk-8-yeni-malatyaspor-1\/#respond"]}]},{"@type":"WebPage","@id":"https:\/\/memurunsesi.net\/index.php\/2025\/10\/11\/tff-2-lig-aliagaspor-fk-8-yeni-malatyaspor-1\/","url":"https:\/\/memurunsesi.net\/index.php\/2025\/10\/11\/tff-2-lig-aliagaspor-fk-8-yeni-malatyaspor-1\/","name":"TFF 2. Lig: Alia\u011faspor FK: 8 - Yeni Malatyaspor: 1 - Memurun Sesi","isPartOf":{"@id":"https:\/\/memurunsesi.net\/#website"},"primaryImageOfPage":{"@id":"https:\/\/memurunsesi.net\/index.php\/2025\/10\/11\/tff-2-lig-aliagaspor-fk-8-yeni-malatyaspor-1\/#primaryimage"},"image":{"@id":"https:\/\/memurunsesi.net\/index.php\/2025\/10\/11\/tff-2-lig-aliagaspor-fk-8-yeni-malatyaspor-1\/#primaryimage"},"thumbnailUrl":"https:\/\/memurunsesi.net\/wp-content\/uploads\/2025\/10\/AW556860_01-scaled.jpg","datePublished":"2025-10-11T17:31:51+00:00","breadcrumb":{"@id":"https:\/\/memurunsesi.net\/index.php\/2025\/10\/11\/tff-2-lig-aliagaspor-fk-8-yeni-malatyaspor-1\/#breadcrumb"},"inLanguage":"tr","potentialAction":[{"@type":"ReadAction","target":["https:\/\/memurunsesi.net\/index.php\/2025\/10\/11\/tff-2-lig-aliagaspor-fk-8-yeni-malatyaspor-1\/"]}]},{"@type":"ImageObject","inLanguage":"tr","@id":"https:\/\/memurunsesi.net\/index.php\/2025\/10\/11\/tff-2-lig-aliagaspor-fk-8-yeni-malatyaspor-1\/#primaryimage","url":"https:\/\/memurunsesi.net\/wp-content\/uploads\/2025\/10\/AW556860_01-scaled.jpg","contentUrl":"https:\/\/memurunsesi.net\/wp-content\/uploads\/2025\/10\/AW556860_01-scaled.jpg","width":2560,"height":1707,"caption":"TFF 2. L\u0130G KIRMIZI GRUP 8.HAFTA MA\u00c7INDA AL\u0130A\u011eASPOR FK, EV\u0130NDE KAR\u015eILA\u015eTI\u011eI YEN\u0130 MALATYASPOR'U 8-1 MA\u011eLUP ETT\u0130. (\u0130HA\/\u0130ZM\u0130R-\u0130HA) TFF 2. Lig K\u0131rm\u0131z\u0131 Grup 8. hafta ma\u00e7\u0131nda Alia\u011faspor FK, evinde kar\u015f\u0131la\u015ft\u0131\u011f\u0131 Yeni Malatyaspor'u 8-1 ma\u011flup etti."},{"@type":"BreadcrumbList","@id":"https:\/\/memurunsesi.net\/index.php\/2025\/10\/11\/tff-2-lig-aliagaspor-fk-8-yeni-malatyaspor-1\/#breadcrumb","itemListElement":[{"@type":"ListItem","position":1,"name":"Anasayfa","item":"https:\/\/memurunsesi.net\/"},{"@type":"ListItem","position":2,"name":"TFF 2. Lig: Alia\u011faspor FK: 8 &#8211; Yeni Malatyaspor: 1"}]},{"@type":"WebSite","@id":"https:\/\/memurunsesi.net\/#website","url":"https:\/\/memurunsesi.net\/","name":"Memurun Sesi","description":"G\u00fcncel ve Do\u011fru Haber","publisher":{"@id":"https:\/\/memurunsesi.net\/#organization"},"potentialAction":[{"@type":"SearchAction","target":{"@type":"EntryPoint","urlTemplate":"https:\/\/memurunsesi.net\/?s={search_term_string}"},"query-input":{"@type":"PropertyValueSpecification","valueRequired":true,"valueName":"search_term_string"}}],"inLanguage":"tr"},{"@type":"Organization","@id":"https:\/\/memurunsesi.net\/#organization","name":"Memurun Sesi","url":"https:\/\/memurunsesi.net\/","logo":{"@type":"ImageObject","inLanguage":"tr","@id":"https:\/\/memurunsesi.net\/#\/schema\/logo\/image\/","url":"https:\/\/memurunsesi.net\/wp-content\/uploads\/2025\/11\/cropped-MEMURUN-SESI.png","contentUrl":"https:\/\/memurunsesi.net\/wp-content\/uploads\/2025\/11\/cropped-MEMURUN-SESI.png","width":238,"height":57,"caption":"Memurun Sesi"},"image":{"@id":"https:\/\/memurunsesi.net\/#\/schema\/logo\/image\/"},"sameAs":["https:\/\/www.facebook.com\/unipersen\/?locale=tr_TR","https:\/\/x.com\/unipersen"]},{"@type":"Person","@id":"https:\/\/memurunsesi.net\/#\/schema\/person\/f21c2d73b89f6ee1d80b0a1803e38587","name":"Memurun Sesi Haber Merkezi","image":{"@type":"ImageObject","inLanguage":"tr","@id":"https:\/\/secure.gravatar.com\/avatar\/6cf0505f452ee753f485014986fab09a434671d2b919ee76fc541025c5876a70?s=96&d=mm&r=g","url":"https:\/\/secure.gravatar.com\/avatar\/6cf0505f452ee753f485014986fab09a434671d2b919ee76fc541025c5876a70?s=96&d=mm&r=g","contentUrl":"https:\/\/secure.gravatar.com\/avatar\/6cf0505f452ee753f485014986fab09a434671d2b919ee76fc541025c5876a70?s=96&d=mm&r=g","caption":"Memurun Sesi Haber Merkezi"},"sameAs":["https:\/\/memurunsesi.net"],"url":"https:\/\/memurunsesi.net\/index.php\/author\/uniper\/"}]}},"_links":{"self":[{"href":"https:\/\/memurunsesi.net\/index.php\/wp-json\/wp\/v2\/posts\/12831","targetHints":{"allow":["GET"]}}],"collection":[{"href":"https:\/\/memurunsesi.net\/index.php\/wp-json\/wp\/v2\/posts"}],"about":[{"href":"https:\/\/memurunsesi.net\/index.php\/wp-json\/wp\/v2\/types\/post"}],"author":[{"embeddable":true,"href":"https:\/\/memurunsesi.net\/index.php\/wp-json\/wp\/v2\/users\/1"}],"replies":[{"embeddable":true,"href":"https:\/\/memurunsesi.net\/index.php\/wp-json\/wp\/v2\/comments?post=12831"}],"version-history":[{"count":1,"href":"https:\/\/memurunsesi.net\/index.php\/wp-json\/wp\/v2\/posts\/12831\/revisions"}],"predecessor-version":[{"id":12833,"href":"https:\/\/memurunsesi.net\/index.php\/wp-json\/wp\/v2\/posts\/12831\/revisions\/12833"}],"wp:featuredmedia":[{"embeddable":true,"href":"https:\/\/memurunsesi.net\/index.php\/wp-json\/wp\/v2\/media\/12832"}],"wp:attachment":[{"href":"https:\/\/memurunsesi.net\/index.php\/wp-json\/wp\/v2\/media?parent=12831"}],"wp:term":[{"taxonomy":"category","embeddable":true,"href":"https:\/\/memurunsesi.net\/index.php\/wp-json\/wp\/v2\/categories?post=12831"},{"taxonomy":"post_tag","embeddable":true,"href":"https:\/\/memurunsesi.net\/index.php\/wp-json\/wp\/v2\/tags?post=12831"}],"curies":[{"name":"wp","href":"https:\/\/api.w.org\/{rel}","templated":true}]}}