{"id":12834,"date":"2025-10-12T09:36:00","date_gmt":"2025-10-12T06:36:00","guid":{"rendered":"https:\/\/memurunsesi.net\/?p=12834"},"modified":"2025-10-12T09:36:00","modified_gmt":"2025-10-12T06:36:00","slug":"turkiyedeki-tum-bilim-merkezleri-ile-ortak-konferans","status":"publish","type":"post","link":"https:\/\/memurunsesi.net\/index.php\/2025\/10\/12\/turkiyedeki-tum-bilim-merkezleri-ile-ortak-konferans\/","title":{"rendered":"T\u00fcrkiye\u2019deki t\u00fcm bilim merkezleri ile ortak konferans"},"content":{"rendered":"<p>  &#8211; Gen\u00e7lere g\u00f6ky\u00fcz\u00fc ve uzay meslekleri anlat\u0131ld\u0131<br \/>\n  &#8211; Ba\u015fkan \u00d6zl\u00fc: &#8220;Buray\u0131 sizin i\u00e7in yapt\u0131k, yeter ki bilimi sevin&#8221; <\/p>\n<p>   D\u00fczce Bilim Merkezi, T\u00fcrkiye\u2019deki bilim merkezleri ile ortak d\u00fczenlenen konferansa kat\u0131ld\u0131. \u0130stanbul \u00dcniversitesi Fen Fak\u00fcltesi Astronomi ve Uzay Bilimleri B\u00f6l\u00fcm\u00fc Genel Astronomi Ana Bilim Dal\u0131 \u00d6\u011fretim \u00dcyesi Prof. Dr. Ahmet Talat Sayga\u00e7\u2019\u0131n &#8220;Uzay Meslekleri&#8221; sunumu yapt\u0131\u011f\u0131 etkinlikte D\u00fczce Belediye Ba\u015fkan\u0131 Dr. Faruk \u00d6zl\u00fc de \u00f6\u011frencileri yaln\u0131z b\u0131rakmad\u0131.<br \/>\n  D\u00fczce Belediyesi sosyal ve k\u00fclt\u00fcrel etkinliklerini \u00e7ok y\u00f6nl\u00fc \u015fekilde s\u00fcrd\u00fcr\u00fcyor. D\u00fczce Bilim Merkezi\u2019nde a\u00e7\u0131lan sergi kapsam\u0131nda ve D\u00fcnya Uzay Haftas\u0131 dolay\u0131s\u0131yla ortak bir etkinlik d\u00fczenlendi. T\u00fcrkiye\u2019deki t\u00fcm bilim merkezleri ile T\u00fcrk Uzay Ajans\u0131&#8217;n\u0131n canl\u0131 ba\u011flant\u0131 ile bir araya getirildi\u011fi organizasyonda Ba\u015fkan Faruk \u00d6zl\u00fc, Fatih Ortaokulu \u00f6\u011frencileri ile bulu\u015ftu.<br \/>\n  \u0130stanbul \u00dcniversitesi Fen Fak\u00fcltesi Astronomi ve Uzay Bilimleri B\u00f6l\u00fcm\u00fc Genel Astronomi Ana Bilim Dal\u0131 \u00d6\u011fretim \u00dcyesi Prof. Dr. Ahmet Talat Sayga\u00e7\u2019\u0131n &#8220;Uzay Meslekleri&#8221; sunumu ile ba\u015flayan konferansa kat\u0131lan \u00d6zl\u00fc, \u00e7ocuklar\u0131n merak etti\u011fi sorulara yan\u0131t verirken D\u00fczce Bilim Merkezi in\u015fa s\u00fcrecini anlatt\u0131. Ba\u015fkan \u00d6zl\u00fc, &#8220;D\u00fczce\u2019de bilimi sevdirmek, \u00e7ocuklar\u0131m\u0131z\u0131 ve gen\u00e7lerimizi bilimsel \u00e7al\u0131\u015fmalara te\u015fvik etmek amac\u0131yla bu merkezi kurduk. Siz yeter ki bilimi sevin ve ilgilenin diye bunu yapt\u0131k. \u00d6\u011fretmenlerinizle buraya gelin ve faaliyetlere kat\u0131l\u0131n istiyoruz. Sevgili gen\u00e7ler \u00e7ok \u00e7al\u0131\u015f\u0131n, yapmak istedi\u011finiz ne olursa olsun en iyisini yapmak i\u00e7in \u00e7al\u0131\u015f\u0131n&#8221; dedi. <\/p>\n<p>  &#8220;Teknofest\u2019e proje haz\u0131rlamak isteyen herkese destek bizden&#8221;<br \/>\n  Bir \u00f6\u011frencinin Teknofest\u2019e kat\u0131l\u0131m konusunda sordu\u011fu soruya yan\u0131t veren Faruk \u00d6zl\u00fc, Teknofest i\u00e7in proje haz\u0131rlamak isteyen t\u00fcm \u00f6\u011frencilere D\u00fczce Belediyesi olarak maddi, manevi her t\u00fcrl\u00fc deste\u011fi sa\u011flayacaklar\u0131n\u0131 belirtti. Y\u0131ld\u0131z g\u00f6zlemi etkinli\u011fine kat\u0131ld\u0131\u011f\u0131n\u0131 ifade eden ba\u015fka bir \u00f6\u011frencinin daha g\u00fc\u00e7l\u00fc bir teleskop iste\u011fini de geri \u00e7evirmeyen Ba\u015fkan \u00d6zl\u00fc, donan\u0131m\u0131n g\u00fc\u00e7lendirilmesi konusuyla bizzat ilgilenece\u011fini s\u00f6yledi. <\/p>\n<p>  Canl\u0131 ba\u011flant\u0131 ile birbirine sorular y\u00f6neltti<br \/>\n  Konferans\u0131n son k\u0131sm\u0131nda canl\u0131 ba\u011flant\u0131 ile T\u00fcrkiye\u2019nin farkl\u0131 noktalar\u0131ndan bilim merkezleri ile anl\u0131k canl\u0131 ba\u011flant\u0131lar kurularak kar\u015f\u0131l\u0131kl\u0131 soru cevap etkinli\u011fi yap\u0131ld\u0131. Bilimsel ara\u015ft\u0131rmalara y\u00f6nelik benzer etkinliklerin belirli s\u00fcrelerde devam edece\u011fi kat\u0131l\u0131mc\u0131larla payla\u015f\u0131ld\u0131. <\/p>\n<p>12.10.2025                                <\/p>\n","protected":false},"excerpt":{"rendered":"<p>&#8211; Gen\u00e7lere g\u00f6ky\u00fcz\u00fc ve uzay meslekleri anlat\u0131ld\u0131 &#8211; Ba\u015fkan \u00d6zl\u00fc: &#8220;Buray\u0131 sizin i\u00e7in yapt\u0131k, yeter ki bilimi sevin&#8221; D\u00fczce Bilim Merkezi, T\u00fcrkiye\u2019deki bilim merkezleri ile ortak d\u00fczenlenen konferansa kat\u0131ld\u0131. \u0130stanbul \u00dcniversitesi Fen Fak\u00fcltesi Astronomi ve Uzay Bilimleri B\u00f6l\u00fcm\u00fc Genel Astronomi Ana Bilim Dal\u0131 \u00d6\u011fretim \u00dcyesi Prof. Dr. Ahmet Talat Sayga\u00e7\u2019\u0131n &#8220;Uzay Meslekleri&#8221; sunumu yapt\u0131\u011f\u0131 etkinlikte [&hellip;]<\/p>\n","protected":false},"author":1,"featured_media":12835,"comment_status":"open","ping_status":"open","sticky":false,"template":"","format":"standard","meta":{"footnotes":""},"categories":[51],"tags":[],"class_list":["post-12834","post","type-post","status-publish","format-standard","has-post-thumbnail","hentry","category-teknoloji"],"yoast_head":"<!-- This site is optimized with the Yoast SEO plugin v27.4 - https:\/\/yoast.com\/product\/yoast-seo-wordpress\/ -->\n<title>T\u00fcrkiye\u2019deki t\u00fcm bilim merkezleri ile ortak konferans - Memurun Sesi<\/title>\n<meta name=\"robots\" content=\"index, follow, max-snippet:-1, max-image-preview:large, max-video-preview:-1\" \/>\n<link rel=\"canonical\" href=\"https:\/\/memurunsesi.net\/index.php\/2025\/10\/12\/turkiyedeki-tum-bilim-merkezleri-ile-ortak-konferans\/\" \/>\n<meta property=\"og:locale\" content=\"tr_TR\" \/>\n<meta property=\"og:type\" content=\"article\" \/>\n<meta property=\"og:title\" content=\"T\u00fcrkiye\u2019deki t\u00fcm bilim merkezleri ile ortak konferans - Memurun Sesi\" \/>\n<meta property=\"og:description\" content=\"&#8211; Gen\u00e7lere g\u00f6ky\u00fcz\u00fc ve uzay meslekleri anlat\u0131ld\u0131 &#8211; Ba\u015fkan \u00d6zl\u00fc: &#8220;Buray\u0131 sizin i\u00e7in yapt\u0131k, yeter ki bilimi sevin&#8221; D\u00fczce Bilim Merkezi, T\u00fcrkiye\u2019deki bilim merkezleri ile ortak d\u00fczenlenen konferansa kat\u0131ld\u0131. \u0130stanbul \u00dcniversitesi Fen Fak\u00fcltesi Astronomi ve Uzay Bilimleri B\u00f6l\u00fcm\u00fc Genel Astronomi Ana Bilim Dal\u0131 \u00d6\u011fretim \u00dcyesi Prof. Dr. Ahmet Talat Sayga\u00e7\u2019\u0131n &#8220;Uzay Meslekleri&#8221; sunumu yapt\u0131\u011f\u0131 etkinlikte [&hellip;]\" \/>\n<meta property=\"og:url\" content=\"https:\/\/memurunsesi.net\/index.php\/2025\/10\/12\/turkiyedeki-tum-bilim-merkezleri-ile-ortak-konferans\/\" \/>\n<meta property=\"og:site_name\" content=\"Memurun Sesi\" \/>\n<meta property=\"article:publisher\" content=\"https:\/\/www.facebook.com\/unipersen\/?locale=tr_TR\" \/>\n<meta property=\"article:published_time\" content=\"2025-10-12T06:36:00+00:00\" \/>\n<meta property=\"og:image\" content=\"https:\/\/memurunsesi.net\/wp-content\/uploads\/2025\/10\/AW556984_01-scaled.jpg\" \/>\n\t<meta property=\"og:image:width\" content=\"2560\" \/>\n\t<meta property=\"og:image:height\" content=\"1707\" \/>\n\t<meta property=\"og:image:type\" content=\"image\/jpeg\" \/>\n<meta name=\"author\" content=\"Memurun Sesi Haber Merkezi\" \/>\n<meta name=\"twitter:card\" content=\"summary_large_image\" \/>\n<meta name=\"twitter:creator\" content=\"@unipersen\" \/>\n<meta name=\"twitter:site\" content=\"@unipersen\" \/>\n<meta name=\"twitter:label1\" content=\"Yazan:\" \/>\n\t<meta name=\"twitter:data1\" content=\"Memurun Sesi Haber Merkezi\" \/>\n\t<meta name=\"twitter:label2\" content=\"Tahmini okuma s\u00fcresi\" \/>\n\t<meta name=\"twitter:data2\" content=\"1 dakika\" \/>\n<script type=\"application\/ld+json\" class=\"yoast-schema-graph\">{\"@context\":\"https:\\\/\\\/schema.org\",\"@graph\":[{\"@type\":\"Article\",\"@id\":\"https:\\\/\\\/memurunsesi.net\\\/index.php\\\/2025\\\/10\\\/12\\\/turkiyedeki-tum-bilim-merkezleri-ile-ortak-konferans\\\/#article\",\"isPartOf\":{\"@id\":\"https:\\\/\\\/memurunsesi.net\\\/index.php\\\/2025\\\/10\\\/12\\\/turkiyedeki-tum-bilim-merkezleri-ile-ortak-konferans\\\/\"},\"author\":{\"name\":\"Memurun Sesi Haber Merkezi\",\"@id\":\"https:\\\/\\\/memurunsesi.net\\\/#\\\/schema\\\/person\\\/f21c2d73b89f6ee1d80b0a1803e38587\"},\"headline\":\"T\u00fcrkiye\u2019deki t\u00fcm bilim merkezleri ile ortak konferans\",\"datePublished\":\"2025-10-12T06:36:00+00:00\",\"mainEntityOfPage\":{\"@id\":\"https:\\\/\\\/memurunsesi.net\\\/index.php\\\/2025\\\/10\\\/12\\\/turkiyedeki-tum-bilim-merkezleri-ile-ortak-konferans\\\/\"},\"wordCount\":439,\"commentCount\":0,\"publisher\":{\"@id\":\"https:\\\/\\\/memurunsesi.net\\\/#organization\"},\"image\":{\"@id\":\"https:\\\/\\\/memurunsesi.net\\\/index.php\\\/2025\\\/10\\\/12\\\/turkiyedeki-tum-bilim-merkezleri-ile-ortak-konferans\\\/#primaryimage\"},\"thumbnailUrl\":\"https:\\\/\\\/memurunsesi.net\\\/wp-content\\\/uploads\\\/2025\\\/10\\\/AW556984_01-scaled.jpg\",\"articleSection\":[\"Teknoloji\"],\"inLanguage\":\"tr\",\"potentialAction\":[{\"@type\":\"CommentAction\",\"name\":\"Comment\",\"target\":[\"https:\\\/\\\/memurunsesi.net\\\/index.php\\\/2025\\\/10\\\/12\\\/turkiyedeki-tum-bilim-merkezleri-ile-ortak-konferans\\\/#respond\"]}]},{\"@type\":\"WebPage\",\"@id\":\"https:\\\/\\\/memurunsesi.net\\\/index.php\\\/2025\\\/10\\\/12\\\/turkiyedeki-tum-bilim-merkezleri-ile-ortak-konferans\\\/\",\"url\":\"https:\\\/\\\/memurunsesi.net\\\/index.php\\\/2025\\\/10\\\/12\\\/turkiyedeki-tum-bilim-merkezleri-ile-ortak-konferans\\\/\",\"name\":\"T\u00fcrkiye\u2019deki t\u00fcm bilim merkezleri ile ortak konferans - Memurun Sesi\",\"isPartOf\":{\"@id\":\"https:\\\/\\\/memurunsesi.net\\\/#website\"},\"primaryImageOfPage\":{\"@id\":\"https:\\\/\\\/memurunsesi.net\\\/index.php\\\/2025\\\/10\\\/12\\\/turkiyedeki-tum-bilim-merkezleri-ile-ortak-konferans\\\/#primaryimage\"},\"image\":{\"@id\":\"https:\\\/\\\/memurunsesi.net\\\/index.php\\\/2025\\\/10\\\/12\\\/turkiyedeki-tum-bilim-merkezleri-ile-ortak-konferans\\\/#primaryimage\"},\"thumbnailUrl\":\"https:\\\/\\\/memurunsesi.net\\\/wp-content\\\/uploads\\\/2025\\\/10\\\/AW556984_01-scaled.jpg\",\"datePublished\":\"2025-10-12T06:36:00+00:00\",\"breadcrumb\":{\"@id\":\"https:\\\/\\\/memurunsesi.net\\\/index.php\\\/2025\\\/10\\\/12\\\/turkiyedeki-tum-bilim-merkezleri-ile-ortak-konferans\\\/#breadcrumb\"},\"inLanguage\":\"tr\",\"potentialAction\":[{\"@type\":\"ReadAction\",\"target\":[\"https:\\\/\\\/memurunsesi.net\\\/index.php\\\/2025\\\/10\\\/12\\\/turkiyedeki-tum-bilim-merkezleri-ile-ortak-konferans\\\/\"]}]},{\"@type\":\"ImageObject\",\"inLanguage\":\"tr\",\"@id\":\"https:\\\/\\\/memurunsesi.net\\\/index.php\\\/2025\\\/10\\\/12\\\/turkiyedeki-tum-bilim-merkezleri-ile-ortak-konferans\\\/#primaryimage\",\"url\":\"https:\\\/\\\/memurunsesi.net\\\/wp-content\\\/uploads\\\/2025\\\/10\\\/AW556984_01-scaled.jpg\",\"contentUrl\":\"https:\\\/\\\/memurunsesi.net\\\/wp-content\\\/uploads\\\/2025\\\/10\\\/AW556984_01-scaled.jpg\",\"width\":2560,\"height\":1707,\"caption\":\"D\u00dcZCE BELED\u0130YE BA\u015eKANI DR. FARUK \u00d6ZL\u00dc \u00d6\u011eRENC\u0130LER\u0130 YALNIZ BIRAKMADI. (AL\u0130 YILDIZ\\\/D\u00dcZCE-\u0130HA) D\u00fczce Bilim Merkezi, T\u00fcrkiye'deki bilim merkezleri ile ortak d\u00fczenlenen konferansa kat\u0131ld\u0131. \u0130stanbul \u00dcniversitesi Fen Fak\u00fcltesi Astronomi ve Uzay Bilimleri B\u00f6l\u00fcm\u00fc Genel Astronomi Ana Bilim Dal\u0131 \u00d6\u011fretim \u00dcyesi Prof. Dr. Ahmet Talat Sayga\u00e7'\u0131n \\\"Uzay Meslekleri\\\" sunumu yapt\u0131\u011f\u0131 etkinlikte D\u00fczce Belediye Ba\u015fkan\u0131 Dr. Faruk \u00d6zl\u00fc de \u00f6\u011frencileri yaln\u0131z b\u0131rakmad\u0131.\"},{\"@type\":\"BreadcrumbList\",\"@id\":\"https:\\\/\\\/memurunsesi.net\\\/index.php\\\/2025\\\/10\\\/12\\\/turkiyedeki-tum-bilim-merkezleri-ile-ortak-konferans\\\/#breadcrumb\",\"itemListElement\":[{\"@type\":\"ListItem\",\"position\":1,\"name\":\"Anasayfa\",\"item\":\"https:\\\/\\\/memurunsesi.net\\\/\"},{\"@type\":\"ListItem\",\"position\":2,\"name\":\"T\u00fcrkiye\u2019deki t\u00fcm bilim merkezleri ile ortak konferans\"}]},{\"@type\":\"WebSite\",\"@id\":\"https:\\\/\\\/memurunsesi.net\\\/#website\",\"url\":\"https:\\\/\\\/memurunsesi.net\\\/\",\"name\":\"Memurun Sesi\",\"description\":\"G\u00fcncel ve Do\u011fru Haber\",\"publisher\":{\"@id\":\"https:\\\/\\\/memurunsesi.net\\\/#organization\"},\"potentialAction\":[{\"@type\":\"SearchAction\",\"target\":{\"@type\":\"EntryPoint\",\"urlTemplate\":\"https:\\\/\\\/memurunsesi.net\\\/?s={search_term_string}\"},\"query-input\":{\"@type\":\"PropertyValueSpecification\",\"valueRequired\":true,\"valueName\":\"search_term_string\"}}],\"inLanguage\":\"tr\"},{\"@type\":\"Organization\",\"@id\":\"https:\\\/\\\/memurunsesi.net\\\/#organization\",\"name\":\"Memurun Sesi\",\"url\":\"https:\\\/\\\/memurunsesi.net\\\/\",\"logo\":{\"@type\":\"ImageObject\",\"inLanguage\":\"tr\",\"@id\":\"https:\\\/\\\/memurunsesi.net\\\/#\\\/schema\\\/logo\\\/image\\\/\",\"url\":\"https:\\\/\\\/memurunsesi.net\\\/wp-content\\\/uploads\\\/2025\\\/11\\\/cropped-MEMURUN-SESI.png\",\"contentUrl\":\"https:\\\/\\\/memurunsesi.net\\\/wp-content\\\/uploads\\\/2025\\\/11\\\/cropped-MEMURUN-SESI.png\",\"width\":238,\"height\":57,\"caption\":\"Memurun Sesi\"},\"image\":{\"@id\":\"https:\\\/\\\/memurunsesi.net\\\/#\\\/schema\\\/logo\\\/image\\\/\"},\"sameAs\":[\"https:\\\/\\\/www.facebook.com\\\/unipersen\\\/?locale=tr_TR\",\"https:\\\/\\\/x.com\\\/unipersen\"]},{\"@type\":\"Person\",\"@id\":\"https:\\\/\\\/memurunsesi.net\\\/#\\\/schema\\\/person\\\/f21c2d73b89f6ee1d80b0a1803e38587\",\"name\":\"Memurun Sesi Haber Merkezi\",\"image\":{\"@type\":\"ImageObject\",\"inLanguage\":\"tr\",\"@id\":\"https:\\\/\\\/secure.gravatar.com\\\/avatar\\\/6cf0505f452ee753f485014986fab09a434671d2b919ee76fc541025c5876a70?s=96&d=mm&r=g\",\"url\":\"https:\\\/\\\/secure.gravatar.com\\\/avatar\\\/6cf0505f452ee753f485014986fab09a434671d2b919ee76fc541025c5876a70?s=96&d=mm&r=g\",\"contentUrl\":\"https:\\\/\\\/secure.gravatar.com\\\/avatar\\\/6cf0505f452ee753f485014986fab09a434671d2b919ee76fc541025c5876a70?s=96&d=mm&r=g\",\"caption\":\"Memurun Sesi Haber Merkezi\"},\"sameAs\":[\"https:\\\/\\\/memurunsesi.net\"],\"url\":\"https:\\\/\\\/memurunsesi.net\\\/index.php\\\/author\\\/uniper\\\/\"}]}<\/script>\n<!-- \/ Yoast SEO plugin. -->","yoast_head_json":{"title":"T\u00fcrkiye\u2019deki t\u00fcm bilim merkezleri ile ortak konferans - Memurun Sesi","robots":{"index":"index","follow":"follow","max-snippet":"max-snippet:-1","max-image-preview":"max-image-preview:large","max-video-preview":"max-video-preview:-1"},"canonical":"https:\/\/memurunsesi.net\/index.php\/2025\/10\/12\/turkiyedeki-tum-bilim-merkezleri-ile-ortak-konferans\/","og_locale":"tr_TR","og_type":"article","og_title":"T\u00fcrkiye\u2019deki t\u00fcm bilim merkezleri ile ortak konferans - Memurun Sesi","og_description":"&#8211; Gen\u00e7lere g\u00f6ky\u00fcz\u00fc ve uzay meslekleri anlat\u0131ld\u0131 &#8211; Ba\u015fkan \u00d6zl\u00fc: &#8220;Buray\u0131 sizin i\u00e7in yapt\u0131k, yeter ki bilimi sevin&#8221; D\u00fczce Bilim Merkezi, T\u00fcrkiye\u2019deki bilim merkezleri ile ortak d\u00fczenlenen konferansa kat\u0131ld\u0131. \u0130stanbul \u00dcniversitesi Fen Fak\u00fcltesi Astronomi ve Uzay Bilimleri B\u00f6l\u00fcm\u00fc Genel Astronomi Ana Bilim Dal\u0131 \u00d6\u011fretim \u00dcyesi Prof. Dr. Ahmet Talat Sayga\u00e7\u2019\u0131n &#8220;Uzay Meslekleri&#8221; sunumu yapt\u0131\u011f\u0131 etkinlikte [&hellip;]","og_url":"https:\/\/memurunsesi.net\/index.php\/2025\/10\/12\/turkiyedeki-tum-bilim-merkezleri-ile-ortak-konferans\/","og_site_name":"Memurun Sesi","article_publisher":"https:\/\/www.facebook.com\/unipersen\/?locale=tr_TR","article_published_time":"2025-10-12T06:36:00+00:00","og_image":[{"width":2560,"height":1707,"url":"https:\/\/memurunsesi.net\/wp-content\/uploads\/2025\/10\/AW556984_01-scaled.jpg","type":"image\/jpeg"}],"author":"Memurun Sesi Haber Merkezi","twitter_card":"summary_large_image","twitter_creator":"@unipersen","twitter_site":"@unipersen","twitter_misc":{"Yazan:":"Memurun Sesi Haber Merkezi","Tahmini okuma s\u00fcresi":"1 dakika"},"schema":{"@context":"https:\/\/schema.org","@graph":[{"@type":"Article","@id":"https:\/\/memurunsesi.net\/index.php\/2025\/10\/12\/turkiyedeki-tum-bilim-merkezleri-ile-ortak-konferans\/#article","isPartOf":{"@id":"https:\/\/memurunsesi.net\/index.php\/2025\/10\/12\/turkiyedeki-tum-bilim-merkezleri-ile-ortak-konferans\/"},"author":{"name":"Memurun Sesi Haber Merkezi","@id":"https:\/\/memurunsesi.net\/#\/schema\/person\/f21c2d73b89f6ee1d80b0a1803e38587"},"headline":"T\u00fcrkiye\u2019deki t\u00fcm bilim merkezleri ile ortak konferans","datePublished":"2025-10-12T06:36:00+00:00","mainEntityOfPage":{"@id":"https:\/\/memurunsesi.net\/index.php\/2025\/10\/12\/turkiyedeki-tum-bilim-merkezleri-ile-ortak-konferans\/"},"wordCount":439,"commentCount":0,"publisher":{"@id":"https:\/\/memurunsesi.net\/#organization"},"image":{"@id":"https:\/\/memurunsesi.net\/index.php\/2025\/10\/12\/turkiyedeki-tum-bilim-merkezleri-ile-ortak-konferans\/#primaryimage"},"thumbnailUrl":"https:\/\/memurunsesi.net\/wp-content\/uploads\/2025\/10\/AW556984_01-scaled.jpg","articleSection":["Teknoloji"],"inLanguage":"tr","potentialAction":[{"@type":"CommentAction","name":"Comment","target":["https:\/\/memurunsesi.net\/index.php\/2025\/10\/12\/turkiyedeki-tum-bilim-merkezleri-ile-ortak-konferans\/#respond"]}]},{"@type":"WebPage","@id":"https:\/\/memurunsesi.net\/index.php\/2025\/10\/12\/turkiyedeki-tum-bilim-merkezleri-ile-ortak-konferans\/","url":"https:\/\/memurunsesi.net\/index.php\/2025\/10\/12\/turkiyedeki-tum-bilim-merkezleri-ile-ortak-konferans\/","name":"T\u00fcrkiye\u2019deki t\u00fcm bilim merkezleri ile ortak konferans - Memurun Sesi","isPartOf":{"@id":"https:\/\/memurunsesi.net\/#website"},"primaryImageOfPage":{"@id":"https:\/\/memurunsesi.net\/index.php\/2025\/10\/12\/turkiyedeki-tum-bilim-merkezleri-ile-ortak-konferans\/#primaryimage"},"image":{"@id":"https:\/\/memurunsesi.net\/index.php\/2025\/10\/12\/turkiyedeki-tum-bilim-merkezleri-ile-ortak-konferans\/#primaryimage"},"thumbnailUrl":"https:\/\/memurunsesi.net\/wp-content\/uploads\/2025\/10\/AW556984_01-scaled.jpg","datePublished":"2025-10-12T06:36:00+00:00","breadcrumb":{"@id":"https:\/\/memurunsesi.net\/index.php\/2025\/10\/12\/turkiyedeki-tum-bilim-merkezleri-ile-ortak-konferans\/#breadcrumb"},"inLanguage":"tr","potentialAction":[{"@type":"ReadAction","target":["https:\/\/memurunsesi.net\/index.php\/2025\/10\/12\/turkiyedeki-tum-bilim-merkezleri-ile-ortak-konferans\/"]}]},{"@type":"ImageObject","inLanguage":"tr","@id":"https:\/\/memurunsesi.net\/index.php\/2025\/10\/12\/turkiyedeki-tum-bilim-merkezleri-ile-ortak-konferans\/#primaryimage","url":"https:\/\/memurunsesi.net\/wp-content\/uploads\/2025\/10\/AW556984_01-scaled.jpg","contentUrl":"https:\/\/memurunsesi.net\/wp-content\/uploads\/2025\/10\/AW556984_01-scaled.jpg","width":2560,"height":1707,"caption":"D\u00dcZCE BELED\u0130YE BA\u015eKANI DR. FARUK \u00d6ZL\u00dc \u00d6\u011eRENC\u0130LER\u0130 YALNIZ BIRAKMADI. (AL\u0130 YILDIZ\/D\u00dcZCE-\u0130HA) D\u00fczce Bilim Merkezi, T\u00fcrkiye'deki bilim merkezleri ile ortak d\u00fczenlenen konferansa kat\u0131ld\u0131. \u0130stanbul \u00dcniversitesi Fen Fak\u00fcltesi Astronomi ve Uzay Bilimleri B\u00f6l\u00fcm\u00fc Genel Astronomi Ana Bilim Dal\u0131 \u00d6\u011fretim \u00dcyesi Prof. Dr. Ahmet Talat Sayga\u00e7'\u0131n \"Uzay Meslekleri\" sunumu yapt\u0131\u011f\u0131 etkinlikte D\u00fczce Belediye Ba\u015fkan\u0131 Dr. Faruk \u00d6zl\u00fc de \u00f6\u011frencileri yaln\u0131z b\u0131rakmad\u0131."},{"@type":"BreadcrumbList","@id":"https:\/\/memurunsesi.net\/index.php\/2025\/10\/12\/turkiyedeki-tum-bilim-merkezleri-ile-ortak-konferans\/#breadcrumb","itemListElement":[{"@type":"ListItem","position":1,"name":"Anasayfa","item":"https:\/\/memurunsesi.net\/"},{"@type":"ListItem","position":2,"name":"T\u00fcrkiye\u2019deki t\u00fcm bilim merkezleri ile ortak konferans"}]},{"@type":"WebSite","@id":"https:\/\/memurunsesi.net\/#website","url":"https:\/\/memurunsesi.net\/","name":"Memurun Sesi","description":"G\u00fcncel ve Do\u011fru Haber","publisher":{"@id":"https:\/\/memurunsesi.net\/#organization"},"potentialAction":[{"@type":"SearchAction","target":{"@type":"EntryPoint","urlTemplate":"https:\/\/memurunsesi.net\/?s={search_term_string}"},"query-input":{"@type":"PropertyValueSpecification","valueRequired":true,"valueName":"search_term_string"}}],"inLanguage":"tr"},{"@type":"Organization","@id":"https:\/\/memurunsesi.net\/#organization","name":"Memurun Sesi","url":"https:\/\/memurunsesi.net\/","logo":{"@type":"ImageObject","inLanguage":"tr","@id":"https:\/\/memurunsesi.net\/#\/schema\/logo\/image\/","url":"https:\/\/memurunsesi.net\/wp-content\/uploads\/2025\/11\/cropped-MEMURUN-SESI.png","contentUrl":"https:\/\/memurunsesi.net\/wp-content\/uploads\/2025\/11\/cropped-MEMURUN-SESI.png","width":238,"height":57,"caption":"Memurun Sesi"},"image":{"@id":"https:\/\/memurunsesi.net\/#\/schema\/logo\/image\/"},"sameAs":["https:\/\/www.facebook.com\/unipersen\/?locale=tr_TR","https:\/\/x.com\/unipersen"]},{"@type":"Person","@id":"https:\/\/memurunsesi.net\/#\/schema\/person\/f21c2d73b89f6ee1d80b0a1803e38587","name":"Memurun Sesi Haber Merkezi","image":{"@type":"ImageObject","inLanguage":"tr","@id":"https:\/\/secure.gravatar.com\/avatar\/6cf0505f452ee753f485014986fab09a434671d2b919ee76fc541025c5876a70?s=96&d=mm&r=g","url":"https:\/\/secure.gravatar.com\/avatar\/6cf0505f452ee753f485014986fab09a434671d2b919ee76fc541025c5876a70?s=96&d=mm&r=g","contentUrl":"https:\/\/secure.gravatar.com\/avatar\/6cf0505f452ee753f485014986fab09a434671d2b919ee76fc541025c5876a70?s=96&d=mm&r=g","caption":"Memurun Sesi Haber Merkezi"},"sameAs":["https:\/\/memurunsesi.net"],"url":"https:\/\/memurunsesi.net\/index.php\/author\/uniper\/"}]}},"_links":{"self":[{"href":"https:\/\/memurunsesi.net\/index.php\/wp-json\/wp\/v2\/posts\/12834","targetHints":{"allow":["GET"]}}],"collection":[{"href":"https:\/\/memurunsesi.net\/index.php\/wp-json\/wp\/v2\/posts"}],"about":[{"href":"https:\/\/memurunsesi.net\/index.php\/wp-json\/wp\/v2\/types\/post"}],"author":[{"embeddable":true,"href":"https:\/\/memurunsesi.net\/index.php\/wp-json\/wp\/v2\/users\/1"}],"replies":[{"embeddable":true,"href":"https:\/\/memurunsesi.net\/index.php\/wp-json\/wp\/v2\/comments?post=12834"}],"version-history":[{"count":1,"href":"https:\/\/memurunsesi.net\/index.php\/wp-json\/wp\/v2\/posts\/12834\/revisions"}],"predecessor-version":[{"id":12836,"href":"https:\/\/memurunsesi.net\/index.php\/wp-json\/wp\/v2\/posts\/12834\/revisions\/12836"}],"wp:featuredmedia":[{"embeddable":true,"href":"https:\/\/memurunsesi.net\/index.php\/wp-json\/wp\/v2\/media\/12835"}],"wp:attachment":[{"href":"https:\/\/memurunsesi.net\/index.php\/wp-json\/wp\/v2\/media?parent=12834"}],"wp:term":[{"taxonomy":"category","embeddable":true,"href":"https:\/\/memurunsesi.net\/index.php\/wp-json\/wp\/v2\/categories?post=12834"},{"taxonomy":"post_tag","embeddable":true,"href":"https:\/\/memurunsesi.net\/index.php\/wp-json\/wp\/v2\/tags?post=12834"}],"curies":[{"name":"wp","href":"https:\/\/api.w.org\/{rel}","templated":true}]}}