{"id":12837,"date":"2025-10-12T09:37:56","date_gmt":"2025-10-12T06:37:56","guid":{"rendered":"https:\/\/memurunsesi.net\/?p=12837"},"modified":"2025-10-12T09:37:56","modified_gmt":"2025-10-12T06:37:56","slug":"edebiyat-sokagindan-gazze-siirleriyle-selam-gonderildi","status":"publish","type":"post","link":"https:\/\/memurunsesi.net\/index.php\/2025\/10\/12\/edebiyat-sokagindan-gazze-siirleriyle-selam-gonderildi\/","title":{"rendered":"Edebiyat Soka\u011f\u0131&#8217;ndan Gazze \u015fiirleriyle selam g\u00f6nderildi"},"content":{"rendered":"<p>   Erzurum B\u00fcy\u00fck\u015fehir Belediyesi K\u00fclt\u00fcr Daire Ba\u015fkanl\u0131\u011f\u0131, T\u00fcrkiye Dil ve Edebiyat Derne\u011fi (TDED) Erzurum \u015eubesi, T\u00fcrk K\u0131z\u0131lay Paland\u00f6ken \u015eubesi, Milli T\u00fcrk Talebe Birli\u011fi (MTTB) Erzurum \u015eubesi ve \u0130nsan Haklar\u0131 Vakf\u0131 Erzurum \u015eubesi&#8217;nin ortakla\u015fa d\u00fczenledi\u011fi &#8220;Gazze \u015eiirleri&#8221; program\u0131 Erzurum Kalesi&#8217;nin hemen alt\u0131nda olu\u015fturulan &#8220;Edebiyat Soka\u011f\u0131&#8221;nda ger\u00e7ekle\u015ftirildi.<br \/>\n  Program\u0131n a\u00e7\u0131l\u0131\u015f konu\u015fmas\u0131n\u0131 EBB K\u00fclt\u00fcr Daire Ba\u015fkan\u0131 Erg\u00fcn Engin yapt\u0131. Yap\u0131lan g\u00f6sterilen, \u015fiir programlar\u0131 gibi etkinliklerin Gazze&#8217;de ya\u015fanan zulm\u00fc g\u00fcndemde tutma, yeni neslin idrakine i\u015fleme ve dua gibi bir\u00e7ok i\u015flevinin oldu\u011funa dikkat \u00e7eken Engin Cahit Koytak&#8217;\u0131n &#8220;Gazze Risalesi&#8221; \u015fiirinden bir k\u0131s\u0131m okundu. Programda bir konu\u015fma yapan TDED Erzurum \u015eube Ba\u015fkan\u0131 Murat Erta\u015f, Gazze&#8217;deki zulm\u00fcn modernizmin, Bat\u0131&#8217;n\u0131n her t\u00fcrl\u00fc insan haklar\u0131 gevezeli\u011finin, felsefesinin, yalan ve dolan\u0131n\u0131n iflas etti\u011fi ve d\u00fcnyan\u0131n her taraf\u0131ndan halklar\u0131n \u0130slama ak\u0131n ak\u0131n merak sal\u0131p M\u00fcsl\u00fcman olmaya ba\u015flad\u0131\u011f\u0131 bir milat oldu\u011funu belirterek &#8220;Her hay\u0131rda bir \u015fer, her \u015ferde bir hay\u0131r vard\u0131r&#8221; mealindeki ayet-i kerimeyi hat\u0131rlatt\u0131.<br \/>\n  T\u00fcrk K\u0131z\u0131lay \u015eube Ba\u015fkan\u0131 Muhammed \u0130kbal \u00c7i\u00e7ek ise K\u0131z\u0131lay&#8217;\u0131n Paland\u00f6ken \u015fubesi olarak en k\u0131sa zamanda Gazze&#8217;ye gitmek istediklerini, t\u00fcm imk\u00e2nlar\u0131yla Filistinli karde\u015fler i\u00e7in seferber olmaya haz\u0131r olduklar\u0131n\u0131 belirtti. \u0130nsan Haklar\u0131 Vakf\u0131 Erzurum \u015eube Ba\u015fkan\u0131 \u00d6mer Onay bu t\u00fcr programlar\u0131 gereksiz g\u00f6ren kesimin kendilerinin ne yapt\u0131klar\u0131n\u0131 sordu ve yap\u0131lan her program\u0131n Gazze&#8217;ye bir dua mahiyeti ta\u015f\u0131d\u0131\u011f\u0131n\u0131 s\u00f6yleyerek \u015fimdiye kadar \u0130nsan Haklar\u0131 Vakf\u0131 sorumlusu olup Gazze&#8217;de verdikleri \u015fehitleri and\u0131. MTTB Erzurum \u015eube Ba\u015fkan\u0131 \u0130brahim Hakk\u0131 Algan da Kur&#8217;an&#8217;dan ayetler okuyarak M\u00fcsl\u00fcmanca duru\u015fun M\u00fcsl\u00fcman hassasiyetlerini ve asabiyesini her an diri tutmaktan ge\u00e7ti\u011fini ifade etti.<br \/>\n  Sunuculu\u011funu TDED Erzurum \u015eubesi gen\u00e7lik kollar\u0131ndan \u00d6mer Cellat&#8217;\u0131n yapt\u0131\u011f\u0131 programda Ayhan \u00d6zsa\u011fl\u0131cak, Ahmet Kaya, Selim Ad\u0131m, Muhammed Hanifi \u0130spirli, Yasemin H\u0131zarc\u0131, Muhammed Ertu\u011frul \u015eavl\u0131, Emel \u00c7ak\u0131r, Naci Onay, Abdullah Adal\u0131, \u015eahin Y\u0131ld\u0131r\u0131m, Mustafa Mezral\u0131, Muhammed Salih \u00c7olak ve Miray \u015eim\u015fek de birer Gazze ve Filistin \u015fiiri okudu. Program g\u00fcn\u00fcn an\u0131s\u0131na toplu foto\u011fraf \u00e7ekimiyle sona erdi. <\/p>\n<p>12.10.2025                            <\/p>\n","protected":false},"excerpt":{"rendered":"<p>Erzurum B\u00fcy\u00fck\u015fehir Belediyesi K\u00fclt\u00fcr Daire Ba\u015fkanl\u0131\u011f\u0131, T\u00fcrkiye Dil ve Edebiyat Derne\u011fi (TDED) Erzurum \u015eubesi, T\u00fcrk K\u0131z\u0131lay Paland\u00f6ken \u015eubesi, Milli T\u00fcrk Talebe Birli\u011fi (MTTB) Erzurum \u015eubesi ve \u0130nsan Haklar\u0131 Vakf\u0131 Erzurum \u015eubesi&#8217;nin ortakla\u015fa d\u00fczenledi\u011fi &#8220;Gazze \u015eiirleri&#8221; program\u0131 Erzurum Kalesi&#8217;nin hemen alt\u0131nda olu\u015fturulan &#8220;Edebiyat Soka\u011f\u0131&#8221;nda ger\u00e7ekle\u015ftirildi. Program\u0131n a\u00e7\u0131l\u0131\u015f konu\u015fmas\u0131n\u0131 EBB K\u00fclt\u00fcr Daire Ba\u015fkan\u0131 Erg\u00fcn Engin yapt\u0131. Yap\u0131lan [&hellip;]<\/p>\n","protected":false},"author":1,"featured_media":12838,"comment_status":"open","ping_status":"open","sticky":false,"template":"","format":"standard","meta":{"footnotes":""},"categories":[50],"tags":[],"class_list":["post-12837","post","type-post","status-publish","format-standard","has-post-thumbnail","hentry","category-tum-haberler"],"yoast_head":"<!-- This site is optimized with the Yoast SEO plugin v27.4 - https:\/\/yoast.com\/product\/yoast-seo-wordpress\/ -->\n<title>Edebiyat Soka\u011f\u0131&#039;ndan Gazze \u015fiirleriyle selam g\u00f6nderildi - Memurun Sesi<\/title>\n<meta name=\"robots\" content=\"index, follow, max-snippet:-1, max-image-preview:large, max-video-preview:-1\" \/>\n<link rel=\"canonical\" href=\"https:\/\/memurunsesi.net\/index.php\/2025\/10\/12\/edebiyat-sokagindan-gazze-siirleriyle-selam-gonderildi\/\" \/>\n<meta property=\"og:locale\" content=\"tr_TR\" \/>\n<meta property=\"og:type\" content=\"article\" \/>\n<meta property=\"og:title\" content=\"Edebiyat Soka\u011f\u0131&#039;ndan Gazze \u015fiirleriyle selam g\u00f6nderildi - Memurun Sesi\" \/>\n<meta property=\"og:description\" content=\"Erzurum B\u00fcy\u00fck\u015fehir Belediyesi K\u00fclt\u00fcr Daire Ba\u015fkanl\u0131\u011f\u0131, T\u00fcrkiye Dil ve Edebiyat Derne\u011fi (TDED) Erzurum \u015eubesi, T\u00fcrk K\u0131z\u0131lay Paland\u00f6ken \u015eubesi, Milli T\u00fcrk Talebe Birli\u011fi (MTTB) Erzurum \u015eubesi ve \u0130nsan Haklar\u0131 Vakf\u0131 Erzurum \u015eubesi&#8217;nin ortakla\u015fa d\u00fczenledi\u011fi &#8220;Gazze \u015eiirleri&#8221; program\u0131 Erzurum Kalesi&#8217;nin hemen alt\u0131nda olu\u015fturulan &#8220;Edebiyat Soka\u011f\u0131&#8221;nda ger\u00e7ekle\u015ftirildi. Program\u0131n a\u00e7\u0131l\u0131\u015f konu\u015fmas\u0131n\u0131 EBB K\u00fclt\u00fcr Daire Ba\u015fkan\u0131 Erg\u00fcn Engin yapt\u0131. Yap\u0131lan [&hellip;]\" \/>\n<meta property=\"og:url\" content=\"https:\/\/memurunsesi.net\/index.php\/2025\/10\/12\/edebiyat-sokagindan-gazze-siirleriyle-selam-gonderildi\/\" \/>\n<meta property=\"og:site_name\" content=\"Memurun Sesi\" \/>\n<meta property=\"article:publisher\" content=\"https:\/\/www.facebook.com\/unipersen\/?locale=tr_TR\" \/>\n<meta property=\"article:published_time\" content=\"2025-10-12T06:37:56+00:00\" \/>\n<meta property=\"og:image\" content=\"https:\/\/memurunsesi.net\/wp-content\/uploads\/2025\/10\/AW556988_01-scaled.jpg\" \/>\n\t<meta property=\"og:image:width\" content=\"2560\" \/>\n\t<meta property=\"og:image:height\" content=\"1707\" \/>\n\t<meta property=\"og:image:type\" content=\"image\/jpeg\" \/>\n<meta name=\"author\" content=\"Memurun Sesi Haber Merkezi\" \/>\n<meta name=\"twitter:card\" content=\"summary_large_image\" \/>\n<meta name=\"twitter:creator\" content=\"@unipersen\" \/>\n<meta name=\"twitter:site\" content=\"@unipersen\" \/>\n<meta name=\"twitter:label1\" content=\"Yazan:\" \/>\n\t<meta name=\"twitter:data1\" content=\"Memurun Sesi Haber Merkezi\" \/>\n\t<meta name=\"twitter:label2\" content=\"Tahmini okuma s\u00fcresi\" \/>\n\t<meta name=\"twitter:data2\" content=\"1 dakika\" \/>\n<script type=\"application\/ld+json\" class=\"yoast-schema-graph\">{\"@context\":\"https:\\\/\\\/schema.org\",\"@graph\":[{\"@type\":\"Article\",\"@id\":\"https:\\\/\\\/memurunsesi.net\\\/index.php\\\/2025\\\/10\\\/12\\\/edebiyat-sokagindan-gazze-siirleriyle-selam-gonderildi\\\/#article\",\"isPartOf\":{\"@id\":\"https:\\\/\\\/memurunsesi.net\\\/index.php\\\/2025\\\/10\\\/12\\\/edebiyat-sokagindan-gazze-siirleriyle-selam-gonderildi\\\/\"},\"author\":{\"name\":\"Memurun Sesi Haber Merkezi\",\"@id\":\"https:\\\/\\\/memurunsesi.net\\\/#\\\/schema\\\/person\\\/f21c2d73b89f6ee1d80b0a1803e38587\"},\"headline\":\"Edebiyat Soka\u011f\u0131&#8217;ndan Gazze \u015fiirleriyle selam g\u00f6nderildi\",\"datePublished\":\"2025-10-12T06:37:56+00:00\",\"mainEntityOfPage\":{\"@id\":\"https:\\\/\\\/memurunsesi.net\\\/index.php\\\/2025\\\/10\\\/12\\\/edebiyat-sokagindan-gazze-siirleriyle-selam-gonderildi\\\/\"},\"wordCount\":424,\"commentCount\":0,\"publisher\":{\"@id\":\"https:\\\/\\\/memurunsesi.net\\\/#organization\"},\"image\":{\"@id\":\"https:\\\/\\\/memurunsesi.net\\\/index.php\\\/2025\\\/10\\\/12\\\/edebiyat-sokagindan-gazze-siirleriyle-selam-gonderildi\\\/#primaryimage\"},\"thumbnailUrl\":\"https:\\\/\\\/memurunsesi.net\\\/wp-content\\\/uploads\\\/2025\\\/10\\\/AW556988_01-scaled.jpg\",\"articleSection\":[\"T\u00fcm Haberler\"],\"inLanguage\":\"tr\",\"potentialAction\":[{\"@type\":\"CommentAction\",\"name\":\"Comment\",\"target\":[\"https:\\\/\\\/memurunsesi.net\\\/index.php\\\/2025\\\/10\\\/12\\\/edebiyat-sokagindan-gazze-siirleriyle-selam-gonderildi\\\/#respond\"]}]},{\"@type\":\"WebPage\",\"@id\":\"https:\\\/\\\/memurunsesi.net\\\/index.php\\\/2025\\\/10\\\/12\\\/edebiyat-sokagindan-gazze-siirleriyle-selam-gonderildi\\\/\",\"url\":\"https:\\\/\\\/memurunsesi.net\\\/index.php\\\/2025\\\/10\\\/12\\\/edebiyat-sokagindan-gazze-siirleriyle-selam-gonderildi\\\/\",\"name\":\"Edebiyat Soka\u011f\u0131'ndan Gazze \u015fiirleriyle selam g\u00f6nderildi - Memurun Sesi\",\"isPartOf\":{\"@id\":\"https:\\\/\\\/memurunsesi.net\\\/#website\"},\"primaryImageOfPage\":{\"@id\":\"https:\\\/\\\/memurunsesi.net\\\/index.php\\\/2025\\\/10\\\/12\\\/edebiyat-sokagindan-gazze-siirleriyle-selam-gonderildi\\\/#primaryimage\"},\"image\":{\"@id\":\"https:\\\/\\\/memurunsesi.net\\\/index.php\\\/2025\\\/10\\\/12\\\/edebiyat-sokagindan-gazze-siirleriyle-selam-gonderildi\\\/#primaryimage\"},\"thumbnailUrl\":\"https:\\\/\\\/memurunsesi.net\\\/wp-content\\\/uploads\\\/2025\\\/10\\\/AW556988_01-scaled.jpg\",\"datePublished\":\"2025-10-12T06:37:56+00:00\",\"breadcrumb\":{\"@id\":\"https:\\\/\\\/memurunsesi.net\\\/index.php\\\/2025\\\/10\\\/12\\\/edebiyat-sokagindan-gazze-siirleriyle-selam-gonderildi\\\/#breadcrumb\"},\"inLanguage\":\"tr\",\"potentialAction\":[{\"@type\":\"ReadAction\",\"target\":[\"https:\\\/\\\/memurunsesi.net\\\/index.php\\\/2025\\\/10\\\/12\\\/edebiyat-sokagindan-gazze-siirleriyle-selam-gonderildi\\\/\"]}]},{\"@type\":\"ImageObject\",\"inLanguage\":\"tr\",\"@id\":\"https:\\\/\\\/memurunsesi.net\\\/index.php\\\/2025\\\/10\\\/12\\\/edebiyat-sokagindan-gazze-siirleriyle-selam-gonderildi\\\/#primaryimage\",\"url\":\"https:\\\/\\\/memurunsesi.net\\\/wp-content\\\/uploads\\\/2025\\\/10\\\/AW556988_01-scaled.jpg\",\"contentUrl\":\"https:\\\/\\\/memurunsesi.net\\\/wp-content\\\/uploads\\\/2025\\\/10\\\/AW556988_01-scaled.jpg\",\"width\":2560,\"height\":1707,\"caption\":\"\\\"GAZZE \u015e\u0130\u0130RLER\u0130\\\" PROGRAMI ERZURUM KALES\u0130'N\u0130N HEMEN ALTINDA OLU\u015eTURULAN \\\"EDEB\u0130YAT SOKA\u011eI\\\"NDA GER\u00c7EKLE\u015eT\u0130R\u0130LD\u0130. (\u0130HA\\\/ERZURUM-\u0130HA) Erzurum B\u00fcy\u00fck\u015fehir Belediyesi K\u00fclt\u00fcr Daire Ba\u015fkanl\u0131\u011f\u0131, T\u00fcrkiye Dil ve Edebiyat Derne\u011fi (TDED) Erzurum \u015eubesi, T\u00fcrk K\u0131z\u0131lay Paland\u00f6ken \u015eubesi, Milli T\u00fcrk Talebe Birli\u011fi (MTTB) Erzurum \u015eubesi ve \u0130nsan Haklar\u0131 Vakf\u0131 Erzurum \u015eubesi'nin ortakla\u015fa d\u00fczenledi\u011fi \\\"Gazze \u015eiirleri\\\" program\u0131 Erzurum Kalesi'nin hemen alt\u0131nda olu\u015fturulan \\\"Edebiyat Soka\u011f\u0131\\\"nda ger\u00e7ekle\u015ftirildi.\"},{\"@type\":\"BreadcrumbList\",\"@id\":\"https:\\\/\\\/memurunsesi.net\\\/index.php\\\/2025\\\/10\\\/12\\\/edebiyat-sokagindan-gazze-siirleriyle-selam-gonderildi\\\/#breadcrumb\",\"itemListElement\":[{\"@type\":\"ListItem\",\"position\":1,\"name\":\"Anasayfa\",\"item\":\"https:\\\/\\\/memurunsesi.net\\\/\"},{\"@type\":\"ListItem\",\"position\":2,\"name\":\"Edebiyat Soka\u011f\u0131&#8217;ndan Gazze \u015fiirleriyle selam g\u00f6nderildi\"}]},{\"@type\":\"WebSite\",\"@id\":\"https:\\\/\\\/memurunsesi.net\\\/#website\",\"url\":\"https:\\\/\\\/memurunsesi.net\\\/\",\"name\":\"Memurun Sesi\",\"description\":\"G\u00fcncel ve Do\u011fru Haber\",\"publisher\":{\"@id\":\"https:\\\/\\\/memurunsesi.net\\\/#organization\"},\"potentialAction\":[{\"@type\":\"SearchAction\",\"target\":{\"@type\":\"EntryPoint\",\"urlTemplate\":\"https:\\\/\\\/memurunsesi.net\\\/?s={search_term_string}\"},\"query-input\":{\"@type\":\"PropertyValueSpecification\",\"valueRequired\":true,\"valueName\":\"search_term_string\"}}],\"inLanguage\":\"tr\"},{\"@type\":\"Organization\",\"@id\":\"https:\\\/\\\/memurunsesi.net\\\/#organization\",\"name\":\"Memurun Sesi\",\"url\":\"https:\\\/\\\/memurunsesi.net\\\/\",\"logo\":{\"@type\":\"ImageObject\",\"inLanguage\":\"tr\",\"@id\":\"https:\\\/\\\/memurunsesi.net\\\/#\\\/schema\\\/logo\\\/image\\\/\",\"url\":\"https:\\\/\\\/memurunsesi.net\\\/wp-content\\\/uploads\\\/2025\\\/11\\\/cropped-MEMURUN-SESI.png\",\"contentUrl\":\"https:\\\/\\\/memurunsesi.net\\\/wp-content\\\/uploads\\\/2025\\\/11\\\/cropped-MEMURUN-SESI.png\",\"width\":238,\"height\":57,\"caption\":\"Memurun Sesi\"},\"image\":{\"@id\":\"https:\\\/\\\/memurunsesi.net\\\/#\\\/schema\\\/logo\\\/image\\\/\"},\"sameAs\":[\"https:\\\/\\\/www.facebook.com\\\/unipersen\\\/?locale=tr_TR\",\"https:\\\/\\\/x.com\\\/unipersen\"]},{\"@type\":\"Person\",\"@id\":\"https:\\\/\\\/memurunsesi.net\\\/#\\\/schema\\\/person\\\/f21c2d73b89f6ee1d80b0a1803e38587\",\"name\":\"Memurun Sesi Haber Merkezi\",\"image\":{\"@type\":\"ImageObject\",\"inLanguage\":\"tr\",\"@id\":\"https:\\\/\\\/secure.gravatar.com\\\/avatar\\\/6cf0505f452ee753f485014986fab09a434671d2b919ee76fc541025c5876a70?s=96&d=mm&r=g\",\"url\":\"https:\\\/\\\/secure.gravatar.com\\\/avatar\\\/6cf0505f452ee753f485014986fab09a434671d2b919ee76fc541025c5876a70?s=96&d=mm&r=g\",\"contentUrl\":\"https:\\\/\\\/secure.gravatar.com\\\/avatar\\\/6cf0505f452ee753f485014986fab09a434671d2b919ee76fc541025c5876a70?s=96&d=mm&r=g\",\"caption\":\"Memurun Sesi Haber Merkezi\"},\"sameAs\":[\"https:\\\/\\\/memurunsesi.net\"],\"url\":\"https:\\\/\\\/memurunsesi.net\\\/index.php\\\/author\\\/uniper\\\/\"}]}<\/script>\n<!-- \/ Yoast SEO plugin. -->","yoast_head_json":{"title":"Edebiyat Soka\u011f\u0131'ndan Gazze \u015fiirleriyle selam g\u00f6nderildi - Memurun Sesi","robots":{"index":"index","follow":"follow","max-snippet":"max-snippet:-1","max-image-preview":"max-image-preview:large","max-video-preview":"max-video-preview:-1"},"canonical":"https:\/\/memurunsesi.net\/index.php\/2025\/10\/12\/edebiyat-sokagindan-gazze-siirleriyle-selam-gonderildi\/","og_locale":"tr_TR","og_type":"article","og_title":"Edebiyat Soka\u011f\u0131'ndan Gazze \u015fiirleriyle selam g\u00f6nderildi - Memurun Sesi","og_description":"Erzurum B\u00fcy\u00fck\u015fehir Belediyesi K\u00fclt\u00fcr Daire Ba\u015fkanl\u0131\u011f\u0131, T\u00fcrkiye Dil ve Edebiyat Derne\u011fi (TDED) Erzurum \u015eubesi, T\u00fcrk K\u0131z\u0131lay Paland\u00f6ken \u015eubesi, Milli T\u00fcrk Talebe Birli\u011fi (MTTB) Erzurum \u015eubesi ve \u0130nsan Haklar\u0131 Vakf\u0131 Erzurum \u015eubesi&#8217;nin ortakla\u015fa d\u00fczenledi\u011fi &#8220;Gazze \u015eiirleri&#8221; program\u0131 Erzurum Kalesi&#8217;nin hemen alt\u0131nda olu\u015fturulan &#8220;Edebiyat Soka\u011f\u0131&#8221;nda ger\u00e7ekle\u015ftirildi. Program\u0131n a\u00e7\u0131l\u0131\u015f konu\u015fmas\u0131n\u0131 EBB K\u00fclt\u00fcr Daire Ba\u015fkan\u0131 Erg\u00fcn Engin yapt\u0131. Yap\u0131lan [&hellip;]","og_url":"https:\/\/memurunsesi.net\/index.php\/2025\/10\/12\/edebiyat-sokagindan-gazze-siirleriyle-selam-gonderildi\/","og_site_name":"Memurun Sesi","article_publisher":"https:\/\/www.facebook.com\/unipersen\/?locale=tr_TR","article_published_time":"2025-10-12T06:37:56+00:00","og_image":[{"width":2560,"height":1707,"url":"https:\/\/memurunsesi.net\/wp-content\/uploads\/2025\/10\/AW556988_01-scaled.jpg","type":"image\/jpeg"}],"author":"Memurun Sesi Haber Merkezi","twitter_card":"summary_large_image","twitter_creator":"@unipersen","twitter_site":"@unipersen","twitter_misc":{"Yazan:":"Memurun Sesi Haber Merkezi","Tahmini okuma s\u00fcresi":"1 dakika"},"schema":{"@context":"https:\/\/schema.org","@graph":[{"@type":"Article","@id":"https:\/\/memurunsesi.net\/index.php\/2025\/10\/12\/edebiyat-sokagindan-gazze-siirleriyle-selam-gonderildi\/#article","isPartOf":{"@id":"https:\/\/memurunsesi.net\/index.php\/2025\/10\/12\/edebiyat-sokagindan-gazze-siirleriyle-selam-gonderildi\/"},"author":{"name":"Memurun Sesi Haber Merkezi","@id":"https:\/\/memurunsesi.net\/#\/schema\/person\/f21c2d73b89f6ee1d80b0a1803e38587"},"headline":"Edebiyat Soka\u011f\u0131&#8217;ndan Gazze \u015fiirleriyle selam g\u00f6nderildi","datePublished":"2025-10-12T06:37:56+00:00","mainEntityOfPage":{"@id":"https:\/\/memurunsesi.net\/index.php\/2025\/10\/12\/edebiyat-sokagindan-gazze-siirleriyle-selam-gonderildi\/"},"wordCount":424,"commentCount":0,"publisher":{"@id":"https:\/\/memurunsesi.net\/#organization"},"image":{"@id":"https:\/\/memurunsesi.net\/index.php\/2025\/10\/12\/edebiyat-sokagindan-gazze-siirleriyle-selam-gonderildi\/#primaryimage"},"thumbnailUrl":"https:\/\/memurunsesi.net\/wp-content\/uploads\/2025\/10\/AW556988_01-scaled.jpg","articleSection":["T\u00fcm Haberler"],"inLanguage":"tr","potentialAction":[{"@type":"CommentAction","name":"Comment","target":["https:\/\/memurunsesi.net\/index.php\/2025\/10\/12\/edebiyat-sokagindan-gazze-siirleriyle-selam-gonderildi\/#respond"]}]},{"@type":"WebPage","@id":"https:\/\/memurunsesi.net\/index.php\/2025\/10\/12\/edebiyat-sokagindan-gazze-siirleriyle-selam-gonderildi\/","url":"https:\/\/memurunsesi.net\/index.php\/2025\/10\/12\/edebiyat-sokagindan-gazze-siirleriyle-selam-gonderildi\/","name":"Edebiyat Soka\u011f\u0131'ndan Gazze \u015fiirleriyle selam g\u00f6nderildi - Memurun Sesi","isPartOf":{"@id":"https:\/\/memurunsesi.net\/#website"},"primaryImageOfPage":{"@id":"https:\/\/memurunsesi.net\/index.php\/2025\/10\/12\/edebiyat-sokagindan-gazze-siirleriyle-selam-gonderildi\/#primaryimage"},"image":{"@id":"https:\/\/memurunsesi.net\/index.php\/2025\/10\/12\/edebiyat-sokagindan-gazze-siirleriyle-selam-gonderildi\/#primaryimage"},"thumbnailUrl":"https:\/\/memurunsesi.net\/wp-content\/uploads\/2025\/10\/AW556988_01-scaled.jpg","datePublished":"2025-10-12T06:37:56+00:00","breadcrumb":{"@id":"https:\/\/memurunsesi.net\/index.php\/2025\/10\/12\/edebiyat-sokagindan-gazze-siirleriyle-selam-gonderildi\/#breadcrumb"},"inLanguage":"tr","potentialAction":[{"@type":"ReadAction","target":["https:\/\/memurunsesi.net\/index.php\/2025\/10\/12\/edebiyat-sokagindan-gazze-siirleriyle-selam-gonderildi\/"]}]},{"@type":"ImageObject","inLanguage":"tr","@id":"https:\/\/memurunsesi.net\/index.php\/2025\/10\/12\/edebiyat-sokagindan-gazze-siirleriyle-selam-gonderildi\/#primaryimage","url":"https:\/\/memurunsesi.net\/wp-content\/uploads\/2025\/10\/AW556988_01-scaled.jpg","contentUrl":"https:\/\/memurunsesi.net\/wp-content\/uploads\/2025\/10\/AW556988_01-scaled.jpg","width":2560,"height":1707,"caption":"\"GAZZE \u015e\u0130\u0130RLER\u0130\" PROGRAMI ERZURUM KALES\u0130'N\u0130N HEMEN ALTINDA OLU\u015eTURULAN \"EDEB\u0130YAT SOKA\u011eI\"NDA GER\u00c7EKLE\u015eT\u0130R\u0130LD\u0130. (\u0130HA\/ERZURUM-\u0130HA) Erzurum B\u00fcy\u00fck\u015fehir Belediyesi K\u00fclt\u00fcr Daire Ba\u015fkanl\u0131\u011f\u0131, T\u00fcrkiye Dil ve Edebiyat Derne\u011fi (TDED) Erzurum \u015eubesi, T\u00fcrk K\u0131z\u0131lay Paland\u00f6ken \u015eubesi, Milli T\u00fcrk Talebe Birli\u011fi (MTTB) Erzurum \u015eubesi ve \u0130nsan Haklar\u0131 Vakf\u0131 Erzurum \u015eubesi'nin ortakla\u015fa d\u00fczenledi\u011fi \"Gazze \u015eiirleri\" program\u0131 Erzurum Kalesi'nin hemen alt\u0131nda olu\u015fturulan \"Edebiyat Soka\u011f\u0131\"nda ger\u00e7ekle\u015ftirildi."},{"@type":"BreadcrumbList","@id":"https:\/\/memurunsesi.net\/index.php\/2025\/10\/12\/edebiyat-sokagindan-gazze-siirleriyle-selam-gonderildi\/#breadcrumb","itemListElement":[{"@type":"ListItem","position":1,"name":"Anasayfa","item":"https:\/\/memurunsesi.net\/"},{"@type":"ListItem","position":2,"name":"Edebiyat Soka\u011f\u0131&#8217;ndan Gazze \u015fiirleriyle selam g\u00f6nderildi"}]},{"@type":"WebSite","@id":"https:\/\/memurunsesi.net\/#website","url":"https:\/\/memurunsesi.net\/","name":"Memurun Sesi","description":"G\u00fcncel ve Do\u011fru Haber","publisher":{"@id":"https:\/\/memurunsesi.net\/#organization"},"potentialAction":[{"@type":"SearchAction","target":{"@type":"EntryPoint","urlTemplate":"https:\/\/memurunsesi.net\/?s={search_term_string}"},"query-input":{"@type":"PropertyValueSpecification","valueRequired":true,"valueName":"search_term_string"}}],"inLanguage":"tr"},{"@type":"Organization","@id":"https:\/\/memurunsesi.net\/#organization","name":"Memurun Sesi","url":"https:\/\/memurunsesi.net\/","logo":{"@type":"ImageObject","inLanguage":"tr","@id":"https:\/\/memurunsesi.net\/#\/schema\/logo\/image\/","url":"https:\/\/memurunsesi.net\/wp-content\/uploads\/2025\/11\/cropped-MEMURUN-SESI.png","contentUrl":"https:\/\/memurunsesi.net\/wp-content\/uploads\/2025\/11\/cropped-MEMURUN-SESI.png","width":238,"height":57,"caption":"Memurun Sesi"},"image":{"@id":"https:\/\/memurunsesi.net\/#\/schema\/logo\/image\/"},"sameAs":["https:\/\/www.facebook.com\/unipersen\/?locale=tr_TR","https:\/\/x.com\/unipersen"]},{"@type":"Person","@id":"https:\/\/memurunsesi.net\/#\/schema\/person\/f21c2d73b89f6ee1d80b0a1803e38587","name":"Memurun Sesi Haber Merkezi","image":{"@type":"ImageObject","inLanguage":"tr","@id":"https:\/\/secure.gravatar.com\/avatar\/6cf0505f452ee753f485014986fab09a434671d2b919ee76fc541025c5876a70?s=96&d=mm&r=g","url":"https:\/\/secure.gravatar.com\/avatar\/6cf0505f452ee753f485014986fab09a434671d2b919ee76fc541025c5876a70?s=96&d=mm&r=g","contentUrl":"https:\/\/secure.gravatar.com\/avatar\/6cf0505f452ee753f485014986fab09a434671d2b919ee76fc541025c5876a70?s=96&d=mm&r=g","caption":"Memurun Sesi Haber Merkezi"},"sameAs":["https:\/\/memurunsesi.net"],"url":"https:\/\/memurunsesi.net\/index.php\/author\/uniper\/"}]}},"_links":{"self":[{"href":"https:\/\/memurunsesi.net\/index.php\/wp-json\/wp\/v2\/posts\/12837","targetHints":{"allow":["GET"]}}],"collection":[{"href":"https:\/\/memurunsesi.net\/index.php\/wp-json\/wp\/v2\/posts"}],"about":[{"href":"https:\/\/memurunsesi.net\/index.php\/wp-json\/wp\/v2\/types\/post"}],"author":[{"embeddable":true,"href":"https:\/\/memurunsesi.net\/index.php\/wp-json\/wp\/v2\/users\/1"}],"replies":[{"embeddable":true,"href":"https:\/\/memurunsesi.net\/index.php\/wp-json\/wp\/v2\/comments?post=12837"}],"version-history":[{"count":1,"href":"https:\/\/memurunsesi.net\/index.php\/wp-json\/wp\/v2\/posts\/12837\/revisions"}],"predecessor-version":[{"id":12839,"href":"https:\/\/memurunsesi.net\/index.php\/wp-json\/wp\/v2\/posts\/12837\/revisions\/12839"}],"wp:featuredmedia":[{"embeddable":true,"href":"https:\/\/memurunsesi.net\/index.php\/wp-json\/wp\/v2\/media\/12838"}],"wp:attachment":[{"href":"https:\/\/memurunsesi.net\/index.php\/wp-json\/wp\/v2\/media?parent=12837"}],"wp:term":[{"taxonomy":"category","embeddable":true,"href":"https:\/\/memurunsesi.net\/index.php\/wp-json\/wp\/v2\/categories?post=12837"},{"taxonomy":"post_tag","embeddable":true,"href":"https:\/\/memurunsesi.net\/index.php\/wp-json\/wp\/v2\/tags?post=12837"}],"curies":[{"name":"wp","href":"https:\/\/api.w.org\/{rel}","templated":true}]}}