{"id":12840,"date":"2025-10-12T09:39:10","date_gmt":"2025-10-12T06:39:10","guid":{"rendered":"https:\/\/memurunsesi.net\/?p=12840"},"modified":"2025-10-12T09:39:10","modified_gmt":"2025-10-12T06:39:10","slug":"yuksekovada-kontrolden-cikan-otomobil-dereye-uctu-4-yarali","status":"publish","type":"post","link":"https:\/\/memurunsesi.net\/index.php\/2025\/10\/12\/yuksekovada-kontrolden-cikan-otomobil-dereye-uctu-4-yarali\/","title":{"rendered":"Y\u00fcksekova&#8217;da kontrolden \u00e7\u0131kan otomobil dereye u\u00e7tu: 4 yaral\u0131"},"content":{"rendered":"<p>   Hakkari&#8217;nin Y\u00fcksekova il\u00e7esinde meydana gelen trafik kazas\u0131nda 4 ki\u015fi yaraland\u0131.<br \/>\nKaza, sabah saatlerinde Y\u00fcksekova-Van kara yolu \u00fczerindeki Yeni K\u00f6pr\u00fc T2 T\u00fcneli civar\u0131nda meydana geldi. S\u00fcr\u00fcc\u00fcs\u00fc ve plakas\u0131 \u00f6\u011frenilemeyen bir otomobil, seyir halindeyken bilinmeyen bir sebeple kontrolden \u00e7\u0131kt\u0131. Savrulan otomobil, b\u00f6lgedeki k\u00f6pr\u00fcden dereye devrildi.<br \/>\n  Kazada ara\u00e7 i\u00e7erisinde bulunan 4 ki\u015fi yaraland\u0131. \u00c7evredekilerin ihbar\u0131 \u00fczerine olay yerine jandarma ve 112 Acil Sa\u011fl\u0131k ekipleri sevk edildi.<br \/>\n  Sa\u011fl\u0131k ekipleri, yaral\u0131lara olay yerinde ilk m\u00fcdahaleyi yapt\u0131ktan sonra ambulanslarla Y\u00fcksekova Devlet Hastanesi\u2019ne kald\u0131rd\u0131. Yaral\u0131lar\u0131n sa\u011fl\u0131k durumlar\u0131n\u0131n iyi oldu\u011fu \u00f6\u011frenilirken, kazayla ilgili soru\u015fturma ba\u015flat\u0131ld\u0131. <\/p>\n<p>12.10.2025                                <\/p>\n","protected":false},"excerpt":{"rendered":"<p>Hakkari&#8217;nin Y\u00fcksekova il\u00e7esinde meydana gelen trafik kazas\u0131nda 4 ki\u015fi yaraland\u0131. Kaza, sabah saatlerinde Y\u00fcksekova-Van kara yolu \u00fczerindeki Yeni K\u00f6pr\u00fc T2 T\u00fcneli civar\u0131nda meydana geldi. S\u00fcr\u00fcc\u00fcs\u00fc ve plakas\u0131 \u00f6\u011frenilemeyen bir otomobil, seyir halindeyken bilinmeyen bir sebeple kontrolden \u00e7\u0131kt\u0131. Savrulan otomobil, b\u00f6lgedeki k\u00f6pr\u00fcden dereye devrildi. Kazada ara\u00e7 i\u00e7erisinde bulunan 4 ki\u015fi yaraland\u0131. \u00c7evredekilerin ihbar\u0131 \u00fczerine olay yerine [&hellip;]<\/p>\n","protected":false},"author":1,"featured_media":12841,"comment_status":"open","ping_status":"open","sticky":false,"template":"","format":"standard","meta":{"footnotes":""},"categories":[50],"tags":[],"class_list":["post-12840","post","type-post","status-publish","format-standard","has-post-thumbnail","hentry","category-tum-haberler"],"yoast_head":"<!-- This site is optimized with the Yoast SEO plugin v27.4 - https:\/\/yoast.com\/product\/yoast-seo-wordpress\/ -->\n<title>Y\u00fcksekova&#039;da kontrolden \u00e7\u0131kan otomobil dereye u\u00e7tu: 4 yaral\u0131 - Memurun Sesi<\/title>\n<meta name=\"robots\" content=\"index, follow, max-snippet:-1, max-image-preview:large, max-video-preview:-1\" \/>\n<link rel=\"canonical\" href=\"https:\/\/memurunsesi.net\/index.php\/2025\/10\/12\/yuksekovada-kontrolden-cikan-otomobil-dereye-uctu-4-yarali\/\" \/>\n<meta property=\"og:locale\" content=\"tr_TR\" \/>\n<meta property=\"og:type\" content=\"article\" \/>\n<meta property=\"og:title\" content=\"Y\u00fcksekova&#039;da kontrolden \u00e7\u0131kan otomobil dereye u\u00e7tu: 4 yaral\u0131 - Memurun Sesi\" \/>\n<meta property=\"og:description\" content=\"Hakkari&#8217;nin Y\u00fcksekova il\u00e7esinde meydana gelen trafik kazas\u0131nda 4 ki\u015fi yaraland\u0131. Kaza, sabah saatlerinde Y\u00fcksekova-Van kara yolu \u00fczerindeki Yeni K\u00f6pr\u00fc T2 T\u00fcneli civar\u0131nda meydana geldi. S\u00fcr\u00fcc\u00fcs\u00fc ve plakas\u0131 \u00f6\u011frenilemeyen bir otomobil, seyir halindeyken bilinmeyen bir sebeple kontrolden \u00e7\u0131kt\u0131. Savrulan otomobil, b\u00f6lgedeki k\u00f6pr\u00fcden dereye devrildi. Kazada ara\u00e7 i\u00e7erisinde bulunan 4 ki\u015fi yaraland\u0131. \u00c7evredekilerin ihbar\u0131 \u00fczerine olay yerine [&hellip;]\" \/>\n<meta property=\"og:url\" content=\"https:\/\/memurunsesi.net\/index.php\/2025\/10\/12\/yuksekovada-kontrolden-cikan-otomobil-dereye-uctu-4-yarali\/\" \/>\n<meta property=\"og:site_name\" content=\"Memurun Sesi\" \/>\n<meta property=\"article:publisher\" content=\"https:\/\/www.facebook.com\/unipersen\/?locale=tr_TR\" \/>\n<meta property=\"article:published_time\" content=\"2025-10-12T06:39:10+00:00\" \/>\n<meta property=\"og:image\" content=\"https:\/\/memurunsesi.net\/wp-content\/uploads\/2025\/10\/AW556983_01.jpg\" \/>\n\t<meta property=\"og:image:width\" content=\"561\" \/>\n\t<meta property=\"og:image:height\" content=\"1000\" \/>\n\t<meta property=\"og:image:type\" content=\"image\/jpeg\" \/>\n<meta name=\"author\" content=\"Memurun Sesi Haber Merkezi\" \/>\n<meta name=\"twitter:card\" content=\"summary_large_image\" \/>\n<meta name=\"twitter:creator\" content=\"@unipersen\" \/>\n<meta name=\"twitter:site\" content=\"@unipersen\" \/>\n<meta name=\"twitter:label1\" content=\"Yazan:\" \/>\n\t<meta name=\"twitter:data1\" content=\"Memurun Sesi Haber Merkezi\" \/>\n\t<meta name=\"twitter:label2\" content=\"Tahmini okuma s\u00fcresi\" \/>\n\t<meta name=\"twitter:data2\" content=\"1 dakika\" \/>\n<script type=\"application\/ld+json\" class=\"yoast-schema-graph\">{\"@context\":\"https:\\\/\\\/schema.org\",\"@graph\":[{\"@type\":\"Article\",\"@id\":\"https:\\\/\\\/memurunsesi.net\\\/index.php\\\/2025\\\/10\\\/12\\\/yuksekovada-kontrolden-cikan-otomobil-dereye-uctu-4-yarali\\\/#article\",\"isPartOf\":{\"@id\":\"https:\\\/\\\/memurunsesi.net\\\/index.php\\\/2025\\\/10\\\/12\\\/yuksekovada-kontrolden-cikan-otomobil-dereye-uctu-4-yarali\\\/\"},\"author\":{\"name\":\"Memurun Sesi Haber Merkezi\",\"@id\":\"https:\\\/\\\/memurunsesi.net\\\/#\\\/schema\\\/person\\\/f21c2d73b89f6ee1d80b0a1803e38587\"},\"headline\":\"Y\u00fcksekova&#8217;da kontrolden \u00e7\u0131kan otomobil dereye u\u00e7tu: 4 yaral\u0131\",\"datePublished\":\"2025-10-12T06:39:10+00:00\",\"mainEntityOfPage\":{\"@id\":\"https:\\\/\\\/memurunsesi.net\\\/index.php\\\/2025\\\/10\\\/12\\\/yuksekovada-kontrolden-cikan-otomobil-dereye-uctu-4-yarali\\\/\"},\"wordCount\":131,\"commentCount\":0,\"publisher\":{\"@id\":\"https:\\\/\\\/memurunsesi.net\\\/#organization\"},\"image\":{\"@id\":\"https:\\\/\\\/memurunsesi.net\\\/index.php\\\/2025\\\/10\\\/12\\\/yuksekovada-kontrolden-cikan-otomobil-dereye-uctu-4-yarali\\\/#primaryimage\"},\"thumbnailUrl\":\"https:\\\/\\\/memurunsesi.net\\\/wp-content\\\/uploads\\\/2025\\\/10\\\/AW556983_01.jpg\",\"articleSection\":[\"T\u00fcm Haberler\"],\"inLanguage\":\"tr\",\"potentialAction\":[{\"@type\":\"CommentAction\",\"name\":\"Comment\",\"target\":[\"https:\\\/\\\/memurunsesi.net\\\/index.php\\\/2025\\\/10\\\/12\\\/yuksekovada-kontrolden-cikan-otomobil-dereye-uctu-4-yarali\\\/#respond\"]}]},{\"@type\":\"WebPage\",\"@id\":\"https:\\\/\\\/memurunsesi.net\\\/index.php\\\/2025\\\/10\\\/12\\\/yuksekovada-kontrolden-cikan-otomobil-dereye-uctu-4-yarali\\\/\",\"url\":\"https:\\\/\\\/memurunsesi.net\\\/index.php\\\/2025\\\/10\\\/12\\\/yuksekovada-kontrolden-cikan-otomobil-dereye-uctu-4-yarali\\\/\",\"name\":\"Y\u00fcksekova'da kontrolden \u00e7\u0131kan otomobil dereye u\u00e7tu: 4 yaral\u0131 - Memurun Sesi\",\"isPartOf\":{\"@id\":\"https:\\\/\\\/memurunsesi.net\\\/#website\"},\"primaryImageOfPage\":{\"@id\":\"https:\\\/\\\/memurunsesi.net\\\/index.php\\\/2025\\\/10\\\/12\\\/yuksekovada-kontrolden-cikan-otomobil-dereye-uctu-4-yarali\\\/#primaryimage\"},\"image\":{\"@id\":\"https:\\\/\\\/memurunsesi.net\\\/index.php\\\/2025\\\/10\\\/12\\\/yuksekovada-kontrolden-cikan-otomobil-dereye-uctu-4-yarali\\\/#primaryimage\"},\"thumbnailUrl\":\"https:\\\/\\\/memurunsesi.net\\\/wp-content\\\/uploads\\\/2025\\\/10\\\/AW556983_01.jpg\",\"datePublished\":\"2025-10-12T06:39:10+00:00\",\"breadcrumb\":{\"@id\":\"https:\\\/\\\/memurunsesi.net\\\/index.php\\\/2025\\\/10\\\/12\\\/yuksekovada-kontrolden-cikan-otomobil-dereye-uctu-4-yarali\\\/#breadcrumb\"},\"inLanguage\":\"tr\",\"potentialAction\":[{\"@type\":\"ReadAction\",\"target\":[\"https:\\\/\\\/memurunsesi.net\\\/index.php\\\/2025\\\/10\\\/12\\\/yuksekovada-kontrolden-cikan-otomobil-dereye-uctu-4-yarali\\\/\"]}]},{\"@type\":\"ImageObject\",\"inLanguage\":\"tr\",\"@id\":\"https:\\\/\\\/memurunsesi.net\\\/index.php\\\/2025\\\/10\\\/12\\\/yuksekovada-kontrolden-cikan-otomobil-dereye-uctu-4-yarali\\\/#primaryimage\",\"url\":\"https:\\\/\\\/memurunsesi.net\\\/wp-content\\\/uploads\\\/2025\\\/10\\\/AW556983_01.jpg\",\"contentUrl\":\"https:\\\/\\\/memurunsesi.net\\\/wp-content\\\/uploads\\\/2025\\\/10\\\/AW556983_01.jpg\",\"width\":561,\"height\":1000,\"caption\":\"HAKKAR\u0130'N\u0130N Y\u00dcKSEKOVA \u0130L\u00c7ES\u0130NDE MEYDANA GELEN TRAF\u0130K KAZASINDA 4 K\u0130\u015e\u0130 YARALANDI. (MET\u0130N TEK\\\/HAKKAR\u0130-\u0130HA) Hakkari'nin Y\u00fcksekova il\u00e7esinde meydana gelen trafik kazas\u0131nda 4 ki\u015fi yaraland\u0131.\"},{\"@type\":\"BreadcrumbList\",\"@id\":\"https:\\\/\\\/memurunsesi.net\\\/index.php\\\/2025\\\/10\\\/12\\\/yuksekovada-kontrolden-cikan-otomobil-dereye-uctu-4-yarali\\\/#breadcrumb\",\"itemListElement\":[{\"@type\":\"ListItem\",\"position\":1,\"name\":\"Anasayfa\",\"item\":\"https:\\\/\\\/memurunsesi.net\\\/\"},{\"@type\":\"ListItem\",\"position\":2,\"name\":\"Y\u00fcksekova&#8217;da kontrolden \u00e7\u0131kan otomobil dereye u\u00e7tu: 4 yaral\u0131\"}]},{\"@type\":\"WebSite\",\"@id\":\"https:\\\/\\\/memurunsesi.net\\\/#website\",\"url\":\"https:\\\/\\\/memurunsesi.net\\\/\",\"name\":\"Memurun Sesi\",\"description\":\"G\u00fcncel ve Do\u011fru Haber\",\"publisher\":{\"@id\":\"https:\\\/\\\/memurunsesi.net\\\/#organization\"},\"potentialAction\":[{\"@type\":\"SearchAction\",\"target\":{\"@type\":\"EntryPoint\",\"urlTemplate\":\"https:\\\/\\\/memurunsesi.net\\\/?s={search_term_string}\"},\"query-input\":{\"@type\":\"PropertyValueSpecification\",\"valueRequired\":true,\"valueName\":\"search_term_string\"}}],\"inLanguage\":\"tr\"},{\"@type\":\"Organization\",\"@id\":\"https:\\\/\\\/memurunsesi.net\\\/#organization\",\"name\":\"Memurun Sesi\",\"url\":\"https:\\\/\\\/memurunsesi.net\\\/\",\"logo\":{\"@type\":\"ImageObject\",\"inLanguage\":\"tr\",\"@id\":\"https:\\\/\\\/memurunsesi.net\\\/#\\\/schema\\\/logo\\\/image\\\/\",\"url\":\"https:\\\/\\\/memurunsesi.net\\\/wp-content\\\/uploads\\\/2025\\\/11\\\/cropped-MEMURUN-SESI.png\",\"contentUrl\":\"https:\\\/\\\/memurunsesi.net\\\/wp-content\\\/uploads\\\/2025\\\/11\\\/cropped-MEMURUN-SESI.png\",\"width\":238,\"height\":57,\"caption\":\"Memurun Sesi\"},\"image\":{\"@id\":\"https:\\\/\\\/memurunsesi.net\\\/#\\\/schema\\\/logo\\\/image\\\/\"},\"sameAs\":[\"https:\\\/\\\/www.facebook.com\\\/unipersen\\\/?locale=tr_TR\",\"https:\\\/\\\/x.com\\\/unipersen\"]},{\"@type\":\"Person\",\"@id\":\"https:\\\/\\\/memurunsesi.net\\\/#\\\/schema\\\/person\\\/f21c2d73b89f6ee1d80b0a1803e38587\",\"name\":\"Memurun Sesi Haber Merkezi\",\"image\":{\"@type\":\"ImageObject\",\"inLanguage\":\"tr\",\"@id\":\"https:\\\/\\\/secure.gravatar.com\\\/avatar\\\/6cf0505f452ee753f485014986fab09a434671d2b919ee76fc541025c5876a70?s=96&d=mm&r=g\",\"url\":\"https:\\\/\\\/secure.gravatar.com\\\/avatar\\\/6cf0505f452ee753f485014986fab09a434671d2b919ee76fc541025c5876a70?s=96&d=mm&r=g\",\"contentUrl\":\"https:\\\/\\\/secure.gravatar.com\\\/avatar\\\/6cf0505f452ee753f485014986fab09a434671d2b919ee76fc541025c5876a70?s=96&d=mm&r=g\",\"caption\":\"Memurun Sesi Haber Merkezi\"},\"sameAs\":[\"https:\\\/\\\/memurunsesi.net\"],\"url\":\"https:\\\/\\\/memurunsesi.net\\\/index.php\\\/author\\\/uniper\\\/\"}]}<\/script>\n<!-- \/ Yoast SEO plugin. -->","yoast_head_json":{"title":"Y\u00fcksekova'da kontrolden \u00e7\u0131kan otomobil dereye u\u00e7tu: 4 yaral\u0131 - Memurun Sesi","robots":{"index":"index","follow":"follow","max-snippet":"max-snippet:-1","max-image-preview":"max-image-preview:large","max-video-preview":"max-video-preview:-1"},"canonical":"https:\/\/memurunsesi.net\/index.php\/2025\/10\/12\/yuksekovada-kontrolden-cikan-otomobil-dereye-uctu-4-yarali\/","og_locale":"tr_TR","og_type":"article","og_title":"Y\u00fcksekova'da kontrolden \u00e7\u0131kan otomobil dereye u\u00e7tu: 4 yaral\u0131 - Memurun Sesi","og_description":"Hakkari&#8217;nin Y\u00fcksekova il\u00e7esinde meydana gelen trafik kazas\u0131nda 4 ki\u015fi yaraland\u0131. Kaza, sabah saatlerinde Y\u00fcksekova-Van kara yolu \u00fczerindeki Yeni K\u00f6pr\u00fc T2 T\u00fcneli civar\u0131nda meydana geldi. S\u00fcr\u00fcc\u00fcs\u00fc ve plakas\u0131 \u00f6\u011frenilemeyen bir otomobil, seyir halindeyken bilinmeyen bir sebeple kontrolden \u00e7\u0131kt\u0131. Savrulan otomobil, b\u00f6lgedeki k\u00f6pr\u00fcden dereye devrildi. Kazada ara\u00e7 i\u00e7erisinde bulunan 4 ki\u015fi yaraland\u0131. \u00c7evredekilerin ihbar\u0131 \u00fczerine olay yerine [&hellip;]","og_url":"https:\/\/memurunsesi.net\/index.php\/2025\/10\/12\/yuksekovada-kontrolden-cikan-otomobil-dereye-uctu-4-yarali\/","og_site_name":"Memurun Sesi","article_publisher":"https:\/\/www.facebook.com\/unipersen\/?locale=tr_TR","article_published_time":"2025-10-12T06:39:10+00:00","og_image":[{"width":561,"height":1000,"url":"https:\/\/memurunsesi.net\/wp-content\/uploads\/2025\/10\/AW556983_01.jpg","type":"image\/jpeg"}],"author":"Memurun Sesi Haber Merkezi","twitter_card":"summary_large_image","twitter_creator":"@unipersen","twitter_site":"@unipersen","twitter_misc":{"Yazan:":"Memurun Sesi Haber Merkezi","Tahmini okuma s\u00fcresi":"1 dakika"},"schema":{"@context":"https:\/\/schema.org","@graph":[{"@type":"Article","@id":"https:\/\/memurunsesi.net\/index.php\/2025\/10\/12\/yuksekovada-kontrolden-cikan-otomobil-dereye-uctu-4-yarali\/#article","isPartOf":{"@id":"https:\/\/memurunsesi.net\/index.php\/2025\/10\/12\/yuksekovada-kontrolden-cikan-otomobil-dereye-uctu-4-yarali\/"},"author":{"name":"Memurun Sesi Haber Merkezi","@id":"https:\/\/memurunsesi.net\/#\/schema\/person\/f21c2d73b89f6ee1d80b0a1803e38587"},"headline":"Y\u00fcksekova&#8217;da kontrolden \u00e7\u0131kan otomobil dereye u\u00e7tu: 4 yaral\u0131","datePublished":"2025-10-12T06:39:10+00:00","mainEntityOfPage":{"@id":"https:\/\/memurunsesi.net\/index.php\/2025\/10\/12\/yuksekovada-kontrolden-cikan-otomobil-dereye-uctu-4-yarali\/"},"wordCount":131,"commentCount":0,"publisher":{"@id":"https:\/\/memurunsesi.net\/#organization"},"image":{"@id":"https:\/\/memurunsesi.net\/index.php\/2025\/10\/12\/yuksekovada-kontrolden-cikan-otomobil-dereye-uctu-4-yarali\/#primaryimage"},"thumbnailUrl":"https:\/\/memurunsesi.net\/wp-content\/uploads\/2025\/10\/AW556983_01.jpg","articleSection":["T\u00fcm Haberler"],"inLanguage":"tr","potentialAction":[{"@type":"CommentAction","name":"Comment","target":["https:\/\/memurunsesi.net\/index.php\/2025\/10\/12\/yuksekovada-kontrolden-cikan-otomobil-dereye-uctu-4-yarali\/#respond"]}]},{"@type":"WebPage","@id":"https:\/\/memurunsesi.net\/index.php\/2025\/10\/12\/yuksekovada-kontrolden-cikan-otomobil-dereye-uctu-4-yarali\/","url":"https:\/\/memurunsesi.net\/index.php\/2025\/10\/12\/yuksekovada-kontrolden-cikan-otomobil-dereye-uctu-4-yarali\/","name":"Y\u00fcksekova'da kontrolden \u00e7\u0131kan otomobil dereye u\u00e7tu: 4 yaral\u0131 - Memurun Sesi","isPartOf":{"@id":"https:\/\/memurunsesi.net\/#website"},"primaryImageOfPage":{"@id":"https:\/\/memurunsesi.net\/index.php\/2025\/10\/12\/yuksekovada-kontrolden-cikan-otomobil-dereye-uctu-4-yarali\/#primaryimage"},"image":{"@id":"https:\/\/memurunsesi.net\/index.php\/2025\/10\/12\/yuksekovada-kontrolden-cikan-otomobil-dereye-uctu-4-yarali\/#primaryimage"},"thumbnailUrl":"https:\/\/memurunsesi.net\/wp-content\/uploads\/2025\/10\/AW556983_01.jpg","datePublished":"2025-10-12T06:39:10+00:00","breadcrumb":{"@id":"https:\/\/memurunsesi.net\/index.php\/2025\/10\/12\/yuksekovada-kontrolden-cikan-otomobil-dereye-uctu-4-yarali\/#breadcrumb"},"inLanguage":"tr","potentialAction":[{"@type":"ReadAction","target":["https:\/\/memurunsesi.net\/index.php\/2025\/10\/12\/yuksekovada-kontrolden-cikan-otomobil-dereye-uctu-4-yarali\/"]}]},{"@type":"ImageObject","inLanguage":"tr","@id":"https:\/\/memurunsesi.net\/index.php\/2025\/10\/12\/yuksekovada-kontrolden-cikan-otomobil-dereye-uctu-4-yarali\/#primaryimage","url":"https:\/\/memurunsesi.net\/wp-content\/uploads\/2025\/10\/AW556983_01.jpg","contentUrl":"https:\/\/memurunsesi.net\/wp-content\/uploads\/2025\/10\/AW556983_01.jpg","width":561,"height":1000,"caption":"HAKKAR\u0130'N\u0130N Y\u00dcKSEKOVA \u0130L\u00c7ES\u0130NDE MEYDANA GELEN TRAF\u0130K KAZASINDA 4 K\u0130\u015e\u0130 YARALANDI. (MET\u0130N TEK\/HAKKAR\u0130-\u0130HA) Hakkari'nin Y\u00fcksekova il\u00e7esinde meydana gelen trafik kazas\u0131nda 4 ki\u015fi yaraland\u0131."},{"@type":"BreadcrumbList","@id":"https:\/\/memurunsesi.net\/index.php\/2025\/10\/12\/yuksekovada-kontrolden-cikan-otomobil-dereye-uctu-4-yarali\/#breadcrumb","itemListElement":[{"@type":"ListItem","position":1,"name":"Anasayfa","item":"https:\/\/memurunsesi.net\/"},{"@type":"ListItem","position":2,"name":"Y\u00fcksekova&#8217;da kontrolden \u00e7\u0131kan otomobil dereye u\u00e7tu: 4 yaral\u0131"}]},{"@type":"WebSite","@id":"https:\/\/memurunsesi.net\/#website","url":"https:\/\/memurunsesi.net\/","name":"Memurun Sesi","description":"G\u00fcncel ve Do\u011fru Haber","publisher":{"@id":"https:\/\/memurunsesi.net\/#organization"},"potentialAction":[{"@type":"SearchAction","target":{"@type":"EntryPoint","urlTemplate":"https:\/\/memurunsesi.net\/?s={search_term_string}"},"query-input":{"@type":"PropertyValueSpecification","valueRequired":true,"valueName":"search_term_string"}}],"inLanguage":"tr"},{"@type":"Organization","@id":"https:\/\/memurunsesi.net\/#organization","name":"Memurun Sesi","url":"https:\/\/memurunsesi.net\/","logo":{"@type":"ImageObject","inLanguage":"tr","@id":"https:\/\/memurunsesi.net\/#\/schema\/logo\/image\/","url":"https:\/\/memurunsesi.net\/wp-content\/uploads\/2025\/11\/cropped-MEMURUN-SESI.png","contentUrl":"https:\/\/memurunsesi.net\/wp-content\/uploads\/2025\/11\/cropped-MEMURUN-SESI.png","width":238,"height":57,"caption":"Memurun Sesi"},"image":{"@id":"https:\/\/memurunsesi.net\/#\/schema\/logo\/image\/"},"sameAs":["https:\/\/www.facebook.com\/unipersen\/?locale=tr_TR","https:\/\/x.com\/unipersen"]},{"@type":"Person","@id":"https:\/\/memurunsesi.net\/#\/schema\/person\/f21c2d73b89f6ee1d80b0a1803e38587","name":"Memurun Sesi Haber Merkezi","image":{"@type":"ImageObject","inLanguage":"tr","@id":"https:\/\/secure.gravatar.com\/avatar\/6cf0505f452ee753f485014986fab09a434671d2b919ee76fc541025c5876a70?s=96&d=mm&r=g","url":"https:\/\/secure.gravatar.com\/avatar\/6cf0505f452ee753f485014986fab09a434671d2b919ee76fc541025c5876a70?s=96&d=mm&r=g","contentUrl":"https:\/\/secure.gravatar.com\/avatar\/6cf0505f452ee753f485014986fab09a434671d2b919ee76fc541025c5876a70?s=96&d=mm&r=g","caption":"Memurun Sesi Haber Merkezi"},"sameAs":["https:\/\/memurunsesi.net"],"url":"https:\/\/memurunsesi.net\/index.php\/author\/uniper\/"}]}},"_links":{"self":[{"href":"https:\/\/memurunsesi.net\/index.php\/wp-json\/wp\/v2\/posts\/12840","targetHints":{"allow":["GET"]}}],"collection":[{"href":"https:\/\/memurunsesi.net\/index.php\/wp-json\/wp\/v2\/posts"}],"about":[{"href":"https:\/\/memurunsesi.net\/index.php\/wp-json\/wp\/v2\/types\/post"}],"author":[{"embeddable":true,"href":"https:\/\/memurunsesi.net\/index.php\/wp-json\/wp\/v2\/users\/1"}],"replies":[{"embeddable":true,"href":"https:\/\/memurunsesi.net\/index.php\/wp-json\/wp\/v2\/comments?post=12840"}],"version-history":[{"count":1,"href":"https:\/\/memurunsesi.net\/index.php\/wp-json\/wp\/v2\/posts\/12840\/revisions"}],"predecessor-version":[{"id":12842,"href":"https:\/\/memurunsesi.net\/index.php\/wp-json\/wp\/v2\/posts\/12840\/revisions\/12842"}],"wp:featuredmedia":[{"embeddable":true,"href":"https:\/\/memurunsesi.net\/index.php\/wp-json\/wp\/v2\/media\/12841"}],"wp:attachment":[{"href":"https:\/\/memurunsesi.net\/index.php\/wp-json\/wp\/v2\/media?parent=12840"}],"wp:term":[{"taxonomy":"category","embeddable":true,"href":"https:\/\/memurunsesi.net\/index.php\/wp-json\/wp\/v2\/categories?post=12840"},{"taxonomy":"post_tag","embeddable":true,"href":"https:\/\/memurunsesi.net\/index.php\/wp-json\/wp\/v2\/tags?post=12840"}],"curies":[{"name":"wp","href":"https:\/\/api.w.org\/{rel}","templated":true}]}}