{"id":12852,"date":"2025-10-12T09:45:15","date_gmt":"2025-10-12T06:45:15","guid":{"rendered":"https:\/\/memurunsesi.net\/?p=12852"},"modified":"2025-10-12T09:45:15","modified_gmt":"2025-10-12T06:45:15","slug":"erzurumda-yasayan-bir-insan-hazinesi-husamettin-usta","status":"publish","type":"post","link":"https:\/\/memurunsesi.net\/index.php\/2025\/10\/12\/erzurumda-yasayan-bir-insan-hazinesi-husamettin-usta\/","title":{"rendered":"Erzurum&#8217;da ya\u015fayan bir insan hazinesi: H\u00fcsamettin Usta"},"content":{"rendered":"<p>  &#8211; At\u0131k a\u011fa\u00e7lardan objeler yaparak ge\u00e7imini sa\u011fl\u0131yor   <\/p>\n<p>  Erzurum&#8217;un Oltu il\u00e7esi \u015eehitler Mahallesi&#8217;nde ya\u015fayan evli ve 6 \u00e7ocuk babas\u0131 79 ya\u015f\u0131ndaki H\u00fcsamettin Aras, at\u0131k a\u011fa\u00e7 par\u00e7alar\u0131n\u0131 de\u011ferlendirerek yapt\u0131\u011f\u0131 objelerle ge\u00e7imini sa\u011flamaya \u00e7al\u0131\u015f\u0131yor.<br \/>\n  Kirada oturan ve tek geliri 65 ya\u015f ayl\u0131\u011f\u0131 olan Aras, evinin alt\u0131ndaki k\u00fc\u00e7\u00fck bir oday\u0131 at\u00f6lyeye \u00e7evirerek \u00fcretim yap\u0131yor. H\u00fcsamettin Aras, \u00e7evreden toplad\u0131\u011f\u0131 veya kom\u015fular\u0131n\u0131n yard\u0131m\u0131yla temin etti\u011fi tahta par\u00e7alar\u0131ndan baston, oklava, t\u0131rm\u0131k, sofra ve oyuncak \u00f6k\u00fcz arabas\u0131 gibi \u00fcr\u00fcnler \u00fcretiyor. El eme\u011fiyle ortaya \u00e7\u0131kard\u0131\u011f\u0131 bu objeleri satarak ya\u015fam\u0131n\u0131 s\u00fcrd\u00fcrmeye \u00e7al\u0131\u015fan Aras, destek verilmesi h\u00e2linde \u00e7ok daha g\u00fczel i\u015fler yapabilece\u011fini ifade ediyor. <\/p>\n<p>  &#8220;Tek gelirim 65 ya\u015f ayl\u0131\u011f\u0131&#8221;<br \/>\n  Hayat\u0131n\u0131 el becerileriyle s\u00fcrd\u00fcrmeye \u00e7al\u0131\u015fan H\u00fcsamettin Aras, &#8220;Benim 65 ya\u015f maa\u015f\u0131mdan ba\u015fka bir gelirim yok. Evim kira. D\u0131\u015far\u0131dan buldu\u011fum a\u011fa\u00e7 par\u00e7alar\u0131n\u0131 kom\u015fular\u0131m\u0131n deste\u011fiyle getiriyorum. Onlardan baston, oyuncak \u00f6k\u00fcz arabas\u0131, sofra gibi \u00fcr\u00fcnler yaparak ge\u00e7imimi sa\u011flamaya \u00e7al\u0131\u015f\u0131yorum&#8221; dedi. <\/p>\n<p>  Mahalle sakinlerinden destek \u00e7a\u011fr\u0131s\u0131<br \/>\n  \u015eehitler Mahallesi sakinlerinden Muammer Zengin ise kom\u015fusu H\u00fcsamettin Aras&#8217;a destek \u00e7a\u011fr\u0131s\u0131nda bulunarak \u015funlar\u0131 s\u00f6yledi: &#8220;H\u00fcsamettin amcam\u0131z, at\u0131k durumda olan tahta par\u00e7alar\u0131n\u0131 ve a\u011fa\u00e7 dallar\u0131n\u0131 toplayarak geri d\u00f6n\u00fc\u015f\u00fcme kazand\u0131r\u0131yor. Onlar\u0131 i\u015fleyip satarak ge\u00e7imini sa\u011fl\u0131yor. \u0130nan\u0131yoruz ki, kendisine maddi destek sa\u011flan\u0131rsa \u00e7ok daha g\u00fczel \u00fcr\u00fcnler ortaya koyabilir. Sosyal sorumluluk bilinci ta\u015f\u0131yan herkese seslenmek istiyorum. L\u00fctfen H\u00fcsamettin amcam\u0131za destek olun, ge\u00e7imini kolayla\u015ft\u0131rmas\u0131na yard\u0131mc\u0131 olun.&#8221;<br \/>\n  Hayat m\u00fccadelesini el eme\u011fiyle s\u00fcrd\u00fcren H\u00fcsamettin Aras, ayn\u0131 zamanda geri d\u00f6n\u00fc\u015f\u00fcm bilinci ve \u00fcretkenli\u011fiyle \u00e7evresine \u00f6rnek oluyor. <\/p>\n<p>12.10.2025                                 <\/p>\n","protected":false},"excerpt":{"rendered":"<p>&#8211; At\u0131k a\u011fa\u00e7lardan objeler yaparak ge\u00e7imini sa\u011fl\u0131yor Erzurum&#8217;un Oltu il\u00e7esi \u015eehitler Mahallesi&#8217;nde ya\u015fayan evli ve 6 \u00e7ocuk babas\u0131 79 ya\u015f\u0131ndaki H\u00fcsamettin Aras, at\u0131k a\u011fa\u00e7 par\u00e7alar\u0131n\u0131 de\u011ferlendirerek yapt\u0131\u011f\u0131 objelerle ge\u00e7imini sa\u011flamaya \u00e7al\u0131\u015f\u0131yor. Kirada oturan ve tek geliri 65 ya\u015f ayl\u0131\u011f\u0131 olan Aras, evinin alt\u0131ndaki k\u00fc\u00e7\u00fck bir oday\u0131 at\u00f6lyeye \u00e7evirerek \u00fcretim yap\u0131yor. H\u00fcsamettin Aras, \u00e7evreden toplad\u0131\u011f\u0131 veya [&hellip;]<\/p>\n","protected":false},"author":1,"featured_media":12853,"comment_status":"open","ping_status":"open","sticky":false,"template":"","format":"standard","meta":{"footnotes":""},"categories":[1],"tags":[],"class_list":["post-12852","post","type-post","status-publish","format-standard","has-post-thumbnail","hentry","category-genel"],"yoast_head":"<!-- This site is optimized with the Yoast SEO plugin v27.4 - https:\/\/yoast.com\/product\/yoast-seo-wordpress\/ -->\n<title>Erzurum&#039;da ya\u015fayan bir insan hazinesi: H\u00fcsamettin Usta - Memurun Sesi<\/title>\n<meta name=\"robots\" content=\"index, follow, max-snippet:-1, max-image-preview:large, max-video-preview:-1\" \/>\n<link rel=\"canonical\" href=\"https:\/\/memurunsesi.net\/index.php\/2025\/10\/12\/erzurumda-yasayan-bir-insan-hazinesi-husamettin-usta\/\" \/>\n<meta property=\"og:locale\" content=\"tr_TR\" \/>\n<meta property=\"og:type\" content=\"article\" \/>\n<meta property=\"og:title\" content=\"Erzurum&#039;da ya\u015fayan bir insan hazinesi: H\u00fcsamettin Usta - Memurun Sesi\" \/>\n<meta property=\"og:description\" content=\"&#8211; At\u0131k a\u011fa\u00e7lardan objeler yaparak ge\u00e7imini sa\u011fl\u0131yor Erzurum&#8217;un Oltu il\u00e7esi \u015eehitler Mahallesi&#8217;nde ya\u015fayan evli ve 6 \u00e7ocuk babas\u0131 79 ya\u015f\u0131ndaki H\u00fcsamettin Aras, at\u0131k a\u011fa\u00e7 par\u00e7alar\u0131n\u0131 de\u011ferlendirerek yapt\u0131\u011f\u0131 objelerle ge\u00e7imini sa\u011flamaya \u00e7al\u0131\u015f\u0131yor. Kirada oturan ve tek geliri 65 ya\u015f ayl\u0131\u011f\u0131 olan Aras, evinin alt\u0131ndaki k\u00fc\u00e7\u00fck bir oday\u0131 at\u00f6lyeye \u00e7evirerek \u00fcretim yap\u0131yor. H\u00fcsamettin Aras, \u00e7evreden toplad\u0131\u011f\u0131 veya [&hellip;]\" \/>\n<meta property=\"og:url\" content=\"https:\/\/memurunsesi.net\/index.php\/2025\/10\/12\/erzurumda-yasayan-bir-insan-hazinesi-husamettin-usta\/\" \/>\n<meta property=\"og:site_name\" content=\"Memurun Sesi\" \/>\n<meta property=\"article:publisher\" content=\"https:\/\/www.facebook.com\/unipersen\/?locale=tr_TR\" \/>\n<meta property=\"article:published_time\" content=\"2025-10-12T06:45:15+00:00\" \/>\n<meta property=\"og:image\" content=\"https:\/\/memurunsesi.net\/wp-content\/uploads\/2025\/10\/AW556989_01.jpg\" \/>\n\t<meta property=\"og:image:width\" content=\"1600\" \/>\n\t<meta property=\"og:image:height\" content=\"1066\" \/>\n\t<meta property=\"og:image:type\" content=\"image\/jpeg\" \/>\n<meta name=\"author\" content=\"Memurun Sesi Haber Merkezi\" \/>\n<meta name=\"twitter:card\" content=\"summary_large_image\" \/>\n<meta name=\"twitter:creator\" content=\"@unipersen\" \/>\n<meta name=\"twitter:site\" content=\"@unipersen\" \/>\n<meta name=\"twitter:label1\" content=\"Yazan:\" \/>\n\t<meta name=\"twitter:data1\" content=\"Memurun Sesi Haber Merkezi\" \/>\n\t<meta name=\"twitter:label2\" content=\"Tahmini okuma s\u00fcresi\" \/>\n\t<meta name=\"twitter:data2\" content=\"1 dakika\" \/>\n<script type=\"application\/ld+json\" class=\"yoast-schema-graph\">{\"@context\":\"https:\\\/\\\/schema.org\",\"@graph\":[{\"@type\":\"Article\",\"@id\":\"https:\\\/\\\/memurunsesi.net\\\/index.php\\\/2025\\\/10\\\/12\\\/erzurumda-yasayan-bir-insan-hazinesi-husamettin-usta\\\/#article\",\"isPartOf\":{\"@id\":\"https:\\\/\\\/memurunsesi.net\\\/index.php\\\/2025\\\/10\\\/12\\\/erzurumda-yasayan-bir-insan-hazinesi-husamettin-usta\\\/\"},\"author\":{\"name\":\"Memurun Sesi Haber Merkezi\",\"@id\":\"https:\\\/\\\/memurunsesi.net\\\/#\\\/schema\\\/person\\\/f21c2d73b89f6ee1d80b0a1803e38587\"},\"headline\":\"Erzurum&#8217;da ya\u015fayan bir insan hazinesi: H\u00fcsamettin Usta\",\"datePublished\":\"2025-10-12T06:45:15+00:00\",\"mainEntityOfPage\":{\"@id\":\"https:\\\/\\\/memurunsesi.net\\\/index.php\\\/2025\\\/10\\\/12\\\/erzurumda-yasayan-bir-insan-hazinesi-husamettin-usta\\\/\"},\"wordCount\":337,\"commentCount\":0,\"publisher\":{\"@id\":\"https:\\\/\\\/memurunsesi.net\\\/#organization\"},\"image\":{\"@id\":\"https:\\\/\\\/memurunsesi.net\\\/index.php\\\/2025\\\/10\\\/12\\\/erzurumda-yasayan-bir-insan-hazinesi-husamettin-usta\\\/#primaryimage\"},\"thumbnailUrl\":\"https:\\\/\\\/memurunsesi.net\\\/wp-content\\\/uploads\\\/2025\\\/10\\\/AW556989_01.jpg\",\"inLanguage\":\"tr\",\"potentialAction\":[{\"@type\":\"CommentAction\",\"name\":\"Comment\",\"target\":[\"https:\\\/\\\/memurunsesi.net\\\/index.php\\\/2025\\\/10\\\/12\\\/erzurumda-yasayan-bir-insan-hazinesi-husamettin-usta\\\/#respond\"]}]},{\"@type\":\"WebPage\",\"@id\":\"https:\\\/\\\/memurunsesi.net\\\/index.php\\\/2025\\\/10\\\/12\\\/erzurumda-yasayan-bir-insan-hazinesi-husamettin-usta\\\/\",\"url\":\"https:\\\/\\\/memurunsesi.net\\\/index.php\\\/2025\\\/10\\\/12\\\/erzurumda-yasayan-bir-insan-hazinesi-husamettin-usta\\\/\",\"name\":\"Erzurum'da ya\u015fayan bir insan hazinesi: H\u00fcsamettin Usta - Memurun Sesi\",\"isPartOf\":{\"@id\":\"https:\\\/\\\/memurunsesi.net\\\/#website\"},\"primaryImageOfPage\":{\"@id\":\"https:\\\/\\\/memurunsesi.net\\\/index.php\\\/2025\\\/10\\\/12\\\/erzurumda-yasayan-bir-insan-hazinesi-husamettin-usta\\\/#primaryimage\"},\"image\":{\"@id\":\"https:\\\/\\\/memurunsesi.net\\\/index.php\\\/2025\\\/10\\\/12\\\/erzurumda-yasayan-bir-insan-hazinesi-husamettin-usta\\\/#primaryimage\"},\"thumbnailUrl\":\"https:\\\/\\\/memurunsesi.net\\\/wp-content\\\/uploads\\\/2025\\\/10\\\/AW556989_01.jpg\",\"datePublished\":\"2025-10-12T06:45:15+00:00\",\"breadcrumb\":{\"@id\":\"https:\\\/\\\/memurunsesi.net\\\/index.php\\\/2025\\\/10\\\/12\\\/erzurumda-yasayan-bir-insan-hazinesi-husamettin-usta\\\/#breadcrumb\"},\"inLanguage\":\"tr\",\"potentialAction\":[{\"@type\":\"ReadAction\",\"target\":[\"https:\\\/\\\/memurunsesi.net\\\/index.php\\\/2025\\\/10\\\/12\\\/erzurumda-yasayan-bir-insan-hazinesi-husamettin-usta\\\/\"]}]},{\"@type\":\"ImageObject\",\"inLanguage\":\"tr\",\"@id\":\"https:\\\/\\\/memurunsesi.net\\\/index.php\\\/2025\\\/10\\\/12\\\/erzurumda-yasayan-bir-insan-hazinesi-husamettin-usta\\\/#primaryimage\",\"url\":\"https:\\\/\\\/memurunsesi.net\\\/wp-content\\\/uploads\\\/2025\\\/10\\\/AW556989_01.jpg\",\"contentUrl\":\"https:\\\/\\\/memurunsesi.net\\\/wp-content\\\/uploads\\\/2025\\\/10\\\/AW556989_01.jpg\",\"width\":1600,\"height\":1066,\"caption\":\"79 YA\u015eINDAK\u0130 H\u00dcSAMETT\u0130N ARAS, ATIK A\u011eA\u00c7 PAR\u00c7ALARINI DE\u011eERLEND\u0130REREK YAPTI\u011eI OBJELERLE GE\u00c7\u0130M\u0130N\u0130 SA\u011eLAMAYA \u00c7ALI\u015eIYOR. (DURSUN MURAT AYDIN\\\/ERZURUM-\u0130HA) Erzurum'un Oltu il\u00e7esi \u015eehitler Mahallesi'nde ya\u015fayan evli ve 6 \u00e7ocuk babas\u0131 79 ya\u015f\u0131ndaki H\u00fcsamettin Aras, at\u0131k a\u011fa\u00e7 par\u00e7alar\u0131n\u0131 de\u011ferlendirerek yapt\u0131\u011f\u0131 objelerle ge\u00e7imini sa\u011flamaya \u00e7al\u0131\u015f\u0131yor.\"},{\"@type\":\"BreadcrumbList\",\"@id\":\"https:\\\/\\\/memurunsesi.net\\\/index.php\\\/2025\\\/10\\\/12\\\/erzurumda-yasayan-bir-insan-hazinesi-husamettin-usta\\\/#breadcrumb\",\"itemListElement\":[{\"@type\":\"ListItem\",\"position\":1,\"name\":\"Anasayfa\",\"item\":\"https:\\\/\\\/memurunsesi.net\\\/\"},{\"@type\":\"ListItem\",\"position\":2,\"name\":\"Erzurum&#8217;da ya\u015fayan bir insan hazinesi: H\u00fcsamettin Usta\"}]},{\"@type\":\"WebSite\",\"@id\":\"https:\\\/\\\/memurunsesi.net\\\/#website\",\"url\":\"https:\\\/\\\/memurunsesi.net\\\/\",\"name\":\"Memurun Sesi\",\"description\":\"G\u00fcncel ve Do\u011fru Haber\",\"publisher\":{\"@id\":\"https:\\\/\\\/memurunsesi.net\\\/#organization\"},\"potentialAction\":[{\"@type\":\"SearchAction\",\"target\":{\"@type\":\"EntryPoint\",\"urlTemplate\":\"https:\\\/\\\/memurunsesi.net\\\/?s={search_term_string}\"},\"query-input\":{\"@type\":\"PropertyValueSpecification\",\"valueRequired\":true,\"valueName\":\"search_term_string\"}}],\"inLanguage\":\"tr\"},{\"@type\":\"Organization\",\"@id\":\"https:\\\/\\\/memurunsesi.net\\\/#organization\",\"name\":\"Memurun Sesi\",\"url\":\"https:\\\/\\\/memurunsesi.net\\\/\",\"logo\":{\"@type\":\"ImageObject\",\"inLanguage\":\"tr\",\"@id\":\"https:\\\/\\\/memurunsesi.net\\\/#\\\/schema\\\/logo\\\/image\\\/\",\"url\":\"https:\\\/\\\/memurunsesi.net\\\/wp-content\\\/uploads\\\/2025\\\/11\\\/cropped-MEMURUN-SESI.png\",\"contentUrl\":\"https:\\\/\\\/memurunsesi.net\\\/wp-content\\\/uploads\\\/2025\\\/11\\\/cropped-MEMURUN-SESI.png\",\"width\":238,\"height\":57,\"caption\":\"Memurun Sesi\"},\"image\":{\"@id\":\"https:\\\/\\\/memurunsesi.net\\\/#\\\/schema\\\/logo\\\/image\\\/\"},\"sameAs\":[\"https:\\\/\\\/www.facebook.com\\\/unipersen\\\/?locale=tr_TR\",\"https:\\\/\\\/x.com\\\/unipersen\"]},{\"@type\":\"Person\",\"@id\":\"https:\\\/\\\/memurunsesi.net\\\/#\\\/schema\\\/person\\\/f21c2d73b89f6ee1d80b0a1803e38587\",\"name\":\"Memurun Sesi Haber Merkezi\",\"image\":{\"@type\":\"ImageObject\",\"inLanguage\":\"tr\",\"@id\":\"https:\\\/\\\/secure.gravatar.com\\\/avatar\\\/6cf0505f452ee753f485014986fab09a434671d2b919ee76fc541025c5876a70?s=96&d=mm&r=g\",\"url\":\"https:\\\/\\\/secure.gravatar.com\\\/avatar\\\/6cf0505f452ee753f485014986fab09a434671d2b919ee76fc541025c5876a70?s=96&d=mm&r=g\",\"contentUrl\":\"https:\\\/\\\/secure.gravatar.com\\\/avatar\\\/6cf0505f452ee753f485014986fab09a434671d2b919ee76fc541025c5876a70?s=96&d=mm&r=g\",\"caption\":\"Memurun Sesi Haber Merkezi\"},\"sameAs\":[\"https:\\\/\\\/memurunsesi.net\"],\"url\":\"https:\\\/\\\/memurunsesi.net\\\/index.php\\\/author\\\/uniper\\\/\"}]}<\/script>\n<!-- \/ Yoast SEO plugin. -->","yoast_head_json":{"title":"Erzurum'da ya\u015fayan bir insan hazinesi: H\u00fcsamettin Usta - Memurun Sesi","robots":{"index":"index","follow":"follow","max-snippet":"max-snippet:-1","max-image-preview":"max-image-preview:large","max-video-preview":"max-video-preview:-1"},"canonical":"https:\/\/memurunsesi.net\/index.php\/2025\/10\/12\/erzurumda-yasayan-bir-insan-hazinesi-husamettin-usta\/","og_locale":"tr_TR","og_type":"article","og_title":"Erzurum'da ya\u015fayan bir insan hazinesi: H\u00fcsamettin Usta - Memurun Sesi","og_description":"&#8211; At\u0131k a\u011fa\u00e7lardan objeler yaparak ge\u00e7imini sa\u011fl\u0131yor Erzurum&#8217;un Oltu il\u00e7esi \u015eehitler Mahallesi&#8217;nde ya\u015fayan evli ve 6 \u00e7ocuk babas\u0131 79 ya\u015f\u0131ndaki H\u00fcsamettin Aras, at\u0131k a\u011fa\u00e7 par\u00e7alar\u0131n\u0131 de\u011ferlendirerek yapt\u0131\u011f\u0131 objelerle ge\u00e7imini sa\u011flamaya \u00e7al\u0131\u015f\u0131yor. Kirada oturan ve tek geliri 65 ya\u015f ayl\u0131\u011f\u0131 olan Aras, evinin alt\u0131ndaki k\u00fc\u00e7\u00fck bir oday\u0131 at\u00f6lyeye \u00e7evirerek \u00fcretim yap\u0131yor. H\u00fcsamettin Aras, \u00e7evreden toplad\u0131\u011f\u0131 veya [&hellip;]","og_url":"https:\/\/memurunsesi.net\/index.php\/2025\/10\/12\/erzurumda-yasayan-bir-insan-hazinesi-husamettin-usta\/","og_site_name":"Memurun Sesi","article_publisher":"https:\/\/www.facebook.com\/unipersen\/?locale=tr_TR","article_published_time":"2025-10-12T06:45:15+00:00","og_image":[{"width":1600,"height":1066,"url":"https:\/\/memurunsesi.net\/wp-content\/uploads\/2025\/10\/AW556989_01.jpg","type":"image\/jpeg"}],"author":"Memurun Sesi Haber Merkezi","twitter_card":"summary_large_image","twitter_creator":"@unipersen","twitter_site":"@unipersen","twitter_misc":{"Yazan:":"Memurun Sesi Haber Merkezi","Tahmini okuma s\u00fcresi":"1 dakika"},"schema":{"@context":"https:\/\/schema.org","@graph":[{"@type":"Article","@id":"https:\/\/memurunsesi.net\/index.php\/2025\/10\/12\/erzurumda-yasayan-bir-insan-hazinesi-husamettin-usta\/#article","isPartOf":{"@id":"https:\/\/memurunsesi.net\/index.php\/2025\/10\/12\/erzurumda-yasayan-bir-insan-hazinesi-husamettin-usta\/"},"author":{"name":"Memurun Sesi Haber Merkezi","@id":"https:\/\/memurunsesi.net\/#\/schema\/person\/f21c2d73b89f6ee1d80b0a1803e38587"},"headline":"Erzurum&#8217;da ya\u015fayan bir insan hazinesi: H\u00fcsamettin Usta","datePublished":"2025-10-12T06:45:15+00:00","mainEntityOfPage":{"@id":"https:\/\/memurunsesi.net\/index.php\/2025\/10\/12\/erzurumda-yasayan-bir-insan-hazinesi-husamettin-usta\/"},"wordCount":337,"commentCount":0,"publisher":{"@id":"https:\/\/memurunsesi.net\/#organization"},"image":{"@id":"https:\/\/memurunsesi.net\/index.php\/2025\/10\/12\/erzurumda-yasayan-bir-insan-hazinesi-husamettin-usta\/#primaryimage"},"thumbnailUrl":"https:\/\/memurunsesi.net\/wp-content\/uploads\/2025\/10\/AW556989_01.jpg","inLanguage":"tr","potentialAction":[{"@type":"CommentAction","name":"Comment","target":["https:\/\/memurunsesi.net\/index.php\/2025\/10\/12\/erzurumda-yasayan-bir-insan-hazinesi-husamettin-usta\/#respond"]}]},{"@type":"WebPage","@id":"https:\/\/memurunsesi.net\/index.php\/2025\/10\/12\/erzurumda-yasayan-bir-insan-hazinesi-husamettin-usta\/","url":"https:\/\/memurunsesi.net\/index.php\/2025\/10\/12\/erzurumda-yasayan-bir-insan-hazinesi-husamettin-usta\/","name":"Erzurum'da ya\u015fayan bir insan hazinesi: H\u00fcsamettin Usta - Memurun Sesi","isPartOf":{"@id":"https:\/\/memurunsesi.net\/#website"},"primaryImageOfPage":{"@id":"https:\/\/memurunsesi.net\/index.php\/2025\/10\/12\/erzurumda-yasayan-bir-insan-hazinesi-husamettin-usta\/#primaryimage"},"image":{"@id":"https:\/\/memurunsesi.net\/index.php\/2025\/10\/12\/erzurumda-yasayan-bir-insan-hazinesi-husamettin-usta\/#primaryimage"},"thumbnailUrl":"https:\/\/memurunsesi.net\/wp-content\/uploads\/2025\/10\/AW556989_01.jpg","datePublished":"2025-10-12T06:45:15+00:00","breadcrumb":{"@id":"https:\/\/memurunsesi.net\/index.php\/2025\/10\/12\/erzurumda-yasayan-bir-insan-hazinesi-husamettin-usta\/#breadcrumb"},"inLanguage":"tr","potentialAction":[{"@type":"ReadAction","target":["https:\/\/memurunsesi.net\/index.php\/2025\/10\/12\/erzurumda-yasayan-bir-insan-hazinesi-husamettin-usta\/"]}]},{"@type":"ImageObject","inLanguage":"tr","@id":"https:\/\/memurunsesi.net\/index.php\/2025\/10\/12\/erzurumda-yasayan-bir-insan-hazinesi-husamettin-usta\/#primaryimage","url":"https:\/\/memurunsesi.net\/wp-content\/uploads\/2025\/10\/AW556989_01.jpg","contentUrl":"https:\/\/memurunsesi.net\/wp-content\/uploads\/2025\/10\/AW556989_01.jpg","width":1600,"height":1066,"caption":"79 YA\u015eINDAK\u0130 H\u00dcSAMETT\u0130N ARAS, ATIK A\u011eA\u00c7 PAR\u00c7ALARINI DE\u011eERLEND\u0130REREK YAPTI\u011eI OBJELERLE GE\u00c7\u0130M\u0130N\u0130 SA\u011eLAMAYA \u00c7ALI\u015eIYOR. (DURSUN MURAT AYDIN\/ERZURUM-\u0130HA) Erzurum'un Oltu il\u00e7esi \u015eehitler Mahallesi'nde ya\u015fayan evli ve 6 \u00e7ocuk babas\u0131 79 ya\u015f\u0131ndaki H\u00fcsamettin Aras, at\u0131k a\u011fa\u00e7 par\u00e7alar\u0131n\u0131 de\u011ferlendirerek yapt\u0131\u011f\u0131 objelerle ge\u00e7imini sa\u011flamaya \u00e7al\u0131\u015f\u0131yor."},{"@type":"BreadcrumbList","@id":"https:\/\/memurunsesi.net\/index.php\/2025\/10\/12\/erzurumda-yasayan-bir-insan-hazinesi-husamettin-usta\/#breadcrumb","itemListElement":[{"@type":"ListItem","position":1,"name":"Anasayfa","item":"https:\/\/memurunsesi.net\/"},{"@type":"ListItem","position":2,"name":"Erzurum&#8217;da ya\u015fayan bir insan hazinesi: H\u00fcsamettin Usta"}]},{"@type":"WebSite","@id":"https:\/\/memurunsesi.net\/#website","url":"https:\/\/memurunsesi.net\/","name":"Memurun Sesi","description":"G\u00fcncel ve Do\u011fru Haber","publisher":{"@id":"https:\/\/memurunsesi.net\/#organization"},"potentialAction":[{"@type":"SearchAction","target":{"@type":"EntryPoint","urlTemplate":"https:\/\/memurunsesi.net\/?s={search_term_string}"},"query-input":{"@type":"PropertyValueSpecification","valueRequired":true,"valueName":"search_term_string"}}],"inLanguage":"tr"},{"@type":"Organization","@id":"https:\/\/memurunsesi.net\/#organization","name":"Memurun Sesi","url":"https:\/\/memurunsesi.net\/","logo":{"@type":"ImageObject","inLanguage":"tr","@id":"https:\/\/memurunsesi.net\/#\/schema\/logo\/image\/","url":"https:\/\/memurunsesi.net\/wp-content\/uploads\/2025\/11\/cropped-MEMURUN-SESI.png","contentUrl":"https:\/\/memurunsesi.net\/wp-content\/uploads\/2025\/11\/cropped-MEMURUN-SESI.png","width":238,"height":57,"caption":"Memurun Sesi"},"image":{"@id":"https:\/\/memurunsesi.net\/#\/schema\/logo\/image\/"},"sameAs":["https:\/\/www.facebook.com\/unipersen\/?locale=tr_TR","https:\/\/x.com\/unipersen"]},{"@type":"Person","@id":"https:\/\/memurunsesi.net\/#\/schema\/person\/f21c2d73b89f6ee1d80b0a1803e38587","name":"Memurun Sesi Haber Merkezi","image":{"@type":"ImageObject","inLanguage":"tr","@id":"https:\/\/secure.gravatar.com\/avatar\/6cf0505f452ee753f485014986fab09a434671d2b919ee76fc541025c5876a70?s=96&d=mm&r=g","url":"https:\/\/secure.gravatar.com\/avatar\/6cf0505f452ee753f485014986fab09a434671d2b919ee76fc541025c5876a70?s=96&d=mm&r=g","contentUrl":"https:\/\/secure.gravatar.com\/avatar\/6cf0505f452ee753f485014986fab09a434671d2b919ee76fc541025c5876a70?s=96&d=mm&r=g","caption":"Memurun Sesi Haber Merkezi"},"sameAs":["https:\/\/memurunsesi.net"],"url":"https:\/\/memurunsesi.net\/index.php\/author\/uniper\/"}]}},"_links":{"self":[{"href":"https:\/\/memurunsesi.net\/index.php\/wp-json\/wp\/v2\/posts\/12852","targetHints":{"allow":["GET"]}}],"collection":[{"href":"https:\/\/memurunsesi.net\/index.php\/wp-json\/wp\/v2\/posts"}],"about":[{"href":"https:\/\/memurunsesi.net\/index.php\/wp-json\/wp\/v2\/types\/post"}],"author":[{"embeddable":true,"href":"https:\/\/memurunsesi.net\/index.php\/wp-json\/wp\/v2\/users\/1"}],"replies":[{"embeddable":true,"href":"https:\/\/memurunsesi.net\/index.php\/wp-json\/wp\/v2\/comments?post=12852"}],"version-history":[{"count":1,"href":"https:\/\/memurunsesi.net\/index.php\/wp-json\/wp\/v2\/posts\/12852\/revisions"}],"predecessor-version":[{"id":12854,"href":"https:\/\/memurunsesi.net\/index.php\/wp-json\/wp\/v2\/posts\/12852\/revisions\/12854"}],"wp:featuredmedia":[{"embeddable":true,"href":"https:\/\/memurunsesi.net\/index.php\/wp-json\/wp\/v2\/media\/12853"}],"wp:attachment":[{"href":"https:\/\/memurunsesi.net\/index.php\/wp-json\/wp\/v2\/media?parent=12852"}],"wp:term":[{"taxonomy":"category","embeddable":true,"href":"https:\/\/memurunsesi.net\/index.php\/wp-json\/wp\/v2\/categories?post=12852"},{"taxonomy":"post_tag","embeddable":true,"href":"https:\/\/memurunsesi.net\/index.php\/wp-json\/wp\/v2\/tags?post=12852"}],"curies":[{"name":"wp","href":"https:\/\/api.w.org\/{rel}","templated":true}]}}