{"id":12855,"date":"2025-10-12T09:47:13","date_gmt":"2025-10-12T06:47:13","guid":{"rendered":"https:\/\/memurunsesi.net\/?p=12855"},"modified":"2025-10-12T09:47:13","modified_gmt":"2025-10-12T06:47:13","slug":"ilk-kez-duyanlari-sasirtsa-da-2-bin-nufuslu-mahallede-herkes-daduk-soy-ismini-tasiyor","status":"publish","type":"post","link":"https:\/\/memurunsesi.net\/index.php\/2025\/10\/12\/ilk-kez-duyanlari-sasirtsa-da-2-bin-nufuslu-mahallede-herkes-daduk-soy-ismini-tasiyor\/","title":{"rendered":"\u0130lk kez duyanlar\u0131 \u015fa\u015f\u0131rtsa da 2 bin n\u00fcfuslu mahallede herkes \u2018Dad\u00fck\u2019 soy ismini ta\u015f\u0131yor"},"content":{"rendered":"<p>   Hatay\u2019da bulunan 2 bin n\u00fcfuslu G\u00f6zene Mahallesi\u2019nde ya\u015fayan vatanda\u015flar\u0131n hepsi \u2018Dad\u00fck\u2019 soy ismini ta\u015f\u0131yor. B\u00f6lgede \u2018Dad\u00fck\u2019 olarak tan\u0131nan mahalleye ilk kez gelenler herkesin ayn\u0131 soy ismi ta\u015f\u0131mas\u0131 kar\u015f\u0131s\u0131nda \u015fa\u015fk\u0131nl\u0131k ya\u015f\u0131yor.<br \/>\n  Samanda\u011f il\u00e7e merkezine 8 kilometre uzakl\u0131kta da\u011f yamac\u0131nda yer alan 410 hanelik G\u00f6zene Mahallesi\u2019nde yakla\u015f\u0131k 2 bin vatanda\u015f ya\u015f\u0131yor. N\u00fcfusunun kalabal\u0131k olmas\u0131yla tan\u0131nm\u0131\u015f bir mahalle olan G\u00f6zene\u2019yi \u00f6n plana \u00e7\u0131karansa mahallede ya\u015fayan herkesin soy isminin \u2018Dad\u00fck\u2019 olmas\u0131. \u0130nsanlar\u0131n birine kendini tan\u0131makta anne ve baba ismini kullan\u0131rken T\u00fcrkiye Cumhuriyeti kimlik numaras\u0131n\u0131n hayata girmesiyse resmi i\u015flerde ya\u015fanan kar\u0131\u015f\u0131kl\u0131klar\u0131n son y\u0131llarda \u00f6n\u00fcne ge\u00e7ti. Mahallede en \u00e7ok dikkat \u00e7eken unsurlardan biriyse mahalle mezarl\u0131\u011f\u0131nda bulunan mezarlardaki insanlar\u0131n hepsinin soy isminin ayn\u0131 olmas\u0131. <\/p>\n<p>  &#8220;\u00d6\u011fretmenler ve yabanc\u0131 ki\u015filer hari\u00e7 di\u011fer ya\u015fayanlar \u2018Dad\u00fck\u2019 soy ismine sahipler<br \/>\n  G\u00f6zene Mahallesi Muhtar\u0131 Yusuf Dad\u00fck, mahalleye ilk kez gelenlerin \u2018Dad\u00fck\u2019 soy ismi kar\u015f\u0131s\u0131nda \u015fa\u015fk\u0131nl\u0131k ya\u015fad\u0131klar\u0131n\u0131 belirterek &#8220;B\u00fct\u00fcn Hatayl\u0131lar ve Samanda\u011fl\u0131lar normalde bize Dad\u00fckler derler. Yabanc\u0131 yerlerden gelenler \u2018Dad\u00fck k\u00f6y\u00fc\u2019 olarak biliyorlard\u0131. K\u00f6y\u00fcn ismi Dad\u00fck de\u011fil G\u00f6zene\u2019dir. B\u00fct\u00fcn k\u00f6yde ya\u015fayan insanlar\u0131n hepsinin soy isimleri \u2018Dad\u00fck\u2019. \u00d6\u011fretmenler ve yabanc\u0131 ki\u015filer hari\u00e7 di\u011fer ya\u015fayanlar \u2018Dad\u00fck\u2019 soy ismine sahipler. K\u00f6y\u00fcm\u00fczde yakla\u015f\u0131k 410 hane olarak 2 bin ki\u015fi ya\u015f\u0131yor. Bu k\u00f6yde herkesin soy ismi \u2018Dad\u00fck\u2019. Bu durum kar\u0131\u015f\u0131kl\u0131\u011fa sebep oluyor. Genelde babalar\u0131n isimlerini s\u00f6yledi\u011finde kim oldu\u011funu \u00e7\u0131kart\u0131yoruz. K\u00f6yde 8 aile oldu\u011fu ve onlar\u0131nda k\u00f6k\u00fcn\u00fc bildi\u011fimiz i\u00e7in sorun olmuyor. D\u0131\u015fardan gelen \u00f6\u011fretmenler veya ba\u015fka birileri geldi\u011fi zaman sorular soruyorlar. \u00d6\u011fretmenler soru olmuyor ve vatanda\u015flarda sorun olu\u015fturmuyor. \u00d6\u011fretmenler ilk geldiklerinde \u015fa\u015f\u0131r\u0131yorlar ama sonra al\u0131\u015f\u0131yorlar&#8221; dedi. <\/p>\n<p>  &#8220;Hepimizin soy isimleri \u2018Dad\u00fck\u2019 ve dededen gelen soy ismi, hala ta\u015f\u0131maya devam ediyoruz&#8221;<br \/>\n Atalar\u0131ndan kendilerine kalan \u2018Dad\u00fck\u2019 soy ismini ta\u015f\u0131maya devam ettiklerini belirten  Muhsin Dad\u00fck, &#8220;Hepimizin soy isimleri \u2018Dad\u00fck\u2019. Dededen gelen soy ismi, hala ta\u015f\u0131maya devam ediyoruz. Bundan \u00f6nce de\u011fi\u015fiklik olmad\u0131 ve olmayacak. Eskiden kimlik numaralar\u0131 olmadan \u00e7ok kar\u0131\u015f\u0131kl\u0131k \u00e7\u0131kard\u0131. Kimlik numaras\u0131 \u00e7\u0131kt\u0131ktan sonra sorun \u00e7\u00f6z\u00fcld\u00fc. Benim ismim de Muhsin Dad\u00fck, k\u00f6yde herkesin soy ismi \u2018Dad\u00fck\u2019 oldu&#8221; ifadelerini kulland\u0131. <\/p>\n<p>12.10.2025                               <\/p>\n","protected":false},"excerpt":{"rendered":"<p>Hatay\u2019da bulunan 2 bin n\u00fcfuslu G\u00f6zene Mahallesi\u2019nde ya\u015fayan vatanda\u015flar\u0131n hepsi \u2018Dad\u00fck\u2019 soy ismini ta\u015f\u0131yor. B\u00f6lgede \u2018Dad\u00fck\u2019 olarak tan\u0131nan mahalleye ilk kez gelenler herkesin ayn\u0131 soy ismi ta\u015f\u0131mas\u0131 kar\u015f\u0131s\u0131nda \u015fa\u015fk\u0131nl\u0131k ya\u015f\u0131yor. Samanda\u011f il\u00e7e merkezine 8 kilometre uzakl\u0131kta da\u011f yamac\u0131nda yer alan 410 hanelik G\u00f6zene Mahallesi\u2019nde yakla\u015f\u0131k 2 bin vatanda\u015f ya\u015f\u0131yor. N\u00fcfusunun kalabal\u0131k olmas\u0131yla tan\u0131nm\u0131\u015f bir mahalle [&hellip;]<\/p>\n","protected":false},"author":1,"featured_media":12856,"comment_status":"open","ping_status":"open","sticky":false,"template":"","format":"standard","meta":{"footnotes":""},"categories":[1],"tags":[],"class_list":["post-12855","post","type-post","status-publish","format-standard","has-post-thumbnail","hentry","category-genel"],"yoast_head":"<!-- This site is optimized with the Yoast SEO plugin v27.4 - https:\/\/yoast.com\/product\/yoast-seo-wordpress\/ -->\n<title>\u0130lk kez duyanlar\u0131 \u015fa\u015f\u0131rtsa da 2 bin n\u00fcfuslu mahallede herkes \u2018Dad\u00fck\u2019 soy ismini ta\u015f\u0131yor - Memurun Sesi<\/title>\n<meta name=\"robots\" content=\"index, follow, max-snippet:-1, max-image-preview:large, max-video-preview:-1\" \/>\n<link rel=\"canonical\" href=\"https:\/\/memurunsesi.net\/index.php\/2025\/10\/12\/ilk-kez-duyanlari-sasirtsa-da-2-bin-nufuslu-mahallede-herkes-daduk-soy-ismini-tasiyor\/\" \/>\n<meta property=\"og:locale\" content=\"tr_TR\" \/>\n<meta property=\"og:type\" content=\"article\" \/>\n<meta property=\"og:title\" content=\"\u0130lk kez duyanlar\u0131 \u015fa\u015f\u0131rtsa da 2 bin n\u00fcfuslu mahallede herkes \u2018Dad\u00fck\u2019 soy ismini ta\u015f\u0131yor - Memurun Sesi\" \/>\n<meta property=\"og:description\" content=\"Hatay\u2019da bulunan 2 bin n\u00fcfuslu G\u00f6zene Mahallesi\u2019nde ya\u015fayan vatanda\u015flar\u0131n hepsi \u2018Dad\u00fck\u2019 soy ismini ta\u015f\u0131yor. B\u00f6lgede \u2018Dad\u00fck\u2019 olarak tan\u0131nan mahalleye ilk kez gelenler herkesin ayn\u0131 soy ismi ta\u015f\u0131mas\u0131 kar\u015f\u0131s\u0131nda \u015fa\u015fk\u0131nl\u0131k ya\u015f\u0131yor. Samanda\u011f il\u00e7e merkezine 8 kilometre uzakl\u0131kta da\u011f yamac\u0131nda yer alan 410 hanelik G\u00f6zene Mahallesi\u2019nde yakla\u015f\u0131k 2 bin vatanda\u015f ya\u015f\u0131yor. N\u00fcfusunun kalabal\u0131k olmas\u0131yla tan\u0131nm\u0131\u015f bir mahalle [&hellip;]\" \/>\n<meta property=\"og:url\" content=\"https:\/\/memurunsesi.net\/index.php\/2025\/10\/12\/ilk-kez-duyanlari-sasirtsa-da-2-bin-nufuslu-mahallede-herkes-daduk-soy-ismini-tasiyor\/\" \/>\n<meta property=\"og:site_name\" content=\"Memurun Sesi\" \/>\n<meta property=\"article:publisher\" content=\"https:\/\/www.facebook.com\/unipersen\/?locale=tr_TR\" \/>\n<meta property=\"article:published_time\" content=\"2025-10-12T06:47:13+00:00\" \/>\n<meta property=\"og:image\" content=\"https:\/\/memurunsesi.net\/wp-content\/uploads\/2025\/10\/AW556996_01-scaled.jpg\" \/>\n\t<meta property=\"og:image:width\" content=\"2560\" \/>\n\t<meta property=\"og:image:height\" content=\"1707\" \/>\n\t<meta property=\"og:image:type\" content=\"image\/jpeg\" \/>\n<meta name=\"author\" content=\"Memurun Sesi Haber Merkezi\" \/>\n<meta name=\"twitter:card\" content=\"summary_large_image\" \/>\n<meta name=\"twitter:creator\" content=\"@unipersen\" \/>\n<meta name=\"twitter:site\" content=\"@unipersen\" \/>\n<meta name=\"twitter:label1\" content=\"Yazan:\" \/>\n\t<meta name=\"twitter:data1\" content=\"Memurun Sesi Haber Merkezi\" \/>\n\t<meta name=\"twitter:label2\" content=\"Tahmini okuma s\u00fcresi\" \/>\n\t<meta name=\"twitter:data2\" content=\"1 dakika\" \/>\n<script type=\"application\/ld+json\" class=\"yoast-schema-graph\">{\"@context\":\"https:\\\/\\\/schema.org\",\"@graph\":[{\"@type\":\"Article\",\"@id\":\"https:\\\/\\\/memurunsesi.net\\\/index.php\\\/2025\\\/10\\\/12\\\/ilk-kez-duyanlari-sasirtsa-da-2-bin-nufuslu-mahallede-herkes-daduk-soy-ismini-tasiyor\\\/#article\",\"isPartOf\":{\"@id\":\"https:\\\/\\\/memurunsesi.net\\\/index.php\\\/2025\\\/10\\\/12\\\/ilk-kez-duyanlari-sasirtsa-da-2-bin-nufuslu-mahallede-herkes-daduk-soy-ismini-tasiyor\\\/\"},\"author\":{\"name\":\"Memurun Sesi Haber Merkezi\",\"@id\":\"https:\\\/\\\/memurunsesi.net\\\/#\\\/schema\\\/person\\\/f21c2d73b89f6ee1d80b0a1803e38587\"},\"headline\":\"\u0130lk kez duyanlar\u0131 \u015fa\u015f\u0131rtsa da 2 bin n\u00fcfuslu mahallede herkes \u2018Dad\u00fck\u2019 soy ismini ta\u015f\u0131yor\",\"datePublished\":\"2025-10-12T06:47:13+00:00\",\"mainEntityOfPage\":{\"@id\":\"https:\\\/\\\/memurunsesi.net\\\/index.php\\\/2025\\\/10\\\/12\\\/ilk-kez-duyanlari-sasirtsa-da-2-bin-nufuslu-mahallede-herkes-daduk-soy-ismini-tasiyor\\\/\"},\"wordCount\":451,\"commentCount\":0,\"publisher\":{\"@id\":\"https:\\\/\\\/memurunsesi.net\\\/#organization\"},\"image\":{\"@id\":\"https:\\\/\\\/memurunsesi.net\\\/index.php\\\/2025\\\/10\\\/12\\\/ilk-kez-duyanlari-sasirtsa-da-2-bin-nufuslu-mahallede-herkes-daduk-soy-ismini-tasiyor\\\/#primaryimage\"},\"thumbnailUrl\":\"https:\\\/\\\/memurunsesi.net\\\/wp-content\\\/uploads\\\/2025\\\/10\\\/AW556996_01-scaled.jpg\",\"inLanguage\":\"tr\",\"potentialAction\":[{\"@type\":\"CommentAction\",\"name\":\"Comment\",\"target\":[\"https:\\\/\\\/memurunsesi.net\\\/index.php\\\/2025\\\/10\\\/12\\\/ilk-kez-duyanlari-sasirtsa-da-2-bin-nufuslu-mahallede-herkes-daduk-soy-ismini-tasiyor\\\/#respond\"]}]},{\"@type\":\"WebPage\",\"@id\":\"https:\\\/\\\/memurunsesi.net\\\/index.php\\\/2025\\\/10\\\/12\\\/ilk-kez-duyanlari-sasirtsa-da-2-bin-nufuslu-mahallede-herkes-daduk-soy-ismini-tasiyor\\\/\",\"url\":\"https:\\\/\\\/memurunsesi.net\\\/index.php\\\/2025\\\/10\\\/12\\\/ilk-kez-duyanlari-sasirtsa-da-2-bin-nufuslu-mahallede-herkes-daduk-soy-ismini-tasiyor\\\/\",\"name\":\"\u0130lk kez duyanlar\u0131 \u015fa\u015f\u0131rtsa da 2 bin n\u00fcfuslu mahallede herkes \u2018Dad\u00fck\u2019 soy ismini ta\u015f\u0131yor - Memurun Sesi\",\"isPartOf\":{\"@id\":\"https:\\\/\\\/memurunsesi.net\\\/#website\"},\"primaryImageOfPage\":{\"@id\":\"https:\\\/\\\/memurunsesi.net\\\/index.php\\\/2025\\\/10\\\/12\\\/ilk-kez-duyanlari-sasirtsa-da-2-bin-nufuslu-mahallede-herkes-daduk-soy-ismini-tasiyor\\\/#primaryimage\"},\"image\":{\"@id\":\"https:\\\/\\\/memurunsesi.net\\\/index.php\\\/2025\\\/10\\\/12\\\/ilk-kez-duyanlari-sasirtsa-da-2-bin-nufuslu-mahallede-herkes-daduk-soy-ismini-tasiyor\\\/#primaryimage\"},\"thumbnailUrl\":\"https:\\\/\\\/memurunsesi.net\\\/wp-content\\\/uploads\\\/2025\\\/10\\\/AW556996_01-scaled.jpg\",\"datePublished\":\"2025-10-12T06:47:13+00:00\",\"breadcrumb\":{\"@id\":\"https:\\\/\\\/memurunsesi.net\\\/index.php\\\/2025\\\/10\\\/12\\\/ilk-kez-duyanlari-sasirtsa-da-2-bin-nufuslu-mahallede-herkes-daduk-soy-ismini-tasiyor\\\/#breadcrumb\"},\"inLanguage\":\"tr\",\"potentialAction\":[{\"@type\":\"ReadAction\",\"target\":[\"https:\\\/\\\/memurunsesi.net\\\/index.php\\\/2025\\\/10\\\/12\\\/ilk-kez-duyanlari-sasirtsa-da-2-bin-nufuslu-mahallede-herkes-daduk-soy-ismini-tasiyor\\\/\"]}]},{\"@type\":\"ImageObject\",\"inLanguage\":\"tr\",\"@id\":\"https:\\\/\\\/memurunsesi.net\\\/index.php\\\/2025\\\/10\\\/12\\\/ilk-kez-duyanlari-sasirtsa-da-2-bin-nufuslu-mahallede-herkes-daduk-soy-ismini-tasiyor\\\/#primaryimage\",\"url\":\"https:\\\/\\\/memurunsesi.net\\\/wp-content\\\/uploads\\\/2025\\\/10\\\/AW556996_01-scaled.jpg\",\"contentUrl\":\"https:\\\/\\\/memurunsesi.net\\\/wp-content\\\/uploads\\\/2025\\\/10\\\/AW556996_01-scaled.jpg\",\"width\":2560,\"height\":1707,\"caption\":\"HATAY'IN SAMANDA\u011e \u0130L\u00c7ES\u0130 G\u00d6ZENE MAHALLES\u0130'NDE YA\u015eAYAN \u00d6\u011eRETMENLER DI\u015eINDA YAKLA\u015eIK 2 B\u0130N K\u0130\u015e\u0130 'DAD\u00dcK' SOY \u0130SM\u0130N\u0130 TA\u015eIMAYA DEVAM ED\u0130YORLAR. (RAMAZAN \u0130LIN\\\/HATAY-\u0130HA) Hatay'da bulunan 2 bin n\u00fcfuslu G\u00f6zene Mahallesi'nde ya\u015fayan vatanda\u015flar\u0131n hepsi 'Dad\u00fck' soy ismini ta\u015f\u0131yor. B\u00f6lgede 'Dad\u00fck' olarak tan\u0131nan mahalleye ilk kez gelenler herkesin ayn\u0131 soy ismi ta\u015f\u0131mas\u0131 kar\u015f\u0131s\u0131nda \u015fa\u015fk\u0131nl\u0131k ya\u015f\u0131yor.\"},{\"@type\":\"BreadcrumbList\",\"@id\":\"https:\\\/\\\/memurunsesi.net\\\/index.php\\\/2025\\\/10\\\/12\\\/ilk-kez-duyanlari-sasirtsa-da-2-bin-nufuslu-mahallede-herkes-daduk-soy-ismini-tasiyor\\\/#breadcrumb\",\"itemListElement\":[{\"@type\":\"ListItem\",\"position\":1,\"name\":\"Anasayfa\",\"item\":\"https:\\\/\\\/memurunsesi.net\\\/\"},{\"@type\":\"ListItem\",\"position\":2,\"name\":\"\u0130lk kez duyanlar\u0131 \u015fa\u015f\u0131rtsa da 2 bin n\u00fcfuslu mahallede herkes \u2018Dad\u00fck\u2019 soy ismini ta\u015f\u0131yor\"}]},{\"@type\":\"WebSite\",\"@id\":\"https:\\\/\\\/memurunsesi.net\\\/#website\",\"url\":\"https:\\\/\\\/memurunsesi.net\\\/\",\"name\":\"Memurun Sesi\",\"description\":\"G\u00fcncel ve Do\u011fru Haber\",\"publisher\":{\"@id\":\"https:\\\/\\\/memurunsesi.net\\\/#organization\"},\"potentialAction\":[{\"@type\":\"SearchAction\",\"target\":{\"@type\":\"EntryPoint\",\"urlTemplate\":\"https:\\\/\\\/memurunsesi.net\\\/?s={search_term_string}\"},\"query-input\":{\"@type\":\"PropertyValueSpecification\",\"valueRequired\":true,\"valueName\":\"search_term_string\"}}],\"inLanguage\":\"tr\"},{\"@type\":\"Organization\",\"@id\":\"https:\\\/\\\/memurunsesi.net\\\/#organization\",\"name\":\"Memurun Sesi\",\"url\":\"https:\\\/\\\/memurunsesi.net\\\/\",\"logo\":{\"@type\":\"ImageObject\",\"inLanguage\":\"tr\",\"@id\":\"https:\\\/\\\/memurunsesi.net\\\/#\\\/schema\\\/logo\\\/image\\\/\",\"url\":\"https:\\\/\\\/memurunsesi.net\\\/wp-content\\\/uploads\\\/2025\\\/11\\\/cropped-MEMURUN-SESI.png\",\"contentUrl\":\"https:\\\/\\\/memurunsesi.net\\\/wp-content\\\/uploads\\\/2025\\\/11\\\/cropped-MEMURUN-SESI.png\",\"width\":238,\"height\":57,\"caption\":\"Memurun Sesi\"},\"image\":{\"@id\":\"https:\\\/\\\/memurunsesi.net\\\/#\\\/schema\\\/logo\\\/image\\\/\"},\"sameAs\":[\"https:\\\/\\\/www.facebook.com\\\/unipersen\\\/?locale=tr_TR\",\"https:\\\/\\\/x.com\\\/unipersen\"]},{\"@type\":\"Person\",\"@id\":\"https:\\\/\\\/memurunsesi.net\\\/#\\\/schema\\\/person\\\/f21c2d73b89f6ee1d80b0a1803e38587\",\"name\":\"Memurun Sesi Haber Merkezi\",\"image\":{\"@type\":\"ImageObject\",\"inLanguage\":\"tr\",\"@id\":\"https:\\\/\\\/secure.gravatar.com\\\/avatar\\\/6cf0505f452ee753f485014986fab09a434671d2b919ee76fc541025c5876a70?s=96&d=mm&r=g\",\"url\":\"https:\\\/\\\/secure.gravatar.com\\\/avatar\\\/6cf0505f452ee753f485014986fab09a434671d2b919ee76fc541025c5876a70?s=96&d=mm&r=g\",\"contentUrl\":\"https:\\\/\\\/secure.gravatar.com\\\/avatar\\\/6cf0505f452ee753f485014986fab09a434671d2b919ee76fc541025c5876a70?s=96&d=mm&r=g\",\"caption\":\"Memurun Sesi Haber Merkezi\"},\"sameAs\":[\"https:\\\/\\\/memurunsesi.net\"],\"url\":\"https:\\\/\\\/memurunsesi.net\\\/index.php\\\/author\\\/uniper\\\/\"}]}<\/script>\n<!-- \/ Yoast SEO plugin. -->","yoast_head_json":{"title":"\u0130lk kez duyanlar\u0131 \u015fa\u015f\u0131rtsa da 2 bin n\u00fcfuslu mahallede herkes \u2018Dad\u00fck\u2019 soy ismini ta\u015f\u0131yor - Memurun Sesi","robots":{"index":"index","follow":"follow","max-snippet":"max-snippet:-1","max-image-preview":"max-image-preview:large","max-video-preview":"max-video-preview:-1"},"canonical":"https:\/\/memurunsesi.net\/index.php\/2025\/10\/12\/ilk-kez-duyanlari-sasirtsa-da-2-bin-nufuslu-mahallede-herkes-daduk-soy-ismini-tasiyor\/","og_locale":"tr_TR","og_type":"article","og_title":"\u0130lk kez duyanlar\u0131 \u015fa\u015f\u0131rtsa da 2 bin n\u00fcfuslu mahallede herkes \u2018Dad\u00fck\u2019 soy ismini ta\u015f\u0131yor - Memurun Sesi","og_description":"Hatay\u2019da bulunan 2 bin n\u00fcfuslu G\u00f6zene Mahallesi\u2019nde ya\u015fayan vatanda\u015flar\u0131n hepsi \u2018Dad\u00fck\u2019 soy ismini ta\u015f\u0131yor. B\u00f6lgede \u2018Dad\u00fck\u2019 olarak tan\u0131nan mahalleye ilk kez gelenler herkesin ayn\u0131 soy ismi ta\u015f\u0131mas\u0131 kar\u015f\u0131s\u0131nda \u015fa\u015fk\u0131nl\u0131k ya\u015f\u0131yor. Samanda\u011f il\u00e7e merkezine 8 kilometre uzakl\u0131kta da\u011f yamac\u0131nda yer alan 410 hanelik G\u00f6zene Mahallesi\u2019nde yakla\u015f\u0131k 2 bin vatanda\u015f ya\u015f\u0131yor. N\u00fcfusunun kalabal\u0131k olmas\u0131yla tan\u0131nm\u0131\u015f bir mahalle [&hellip;]","og_url":"https:\/\/memurunsesi.net\/index.php\/2025\/10\/12\/ilk-kez-duyanlari-sasirtsa-da-2-bin-nufuslu-mahallede-herkes-daduk-soy-ismini-tasiyor\/","og_site_name":"Memurun Sesi","article_publisher":"https:\/\/www.facebook.com\/unipersen\/?locale=tr_TR","article_published_time":"2025-10-12T06:47:13+00:00","og_image":[{"width":2560,"height":1707,"url":"https:\/\/memurunsesi.net\/wp-content\/uploads\/2025\/10\/AW556996_01-scaled.jpg","type":"image\/jpeg"}],"author":"Memurun Sesi Haber Merkezi","twitter_card":"summary_large_image","twitter_creator":"@unipersen","twitter_site":"@unipersen","twitter_misc":{"Yazan:":"Memurun Sesi Haber Merkezi","Tahmini okuma s\u00fcresi":"1 dakika"},"schema":{"@context":"https:\/\/schema.org","@graph":[{"@type":"Article","@id":"https:\/\/memurunsesi.net\/index.php\/2025\/10\/12\/ilk-kez-duyanlari-sasirtsa-da-2-bin-nufuslu-mahallede-herkes-daduk-soy-ismini-tasiyor\/#article","isPartOf":{"@id":"https:\/\/memurunsesi.net\/index.php\/2025\/10\/12\/ilk-kez-duyanlari-sasirtsa-da-2-bin-nufuslu-mahallede-herkes-daduk-soy-ismini-tasiyor\/"},"author":{"name":"Memurun Sesi Haber Merkezi","@id":"https:\/\/memurunsesi.net\/#\/schema\/person\/f21c2d73b89f6ee1d80b0a1803e38587"},"headline":"\u0130lk kez duyanlar\u0131 \u015fa\u015f\u0131rtsa da 2 bin n\u00fcfuslu mahallede herkes \u2018Dad\u00fck\u2019 soy ismini ta\u015f\u0131yor","datePublished":"2025-10-12T06:47:13+00:00","mainEntityOfPage":{"@id":"https:\/\/memurunsesi.net\/index.php\/2025\/10\/12\/ilk-kez-duyanlari-sasirtsa-da-2-bin-nufuslu-mahallede-herkes-daduk-soy-ismini-tasiyor\/"},"wordCount":451,"commentCount":0,"publisher":{"@id":"https:\/\/memurunsesi.net\/#organization"},"image":{"@id":"https:\/\/memurunsesi.net\/index.php\/2025\/10\/12\/ilk-kez-duyanlari-sasirtsa-da-2-bin-nufuslu-mahallede-herkes-daduk-soy-ismini-tasiyor\/#primaryimage"},"thumbnailUrl":"https:\/\/memurunsesi.net\/wp-content\/uploads\/2025\/10\/AW556996_01-scaled.jpg","inLanguage":"tr","potentialAction":[{"@type":"CommentAction","name":"Comment","target":["https:\/\/memurunsesi.net\/index.php\/2025\/10\/12\/ilk-kez-duyanlari-sasirtsa-da-2-bin-nufuslu-mahallede-herkes-daduk-soy-ismini-tasiyor\/#respond"]}]},{"@type":"WebPage","@id":"https:\/\/memurunsesi.net\/index.php\/2025\/10\/12\/ilk-kez-duyanlari-sasirtsa-da-2-bin-nufuslu-mahallede-herkes-daduk-soy-ismini-tasiyor\/","url":"https:\/\/memurunsesi.net\/index.php\/2025\/10\/12\/ilk-kez-duyanlari-sasirtsa-da-2-bin-nufuslu-mahallede-herkes-daduk-soy-ismini-tasiyor\/","name":"\u0130lk kez duyanlar\u0131 \u015fa\u015f\u0131rtsa da 2 bin n\u00fcfuslu mahallede herkes \u2018Dad\u00fck\u2019 soy ismini ta\u015f\u0131yor - Memurun Sesi","isPartOf":{"@id":"https:\/\/memurunsesi.net\/#website"},"primaryImageOfPage":{"@id":"https:\/\/memurunsesi.net\/index.php\/2025\/10\/12\/ilk-kez-duyanlari-sasirtsa-da-2-bin-nufuslu-mahallede-herkes-daduk-soy-ismini-tasiyor\/#primaryimage"},"image":{"@id":"https:\/\/memurunsesi.net\/index.php\/2025\/10\/12\/ilk-kez-duyanlari-sasirtsa-da-2-bin-nufuslu-mahallede-herkes-daduk-soy-ismini-tasiyor\/#primaryimage"},"thumbnailUrl":"https:\/\/memurunsesi.net\/wp-content\/uploads\/2025\/10\/AW556996_01-scaled.jpg","datePublished":"2025-10-12T06:47:13+00:00","breadcrumb":{"@id":"https:\/\/memurunsesi.net\/index.php\/2025\/10\/12\/ilk-kez-duyanlari-sasirtsa-da-2-bin-nufuslu-mahallede-herkes-daduk-soy-ismini-tasiyor\/#breadcrumb"},"inLanguage":"tr","potentialAction":[{"@type":"ReadAction","target":["https:\/\/memurunsesi.net\/index.php\/2025\/10\/12\/ilk-kez-duyanlari-sasirtsa-da-2-bin-nufuslu-mahallede-herkes-daduk-soy-ismini-tasiyor\/"]}]},{"@type":"ImageObject","inLanguage":"tr","@id":"https:\/\/memurunsesi.net\/index.php\/2025\/10\/12\/ilk-kez-duyanlari-sasirtsa-da-2-bin-nufuslu-mahallede-herkes-daduk-soy-ismini-tasiyor\/#primaryimage","url":"https:\/\/memurunsesi.net\/wp-content\/uploads\/2025\/10\/AW556996_01-scaled.jpg","contentUrl":"https:\/\/memurunsesi.net\/wp-content\/uploads\/2025\/10\/AW556996_01-scaled.jpg","width":2560,"height":1707,"caption":"HATAY'IN SAMANDA\u011e \u0130L\u00c7ES\u0130 G\u00d6ZENE MAHALLES\u0130'NDE YA\u015eAYAN \u00d6\u011eRETMENLER DI\u015eINDA YAKLA\u015eIK 2 B\u0130N K\u0130\u015e\u0130 'DAD\u00dcK' SOY \u0130SM\u0130N\u0130 TA\u015eIMAYA DEVAM ED\u0130YORLAR. (RAMAZAN \u0130LIN\/HATAY-\u0130HA) Hatay'da bulunan 2 bin n\u00fcfuslu G\u00f6zene Mahallesi'nde ya\u015fayan vatanda\u015flar\u0131n hepsi 'Dad\u00fck' soy ismini ta\u015f\u0131yor. B\u00f6lgede 'Dad\u00fck' olarak tan\u0131nan mahalleye ilk kez gelenler herkesin ayn\u0131 soy ismi ta\u015f\u0131mas\u0131 kar\u015f\u0131s\u0131nda \u015fa\u015fk\u0131nl\u0131k ya\u015f\u0131yor."},{"@type":"BreadcrumbList","@id":"https:\/\/memurunsesi.net\/index.php\/2025\/10\/12\/ilk-kez-duyanlari-sasirtsa-da-2-bin-nufuslu-mahallede-herkes-daduk-soy-ismini-tasiyor\/#breadcrumb","itemListElement":[{"@type":"ListItem","position":1,"name":"Anasayfa","item":"https:\/\/memurunsesi.net\/"},{"@type":"ListItem","position":2,"name":"\u0130lk kez duyanlar\u0131 \u015fa\u015f\u0131rtsa da 2 bin n\u00fcfuslu mahallede herkes \u2018Dad\u00fck\u2019 soy ismini ta\u015f\u0131yor"}]},{"@type":"WebSite","@id":"https:\/\/memurunsesi.net\/#website","url":"https:\/\/memurunsesi.net\/","name":"Memurun Sesi","description":"G\u00fcncel ve Do\u011fru Haber","publisher":{"@id":"https:\/\/memurunsesi.net\/#organization"},"potentialAction":[{"@type":"SearchAction","target":{"@type":"EntryPoint","urlTemplate":"https:\/\/memurunsesi.net\/?s={search_term_string}"},"query-input":{"@type":"PropertyValueSpecification","valueRequired":true,"valueName":"search_term_string"}}],"inLanguage":"tr"},{"@type":"Organization","@id":"https:\/\/memurunsesi.net\/#organization","name":"Memurun Sesi","url":"https:\/\/memurunsesi.net\/","logo":{"@type":"ImageObject","inLanguage":"tr","@id":"https:\/\/memurunsesi.net\/#\/schema\/logo\/image\/","url":"https:\/\/memurunsesi.net\/wp-content\/uploads\/2025\/11\/cropped-MEMURUN-SESI.png","contentUrl":"https:\/\/memurunsesi.net\/wp-content\/uploads\/2025\/11\/cropped-MEMURUN-SESI.png","width":238,"height":57,"caption":"Memurun Sesi"},"image":{"@id":"https:\/\/memurunsesi.net\/#\/schema\/logo\/image\/"},"sameAs":["https:\/\/www.facebook.com\/unipersen\/?locale=tr_TR","https:\/\/x.com\/unipersen"]},{"@type":"Person","@id":"https:\/\/memurunsesi.net\/#\/schema\/person\/f21c2d73b89f6ee1d80b0a1803e38587","name":"Memurun Sesi Haber Merkezi","image":{"@type":"ImageObject","inLanguage":"tr","@id":"https:\/\/secure.gravatar.com\/avatar\/6cf0505f452ee753f485014986fab09a434671d2b919ee76fc541025c5876a70?s=96&d=mm&r=g","url":"https:\/\/secure.gravatar.com\/avatar\/6cf0505f452ee753f485014986fab09a434671d2b919ee76fc541025c5876a70?s=96&d=mm&r=g","contentUrl":"https:\/\/secure.gravatar.com\/avatar\/6cf0505f452ee753f485014986fab09a434671d2b919ee76fc541025c5876a70?s=96&d=mm&r=g","caption":"Memurun Sesi Haber Merkezi"},"sameAs":["https:\/\/memurunsesi.net"],"url":"https:\/\/memurunsesi.net\/index.php\/author\/uniper\/"}]}},"_links":{"self":[{"href":"https:\/\/memurunsesi.net\/index.php\/wp-json\/wp\/v2\/posts\/12855","targetHints":{"allow":["GET"]}}],"collection":[{"href":"https:\/\/memurunsesi.net\/index.php\/wp-json\/wp\/v2\/posts"}],"about":[{"href":"https:\/\/memurunsesi.net\/index.php\/wp-json\/wp\/v2\/types\/post"}],"author":[{"embeddable":true,"href":"https:\/\/memurunsesi.net\/index.php\/wp-json\/wp\/v2\/users\/1"}],"replies":[{"embeddable":true,"href":"https:\/\/memurunsesi.net\/index.php\/wp-json\/wp\/v2\/comments?post=12855"}],"version-history":[{"count":1,"href":"https:\/\/memurunsesi.net\/index.php\/wp-json\/wp\/v2\/posts\/12855\/revisions"}],"predecessor-version":[{"id":12857,"href":"https:\/\/memurunsesi.net\/index.php\/wp-json\/wp\/v2\/posts\/12855\/revisions\/12857"}],"wp:featuredmedia":[{"embeddable":true,"href":"https:\/\/memurunsesi.net\/index.php\/wp-json\/wp\/v2\/media\/12856"}],"wp:attachment":[{"href":"https:\/\/memurunsesi.net\/index.php\/wp-json\/wp\/v2\/media?parent=12855"}],"wp:term":[{"taxonomy":"category","embeddable":true,"href":"https:\/\/memurunsesi.net\/index.php\/wp-json\/wp\/v2\/categories?post=12855"},{"taxonomy":"post_tag","embeddable":true,"href":"https:\/\/memurunsesi.net\/index.php\/wp-json\/wp\/v2\/tags?post=12855"}],"curies":[{"name":"wp","href":"https:\/\/api.w.org\/{rel}","templated":true}]}}