{"id":12858,"date":"2025-10-12T09:48:41","date_gmt":"2025-10-12T06:48:41","guid":{"rendered":"https:\/\/memurunsesi.net\/?p=12858"},"modified":"2025-10-12T09:48:41","modified_gmt":"2025-10-12T06:48:41","slug":"ardi-ardina-aldigi-agri-kesiciyle-hastanelik-oldu-karaciger-nakliyle-hayata-tutundu","status":"publish","type":"post","link":"https:\/\/memurunsesi.net\/index.php\/2025\/10\/12\/ardi-ardina-aldigi-agri-kesiciyle-hastanelik-oldu-karaciger-nakliyle-hayata-tutundu\/","title":{"rendered":"Ard\u0131 ard\u0131na ald\u0131\u011f\u0131 a\u011fr\u0131 kesiciyle hastanelik oldu, karaci\u011fer nakliyle hayata tutundu"},"content":{"rendered":"<p>  &#8211; Karaci\u011fer yetmezli\u011fine ili\u015fkin bilgi veren Prof. Dr. K\u0131nac\u0131: &#8220;Bilin\u00e7siz ila\u00e7 kullan\u0131m\u0131, \u00e7ok fazla a\u011fr\u0131 kesici kullan\u0131m\u0131na meyil var&#8221;   <\/p>\n<p>   Esenyurt&#8217;ta ya\u015fayan 20 ya\u015f\u0131ndaki K\u00fcbra Y\u0131lmaz, karn\u0131nda hissetti\u011fi a\u011fr\u0131 sonras\u0131 iddiaya g\u00f6re k\u0131sa s\u00fcre aral\u0131kla 2 a\u011fr\u0131 kesici al\u0131nca fenala\u015farak hastaneye ba\u015fvurdu, karaci\u011fer de\u011ferleri h\u0131zla k\u00f6t\u00fcle\u015fen gen\u00e7 k\u0131z, kadavradan yap\u0131lan karaci\u011fer nakliyle hayata tutundu. Ya\u015fad\u0131klar\u0131n\u0131 \u015fa\u015fk\u0131nl\u0131kla kar\u015f\u0131lad\u0131\u011f\u0131n\u0131 s\u00f6yleyen Y\u0131lmaz, &#8220;A\u011fr\u0131y\u0131 kessin diye 2 tane ald\u0131m. Herhangi bir ila\u00e7, a\u011fr\u0131 kesiciyle bu duruma d\u00fc\u015fmek insan\u0131 \u00e7ok \u015fa\u015f\u0131rt\u0131yor, \u015fok oldum. Her \u015fey doktor kontrol\u00fcnde yap\u0131lmal\u0131, kesinlikle herkes organ ba\u011f\u0131\u015f\u0131 yapmal\u0131&#8221; dedi.<br \/>\n  Esenyurt&#8217;ta ya\u015fayan 20 ya\u015f\u0131ndaki K\u00fcbra Y\u0131lmaz, karn\u0131nda hissetti\u011fi a\u011fr\u0131 sonras\u0131 iddiaya g\u00f6re \u00f6nce bir a\u011fr\u0131 kesici ald\u0131 sonra k\u0131sa s\u00fcre i\u00e7inde bir tane daha al\u0131nca fenala\u015farak \u00c7am ve Sakura \u015eehir Hastanesi&#8217;ne g\u00f6t\u00fcr\u00fcld\u00fc. Acilde yap\u0131lan tetkiklerin ard\u0131ndan karaci\u011fer de\u011ferleriyle ilgili sorun oldu\u011fu \u00f6\u011frenilince hemen Genel Cerrahi Uzman\u0131 Prof. Dr. Erdem K\u0131nac\u0131 ve ekibiyle g\u00f6r\u00fc\u015f\u00fcld\u00fc. K\u0131nac\u0131 ve ekibi de\u011ferleri h\u0131zla k\u00f6t\u00fcle\u015fen Y\u0131lmaz&#8217;\u0131 yo\u011fun bak\u0131ma ald\u0131. Karaci\u011fer nakli gereklili\u011fi olu\u015fan gen\u00e7 k\u0131z i\u00e7in Ulusal Organ ve Doku Nakli Koordinasyon Sistemi&#8217;ne acil kodlu istemde bulunuldu. 6&#8217;nc\u0131 g\u00fcn\u00fcn sonunda ise vefat eden bir ki\u015finin organlar\u0131n\u0131n ba\u011f\u0131\u015fland\u0131\u011f\u0131 haberi sonras\u0131 ekip gece saatlerinde yola \u00e7\u0131kt\u0131. Bu s\u00fcre\u00e7te Y\u0131lmaz da ameliyata haz\u0131rlan\u0131rken ekibin gelmesiyle hemen operasyona girildi. Ba\u015far\u0131l\u0131 ge\u00e7en ameliyat ise hem aileyi hem sa\u011fl\u0131k ekibini mutlu etti. Prof. Dr. K\u0131nac\u0131, hastas\u0131n\u0131n durumu ve tedavisine ili\u015fkin bilgi verirken vatanda\u015flara \u00f6nemli uyar\u0131larda bulundu. K\u00fcbra Y\u0131lmaz ve annesi Arzu Y\u0131lmaz ise ya\u015fad\u0131klar\u0131 zorlu s\u00fcreci anlatt\u0131, organ ba\u011f\u0131\u015f\u0131nda bulunmak istediklerini de ifade etti. <\/p>\n<p>  &#8220;Herhangi bir ila\u00e7, a\u011fr\u0131 kesiciyle bu duruma d\u00fc\u015fmek insan\u0131 \u00e7ok \u015fa\u015f\u0131rt\u0131yor&#8221;<br \/>\n  Ya\u015fad\u0131klar\u0131na kendisinin de \u00e7ok \u015fa\u015f\u0131rd\u0131\u011f\u0131n\u0131 s\u00f6yleyen 20 ya\u015f\u0131ndaki K\u00fcbra Y\u0131lmaz, &#8220;Bir d\u00f6nem mide rahats\u0131zl\u0131\u011f\u0131m vard\u0131, o g\u00fcn de bundan kaynakl\u0131 a\u011fr\u0131 \u00e7ekiyordum. A\u011fr\u0131 kesici i\u00e7tim, k\u0131sa s\u00fcreli a\u011fr\u0131y\u0131 kessin diye bir nevi dozunu biraz fazla i\u00e7tim, 2 tane ald\u0131m. \u00d6yle olunca da yan etki yapt\u0131, sonras\u0131n\u0131 hat\u0131rlam\u0131yorum zaten ailem beni direkt hastaneye kald\u0131rm\u0131\u015f, ay\u0131ld\u0131\u011f\u0131mda hastanedeydim. Hi\u00e7 kimsenin akl\u0131na b\u00f6yle bir \u015fey gelmez. Herhangi bir ila\u00e7, a\u011fr\u0131 kesiciyle bu duruma d\u00fc\u015fmek tabi ki de insan\u0131 \u00e7ok \u015fa\u015f\u0131rt\u0131yor, \u015fok oldum. Hi\u00e7 beklemedi\u011fim bir \u015fey ya\u015fad\u0131m ve bu s\u00fcre zarf\u0131nda kadavran\u0131n \u00e7\u0131kmas\u0131 benim i\u00e7in \u00e7ok \u00f6nemliydi. Ba\u015f\u0131ma gelmez diye d\u00fc\u015f\u00fcnmemek gerekiyor, bir anda her \u015fey olabilir ve hayat\u0131m\u0131 kadavraya bor\u00e7luyum. 1-2 ki\u015fi, benden ne olacak diyoruz, \u00f6nemsemiyoruz ama kesinlikle organ ba\u011f\u0131\u015f\u0131 \u00e7ok \u00f6nemli. K\u0131sa s\u00fcreli d\u00f6nemde a\u011fr\u0131y\u0131 kessin diye kesinlikle v\u00fccudumuza, organlar\u0131m\u0131za uzun s\u00fcreli zararlar b\u0131rakmamal\u0131y\u0131z. Bir doktor kontrol\u00fcnde her \u015fey yap\u0131lmal\u0131. Beklenmedik bir anda hayat farkl\u0131 \u015feyler sunuyor, yak\u0131nlar\u0131m\u0131z\u0131n bile organlar\u0131 uyu\u015fmayabilir, bu durumlarda bizi u\u00e7urumun kenar\u0131ndan al\u0131yor, o organ ba\u011f\u0131\u015f\u0131 o y\u00fczden kesinlikle herkes yapmal\u0131&#8221; dedi. <\/p>\n<p>  &#8220;Kar\u0131n a\u011fr\u0131s\u0131 \u015fikayetiyle birka\u00e7 ilac\u0131 yak\u0131n aral\u0131klarla kullanm\u0131\u015ft\u0131&#8221;<br \/>\n  &#8220;Bizim gibi referans merkezlerin rastlayabildi\u011fi bir vaka&#8221; diyerek s\u00f6zlerine ba\u015flayan ve hastas\u0131n\u0131n durumuna ili\u015fkin bilgi veren Prof. Dr. Erdem K\u0131nac\u0131, &#8220;Normalde masum olan baz\u0131 ila\u00e7lar, antibiyotikler \u00e7ok miktarda ya da birlikte al\u0131nd\u0131\u011f\u0131nda ciddi karaci\u011fer yetmezli\u011fine sebep olabiliyor, buna karaci\u011fer intoksikasyonu diyoruz. B\u00f6yle bir vaka ile kar\u015f\u0131la\u015ft\u0131k, kendisi \u00e7ok da g\u00f6r\u00fclen bir kar\u0131n a\u011fr\u0131s\u0131 \u015fikayetiyle birka\u00e7 ilac\u0131 yak\u0131n aral\u0131klarla kullanm\u0131\u015ft\u0131. Daha sonra tam anlayamad\u0131\u011f\u0131 bir \u015fekilde ciddi rahats\u0131zlanarak acile ba\u015fvurmu\u015ftu. Tetkiklerinde karaci\u011fer yetmezli\u011fine dair bulgular olu\u015fmas\u0131 \u00fczerine karaci\u011fer nakli ekibi olarak bize haber verildi. Karaci\u011fer yetmezli\u011fi h\u0131zl\u0131 ilerleyebiliyor, yo\u011fun bak\u0131m deste\u011fi gerekecek kadar bir ciddi tablo geli\u015fmi\u015fti. \u00c7am ve Sakura \u015eehir Hastanemizde karaci\u011fer, organ nakline ait bir yo\u011fun bak\u0131m\u0131m\u0131z var, oraya ald\u0131k, bu \u00f6zel bir b\u00f6l\u00fcm, \u00e7ok tecr\u00fcbeli hocalar\u0131m\u0131z var. Yo\u011fun bak\u0131m alt\u0131nda, \u00f6zel cihazlarla karaci\u011ferin fonksiyonlar\u0131n\u0131n yerine getirmedi\u011fi i\u015fleri tamamlad\u0131k. Hayatta kalmas\u0131n\u0131 sa\u011flayarak \u00fclkemizin Ulusal Organ Bilgi Sistemi&#8217;ne acil olarak karaci\u011fer isteminde bulunduk. 6&#8217;nc\u0131 g\u00fcn duyarl\u0131 bir vatanda\u015f\u0131m\u0131z\u0131n duyarl\u0131 ailesinin fedakarl\u0131\u011f\u0131yla beyin \u00f6l\u00fcm\u00fc ger\u00e7ekle\u015fmi\u015f bir hastam\u0131zdan karaci\u011fer organ ba\u011f\u0131\u015f\u0131 yap\u0131ld\u0131, ekibimizi u\u00e7akla g\u00f6ndererek ki; yakla\u015f\u0131k bin kilometre bir mesafe, organ\u0131 gece ald\u0131lar. Sabah saatlerinde getirdiler, o s\u0131rada hastam\u0131z\u0131 haz\u0131rlam\u0131\u015ft\u0131k. Hasta olan organ\u0131 \u00e7\u0131kar\u0131p yeni karaci\u011feri yerle\u015ftirdik. \u015eu anda hastam\u0131z sa\u011fl\u0131kl\u0131, mutluyuz&#8221; dedi. <\/p>\n<p>  &#8220;\u00c7ok fazla a\u011fr\u0131 kesici kullan\u0131m\u0131na meyil var&#8221;<br \/>\n  Karaci\u011fer yetmezli\u011fine ili\u015fkin bilgi veren Prof. Dr. K\u0131nac\u0131, &#8220;Akut karaci\u011fer yetmezli\u011fi; b\u00f6yle ani \u00f6zellikle ila\u00e7lara ba\u011fl\u0131 olanlar, zaten daha \u00f6nce herhangi bir \u015fikayeti olmayan hastalarda oluyor. Bu sadece ila\u00e7 kullan\u0131m\u0131 de\u011fil, akut Hepatit B&#8217;nin C&#8217;nin kap\u0131lmas\u0131yla da olabilir. Bazen piyasada zay\u0131flama ila\u00e7lar\u0131 olarak bilinen ila\u00e7lar, mantar sezonu yakla\u015f\u0131yor; uyarm\u0131\u015f olay\u0131m, bunlar neden olabiliyor. Tamamen sa\u011fl\u0131kl\u0131 bireylerin saatler i\u00e7erisinde yo\u011fun bak\u0131ml\u0131k hale gelmesi, komaya girmesine kadar giden bir s\u00fcre\u00e7 \u00e7\u00fcnk\u00fc karaci\u011fer \u00e7al\u0131\u015fmay\u0131nca beyne hasar veriyor, \u00f6l\u00fcmle sonu\u00e7lanabilecek bir s\u00fcre\u00e7. Bir anda sabah normal g\u00fcne ba\u015flay\u0131p ertesi g\u00fcn &#8216;size bir karaci\u011fer laz\u0131m&#8217; denmesi \u00e7ok insanlar\u0131n hayal edebilece\u011fi bir \u015fey de\u011fil. G\u00fczel bir sistemimiz var, \u00fclkemizde organ nakliyle ilgili \u00e7ok ciddi \u00e7al\u0131\u015fmalar yap\u0131ld\u0131. Organ ba\u011f\u0131\u015f\u0131nda eksikli\u011fimiz var; daha \u00e7ok organ nakillerini canl\u0131 vericiden yap\u0131yoruz. Beyin \u00f6l\u00fcm\u00fc ger\u00e7ekle\u015fen insanlar\u0131n organ ba\u011f\u0131\u015flam\u0131\u015f olmas\u0131 \u00e7ok \u00f6nemli. Bilin\u00e7siz ila\u00e7 kullan\u0131m\u0131, antibiyotik de a\u011fr\u0131 kesici de dahil \u00fclkemizde \u00e7ok fazla a\u011fr\u0131 kesici kullan\u0131m\u0131na meyil var&#8221; ifadelerini kulland\u0131. <\/p>\n<p>  &#8220;\u00c7oklu organ ba\u011f\u0131\u015f\u0131 yapt\u0131\u011f\u0131n\u0131zda, 5-6 ki\u015finin hayata tutunmas\u0131na sebep oluyor&#8221;<br \/>\n  Karaci\u011fer sa\u011fl\u0131\u011f\u0131n\u0131n korunmas\u0131na y\u00f6nelik tavsiyelerde bulunan Prof. Dr. K\u0131nac\u0131, s\u00f6zlerine mantar t\u00fcketimiyle devam ederek, &#8216;ben mantardan \u00e7ok iyi anlar\u0131m&#8217; diyenler genelde zehirleniyor, \u00e7ok iyi anlanm\u0131yor. Do\u011fadaki buldu\u011funuz mantardan zehirlenme riskinin \u00e7ok y\u00fcksek, \u00f6l\u00fcm\u00fcne bir riske girdi\u011fini insan\u0131m\u0131z\u0131n bilmesi laz\u0131m. \u00c7oklu organ ba\u011f\u0131\u015f\u0131 yapt\u0131\u011f\u0131n\u0131zda, kaybetti\u011finiz yak\u0131n\u0131n\u0131z 5-6 ki\u015finin hayata tutunmas\u0131na sebep oluyor, bu sonucu g\u00f6rmek \u00e7ok g\u00fczel, vatanda\u015flar\u0131m\u0131z\u0131n g\u00f6rmek isteyece\u011fini d\u00fc\u015f\u00fcn\u00fcyorum. Kendimizin doktoru olman\u0131n d\u0131\u015f\u0131nda bir de internetten bilgiye ula\u015f\u0131m kolayl\u0131\u011f\u0131 var, ula\u015f\u0131m d\u0131\u015f\u0131nda yorumlayabilmek laz\u0131m, o da hekim i\u015fi. Hekimlerimize yorumlatarak hayat\u0131m\u0131za uygulamam\u0131z laz\u0131m, yoksa karaci\u011fer nakline kadar giden bir s\u00fcrece girebilirsiniz. Y\u00fcksek kalori al\u0131p d\u00fc\u015f\u00fck kalori harcama oldu\u011fu zaman o kalori karaci\u011ferde toplanan ya\u011f \u015feklinde size geri d\u00f6n\u00fc\u015f\u00fc oluyor. G\u00fcn\u00fcm\u00fczde alkolden \u00e7ok karaci\u011fer ya\u011flanmas\u0131na ba\u011fl\u0131 siroz g\u00f6r\u00fcyoruz. Karaci\u011fer ya\u011flanmas\u0131 olmas\u0131 i\u00e7in obez olman\u0131z \u015fart de\u011fil, e\u011fer iyi beslenmiyorsan\u0131z y\u00fcksek kalori t\u00fcketiyorsan\u0131z, \u00f6zellikle bunu \u015fekerli i\u00e7eceklerle yap\u0131yorsan\u0131z sonra da yeteri kadar egzersiz yapm\u0131yorsan\u0131z karaci\u011feriniz risk alt\u0131ndad\u0131r&#8221; dedi. <\/p>\n<p>  &#8220;Organlar\u0131m\u0131 ba\u011f\u0131\u015flamak istiyorum&#8221;<br \/>\n  K\u0131z\u0131n\u0131n ya\u015fad\u0131klar\u0131 sonras\u0131 ailecek \u00e7ok korktuklar\u0131n\u0131 s\u00f6yleyen 42 ya\u015f\u0131ndaki anne Arzu Y\u0131lmaz, &#8220;Bir anda oldu\u011fu i\u00e7in anne olarak k\u00f6t\u00fc \u015feyler hissettim. Allah hi\u00e7bir kimsenin, annenin ba\u015f\u0131na getirmesin, \u00e7ok zor bir s\u00fcre\u00e7ti. \u00c7aresizli\u011fimize \u00e7are oldular, m\u00fcmk\u00fcnat\u0131 olmayan bir yerdeydik. Minnet doluyum, Rabbim k\u0131z\u0131m\u0131 bana ba\u011f\u0131\u015flad\u0131. Ben de organlar\u0131m\u0131 ba\u011f\u0131\u015flamak istiyorum. Birebir ya\u015fad\u0131\u011f\u0131n i\u00e7in daha duyarl\u0131 oluyorsun, can kurtarmak ger\u00e7ekten de \u00e7ok \u00f6nemliymi\u015f. A\u011fr\u0131s\u0131 ge\u00e7er, ge\u00e7ici bir \u015feydir demi\u015ftim, ilac\u0131 almas\u0131, b\u00fcnyesinin zay\u0131f olmas\u0131, ger\u00e7ekten bizim i\u00e7in de korkun\u00e7 bir \u015feydi&#8221; diye konu\u015ftu. <\/p>\n<p>12.10.2025                                <\/p>\n","protected":false},"excerpt":{"rendered":"<p>&#8211; Karaci\u011fer yetmezli\u011fine ili\u015fkin bilgi veren Prof. Dr. K\u0131nac\u0131: &#8220;Bilin\u00e7siz ila\u00e7 kullan\u0131m\u0131, \u00e7ok fazla a\u011fr\u0131 kesici kullan\u0131m\u0131na meyil var&#8221; Esenyurt&#8217;ta ya\u015fayan 20 ya\u015f\u0131ndaki K\u00fcbra Y\u0131lmaz, karn\u0131nda hissetti\u011fi a\u011fr\u0131 sonras\u0131 iddiaya g\u00f6re k\u0131sa s\u00fcre aral\u0131kla 2 a\u011fr\u0131 kesici al\u0131nca fenala\u015farak hastaneye ba\u015fvurdu, karaci\u011fer de\u011ferleri h\u0131zla k\u00f6t\u00fcle\u015fen gen\u00e7 k\u0131z, kadavradan yap\u0131lan karaci\u011fer nakliyle hayata tutundu. Ya\u015fad\u0131klar\u0131n\u0131 \u015fa\u015fk\u0131nl\u0131kla [&hellip;]<\/p>\n","protected":false},"author":1,"featured_media":12859,"comment_status":"open","ping_status":"open","sticky":false,"template":"","format":"standard","meta":{"footnotes":""},"categories":[1],"tags":[],"class_list":["post-12858","post","type-post","status-publish","format-standard","has-post-thumbnail","hentry","category-genel"],"yoast_head":"<!-- This site is optimized with the Yoast SEO plugin v27.4 - https:\/\/yoast.com\/product\/yoast-seo-wordpress\/ -->\n<title>Ard\u0131 ard\u0131na ald\u0131\u011f\u0131 a\u011fr\u0131 kesiciyle hastanelik oldu, karaci\u011fer nakliyle hayata tutundu - Memurun Sesi<\/title>\n<meta name=\"robots\" content=\"index, follow, max-snippet:-1, max-image-preview:large, max-video-preview:-1\" \/>\n<link rel=\"canonical\" href=\"https:\/\/memurunsesi.net\/index.php\/2025\/10\/12\/ardi-ardina-aldigi-agri-kesiciyle-hastanelik-oldu-karaciger-nakliyle-hayata-tutundu\/\" \/>\n<meta property=\"og:locale\" content=\"tr_TR\" \/>\n<meta property=\"og:type\" content=\"article\" \/>\n<meta property=\"og:title\" content=\"Ard\u0131 ard\u0131na ald\u0131\u011f\u0131 a\u011fr\u0131 kesiciyle hastanelik oldu, karaci\u011fer nakliyle hayata tutundu - Memurun Sesi\" \/>\n<meta property=\"og:description\" content=\"&#8211; Karaci\u011fer yetmezli\u011fine ili\u015fkin bilgi veren Prof. Dr. K\u0131nac\u0131: &#8220;Bilin\u00e7siz ila\u00e7 kullan\u0131m\u0131, \u00e7ok fazla a\u011fr\u0131 kesici kullan\u0131m\u0131na meyil var&#8221; Esenyurt&#8217;ta ya\u015fayan 20 ya\u015f\u0131ndaki K\u00fcbra Y\u0131lmaz, karn\u0131nda hissetti\u011fi a\u011fr\u0131 sonras\u0131 iddiaya g\u00f6re k\u0131sa s\u00fcre aral\u0131kla 2 a\u011fr\u0131 kesici al\u0131nca fenala\u015farak hastaneye ba\u015fvurdu, karaci\u011fer de\u011ferleri h\u0131zla k\u00f6t\u00fcle\u015fen gen\u00e7 k\u0131z, kadavradan yap\u0131lan karaci\u011fer nakliyle hayata tutundu. Ya\u015fad\u0131klar\u0131n\u0131 \u015fa\u015fk\u0131nl\u0131kla [&hellip;]\" \/>\n<meta property=\"og:url\" content=\"https:\/\/memurunsesi.net\/index.php\/2025\/10\/12\/ardi-ardina-aldigi-agri-kesiciyle-hastanelik-oldu-karaciger-nakliyle-hayata-tutundu\/\" \/>\n<meta property=\"og:site_name\" content=\"Memurun Sesi\" \/>\n<meta property=\"article:publisher\" content=\"https:\/\/www.facebook.com\/unipersen\/?locale=tr_TR\" \/>\n<meta property=\"article:published_time\" content=\"2025-10-12T06:48:41+00:00\" \/>\n<meta property=\"og:image\" content=\"https:\/\/memurunsesi.net\/wp-content\/uploads\/2025\/10\/AW556981_03-scaled.jpg\" \/>\n\t<meta property=\"og:image:width\" content=\"2560\" \/>\n\t<meta property=\"og:image:height\" content=\"1920\" \/>\n\t<meta property=\"og:image:type\" content=\"image\/jpeg\" \/>\n<meta name=\"author\" content=\"Memurun Sesi Haber Merkezi\" \/>\n<meta name=\"twitter:card\" content=\"summary_large_image\" \/>\n<meta name=\"twitter:creator\" content=\"@unipersen\" \/>\n<meta name=\"twitter:site\" content=\"@unipersen\" \/>\n<meta name=\"twitter:label1\" content=\"Yazan:\" \/>\n\t<meta name=\"twitter:data1\" content=\"Memurun Sesi Haber Merkezi\" \/>\n\t<meta name=\"twitter:label2\" content=\"Tahmini okuma s\u00fcresi\" \/>\n\t<meta name=\"twitter:data2\" content=\"1 dakika\" \/>\n<script type=\"application\/ld+json\" class=\"yoast-schema-graph\">{\"@context\":\"https:\\\/\\\/schema.org\",\"@graph\":[{\"@type\":\"Article\",\"@id\":\"https:\\\/\\\/memurunsesi.net\\\/index.php\\\/2025\\\/10\\\/12\\\/ardi-ardina-aldigi-agri-kesiciyle-hastanelik-oldu-karaciger-nakliyle-hayata-tutundu\\\/#article\",\"isPartOf\":{\"@id\":\"https:\\\/\\\/memurunsesi.net\\\/index.php\\\/2025\\\/10\\\/12\\\/ardi-ardina-aldigi-agri-kesiciyle-hastanelik-oldu-karaciger-nakliyle-hayata-tutundu\\\/\"},\"author\":{\"name\":\"Memurun Sesi Haber Merkezi\",\"@id\":\"https:\\\/\\\/memurunsesi.net\\\/#\\\/schema\\\/person\\\/f21c2d73b89f6ee1d80b0a1803e38587\"},\"headline\":\"Ard\u0131 ard\u0131na ald\u0131\u011f\u0131 a\u011fr\u0131 kesiciyle hastanelik oldu, karaci\u011fer nakliyle hayata tutundu\",\"datePublished\":\"2025-10-12T06:48:41+00:00\",\"mainEntityOfPage\":{\"@id\":\"https:\\\/\\\/memurunsesi.net\\\/index.php\\\/2025\\\/10\\\/12\\\/ardi-ardina-aldigi-agri-kesiciyle-hastanelik-oldu-karaciger-nakliyle-hayata-tutundu\\\/\"},\"wordCount\":1504,\"commentCount\":0,\"publisher\":{\"@id\":\"https:\\\/\\\/memurunsesi.net\\\/#organization\"},\"image\":{\"@id\":\"https:\\\/\\\/memurunsesi.net\\\/index.php\\\/2025\\\/10\\\/12\\\/ardi-ardina-aldigi-agri-kesiciyle-hastanelik-oldu-karaciger-nakliyle-hayata-tutundu\\\/#primaryimage\"},\"thumbnailUrl\":\"https:\\\/\\\/memurunsesi.net\\\/wp-content\\\/uploads\\\/2025\\\/10\\\/AW556981_03-scaled.jpg\",\"inLanguage\":\"tr\",\"potentialAction\":[{\"@type\":\"CommentAction\",\"name\":\"Comment\",\"target\":[\"https:\\\/\\\/memurunsesi.net\\\/index.php\\\/2025\\\/10\\\/12\\\/ardi-ardina-aldigi-agri-kesiciyle-hastanelik-oldu-karaciger-nakliyle-hayata-tutundu\\\/#respond\"]}]},{\"@type\":\"WebPage\",\"@id\":\"https:\\\/\\\/memurunsesi.net\\\/index.php\\\/2025\\\/10\\\/12\\\/ardi-ardina-aldigi-agri-kesiciyle-hastanelik-oldu-karaciger-nakliyle-hayata-tutundu\\\/\",\"url\":\"https:\\\/\\\/memurunsesi.net\\\/index.php\\\/2025\\\/10\\\/12\\\/ardi-ardina-aldigi-agri-kesiciyle-hastanelik-oldu-karaciger-nakliyle-hayata-tutundu\\\/\",\"name\":\"Ard\u0131 ard\u0131na ald\u0131\u011f\u0131 a\u011fr\u0131 kesiciyle hastanelik oldu, karaci\u011fer nakliyle hayata tutundu - Memurun Sesi\",\"isPartOf\":{\"@id\":\"https:\\\/\\\/memurunsesi.net\\\/#website\"},\"primaryImageOfPage\":{\"@id\":\"https:\\\/\\\/memurunsesi.net\\\/index.php\\\/2025\\\/10\\\/12\\\/ardi-ardina-aldigi-agri-kesiciyle-hastanelik-oldu-karaciger-nakliyle-hayata-tutundu\\\/#primaryimage\"},\"image\":{\"@id\":\"https:\\\/\\\/memurunsesi.net\\\/index.php\\\/2025\\\/10\\\/12\\\/ardi-ardina-aldigi-agri-kesiciyle-hastanelik-oldu-karaciger-nakliyle-hayata-tutundu\\\/#primaryimage\"},\"thumbnailUrl\":\"https:\\\/\\\/memurunsesi.net\\\/wp-content\\\/uploads\\\/2025\\\/10\\\/AW556981_03-scaled.jpg\",\"datePublished\":\"2025-10-12T06:48:41+00:00\",\"breadcrumb\":{\"@id\":\"https:\\\/\\\/memurunsesi.net\\\/index.php\\\/2025\\\/10\\\/12\\\/ardi-ardina-aldigi-agri-kesiciyle-hastanelik-oldu-karaciger-nakliyle-hayata-tutundu\\\/#breadcrumb\"},\"inLanguage\":\"tr\",\"potentialAction\":[{\"@type\":\"ReadAction\",\"target\":[\"https:\\\/\\\/memurunsesi.net\\\/index.php\\\/2025\\\/10\\\/12\\\/ardi-ardina-aldigi-agri-kesiciyle-hastanelik-oldu-karaciger-nakliyle-hayata-tutundu\\\/\"]}]},{\"@type\":\"ImageObject\",\"inLanguage\":\"tr\",\"@id\":\"https:\\\/\\\/memurunsesi.net\\\/index.php\\\/2025\\\/10\\\/12\\\/ardi-ardina-aldigi-agri-kesiciyle-hastanelik-oldu-karaciger-nakliyle-hayata-tutundu\\\/#primaryimage\",\"url\":\"https:\\\/\\\/memurunsesi.net\\\/wp-content\\\/uploads\\\/2025\\\/10\\\/AW556981_03-scaled.jpg\",\"contentUrl\":\"https:\\\/\\\/memurunsesi.net\\\/wp-content\\\/uploads\\\/2025\\\/10\\\/AW556981_03-scaled.jpg\",\"width\":2560,\"height\":1920,\"caption\":\"K\u00dcBRA YILMAZ VE ANNES\u0130 ARZU YILMAZ (BATUHAN TOPRAK\\\/\u0130STANBUL-\u0130HA) Esenyurt'ta ya\u015fayan 20 ya\u015f\u0131ndaki K\u00fcbra Y\u0131lmaz, karn\u0131nda hissetti\u011fi a\u011fr\u0131 sonras\u0131 iddiaya g\u00f6re k\u0131sa s\u00fcre aral\u0131kla 2 a\u011fr\u0131 kesici al\u0131nca fenala\u015farak hastaneye ba\u015fvurdu, karaci\u011fer de\u011ferleri h\u0131zla k\u00f6t\u00fcle\u015fen gen\u00e7 k\u0131z, kadavradan yap\u0131lan karaci\u011fer nakliyle hayata tutundu. Ya\u015fad\u0131klar\u0131n\u0131 \u015fa\u015fk\u0131nl\u0131kla kar\u015f\u0131lad\u0131\u011f\u0131n\u0131 s\u00f6yleyen Y\u0131lmaz, \\\"A\u011fr\u0131y\u0131 kessin diye 2 tane ald\u0131m. Herhangi bir ila\u00e7, a\u011fr\u0131 kesiciyle bu duruma d\u00fc\u015fmek insan\u0131 \u00e7ok \u015fa\u015f\u0131rt\u0131yor, \u015fok oldum. Her \u015fey doktor kontrol\u00fcnde yap\u0131lmal\u0131, kesinlikle herkes organ ba\u011f\u0131\u015f\u0131 yapmal\u0131\\\" dedi.\"},{\"@type\":\"BreadcrumbList\",\"@id\":\"https:\\\/\\\/memurunsesi.net\\\/index.php\\\/2025\\\/10\\\/12\\\/ardi-ardina-aldigi-agri-kesiciyle-hastanelik-oldu-karaciger-nakliyle-hayata-tutundu\\\/#breadcrumb\",\"itemListElement\":[{\"@type\":\"ListItem\",\"position\":1,\"name\":\"Anasayfa\",\"item\":\"https:\\\/\\\/memurunsesi.net\\\/\"},{\"@type\":\"ListItem\",\"position\":2,\"name\":\"Ard\u0131 ard\u0131na ald\u0131\u011f\u0131 a\u011fr\u0131 kesiciyle hastanelik oldu, karaci\u011fer nakliyle hayata tutundu\"}]},{\"@type\":\"WebSite\",\"@id\":\"https:\\\/\\\/memurunsesi.net\\\/#website\",\"url\":\"https:\\\/\\\/memurunsesi.net\\\/\",\"name\":\"Memurun Sesi\",\"description\":\"G\u00fcncel ve Do\u011fru Haber\",\"publisher\":{\"@id\":\"https:\\\/\\\/memurunsesi.net\\\/#organization\"},\"potentialAction\":[{\"@type\":\"SearchAction\",\"target\":{\"@type\":\"EntryPoint\",\"urlTemplate\":\"https:\\\/\\\/memurunsesi.net\\\/?s={search_term_string}\"},\"query-input\":{\"@type\":\"PropertyValueSpecification\",\"valueRequired\":true,\"valueName\":\"search_term_string\"}}],\"inLanguage\":\"tr\"},{\"@type\":\"Organization\",\"@id\":\"https:\\\/\\\/memurunsesi.net\\\/#organization\",\"name\":\"Memurun Sesi\",\"url\":\"https:\\\/\\\/memurunsesi.net\\\/\",\"logo\":{\"@type\":\"ImageObject\",\"inLanguage\":\"tr\",\"@id\":\"https:\\\/\\\/memurunsesi.net\\\/#\\\/schema\\\/logo\\\/image\\\/\",\"url\":\"https:\\\/\\\/memurunsesi.net\\\/wp-content\\\/uploads\\\/2025\\\/11\\\/cropped-MEMURUN-SESI.png\",\"contentUrl\":\"https:\\\/\\\/memurunsesi.net\\\/wp-content\\\/uploads\\\/2025\\\/11\\\/cropped-MEMURUN-SESI.png\",\"width\":238,\"height\":57,\"caption\":\"Memurun Sesi\"},\"image\":{\"@id\":\"https:\\\/\\\/memurunsesi.net\\\/#\\\/schema\\\/logo\\\/image\\\/\"},\"sameAs\":[\"https:\\\/\\\/www.facebook.com\\\/unipersen\\\/?locale=tr_TR\",\"https:\\\/\\\/x.com\\\/unipersen\"]},{\"@type\":\"Person\",\"@id\":\"https:\\\/\\\/memurunsesi.net\\\/#\\\/schema\\\/person\\\/f21c2d73b89f6ee1d80b0a1803e38587\",\"name\":\"Memurun Sesi Haber Merkezi\",\"image\":{\"@type\":\"ImageObject\",\"inLanguage\":\"tr\",\"@id\":\"https:\\\/\\\/secure.gravatar.com\\\/avatar\\\/6cf0505f452ee753f485014986fab09a434671d2b919ee76fc541025c5876a70?s=96&d=mm&r=g\",\"url\":\"https:\\\/\\\/secure.gravatar.com\\\/avatar\\\/6cf0505f452ee753f485014986fab09a434671d2b919ee76fc541025c5876a70?s=96&d=mm&r=g\",\"contentUrl\":\"https:\\\/\\\/secure.gravatar.com\\\/avatar\\\/6cf0505f452ee753f485014986fab09a434671d2b919ee76fc541025c5876a70?s=96&d=mm&r=g\",\"caption\":\"Memurun Sesi Haber Merkezi\"},\"sameAs\":[\"https:\\\/\\\/memurunsesi.net\"],\"url\":\"https:\\\/\\\/memurunsesi.net\\\/index.php\\\/author\\\/uniper\\\/\"}]}<\/script>\n<!-- \/ Yoast SEO plugin. -->","yoast_head_json":{"title":"Ard\u0131 ard\u0131na ald\u0131\u011f\u0131 a\u011fr\u0131 kesiciyle hastanelik oldu, karaci\u011fer nakliyle hayata tutundu - Memurun Sesi","robots":{"index":"index","follow":"follow","max-snippet":"max-snippet:-1","max-image-preview":"max-image-preview:large","max-video-preview":"max-video-preview:-1"},"canonical":"https:\/\/memurunsesi.net\/index.php\/2025\/10\/12\/ardi-ardina-aldigi-agri-kesiciyle-hastanelik-oldu-karaciger-nakliyle-hayata-tutundu\/","og_locale":"tr_TR","og_type":"article","og_title":"Ard\u0131 ard\u0131na ald\u0131\u011f\u0131 a\u011fr\u0131 kesiciyle hastanelik oldu, karaci\u011fer nakliyle hayata tutundu - Memurun Sesi","og_description":"&#8211; Karaci\u011fer yetmezli\u011fine ili\u015fkin bilgi veren Prof. Dr. K\u0131nac\u0131: &#8220;Bilin\u00e7siz ila\u00e7 kullan\u0131m\u0131, \u00e7ok fazla a\u011fr\u0131 kesici kullan\u0131m\u0131na meyil var&#8221; Esenyurt&#8217;ta ya\u015fayan 20 ya\u015f\u0131ndaki K\u00fcbra Y\u0131lmaz, karn\u0131nda hissetti\u011fi a\u011fr\u0131 sonras\u0131 iddiaya g\u00f6re k\u0131sa s\u00fcre aral\u0131kla 2 a\u011fr\u0131 kesici al\u0131nca fenala\u015farak hastaneye ba\u015fvurdu, karaci\u011fer de\u011ferleri h\u0131zla k\u00f6t\u00fcle\u015fen gen\u00e7 k\u0131z, kadavradan yap\u0131lan karaci\u011fer nakliyle hayata tutundu. Ya\u015fad\u0131klar\u0131n\u0131 \u015fa\u015fk\u0131nl\u0131kla [&hellip;]","og_url":"https:\/\/memurunsesi.net\/index.php\/2025\/10\/12\/ardi-ardina-aldigi-agri-kesiciyle-hastanelik-oldu-karaciger-nakliyle-hayata-tutundu\/","og_site_name":"Memurun Sesi","article_publisher":"https:\/\/www.facebook.com\/unipersen\/?locale=tr_TR","article_published_time":"2025-10-12T06:48:41+00:00","og_image":[{"width":2560,"height":1920,"url":"https:\/\/memurunsesi.net\/wp-content\/uploads\/2025\/10\/AW556981_03-scaled.jpg","type":"image\/jpeg"}],"author":"Memurun Sesi Haber Merkezi","twitter_card":"summary_large_image","twitter_creator":"@unipersen","twitter_site":"@unipersen","twitter_misc":{"Yazan:":"Memurun Sesi Haber Merkezi","Tahmini okuma s\u00fcresi":"1 dakika"},"schema":{"@context":"https:\/\/schema.org","@graph":[{"@type":"Article","@id":"https:\/\/memurunsesi.net\/index.php\/2025\/10\/12\/ardi-ardina-aldigi-agri-kesiciyle-hastanelik-oldu-karaciger-nakliyle-hayata-tutundu\/#article","isPartOf":{"@id":"https:\/\/memurunsesi.net\/index.php\/2025\/10\/12\/ardi-ardina-aldigi-agri-kesiciyle-hastanelik-oldu-karaciger-nakliyle-hayata-tutundu\/"},"author":{"name":"Memurun Sesi Haber Merkezi","@id":"https:\/\/memurunsesi.net\/#\/schema\/person\/f21c2d73b89f6ee1d80b0a1803e38587"},"headline":"Ard\u0131 ard\u0131na ald\u0131\u011f\u0131 a\u011fr\u0131 kesiciyle hastanelik oldu, karaci\u011fer nakliyle hayata tutundu","datePublished":"2025-10-12T06:48:41+00:00","mainEntityOfPage":{"@id":"https:\/\/memurunsesi.net\/index.php\/2025\/10\/12\/ardi-ardina-aldigi-agri-kesiciyle-hastanelik-oldu-karaciger-nakliyle-hayata-tutundu\/"},"wordCount":1504,"commentCount":0,"publisher":{"@id":"https:\/\/memurunsesi.net\/#organization"},"image":{"@id":"https:\/\/memurunsesi.net\/index.php\/2025\/10\/12\/ardi-ardina-aldigi-agri-kesiciyle-hastanelik-oldu-karaciger-nakliyle-hayata-tutundu\/#primaryimage"},"thumbnailUrl":"https:\/\/memurunsesi.net\/wp-content\/uploads\/2025\/10\/AW556981_03-scaled.jpg","inLanguage":"tr","potentialAction":[{"@type":"CommentAction","name":"Comment","target":["https:\/\/memurunsesi.net\/index.php\/2025\/10\/12\/ardi-ardina-aldigi-agri-kesiciyle-hastanelik-oldu-karaciger-nakliyle-hayata-tutundu\/#respond"]}]},{"@type":"WebPage","@id":"https:\/\/memurunsesi.net\/index.php\/2025\/10\/12\/ardi-ardina-aldigi-agri-kesiciyle-hastanelik-oldu-karaciger-nakliyle-hayata-tutundu\/","url":"https:\/\/memurunsesi.net\/index.php\/2025\/10\/12\/ardi-ardina-aldigi-agri-kesiciyle-hastanelik-oldu-karaciger-nakliyle-hayata-tutundu\/","name":"Ard\u0131 ard\u0131na ald\u0131\u011f\u0131 a\u011fr\u0131 kesiciyle hastanelik oldu, karaci\u011fer nakliyle hayata tutundu - Memurun Sesi","isPartOf":{"@id":"https:\/\/memurunsesi.net\/#website"},"primaryImageOfPage":{"@id":"https:\/\/memurunsesi.net\/index.php\/2025\/10\/12\/ardi-ardina-aldigi-agri-kesiciyle-hastanelik-oldu-karaciger-nakliyle-hayata-tutundu\/#primaryimage"},"image":{"@id":"https:\/\/memurunsesi.net\/index.php\/2025\/10\/12\/ardi-ardina-aldigi-agri-kesiciyle-hastanelik-oldu-karaciger-nakliyle-hayata-tutundu\/#primaryimage"},"thumbnailUrl":"https:\/\/memurunsesi.net\/wp-content\/uploads\/2025\/10\/AW556981_03-scaled.jpg","datePublished":"2025-10-12T06:48:41+00:00","breadcrumb":{"@id":"https:\/\/memurunsesi.net\/index.php\/2025\/10\/12\/ardi-ardina-aldigi-agri-kesiciyle-hastanelik-oldu-karaciger-nakliyle-hayata-tutundu\/#breadcrumb"},"inLanguage":"tr","potentialAction":[{"@type":"ReadAction","target":["https:\/\/memurunsesi.net\/index.php\/2025\/10\/12\/ardi-ardina-aldigi-agri-kesiciyle-hastanelik-oldu-karaciger-nakliyle-hayata-tutundu\/"]}]},{"@type":"ImageObject","inLanguage":"tr","@id":"https:\/\/memurunsesi.net\/index.php\/2025\/10\/12\/ardi-ardina-aldigi-agri-kesiciyle-hastanelik-oldu-karaciger-nakliyle-hayata-tutundu\/#primaryimage","url":"https:\/\/memurunsesi.net\/wp-content\/uploads\/2025\/10\/AW556981_03-scaled.jpg","contentUrl":"https:\/\/memurunsesi.net\/wp-content\/uploads\/2025\/10\/AW556981_03-scaled.jpg","width":2560,"height":1920,"caption":"K\u00dcBRA YILMAZ VE ANNES\u0130 ARZU YILMAZ (BATUHAN TOPRAK\/\u0130STANBUL-\u0130HA) Esenyurt'ta ya\u015fayan 20 ya\u015f\u0131ndaki K\u00fcbra Y\u0131lmaz, karn\u0131nda hissetti\u011fi a\u011fr\u0131 sonras\u0131 iddiaya g\u00f6re k\u0131sa s\u00fcre aral\u0131kla 2 a\u011fr\u0131 kesici al\u0131nca fenala\u015farak hastaneye ba\u015fvurdu, karaci\u011fer de\u011ferleri h\u0131zla k\u00f6t\u00fcle\u015fen gen\u00e7 k\u0131z, kadavradan yap\u0131lan karaci\u011fer nakliyle hayata tutundu. Ya\u015fad\u0131klar\u0131n\u0131 \u015fa\u015fk\u0131nl\u0131kla kar\u015f\u0131lad\u0131\u011f\u0131n\u0131 s\u00f6yleyen Y\u0131lmaz, \"A\u011fr\u0131y\u0131 kessin diye 2 tane ald\u0131m. Herhangi bir ila\u00e7, a\u011fr\u0131 kesiciyle bu duruma d\u00fc\u015fmek insan\u0131 \u00e7ok \u015fa\u015f\u0131rt\u0131yor, \u015fok oldum. Her \u015fey doktor kontrol\u00fcnde yap\u0131lmal\u0131, kesinlikle herkes organ ba\u011f\u0131\u015f\u0131 yapmal\u0131\" dedi."},{"@type":"BreadcrumbList","@id":"https:\/\/memurunsesi.net\/index.php\/2025\/10\/12\/ardi-ardina-aldigi-agri-kesiciyle-hastanelik-oldu-karaciger-nakliyle-hayata-tutundu\/#breadcrumb","itemListElement":[{"@type":"ListItem","position":1,"name":"Anasayfa","item":"https:\/\/memurunsesi.net\/"},{"@type":"ListItem","position":2,"name":"Ard\u0131 ard\u0131na ald\u0131\u011f\u0131 a\u011fr\u0131 kesiciyle hastanelik oldu, karaci\u011fer nakliyle hayata tutundu"}]},{"@type":"WebSite","@id":"https:\/\/memurunsesi.net\/#website","url":"https:\/\/memurunsesi.net\/","name":"Memurun Sesi","description":"G\u00fcncel ve Do\u011fru Haber","publisher":{"@id":"https:\/\/memurunsesi.net\/#organization"},"potentialAction":[{"@type":"SearchAction","target":{"@type":"EntryPoint","urlTemplate":"https:\/\/memurunsesi.net\/?s={search_term_string}"},"query-input":{"@type":"PropertyValueSpecification","valueRequired":true,"valueName":"search_term_string"}}],"inLanguage":"tr"},{"@type":"Organization","@id":"https:\/\/memurunsesi.net\/#organization","name":"Memurun Sesi","url":"https:\/\/memurunsesi.net\/","logo":{"@type":"ImageObject","inLanguage":"tr","@id":"https:\/\/memurunsesi.net\/#\/schema\/logo\/image\/","url":"https:\/\/memurunsesi.net\/wp-content\/uploads\/2025\/11\/cropped-MEMURUN-SESI.png","contentUrl":"https:\/\/memurunsesi.net\/wp-content\/uploads\/2025\/11\/cropped-MEMURUN-SESI.png","width":238,"height":57,"caption":"Memurun Sesi"},"image":{"@id":"https:\/\/memurunsesi.net\/#\/schema\/logo\/image\/"},"sameAs":["https:\/\/www.facebook.com\/unipersen\/?locale=tr_TR","https:\/\/x.com\/unipersen"]},{"@type":"Person","@id":"https:\/\/memurunsesi.net\/#\/schema\/person\/f21c2d73b89f6ee1d80b0a1803e38587","name":"Memurun Sesi Haber Merkezi","image":{"@type":"ImageObject","inLanguage":"tr","@id":"https:\/\/secure.gravatar.com\/avatar\/6cf0505f452ee753f485014986fab09a434671d2b919ee76fc541025c5876a70?s=96&d=mm&r=g","url":"https:\/\/secure.gravatar.com\/avatar\/6cf0505f452ee753f485014986fab09a434671d2b919ee76fc541025c5876a70?s=96&d=mm&r=g","contentUrl":"https:\/\/secure.gravatar.com\/avatar\/6cf0505f452ee753f485014986fab09a434671d2b919ee76fc541025c5876a70?s=96&d=mm&r=g","caption":"Memurun Sesi Haber Merkezi"},"sameAs":["https:\/\/memurunsesi.net"],"url":"https:\/\/memurunsesi.net\/index.php\/author\/uniper\/"}]}},"_links":{"self":[{"href":"https:\/\/memurunsesi.net\/index.php\/wp-json\/wp\/v2\/posts\/12858","targetHints":{"allow":["GET"]}}],"collection":[{"href":"https:\/\/memurunsesi.net\/index.php\/wp-json\/wp\/v2\/posts"}],"about":[{"href":"https:\/\/memurunsesi.net\/index.php\/wp-json\/wp\/v2\/types\/post"}],"author":[{"embeddable":true,"href":"https:\/\/memurunsesi.net\/index.php\/wp-json\/wp\/v2\/users\/1"}],"replies":[{"embeddable":true,"href":"https:\/\/memurunsesi.net\/index.php\/wp-json\/wp\/v2\/comments?post=12858"}],"version-history":[{"count":1,"href":"https:\/\/memurunsesi.net\/index.php\/wp-json\/wp\/v2\/posts\/12858\/revisions"}],"predecessor-version":[{"id":12860,"href":"https:\/\/memurunsesi.net\/index.php\/wp-json\/wp\/v2\/posts\/12858\/revisions\/12860"}],"wp:featuredmedia":[{"embeddable":true,"href":"https:\/\/memurunsesi.net\/index.php\/wp-json\/wp\/v2\/media\/12859"}],"wp:attachment":[{"href":"https:\/\/memurunsesi.net\/index.php\/wp-json\/wp\/v2\/media?parent=12858"}],"wp:term":[{"taxonomy":"category","embeddable":true,"href":"https:\/\/memurunsesi.net\/index.php\/wp-json\/wp\/v2\/categories?post=12858"},{"taxonomy":"post_tag","embeddable":true,"href":"https:\/\/memurunsesi.net\/index.php\/wp-json\/wp\/v2\/tags?post=12858"}],"curies":[{"name":"wp","href":"https:\/\/api.w.org\/{rel}","templated":true}]}}