{"id":12898,"date":"2025-10-13T18:40:14","date_gmt":"2025-10-13T15:40:14","guid":{"rendered":"https:\/\/memurunsesi.net\/?p=12898"},"modified":"2025-10-13T18:40:14","modified_gmt":"2025-10-13T15:40:14","slug":"gurcistan-milli-takimi-turkiye-maci-hazirliklarini-tamamladi","status":"publish","type":"post","link":"https:\/\/memurunsesi.net\/index.php\/2025\/10\/13\/gurcistan-milli-takimi-turkiye-maci-hazirliklarini-tamamladi\/","title":{"rendered":"G\u00fcrcistan Milli Tak\u0131m\u0131, T\u00fcrkiye ma\u00e7\u0131 haz\u0131rl\u0131klar\u0131n\u0131 tamamlad\u0131"},"content":{"rendered":"<p> &#8211; Son antrenman Kocaeli Stadyumu\u2019nda yap\u0131ld\u0131 <\/p>\n<p>  2026 FIFA D\u00fcnya Kupas\u0131 elemelerinde T\u00fcrkiye&#8217;ye konuk olacak G\u00fcrcistan, m\u00fccadelenin son antrenman\u0131n\u0131 Kocaeli Stadyumu&#8217;nda ger\u00e7ekle\u015ftirdi.<br \/>\n  2026 FIFA D\u00fcnya Kupas\u0131 Avrupa Elemeleri E Grubu\u2019nda G\u00fcrcistan, yar\u0131n saat 21.45&#8217;te Kocaeli&#8217;de A Milli Futbol Tak\u0131m\u0131 ile kar\u015f\u0131 kar\u015f\u0131ya gelecek. M\u00fcsabaka \u00f6ncesinde kente gelen G\u00fcrc\u00fc ekibi son antrenman\u0131n\u0131 ma\u00e7\u0131n oynanaca\u011f\u0131 Kocaeli Stadyumu\u2019nda yapt\u0131. Teknik Direkt\u00f6r Willy Sagnol y\u00f6netimindeki idman\u0131n ilk 15 dakikal\u0131k b\u00f6l\u00fcm\u00fc bas\u0131na a\u00e7\u0131k ger\u00e7ekle\u015ftirildi. D\u00fcz ko\u015fuyla ba\u015flayan antrenmanda daha sonra \u0131s\u0131nma hareketlerine ge\u00e7ildi.<br \/>\n5&#8217;e 2 top kapma \u00e7al\u0131\u015fmas\u0131 ile devam eden antrenman\u0131n bas\u0131na kapal\u0131 b\u00f6l\u00fcm\u00fcnde T\u00fcrkiye ma\u00e7\u0131n\u0131n takti\u011fi \u00fczerinde duruldu.<br \/>\nG\u00fcrcistan ekibi daha sonra konaklayaca\u011f\u0131 otele ge\u00e7erek ma\u00e7 saatini beklemeye ba\u015flayacak. <\/p>\n<p>13.10.2025                                <\/p>\n","protected":false},"excerpt":{"rendered":"<p>&#8211; Son antrenman Kocaeli Stadyumu\u2019nda yap\u0131ld\u0131 2026 FIFA D\u00fcnya Kupas\u0131 elemelerinde T\u00fcrkiye&#8217;ye konuk olacak G\u00fcrcistan, m\u00fccadelenin son antrenman\u0131n\u0131 Kocaeli Stadyumu&#8217;nda ger\u00e7ekle\u015ftirdi. 2026 FIFA D\u00fcnya Kupas\u0131 Avrupa Elemeleri E Grubu\u2019nda G\u00fcrcistan, yar\u0131n saat 21.45&#8217;te Kocaeli&#8217;de A Milli Futbol Tak\u0131m\u0131 ile kar\u015f\u0131 kar\u015f\u0131ya gelecek. M\u00fcsabaka \u00f6ncesinde kente gelen G\u00fcrc\u00fc ekibi son antrenman\u0131n\u0131 ma\u00e7\u0131n oynanaca\u011f\u0131 Kocaeli Stadyumu\u2019nda yapt\u0131. [&hellip;]<\/p>\n","protected":false},"author":1,"featured_media":12899,"comment_status":"open","ping_status":"open","sticky":false,"template":"","format":"standard","meta":{"footnotes":""},"categories":[57],"tags":[],"class_list":["post-12898","post","type-post","status-publish","format-standard","has-post-thumbnail","hentry","category-spor"],"yoast_head":"<!-- This site is optimized with the Yoast SEO plugin v27.4 - https:\/\/yoast.com\/product\/yoast-seo-wordpress\/ -->\n<title>G\u00fcrcistan Milli Tak\u0131m\u0131, T\u00fcrkiye ma\u00e7\u0131 haz\u0131rl\u0131klar\u0131n\u0131 tamamlad\u0131 - Memurun Sesi<\/title>\n<meta name=\"robots\" content=\"index, follow, max-snippet:-1, max-image-preview:large, max-video-preview:-1\" \/>\n<link rel=\"canonical\" href=\"https:\/\/memurunsesi.net\/index.php\/2025\/10\/13\/gurcistan-milli-takimi-turkiye-maci-hazirliklarini-tamamladi\/\" \/>\n<meta property=\"og:locale\" content=\"tr_TR\" \/>\n<meta property=\"og:type\" content=\"article\" \/>\n<meta property=\"og:title\" content=\"G\u00fcrcistan Milli Tak\u0131m\u0131, T\u00fcrkiye ma\u00e7\u0131 haz\u0131rl\u0131klar\u0131n\u0131 tamamlad\u0131 - Memurun Sesi\" \/>\n<meta property=\"og:description\" content=\"&#8211; Son antrenman Kocaeli Stadyumu\u2019nda yap\u0131ld\u0131 2026 FIFA D\u00fcnya Kupas\u0131 elemelerinde T\u00fcrkiye&#8217;ye konuk olacak G\u00fcrcistan, m\u00fccadelenin son antrenman\u0131n\u0131 Kocaeli Stadyumu&#8217;nda ger\u00e7ekle\u015ftirdi. 2026 FIFA D\u00fcnya Kupas\u0131 Avrupa Elemeleri E Grubu\u2019nda G\u00fcrcistan, yar\u0131n saat 21.45&#8217;te Kocaeli&#8217;de A Milli Futbol Tak\u0131m\u0131 ile kar\u015f\u0131 kar\u015f\u0131ya gelecek. M\u00fcsabaka \u00f6ncesinde kente gelen G\u00fcrc\u00fc ekibi son antrenman\u0131n\u0131 ma\u00e7\u0131n oynanaca\u011f\u0131 Kocaeli Stadyumu\u2019nda yapt\u0131. [&hellip;]\" \/>\n<meta property=\"og:url\" content=\"https:\/\/memurunsesi.net\/index.php\/2025\/10\/13\/gurcistan-milli-takimi-turkiye-maci-hazirliklarini-tamamladi\/\" \/>\n<meta property=\"og:site_name\" content=\"Memurun Sesi\" \/>\n<meta property=\"article:publisher\" content=\"https:\/\/www.facebook.com\/unipersen\/?locale=tr_TR\" \/>\n<meta property=\"article:published_time\" content=\"2025-10-13T15:40:14+00:00\" \/>\n<meta property=\"og:image\" content=\"https:\/\/memurunsesi.net\/wp-content\/uploads\/2025\/10\/AW558061_01-scaled.jpg\" \/>\n\t<meta property=\"og:image:width\" content=\"2560\" \/>\n\t<meta property=\"og:image:height\" content=\"1707\" \/>\n\t<meta property=\"og:image:type\" content=\"image\/jpeg\" \/>\n<meta name=\"author\" content=\"Memurun Sesi Haber Merkezi\" \/>\n<meta name=\"twitter:card\" content=\"summary_large_image\" \/>\n<meta name=\"twitter:creator\" content=\"@unipersen\" \/>\n<meta name=\"twitter:site\" content=\"@unipersen\" \/>\n<meta name=\"twitter:label1\" content=\"Yazan:\" \/>\n\t<meta name=\"twitter:data1\" content=\"Memurun Sesi Haber Merkezi\" \/>\n\t<meta name=\"twitter:label2\" content=\"Tahmini okuma s\u00fcresi\" \/>\n\t<meta name=\"twitter:data2\" content=\"1 dakika\" \/>\n<script type=\"application\/ld+json\" class=\"yoast-schema-graph\">{\"@context\":\"https:\\\/\\\/schema.org\",\"@graph\":[{\"@type\":\"Article\",\"@id\":\"https:\\\/\\\/memurunsesi.net\\\/index.php\\\/2025\\\/10\\\/13\\\/gurcistan-milli-takimi-turkiye-maci-hazirliklarini-tamamladi\\\/#article\",\"isPartOf\":{\"@id\":\"https:\\\/\\\/memurunsesi.net\\\/index.php\\\/2025\\\/10\\\/13\\\/gurcistan-milli-takimi-turkiye-maci-hazirliklarini-tamamladi\\\/\"},\"author\":{\"name\":\"Memurun Sesi Haber Merkezi\",\"@id\":\"https:\\\/\\\/memurunsesi.net\\\/#\\\/schema\\\/person\\\/f21c2d73b89f6ee1d80b0a1803e38587\"},\"headline\":\"G\u00fcrcistan Milli Tak\u0131m\u0131, T\u00fcrkiye ma\u00e7\u0131 haz\u0131rl\u0131klar\u0131n\u0131 tamamlad\u0131\",\"datePublished\":\"2025-10-13T15:40:14+00:00\",\"mainEntityOfPage\":{\"@id\":\"https:\\\/\\\/memurunsesi.net\\\/index.php\\\/2025\\\/10\\\/13\\\/gurcistan-milli-takimi-turkiye-maci-hazirliklarini-tamamladi\\\/\"},\"wordCount\":165,\"commentCount\":0,\"publisher\":{\"@id\":\"https:\\\/\\\/memurunsesi.net\\\/#organization\"},\"image\":{\"@id\":\"https:\\\/\\\/memurunsesi.net\\\/index.php\\\/2025\\\/10\\\/13\\\/gurcistan-milli-takimi-turkiye-maci-hazirliklarini-tamamladi\\\/#primaryimage\"},\"thumbnailUrl\":\"https:\\\/\\\/memurunsesi.net\\\/wp-content\\\/uploads\\\/2025\\\/10\\\/AW558061_01-scaled.jpg\",\"articleSection\":[\"Spor\"],\"inLanguage\":\"tr\",\"potentialAction\":[{\"@type\":\"CommentAction\",\"name\":\"Comment\",\"target\":[\"https:\\\/\\\/memurunsesi.net\\\/index.php\\\/2025\\\/10\\\/13\\\/gurcistan-milli-takimi-turkiye-maci-hazirliklarini-tamamladi\\\/#respond\"]}]},{\"@type\":\"WebPage\",\"@id\":\"https:\\\/\\\/memurunsesi.net\\\/index.php\\\/2025\\\/10\\\/13\\\/gurcistan-milli-takimi-turkiye-maci-hazirliklarini-tamamladi\\\/\",\"url\":\"https:\\\/\\\/memurunsesi.net\\\/index.php\\\/2025\\\/10\\\/13\\\/gurcistan-milli-takimi-turkiye-maci-hazirliklarini-tamamladi\\\/\",\"name\":\"G\u00fcrcistan Milli Tak\u0131m\u0131, T\u00fcrkiye ma\u00e7\u0131 haz\u0131rl\u0131klar\u0131n\u0131 tamamlad\u0131 - Memurun Sesi\",\"isPartOf\":{\"@id\":\"https:\\\/\\\/memurunsesi.net\\\/#website\"},\"primaryImageOfPage\":{\"@id\":\"https:\\\/\\\/memurunsesi.net\\\/index.php\\\/2025\\\/10\\\/13\\\/gurcistan-milli-takimi-turkiye-maci-hazirliklarini-tamamladi\\\/#primaryimage\"},\"image\":{\"@id\":\"https:\\\/\\\/memurunsesi.net\\\/index.php\\\/2025\\\/10\\\/13\\\/gurcistan-milli-takimi-turkiye-maci-hazirliklarini-tamamladi\\\/#primaryimage\"},\"thumbnailUrl\":\"https:\\\/\\\/memurunsesi.net\\\/wp-content\\\/uploads\\\/2025\\\/10\\\/AW558061_01-scaled.jpg\",\"datePublished\":\"2025-10-13T15:40:14+00:00\",\"breadcrumb\":{\"@id\":\"https:\\\/\\\/memurunsesi.net\\\/index.php\\\/2025\\\/10\\\/13\\\/gurcistan-milli-takimi-turkiye-maci-hazirliklarini-tamamladi\\\/#breadcrumb\"},\"inLanguage\":\"tr\",\"potentialAction\":[{\"@type\":\"ReadAction\",\"target\":[\"https:\\\/\\\/memurunsesi.net\\\/index.php\\\/2025\\\/10\\\/13\\\/gurcistan-milli-takimi-turkiye-maci-hazirliklarini-tamamladi\\\/\"]}]},{\"@type\":\"ImageObject\",\"inLanguage\":\"tr\",\"@id\":\"https:\\\/\\\/memurunsesi.net\\\/index.php\\\/2025\\\/10\\\/13\\\/gurcistan-milli-takimi-turkiye-maci-hazirliklarini-tamamladi\\\/#primaryimage\",\"url\":\"https:\\\/\\\/memurunsesi.net\\\/wp-content\\\/uploads\\\/2025\\\/10\\\/AW558061_01-scaled.jpg\",\"contentUrl\":\"https:\\\/\\\/memurunsesi.net\\\/wp-content\\\/uploads\\\/2025\\\/10\\\/AW558061_01-scaled.jpg\",\"width\":2560,\"height\":1707,\"caption\":\"D\u00dcNYA KUPASI AVRUPA ELEMELER\u0130 E GRUBU'NDA YARIN AK\u015eAM T\u00dcRK\u0130YE A M\u0130LL\u0130 FUTBOL TAKIMI'NA KONUK OLACAK G\u00dcRC\u0130STAN SON ANTRENMANINI KOCAEL\u0130 STADYUMU'NDA GER\u00c7EKLE\u015eT\u0130RD\u0130. (FEH\u0130ME KARTAL - G\u00d6N\u00dcL EFE - HAMZA EM\u0130N USTA\\\/KOCAEL\u0130-\u0130HA) 2026 FIFA D\u00fcnya Kupas\u0131 elemelerinde T\u00fcrkiye'ye konuk olacak G\u00fcrcistan, m\u00fccadelenin son antrenman\u0131n\u0131 Kocaeli Stadyumu'nda ger\u00e7ekle\u015ftirdi.\"},{\"@type\":\"BreadcrumbList\",\"@id\":\"https:\\\/\\\/memurunsesi.net\\\/index.php\\\/2025\\\/10\\\/13\\\/gurcistan-milli-takimi-turkiye-maci-hazirliklarini-tamamladi\\\/#breadcrumb\",\"itemListElement\":[{\"@type\":\"ListItem\",\"position\":1,\"name\":\"Anasayfa\",\"item\":\"https:\\\/\\\/memurunsesi.net\\\/\"},{\"@type\":\"ListItem\",\"position\":2,\"name\":\"G\u00fcrcistan Milli Tak\u0131m\u0131, T\u00fcrkiye ma\u00e7\u0131 haz\u0131rl\u0131klar\u0131n\u0131 tamamlad\u0131\"}]},{\"@type\":\"WebSite\",\"@id\":\"https:\\\/\\\/memurunsesi.net\\\/#website\",\"url\":\"https:\\\/\\\/memurunsesi.net\\\/\",\"name\":\"Memurun Sesi\",\"description\":\"G\u00fcncel ve Do\u011fru Haber\",\"publisher\":{\"@id\":\"https:\\\/\\\/memurunsesi.net\\\/#organization\"},\"potentialAction\":[{\"@type\":\"SearchAction\",\"target\":{\"@type\":\"EntryPoint\",\"urlTemplate\":\"https:\\\/\\\/memurunsesi.net\\\/?s={search_term_string}\"},\"query-input\":{\"@type\":\"PropertyValueSpecification\",\"valueRequired\":true,\"valueName\":\"search_term_string\"}}],\"inLanguage\":\"tr\"},{\"@type\":\"Organization\",\"@id\":\"https:\\\/\\\/memurunsesi.net\\\/#organization\",\"name\":\"Memurun Sesi\",\"url\":\"https:\\\/\\\/memurunsesi.net\\\/\",\"logo\":{\"@type\":\"ImageObject\",\"inLanguage\":\"tr\",\"@id\":\"https:\\\/\\\/memurunsesi.net\\\/#\\\/schema\\\/logo\\\/image\\\/\",\"url\":\"https:\\\/\\\/memurunsesi.net\\\/wp-content\\\/uploads\\\/2025\\\/11\\\/cropped-MEMURUN-SESI.png\",\"contentUrl\":\"https:\\\/\\\/memurunsesi.net\\\/wp-content\\\/uploads\\\/2025\\\/11\\\/cropped-MEMURUN-SESI.png\",\"width\":238,\"height\":57,\"caption\":\"Memurun Sesi\"},\"image\":{\"@id\":\"https:\\\/\\\/memurunsesi.net\\\/#\\\/schema\\\/logo\\\/image\\\/\"},\"sameAs\":[\"https:\\\/\\\/www.facebook.com\\\/unipersen\\\/?locale=tr_TR\",\"https:\\\/\\\/x.com\\\/unipersen\"]},{\"@type\":\"Person\",\"@id\":\"https:\\\/\\\/memurunsesi.net\\\/#\\\/schema\\\/person\\\/f21c2d73b89f6ee1d80b0a1803e38587\",\"name\":\"Memurun Sesi Haber Merkezi\",\"image\":{\"@type\":\"ImageObject\",\"inLanguage\":\"tr\",\"@id\":\"https:\\\/\\\/secure.gravatar.com\\\/avatar\\\/6cf0505f452ee753f485014986fab09a434671d2b919ee76fc541025c5876a70?s=96&d=mm&r=g\",\"url\":\"https:\\\/\\\/secure.gravatar.com\\\/avatar\\\/6cf0505f452ee753f485014986fab09a434671d2b919ee76fc541025c5876a70?s=96&d=mm&r=g\",\"contentUrl\":\"https:\\\/\\\/secure.gravatar.com\\\/avatar\\\/6cf0505f452ee753f485014986fab09a434671d2b919ee76fc541025c5876a70?s=96&d=mm&r=g\",\"caption\":\"Memurun Sesi Haber Merkezi\"},\"sameAs\":[\"https:\\\/\\\/memurunsesi.net\"],\"url\":\"https:\\\/\\\/memurunsesi.net\\\/index.php\\\/author\\\/uniper\\\/\"}]}<\/script>\n<!-- \/ Yoast SEO plugin. -->","yoast_head_json":{"title":"G\u00fcrcistan Milli Tak\u0131m\u0131, T\u00fcrkiye ma\u00e7\u0131 haz\u0131rl\u0131klar\u0131n\u0131 tamamlad\u0131 - Memurun Sesi","robots":{"index":"index","follow":"follow","max-snippet":"max-snippet:-1","max-image-preview":"max-image-preview:large","max-video-preview":"max-video-preview:-1"},"canonical":"https:\/\/memurunsesi.net\/index.php\/2025\/10\/13\/gurcistan-milli-takimi-turkiye-maci-hazirliklarini-tamamladi\/","og_locale":"tr_TR","og_type":"article","og_title":"G\u00fcrcistan Milli Tak\u0131m\u0131, T\u00fcrkiye ma\u00e7\u0131 haz\u0131rl\u0131klar\u0131n\u0131 tamamlad\u0131 - Memurun Sesi","og_description":"&#8211; Son antrenman Kocaeli Stadyumu\u2019nda yap\u0131ld\u0131 2026 FIFA D\u00fcnya Kupas\u0131 elemelerinde T\u00fcrkiye&#8217;ye konuk olacak G\u00fcrcistan, m\u00fccadelenin son antrenman\u0131n\u0131 Kocaeli Stadyumu&#8217;nda ger\u00e7ekle\u015ftirdi. 2026 FIFA D\u00fcnya Kupas\u0131 Avrupa Elemeleri E Grubu\u2019nda G\u00fcrcistan, yar\u0131n saat 21.45&#8217;te Kocaeli&#8217;de A Milli Futbol Tak\u0131m\u0131 ile kar\u015f\u0131 kar\u015f\u0131ya gelecek. M\u00fcsabaka \u00f6ncesinde kente gelen G\u00fcrc\u00fc ekibi son antrenman\u0131n\u0131 ma\u00e7\u0131n oynanaca\u011f\u0131 Kocaeli Stadyumu\u2019nda yapt\u0131. [&hellip;]","og_url":"https:\/\/memurunsesi.net\/index.php\/2025\/10\/13\/gurcistan-milli-takimi-turkiye-maci-hazirliklarini-tamamladi\/","og_site_name":"Memurun Sesi","article_publisher":"https:\/\/www.facebook.com\/unipersen\/?locale=tr_TR","article_published_time":"2025-10-13T15:40:14+00:00","og_image":[{"width":2560,"height":1707,"url":"https:\/\/memurunsesi.net\/wp-content\/uploads\/2025\/10\/AW558061_01-scaled.jpg","type":"image\/jpeg"}],"author":"Memurun Sesi Haber Merkezi","twitter_card":"summary_large_image","twitter_creator":"@unipersen","twitter_site":"@unipersen","twitter_misc":{"Yazan:":"Memurun Sesi Haber Merkezi","Tahmini okuma s\u00fcresi":"1 dakika"},"schema":{"@context":"https:\/\/schema.org","@graph":[{"@type":"Article","@id":"https:\/\/memurunsesi.net\/index.php\/2025\/10\/13\/gurcistan-milli-takimi-turkiye-maci-hazirliklarini-tamamladi\/#article","isPartOf":{"@id":"https:\/\/memurunsesi.net\/index.php\/2025\/10\/13\/gurcistan-milli-takimi-turkiye-maci-hazirliklarini-tamamladi\/"},"author":{"name":"Memurun Sesi Haber Merkezi","@id":"https:\/\/memurunsesi.net\/#\/schema\/person\/f21c2d73b89f6ee1d80b0a1803e38587"},"headline":"G\u00fcrcistan Milli Tak\u0131m\u0131, T\u00fcrkiye ma\u00e7\u0131 haz\u0131rl\u0131klar\u0131n\u0131 tamamlad\u0131","datePublished":"2025-10-13T15:40:14+00:00","mainEntityOfPage":{"@id":"https:\/\/memurunsesi.net\/index.php\/2025\/10\/13\/gurcistan-milli-takimi-turkiye-maci-hazirliklarini-tamamladi\/"},"wordCount":165,"commentCount":0,"publisher":{"@id":"https:\/\/memurunsesi.net\/#organization"},"image":{"@id":"https:\/\/memurunsesi.net\/index.php\/2025\/10\/13\/gurcistan-milli-takimi-turkiye-maci-hazirliklarini-tamamladi\/#primaryimage"},"thumbnailUrl":"https:\/\/memurunsesi.net\/wp-content\/uploads\/2025\/10\/AW558061_01-scaled.jpg","articleSection":["Spor"],"inLanguage":"tr","potentialAction":[{"@type":"CommentAction","name":"Comment","target":["https:\/\/memurunsesi.net\/index.php\/2025\/10\/13\/gurcistan-milli-takimi-turkiye-maci-hazirliklarini-tamamladi\/#respond"]}]},{"@type":"WebPage","@id":"https:\/\/memurunsesi.net\/index.php\/2025\/10\/13\/gurcistan-milli-takimi-turkiye-maci-hazirliklarini-tamamladi\/","url":"https:\/\/memurunsesi.net\/index.php\/2025\/10\/13\/gurcistan-milli-takimi-turkiye-maci-hazirliklarini-tamamladi\/","name":"G\u00fcrcistan Milli Tak\u0131m\u0131, T\u00fcrkiye ma\u00e7\u0131 haz\u0131rl\u0131klar\u0131n\u0131 tamamlad\u0131 - Memurun Sesi","isPartOf":{"@id":"https:\/\/memurunsesi.net\/#website"},"primaryImageOfPage":{"@id":"https:\/\/memurunsesi.net\/index.php\/2025\/10\/13\/gurcistan-milli-takimi-turkiye-maci-hazirliklarini-tamamladi\/#primaryimage"},"image":{"@id":"https:\/\/memurunsesi.net\/index.php\/2025\/10\/13\/gurcistan-milli-takimi-turkiye-maci-hazirliklarini-tamamladi\/#primaryimage"},"thumbnailUrl":"https:\/\/memurunsesi.net\/wp-content\/uploads\/2025\/10\/AW558061_01-scaled.jpg","datePublished":"2025-10-13T15:40:14+00:00","breadcrumb":{"@id":"https:\/\/memurunsesi.net\/index.php\/2025\/10\/13\/gurcistan-milli-takimi-turkiye-maci-hazirliklarini-tamamladi\/#breadcrumb"},"inLanguage":"tr","potentialAction":[{"@type":"ReadAction","target":["https:\/\/memurunsesi.net\/index.php\/2025\/10\/13\/gurcistan-milli-takimi-turkiye-maci-hazirliklarini-tamamladi\/"]}]},{"@type":"ImageObject","inLanguage":"tr","@id":"https:\/\/memurunsesi.net\/index.php\/2025\/10\/13\/gurcistan-milli-takimi-turkiye-maci-hazirliklarini-tamamladi\/#primaryimage","url":"https:\/\/memurunsesi.net\/wp-content\/uploads\/2025\/10\/AW558061_01-scaled.jpg","contentUrl":"https:\/\/memurunsesi.net\/wp-content\/uploads\/2025\/10\/AW558061_01-scaled.jpg","width":2560,"height":1707,"caption":"D\u00dcNYA KUPASI AVRUPA ELEMELER\u0130 E GRUBU'NDA YARIN AK\u015eAM T\u00dcRK\u0130YE A M\u0130LL\u0130 FUTBOL TAKIMI'NA KONUK OLACAK G\u00dcRC\u0130STAN SON ANTRENMANINI KOCAEL\u0130 STADYUMU'NDA GER\u00c7EKLE\u015eT\u0130RD\u0130. (FEH\u0130ME KARTAL - G\u00d6N\u00dcL EFE - HAMZA EM\u0130N USTA\/KOCAEL\u0130-\u0130HA) 2026 FIFA D\u00fcnya Kupas\u0131 elemelerinde T\u00fcrkiye'ye konuk olacak G\u00fcrcistan, m\u00fccadelenin son antrenman\u0131n\u0131 Kocaeli Stadyumu'nda ger\u00e7ekle\u015ftirdi."},{"@type":"BreadcrumbList","@id":"https:\/\/memurunsesi.net\/index.php\/2025\/10\/13\/gurcistan-milli-takimi-turkiye-maci-hazirliklarini-tamamladi\/#breadcrumb","itemListElement":[{"@type":"ListItem","position":1,"name":"Anasayfa","item":"https:\/\/memurunsesi.net\/"},{"@type":"ListItem","position":2,"name":"G\u00fcrcistan Milli Tak\u0131m\u0131, T\u00fcrkiye ma\u00e7\u0131 haz\u0131rl\u0131klar\u0131n\u0131 tamamlad\u0131"}]},{"@type":"WebSite","@id":"https:\/\/memurunsesi.net\/#website","url":"https:\/\/memurunsesi.net\/","name":"Memurun Sesi","description":"G\u00fcncel ve Do\u011fru Haber","publisher":{"@id":"https:\/\/memurunsesi.net\/#organization"},"potentialAction":[{"@type":"SearchAction","target":{"@type":"EntryPoint","urlTemplate":"https:\/\/memurunsesi.net\/?s={search_term_string}"},"query-input":{"@type":"PropertyValueSpecification","valueRequired":true,"valueName":"search_term_string"}}],"inLanguage":"tr"},{"@type":"Organization","@id":"https:\/\/memurunsesi.net\/#organization","name":"Memurun Sesi","url":"https:\/\/memurunsesi.net\/","logo":{"@type":"ImageObject","inLanguage":"tr","@id":"https:\/\/memurunsesi.net\/#\/schema\/logo\/image\/","url":"https:\/\/memurunsesi.net\/wp-content\/uploads\/2025\/11\/cropped-MEMURUN-SESI.png","contentUrl":"https:\/\/memurunsesi.net\/wp-content\/uploads\/2025\/11\/cropped-MEMURUN-SESI.png","width":238,"height":57,"caption":"Memurun Sesi"},"image":{"@id":"https:\/\/memurunsesi.net\/#\/schema\/logo\/image\/"},"sameAs":["https:\/\/www.facebook.com\/unipersen\/?locale=tr_TR","https:\/\/x.com\/unipersen"]},{"@type":"Person","@id":"https:\/\/memurunsesi.net\/#\/schema\/person\/f21c2d73b89f6ee1d80b0a1803e38587","name":"Memurun Sesi Haber Merkezi","image":{"@type":"ImageObject","inLanguage":"tr","@id":"https:\/\/secure.gravatar.com\/avatar\/6cf0505f452ee753f485014986fab09a434671d2b919ee76fc541025c5876a70?s=96&d=mm&r=g","url":"https:\/\/secure.gravatar.com\/avatar\/6cf0505f452ee753f485014986fab09a434671d2b919ee76fc541025c5876a70?s=96&d=mm&r=g","contentUrl":"https:\/\/secure.gravatar.com\/avatar\/6cf0505f452ee753f485014986fab09a434671d2b919ee76fc541025c5876a70?s=96&d=mm&r=g","caption":"Memurun Sesi Haber Merkezi"},"sameAs":["https:\/\/memurunsesi.net"],"url":"https:\/\/memurunsesi.net\/index.php\/author\/uniper\/"}]}},"_links":{"self":[{"href":"https:\/\/memurunsesi.net\/index.php\/wp-json\/wp\/v2\/posts\/12898","targetHints":{"allow":["GET"]}}],"collection":[{"href":"https:\/\/memurunsesi.net\/index.php\/wp-json\/wp\/v2\/posts"}],"about":[{"href":"https:\/\/memurunsesi.net\/index.php\/wp-json\/wp\/v2\/types\/post"}],"author":[{"embeddable":true,"href":"https:\/\/memurunsesi.net\/index.php\/wp-json\/wp\/v2\/users\/1"}],"replies":[{"embeddable":true,"href":"https:\/\/memurunsesi.net\/index.php\/wp-json\/wp\/v2\/comments?post=12898"}],"version-history":[{"count":1,"href":"https:\/\/memurunsesi.net\/index.php\/wp-json\/wp\/v2\/posts\/12898\/revisions"}],"predecessor-version":[{"id":12900,"href":"https:\/\/memurunsesi.net\/index.php\/wp-json\/wp\/v2\/posts\/12898\/revisions\/12900"}],"wp:featuredmedia":[{"embeddable":true,"href":"https:\/\/memurunsesi.net\/index.php\/wp-json\/wp\/v2\/media\/12899"}],"wp:attachment":[{"href":"https:\/\/memurunsesi.net\/index.php\/wp-json\/wp\/v2\/media?parent=12898"}],"wp:term":[{"taxonomy":"category","embeddable":true,"href":"https:\/\/memurunsesi.net\/index.php\/wp-json\/wp\/v2\/categories?post=12898"},{"taxonomy":"post_tag","embeddable":true,"href":"https:\/\/memurunsesi.net\/index.php\/wp-json\/wp\/v2\/tags?post=12898"}],"curies":[{"name":"wp","href":"https:\/\/api.w.org\/{rel}","templated":true}]}}