{"id":12938,"date":"2025-10-14T20:43:03","date_gmt":"2025-10-14T17:43:03","guid":{"rendered":"https:\/\/memurunsesi.net\/?p=12938"},"modified":"2025-10-14T20:43:03","modified_gmt":"2025-10-14T17:43:03","slug":"cocuklar-kavga-edince-babalar-birbirine-girdi-1-olu","status":"publish","type":"post","link":"https:\/\/memurunsesi.net\/index.php\/2025\/10\/14\/cocuklar-kavga-edince-babalar-birbirine-girdi-1-olu\/","title":{"rendered":"\u00c7ocuklar kavga edince babalar birbirine girdi: 1 \u00f6l\u00fc"},"content":{"rendered":"<p>   \u00c7anakkale\u2019de, \u00e7ocuklar\u0131n\u0131n kavga etmesi sebebiyle babalar aras\u0131nda bulunan husumette C.B., tart\u0131\u015fman\u0131n kavgaya d\u00f6n\u00fc\u015fmesi sonucu kom\u015fusu G.Y.\u2019yi tabancayla vurarak \u00f6ld\u00fcrd\u00fc.<br \/>\n  Olay, Esenler Mahallesi Bah\u00e7elievler 10\u2019uncu Etap Kutluay Apartman\u0131\u2019n\u0131n bah\u00e7esinde ak\u015fam saatlerinde meydana geldi. Edinilen bilgiye g\u00f6re hastanede g\u00f6revli sa\u011fl\u0131k astsubay\u0131 oldu\u011fu \u00f6\u011frenilen C.B. ile emekli astsubay G.Y.\u2019nin \u00e7ocuklar\u0131n\u0131n kavgas\u0131 sebebiyle husumetli oldu\u011fu \u00f6\u011frenildi. C.B., kom\u015fusu G.Y. ile apartman\u0131n \u00f6n\u00fcnde tart\u0131\u015fmaya ba\u015flad\u0131. Tart\u0131\u015fman\u0131n kavgaya d\u00f6n\u00fc\u015fmesi \u00fczerine C.B., yan\u0131ndaki tabanca ile G.Y.&#8217;yi s\u0131rt\u0131ndan vurdu. \u00c7evredekilerin ihbar\u0131 \u00fczerine olay yerine sa\u011fl\u0131k ve polis ekipleri sevk edildi. Sa\u011fl\u0131k ekiplerince yap\u0131lan m\u00fcdahalede G.Y.\u2019nin olay yerinde hayat\u0131n\u0131 kaybetti\u011fi tespit edildi. \u015e\u00fcpheli C.B., su\u00e7 aleti silah ile birlikte olay yerinde polis taraf\u0131ndan yakalanarak g\u00f6zalt\u0131na al\u0131nd\u0131.<br \/>\n  Polis olayla ilgili inceleme ba\u015flatt\u0131. <\/p>\n<p>14.10.2025                                <\/p>\n","protected":false},"excerpt":{"rendered":"<p>\u00c7anakkale\u2019de, \u00e7ocuklar\u0131n\u0131n kavga etmesi sebebiyle babalar aras\u0131nda bulunan husumette C.B., tart\u0131\u015fman\u0131n kavgaya d\u00f6n\u00fc\u015fmesi sonucu kom\u015fusu G.Y.\u2019yi tabancayla vurarak \u00f6ld\u00fcrd\u00fc. Olay, Esenler Mahallesi Bah\u00e7elievler 10\u2019uncu Etap Kutluay Apartman\u0131\u2019n\u0131n bah\u00e7esinde ak\u015fam saatlerinde meydana geldi. Edinilen bilgiye g\u00f6re hastanede g\u00f6revli sa\u011fl\u0131k astsubay\u0131 oldu\u011fu \u00f6\u011frenilen C.B. ile emekli astsubay G.Y.\u2019nin \u00e7ocuklar\u0131n\u0131n kavgas\u0131 sebebiyle husumetli oldu\u011fu \u00f6\u011frenildi. C.B., kom\u015fusu G.Y. [&hellip;]<\/p>\n","protected":false},"author":1,"featured_media":12939,"comment_status":"open","ping_status":"open","sticky":false,"template":"","format":"standard","meta":{"footnotes":""},"categories":[1],"tags":[],"class_list":["post-12938","post","type-post","status-publish","format-standard","has-post-thumbnail","hentry","category-genel"],"yoast_head":"<!-- This site is optimized with the Yoast SEO plugin v27.4 - https:\/\/yoast.com\/product\/yoast-seo-wordpress\/ -->\n<title>\u00c7ocuklar kavga edince babalar birbirine girdi: 1 \u00f6l\u00fc - Memurun Sesi<\/title>\n<meta name=\"robots\" content=\"index, follow, max-snippet:-1, max-image-preview:large, max-video-preview:-1\" \/>\n<link rel=\"canonical\" href=\"https:\/\/memurunsesi.net\/index.php\/2025\/10\/14\/cocuklar-kavga-edince-babalar-birbirine-girdi-1-olu\/\" \/>\n<meta property=\"og:locale\" content=\"tr_TR\" \/>\n<meta property=\"og:type\" content=\"article\" \/>\n<meta property=\"og:title\" content=\"\u00c7ocuklar kavga edince babalar birbirine girdi: 1 \u00f6l\u00fc - Memurun Sesi\" \/>\n<meta property=\"og:description\" content=\"\u00c7anakkale\u2019de, \u00e7ocuklar\u0131n\u0131n kavga etmesi sebebiyle babalar aras\u0131nda bulunan husumette C.B., tart\u0131\u015fman\u0131n kavgaya d\u00f6n\u00fc\u015fmesi sonucu kom\u015fusu G.Y.\u2019yi tabancayla vurarak \u00f6ld\u00fcrd\u00fc. Olay, Esenler Mahallesi Bah\u00e7elievler 10\u2019uncu Etap Kutluay Apartman\u0131\u2019n\u0131n bah\u00e7esinde ak\u015fam saatlerinde meydana geldi. Edinilen bilgiye g\u00f6re hastanede g\u00f6revli sa\u011fl\u0131k astsubay\u0131 oldu\u011fu \u00f6\u011frenilen C.B. ile emekli astsubay G.Y.\u2019nin \u00e7ocuklar\u0131n\u0131n kavgas\u0131 sebebiyle husumetli oldu\u011fu \u00f6\u011frenildi. C.B., kom\u015fusu G.Y. [&hellip;]\" \/>\n<meta property=\"og:url\" content=\"https:\/\/memurunsesi.net\/index.php\/2025\/10\/14\/cocuklar-kavga-edince-babalar-birbirine-girdi-1-olu\/\" \/>\n<meta property=\"og:site_name\" content=\"Memurun Sesi\" \/>\n<meta property=\"article:publisher\" content=\"https:\/\/www.facebook.com\/unipersen\/?locale=tr_TR\" \/>\n<meta property=\"article:published_time\" content=\"2025-10-14T17:43:03+00:00\" \/>\n<meta property=\"og:image\" content=\"https:\/\/memurunsesi.net\/wp-content\/uploads\/2025\/10\/AW558847_01.jpg\" \/>\n\t<meta property=\"og:image:width\" content=\"2282\" \/>\n\t<meta property=\"og:image:height\" content=\"1457\" \/>\n\t<meta property=\"og:image:type\" content=\"image\/jpeg\" \/>\n<meta name=\"author\" content=\"Memurun Sesi Haber Merkezi\" \/>\n<meta name=\"twitter:card\" content=\"summary_large_image\" \/>\n<meta name=\"twitter:creator\" content=\"@unipersen\" \/>\n<meta name=\"twitter:site\" content=\"@unipersen\" \/>\n<meta name=\"twitter:label1\" content=\"Yazan:\" \/>\n\t<meta name=\"twitter:data1\" content=\"Memurun Sesi Haber Merkezi\" \/>\n\t<meta name=\"twitter:label2\" content=\"Tahmini okuma s\u00fcresi\" \/>\n\t<meta name=\"twitter:data2\" content=\"1 dakika\" \/>\n<script type=\"application\/ld+json\" class=\"yoast-schema-graph\">{\"@context\":\"https:\\\/\\\/schema.org\",\"@graph\":[{\"@type\":\"Article\",\"@id\":\"https:\\\/\\\/memurunsesi.net\\\/index.php\\\/2025\\\/10\\\/14\\\/cocuklar-kavga-edince-babalar-birbirine-girdi-1-olu\\\/#article\",\"isPartOf\":{\"@id\":\"https:\\\/\\\/memurunsesi.net\\\/index.php\\\/2025\\\/10\\\/14\\\/cocuklar-kavga-edince-babalar-birbirine-girdi-1-olu\\\/\"},\"author\":{\"name\":\"Memurun Sesi Haber Merkezi\",\"@id\":\"https:\\\/\\\/memurunsesi.net\\\/#\\\/schema\\\/person\\\/f21c2d73b89f6ee1d80b0a1803e38587\"},\"headline\":\"\u00c7ocuklar kavga edince babalar birbirine girdi: 1 \u00f6l\u00fc\",\"datePublished\":\"2025-10-14T17:43:03+00:00\",\"mainEntityOfPage\":{\"@id\":\"https:\\\/\\\/memurunsesi.net\\\/index.php\\\/2025\\\/10\\\/14\\\/cocuklar-kavga-edince-babalar-birbirine-girdi-1-olu\\\/\"},\"wordCount\":181,\"commentCount\":0,\"publisher\":{\"@id\":\"https:\\\/\\\/memurunsesi.net\\\/#organization\"},\"image\":{\"@id\":\"https:\\\/\\\/memurunsesi.net\\\/index.php\\\/2025\\\/10\\\/14\\\/cocuklar-kavga-edince-babalar-birbirine-girdi-1-olu\\\/#primaryimage\"},\"thumbnailUrl\":\"https:\\\/\\\/memurunsesi.net\\\/wp-content\\\/uploads\\\/2025\\\/10\\\/AW558847_01.jpg\",\"inLanguage\":\"tr\",\"potentialAction\":[{\"@type\":\"CommentAction\",\"name\":\"Comment\",\"target\":[\"https:\\\/\\\/memurunsesi.net\\\/index.php\\\/2025\\\/10\\\/14\\\/cocuklar-kavga-edince-babalar-birbirine-girdi-1-olu\\\/#respond\"]}]},{\"@type\":\"WebPage\",\"@id\":\"https:\\\/\\\/memurunsesi.net\\\/index.php\\\/2025\\\/10\\\/14\\\/cocuklar-kavga-edince-babalar-birbirine-girdi-1-olu\\\/\",\"url\":\"https:\\\/\\\/memurunsesi.net\\\/index.php\\\/2025\\\/10\\\/14\\\/cocuklar-kavga-edince-babalar-birbirine-girdi-1-olu\\\/\",\"name\":\"\u00c7ocuklar kavga edince babalar birbirine girdi: 1 \u00f6l\u00fc - Memurun Sesi\",\"isPartOf\":{\"@id\":\"https:\\\/\\\/memurunsesi.net\\\/#website\"},\"primaryImageOfPage\":{\"@id\":\"https:\\\/\\\/memurunsesi.net\\\/index.php\\\/2025\\\/10\\\/14\\\/cocuklar-kavga-edince-babalar-birbirine-girdi-1-olu\\\/#primaryimage\"},\"image\":{\"@id\":\"https:\\\/\\\/memurunsesi.net\\\/index.php\\\/2025\\\/10\\\/14\\\/cocuklar-kavga-edince-babalar-birbirine-girdi-1-olu\\\/#primaryimage\"},\"thumbnailUrl\":\"https:\\\/\\\/memurunsesi.net\\\/wp-content\\\/uploads\\\/2025\\\/10\\\/AW558847_01.jpg\",\"datePublished\":\"2025-10-14T17:43:03+00:00\",\"breadcrumb\":{\"@id\":\"https:\\\/\\\/memurunsesi.net\\\/index.php\\\/2025\\\/10\\\/14\\\/cocuklar-kavga-edince-babalar-birbirine-girdi-1-olu\\\/#breadcrumb\"},\"inLanguage\":\"tr\",\"potentialAction\":[{\"@type\":\"ReadAction\",\"target\":[\"https:\\\/\\\/memurunsesi.net\\\/index.php\\\/2025\\\/10\\\/14\\\/cocuklar-kavga-edince-babalar-birbirine-girdi-1-olu\\\/\"]}]},{\"@type\":\"ImageObject\",\"inLanguage\":\"tr\",\"@id\":\"https:\\\/\\\/memurunsesi.net\\\/index.php\\\/2025\\\/10\\\/14\\\/cocuklar-kavga-edince-babalar-birbirine-girdi-1-olu\\\/#primaryimage\",\"url\":\"https:\\\/\\\/memurunsesi.net\\\/wp-content\\\/uploads\\\/2025\\\/10\\\/AW558847_01.jpg\",\"contentUrl\":\"https:\\\/\\\/memurunsesi.net\\\/wp-content\\\/uploads\\\/2025\\\/10\\\/AW558847_01.jpg\",\"width\":2282,\"height\":1457,\"caption\":\"\u00c7ANAKKALE'DE, \u00c7OCUKLARININ KAVGA ETMES\u0130 SEBEB\u0130YLE \u0130DD\u0130AYA G\u00d6RE C.B. HUSUMETL\u0130 OLDU\u011eU KOM\u015eUSU G.Y.'Y\u0130 TABANCAYLA VURARAK \u00d6LD\u00dcRD\u00dc. (HAT\u0130CE \u00c7EK\u0130L\\\/\u00c7ANAKKALE-\u0130HA) \u00c7anakkale'de, \u00e7ocuklar\u0131n\u0131n kavga etmesi sebebiyle babalar aras\u0131nda bulunan husumette C.B., tart\u0131\u015fman\u0131n kavgaya d\u00f6n\u00fc\u015fmesi sonucu kom\u015fusu G.Y.'yi tabancayla vurarak \u00f6ld\u00fcrd\u00fc.\"},{\"@type\":\"BreadcrumbList\",\"@id\":\"https:\\\/\\\/memurunsesi.net\\\/index.php\\\/2025\\\/10\\\/14\\\/cocuklar-kavga-edince-babalar-birbirine-girdi-1-olu\\\/#breadcrumb\",\"itemListElement\":[{\"@type\":\"ListItem\",\"position\":1,\"name\":\"Anasayfa\",\"item\":\"https:\\\/\\\/memurunsesi.net\\\/\"},{\"@type\":\"ListItem\",\"position\":2,\"name\":\"\u00c7ocuklar kavga edince babalar birbirine girdi: 1 \u00f6l\u00fc\"}]},{\"@type\":\"WebSite\",\"@id\":\"https:\\\/\\\/memurunsesi.net\\\/#website\",\"url\":\"https:\\\/\\\/memurunsesi.net\\\/\",\"name\":\"Memurun Sesi\",\"description\":\"G\u00fcncel ve Do\u011fru Haber\",\"publisher\":{\"@id\":\"https:\\\/\\\/memurunsesi.net\\\/#organization\"},\"potentialAction\":[{\"@type\":\"SearchAction\",\"target\":{\"@type\":\"EntryPoint\",\"urlTemplate\":\"https:\\\/\\\/memurunsesi.net\\\/?s={search_term_string}\"},\"query-input\":{\"@type\":\"PropertyValueSpecification\",\"valueRequired\":true,\"valueName\":\"search_term_string\"}}],\"inLanguage\":\"tr\"},{\"@type\":\"Organization\",\"@id\":\"https:\\\/\\\/memurunsesi.net\\\/#organization\",\"name\":\"Memurun Sesi\",\"url\":\"https:\\\/\\\/memurunsesi.net\\\/\",\"logo\":{\"@type\":\"ImageObject\",\"inLanguage\":\"tr\",\"@id\":\"https:\\\/\\\/memurunsesi.net\\\/#\\\/schema\\\/logo\\\/image\\\/\",\"url\":\"https:\\\/\\\/memurunsesi.net\\\/wp-content\\\/uploads\\\/2025\\\/11\\\/cropped-MEMURUN-SESI.png\",\"contentUrl\":\"https:\\\/\\\/memurunsesi.net\\\/wp-content\\\/uploads\\\/2025\\\/11\\\/cropped-MEMURUN-SESI.png\",\"width\":238,\"height\":57,\"caption\":\"Memurun Sesi\"},\"image\":{\"@id\":\"https:\\\/\\\/memurunsesi.net\\\/#\\\/schema\\\/logo\\\/image\\\/\"},\"sameAs\":[\"https:\\\/\\\/www.facebook.com\\\/unipersen\\\/?locale=tr_TR\",\"https:\\\/\\\/x.com\\\/unipersen\"]},{\"@type\":\"Person\",\"@id\":\"https:\\\/\\\/memurunsesi.net\\\/#\\\/schema\\\/person\\\/f21c2d73b89f6ee1d80b0a1803e38587\",\"name\":\"Memurun Sesi Haber Merkezi\",\"image\":{\"@type\":\"ImageObject\",\"inLanguage\":\"tr\",\"@id\":\"https:\\\/\\\/secure.gravatar.com\\\/avatar\\\/6cf0505f452ee753f485014986fab09a434671d2b919ee76fc541025c5876a70?s=96&d=mm&r=g\",\"url\":\"https:\\\/\\\/secure.gravatar.com\\\/avatar\\\/6cf0505f452ee753f485014986fab09a434671d2b919ee76fc541025c5876a70?s=96&d=mm&r=g\",\"contentUrl\":\"https:\\\/\\\/secure.gravatar.com\\\/avatar\\\/6cf0505f452ee753f485014986fab09a434671d2b919ee76fc541025c5876a70?s=96&d=mm&r=g\",\"caption\":\"Memurun Sesi Haber Merkezi\"},\"sameAs\":[\"https:\\\/\\\/memurunsesi.net\"],\"url\":\"https:\\\/\\\/memurunsesi.net\\\/index.php\\\/author\\\/uniper\\\/\"}]}<\/script>\n<!-- \/ Yoast SEO plugin. -->","yoast_head_json":{"title":"\u00c7ocuklar kavga edince babalar birbirine girdi: 1 \u00f6l\u00fc - Memurun Sesi","robots":{"index":"index","follow":"follow","max-snippet":"max-snippet:-1","max-image-preview":"max-image-preview:large","max-video-preview":"max-video-preview:-1"},"canonical":"https:\/\/memurunsesi.net\/index.php\/2025\/10\/14\/cocuklar-kavga-edince-babalar-birbirine-girdi-1-olu\/","og_locale":"tr_TR","og_type":"article","og_title":"\u00c7ocuklar kavga edince babalar birbirine girdi: 1 \u00f6l\u00fc - Memurun Sesi","og_description":"\u00c7anakkale\u2019de, \u00e7ocuklar\u0131n\u0131n kavga etmesi sebebiyle babalar aras\u0131nda bulunan husumette C.B., tart\u0131\u015fman\u0131n kavgaya d\u00f6n\u00fc\u015fmesi sonucu kom\u015fusu G.Y.\u2019yi tabancayla vurarak \u00f6ld\u00fcrd\u00fc. Olay, Esenler Mahallesi Bah\u00e7elievler 10\u2019uncu Etap Kutluay Apartman\u0131\u2019n\u0131n bah\u00e7esinde ak\u015fam saatlerinde meydana geldi. Edinilen bilgiye g\u00f6re hastanede g\u00f6revli sa\u011fl\u0131k astsubay\u0131 oldu\u011fu \u00f6\u011frenilen C.B. ile emekli astsubay G.Y.\u2019nin \u00e7ocuklar\u0131n\u0131n kavgas\u0131 sebebiyle husumetli oldu\u011fu \u00f6\u011frenildi. C.B., kom\u015fusu G.Y. [&hellip;]","og_url":"https:\/\/memurunsesi.net\/index.php\/2025\/10\/14\/cocuklar-kavga-edince-babalar-birbirine-girdi-1-olu\/","og_site_name":"Memurun Sesi","article_publisher":"https:\/\/www.facebook.com\/unipersen\/?locale=tr_TR","article_published_time":"2025-10-14T17:43:03+00:00","og_image":[{"width":2282,"height":1457,"url":"https:\/\/memurunsesi.net\/wp-content\/uploads\/2025\/10\/AW558847_01.jpg","type":"image\/jpeg"}],"author":"Memurun Sesi Haber Merkezi","twitter_card":"summary_large_image","twitter_creator":"@unipersen","twitter_site":"@unipersen","twitter_misc":{"Yazan:":"Memurun Sesi Haber Merkezi","Tahmini okuma s\u00fcresi":"1 dakika"},"schema":{"@context":"https:\/\/schema.org","@graph":[{"@type":"Article","@id":"https:\/\/memurunsesi.net\/index.php\/2025\/10\/14\/cocuklar-kavga-edince-babalar-birbirine-girdi-1-olu\/#article","isPartOf":{"@id":"https:\/\/memurunsesi.net\/index.php\/2025\/10\/14\/cocuklar-kavga-edince-babalar-birbirine-girdi-1-olu\/"},"author":{"name":"Memurun Sesi Haber Merkezi","@id":"https:\/\/memurunsesi.net\/#\/schema\/person\/f21c2d73b89f6ee1d80b0a1803e38587"},"headline":"\u00c7ocuklar kavga edince babalar birbirine girdi: 1 \u00f6l\u00fc","datePublished":"2025-10-14T17:43:03+00:00","mainEntityOfPage":{"@id":"https:\/\/memurunsesi.net\/index.php\/2025\/10\/14\/cocuklar-kavga-edince-babalar-birbirine-girdi-1-olu\/"},"wordCount":181,"commentCount":0,"publisher":{"@id":"https:\/\/memurunsesi.net\/#organization"},"image":{"@id":"https:\/\/memurunsesi.net\/index.php\/2025\/10\/14\/cocuklar-kavga-edince-babalar-birbirine-girdi-1-olu\/#primaryimage"},"thumbnailUrl":"https:\/\/memurunsesi.net\/wp-content\/uploads\/2025\/10\/AW558847_01.jpg","inLanguage":"tr","potentialAction":[{"@type":"CommentAction","name":"Comment","target":["https:\/\/memurunsesi.net\/index.php\/2025\/10\/14\/cocuklar-kavga-edince-babalar-birbirine-girdi-1-olu\/#respond"]}]},{"@type":"WebPage","@id":"https:\/\/memurunsesi.net\/index.php\/2025\/10\/14\/cocuklar-kavga-edince-babalar-birbirine-girdi-1-olu\/","url":"https:\/\/memurunsesi.net\/index.php\/2025\/10\/14\/cocuklar-kavga-edince-babalar-birbirine-girdi-1-olu\/","name":"\u00c7ocuklar kavga edince babalar birbirine girdi: 1 \u00f6l\u00fc - Memurun Sesi","isPartOf":{"@id":"https:\/\/memurunsesi.net\/#website"},"primaryImageOfPage":{"@id":"https:\/\/memurunsesi.net\/index.php\/2025\/10\/14\/cocuklar-kavga-edince-babalar-birbirine-girdi-1-olu\/#primaryimage"},"image":{"@id":"https:\/\/memurunsesi.net\/index.php\/2025\/10\/14\/cocuklar-kavga-edince-babalar-birbirine-girdi-1-olu\/#primaryimage"},"thumbnailUrl":"https:\/\/memurunsesi.net\/wp-content\/uploads\/2025\/10\/AW558847_01.jpg","datePublished":"2025-10-14T17:43:03+00:00","breadcrumb":{"@id":"https:\/\/memurunsesi.net\/index.php\/2025\/10\/14\/cocuklar-kavga-edince-babalar-birbirine-girdi-1-olu\/#breadcrumb"},"inLanguage":"tr","potentialAction":[{"@type":"ReadAction","target":["https:\/\/memurunsesi.net\/index.php\/2025\/10\/14\/cocuklar-kavga-edince-babalar-birbirine-girdi-1-olu\/"]}]},{"@type":"ImageObject","inLanguage":"tr","@id":"https:\/\/memurunsesi.net\/index.php\/2025\/10\/14\/cocuklar-kavga-edince-babalar-birbirine-girdi-1-olu\/#primaryimage","url":"https:\/\/memurunsesi.net\/wp-content\/uploads\/2025\/10\/AW558847_01.jpg","contentUrl":"https:\/\/memurunsesi.net\/wp-content\/uploads\/2025\/10\/AW558847_01.jpg","width":2282,"height":1457,"caption":"\u00c7ANAKKALE'DE, \u00c7OCUKLARININ KAVGA ETMES\u0130 SEBEB\u0130YLE \u0130DD\u0130AYA G\u00d6RE C.B. HUSUMETL\u0130 OLDU\u011eU KOM\u015eUSU G.Y.'Y\u0130 TABANCAYLA VURARAK \u00d6LD\u00dcRD\u00dc. (HAT\u0130CE \u00c7EK\u0130L\/\u00c7ANAKKALE-\u0130HA) \u00c7anakkale'de, \u00e7ocuklar\u0131n\u0131n kavga etmesi sebebiyle babalar aras\u0131nda bulunan husumette C.B., tart\u0131\u015fman\u0131n kavgaya d\u00f6n\u00fc\u015fmesi sonucu kom\u015fusu G.Y.'yi tabancayla vurarak \u00f6ld\u00fcrd\u00fc."},{"@type":"BreadcrumbList","@id":"https:\/\/memurunsesi.net\/index.php\/2025\/10\/14\/cocuklar-kavga-edince-babalar-birbirine-girdi-1-olu\/#breadcrumb","itemListElement":[{"@type":"ListItem","position":1,"name":"Anasayfa","item":"https:\/\/memurunsesi.net\/"},{"@type":"ListItem","position":2,"name":"\u00c7ocuklar kavga edince babalar birbirine girdi: 1 \u00f6l\u00fc"}]},{"@type":"WebSite","@id":"https:\/\/memurunsesi.net\/#website","url":"https:\/\/memurunsesi.net\/","name":"Memurun Sesi","description":"G\u00fcncel ve Do\u011fru Haber","publisher":{"@id":"https:\/\/memurunsesi.net\/#organization"},"potentialAction":[{"@type":"SearchAction","target":{"@type":"EntryPoint","urlTemplate":"https:\/\/memurunsesi.net\/?s={search_term_string}"},"query-input":{"@type":"PropertyValueSpecification","valueRequired":true,"valueName":"search_term_string"}}],"inLanguage":"tr"},{"@type":"Organization","@id":"https:\/\/memurunsesi.net\/#organization","name":"Memurun Sesi","url":"https:\/\/memurunsesi.net\/","logo":{"@type":"ImageObject","inLanguage":"tr","@id":"https:\/\/memurunsesi.net\/#\/schema\/logo\/image\/","url":"https:\/\/memurunsesi.net\/wp-content\/uploads\/2025\/11\/cropped-MEMURUN-SESI.png","contentUrl":"https:\/\/memurunsesi.net\/wp-content\/uploads\/2025\/11\/cropped-MEMURUN-SESI.png","width":238,"height":57,"caption":"Memurun Sesi"},"image":{"@id":"https:\/\/memurunsesi.net\/#\/schema\/logo\/image\/"},"sameAs":["https:\/\/www.facebook.com\/unipersen\/?locale=tr_TR","https:\/\/x.com\/unipersen"]},{"@type":"Person","@id":"https:\/\/memurunsesi.net\/#\/schema\/person\/f21c2d73b89f6ee1d80b0a1803e38587","name":"Memurun Sesi Haber Merkezi","image":{"@type":"ImageObject","inLanguage":"tr","@id":"https:\/\/secure.gravatar.com\/avatar\/6cf0505f452ee753f485014986fab09a434671d2b919ee76fc541025c5876a70?s=96&d=mm&r=g","url":"https:\/\/secure.gravatar.com\/avatar\/6cf0505f452ee753f485014986fab09a434671d2b919ee76fc541025c5876a70?s=96&d=mm&r=g","contentUrl":"https:\/\/secure.gravatar.com\/avatar\/6cf0505f452ee753f485014986fab09a434671d2b919ee76fc541025c5876a70?s=96&d=mm&r=g","caption":"Memurun Sesi Haber Merkezi"},"sameAs":["https:\/\/memurunsesi.net"],"url":"https:\/\/memurunsesi.net\/index.php\/author\/uniper\/"}]}},"_links":{"self":[{"href":"https:\/\/memurunsesi.net\/index.php\/wp-json\/wp\/v2\/posts\/12938","targetHints":{"allow":["GET"]}}],"collection":[{"href":"https:\/\/memurunsesi.net\/index.php\/wp-json\/wp\/v2\/posts"}],"about":[{"href":"https:\/\/memurunsesi.net\/index.php\/wp-json\/wp\/v2\/types\/post"}],"author":[{"embeddable":true,"href":"https:\/\/memurunsesi.net\/index.php\/wp-json\/wp\/v2\/users\/1"}],"replies":[{"embeddable":true,"href":"https:\/\/memurunsesi.net\/index.php\/wp-json\/wp\/v2\/comments?post=12938"}],"version-history":[{"count":1,"href":"https:\/\/memurunsesi.net\/index.php\/wp-json\/wp\/v2\/posts\/12938\/revisions"}],"predecessor-version":[{"id":12940,"href":"https:\/\/memurunsesi.net\/index.php\/wp-json\/wp\/v2\/posts\/12938\/revisions\/12940"}],"wp:featuredmedia":[{"embeddable":true,"href":"https:\/\/memurunsesi.net\/index.php\/wp-json\/wp\/v2\/media\/12939"}],"wp:attachment":[{"href":"https:\/\/memurunsesi.net\/index.php\/wp-json\/wp\/v2\/media?parent=12938"}],"wp:term":[{"taxonomy":"category","embeddable":true,"href":"https:\/\/memurunsesi.net\/index.php\/wp-json\/wp\/v2\/categories?post=12938"},{"taxonomy":"post_tag","embeddable":true,"href":"https:\/\/memurunsesi.net\/index.php\/wp-json\/wp\/v2\/tags?post=12938"}],"curies":[{"name":"wp","href":"https:\/\/api.w.org\/{rel}","templated":true}]}}