{"id":13033,"date":"2025-10-17T07:09:15","date_gmt":"2025-10-17T04:09:15","guid":{"rendered":"https:\/\/memurunsesi.net\/?p=13033"},"modified":"2025-10-17T07:09:15","modified_gmt":"2025-10-17T04:09:15","slug":"karamanda-seyir-halindeki-otomobil-alev-alarak-yandi","status":"publish","type":"post","link":"https:\/\/memurunsesi.net\/index.php\/2025\/10\/17\/karamanda-seyir-halindeki-otomobil-alev-alarak-yandi\/","title":{"rendered":"Karaman\u2019da seyir halindeki otomobil alev alarak yand\u0131"},"content":{"rendered":"<p>  Karaman\u2019da seyir halindeki otomobilin motor k\u0131sm\u0131nda \u00e7\u0131kan yang\u0131n s\u00f6nd\u00fcr\u00fcld\u00fc. Ara\u00e7ta maddi hasar meydana geldi.<br \/>\nOlay, ak\u015fam saatlerinde Karaman E\u011fitim ve Ara\u015ft\u0131rma Hastanesi \u00f6n\u00fcnde meydana geldi. Edinilen bilgiye g\u00f6re, H.\u00c7. y\u00f6netimindeki 25 ET 425 plakal\u0131 otomobil seyir halindeyken biranda motor k\u0131sm\u0131ndan alev alarak yanmaya ba\u015flad\u0131. Durumu fark eden s\u00fcr\u00fcc\u00fc hemen arac\u0131n\u0131 yol kenar\u0131na \u00e7ekerek 112 Acil \u00c7a\u011fr\u0131 Merkezi\u2019nden yard\u0131m istedi. \u0130hbar \u00fczerine adrese itfaiye ve polis ekipleri sevk edildi. \u00c7evredeki vatanda\u015flar\u0131n yang\u0131n t\u00fcp\u00fcyle m\u00fcdahalesi sonucu alevler arac\u0131 sarmadan s\u00f6nd\u00fcr\u00fcld\u00fc. Olay yerine gelen itfaiye ise ara\u00e7ta so\u011futma \u00e7al\u0131\u015fmas\u0131 yapt\u0131. Motor k\u0131sm\u0131 yanan ara\u00e7ta maddi hasar meydana gelirken, yang\u0131n\u0131n benzi ka\u00e7a\u011f\u0131 sonucu \u00e7\u0131km\u0131\u015f olabilece\u011fi ihtimali \u00fczerinde duruluyor. <\/p>\n<p>17.10.2025                               <\/p>\n","protected":false},"excerpt":{"rendered":"<p>Karaman\u2019da seyir halindeki otomobilin motor k\u0131sm\u0131nda \u00e7\u0131kan yang\u0131n s\u00f6nd\u00fcr\u00fcld\u00fc. Ara\u00e7ta maddi hasar meydana geldi. Olay, ak\u015fam saatlerinde Karaman E\u011fitim ve Ara\u015ft\u0131rma Hastanesi \u00f6n\u00fcnde meydana geldi. Edinilen bilgiye g\u00f6re, H.\u00c7. y\u00f6netimindeki 25 ET 425 plakal\u0131 otomobil seyir halindeyken biranda motor k\u0131sm\u0131ndan alev alarak yanmaya ba\u015flad\u0131. Durumu fark eden s\u00fcr\u00fcc\u00fc hemen arac\u0131n\u0131 yol kenar\u0131na \u00e7ekerek 112 Acil [&hellip;]<\/p>\n","protected":false},"author":1,"featured_media":13034,"comment_status":"open","ping_status":"open","sticky":false,"template":"","format":"standard","meta":{"footnotes":""},"categories":[45],"tags":[],"class_list":["post-13033","post","type-post","status-publish","format-standard","has-post-thumbnail","hentry","category-gundem"],"yoast_head":"<!-- This site is optimized with the Yoast SEO plugin v27.4 - https:\/\/yoast.com\/product\/yoast-seo-wordpress\/ -->\n<title>Karaman\u2019da seyir halindeki otomobil alev alarak yand\u0131 - Memurun Sesi<\/title>\n<meta name=\"robots\" content=\"index, follow, max-snippet:-1, max-image-preview:large, max-video-preview:-1\" \/>\n<link rel=\"canonical\" href=\"https:\/\/memurunsesi.net\/index.php\/2025\/10\/17\/karamanda-seyir-halindeki-otomobil-alev-alarak-yandi\/\" \/>\n<meta property=\"og:locale\" content=\"tr_TR\" \/>\n<meta property=\"og:type\" content=\"article\" \/>\n<meta property=\"og:title\" content=\"Karaman\u2019da seyir halindeki otomobil alev alarak yand\u0131 - Memurun Sesi\" \/>\n<meta property=\"og:description\" content=\"Karaman\u2019da seyir halindeki otomobilin motor k\u0131sm\u0131nda \u00e7\u0131kan yang\u0131n s\u00f6nd\u00fcr\u00fcld\u00fc. Ara\u00e7ta maddi hasar meydana geldi. Olay, ak\u015fam saatlerinde Karaman E\u011fitim ve Ara\u015ft\u0131rma Hastanesi \u00f6n\u00fcnde meydana geldi. Edinilen bilgiye g\u00f6re, H.\u00c7. y\u00f6netimindeki 25 ET 425 plakal\u0131 otomobil seyir halindeyken biranda motor k\u0131sm\u0131ndan alev alarak yanmaya ba\u015flad\u0131. Durumu fark eden s\u00fcr\u00fcc\u00fc hemen arac\u0131n\u0131 yol kenar\u0131na \u00e7ekerek 112 Acil [&hellip;]\" \/>\n<meta property=\"og:url\" content=\"https:\/\/memurunsesi.net\/index.php\/2025\/10\/17\/karamanda-seyir-halindeki-otomobil-alev-alarak-yandi\/\" \/>\n<meta property=\"og:site_name\" content=\"Memurun Sesi\" \/>\n<meta property=\"article:publisher\" content=\"https:\/\/www.facebook.com\/unipersen\/?locale=tr_TR\" \/>\n<meta property=\"article:published_time\" content=\"2025-10-17T04:09:15+00:00\" \/>\n<meta property=\"og:image\" content=\"https:\/\/memurunsesi.net\/wp-content\/uploads\/2025\/10\/AW560337_01.jpg\" \/>\n\t<meta property=\"og:image:width\" content=\"1600\" \/>\n\t<meta property=\"og:image:height\" content=\"902\" \/>\n\t<meta property=\"og:image:type\" content=\"image\/jpeg\" \/>\n<meta name=\"author\" content=\"Memurun Sesi Haber Merkezi\" \/>\n<meta name=\"twitter:card\" content=\"summary_large_image\" \/>\n<meta name=\"twitter:creator\" content=\"@unipersen\" \/>\n<meta name=\"twitter:site\" content=\"@unipersen\" \/>\n<meta name=\"twitter:label1\" content=\"Yazan:\" \/>\n\t<meta name=\"twitter:data1\" content=\"Memurun Sesi Haber Merkezi\" \/>\n\t<meta name=\"twitter:label2\" content=\"Tahmini okuma s\u00fcresi\" \/>\n\t<meta name=\"twitter:data2\" content=\"1 dakika\" \/>\n<script type=\"application\/ld+json\" class=\"yoast-schema-graph\">{\"@context\":\"https:\\\/\\\/schema.org\",\"@graph\":[{\"@type\":\"Article\",\"@id\":\"https:\\\/\\\/memurunsesi.net\\\/index.php\\\/2025\\\/10\\\/17\\\/karamanda-seyir-halindeki-otomobil-alev-alarak-yandi\\\/#article\",\"isPartOf\":{\"@id\":\"https:\\\/\\\/memurunsesi.net\\\/index.php\\\/2025\\\/10\\\/17\\\/karamanda-seyir-halindeki-otomobil-alev-alarak-yandi\\\/\"},\"author\":{\"name\":\"Memurun Sesi Haber Merkezi\",\"@id\":\"https:\\\/\\\/memurunsesi.net\\\/#\\\/schema\\\/person\\\/f21c2d73b89f6ee1d80b0a1803e38587\"},\"headline\":\"Karaman\u2019da seyir halindeki otomobil alev alarak yand\u0131\",\"datePublished\":\"2025-10-17T04:09:15+00:00\",\"mainEntityOfPage\":{\"@id\":\"https:\\\/\\\/memurunsesi.net\\\/index.php\\\/2025\\\/10\\\/17\\\/karamanda-seyir-halindeki-otomobil-alev-alarak-yandi\\\/\"},\"wordCount\":152,\"commentCount\":0,\"publisher\":{\"@id\":\"https:\\\/\\\/memurunsesi.net\\\/#organization\"},\"image\":{\"@id\":\"https:\\\/\\\/memurunsesi.net\\\/index.php\\\/2025\\\/10\\\/17\\\/karamanda-seyir-halindeki-otomobil-alev-alarak-yandi\\\/#primaryimage\"},\"thumbnailUrl\":\"https:\\\/\\\/memurunsesi.net\\\/wp-content\\\/uploads\\\/2025\\\/10\\\/AW560337_01.jpg\",\"articleSection\":[\"G\u00fcndem\"],\"inLanguage\":\"tr\",\"potentialAction\":[{\"@type\":\"CommentAction\",\"name\":\"Comment\",\"target\":[\"https:\\\/\\\/memurunsesi.net\\\/index.php\\\/2025\\\/10\\\/17\\\/karamanda-seyir-halindeki-otomobil-alev-alarak-yandi\\\/#respond\"]}]},{\"@type\":\"WebPage\",\"@id\":\"https:\\\/\\\/memurunsesi.net\\\/index.php\\\/2025\\\/10\\\/17\\\/karamanda-seyir-halindeki-otomobil-alev-alarak-yandi\\\/\",\"url\":\"https:\\\/\\\/memurunsesi.net\\\/index.php\\\/2025\\\/10\\\/17\\\/karamanda-seyir-halindeki-otomobil-alev-alarak-yandi\\\/\",\"name\":\"Karaman\u2019da seyir halindeki otomobil alev alarak yand\u0131 - Memurun Sesi\",\"isPartOf\":{\"@id\":\"https:\\\/\\\/memurunsesi.net\\\/#website\"},\"primaryImageOfPage\":{\"@id\":\"https:\\\/\\\/memurunsesi.net\\\/index.php\\\/2025\\\/10\\\/17\\\/karamanda-seyir-halindeki-otomobil-alev-alarak-yandi\\\/#primaryimage\"},\"image\":{\"@id\":\"https:\\\/\\\/memurunsesi.net\\\/index.php\\\/2025\\\/10\\\/17\\\/karamanda-seyir-halindeki-otomobil-alev-alarak-yandi\\\/#primaryimage\"},\"thumbnailUrl\":\"https:\\\/\\\/memurunsesi.net\\\/wp-content\\\/uploads\\\/2025\\\/10\\\/AW560337_01.jpg\",\"datePublished\":\"2025-10-17T04:09:15+00:00\",\"breadcrumb\":{\"@id\":\"https:\\\/\\\/memurunsesi.net\\\/index.php\\\/2025\\\/10\\\/17\\\/karamanda-seyir-halindeki-otomobil-alev-alarak-yandi\\\/#breadcrumb\"},\"inLanguage\":\"tr\",\"potentialAction\":[{\"@type\":\"ReadAction\",\"target\":[\"https:\\\/\\\/memurunsesi.net\\\/index.php\\\/2025\\\/10\\\/17\\\/karamanda-seyir-halindeki-otomobil-alev-alarak-yandi\\\/\"]}]},{\"@type\":\"ImageObject\",\"inLanguage\":\"tr\",\"@id\":\"https:\\\/\\\/memurunsesi.net\\\/index.php\\\/2025\\\/10\\\/17\\\/karamanda-seyir-halindeki-otomobil-alev-alarak-yandi\\\/#primaryimage\",\"url\":\"https:\\\/\\\/memurunsesi.net\\\/wp-content\\\/uploads\\\/2025\\\/10\\\/AW560337_01.jpg\",\"contentUrl\":\"https:\\\/\\\/memurunsesi.net\\\/wp-content\\\/uploads\\\/2025\\\/10\\\/AW560337_01.jpg\",\"width\":1600,\"height\":902,\"caption\":\"KARAMAN'DA SEY\u0130R HAL\u0130NDEK\u0130 OTOMOB\u0130LDE YANGIN \u00c7IKTI. MOTOR KISMINDA \u00c7IKAN YANGIN S\u00d6ND\u00dcR\u00dcL\u00dcRKEN, ARA\u00c7TA MADD\u0130 HASAR MEYDANA GELD\u0130. (MEHMET AK\u0130F ORHAN\\\/KARAMAN-\u0130HA) Karaman'da seyir halindeki otomobilin motor k\u0131sm\u0131nda \u00e7\u0131kan yang\u0131n s\u00f6nd\u00fcr\u00fcld\u00fc. Ara\u00e7ta maddi hasar meydana geldi.\"},{\"@type\":\"BreadcrumbList\",\"@id\":\"https:\\\/\\\/memurunsesi.net\\\/index.php\\\/2025\\\/10\\\/17\\\/karamanda-seyir-halindeki-otomobil-alev-alarak-yandi\\\/#breadcrumb\",\"itemListElement\":[{\"@type\":\"ListItem\",\"position\":1,\"name\":\"Anasayfa\",\"item\":\"https:\\\/\\\/memurunsesi.net\\\/\"},{\"@type\":\"ListItem\",\"position\":2,\"name\":\"Karaman\u2019da seyir halindeki otomobil alev alarak yand\u0131\"}]},{\"@type\":\"WebSite\",\"@id\":\"https:\\\/\\\/memurunsesi.net\\\/#website\",\"url\":\"https:\\\/\\\/memurunsesi.net\\\/\",\"name\":\"Memurun Sesi\",\"description\":\"G\u00fcncel ve Do\u011fru Haber\",\"publisher\":{\"@id\":\"https:\\\/\\\/memurunsesi.net\\\/#organization\"},\"potentialAction\":[{\"@type\":\"SearchAction\",\"target\":{\"@type\":\"EntryPoint\",\"urlTemplate\":\"https:\\\/\\\/memurunsesi.net\\\/?s={search_term_string}\"},\"query-input\":{\"@type\":\"PropertyValueSpecification\",\"valueRequired\":true,\"valueName\":\"search_term_string\"}}],\"inLanguage\":\"tr\"},{\"@type\":\"Organization\",\"@id\":\"https:\\\/\\\/memurunsesi.net\\\/#organization\",\"name\":\"Memurun Sesi\",\"url\":\"https:\\\/\\\/memurunsesi.net\\\/\",\"logo\":{\"@type\":\"ImageObject\",\"inLanguage\":\"tr\",\"@id\":\"https:\\\/\\\/memurunsesi.net\\\/#\\\/schema\\\/logo\\\/image\\\/\",\"url\":\"https:\\\/\\\/memurunsesi.net\\\/wp-content\\\/uploads\\\/2025\\\/11\\\/cropped-MEMURUN-SESI.png\",\"contentUrl\":\"https:\\\/\\\/memurunsesi.net\\\/wp-content\\\/uploads\\\/2025\\\/11\\\/cropped-MEMURUN-SESI.png\",\"width\":238,\"height\":57,\"caption\":\"Memurun Sesi\"},\"image\":{\"@id\":\"https:\\\/\\\/memurunsesi.net\\\/#\\\/schema\\\/logo\\\/image\\\/\"},\"sameAs\":[\"https:\\\/\\\/www.facebook.com\\\/unipersen\\\/?locale=tr_TR\",\"https:\\\/\\\/x.com\\\/unipersen\"]},{\"@type\":\"Person\",\"@id\":\"https:\\\/\\\/memurunsesi.net\\\/#\\\/schema\\\/person\\\/f21c2d73b89f6ee1d80b0a1803e38587\",\"name\":\"Memurun Sesi Haber Merkezi\",\"image\":{\"@type\":\"ImageObject\",\"inLanguage\":\"tr\",\"@id\":\"https:\\\/\\\/secure.gravatar.com\\\/avatar\\\/6cf0505f452ee753f485014986fab09a434671d2b919ee76fc541025c5876a70?s=96&d=mm&r=g\",\"url\":\"https:\\\/\\\/secure.gravatar.com\\\/avatar\\\/6cf0505f452ee753f485014986fab09a434671d2b919ee76fc541025c5876a70?s=96&d=mm&r=g\",\"contentUrl\":\"https:\\\/\\\/secure.gravatar.com\\\/avatar\\\/6cf0505f452ee753f485014986fab09a434671d2b919ee76fc541025c5876a70?s=96&d=mm&r=g\",\"caption\":\"Memurun Sesi Haber Merkezi\"},\"sameAs\":[\"https:\\\/\\\/memurunsesi.net\"],\"url\":\"https:\\\/\\\/memurunsesi.net\\\/index.php\\\/author\\\/uniper\\\/\"}]}<\/script>\n<!-- \/ Yoast SEO plugin. -->","yoast_head_json":{"title":"Karaman\u2019da seyir halindeki otomobil alev alarak yand\u0131 - Memurun Sesi","robots":{"index":"index","follow":"follow","max-snippet":"max-snippet:-1","max-image-preview":"max-image-preview:large","max-video-preview":"max-video-preview:-1"},"canonical":"https:\/\/memurunsesi.net\/index.php\/2025\/10\/17\/karamanda-seyir-halindeki-otomobil-alev-alarak-yandi\/","og_locale":"tr_TR","og_type":"article","og_title":"Karaman\u2019da seyir halindeki otomobil alev alarak yand\u0131 - Memurun Sesi","og_description":"Karaman\u2019da seyir halindeki otomobilin motor k\u0131sm\u0131nda \u00e7\u0131kan yang\u0131n s\u00f6nd\u00fcr\u00fcld\u00fc. Ara\u00e7ta maddi hasar meydana geldi. Olay, ak\u015fam saatlerinde Karaman E\u011fitim ve Ara\u015ft\u0131rma Hastanesi \u00f6n\u00fcnde meydana geldi. Edinilen bilgiye g\u00f6re, H.\u00c7. y\u00f6netimindeki 25 ET 425 plakal\u0131 otomobil seyir halindeyken biranda motor k\u0131sm\u0131ndan alev alarak yanmaya ba\u015flad\u0131. Durumu fark eden s\u00fcr\u00fcc\u00fc hemen arac\u0131n\u0131 yol kenar\u0131na \u00e7ekerek 112 Acil [&hellip;]","og_url":"https:\/\/memurunsesi.net\/index.php\/2025\/10\/17\/karamanda-seyir-halindeki-otomobil-alev-alarak-yandi\/","og_site_name":"Memurun Sesi","article_publisher":"https:\/\/www.facebook.com\/unipersen\/?locale=tr_TR","article_published_time":"2025-10-17T04:09:15+00:00","og_image":[{"width":1600,"height":902,"url":"https:\/\/memurunsesi.net\/wp-content\/uploads\/2025\/10\/AW560337_01.jpg","type":"image\/jpeg"}],"author":"Memurun Sesi Haber Merkezi","twitter_card":"summary_large_image","twitter_creator":"@unipersen","twitter_site":"@unipersen","twitter_misc":{"Yazan:":"Memurun Sesi Haber Merkezi","Tahmini okuma s\u00fcresi":"1 dakika"},"schema":{"@context":"https:\/\/schema.org","@graph":[{"@type":"Article","@id":"https:\/\/memurunsesi.net\/index.php\/2025\/10\/17\/karamanda-seyir-halindeki-otomobil-alev-alarak-yandi\/#article","isPartOf":{"@id":"https:\/\/memurunsesi.net\/index.php\/2025\/10\/17\/karamanda-seyir-halindeki-otomobil-alev-alarak-yandi\/"},"author":{"name":"Memurun Sesi Haber Merkezi","@id":"https:\/\/memurunsesi.net\/#\/schema\/person\/f21c2d73b89f6ee1d80b0a1803e38587"},"headline":"Karaman\u2019da seyir halindeki otomobil alev alarak yand\u0131","datePublished":"2025-10-17T04:09:15+00:00","mainEntityOfPage":{"@id":"https:\/\/memurunsesi.net\/index.php\/2025\/10\/17\/karamanda-seyir-halindeki-otomobil-alev-alarak-yandi\/"},"wordCount":152,"commentCount":0,"publisher":{"@id":"https:\/\/memurunsesi.net\/#organization"},"image":{"@id":"https:\/\/memurunsesi.net\/index.php\/2025\/10\/17\/karamanda-seyir-halindeki-otomobil-alev-alarak-yandi\/#primaryimage"},"thumbnailUrl":"https:\/\/memurunsesi.net\/wp-content\/uploads\/2025\/10\/AW560337_01.jpg","articleSection":["G\u00fcndem"],"inLanguage":"tr","potentialAction":[{"@type":"CommentAction","name":"Comment","target":["https:\/\/memurunsesi.net\/index.php\/2025\/10\/17\/karamanda-seyir-halindeki-otomobil-alev-alarak-yandi\/#respond"]}]},{"@type":"WebPage","@id":"https:\/\/memurunsesi.net\/index.php\/2025\/10\/17\/karamanda-seyir-halindeki-otomobil-alev-alarak-yandi\/","url":"https:\/\/memurunsesi.net\/index.php\/2025\/10\/17\/karamanda-seyir-halindeki-otomobil-alev-alarak-yandi\/","name":"Karaman\u2019da seyir halindeki otomobil alev alarak yand\u0131 - Memurun Sesi","isPartOf":{"@id":"https:\/\/memurunsesi.net\/#website"},"primaryImageOfPage":{"@id":"https:\/\/memurunsesi.net\/index.php\/2025\/10\/17\/karamanda-seyir-halindeki-otomobil-alev-alarak-yandi\/#primaryimage"},"image":{"@id":"https:\/\/memurunsesi.net\/index.php\/2025\/10\/17\/karamanda-seyir-halindeki-otomobil-alev-alarak-yandi\/#primaryimage"},"thumbnailUrl":"https:\/\/memurunsesi.net\/wp-content\/uploads\/2025\/10\/AW560337_01.jpg","datePublished":"2025-10-17T04:09:15+00:00","breadcrumb":{"@id":"https:\/\/memurunsesi.net\/index.php\/2025\/10\/17\/karamanda-seyir-halindeki-otomobil-alev-alarak-yandi\/#breadcrumb"},"inLanguage":"tr","potentialAction":[{"@type":"ReadAction","target":["https:\/\/memurunsesi.net\/index.php\/2025\/10\/17\/karamanda-seyir-halindeki-otomobil-alev-alarak-yandi\/"]}]},{"@type":"ImageObject","inLanguage":"tr","@id":"https:\/\/memurunsesi.net\/index.php\/2025\/10\/17\/karamanda-seyir-halindeki-otomobil-alev-alarak-yandi\/#primaryimage","url":"https:\/\/memurunsesi.net\/wp-content\/uploads\/2025\/10\/AW560337_01.jpg","contentUrl":"https:\/\/memurunsesi.net\/wp-content\/uploads\/2025\/10\/AW560337_01.jpg","width":1600,"height":902,"caption":"KARAMAN'DA SEY\u0130R HAL\u0130NDEK\u0130 OTOMOB\u0130LDE YANGIN \u00c7IKTI. MOTOR KISMINDA \u00c7IKAN YANGIN S\u00d6ND\u00dcR\u00dcL\u00dcRKEN, ARA\u00c7TA MADD\u0130 HASAR MEYDANA GELD\u0130. (MEHMET AK\u0130F ORHAN\/KARAMAN-\u0130HA) Karaman'da seyir halindeki otomobilin motor k\u0131sm\u0131nda \u00e7\u0131kan yang\u0131n s\u00f6nd\u00fcr\u00fcld\u00fc. Ara\u00e7ta maddi hasar meydana geldi."},{"@type":"BreadcrumbList","@id":"https:\/\/memurunsesi.net\/index.php\/2025\/10\/17\/karamanda-seyir-halindeki-otomobil-alev-alarak-yandi\/#breadcrumb","itemListElement":[{"@type":"ListItem","position":1,"name":"Anasayfa","item":"https:\/\/memurunsesi.net\/"},{"@type":"ListItem","position":2,"name":"Karaman\u2019da seyir halindeki otomobil alev alarak yand\u0131"}]},{"@type":"WebSite","@id":"https:\/\/memurunsesi.net\/#website","url":"https:\/\/memurunsesi.net\/","name":"Memurun Sesi","description":"G\u00fcncel ve Do\u011fru Haber","publisher":{"@id":"https:\/\/memurunsesi.net\/#organization"},"potentialAction":[{"@type":"SearchAction","target":{"@type":"EntryPoint","urlTemplate":"https:\/\/memurunsesi.net\/?s={search_term_string}"},"query-input":{"@type":"PropertyValueSpecification","valueRequired":true,"valueName":"search_term_string"}}],"inLanguage":"tr"},{"@type":"Organization","@id":"https:\/\/memurunsesi.net\/#organization","name":"Memurun Sesi","url":"https:\/\/memurunsesi.net\/","logo":{"@type":"ImageObject","inLanguage":"tr","@id":"https:\/\/memurunsesi.net\/#\/schema\/logo\/image\/","url":"https:\/\/memurunsesi.net\/wp-content\/uploads\/2025\/11\/cropped-MEMURUN-SESI.png","contentUrl":"https:\/\/memurunsesi.net\/wp-content\/uploads\/2025\/11\/cropped-MEMURUN-SESI.png","width":238,"height":57,"caption":"Memurun Sesi"},"image":{"@id":"https:\/\/memurunsesi.net\/#\/schema\/logo\/image\/"},"sameAs":["https:\/\/www.facebook.com\/unipersen\/?locale=tr_TR","https:\/\/x.com\/unipersen"]},{"@type":"Person","@id":"https:\/\/memurunsesi.net\/#\/schema\/person\/f21c2d73b89f6ee1d80b0a1803e38587","name":"Memurun Sesi Haber Merkezi","image":{"@type":"ImageObject","inLanguage":"tr","@id":"https:\/\/secure.gravatar.com\/avatar\/6cf0505f452ee753f485014986fab09a434671d2b919ee76fc541025c5876a70?s=96&d=mm&r=g","url":"https:\/\/secure.gravatar.com\/avatar\/6cf0505f452ee753f485014986fab09a434671d2b919ee76fc541025c5876a70?s=96&d=mm&r=g","contentUrl":"https:\/\/secure.gravatar.com\/avatar\/6cf0505f452ee753f485014986fab09a434671d2b919ee76fc541025c5876a70?s=96&d=mm&r=g","caption":"Memurun Sesi Haber Merkezi"},"sameAs":["https:\/\/memurunsesi.net"],"url":"https:\/\/memurunsesi.net\/index.php\/author\/uniper\/"}]}},"_links":{"self":[{"href":"https:\/\/memurunsesi.net\/index.php\/wp-json\/wp\/v2\/posts\/13033","targetHints":{"allow":["GET"]}}],"collection":[{"href":"https:\/\/memurunsesi.net\/index.php\/wp-json\/wp\/v2\/posts"}],"about":[{"href":"https:\/\/memurunsesi.net\/index.php\/wp-json\/wp\/v2\/types\/post"}],"author":[{"embeddable":true,"href":"https:\/\/memurunsesi.net\/index.php\/wp-json\/wp\/v2\/users\/1"}],"replies":[{"embeddable":true,"href":"https:\/\/memurunsesi.net\/index.php\/wp-json\/wp\/v2\/comments?post=13033"}],"version-history":[{"count":1,"href":"https:\/\/memurunsesi.net\/index.php\/wp-json\/wp\/v2\/posts\/13033\/revisions"}],"predecessor-version":[{"id":13035,"href":"https:\/\/memurunsesi.net\/index.php\/wp-json\/wp\/v2\/posts\/13033\/revisions\/13035"}],"wp:featuredmedia":[{"embeddable":true,"href":"https:\/\/memurunsesi.net\/index.php\/wp-json\/wp\/v2\/media\/13034"}],"wp:attachment":[{"href":"https:\/\/memurunsesi.net\/index.php\/wp-json\/wp\/v2\/media?parent=13033"}],"wp:term":[{"taxonomy":"category","embeddable":true,"href":"https:\/\/memurunsesi.net\/index.php\/wp-json\/wp\/v2\/categories?post=13033"},{"taxonomy":"post_tag","embeddable":true,"href":"https:\/\/memurunsesi.net\/index.php\/wp-json\/wp\/v2\/tags?post=13033"}],"curies":[{"name":"wp","href":"https:\/\/api.w.org\/{rel}","templated":true}]}}