{"id":13045,"date":"2025-10-17T07:14:08","date_gmt":"2025-10-17T04:14:08","guid":{"rendered":"https:\/\/memurunsesi.net\/?p=13045"},"modified":"2025-10-17T07:14:08","modified_gmt":"2025-10-17T04:14:08","slug":"igneada-sel-davasinda-karar-isletme-sahibine-18-yil-hapis-cezasi-verildi","status":"publish","type":"post","link":"https:\/\/memurunsesi.net\/index.php\/2025\/10\/17\/igneada-sel-davasinda-karar-isletme-sahibine-18-yil-hapis-cezasi-verildi\/","title":{"rendered":"\u0130\u011fneada sel davas\u0131nda karar: \u0130\u015fletme sahibine 18 y\u0131l hapis cezas\u0131 verildi"},"content":{"rendered":"<p>  K\u0131rklareli&#8217;nin Demirk\u00f6y il\u00e7esindeki \u0130\u011fneada&#8217;da beldesi yak\u0131nlar\u0131nda 6 ki\u015finin can verdi\u011fi sel felaketine ili\u015fkin davada karar \u00e7\u0131kt\u0131. \u0130\u015fletme sahibi hakk\u0131nda &#8220;bilin\u00e7li taksirle birden fazla ki\u015finin \u00f6l\u00fcm\u00fcne ve yaralanmas\u0131na neden olma&#8221; su\u00e7undan 18 y\u0131l hapis cezas\u0131 verilirken, 2 san\u0131k da 7 y\u0131l 6&#8217;\u015far ay hapis cezas\u0131na \u00e7arpt\u0131r\u0131ld\u0131.<br \/>\n  K\u0131rklareli&#8217;nin Demirk\u00f6y il\u00e7esine ba\u011fl\u0131 \u0130\u011fneada beldesinde 5 Eyl\u00fcl 2023&#8217;te kuvvetli ya\u011f\u0131\u015f sebebiyle Sisli Vadi&#8217;deki turistik bungalov evlerin oldu\u011fu b\u00f6lgede sel meydana gelmi\u015fti. Selde bungalov evlerde tatil yapan doktor Selman Ba\u011f\u0131\u015flar ve e\u015fi Mihriban Ba\u011f\u0131\u015flar, Suna Duman, emekli \u00f6\u011fretmen Raile \u015eim\u015fek, e\u015fi Ahmet Baki \u015eim\u015fek ile tesis m\u00fcd\u00fcr\u00fc \u00dcmit Solmaz hayat\u0131n\u0131 kaybetmi\u015fti.<br \/>\n  \u0130stinaf\u0131n bozma karar\u0131n\u0131n ard\u0131ndan K\u0131rklareli 2. A\u011f\u0131r Ceza Mahkemesinde g\u00f6r\u00fclen davan\u0131n \u00fc\u00e7\u00fcnc\u00fc duru\u015fmas\u0131nda, &#8220;bilin\u00e7li taksirle \u00f6l\u00fcme ve yaralanmaya sebep olma&#8221; su\u00e7undan yarg\u0131lanan tutuklu san\u0131k B\u00fclent B. ile olayda hayat\u0131n\u0131 kaybedenlerin yak\u0131nlar\u0131 Safiye Ya\u015fa, Kadir Ya\u015fa, Mehmet Han Ya\u015fa, Merve Sude Ya\u015fa, Emine Solmaz ve \u00c7i\u00e7ek Din\u00e7 haz\u0131r bulunurken tutuksuz san\u0131klar Cenan A, Sevcan U. ve B\u00fc\u015fra G. de SEGB\u0130S ile duru\u015fmaya kat\u0131ld\u0131.<br \/>\n  Duru\u015fman\u0131n devam\u0131nda m\u00fctalaa verildi. M\u00fctalaada san\u0131k B\u00fclent B., B\u00fc\u015fra G., Cenan A. ile Sevcan U.&#8217;nun maktul Ahmet Baki \u015eim\u015fek, Selman Ba\u011f\u0131\u015flar, \u00dcmit Solmaz, Rahile \u015eim\u015fek, Mihriban Ba\u011f\u0131\u015fla ve Suna Duman&#8217;a kar\u015f\u0131 &#8220;olas\u0131 kast ile \u00f6l\u00fcme sebebiyet verme&#8221; su\u00e7undan ayr\u0131 ayr\u0131, m\u00fc\u015fteki Kerem \u015eim\u015fek, H\u00fcseyin Duman ve Mila Duman&#8217;a y\u00f6nelik &#8220;olas\u0131 kast ile yaralanmalar\u0131na sebep olma&#8221; su\u00e7undan ayr\u0131 ayr\u0131 cezaland\u0131r\u0131lmas\u0131 talep edildi. Savc\u0131l\u0131k, San\u0131k B\u00fclent B&#8217;nin tutukluluk halinin devam etmesini, di\u011fer san\u0131klar Cenan A, B\u00fc\u015fra G. ve Sevcan U&#8217;nun da h\u00fck\u00fcmle birlikte tutuklanmas\u0131n\u0131 istedi.<br \/>\n  M\u00fctalan\u0131n ard\u0131ndan m\u00fc\u015fteki ve avukatlar\u0131 beyanda bulundu. M\u00fc\u015fteki Safiye Ya\u015fa beyanda bulundu\u011fu s\u0131rada, mahkeme heyeti ba\u015fkan\u0131n\u0131n ba\u015f\u0131n\u0131 sallad\u0131\u011f\u0131n\u0131 \u00f6ne s\u00fcrerek heyete tepki g\u00f6sterdi. Bunun \u00fczerine heyet Ya\u015fa&#8217;y\u0131 duru\u015fmadan \u00e7\u0131karma karar\u0131 ald\u0131. Karara uymayan Ya\u015fa, &#8220;Ben duru\u015fman\u0131n d\u00fczenini bozmuyorum. Bunun hesab\u0131n\u0131 vereceksiniz&#8221; dedi.<br \/>\n  Mahkeme heyeti Ya\u015fa&#8217;n\u0131n duru\u015fman\u0131n disiplinini bozdu\u011fu gerek\u00e7esiyle 2 g\u00fcn disiplin hapsine h\u00fckmetti. Karar \u00fczerine di\u011fer m\u00fc\u015ftekiler ile avukatlar\u0131 duru\u015fma salonunu terk etti.<br \/>\n  Devam eden duru\u015fmada san\u0131k B\u00fclent B. savunma yapt\u0131. Savunmas\u0131nda tahliyesini talep eden B\u00fclent B., &#8220;Ne annem kald\u0131 hakaret edilmedik ne babam ne ailem. Benden 10 bin dolar istiyorlar. Bende 10 bin dolar m\u0131 kald\u0131. \u0130\u015fim, g\u00fcc\u00fcm her \u015feyim zarar g\u00f6rd\u00fc. Tahliye olursam pazarl\u0131k yapacak g\u00fc\u00e7leri kalmayacak. S\u00f6ylenenlerin y\u00fczde 90&#8217;\u0131 yalan. Biz dere yata\u011f\u0131n\u0131 de\u011fi\u015ftirmedik. Oray\u0131 yaparken 11 kurum kurulu\u015ftan g\u00f6r\u00fc\u015f ald\u0131k ve hepsi olumluydu. Olay pazar g\u00fcn\u00fc olsayd\u0131 \u00f6len ki\u015fi daha fazla olurdu&#8221; \u015feklinde savunma yapt\u0131. <\/p>\n<p>  Karar a\u00e7\u0131kland\u0131<br \/>\n  Verilen aran\u0131n ard\u0131ndan mahkeme heyeti karar\u0131 a\u00e7\u0131klad\u0131. Kararda san\u0131k B\u00fclent B. i\u00e7in &#8220;bilin\u00e7li taksirle birden fazla ki\u015finin \u00f6l\u00fcm\u00fcne ve yaralanmas\u0131na neden olma&#8221; su\u00e7undan 18 hapis cezas\u0131na h\u00fckmedilerek, tutuklulu\u011funun devam\u0131na, di\u011fer san\u0131klardan Cenan A. ile B\u00fc\u015fra G., 7 y\u0131l 6&#8217;\u015far ay hapis cezas\u0131na \u00e7arpt\u0131r\u0131ld\u0131, haklar\u0131ndaki adli kontrol h\u00fck\u00fcmlerinin devam etmesine h\u00fckmedildi. San\u0131k Sevcan U.&#8217;nun ise beraatine karar verildi. <\/p>\n<p>16.10.2025                                <\/p>\n","protected":false},"excerpt":{"rendered":"<p>K\u0131rklareli&#8217;nin Demirk\u00f6y il\u00e7esindeki \u0130\u011fneada&#8217;da beldesi yak\u0131nlar\u0131nda 6 ki\u015finin can verdi\u011fi sel felaketine ili\u015fkin davada karar \u00e7\u0131kt\u0131. \u0130\u015fletme sahibi hakk\u0131nda &#8220;bilin\u00e7li taksirle birden fazla ki\u015finin \u00f6l\u00fcm\u00fcne ve yaralanmas\u0131na neden olma&#8221; su\u00e7undan 18 y\u0131l hapis cezas\u0131 verilirken, 2 san\u0131k da 7 y\u0131l 6&#8217;\u015far ay hapis cezas\u0131na \u00e7arpt\u0131r\u0131ld\u0131. K\u0131rklareli&#8217;nin Demirk\u00f6y il\u00e7esine ba\u011fl\u0131 \u0130\u011fneada beldesinde 5 Eyl\u00fcl 2023&#8217;te kuvvetli [&hellip;]<\/p>\n","protected":false},"author":1,"featured_media":13046,"comment_status":"open","ping_status":"open","sticky":false,"template":"","format":"standard","meta":{"footnotes":""},"categories":[1],"tags":[],"class_list":["post-13045","post","type-post","status-publish","format-standard","has-post-thumbnail","hentry","category-genel"],"yoast_head":"<!-- This site is optimized with the Yoast SEO plugin v27.4 - https:\/\/yoast.com\/product\/yoast-seo-wordpress\/ -->\n<title>\u0130\u011fneada sel davas\u0131nda karar: \u0130\u015fletme sahibine 18 y\u0131l hapis cezas\u0131 verildi - Memurun Sesi<\/title>\n<meta name=\"robots\" content=\"index, follow, max-snippet:-1, max-image-preview:large, max-video-preview:-1\" \/>\n<link rel=\"canonical\" href=\"https:\/\/memurunsesi.net\/index.php\/2025\/10\/17\/igneada-sel-davasinda-karar-isletme-sahibine-18-yil-hapis-cezasi-verildi\/\" \/>\n<meta property=\"og:locale\" content=\"tr_TR\" \/>\n<meta property=\"og:type\" content=\"article\" \/>\n<meta property=\"og:title\" content=\"\u0130\u011fneada sel davas\u0131nda karar: \u0130\u015fletme sahibine 18 y\u0131l hapis cezas\u0131 verildi - Memurun Sesi\" \/>\n<meta property=\"og:description\" content=\"K\u0131rklareli&#8217;nin Demirk\u00f6y il\u00e7esindeki \u0130\u011fneada&#8217;da beldesi yak\u0131nlar\u0131nda 6 ki\u015finin can verdi\u011fi sel felaketine ili\u015fkin davada karar \u00e7\u0131kt\u0131. \u0130\u015fletme sahibi hakk\u0131nda &#8220;bilin\u00e7li taksirle birden fazla ki\u015finin \u00f6l\u00fcm\u00fcne ve yaralanmas\u0131na neden olma&#8221; su\u00e7undan 18 y\u0131l hapis cezas\u0131 verilirken, 2 san\u0131k da 7 y\u0131l 6&#8217;\u015far ay hapis cezas\u0131na \u00e7arpt\u0131r\u0131ld\u0131. K\u0131rklareli&#8217;nin Demirk\u00f6y il\u00e7esine ba\u011fl\u0131 \u0130\u011fneada beldesinde 5 Eyl\u00fcl 2023&#8217;te kuvvetli [&hellip;]\" \/>\n<meta property=\"og:url\" content=\"https:\/\/memurunsesi.net\/index.php\/2025\/10\/17\/igneada-sel-davasinda-karar-isletme-sahibine-18-yil-hapis-cezasi-verildi\/\" \/>\n<meta property=\"og:site_name\" content=\"Memurun Sesi\" \/>\n<meta property=\"article:publisher\" content=\"https:\/\/www.facebook.com\/unipersen\/?locale=tr_TR\" \/>\n<meta property=\"article:published_time\" content=\"2025-10-17T04:14:08+00:00\" \/>\n<meta property=\"og:image\" content=\"https:\/\/memurunsesi.net\/wp-content\/uploads\/2025\/10\/AW560324_01-scaled.jpg\" \/>\n\t<meta property=\"og:image:width\" content=\"2560\" \/>\n\t<meta property=\"og:image:height\" content=\"1441\" \/>\n\t<meta property=\"og:image:type\" content=\"image\/jpeg\" \/>\n<meta name=\"author\" content=\"Memurun Sesi Haber Merkezi\" \/>\n<meta name=\"twitter:card\" content=\"summary_large_image\" \/>\n<meta name=\"twitter:creator\" content=\"@unipersen\" \/>\n<meta name=\"twitter:site\" content=\"@unipersen\" \/>\n<meta name=\"twitter:label1\" content=\"Yazan:\" \/>\n\t<meta name=\"twitter:data1\" content=\"Memurun Sesi Haber Merkezi\" \/>\n\t<meta name=\"twitter:label2\" content=\"Tahmini okuma s\u00fcresi\" \/>\n\t<meta name=\"twitter:data2\" content=\"1 dakika\" \/>\n<script type=\"application\/ld+json\" class=\"yoast-schema-graph\">{\"@context\":\"https:\\\/\\\/schema.org\",\"@graph\":[{\"@type\":\"Article\",\"@id\":\"https:\\\/\\\/memurunsesi.net\\\/index.php\\\/2025\\\/10\\\/17\\\/igneada-sel-davasinda-karar-isletme-sahibine-18-yil-hapis-cezasi-verildi\\\/#article\",\"isPartOf\":{\"@id\":\"https:\\\/\\\/memurunsesi.net\\\/index.php\\\/2025\\\/10\\\/17\\\/igneada-sel-davasinda-karar-isletme-sahibine-18-yil-hapis-cezasi-verildi\\\/\"},\"author\":{\"name\":\"Memurun Sesi Haber Merkezi\",\"@id\":\"https:\\\/\\\/memurunsesi.net\\\/#\\\/schema\\\/person\\\/f21c2d73b89f6ee1d80b0a1803e38587\"},\"headline\":\"\u0130\u011fneada sel davas\u0131nda karar: \u0130\u015fletme sahibine 18 y\u0131l hapis cezas\u0131 verildi\",\"datePublished\":\"2025-10-17T04:14:08+00:00\",\"mainEntityOfPage\":{\"@id\":\"https:\\\/\\\/memurunsesi.net\\\/index.php\\\/2025\\\/10\\\/17\\\/igneada-sel-davasinda-karar-isletme-sahibine-18-yil-hapis-cezasi-verildi\\\/\"},\"wordCount\":634,\"commentCount\":0,\"publisher\":{\"@id\":\"https:\\\/\\\/memurunsesi.net\\\/#organization\"},\"image\":{\"@id\":\"https:\\\/\\\/memurunsesi.net\\\/index.php\\\/2025\\\/10\\\/17\\\/igneada-sel-davasinda-karar-isletme-sahibine-18-yil-hapis-cezasi-verildi\\\/#primaryimage\"},\"thumbnailUrl\":\"https:\\\/\\\/memurunsesi.net\\\/wp-content\\\/uploads\\\/2025\\\/10\\\/AW560324_01-scaled.jpg\",\"inLanguage\":\"tr\",\"potentialAction\":[{\"@type\":\"CommentAction\",\"name\":\"Comment\",\"target\":[\"https:\\\/\\\/memurunsesi.net\\\/index.php\\\/2025\\\/10\\\/17\\\/igneada-sel-davasinda-karar-isletme-sahibine-18-yil-hapis-cezasi-verildi\\\/#respond\"]}]},{\"@type\":\"WebPage\",\"@id\":\"https:\\\/\\\/memurunsesi.net\\\/index.php\\\/2025\\\/10\\\/17\\\/igneada-sel-davasinda-karar-isletme-sahibine-18-yil-hapis-cezasi-verildi\\\/\",\"url\":\"https:\\\/\\\/memurunsesi.net\\\/index.php\\\/2025\\\/10\\\/17\\\/igneada-sel-davasinda-karar-isletme-sahibine-18-yil-hapis-cezasi-verildi\\\/\",\"name\":\"\u0130\u011fneada sel davas\u0131nda karar: \u0130\u015fletme sahibine 18 y\u0131l hapis cezas\u0131 verildi - Memurun Sesi\",\"isPartOf\":{\"@id\":\"https:\\\/\\\/memurunsesi.net\\\/#website\"},\"primaryImageOfPage\":{\"@id\":\"https:\\\/\\\/memurunsesi.net\\\/index.php\\\/2025\\\/10\\\/17\\\/igneada-sel-davasinda-karar-isletme-sahibine-18-yil-hapis-cezasi-verildi\\\/#primaryimage\"},\"image\":{\"@id\":\"https:\\\/\\\/memurunsesi.net\\\/index.php\\\/2025\\\/10\\\/17\\\/igneada-sel-davasinda-karar-isletme-sahibine-18-yil-hapis-cezasi-verildi\\\/#primaryimage\"},\"thumbnailUrl\":\"https:\\\/\\\/memurunsesi.net\\\/wp-content\\\/uploads\\\/2025\\\/10\\\/AW560324_01-scaled.jpg\",\"datePublished\":\"2025-10-17T04:14:08+00:00\",\"breadcrumb\":{\"@id\":\"https:\\\/\\\/memurunsesi.net\\\/index.php\\\/2025\\\/10\\\/17\\\/igneada-sel-davasinda-karar-isletme-sahibine-18-yil-hapis-cezasi-verildi\\\/#breadcrumb\"},\"inLanguage\":\"tr\",\"potentialAction\":[{\"@type\":\"ReadAction\",\"target\":[\"https:\\\/\\\/memurunsesi.net\\\/index.php\\\/2025\\\/10\\\/17\\\/igneada-sel-davasinda-karar-isletme-sahibine-18-yil-hapis-cezasi-verildi\\\/\"]}]},{\"@type\":\"ImageObject\",\"inLanguage\":\"tr\",\"@id\":\"https:\\\/\\\/memurunsesi.net\\\/index.php\\\/2025\\\/10\\\/17\\\/igneada-sel-davasinda-karar-isletme-sahibine-18-yil-hapis-cezasi-verildi\\\/#primaryimage\",\"url\":\"https:\\\/\\\/memurunsesi.net\\\/wp-content\\\/uploads\\\/2025\\\/10\\\/AW560324_01-scaled.jpg\",\"contentUrl\":\"https:\\\/\\\/memurunsesi.net\\\/wp-content\\\/uploads\\\/2025\\\/10\\\/AW560324_01-scaled.jpg\",\"width\":2560,\"height\":1441,\"caption\":\"M\u00dc\u015eTEK\u0130 SAF\u0130YE YA\u015eA RAHATSIZLANDI (H\u00dcSEY\u0130N \u00c7ANLI\\\/KIRKLAREL\u0130-\u0130HA) K\u0131rklareli'nin Demirk\u00f6y il\u00e7esindeki \u0130\u011fneada'da beldesi yak\u0131nlar\u0131nda 6 ki\u015finin can verdi\u011fi sel felaketine ili\u015fkin davada karar \u00e7\u0131kt\u0131. \u0130\u015fletme sahibi hakk\u0131nda \\\"bilin\u00e7li taksirle birden fazla ki\u015finin \u00f6l\u00fcm\u00fcne ve yaralanmas\u0131na neden olma\\\" su\u00e7undan 18 y\u0131l hapis cezas\u0131 verilirken, 2 san\u0131k da 7 y\u0131l 6'\u015far ay hapis cezas\u0131na \u00e7arpt\u0131r\u0131ld\u0131.\"},{\"@type\":\"BreadcrumbList\",\"@id\":\"https:\\\/\\\/memurunsesi.net\\\/index.php\\\/2025\\\/10\\\/17\\\/igneada-sel-davasinda-karar-isletme-sahibine-18-yil-hapis-cezasi-verildi\\\/#breadcrumb\",\"itemListElement\":[{\"@type\":\"ListItem\",\"position\":1,\"name\":\"Anasayfa\",\"item\":\"https:\\\/\\\/memurunsesi.net\\\/\"},{\"@type\":\"ListItem\",\"position\":2,\"name\":\"\u0130\u011fneada sel davas\u0131nda karar: \u0130\u015fletme sahibine 18 y\u0131l hapis cezas\u0131 verildi\"}]},{\"@type\":\"WebSite\",\"@id\":\"https:\\\/\\\/memurunsesi.net\\\/#website\",\"url\":\"https:\\\/\\\/memurunsesi.net\\\/\",\"name\":\"Memurun Sesi\",\"description\":\"G\u00fcncel ve Do\u011fru Haber\",\"publisher\":{\"@id\":\"https:\\\/\\\/memurunsesi.net\\\/#organization\"},\"potentialAction\":[{\"@type\":\"SearchAction\",\"target\":{\"@type\":\"EntryPoint\",\"urlTemplate\":\"https:\\\/\\\/memurunsesi.net\\\/?s={search_term_string}\"},\"query-input\":{\"@type\":\"PropertyValueSpecification\",\"valueRequired\":true,\"valueName\":\"search_term_string\"}}],\"inLanguage\":\"tr\"},{\"@type\":\"Organization\",\"@id\":\"https:\\\/\\\/memurunsesi.net\\\/#organization\",\"name\":\"Memurun Sesi\",\"url\":\"https:\\\/\\\/memurunsesi.net\\\/\",\"logo\":{\"@type\":\"ImageObject\",\"inLanguage\":\"tr\",\"@id\":\"https:\\\/\\\/memurunsesi.net\\\/#\\\/schema\\\/logo\\\/image\\\/\",\"url\":\"https:\\\/\\\/memurunsesi.net\\\/wp-content\\\/uploads\\\/2025\\\/11\\\/cropped-MEMURUN-SESI.png\",\"contentUrl\":\"https:\\\/\\\/memurunsesi.net\\\/wp-content\\\/uploads\\\/2025\\\/11\\\/cropped-MEMURUN-SESI.png\",\"width\":238,\"height\":57,\"caption\":\"Memurun Sesi\"},\"image\":{\"@id\":\"https:\\\/\\\/memurunsesi.net\\\/#\\\/schema\\\/logo\\\/image\\\/\"},\"sameAs\":[\"https:\\\/\\\/www.facebook.com\\\/unipersen\\\/?locale=tr_TR\",\"https:\\\/\\\/x.com\\\/unipersen\"]},{\"@type\":\"Person\",\"@id\":\"https:\\\/\\\/memurunsesi.net\\\/#\\\/schema\\\/person\\\/f21c2d73b89f6ee1d80b0a1803e38587\",\"name\":\"Memurun Sesi Haber Merkezi\",\"image\":{\"@type\":\"ImageObject\",\"inLanguage\":\"tr\",\"@id\":\"https:\\\/\\\/secure.gravatar.com\\\/avatar\\\/6cf0505f452ee753f485014986fab09a434671d2b919ee76fc541025c5876a70?s=96&d=mm&r=g\",\"url\":\"https:\\\/\\\/secure.gravatar.com\\\/avatar\\\/6cf0505f452ee753f485014986fab09a434671d2b919ee76fc541025c5876a70?s=96&d=mm&r=g\",\"contentUrl\":\"https:\\\/\\\/secure.gravatar.com\\\/avatar\\\/6cf0505f452ee753f485014986fab09a434671d2b919ee76fc541025c5876a70?s=96&d=mm&r=g\",\"caption\":\"Memurun Sesi Haber Merkezi\"},\"sameAs\":[\"https:\\\/\\\/memurunsesi.net\"],\"url\":\"https:\\\/\\\/memurunsesi.net\\\/index.php\\\/author\\\/uniper\\\/\"}]}<\/script>\n<!-- \/ Yoast SEO plugin. -->","yoast_head_json":{"title":"\u0130\u011fneada sel davas\u0131nda karar: \u0130\u015fletme sahibine 18 y\u0131l hapis cezas\u0131 verildi - Memurun Sesi","robots":{"index":"index","follow":"follow","max-snippet":"max-snippet:-1","max-image-preview":"max-image-preview:large","max-video-preview":"max-video-preview:-1"},"canonical":"https:\/\/memurunsesi.net\/index.php\/2025\/10\/17\/igneada-sel-davasinda-karar-isletme-sahibine-18-yil-hapis-cezasi-verildi\/","og_locale":"tr_TR","og_type":"article","og_title":"\u0130\u011fneada sel davas\u0131nda karar: \u0130\u015fletme sahibine 18 y\u0131l hapis cezas\u0131 verildi - Memurun Sesi","og_description":"K\u0131rklareli&#8217;nin Demirk\u00f6y il\u00e7esindeki \u0130\u011fneada&#8217;da beldesi yak\u0131nlar\u0131nda 6 ki\u015finin can verdi\u011fi sel felaketine ili\u015fkin davada karar \u00e7\u0131kt\u0131. \u0130\u015fletme sahibi hakk\u0131nda &#8220;bilin\u00e7li taksirle birden fazla ki\u015finin \u00f6l\u00fcm\u00fcne ve yaralanmas\u0131na neden olma&#8221; su\u00e7undan 18 y\u0131l hapis cezas\u0131 verilirken, 2 san\u0131k da 7 y\u0131l 6&#8217;\u015far ay hapis cezas\u0131na \u00e7arpt\u0131r\u0131ld\u0131. K\u0131rklareli&#8217;nin Demirk\u00f6y il\u00e7esine ba\u011fl\u0131 \u0130\u011fneada beldesinde 5 Eyl\u00fcl 2023&#8217;te kuvvetli [&hellip;]","og_url":"https:\/\/memurunsesi.net\/index.php\/2025\/10\/17\/igneada-sel-davasinda-karar-isletme-sahibine-18-yil-hapis-cezasi-verildi\/","og_site_name":"Memurun Sesi","article_publisher":"https:\/\/www.facebook.com\/unipersen\/?locale=tr_TR","article_published_time":"2025-10-17T04:14:08+00:00","og_image":[{"width":2560,"height":1441,"url":"https:\/\/memurunsesi.net\/wp-content\/uploads\/2025\/10\/AW560324_01-scaled.jpg","type":"image\/jpeg"}],"author":"Memurun Sesi Haber Merkezi","twitter_card":"summary_large_image","twitter_creator":"@unipersen","twitter_site":"@unipersen","twitter_misc":{"Yazan:":"Memurun Sesi Haber Merkezi","Tahmini okuma s\u00fcresi":"1 dakika"},"schema":{"@context":"https:\/\/schema.org","@graph":[{"@type":"Article","@id":"https:\/\/memurunsesi.net\/index.php\/2025\/10\/17\/igneada-sel-davasinda-karar-isletme-sahibine-18-yil-hapis-cezasi-verildi\/#article","isPartOf":{"@id":"https:\/\/memurunsesi.net\/index.php\/2025\/10\/17\/igneada-sel-davasinda-karar-isletme-sahibine-18-yil-hapis-cezasi-verildi\/"},"author":{"name":"Memurun Sesi Haber Merkezi","@id":"https:\/\/memurunsesi.net\/#\/schema\/person\/f21c2d73b89f6ee1d80b0a1803e38587"},"headline":"\u0130\u011fneada sel davas\u0131nda karar: \u0130\u015fletme sahibine 18 y\u0131l hapis cezas\u0131 verildi","datePublished":"2025-10-17T04:14:08+00:00","mainEntityOfPage":{"@id":"https:\/\/memurunsesi.net\/index.php\/2025\/10\/17\/igneada-sel-davasinda-karar-isletme-sahibine-18-yil-hapis-cezasi-verildi\/"},"wordCount":634,"commentCount":0,"publisher":{"@id":"https:\/\/memurunsesi.net\/#organization"},"image":{"@id":"https:\/\/memurunsesi.net\/index.php\/2025\/10\/17\/igneada-sel-davasinda-karar-isletme-sahibine-18-yil-hapis-cezasi-verildi\/#primaryimage"},"thumbnailUrl":"https:\/\/memurunsesi.net\/wp-content\/uploads\/2025\/10\/AW560324_01-scaled.jpg","inLanguage":"tr","potentialAction":[{"@type":"CommentAction","name":"Comment","target":["https:\/\/memurunsesi.net\/index.php\/2025\/10\/17\/igneada-sel-davasinda-karar-isletme-sahibine-18-yil-hapis-cezasi-verildi\/#respond"]}]},{"@type":"WebPage","@id":"https:\/\/memurunsesi.net\/index.php\/2025\/10\/17\/igneada-sel-davasinda-karar-isletme-sahibine-18-yil-hapis-cezasi-verildi\/","url":"https:\/\/memurunsesi.net\/index.php\/2025\/10\/17\/igneada-sel-davasinda-karar-isletme-sahibine-18-yil-hapis-cezasi-verildi\/","name":"\u0130\u011fneada sel davas\u0131nda karar: \u0130\u015fletme sahibine 18 y\u0131l hapis cezas\u0131 verildi - Memurun Sesi","isPartOf":{"@id":"https:\/\/memurunsesi.net\/#website"},"primaryImageOfPage":{"@id":"https:\/\/memurunsesi.net\/index.php\/2025\/10\/17\/igneada-sel-davasinda-karar-isletme-sahibine-18-yil-hapis-cezasi-verildi\/#primaryimage"},"image":{"@id":"https:\/\/memurunsesi.net\/index.php\/2025\/10\/17\/igneada-sel-davasinda-karar-isletme-sahibine-18-yil-hapis-cezasi-verildi\/#primaryimage"},"thumbnailUrl":"https:\/\/memurunsesi.net\/wp-content\/uploads\/2025\/10\/AW560324_01-scaled.jpg","datePublished":"2025-10-17T04:14:08+00:00","breadcrumb":{"@id":"https:\/\/memurunsesi.net\/index.php\/2025\/10\/17\/igneada-sel-davasinda-karar-isletme-sahibine-18-yil-hapis-cezasi-verildi\/#breadcrumb"},"inLanguage":"tr","potentialAction":[{"@type":"ReadAction","target":["https:\/\/memurunsesi.net\/index.php\/2025\/10\/17\/igneada-sel-davasinda-karar-isletme-sahibine-18-yil-hapis-cezasi-verildi\/"]}]},{"@type":"ImageObject","inLanguage":"tr","@id":"https:\/\/memurunsesi.net\/index.php\/2025\/10\/17\/igneada-sel-davasinda-karar-isletme-sahibine-18-yil-hapis-cezasi-verildi\/#primaryimage","url":"https:\/\/memurunsesi.net\/wp-content\/uploads\/2025\/10\/AW560324_01-scaled.jpg","contentUrl":"https:\/\/memurunsesi.net\/wp-content\/uploads\/2025\/10\/AW560324_01-scaled.jpg","width":2560,"height":1441,"caption":"M\u00dc\u015eTEK\u0130 SAF\u0130YE YA\u015eA RAHATSIZLANDI (H\u00dcSEY\u0130N \u00c7ANLI\/KIRKLAREL\u0130-\u0130HA) K\u0131rklareli'nin Demirk\u00f6y il\u00e7esindeki \u0130\u011fneada'da beldesi yak\u0131nlar\u0131nda 6 ki\u015finin can verdi\u011fi sel felaketine ili\u015fkin davada karar \u00e7\u0131kt\u0131. \u0130\u015fletme sahibi hakk\u0131nda \"bilin\u00e7li taksirle birden fazla ki\u015finin \u00f6l\u00fcm\u00fcne ve yaralanmas\u0131na neden olma\" su\u00e7undan 18 y\u0131l hapis cezas\u0131 verilirken, 2 san\u0131k da 7 y\u0131l 6'\u015far ay hapis cezas\u0131na \u00e7arpt\u0131r\u0131ld\u0131."},{"@type":"BreadcrumbList","@id":"https:\/\/memurunsesi.net\/index.php\/2025\/10\/17\/igneada-sel-davasinda-karar-isletme-sahibine-18-yil-hapis-cezasi-verildi\/#breadcrumb","itemListElement":[{"@type":"ListItem","position":1,"name":"Anasayfa","item":"https:\/\/memurunsesi.net\/"},{"@type":"ListItem","position":2,"name":"\u0130\u011fneada sel davas\u0131nda karar: \u0130\u015fletme sahibine 18 y\u0131l hapis cezas\u0131 verildi"}]},{"@type":"WebSite","@id":"https:\/\/memurunsesi.net\/#website","url":"https:\/\/memurunsesi.net\/","name":"Memurun Sesi","description":"G\u00fcncel ve Do\u011fru Haber","publisher":{"@id":"https:\/\/memurunsesi.net\/#organization"},"potentialAction":[{"@type":"SearchAction","target":{"@type":"EntryPoint","urlTemplate":"https:\/\/memurunsesi.net\/?s={search_term_string}"},"query-input":{"@type":"PropertyValueSpecification","valueRequired":true,"valueName":"search_term_string"}}],"inLanguage":"tr"},{"@type":"Organization","@id":"https:\/\/memurunsesi.net\/#organization","name":"Memurun Sesi","url":"https:\/\/memurunsesi.net\/","logo":{"@type":"ImageObject","inLanguage":"tr","@id":"https:\/\/memurunsesi.net\/#\/schema\/logo\/image\/","url":"https:\/\/memurunsesi.net\/wp-content\/uploads\/2025\/11\/cropped-MEMURUN-SESI.png","contentUrl":"https:\/\/memurunsesi.net\/wp-content\/uploads\/2025\/11\/cropped-MEMURUN-SESI.png","width":238,"height":57,"caption":"Memurun Sesi"},"image":{"@id":"https:\/\/memurunsesi.net\/#\/schema\/logo\/image\/"},"sameAs":["https:\/\/www.facebook.com\/unipersen\/?locale=tr_TR","https:\/\/x.com\/unipersen"]},{"@type":"Person","@id":"https:\/\/memurunsesi.net\/#\/schema\/person\/f21c2d73b89f6ee1d80b0a1803e38587","name":"Memurun Sesi Haber Merkezi","image":{"@type":"ImageObject","inLanguage":"tr","@id":"https:\/\/secure.gravatar.com\/avatar\/6cf0505f452ee753f485014986fab09a434671d2b919ee76fc541025c5876a70?s=96&d=mm&r=g","url":"https:\/\/secure.gravatar.com\/avatar\/6cf0505f452ee753f485014986fab09a434671d2b919ee76fc541025c5876a70?s=96&d=mm&r=g","contentUrl":"https:\/\/secure.gravatar.com\/avatar\/6cf0505f452ee753f485014986fab09a434671d2b919ee76fc541025c5876a70?s=96&d=mm&r=g","caption":"Memurun Sesi Haber Merkezi"},"sameAs":["https:\/\/memurunsesi.net"],"url":"https:\/\/memurunsesi.net\/index.php\/author\/uniper\/"}]}},"_links":{"self":[{"href":"https:\/\/memurunsesi.net\/index.php\/wp-json\/wp\/v2\/posts\/13045","targetHints":{"allow":["GET"]}}],"collection":[{"href":"https:\/\/memurunsesi.net\/index.php\/wp-json\/wp\/v2\/posts"}],"about":[{"href":"https:\/\/memurunsesi.net\/index.php\/wp-json\/wp\/v2\/types\/post"}],"author":[{"embeddable":true,"href":"https:\/\/memurunsesi.net\/index.php\/wp-json\/wp\/v2\/users\/1"}],"replies":[{"embeddable":true,"href":"https:\/\/memurunsesi.net\/index.php\/wp-json\/wp\/v2\/comments?post=13045"}],"version-history":[{"count":1,"href":"https:\/\/memurunsesi.net\/index.php\/wp-json\/wp\/v2\/posts\/13045\/revisions"}],"predecessor-version":[{"id":13047,"href":"https:\/\/memurunsesi.net\/index.php\/wp-json\/wp\/v2\/posts\/13045\/revisions\/13047"}],"wp:featuredmedia":[{"embeddable":true,"href":"https:\/\/memurunsesi.net\/index.php\/wp-json\/wp\/v2\/media\/13046"}],"wp:attachment":[{"href":"https:\/\/memurunsesi.net\/index.php\/wp-json\/wp\/v2\/media?parent=13045"}],"wp:term":[{"taxonomy":"category","embeddable":true,"href":"https:\/\/memurunsesi.net\/index.php\/wp-json\/wp\/v2\/categories?post=13045"},{"taxonomy":"post_tag","embeddable":true,"href":"https:\/\/memurunsesi.net\/index.php\/wp-json\/wp\/v2\/tags?post=13045"}],"curies":[{"name":"wp","href":"https:\/\/api.w.org\/{rel}","templated":true}]}}