{"id":13048,"date":"2025-10-17T07:15:14","date_gmt":"2025-10-17T04:15:14","guid":{"rendered":"https:\/\/memurunsesi.net\/?p=13048"},"modified":"2025-10-17T07:15:14","modified_gmt":"2025-10-17T04:15:14","slug":"kirklarelinden-gazzeye-destek-yuruyusu","status":"publish","type":"post","link":"https:\/\/memurunsesi.net\/index.php\/2025\/10\/17\/kirklarelinden-gazzeye-destek-yuruyusu\/","title":{"rendered":"K\u0131rklareli&#8217;nden Gazze&#8217;ye destek y\u00fcr\u00fcy\u00fc\u015f\u00fc"},"content":{"rendered":"<p>   K\u0131rklareli&#8217;nde Gazze&#8217;ye destek y\u00fcr\u00fcy\u00fc\u015f\u00fc yap\u0131ld\u0131, y\u00fcr\u00fcy\u00fc\u015fte metrelerce bayrak a\u00e7\u0131ld\u0131.<br \/>\nK\u0131rklareli&#8217;de Filistin&#8217;e Destek Platformu taraf\u0131ndan Gazze&#8217;ye destek y\u00fcr\u00fcy\u00fc\u015f\u00fc ger\u00e7ekle\u015fti. Karag\u00f6z Park\u0131 \u00f6n\u00fcnde toplanan vatanda\u015flar Millet Bah\u00e7esine y\u00fcr\u00fcd\u00fc. Y\u00fcr\u00fcy\u00fc\u015fte metrelerce T\u00fcrk bayra\u011f\u0131 a\u00e7\u0131ld\u0131, sloganlar at\u0131ld\u0131.<br \/>\n  Millet Bah\u00e7esinde topluluk ad\u0131na bas\u0131n a\u00e7\u0131klamas\u0131 yapan Kadir Metin Akba\u015f, Gazze&#8217;ye destek vermek i\u00e7in y\u00fcr\u00fcd\u00fcklarini ifade ederek Gazze&#8217;nin pazarl\u0131k konsu olmad\u0131\u011f\u0131n\u0131 insanl\u0131k meselesi oldu\u011funu s\u00f6yledi. Akba\u015f, &#8220;Savunmas\u0131z bir halk\u0131n en geli\u015fmi\u015f f\u00fczelerle, bombalarla, silahlarla katledildi. T\u00fcm d\u00fcnya tecrit edilmi\u015f bir halk a\u00e7\u0131kl\u0131kla, susuzlukla, ila\u00e7s\u0131zl\u0131kla bombalar alt\u0131nda ya\u015fam m\u00fccadelesi verdi. Gazzeli \u00e7ocuklar 2 y\u0131l boyunca her gece bombalar alt\u0131nda uyumaya \u00e7al\u0131\u015ft\u0131. Anneler sabah \u00e7\u0131karmay\u0131z endi\u015fesiyle dakikalar sayd\u0131&#8221; dedi.<br \/>\n  A\u00e7\u0131klaman\u0131n ard\u0131ndan dualar edildi. <\/p>\n<p>16.10.2025                                 <\/p>\n","protected":false},"excerpt":{"rendered":"<p>K\u0131rklareli&#8217;nde Gazze&#8217;ye destek y\u00fcr\u00fcy\u00fc\u015f\u00fc yap\u0131ld\u0131, y\u00fcr\u00fcy\u00fc\u015fte metrelerce bayrak a\u00e7\u0131ld\u0131. K\u0131rklareli&#8217;de Filistin&#8217;e Destek Platformu taraf\u0131ndan Gazze&#8217;ye destek y\u00fcr\u00fcy\u00fc\u015f\u00fc ger\u00e7ekle\u015fti. Karag\u00f6z Park\u0131 \u00f6n\u00fcnde toplanan vatanda\u015flar Millet Bah\u00e7esine y\u00fcr\u00fcd\u00fc. Y\u00fcr\u00fcy\u00fc\u015fte metrelerce T\u00fcrk bayra\u011f\u0131 a\u00e7\u0131ld\u0131, sloganlar at\u0131ld\u0131. Millet Bah\u00e7esinde topluluk ad\u0131na bas\u0131n a\u00e7\u0131klamas\u0131 yapan Kadir Metin Akba\u015f, Gazze&#8217;ye destek vermek i\u00e7in y\u00fcr\u00fcd\u00fcklarini ifade ederek Gazze&#8217;nin pazarl\u0131k konsu olmad\u0131\u011f\u0131n\u0131 insanl\u0131k [&hellip;]<\/p>\n","protected":false},"author":1,"featured_media":13049,"comment_status":"open","ping_status":"open","sticky":false,"template":"","format":"standard","meta":{"footnotes":""},"categories":[1],"tags":[],"class_list":["post-13048","post","type-post","status-publish","format-standard","has-post-thumbnail","hentry","category-genel"],"yoast_head":"<!-- This site is optimized with the Yoast SEO plugin v27.4 - https:\/\/yoast.com\/product\/yoast-seo-wordpress\/ -->\n<title>K\u0131rklareli&#039;nden Gazze&#039;ye destek y\u00fcr\u00fcy\u00fc\u015f\u00fc - Memurun Sesi<\/title>\n<meta name=\"robots\" content=\"index, follow, max-snippet:-1, max-image-preview:large, max-video-preview:-1\" \/>\n<link rel=\"canonical\" href=\"https:\/\/memurunsesi.net\/index.php\/2025\/10\/17\/kirklarelinden-gazzeye-destek-yuruyusu\/\" \/>\n<meta property=\"og:locale\" content=\"tr_TR\" \/>\n<meta property=\"og:type\" content=\"article\" \/>\n<meta property=\"og:title\" content=\"K\u0131rklareli&#039;nden Gazze&#039;ye destek y\u00fcr\u00fcy\u00fc\u015f\u00fc - Memurun Sesi\" \/>\n<meta property=\"og:description\" content=\"K\u0131rklareli&#8217;nde Gazze&#8217;ye destek y\u00fcr\u00fcy\u00fc\u015f\u00fc yap\u0131ld\u0131, y\u00fcr\u00fcy\u00fc\u015fte metrelerce bayrak a\u00e7\u0131ld\u0131. K\u0131rklareli&#8217;de Filistin&#8217;e Destek Platformu taraf\u0131ndan Gazze&#8217;ye destek y\u00fcr\u00fcy\u00fc\u015f\u00fc ger\u00e7ekle\u015fti. Karag\u00f6z Park\u0131 \u00f6n\u00fcnde toplanan vatanda\u015flar Millet Bah\u00e7esine y\u00fcr\u00fcd\u00fc. Y\u00fcr\u00fcy\u00fc\u015fte metrelerce T\u00fcrk bayra\u011f\u0131 a\u00e7\u0131ld\u0131, sloganlar at\u0131ld\u0131. Millet Bah\u00e7esinde topluluk ad\u0131na bas\u0131n a\u00e7\u0131klamas\u0131 yapan Kadir Metin Akba\u015f, Gazze&#8217;ye destek vermek i\u00e7in y\u00fcr\u00fcd\u00fcklarini ifade ederek Gazze&#8217;nin pazarl\u0131k konsu olmad\u0131\u011f\u0131n\u0131 insanl\u0131k [&hellip;]\" \/>\n<meta property=\"og:url\" content=\"https:\/\/memurunsesi.net\/index.php\/2025\/10\/17\/kirklarelinden-gazzeye-destek-yuruyusu\/\" \/>\n<meta property=\"og:site_name\" content=\"Memurun Sesi\" \/>\n<meta property=\"article:publisher\" content=\"https:\/\/www.facebook.com\/unipersen\/?locale=tr_TR\" \/>\n<meta property=\"article:published_time\" content=\"2025-10-17T04:15:14+00:00\" \/>\n<meta property=\"og:image\" content=\"https:\/\/memurunsesi.net\/wp-content\/uploads\/2025\/10\/AW560323_01-scaled.jpg\" \/>\n\t<meta property=\"og:image:width\" content=\"2560\" \/>\n\t<meta property=\"og:image:height\" content=\"1441\" \/>\n\t<meta property=\"og:image:type\" content=\"image\/jpeg\" \/>\n<meta name=\"author\" content=\"Memurun Sesi Haber Merkezi\" \/>\n<meta name=\"twitter:card\" content=\"summary_large_image\" \/>\n<meta name=\"twitter:creator\" content=\"@unipersen\" \/>\n<meta name=\"twitter:site\" content=\"@unipersen\" \/>\n<meta name=\"twitter:label1\" content=\"Yazan:\" \/>\n\t<meta name=\"twitter:data1\" content=\"Memurun Sesi Haber Merkezi\" \/>\n<script type=\"application\/ld+json\" class=\"yoast-schema-graph\">{\"@context\":\"https:\\\/\\\/schema.org\",\"@graph\":[{\"@type\":\"Article\",\"@id\":\"https:\\\/\\\/memurunsesi.net\\\/index.php\\\/2025\\\/10\\\/17\\\/kirklarelinden-gazzeye-destek-yuruyusu\\\/#article\",\"isPartOf\":{\"@id\":\"https:\\\/\\\/memurunsesi.net\\\/index.php\\\/2025\\\/10\\\/17\\\/kirklarelinden-gazzeye-destek-yuruyusu\\\/\"},\"author\":{\"name\":\"Memurun Sesi Haber Merkezi\",\"@id\":\"https:\\\/\\\/memurunsesi.net\\\/#\\\/schema\\\/person\\\/f21c2d73b89f6ee1d80b0a1803e38587\"},\"headline\":\"K\u0131rklareli&#8217;nden Gazze&#8217;ye destek y\u00fcr\u00fcy\u00fc\u015f\u00fc\",\"datePublished\":\"2025-10-17T04:15:14+00:00\",\"mainEntityOfPage\":{\"@id\":\"https:\\\/\\\/memurunsesi.net\\\/index.php\\\/2025\\\/10\\\/17\\\/kirklarelinden-gazzeye-destek-yuruyusu\\\/\"},\"wordCount\":180,\"commentCount\":0,\"publisher\":{\"@id\":\"https:\\\/\\\/memurunsesi.net\\\/#organization\"},\"image\":{\"@id\":\"https:\\\/\\\/memurunsesi.net\\\/index.php\\\/2025\\\/10\\\/17\\\/kirklarelinden-gazzeye-destek-yuruyusu\\\/#primaryimage\"},\"thumbnailUrl\":\"https:\\\/\\\/memurunsesi.net\\\/wp-content\\\/uploads\\\/2025\\\/10\\\/AW560323_01-scaled.jpg\",\"inLanguage\":\"tr\",\"potentialAction\":[{\"@type\":\"CommentAction\",\"name\":\"Comment\",\"target\":[\"https:\\\/\\\/memurunsesi.net\\\/index.php\\\/2025\\\/10\\\/17\\\/kirklarelinden-gazzeye-destek-yuruyusu\\\/#respond\"]}]},{\"@type\":\"WebPage\",\"@id\":\"https:\\\/\\\/memurunsesi.net\\\/index.php\\\/2025\\\/10\\\/17\\\/kirklarelinden-gazzeye-destek-yuruyusu\\\/\",\"url\":\"https:\\\/\\\/memurunsesi.net\\\/index.php\\\/2025\\\/10\\\/17\\\/kirklarelinden-gazzeye-destek-yuruyusu\\\/\",\"name\":\"K\u0131rklareli'nden Gazze'ye destek y\u00fcr\u00fcy\u00fc\u015f\u00fc - Memurun Sesi\",\"isPartOf\":{\"@id\":\"https:\\\/\\\/memurunsesi.net\\\/#website\"},\"primaryImageOfPage\":{\"@id\":\"https:\\\/\\\/memurunsesi.net\\\/index.php\\\/2025\\\/10\\\/17\\\/kirklarelinden-gazzeye-destek-yuruyusu\\\/#primaryimage\"},\"image\":{\"@id\":\"https:\\\/\\\/memurunsesi.net\\\/index.php\\\/2025\\\/10\\\/17\\\/kirklarelinden-gazzeye-destek-yuruyusu\\\/#primaryimage\"},\"thumbnailUrl\":\"https:\\\/\\\/memurunsesi.net\\\/wp-content\\\/uploads\\\/2025\\\/10\\\/AW560323_01-scaled.jpg\",\"datePublished\":\"2025-10-17T04:15:14+00:00\",\"breadcrumb\":{\"@id\":\"https:\\\/\\\/memurunsesi.net\\\/index.php\\\/2025\\\/10\\\/17\\\/kirklarelinden-gazzeye-destek-yuruyusu\\\/#breadcrumb\"},\"inLanguage\":\"tr\",\"potentialAction\":[{\"@type\":\"ReadAction\",\"target\":[\"https:\\\/\\\/memurunsesi.net\\\/index.php\\\/2025\\\/10\\\/17\\\/kirklarelinden-gazzeye-destek-yuruyusu\\\/\"]}]},{\"@type\":\"ImageObject\",\"inLanguage\":\"tr\",\"@id\":\"https:\\\/\\\/memurunsesi.net\\\/index.php\\\/2025\\\/10\\\/17\\\/kirklarelinden-gazzeye-destek-yuruyusu\\\/#primaryimage\",\"url\":\"https:\\\/\\\/memurunsesi.net\\\/wp-content\\\/uploads\\\/2025\\\/10\\\/AW560323_01-scaled.jpg\",\"contentUrl\":\"https:\\\/\\\/memurunsesi.net\\\/wp-content\\\/uploads\\\/2025\\\/10\\\/AW560323_01-scaled.jpg\",\"width\":2560,\"height\":1441,\"caption\":\"KIRKLAREL\u0130'NDE GAZZE'YE DESTEK Y\u00dcR\u00dcY\u00dc\u015e\u00dc YAPILDI, Y\u00dcR\u00dcY\u00dc\u015eTE METRELERCE BAYRAK A\u00c7ILDI (H\u00dcSEY\u0130N \u00c7ANLI\\\/KIRKLAREL\u0130-\u0130HA) K\u0131rklareli'nde Gazze'ye destek y\u00fcr\u00fcy\u00fc\u015f\u00fc yap\u0131ld\u0131, y\u00fcr\u00fcy\u00fc\u015fte metrelerce bayrak a\u00e7\u0131ld\u0131.\"},{\"@type\":\"BreadcrumbList\",\"@id\":\"https:\\\/\\\/memurunsesi.net\\\/index.php\\\/2025\\\/10\\\/17\\\/kirklarelinden-gazzeye-destek-yuruyusu\\\/#breadcrumb\",\"itemListElement\":[{\"@type\":\"ListItem\",\"position\":1,\"name\":\"Anasayfa\",\"item\":\"https:\\\/\\\/memurunsesi.net\\\/\"},{\"@type\":\"ListItem\",\"position\":2,\"name\":\"K\u0131rklareli&#8217;nden Gazze&#8217;ye destek y\u00fcr\u00fcy\u00fc\u015f\u00fc\"}]},{\"@type\":\"WebSite\",\"@id\":\"https:\\\/\\\/memurunsesi.net\\\/#website\",\"url\":\"https:\\\/\\\/memurunsesi.net\\\/\",\"name\":\"Memurun Sesi\",\"description\":\"G\u00fcncel ve Do\u011fru Haber\",\"publisher\":{\"@id\":\"https:\\\/\\\/memurunsesi.net\\\/#organization\"},\"potentialAction\":[{\"@type\":\"SearchAction\",\"target\":{\"@type\":\"EntryPoint\",\"urlTemplate\":\"https:\\\/\\\/memurunsesi.net\\\/?s={search_term_string}\"},\"query-input\":{\"@type\":\"PropertyValueSpecification\",\"valueRequired\":true,\"valueName\":\"search_term_string\"}}],\"inLanguage\":\"tr\"},{\"@type\":\"Organization\",\"@id\":\"https:\\\/\\\/memurunsesi.net\\\/#organization\",\"name\":\"Memurun Sesi\",\"url\":\"https:\\\/\\\/memurunsesi.net\\\/\",\"logo\":{\"@type\":\"ImageObject\",\"inLanguage\":\"tr\",\"@id\":\"https:\\\/\\\/memurunsesi.net\\\/#\\\/schema\\\/logo\\\/image\\\/\",\"url\":\"https:\\\/\\\/memurunsesi.net\\\/wp-content\\\/uploads\\\/2025\\\/11\\\/cropped-MEMURUN-SESI.png\",\"contentUrl\":\"https:\\\/\\\/memurunsesi.net\\\/wp-content\\\/uploads\\\/2025\\\/11\\\/cropped-MEMURUN-SESI.png\",\"width\":238,\"height\":57,\"caption\":\"Memurun Sesi\"},\"image\":{\"@id\":\"https:\\\/\\\/memurunsesi.net\\\/#\\\/schema\\\/logo\\\/image\\\/\"},\"sameAs\":[\"https:\\\/\\\/www.facebook.com\\\/unipersen\\\/?locale=tr_TR\",\"https:\\\/\\\/x.com\\\/unipersen\"]},{\"@type\":\"Person\",\"@id\":\"https:\\\/\\\/memurunsesi.net\\\/#\\\/schema\\\/person\\\/f21c2d73b89f6ee1d80b0a1803e38587\",\"name\":\"Memurun Sesi Haber Merkezi\",\"image\":{\"@type\":\"ImageObject\",\"inLanguage\":\"tr\",\"@id\":\"https:\\\/\\\/secure.gravatar.com\\\/avatar\\\/6cf0505f452ee753f485014986fab09a434671d2b919ee76fc541025c5876a70?s=96&d=mm&r=g\",\"url\":\"https:\\\/\\\/secure.gravatar.com\\\/avatar\\\/6cf0505f452ee753f485014986fab09a434671d2b919ee76fc541025c5876a70?s=96&d=mm&r=g\",\"contentUrl\":\"https:\\\/\\\/secure.gravatar.com\\\/avatar\\\/6cf0505f452ee753f485014986fab09a434671d2b919ee76fc541025c5876a70?s=96&d=mm&r=g\",\"caption\":\"Memurun Sesi Haber Merkezi\"},\"sameAs\":[\"https:\\\/\\\/memurunsesi.net\"],\"url\":\"https:\\\/\\\/memurunsesi.net\\\/index.php\\\/author\\\/uniper\\\/\"}]}<\/script>\n<!-- \/ Yoast SEO plugin. -->","yoast_head_json":{"title":"K\u0131rklareli'nden Gazze'ye destek y\u00fcr\u00fcy\u00fc\u015f\u00fc - Memurun Sesi","robots":{"index":"index","follow":"follow","max-snippet":"max-snippet:-1","max-image-preview":"max-image-preview:large","max-video-preview":"max-video-preview:-1"},"canonical":"https:\/\/memurunsesi.net\/index.php\/2025\/10\/17\/kirklarelinden-gazzeye-destek-yuruyusu\/","og_locale":"tr_TR","og_type":"article","og_title":"K\u0131rklareli'nden Gazze'ye destek y\u00fcr\u00fcy\u00fc\u015f\u00fc - Memurun Sesi","og_description":"K\u0131rklareli&#8217;nde Gazze&#8217;ye destek y\u00fcr\u00fcy\u00fc\u015f\u00fc yap\u0131ld\u0131, y\u00fcr\u00fcy\u00fc\u015fte metrelerce bayrak a\u00e7\u0131ld\u0131. K\u0131rklareli&#8217;de Filistin&#8217;e Destek Platformu taraf\u0131ndan Gazze&#8217;ye destek y\u00fcr\u00fcy\u00fc\u015f\u00fc ger\u00e7ekle\u015fti. Karag\u00f6z Park\u0131 \u00f6n\u00fcnde toplanan vatanda\u015flar Millet Bah\u00e7esine y\u00fcr\u00fcd\u00fc. Y\u00fcr\u00fcy\u00fc\u015fte metrelerce T\u00fcrk bayra\u011f\u0131 a\u00e7\u0131ld\u0131, sloganlar at\u0131ld\u0131. Millet Bah\u00e7esinde topluluk ad\u0131na bas\u0131n a\u00e7\u0131klamas\u0131 yapan Kadir Metin Akba\u015f, Gazze&#8217;ye destek vermek i\u00e7in y\u00fcr\u00fcd\u00fcklarini ifade ederek Gazze&#8217;nin pazarl\u0131k konsu olmad\u0131\u011f\u0131n\u0131 insanl\u0131k [&hellip;]","og_url":"https:\/\/memurunsesi.net\/index.php\/2025\/10\/17\/kirklarelinden-gazzeye-destek-yuruyusu\/","og_site_name":"Memurun Sesi","article_publisher":"https:\/\/www.facebook.com\/unipersen\/?locale=tr_TR","article_published_time":"2025-10-17T04:15:14+00:00","og_image":[{"width":2560,"height":1441,"url":"https:\/\/memurunsesi.net\/wp-content\/uploads\/2025\/10\/AW560323_01-scaled.jpg","type":"image\/jpeg"}],"author":"Memurun Sesi Haber Merkezi","twitter_card":"summary_large_image","twitter_creator":"@unipersen","twitter_site":"@unipersen","twitter_misc":{"Yazan:":"Memurun Sesi Haber Merkezi"},"schema":{"@context":"https:\/\/schema.org","@graph":[{"@type":"Article","@id":"https:\/\/memurunsesi.net\/index.php\/2025\/10\/17\/kirklarelinden-gazzeye-destek-yuruyusu\/#article","isPartOf":{"@id":"https:\/\/memurunsesi.net\/index.php\/2025\/10\/17\/kirklarelinden-gazzeye-destek-yuruyusu\/"},"author":{"name":"Memurun Sesi Haber Merkezi","@id":"https:\/\/memurunsesi.net\/#\/schema\/person\/f21c2d73b89f6ee1d80b0a1803e38587"},"headline":"K\u0131rklareli&#8217;nden Gazze&#8217;ye destek y\u00fcr\u00fcy\u00fc\u015f\u00fc","datePublished":"2025-10-17T04:15:14+00:00","mainEntityOfPage":{"@id":"https:\/\/memurunsesi.net\/index.php\/2025\/10\/17\/kirklarelinden-gazzeye-destek-yuruyusu\/"},"wordCount":180,"commentCount":0,"publisher":{"@id":"https:\/\/memurunsesi.net\/#organization"},"image":{"@id":"https:\/\/memurunsesi.net\/index.php\/2025\/10\/17\/kirklarelinden-gazzeye-destek-yuruyusu\/#primaryimage"},"thumbnailUrl":"https:\/\/memurunsesi.net\/wp-content\/uploads\/2025\/10\/AW560323_01-scaled.jpg","inLanguage":"tr","potentialAction":[{"@type":"CommentAction","name":"Comment","target":["https:\/\/memurunsesi.net\/index.php\/2025\/10\/17\/kirklarelinden-gazzeye-destek-yuruyusu\/#respond"]}]},{"@type":"WebPage","@id":"https:\/\/memurunsesi.net\/index.php\/2025\/10\/17\/kirklarelinden-gazzeye-destek-yuruyusu\/","url":"https:\/\/memurunsesi.net\/index.php\/2025\/10\/17\/kirklarelinden-gazzeye-destek-yuruyusu\/","name":"K\u0131rklareli'nden Gazze'ye destek y\u00fcr\u00fcy\u00fc\u015f\u00fc - Memurun Sesi","isPartOf":{"@id":"https:\/\/memurunsesi.net\/#website"},"primaryImageOfPage":{"@id":"https:\/\/memurunsesi.net\/index.php\/2025\/10\/17\/kirklarelinden-gazzeye-destek-yuruyusu\/#primaryimage"},"image":{"@id":"https:\/\/memurunsesi.net\/index.php\/2025\/10\/17\/kirklarelinden-gazzeye-destek-yuruyusu\/#primaryimage"},"thumbnailUrl":"https:\/\/memurunsesi.net\/wp-content\/uploads\/2025\/10\/AW560323_01-scaled.jpg","datePublished":"2025-10-17T04:15:14+00:00","breadcrumb":{"@id":"https:\/\/memurunsesi.net\/index.php\/2025\/10\/17\/kirklarelinden-gazzeye-destek-yuruyusu\/#breadcrumb"},"inLanguage":"tr","potentialAction":[{"@type":"ReadAction","target":["https:\/\/memurunsesi.net\/index.php\/2025\/10\/17\/kirklarelinden-gazzeye-destek-yuruyusu\/"]}]},{"@type":"ImageObject","inLanguage":"tr","@id":"https:\/\/memurunsesi.net\/index.php\/2025\/10\/17\/kirklarelinden-gazzeye-destek-yuruyusu\/#primaryimage","url":"https:\/\/memurunsesi.net\/wp-content\/uploads\/2025\/10\/AW560323_01-scaled.jpg","contentUrl":"https:\/\/memurunsesi.net\/wp-content\/uploads\/2025\/10\/AW560323_01-scaled.jpg","width":2560,"height":1441,"caption":"KIRKLAREL\u0130'NDE GAZZE'YE DESTEK Y\u00dcR\u00dcY\u00dc\u015e\u00dc YAPILDI, Y\u00dcR\u00dcY\u00dc\u015eTE METRELERCE BAYRAK A\u00c7ILDI (H\u00dcSEY\u0130N \u00c7ANLI\/KIRKLAREL\u0130-\u0130HA) K\u0131rklareli'nde Gazze'ye destek y\u00fcr\u00fcy\u00fc\u015f\u00fc yap\u0131ld\u0131, y\u00fcr\u00fcy\u00fc\u015fte metrelerce bayrak a\u00e7\u0131ld\u0131."},{"@type":"BreadcrumbList","@id":"https:\/\/memurunsesi.net\/index.php\/2025\/10\/17\/kirklarelinden-gazzeye-destek-yuruyusu\/#breadcrumb","itemListElement":[{"@type":"ListItem","position":1,"name":"Anasayfa","item":"https:\/\/memurunsesi.net\/"},{"@type":"ListItem","position":2,"name":"K\u0131rklareli&#8217;nden Gazze&#8217;ye destek y\u00fcr\u00fcy\u00fc\u015f\u00fc"}]},{"@type":"WebSite","@id":"https:\/\/memurunsesi.net\/#website","url":"https:\/\/memurunsesi.net\/","name":"Memurun Sesi","description":"G\u00fcncel ve Do\u011fru Haber","publisher":{"@id":"https:\/\/memurunsesi.net\/#organization"},"potentialAction":[{"@type":"SearchAction","target":{"@type":"EntryPoint","urlTemplate":"https:\/\/memurunsesi.net\/?s={search_term_string}"},"query-input":{"@type":"PropertyValueSpecification","valueRequired":true,"valueName":"search_term_string"}}],"inLanguage":"tr"},{"@type":"Organization","@id":"https:\/\/memurunsesi.net\/#organization","name":"Memurun Sesi","url":"https:\/\/memurunsesi.net\/","logo":{"@type":"ImageObject","inLanguage":"tr","@id":"https:\/\/memurunsesi.net\/#\/schema\/logo\/image\/","url":"https:\/\/memurunsesi.net\/wp-content\/uploads\/2025\/11\/cropped-MEMURUN-SESI.png","contentUrl":"https:\/\/memurunsesi.net\/wp-content\/uploads\/2025\/11\/cropped-MEMURUN-SESI.png","width":238,"height":57,"caption":"Memurun Sesi"},"image":{"@id":"https:\/\/memurunsesi.net\/#\/schema\/logo\/image\/"},"sameAs":["https:\/\/www.facebook.com\/unipersen\/?locale=tr_TR","https:\/\/x.com\/unipersen"]},{"@type":"Person","@id":"https:\/\/memurunsesi.net\/#\/schema\/person\/f21c2d73b89f6ee1d80b0a1803e38587","name":"Memurun Sesi Haber Merkezi","image":{"@type":"ImageObject","inLanguage":"tr","@id":"https:\/\/secure.gravatar.com\/avatar\/6cf0505f452ee753f485014986fab09a434671d2b919ee76fc541025c5876a70?s=96&d=mm&r=g","url":"https:\/\/secure.gravatar.com\/avatar\/6cf0505f452ee753f485014986fab09a434671d2b919ee76fc541025c5876a70?s=96&d=mm&r=g","contentUrl":"https:\/\/secure.gravatar.com\/avatar\/6cf0505f452ee753f485014986fab09a434671d2b919ee76fc541025c5876a70?s=96&d=mm&r=g","caption":"Memurun Sesi Haber Merkezi"},"sameAs":["https:\/\/memurunsesi.net"],"url":"https:\/\/memurunsesi.net\/index.php\/author\/uniper\/"}]}},"_links":{"self":[{"href":"https:\/\/memurunsesi.net\/index.php\/wp-json\/wp\/v2\/posts\/13048","targetHints":{"allow":["GET"]}}],"collection":[{"href":"https:\/\/memurunsesi.net\/index.php\/wp-json\/wp\/v2\/posts"}],"about":[{"href":"https:\/\/memurunsesi.net\/index.php\/wp-json\/wp\/v2\/types\/post"}],"author":[{"embeddable":true,"href":"https:\/\/memurunsesi.net\/index.php\/wp-json\/wp\/v2\/users\/1"}],"replies":[{"embeddable":true,"href":"https:\/\/memurunsesi.net\/index.php\/wp-json\/wp\/v2\/comments?post=13048"}],"version-history":[{"count":1,"href":"https:\/\/memurunsesi.net\/index.php\/wp-json\/wp\/v2\/posts\/13048\/revisions"}],"predecessor-version":[{"id":13050,"href":"https:\/\/memurunsesi.net\/index.php\/wp-json\/wp\/v2\/posts\/13048\/revisions\/13050"}],"wp:featuredmedia":[{"embeddable":true,"href":"https:\/\/memurunsesi.net\/index.php\/wp-json\/wp\/v2\/media\/13049"}],"wp:attachment":[{"href":"https:\/\/memurunsesi.net\/index.php\/wp-json\/wp\/v2\/media?parent=13048"}],"wp:term":[{"taxonomy":"category","embeddable":true,"href":"https:\/\/memurunsesi.net\/index.php\/wp-json\/wp\/v2\/categories?post=13048"},{"taxonomy":"post_tag","embeddable":true,"href":"https:\/\/memurunsesi.net\/index.php\/wp-json\/wp\/v2\/tags?post=13048"}],"curies":[{"name":"wp","href":"https:\/\/api.w.org\/{rel}","templated":true}]}}