{"id":13051,"date":"2025-10-17T07:16:16","date_gmt":"2025-10-17T04:16:16","guid":{"rendered":"https:\/\/memurunsesi.net\/?p=13051"},"modified":"2025-10-17T07:16:16","modified_gmt":"2025-10-17T04:16:16","slug":"batmanda-ev-yangini-77-yasindaki-yatalak-hasta-hayatini-kaybetti","status":"publish","type":"post","link":"https:\/\/memurunsesi.net\/index.php\/2025\/10\/17\/batmanda-ev-yangini-77-yasindaki-yatalak-hasta-hayatini-kaybetti\/","title":{"rendered":"Batman&#8217;da ev yang\u0131n\u0131: 77 ya\u015f\u0131ndaki yatalak hasta hayat\u0131n\u0131 kaybetti"},"content":{"rendered":"<p>   Batman&#8217;da bir evde \u00e7\u0131kan yang\u0131nda mahsur kalan ve ekiplerin m\u00fcdahalesiyle g\u00fc\u00e7l\u00fckle kurtar\u0131lan 77 ya\u015f\u0131ndaki yatalak adam, kald\u0131r\u0131ld\u0131\u011f\u0131 hastanede hayat\u0131n\u0131 kaybetti.<br \/>\n  Edinilen bilgilere g\u00f6re, Kuyuba\u015f\u0131 Mahallesi&#8217;nde bulunan konutlardaki 8 katl\u0131 binan\u0131n 4. kat\u0131nda hen\u00fcz belirlenemeyen bir nedenle yang\u0131n \u00e7\u0131kt\u0131. \u00c7ocuk odas\u0131nda ba\u015flayan yang\u0131n k\u0131sa s\u00fcrede t\u00fcm evi sard\u0131. Durumun bildirilmesi \u00fczerine olay yerine \u00e7ok say\u0131da itfaiye ekibi sevk edildi. Olay yerine gelen ekipler \u00fcst katlarda dumandan etkilenen 10 ki\u015fiyi itfaiye merdiveni yard\u0131m\u0131 ile a\u015fa\u011f\u0131 indirdi. Dumandan etkilenen 10 ki\u015fiye olay yerindeki sa\u011fl\u0131k ekipleri taraf\u0131ndan m\u00fcdahale edildi. Yang\u0131n \u00e7\u0131kan evde bulunan 1 \u00e7ocuk, 1 kad\u0131n ve 77 ya\u015f\u0131ndaki yatalak hasta ekipler ve vatanda\u015flar taraf\u0131ndan d\u0131\u015far\u0131 \u00e7\u0131kart\u0131larak Batman E\u011fitim Ara\u015ft\u0131rma Hastanesine kald\u0131r\u0131ld\u0131. Abdulmenaf G\u00f6rn\u00fc, hastanede yap\u0131lan t\u00fcm m\u00fcdahalelere ra\u011fmen kurtar\u0131lamayarak hayat\u0131n\u0131 kaybetti. Yang\u0131n kontrol al\u0131n\u0131rken, olayla ilgili inceleme ba\u015flat\u0131ld\u0131. <\/p>\n<p>16.10.2025                                 <\/p>\n","protected":false},"excerpt":{"rendered":"<p>Batman&#8217;da bir evde \u00e7\u0131kan yang\u0131nda mahsur kalan ve ekiplerin m\u00fcdahalesiyle g\u00fc\u00e7l\u00fckle kurtar\u0131lan 77 ya\u015f\u0131ndaki yatalak adam, kald\u0131r\u0131ld\u0131\u011f\u0131 hastanede hayat\u0131n\u0131 kaybetti. Edinilen bilgilere g\u00f6re, Kuyuba\u015f\u0131 Mahallesi&#8217;nde bulunan konutlardaki 8 katl\u0131 binan\u0131n 4. kat\u0131nda hen\u00fcz belirlenemeyen bir nedenle yang\u0131n \u00e7\u0131kt\u0131. \u00c7ocuk odas\u0131nda ba\u015flayan yang\u0131n k\u0131sa s\u00fcrede t\u00fcm evi sard\u0131. Durumun bildirilmesi \u00fczerine olay yerine \u00e7ok say\u0131da itfaiye [&hellip;]<\/p>\n","protected":false},"author":1,"featured_media":13052,"comment_status":"open","ping_status":"open","sticky":false,"template":"","format":"standard","meta":{"footnotes":""},"categories":[1],"tags":[],"class_list":["post-13051","post","type-post","status-publish","format-standard","has-post-thumbnail","hentry","category-genel"],"yoast_head":"<!-- This site is optimized with the Yoast SEO plugin v27.4 - https:\/\/yoast.com\/product\/yoast-seo-wordpress\/ -->\n<title>Batman&#039;da ev yang\u0131n\u0131: 77 ya\u015f\u0131ndaki yatalak hasta hayat\u0131n\u0131 kaybetti - Memurun Sesi<\/title>\n<meta name=\"robots\" content=\"index, follow, max-snippet:-1, max-image-preview:large, max-video-preview:-1\" \/>\n<link rel=\"canonical\" href=\"https:\/\/memurunsesi.net\/index.php\/2025\/10\/17\/batmanda-ev-yangini-77-yasindaki-yatalak-hasta-hayatini-kaybetti\/\" \/>\n<meta property=\"og:locale\" content=\"tr_TR\" \/>\n<meta property=\"og:type\" content=\"article\" \/>\n<meta property=\"og:title\" content=\"Batman&#039;da ev yang\u0131n\u0131: 77 ya\u015f\u0131ndaki yatalak hasta hayat\u0131n\u0131 kaybetti - Memurun Sesi\" \/>\n<meta property=\"og:description\" content=\"Batman&#8217;da bir evde \u00e7\u0131kan yang\u0131nda mahsur kalan ve ekiplerin m\u00fcdahalesiyle g\u00fc\u00e7l\u00fckle kurtar\u0131lan 77 ya\u015f\u0131ndaki yatalak adam, kald\u0131r\u0131ld\u0131\u011f\u0131 hastanede hayat\u0131n\u0131 kaybetti. Edinilen bilgilere g\u00f6re, Kuyuba\u015f\u0131 Mahallesi&#8217;nde bulunan konutlardaki 8 katl\u0131 binan\u0131n 4. kat\u0131nda hen\u00fcz belirlenemeyen bir nedenle yang\u0131n \u00e7\u0131kt\u0131. \u00c7ocuk odas\u0131nda ba\u015flayan yang\u0131n k\u0131sa s\u00fcrede t\u00fcm evi sard\u0131. Durumun bildirilmesi \u00fczerine olay yerine \u00e7ok say\u0131da itfaiye [&hellip;]\" \/>\n<meta property=\"og:url\" content=\"https:\/\/memurunsesi.net\/index.php\/2025\/10\/17\/batmanda-ev-yangini-77-yasindaki-yatalak-hasta-hayatini-kaybetti\/\" \/>\n<meta property=\"og:site_name\" content=\"Memurun Sesi\" \/>\n<meta property=\"article:publisher\" content=\"https:\/\/www.facebook.com\/unipersen\/?locale=tr_TR\" \/>\n<meta property=\"article:published_time\" content=\"2025-10-17T04:16:16+00:00\" \/>\n<meta property=\"og:image\" content=\"https:\/\/memurunsesi.net\/wp-content\/uploads\/2025\/10\/AW560321_05.jpg\" \/>\n\t<meta property=\"og:image:width\" content=\"1600\" \/>\n\t<meta property=\"og:image:height\" content=\"1204\" \/>\n\t<meta property=\"og:image:type\" content=\"image\/jpeg\" \/>\n<meta name=\"author\" content=\"Memurun Sesi Haber Merkezi\" \/>\n<meta name=\"twitter:card\" content=\"summary_large_image\" \/>\n<meta name=\"twitter:creator\" content=\"@unipersen\" \/>\n<meta name=\"twitter:site\" content=\"@unipersen\" \/>\n<meta name=\"twitter:label1\" content=\"Yazan:\" \/>\n\t<meta name=\"twitter:data1\" content=\"Memurun Sesi Haber Merkezi\" \/>\n\t<meta name=\"twitter:label2\" content=\"Tahmini okuma s\u00fcresi\" \/>\n\t<meta name=\"twitter:data2\" content=\"1 dakika\" \/>\n<script type=\"application\/ld+json\" class=\"yoast-schema-graph\">{\"@context\":\"https:\\\/\\\/schema.org\",\"@graph\":[{\"@type\":\"Article\",\"@id\":\"https:\\\/\\\/memurunsesi.net\\\/index.php\\\/2025\\\/10\\\/17\\\/batmanda-ev-yangini-77-yasindaki-yatalak-hasta-hayatini-kaybetti\\\/#article\",\"isPartOf\":{\"@id\":\"https:\\\/\\\/memurunsesi.net\\\/index.php\\\/2025\\\/10\\\/17\\\/batmanda-ev-yangini-77-yasindaki-yatalak-hasta-hayatini-kaybetti\\\/\"},\"author\":{\"name\":\"Memurun Sesi Haber Merkezi\",\"@id\":\"https:\\\/\\\/memurunsesi.net\\\/#\\\/schema\\\/person\\\/f21c2d73b89f6ee1d80b0a1803e38587\"},\"headline\":\"Batman&#8217;da ev yang\u0131n\u0131: 77 ya\u015f\u0131ndaki yatalak hasta hayat\u0131n\u0131 kaybetti\",\"datePublished\":\"2025-10-17T04:16:16+00:00\",\"mainEntityOfPage\":{\"@id\":\"https:\\\/\\\/memurunsesi.net\\\/index.php\\\/2025\\\/10\\\/17\\\/batmanda-ev-yangini-77-yasindaki-yatalak-hasta-hayatini-kaybetti\\\/\"},\"wordCount\":185,\"commentCount\":0,\"publisher\":{\"@id\":\"https:\\\/\\\/memurunsesi.net\\\/#organization\"},\"image\":{\"@id\":\"https:\\\/\\\/memurunsesi.net\\\/index.php\\\/2025\\\/10\\\/17\\\/batmanda-ev-yangini-77-yasindaki-yatalak-hasta-hayatini-kaybetti\\\/#primaryimage\"},\"thumbnailUrl\":\"https:\\\/\\\/memurunsesi.net\\\/wp-content\\\/uploads\\\/2025\\\/10\\\/AW560321_05.jpg\",\"inLanguage\":\"tr\",\"potentialAction\":[{\"@type\":\"CommentAction\",\"name\":\"Comment\",\"target\":[\"https:\\\/\\\/memurunsesi.net\\\/index.php\\\/2025\\\/10\\\/17\\\/batmanda-ev-yangini-77-yasindaki-yatalak-hasta-hayatini-kaybetti\\\/#respond\"]}]},{\"@type\":\"WebPage\",\"@id\":\"https:\\\/\\\/memurunsesi.net\\\/index.php\\\/2025\\\/10\\\/17\\\/batmanda-ev-yangini-77-yasindaki-yatalak-hasta-hayatini-kaybetti\\\/\",\"url\":\"https:\\\/\\\/memurunsesi.net\\\/index.php\\\/2025\\\/10\\\/17\\\/batmanda-ev-yangini-77-yasindaki-yatalak-hasta-hayatini-kaybetti\\\/\",\"name\":\"Batman'da ev yang\u0131n\u0131: 77 ya\u015f\u0131ndaki yatalak hasta hayat\u0131n\u0131 kaybetti - Memurun Sesi\",\"isPartOf\":{\"@id\":\"https:\\\/\\\/memurunsesi.net\\\/#website\"},\"primaryImageOfPage\":{\"@id\":\"https:\\\/\\\/memurunsesi.net\\\/index.php\\\/2025\\\/10\\\/17\\\/batmanda-ev-yangini-77-yasindaki-yatalak-hasta-hayatini-kaybetti\\\/#primaryimage\"},\"image\":{\"@id\":\"https:\\\/\\\/memurunsesi.net\\\/index.php\\\/2025\\\/10\\\/17\\\/batmanda-ev-yangini-77-yasindaki-yatalak-hasta-hayatini-kaybetti\\\/#primaryimage\"},\"thumbnailUrl\":\"https:\\\/\\\/memurunsesi.net\\\/wp-content\\\/uploads\\\/2025\\\/10\\\/AW560321_05.jpg\",\"datePublished\":\"2025-10-17T04:16:16+00:00\",\"breadcrumb\":{\"@id\":\"https:\\\/\\\/memurunsesi.net\\\/index.php\\\/2025\\\/10\\\/17\\\/batmanda-ev-yangini-77-yasindaki-yatalak-hasta-hayatini-kaybetti\\\/#breadcrumb\"},\"inLanguage\":\"tr\",\"potentialAction\":[{\"@type\":\"ReadAction\",\"target\":[\"https:\\\/\\\/memurunsesi.net\\\/index.php\\\/2025\\\/10\\\/17\\\/batmanda-ev-yangini-77-yasindaki-yatalak-hasta-hayatini-kaybetti\\\/\"]}]},{\"@type\":\"ImageObject\",\"inLanguage\":\"tr\",\"@id\":\"https:\\\/\\\/memurunsesi.net\\\/index.php\\\/2025\\\/10\\\/17\\\/batmanda-ev-yangini-77-yasindaki-yatalak-hasta-hayatini-kaybetti\\\/#primaryimage\",\"url\":\"https:\\\/\\\/memurunsesi.net\\\/wp-content\\\/uploads\\\/2025\\\/10\\\/AW560321_05.jpg\",\"contentUrl\":\"https:\\\/\\\/memurunsesi.net\\\/wp-content\\\/uploads\\\/2025\\\/10\\\/AW560321_05.jpg\",\"width\":1600,\"height\":1204,\"caption\":\"BATMAN'DA MEYDANA GELEN EV YANGININDA EVDE MAHSUR KALAN 77 YA\u015eINDAK\u0130 YA\u015eLI ADAM, EK\u0130PLER\u0130N M\u00dcDAHALES\u0130 \u0130LE G\u00dc\u00c7L\u00dcKLE \u00c7IKARTILDI. HASTANEYE KALDIRILAN 77 YA\u015eINDAK\u0130 ABDULMENAF G\u00d6RN\u00dc, KALDIRILDI\u011eI HASTANEDE M\u00dcDAHALEYE RA\u011eMEN HAYATINI KAYBETT\u0130. (\u015eEHMUS USTABA\u015eI - SELMAN T\u00dcR\\\/BATMAN-\u0130HA) Batman'da bir evde \u00e7\u0131kan yang\u0131nda mahsur kalan ve ekiplerin m\u00fcdahalesiyle g\u00fc\u00e7l\u00fckle kurtar\u0131lan 77 ya\u015f\u0131ndaki yatalak adam, kald\u0131r\u0131ld\u0131\u011f\u0131 hastanede hayat\u0131n\u0131 kaybetti.\"},{\"@type\":\"BreadcrumbList\",\"@id\":\"https:\\\/\\\/memurunsesi.net\\\/index.php\\\/2025\\\/10\\\/17\\\/batmanda-ev-yangini-77-yasindaki-yatalak-hasta-hayatini-kaybetti\\\/#breadcrumb\",\"itemListElement\":[{\"@type\":\"ListItem\",\"position\":1,\"name\":\"Anasayfa\",\"item\":\"https:\\\/\\\/memurunsesi.net\\\/\"},{\"@type\":\"ListItem\",\"position\":2,\"name\":\"Batman&#8217;da ev yang\u0131n\u0131: 77 ya\u015f\u0131ndaki yatalak hasta hayat\u0131n\u0131 kaybetti\"}]},{\"@type\":\"WebSite\",\"@id\":\"https:\\\/\\\/memurunsesi.net\\\/#website\",\"url\":\"https:\\\/\\\/memurunsesi.net\\\/\",\"name\":\"Memurun Sesi\",\"description\":\"G\u00fcncel ve Do\u011fru Haber\",\"publisher\":{\"@id\":\"https:\\\/\\\/memurunsesi.net\\\/#organization\"},\"potentialAction\":[{\"@type\":\"SearchAction\",\"target\":{\"@type\":\"EntryPoint\",\"urlTemplate\":\"https:\\\/\\\/memurunsesi.net\\\/?s={search_term_string}\"},\"query-input\":{\"@type\":\"PropertyValueSpecification\",\"valueRequired\":true,\"valueName\":\"search_term_string\"}}],\"inLanguage\":\"tr\"},{\"@type\":\"Organization\",\"@id\":\"https:\\\/\\\/memurunsesi.net\\\/#organization\",\"name\":\"Memurun Sesi\",\"url\":\"https:\\\/\\\/memurunsesi.net\\\/\",\"logo\":{\"@type\":\"ImageObject\",\"inLanguage\":\"tr\",\"@id\":\"https:\\\/\\\/memurunsesi.net\\\/#\\\/schema\\\/logo\\\/image\\\/\",\"url\":\"https:\\\/\\\/memurunsesi.net\\\/wp-content\\\/uploads\\\/2025\\\/11\\\/cropped-MEMURUN-SESI.png\",\"contentUrl\":\"https:\\\/\\\/memurunsesi.net\\\/wp-content\\\/uploads\\\/2025\\\/11\\\/cropped-MEMURUN-SESI.png\",\"width\":238,\"height\":57,\"caption\":\"Memurun Sesi\"},\"image\":{\"@id\":\"https:\\\/\\\/memurunsesi.net\\\/#\\\/schema\\\/logo\\\/image\\\/\"},\"sameAs\":[\"https:\\\/\\\/www.facebook.com\\\/unipersen\\\/?locale=tr_TR\",\"https:\\\/\\\/x.com\\\/unipersen\"]},{\"@type\":\"Person\",\"@id\":\"https:\\\/\\\/memurunsesi.net\\\/#\\\/schema\\\/person\\\/f21c2d73b89f6ee1d80b0a1803e38587\",\"name\":\"Memurun Sesi Haber Merkezi\",\"image\":{\"@type\":\"ImageObject\",\"inLanguage\":\"tr\",\"@id\":\"https:\\\/\\\/secure.gravatar.com\\\/avatar\\\/6cf0505f452ee753f485014986fab09a434671d2b919ee76fc541025c5876a70?s=96&d=mm&r=g\",\"url\":\"https:\\\/\\\/secure.gravatar.com\\\/avatar\\\/6cf0505f452ee753f485014986fab09a434671d2b919ee76fc541025c5876a70?s=96&d=mm&r=g\",\"contentUrl\":\"https:\\\/\\\/secure.gravatar.com\\\/avatar\\\/6cf0505f452ee753f485014986fab09a434671d2b919ee76fc541025c5876a70?s=96&d=mm&r=g\",\"caption\":\"Memurun Sesi Haber Merkezi\"},\"sameAs\":[\"https:\\\/\\\/memurunsesi.net\"],\"url\":\"https:\\\/\\\/memurunsesi.net\\\/index.php\\\/author\\\/uniper\\\/\"}]}<\/script>\n<!-- \/ Yoast SEO plugin. -->","yoast_head_json":{"title":"Batman'da ev yang\u0131n\u0131: 77 ya\u015f\u0131ndaki yatalak hasta hayat\u0131n\u0131 kaybetti - Memurun Sesi","robots":{"index":"index","follow":"follow","max-snippet":"max-snippet:-1","max-image-preview":"max-image-preview:large","max-video-preview":"max-video-preview:-1"},"canonical":"https:\/\/memurunsesi.net\/index.php\/2025\/10\/17\/batmanda-ev-yangini-77-yasindaki-yatalak-hasta-hayatini-kaybetti\/","og_locale":"tr_TR","og_type":"article","og_title":"Batman'da ev yang\u0131n\u0131: 77 ya\u015f\u0131ndaki yatalak hasta hayat\u0131n\u0131 kaybetti - Memurun Sesi","og_description":"Batman&#8217;da bir evde \u00e7\u0131kan yang\u0131nda mahsur kalan ve ekiplerin m\u00fcdahalesiyle g\u00fc\u00e7l\u00fckle kurtar\u0131lan 77 ya\u015f\u0131ndaki yatalak adam, kald\u0131r\u0131ld\u0131\u011f\u0131 hastanede hayat\u0131n\u0131 kaybetti. Edinilen bilgilere g\u00f6re, Kuyuba\u015f\u0131 Mahallesi&#8217;nde bulunan konutlardaki 8 katl\u0131 binan\u0131n 4. kat\u0131nda hen\u00fcz belirlenemeyen bir nedenle yang\u0131n \u00e7\u0131kt\u0131. \u00c7ocuk odas\u0131nda ba\u015flayan yang\u0131n k\u0131sa s\u00fcrede t\u00fcm evi sard\u0131. Durumun bildirilmesi \u00fczerine olay yerine \u00e7ok say\u0131da itfaiye [&hellip;]","og_url":"https:\/\/memurunsesi.net\/index.php\/2025\/10\/17\/batmanda-ev-yangini-77-yasindaki-yatalak-hasta-hayatini-kaybetti\/","og_site_name":"Memurun Sesi","article_publisher":"https:\/\/www.facebook.com\/unipersen\/?locale=tr_TR","article_published_time":"2025-10-17T04:16:16+00:00","og_image":[{"width":1600,"height":1204,"url":"https:\/\/memurunsesi.net\/wp-content\/uploads\/2025\/10\/AW560321_05.jpg","type":"image\/jpeg"}],"author":"Memurun Sesi Haber Merkezi","twitter_card":"summary_large_image","twitter_creator":"@unipersen","twitter_site":"@unipersen","twitter_misc":{"Yazan:":"Memurun Sesi Haber Merkezi","Tahmini okuma s\u00fcresi":"1 dakika"},"schema":{"@context":"https:\/\/schema.org","@graph":[{"@type":"Article","@id":"https:\/\/memurunsesi.net\/index.php\/2025\/10\/17\/batmanda-ev-yangini-77-yasindaki-yatalak-hasta-hayatini-kaybetti\/#article","isPartOf":{"@id":"https:\/\/memurunsesi.net\/index.php\/2025\/10\/17\/batmanda-ev-yangini-77-yasindaki-yatalak-hasta-hayatini-kaybetti\/"},"author":{"name":"Memurun Sesi Haber Merkezi","@id":"https:\/\/memurunsesi.net\/#\/schema\/person\/f21c2d73b89f6ee1d80b0a1803e38587"},"headline":"Batman&#8217;da ev yang\u0131n\u0131: 77 ya\u015f\u0131ndaki yatalak hasta hayat\u0131n\u0131 kaybetti","datePublished":"2025-10-17T04:16:16+00:00","mainEntityOfPage":{"@id":"https:\/\/memurunsesi.net\/index.php\/2025\/10\/17\/batmanda-ev-yangini-77-yasindaki-yatalak-hasta-hayatini-kaybetti\/"},"wordCount":185,"commentCount":0,"publisher":{"@id":"https:\/\/memurunsesi.net\/#organization"},"image":{"@id":"https:\/\/memurunsesi.net\/index.php\/2025\/10\/17\/batmanda-ev-yangini-77-yasindaki-yatalak-hasta-hayatini-kaybetti\/#primaryimage"},"thumbnailUrl":"https:\/\/memurunsesi.net\/wp-content\/uploads\/2025\/10\/AW560321_05.jpg","inLanguage":"tr","potentialAction":[{"@type":"CommentAction","name":"Comment","target":["https:\/\/memurunsesi.net\/index.php\/2025\/10\/17\/batmanda-ev-yangini-77-yasindaki-yatalak-hasta-hayatini-kaybetti\/#respond"]}]},{"@type":"WebPage","@id":"https:\/\/memurunsesi.net\/index.php\/2025\/10\/17\/batmanda-ev-yangini-77-yasindaki-yatalak-hasta-hayatini-kaybetti\/","url":"https:\/\/memurunsesi.net\/index.php\/2025\/10\/17\/batmanda-ev-yangini-77-yasindaki-yatalak-hasta-hayatini-kaybetti\/","name":"Batman'da ev yang\u0131n\u0131: 77 ya\u015f\u0131ndaki yatalak hasta hayat\u0131n\u0131 kaybetti - Memurun Sesi","isPartOf":{"@id":"https:\/\/memurunsesi.net\/#website"},"primaryImageOfPage":{"@id":"https:\/\/memurunsesi.net\/index.php\/2025\/10\/17\/batmanda-ev-yangini-77-yasindaki-yatalak-hasta-hayatini-kaybetti\/#primaryimage"},"image":{"@id":"https:\/\/memurunsesi.net\/index.php\/2025\/10\/17\/batmanda-ev-yangini-77-yasindaki-yatalak-hasta-hayatini-kaybetti\/#primaryimage"},"thumbnailUrl":"https:\/\/memurunsesi.net\/wp-content\/uploads\/2025\/10\/AW560321_05.jpg","datePublished":"2025-10-17T04:16:16+00:00","breadcrumb":{"@id":"https:\/\/memurunsesi.net\/index.php\/2025\/10\/17\/batmanda-ev-yangini-77-yasindaki-yatalak-hasta-hayatini-kaybetti\/#breadcrumb"},"inLanguage":"tr","potentialAction":[{"@type":"ReadAction","target":["https:\/\/memurunsesi.net\/index.php\/2025\/10\/17\/batmanda-ev-yangini-77-yasindaki-yatalak-hasta-hayatini-kaybetti\/"]}]},{"@type":"ImageObject","inLanguage":"tr","@id":"https:\/\/memurunsesi.net\/index.php\/2025\/10\/17\/batmanda-ev-yangini-77-yasindaki-yatalak-hasta-hayatini-kaybetti\/#primaryimage","url":"https:\/\/memurunsesi.net\/wp-content\/uploads\/2025\/10\/AW560321_05.jpg","contentUrl":"https:\/\/memurunsesi.net\/wp-content\/uploads\/2025\/10\/AW560321_05.jpg","width":1600,"height":1204,"caption":"BATMAN'DA MEYDANA GELEN EV YANGININDA EVDE MAHSUR KALAN 77 YA\u015eINDAK\u0130 YA\u015eLI ADAM, EK\u0130PLER\u0130N M\u00dcDAHALES\u0130 \u0130LE G\u00dc\u00c7L\u00dcKLE \u00c7IKARTILDI. HASTANEYE KALDIRILAN 77 YA\u015eINDAK\u0130 ABDULMENAF G\u00d6RN\u00dc, KALDIRILDI\u011eI HASTANEDE M\u00dcDAHALEYE RA\u011eMEN HAYATINI KAYBETT\u0130. (\u015eEHMUS USTABA\u015eI - SELMAN T\u00dcR\/BATMAN-\u0130HA) Batman'da bir evde \u00e7\u0131kan yang\u0131nda mahsur kalan ve ekiplerin m\u00fcdahalesiyle g\u00fc\u00e7l\u00fckle kurtar\u0131lan 77 ya\u015f\u0131ndaki yatalak adam, kald\u0131r\u0131ld\u0131\u011f\u0131 hastanede hayat\u0131n\u0131 kaybetti."},{"@type":"BreadcrumbList","@id":"https:\/\/memurunsesi.net\/index.php\/2025\/10\/17\/batmanda-ev-yangini-77-yasindaki-yatalak-hasta-hayatini-kaybetti\/#breadcrumb","itemListElement":[{"@type":"ListItem","position":1,"name":"Anasayfa","item":"https:\/\/memurunsesi.net\/"},{"@type":"ListItem","position":2,"name":"Batman&#8217;da ev yang\u0131n\u0131: 77 ya\u015f\u0131ndaki yatalak hasta hayat\u0131n\u0131 kaybetti"}]},{"@type":"WebSite","@id":"https:\/\/memurunsesi.net\/#website","url":"https:\/\/memurunsesi.net\/","name":"Memurun Sesi","description":"G\u00fcncel ve Do\u011fru Haber","publisher":{"@id":"https:\/\/memurunsesi.net\/#organization"},"potentialAction":[{"@type":"SearchAction","target":{"@type":"EntryPoint","urlTemplate":"https:\/\/memurunsesi.net\/?s={search_term_string}"},"query-input":{"@type":"PropertyValueSpecification","valueRequired":true,"valueName":"search_term_string"}}],"inLanguage":"tr"},{"@type":"Organization","@id":"https:\/\/memurunsesi.net\/#organization","name":"Memurun Sesi","url":"https:\/\/memurunsesi.net\/","logo":{"@type":"ImageObject","inLanguage":"tr","@id":"https:\/\/memurunsesi.net\/#\/schema\/logo\/image\/","url":"https:\/\/memurunsesi.net\/wp-content\/uploads\/2025\/11\/cropped-MEMURUN-SESI.png","contentUrl":"https:\/\/memurunsesi.net\/wp-content\/uploads\/2025\/11\/cropped-MEMURUN-SESI.png","width":238,"height":57,"caption":"Memurun Sesi"},"image":{"@id":"https:\/\/memurunsesi.net\/#\/schema\/logo\/image\/"},"sameAs":["https:\/\/www.facebook.com\/unipersen\/?locale=tr_TR","https:\/\/x.com\/unipersen"]},{"@type":"Person","@id":"https:\/\/memurunsesi.net\/#\/schema\/person\/f21c2d73b89f6ee1d80b0a1803e38587","name":"Memurun Sesi Haber Merkezi","image":{"@type":"ImageObject","inLanguage":"tr","@id":"https:\/\/secure.gravatar.com\/avatar\/6cf0505f452ee753f485014986fab09a434671d2b919ee76fc541025c5876a70?s=96&d=mm&r=g","url":"https:\/\/secure.gravatar.com\/avatar\/6cf0505f452ee753f485014986fab09a434671d2b919ee76fc541025c5876a70?s=96&d=mm&r=g","contentUrl":"https:\/\/secure.gravatar.com\/avatar\/6cf0505f452ee753f485014986fab09a434671d2b919ee76fc541025c5876a70?s=96&d=mm&r=g","caption":"Memurun Sesi Haber Merkezi"},"sameAs":["https:\/\/memurunsesi.net"],"url":"https:\/\/memurunsesi.net\/index.php\/author\/uniper\/"}]}},"_links":{"self":[{"href":"https:\/\/memurunsesi.net\/index.php\/wp-json\/wp\/v2\/posts\/13051","targetHints":{"allow":["GET"]}}],"collection":[{"href":"https:\/\/memurunsesi.net\/index.php\/wp-json\/wp\/v2\/posts"}],"about":[{"href":"https:\/\/memurunsesi.net\/index.php\/wp-json\/wp\/v2\/types\/post"}],"author":[{"embeddable":true,"href":"https:\/\/memurunsesi.net\/index.php\/wp-json\/wp\/v2\/users\/1"}],"replies":[{"embeddable":true,"href":"https:\/\/memurunsesi.net\/index.php\/wp-json\/wp\/v2\/comments?post=13051"}],"version-history":[{"count":1,"href":"https:\/\/memurunsesi.net\/index.php\/wp-json\/wp\/v2\/posts\/13051\/revisions"}],"predecessor-version":[{"id":13053,"href":"https:\/\/memurunsesi.net\/index.php\/wp-json\/wp\/v2\/posts\/13051\/revisions\/13053"}],"wp:featuredmedia":[{"embeddable":true,"href":"https:\/\/memurunsesi.net\/index.php\/wp-json\/wp\/v2\/media\/13052"}],"wp:attachment":[{"href":"https:\/\/memurunsesi.net\/index.php\/wp-json\/wp\/v2\/media?parent=13051"}],"wp:term":[{"taxonomy":"category","embeddable":true,"href":"https:\/\/memurunsesi.net\/index.php\/wp-json\/wp\/v2\/categories?post=13051"},{"taxonomy":"post_tag","embeddable":true,"href":"https:\/\/memurunsesi.net\/index.php\/wp-json\/wp\/v2\/tags?post=13051"}],"curies":[{"name":"wp","href":"https:\/\/api.w.org\/{rel}","templated":true}]}}