{"id":13054,"date":"2025-10-18T09:29:25","date_gmt":"2025-10-18T06:29:25","guid":{"rendered":"https:\/\/memurunsesi.net\/?p=13054"},"modified":"2025-10-18T09:29:25","modified_gmt":"2025-10-18T06:29:25","slug":"3-yil-sonra-dus-alip-tiras-olan-barisin-annesi-evladinin-yuva-kurmasi-hayaliyle-yasiyor","status":"publish","type":"post","link":"https:\/\/memurunsesi.net\/index.php\/2025\/10\/18\/3-yil-sonra-dus-alip-tiras-olan-barisin-annesi-evladinin-yuva-kurmasi-hayaliyle-yasiyor\/","title":{"rendered":"3 y\u0131l sonra du\u015f al\u0131p, t\u0131ra\u015f olan Bar\u0131\u015f\u2019\u0131n annesi, evlad\u0131n\u0131n yuva kurmas\u0131 hayaliyle ya\u015f\u0131yor"},"content":{"rendered":"<p>  &#8211; Bar\u0131\u015f \u00d6zbay: &#8220;Ben ilk r\u00f6portajda dedi\u011fim gibi hi\u00e7bir \u015fey yapmak istemiyorum, tedavi olmak istemiyorum&#8221; <\/p>\n<p>  Hatay&#8217;da 3 y\u0131la yak\u0131n s\u00fcredir evden \u00e7\u0131kmayarak sadece telefonla ve bilgisayarla oynayan ve 3 y\u0131l\u0131n ard\u0131ndan ilk defa t\u0131ra\u015f olup d\u0131\u015far\u0131ya \u00e7\u0131kan Bar\u0131\u015f \u00d6zbay\u2019\u0131n annesi, evlad\u0131n\u0131n yuva kurmas\u0131n\u0131 hayal ediyor. Hayat\u0131na m\u00fcdahale edilmesinden rahats\u0131z olan Bar\u0131\u015f \u00d6zbay, &#8220;Ben ilk r\u00f6portajda dedi\u011fim gibi hi\u00e7bir \u015fey yapmak istemiyorum, tedavi olmak istemiyorum&#8221; dedi.<br \/>\n  Kahramanmara\u015f merkezli depremlerde evini kaybeden 50 ya\u015f\u0131ndaki anne Semra \u00d6zbay ve 23 ya\u015f\u0131ndaki o\u011flu Bar\u0131\u015f \u00d6zbay, ya\u015fad\u0131klar\u0131 depremin ard\u0131ndan Defne il\u00e7esinde hayata birlikte tutunuyorlar. Depremde hem evlerini hem yak\u0131nlar\u0131n\u0131 kaybeden aile, \u00fc\u00e7 y\u0131ld\u0131r zorlu bir s\u00fcre\u00e7le m\u00fccadele ediyor. Depremin ard\u0131ndan ya\u015fama hevesini kaybeden ve okudu\u011fu \u00fcniversiteyi yar\u0131da b\u0131rakarak s\u00fcrekli bilgisayar ve cep telefonuyla oynamaya ba\u015flayan Bar\u0131\u015f \u00d6zbay, sanal d\u00fcnyaya ba\u011f\u0131ml\u0131 hale gelerek hayat hikayesiyle T\u00fcrkiye\u2019nin dikkatini \u00e7ekmi\u015fti. Ya\u015famak i\u00e7in gerekli ihtiya\u00e7lar\u0131n\u0131 gideren gen\u00e7 adam; ne du\u015f al\u0131yor ne de t\u0131rnaklar\u0131n\u0131 kesmek gibi \u00f6zel gereksinimlerini yerini getiriyordu. Hatay Valisi Mustafa Masatl\u0131&#8217;n\u0131n talimat\u0131yla harekete ge\u00e7en Aile ve Sosyal Hizmetler M\u00fcd\u00fcrl\u00fc\u011f\u00fc ekipleri, Bar\u0131\u015f\u2019\u0131n yeni hayat\u0131na ba\u015flamas\u0131na y\u00f6nelik ilk ad\u0131m\u0131 atm\u0131\u015ft\u0131. Yakla\u015f\u0131k 3 y\u0131l sonra du\u015f alan, t\u0131ra\u015f olan ve evinden \u00e7\u0131k\u0131p farkl\u0131 bir noktaya giden Bar\u0131\u015f\u2019\u0131n annesi Semra \u00d6zbay\u2019\u0131n y\u00fcz\u00fc evlad\u0131 i\u00e7in g\u00fclmeye ba\u015flad\u0131. Antakya Belediyesi ekipleri, 3 y\u0131l\u0131n ard\u0131ndan yeni hayat yolundaki ilk ad\u0131m\u0131 atan Bar\u0131\u015f ve annesinin ya\u015fad\u0131\u011f\u0131 evi, k\u00f6\u015fe bucak temizledi. Temizli\u011fin ard\u0131ndan Antakya \u0130l\u00e7e Sa\u011fl\u0131k M\u00fcd\u00fcrl\u00fc\u011f\u00fcne ba\u011fl\u0131 Evde Sa\u011fl\u0131k Hizmetlerinden gelen sa\u011fl\u0131k ekipleri, evde \u00e7\u0131kmayan telefon ba\u011f\u0131ml\u0131s\u0131 gen\u00e7ten kanlar alarak muayene etti. Evin temizli\u011fi ve o\u011flunun muayenesi yap\u0131ld\u0131\u011f\u0131ndan mutlu olan anne \u00d6zbay, o\u011flunun zamanla iyile\u015ferek gelecekte evlenip yuva kurmas\u0131n\u0131n hayalini kuruyor. <\/p>\n<p>  &#8220;O\u011flumun bu yeni hali hep hayaldi ama ger\u00e7ek oldu, evlad\u0131m\u0131n eski haline d\u00f6nmesini istiyorum&#8221;<br \/>\n  O\u011flunun yeni g\u00f6r\u00fcn\u00fcm\u00fcne sevindi\u011fini ve hayalinin o\u011flunun evlenip aile kurmas\u0131 oldu\u011funu s\u00f6yleyen anne Semra \u00d6zbay, &#8220;D\u00fcn bir i\u015fim vard\u0131, evden \u00e7\u0131kt\u0131m. Sonradan eve gelince Bar\u0131\u015f&#8217;la ilgili sevin\u00e7li haberleri ald\u0131m. \u00d6nce inanamad\u0131m ama Bar\u0131\u015f eve gelip g\u00f6r\u00fcnce inand\u0131m s\u00fcrpriz oldu.  Ben evde yokken Aile ve Sosyal Hizmetler M\u00fcd\u00fcrl\u00fc\u011f\u00fc ekipleri gelip Bar\u0131\u015f&#8217;\u0131 al\u0131p g\u00f6t\u00fcrd\u00fcler. 3 y\u0131l\u0131n ard\u0131ndan Bar\u0131\u015f&#8217;a banyo yapt\u0131rd\u0131lar ve sa\u00e7 t\u0131ra\u015f\u0131 yap\u0131ld\u0131. Bug\u00fcn \u00f6zel bir doktor gelip kan tahlillerini ald\u0131. \u0130n\u015fallah daha g\u00fczel sonu\u00e7lar olacak. Belediye ekipleri eve gelip temizlediler evi toparlad\u0131lar. O\u011flumun yeni hali s\u00fcper oldu. \u0130n\u015fallah daha iyi olacak. O\u011flumun bu yeni hali hep hayaldi ama ger\u00e7ek oldu, evlad\u0131m\u0131n eski haline d\u00f6nmesini istiyorum. Kendi hayat\u0131n\u0131 ya\u015famas\u0131n\u0131 ve arkada\u015flar\u0131yla birlikte tak\u0131lmas\u0131n\u0131 istiyorum. Kendi hayat\u0131 i\u00e7in m\u00fccadele etmesini istiyorum. Her anne istedi\u011fi gibi hayalim, torun sahibi olmak istiyorum. Hayalim her annenin istedi\u011fi gibi; kendi hayat\u0131na bakmas\u0131n\u0131, g\u00fczel bir d\u00fczen kurmas\u0131na, evlenmesini ve \u00e7oluk \u00e7ocu\u011fa kar\u0131\u015fmas\u0131n\u0131 istiyorum&#8221; dedi.<br \/>\n  &#8220;Ben ilk r\u00f6portajda dedi\u011fim gibi hi\u00e7bir \u015fey yapmak istemiyorum, tedavi olmak istemiyorum&#8221;<br \/>\n Tedavi olmak istemedi\u011fini s\u00f6yleyen Bar\u0131\u015f \u00d6zbay, iyile\u015fince de kendi i\u00e7in bir \u015feyin de\u011fi\u015fmeyece\u011fini belirterek, &#8220;D\u00fcn evde oturuyordum, annem yoktu. Normalde uyand\u0131\u011f\u0131m zaman evde annem olmaz. Birileri gelip zili \u00e7ald\u0131. Zilin \u00e7alan\u0131n Aile ve Sosyal Hizmetler M\u00fcd\u00fcrl\u00fc\u011f\u00fc ekipleri oldu\u011funu d\u00fc\u015f\u00fcnmemi\u015ftim. Normalde kap\u0131y\u0131 \u00e7alanlara a\u00e7mam, \u00e7al\u0131p giderler diye d\u00fc\u015f\u00fcnm\u00fc\u015ft\u00fcm ama gitmediler. Ben de a\u00e7mak zorunda kald\u0131m. Ekip benimle konu\u015fmak istediler. Beni ikna etmeye \u00e7al\u0131\u015ft\u0131lar ama ilk ba\u015fta da ikna olmad\u0131m. Ekipler diren\u00e7 g\u00f6sterdi ve beni ta\u015f\u0131y\u0131p g\u00f6t\u00fcrd\u00fcler. T\u0131ra\u015f oldum, du\u015fumu ald\u0131m sonra eve geri geldim. Bug\u00fcn belediye ekipleri gelip evde temizlik yapt\u0131. Doktorlar eve geldi kan\u0131m\u0131 al\u0131p test yapacaklar ve tansiyonuma bakt\u0131lar. Doktor bir \u015fey s\u00f6ylemedi, sadece kan\u0131m\u0131 ald\u0131lar ve tansiyonumu \u00f6l\u00e7t\u00fcler.  Heyecandan dolay\u0131 tansiyonum biraz y\u00fcksek \u00e7\u0131kt\u0131. Ben ilk r\u00f6portajda dedi\u011fim gibi hi\u00e7bir \u015fey yapmak istemiyorum, tedavi olmak istemiyorum. Herkes sa\u011fl\u0131k sorunumu y\u00fcz\u00fcnden b\u00f6yle oldu\u011fumu d\u00fc\u015f\u00fcn\u00fcyor ama evde oturdu\u011fum i\u00e7in sa\u011fl\u0131k sorunum bu \u015fekilde oldu. \u0130yile\u015fince hi\u00e7bir \u015fey de\u011fi\u015fece\u011fini d\u00fc\u015f\u00fcnm\u00fcyorum. D\u00fc\u015f\u00fcncelerimi hala ayn\u0131 bir \u015fey yapmak istemiyorum. Hayat ya\u015famaya de\u011fmez. Hayat\u0131 ya\u015famaya gerek yok&#8221; \u015feklinde konu\u015ftu.<br \/>\n  &#8220;Annemin hayali hayat\u0131 ya\u015famam\u0131 ve evlenmemi istiyor ama ben \u00f6yle \u015feyler hi\u00e7 d\u00fc\u015f\u00fcnm\u00fcyorum, benden baba olmaz&#8221;<br \/>\n  Annesinin kendisinin evlenip yuva kurmas\u0131n\u0131 istedi\u011fini s\u00f6ylemesi \u00fczerin \u2018Ben \u00f6yle \u015feyler hi\u00e7 d\u00fc\u015f\u00fcnm\u00fcyorum\u2019 cevab\u0131n\u0131 veren Bar\u0131\u015f \u00d6zbay, &#8220;Herkesin hayali ayn\u0131 farkl\u0131 bir \u015fey yok. Annemin hayali hayat\u0131 ya\u015famam\u0131 istiyor ve evlenmemi istiyor. Kendisi torun sahibi olmak istiyor ama ben \u00f6yle \u015feyler hi\u00e7 d\u00fc\u015f\u00fcnm\u00fcyorum. Benden baba olmaz, iyile\u015fince de benden baba olmaz. Dedi\u011fim gibi sa\u011fl\u0131k probleminin d\u00fc\u015f\u00fcncelerimle alakas\u0131 yok. D\u00fc\u015f\u00fcncelerim hi\u00e7bir zaman de\u011fi\u015fmeyecek. Diren\u00e7 g\u00f6sterince ne oldu\u011funu g\u00f6rd\u00fcm art\u0131k diren\u00e7 g\u00f6stermiyorum. Nedenini bilmiyorum ama hayat\u0131 sevmedim. Hayat\u0131ma birileri girebilir ama onlar girene kadar uzun zaman olur. Bu y\u00fczden hayat\u0131n ini\u015flerini hi\u00e7 istemiyorum. S\u00f6yledim s\u00f6zde dedim bir anlam\u0131 yok. Hayat ini\u015fli ve \u00e7\u0131k\u0131\u015fl\u0131 ama ben sadece pes edenlerdenim. Hayat\u0131m o ini\u015fleri \u00e7\u0131k\u0131\u015flar\u0131na de\u011fmiyor i\u015fte. T\u0131ra\u015f oldum ve du\u015f almak beni biraz rahatlatt\u0131. Du\u015f al\u0131p rahatlamamak imkans\u0131z zaten. Yeni bir \u015fey hissetmedim hala ayn\u0131 \u015fekilde hissediyorum. \u00d6nceden de g\u00fczel hissediyordum \u015fimdi de g\u00fczel hissediyorum. Bedava t\u0131ra\u015f oldum&#8221; ifadelerini kulland\u0131. <\/p>\n<p>18.10.2025                                  <\/p>\n","protected":false},"excerpt":{"rendered":"<p>&#8211; Bar\u0131\u015f \u00d6zbay: &#8220;Ben ilk r\u00f6portajda dedi\u011fim gibi hi\u00e7bir \u015fey yapmak istemiyorum, tedavi olmak istemiyorum&#8221; Hatay&#8217;da 3 y\u0131la yak\u0131n s\u00fcredir evden \u00e7\u0131kmayarak sadece telefonla ve bilgisayarla oynayan ve 3 y\u0131l\u0131n ard\u0131ndan ilk defa t\u0131ra\u015f olup d\u0131\u015far\u0131ya \u00e7\u0131kan Bar\u0131\u015f \u00d6zbay\u2019\u0131n annesi, evlad\u0131n\u0131n yuva kurmas\u0131n\u0131 hayal ediyor. Hayat\u0131na m\u00fcdahale edilmesinden rahats\u0131z olan Bar\u0131\u015f \u00d6zbay, &#8220;Ben ilk r\u00f6portajda [&hellip;]<\/p>\n","protected":false},"author":1,"featured_media":13055,"comment_status":"open","ping_status":"open","sticky":false,"template":"","format":"standard","meta":{"footnotes":""},"categories":[50],"tags":[],"class_list":["post-13054","post","type-post","status-publish","format-standard","has-post-thumbnail","hentry","category-tum-haberler"],"yoast_head":"<!-- This site is optimized with the Yoast SEO plugin v27.4 - https:\/\/yoast.com\/product\/yoast-seo-wordpress\/ -->\n<title>3 y\u0131l sonra du\u015f al\u0131p, t\u0131ra\u015f olan Bar\u0131\u015f\u2019\u0131n annesi, evlad\u0131n\u0131n yuva kurmas\u0131 hayaliyle ya\u015f\u0131yor - Memurun Sesi<\/title>\n<meta name=\"robots\" content=\"index, follow, max-snippet:-1, max-image-preview:large, max-video-preview:-1\" \/>\n<link rel=\"canonical\" href=\"https:\/\/memurunsesi.net\/index.php\/2025\/10\/18\/3-yil-sonra-dus-alip-tiras-olan-barisin-annesi-evladinin-yuva-kurmasi-hayaliyle-yasiyor\/\" \/>\n<meta property=\"og:locale\" content=\"tr_TR\" \/>\n<meta property=\"og:type\" content=\"article\" \/>\n<meta property=\"og:title\" content=\"3 y\u0131l sonra du\u015f al\u0131p, t\u0131ra\u015f olan Bar\u0131\u015f\u2019\u0131n annesi, evlad\u0131n\u0131n yuva kurmas\u0131 hayaliyle ya\u015f\u0131yor - Memurun Sesi\" \/>\n<meta property=\"og:description\" content=\"&#8211; Bar\u0131\u015f \u00d6zbay: &#8220;Ben ilk r\u00f6portajda dedi\u011fim gibi hi\u00e7bir \u015fey yapmak istemiyorum, tedavi olmak istemiyorum&#8221; Hatay&#8217;da 3 y\u0131la yak\u0131n s\u00fcredir evden \u00e7\u0131kmayarak sadece telefonla ve bilgisayarla oynayan ve 3 y\u0131l\u0131n ard\u0131ndan ilk defa t\u0131ra\u015f olup d\u0131\u015far\u0131ya \u00e7\u0131kan Bar\u0131\u015f \u00d6zbay\u2019\u0131n annesi, evlad\u0131n\u0131n yuva kurmas\u0131n\u0131 hayal ediyor. Hayat\u0131na m\u00fcdahale edilmesinden rahats\u0131z olan Bar\u0131\u015f \u00d6zbay, &#8220;Ben ilk r\u00f6portajda [&hellip;]\" \/>\n<meta property=\"og:url\" content=\"https:\/\/memurunsesi.net\/index.php\/2025\/10\/18\/3-yil-sonra-dus-alip-tiras-olan-barisin-annesi-evladinin-yuva-kurmasi-hayaliyle-yasiyor\/\" \/>\n<meta property=\"og:site_name\" content=\"Memurun Sesi\" \/>\n<meta property=\"article:publisher\" content=\"https:\/\/www.facebook.com\/unipersen\/?locale=tr_TR\" \/>\n<meta property=\"article:published_time\" content=\"2025-10-18T06:29:25+00:00\" \/>\n<meta property=\"og:image\" content=\"https:\/\/memurunsesi.net\/wp-content\/uploads\/2025\/10\/AW561130_01-scaled.jpg\" \/>\n\t<meta property=\"og:image:width\" content=\"2560\" \/>\n\t<meta property=\"og:image:height\" content=\"1707\" \/>\n\t<meta property=\"og:image:type\" content=\"image\/jpeg\" \/>\n<meta name=\"author\" content=\"Memurun Sesi Haber Merkezi\" \/>\n<meta name=\"twitter:card\" content=\"summary_large_image\" \/>\n<meta name=\"twitter:creator\" content=\"@unipersen\" \/>\n<meta name=\"twitter:site\" content=\"@unipersen\" \/>\n<meta name=\"twitter:label1\" content=\"Yazan:\" \/>\n\t<meta name=\"twitter:data1\" content=\"Memurun Sesi Haber Merkezi\" \/>\n\t<meta name=\"twitter:label2\" content=\"Tahmini okuma s\u00fcresi\" \/>\n\t<meta name=\"twitter:data2\" content=\"1 dakika\" \/>\n<script type=\"application\/ld+json\" class=\"yoast-schema-graph\">{\"@context\":\"https:\\\/\\\/schema.org\",\"@graph\":[{\"@type\":\"Article\",\"@id\":\"https:\\\/\\\/memurunsesi.net\\\/index.php\\\/2025\\\/10\\\/18\\\/3-yil-sonra-dus-alip-tiras-olan-barisin-annesi-evladinin-yuva-kurmasi-hayaliyle-yasiyor\\\/#article\",\"isPartOf\":{\"@id\":\"https:\\\/\\\/memurunsesi.net\\\/index.php\\\/2025\\\/10\\\/18\\\/3-yil-sonra-dus-alip-tiras-olan-barisin-annesi-evladinin-yuva-kurmasi-hayaliyle-yasiyor\\\/\"},\"author\":{\"name\":\"Memurun Sesi Haber Merkezi\",\"@id\":\"https:\\\/\\\/memurunsesi.net\\\/#\\\/schema\\\/person\\\/f21c2d73b89f6ee1d80b0a1803e38587\"},\"headline\":\"3 y\u0131l sonra du\u015f al\u0131p, t\u0131ra\u015f olan Bar\u0131\u015f\u2019\u0131n annesi, evlad\u0131n\u0131n yuva kurmas\u0131 hayaliyle ya\u015f\u0131yor\",\"datePublished\":\"2025-10-18T06:29:25+00:00\",\"mainEntityOfPage\":{\"@id\":\"https:\\\/\\\/memurunsesi.net\\\/index.php\\\/2025\\\/10\\\/18\\\/3-yil-sonra-dus-alip-tiras-olan-barisin-annesi-evladinin-yuva-kurmasi-hayaliyle-yasiyor\\\/\"},\"wordCount\":1073,\"commentCount\":0,\"publisher\":{\"@id\":\"https:\\\/\\\/memurunsesi.net\\\/#organization\"},\"image\":{\"@id\":\"https:\\\/\\\/memurunsesi.net\\\/index.php\\\/2025\\\/10\\\/18\\\/3-yil-sonra-dus-alip-tiras-olan-barisin-annesi-evladinin-yuva-kurmasi-hayaliyle-yasiyor\\\/#primaryimage\"},\"thumbnailUrl\":\"https:\\\/\\\/memurunsesi.net\\\/wp-content\\\/uploads\\\/2025\\\/10\\\/AW561130_01-scaled.jpg\",\"articleSection\":[\"T\u00fcm Haberler\"],\"inLanguage\":\"tr\",\"potentialAction\":[{\"@type\":\"CommentAction\",\"name\":\"Comment\",\"target\":[\"https:\\\/\\\/memurunsesi.net\\\/index.php\\\/2025\\\/10\\\/18\\\/3-yil-sonra-dus-alip-tiras-olan-barisin-annesi-evladinin-yuva-kurmasi-hayaliyle-yasiyor\\\/#respond\"]}]},{\"@type\":\"WebPage\",\"@id\":\"https:\\\/\\\/memurunsesi.net\\\/index.php\\\/2025\\\/10\\\/18\\\/3-yil-sonra-dus-alip-tiras-olan-barisin-annesi-evladinin-yuva-kurmasi-hayaliyle-yasiyor\\\/\",\"url\":\"https:\\\/\\\/memurunsesi.net\\\/index.php\\\/2025\\\/10\\\/18\\\/3-yil-sonra-dus-alip-tiras-olan-barisin-annesi-evladinin-yuva-kurmasi-hayaliyle-yasiyor\\\/\",\"name\":\"3 y\u0131l sonra du\u015f al\u0131p, t\u0131ra\u015f olan Bar\u0131\u015f\u2019\u0131n annesi, evlad\u0131n\u0131n yuva kurmas\u0131 hayaliyle ya\u015f\u0131yor - Memurun Sesi\",\"isPartOf\":{\"@id\":\"https:\\\/\\\/memurunsesi.net\\\/#website\"},\"primaryImageOfPage\":{\"@id\":\"https:\\\/\\\/memurunsesi.net\\\/index.php\\\/2025\\\/10\\\/18\\\/3-yil-sonra-dus-alip-tiras-olan-barisin-annesi-evladinin-yuva-kurmasi-hayaliyle-yasiyor\\\/#primaryimage\"},\"image\":{\"@id\":\"https:\\\/\\\/memurunsesi.net\\\/index.php\\\/2025\\\/10\\\/18\\\/3-yil-sonra-dus-alip-tiras-olan-barisin-annesi-evladinin-yuva-kurmasi-hayaliyle-yasiyor\\\/#primaryimage\"},\"thumbnailUrl\":\"https:\\\/\\\/memurunsesi.net\\\/wp-content\\\/uploads\\\/2025\\\/10\\\/AW561130_01-scaled.jpg\",\"datePublished\":\"2025-10-18T06:29:25+00:00\",\"breadcrumb\":{\"@id\":\"https:\\\/\\\/memurunsesi.net\\\/index.php\\\/2025\\\/10\\\/18\\\/3-yil-sonra-dus-alip-tiras-olan-barisin-annesi-evladinin-yuva-kurmasi-hayaliyle-yasiyor\\\/#breadcrumb\"},\"inLanguage\":\"tr\",\"potentialAction\":[{\"@type\":\"ReadAction\",\"target\":[\"https:\\\/\\\/memurunsesi.net\\\/index.php\\\/2025\\\/10\\\/18\\\/3-yil-sonra-dus-alip-tiras-olan-barisin-annesi-evladinin-yuva-kurmasi-hayaliyle-yasiyor\\\/\"]}]},{\"@type\":\"ImageObject\",\"inLanguage\":\"tr\",\"@id\":\"https:\\\/\\\/memurunsesi.net\\\/index.php\\\/2025\\\/10\\\/18\\\/3-yil-sonra-dus-alip-tiras-olan-barisin-annesi-evladinin-yuva-kurmasi-hayaliyle-yasiyor\\\/#primaryimage\",\"url\":\"https:\\\/\\\/memurunsesi.net\\\/wp-content\\\/uploads\\\/2025\\\/10\\\/AW561130_01-scaled.jpg\",\"contentUrl\":\"https:\\\/\\\/memurunsesi.net\\\/wp-content\\\/uploads\\\/2025\\\/10\\\/AW561130_01-scaled.jpg\",\"width\":2560,\"height\":1707,\"caption\":\"HATAY'DA 3 YILA YAKIN S\u00dcRED\u0130R EVDEN \u00c7IKMAYARAK SADECE TELEFONLA VE B\u0130LG\u0130SAYARLA OYNAYAN 23 YA\u015eINDAK\u0130 GEN\u00c7, 3 YILIN ARDINDAN \u0130LK DEFA DI\u015eARIYA \u00c7IKTI\u011eI G\u00dcNDE; HEM TIRA\u015e OLDU HEM DE BANYO YAPTI. BARI\u015e'IN YILLAR SONRA BAKIMINI YAPMASINA SEV\u0130NEN ANNES\u0130 SEMRA \u00d6ZBAY, GELECEKTE O\u011eLUNUN EVLEN\u0130P \u00c7OLUK \u00c7OCU\u011eA KARI\u015eMASININ HAYAL\u0130N\u0130 KURUYOR. (RAMAZAN \u0130LIN - VEYSEL KORKMAZ\\\/HATAY-\u0130HA) Hatay'da 3 y\u0131la yak\u0131n s\u00fcredir evden \u00e7\u0131kmayarak sadece telefonla ve bilgisayarla oynayan ve 3 y\u0131l\u0131n ard\u0131ndan ilk defa t\u0131ra\u015f olup d\u0131\u015far\u0131ya \u00e7\u0131kan Bar\u0131\u015f \u00d6zbay'\u0131n annesi, evlad\u0131n\u0131n yuva kurmas\u0131n\u0131 hayal ediyor. Hayat\u0131na m\u00fcdahale edilmesinden rahats\u0131z olan Bar\u0131\u015f \u00d6zbay, \\\"Ben ilk r\u00f6portajda dedi\u011fim gibi hi\u00e7bir \u015fey yapmak istemiyorum, tedavi olmak istemiyorum\\\" dedi.\"},{\"@type\":\"BreadcrumbList\",\"@id\":\"https:\\\/\\\/memurunsesi.net\\\/index.php\\\/2025\\\/10\\\/18\\\/3-yil-sonra-dus-alip-tiras-olan-barisin-annesi-evladinin-yuva-kurmasi-hayaliyle-yasiyor\\\/#breadcrumb\",\"itemListElement\":[{\"@type\":\"ListItem\",\"position\":1,\"name\":\"Anasayfa\",\"item\":\"https:\\\/\\\/memurunsesi.net\\\/\"},{\"@type\":\"ListItem\",\"position\":2,\"name\":\"3 y\u0131l sonra du\u015f al\u0131p, t\u0131ra\u015f olan Bar\u0131\u015f\u2019\u0131n annesi, evlad\u0131n\u0131n yuva kurmas\u0131 hayaliyle ya\u015f\u0131yor\"}]},{\"@type\":\"WebSite\",\"@id\":\"https:\\\/\\\/memurunsesi.net\\\/#website\",\"url\":\"https:\\\/\\\/memurunsesi.net\\\/\",\"name\":\"Memurun Sesi\",\"description\":\"G\u00fcncel ve Do\u011fru Haber\",\"publisher\":{\"@id\":\"https:\\\/\\\/memurunsesi.net\\\/#organization\"},\"potentialAction\":[{\"@type\":\"SearchAction\",\"target\":{\"@type\":\"EntryPoint\",\"urlTemplate\":\"https:\\\/\\\/memurunsesi.net\\\/?s={search_term_string}\"},\"query-input\":{\"@type\":\"PropertyValueSpecification\",\"valueRequired\":true,\"valueName\":\"search_term_string\"}}],\"inLanguage\":\"tr\"},{\"@type\":\"Organization\",\"@id\":\"https:\\\/\\\/memurunsesi.net\\\/#organization\",\"name\":\"Memurun Sesi\",\"url\":\"https:\\\/\\\/memurunsesi.net\\\/\",\"logo\":{\"@type\":\"ImageObject\",\"inLanguage\":\"tr\",\"@id\":\"https:\\\/\\\/memurunsesi.net\\\/#\\\/schema\\\/logo\\\/image\\\/\",\"url\":\"https:\\\/\\\/memurunsesi.net\\\/wp-content\\\/uploads\\\/2025\\\/11\\\/cropped-MEMURUN-SESI.png\",\"contentUrl\":\"https:\\\/\\\/memurunsesi.net\\\/wp-content\\\/uploads\\\/2025\\\/11\\\/cropped-MEMURUN-SESI.png\",\"width\":238,\"height\":57,\"caption\":\"Memurun Sesi\"},\"image\":{\"@id\":\"https:\\\/\\\/memurunsesi.net\\\/#\\\/schema\\\/logo\\\/image\\\/\"},\"sameAs\":[\"https:\\\/\\\/www.facebook.com\\\/unipersen\\\/?locale=tr_TR\",\"https:\\\/\\\/x.com\\\/unipersen\"]},{\"@type\":\"Person\",\"@id\":\"https:\\\/\\\/memurunsesi.net\\\/#\\\/schema\\\/person\\\/f21c2d73b89f6ee1d80b0a1803e38587\",\"name\":\"Memurun Sesi Haber Merkezi\",\"image\":{\"@type\":\"ImageObject\",\"inLanguage\":\"tr\",\"@id\":\"https:\\\/\\\/secure.gravatar.com\\\/avatar\\\/6cf0505f452ee753f485014986fab09a434671d2b919ee76fc541025c5876a70?s=96&d=mm&r=g\",\"url\":\"https:\\\/\\\/secure.gravatar.com\\\/avatar\\\/6cf0505f452ee753f485014986fab09a434671d2b919ee76fc541025c5876a70?s=96&d=mm&r=g\",\"contentUrl\":\"https:\\\/\\\/secure.gravatar.com\\\/avatar\\\/6cf0505f452ee753f485014986fab09a434671d2b919ee76fc541025c5876a70?s=96&d=mm&r=g\",\"caption\":\"Memurun Sesi Haber Merkezi\"},\"sameAs\":[\"https:\\\/\\\/memurunsesi.net\"],\"url\":\"https:\\\/\\\/memurunsesi.net\\\/index.php\\\/author\\\/uniper\\\/\"}]}<\/script>\n<!-- \/ Yoast SEO plugin. -->","yoast_head_json":{"title":"3 y\u0131l sonra du\u015f al\u0131p, t\u0131ra\u015f olan Bar\u0131\u015f\u2019\u0131n annesi, evlad\u0131n\u0131n yuva kurmas\u0131 hayaliyle ya\u015f\u0131yor - Memurun Sesi","robots":{"index":"index","follow":"follow","max-snippet":"max-snippet:-1","max-image-preview":"max-image-preview:large","max-video-preview":"max-video-preview:-1"},"canonical":"https:\/\/memurunsesi.net\/index.php\/2025\/10\/18\/3-yil-sonra-dus-alip-tiras-olan-barisin-annesi-evladinin-yuva-kurmasi-hayaliyle-yasiyor\/","og_locale":"tr_TR","og_type":"article","og_title":"3 y\u0131l sonra du\u015f al\u0131p, t\u0131ra\u015f olan Bar\u0131\u015f\u2019\u0131n annesi, evlad\u0131n\u0131n yuva kurmas\u0131 hayaliyle ya\u015f\u0131yor - Memurun Sesi","og_description":"&#8211; Bar\u0131\u015f \u00d6zbay: &#8220;Ben ilk r\u00f6portajda dedi\u011fim gibi hi\u00e7bir \u015fey yapmak istemiyorum, tedavi olmak istemiyorum&#8221; Hatay&#8217;da 3 y\u0131la yak\u0131n s\u00fcredir evden \u00e7\u0131kmayarak sadece telefonla ve bilgisayarla oynayan ve 3 y\u0131l\u0131n ard\u0131ndan ilk defa t\u0131ra\u015f olup d\u0131\u015far\u0131ya \u00e7\u0131kan Bar\u0131\u015f \u00d6zbay\u2019\u0131n annesi, evlad\u0131n\u0131n yuva kurmas\u0131n\u0131 hayal ediyor. Hayat\u0131na m\u00fcdahale edilmesinden rahats\u0131z olan Bar\u0131\u015f \u00d6zbay, &#8220;Ben ilk r\u00f6portajda [&hellip;]","og_url":"https:\/\/memurunsesi.net\/index.php\/2025\/10\/18\/3-yil-sonra-dus-alip-tiras-olan-barisin-annesi-evladinin-yuva-kurmasi-hayaliyle-yasiyor\/","og_site_name":"Memurun Sesi","article_publisher":"https:\/\/www.facebook.com\/unipersen\/?locale=tr_TR","article_published_time":"2025-10-18T06:29:25+00:00","og_image":[{"width":2560,"height":1707,"url":"https:\/\/memurunsesi.net\/wp-content\/uploads\/2025\/10\/AW561130_01-scaled.jpg","type":"image\/jpeg"}],"author":"Memurun Sesi Haber Merkezi","twitter_card":"summary_large_image","twitter_creator":"@unipersen","twitter_site":"@unipersen","twitter_misc":{"Yazan:":"Memurun Sesi Haber Merkezi","Tahmini okuma s\u00fcresi":"1 dakika"},"schema":{"@context":"https:\/\/schema.org","@graph":[{"@type":"Article","@id":"https:\/\/memurunsesi.net\/index.php\/2025\/10\/18\/3-yil-sonra-dus-alip-tiras-olan-barisin-annesi-evladinin-yuva-kurmasi-hayaliyle-yasiyor\/#article","isPartOf":{"@id":"https:\/\/memurunsesi.net\/index.php\/2025\/10\/18\/3-yil-sonra-dus-alip-tiras-olan-barisin-annesi-evladinin-yuva-kurmasi-hayaliyle-yasiyor\/"},"author":{"name":"Memurun Sesi Haber Merkezi","@id":"https:\/\/memurunsesi.net\/#\/schema\/person\/f21c2d73b89f6ee1d80b0a1803e38587"},"headline":"3 y\u0131l sonra du\u015f al\u0131p, t\u0131ra\u015f olan Bar\u0131\u015f\u2019\u0131n annesi, evlad\u0131n\u0131n yuva kurmas\u0131 hayaliyle ya\u015f\u0131yor","datePublished":"2025-10-18T06:29:25+00:00","mainEntityOfPage":{"@id":"https:\/\/memurunsesi.net\/index.php\/2025\/10\/18\/3-yil-sonra-dus-alip-tiras-olan-barisin-annesi-evladinin-yuva-kurmasi-hayaliyle-yasiyor\/"},"wordCount":1073,"commentCount":0,"publisher":{"@id":"https:\/\/memurunsesi.net\/#organization"},"image":{"@id":"https:\/\/memurunsesi.net\/index.php\/2025\/10\/18\/3-yil-sonra-dus-alip-tiras-olan-barisin-annesi-evladinin-yuva-kurmasi-hayaliyle-yasiyor\/#primaryimage"},"thumbnailUrl":"https:\/\/memurunsesi.net\/wp-content\/uploads\/2025\/10\/AW561130_01-scaled.jpg","articleSection":["T\u00fcm Haberler"],"inLanguage":"tr","potentialAction":[{"@type":"CommentAction","name":"Comment","target":["https:\/\/memurunsesi.net\/index.php\/2025\/10\/18\/3-yil-sonra-dus-alip-tiras-olan-barisin-annesi-evladinin-yuva-kurmasi-hayaliyle-yasiyor\/#respond"]}]},{"@type":"WebPage","@id":"https:\/\/memurunsesi.net\/index.php\/2025\/10\/18\/3-yil-sonra-dus-alip-tiras-olan-barisin-annesi-evladinin-yuva-kurmasi-hayaliyle-yasiyor\/","url":"https:\/\/memurunsesi.net\/index.php\/2025\/10\/18\/3-yil-sonra-dus-alip-tiras-olan-barisin-annesi-evladinin-yuva-kurmasi-hayaliyle-yasiyor\/","name":"3 y\u0131l sonra du\u015f al\u0131p, t\u0131ra\u015f olan Bar\u0131\u015f\u2019\u0131n annesi, evlad\u0131n\u0131n yuva kurmas\u0131 hayaliyle ya\u015f\u0131yor - Memurun Sesi","isPartOf":{"@id":"https:\/\/memurunsesi.net\/#website"},"primaryImageOfPage":{"@id":"https:\/\/memurunsesi.net\/index.php\/2025\/10\/18\/3-yil-sonra-dus-alip-tiras-olan-barisin-annesi-evladinin-yuva-kurmasi-hayaliyle-yasiyor\/#primaryimage"},"image":{"@id":"https:\/\/memurunsesi.net\/index.php\/2025\/10\/18\/3-yil-sonra-dus-alip-tiras-olan-barisin-annesi-evladinin-yuva-kurmasi-hayaliyle-yasiyor\/#primaryimage"},"thumbnailUrl":"https:\/\/memurunsesi.net\/wp-content\/uploads\/2025\/10\/AW561130_01-scaled.jpg","datePublished":"2025-10-18T06:29:25+00:00","breadcrumb":{"@id":"https:\/\/memurunsesi.net\/index.php\/2025\/10\/18\/3-yil-sonra-dus-alip-tiras-olan-barisin-annesi-evladinin-yuva-kurmasi-hayaliyle-yasiyor\/#breadcrumb"},"inLanguage":"tr","potentialAction":[{"@type":"ReadAction","target":["https:\/\/memurunsesi.net\/index.php\/2025\/10\/18\/3-yil-sonra-dus-alip-tiras-olan-barisin-annesi-evladinin-yuva-kurmasi-hayaliyle-yasiyor\/"]}]},{"@type":"ImageObject","inLanguage":"tr","@id":"https:\/\/memurunsesi.net\/index.php\/2025\/10\/18\/3-yil-sonra-dus-alip-tiras-olan-barisin-annesi-evladinin-yuva-kurmasi-hayaliyle-yasiyor\/#primaryimage","url":"https:\/\/memurunsesi.net\/wp-content\/uploads\/2025\/10\/AW561130_01-scaled.jpg","contentUrl":"https:\/\/memurunsesi.net\/wp-content\/uploads\/2025\/10\/AW561130_01-scaled.jpg","width":2560,"height":1707,"caption":"HATAY'DA 3 YILA YAKIN S\u00dcRED\u0130R EVDEN \u00c7IKMAYARAK SADECE TELEFONLA VE B\u0130LG\u0130SAYARLA OYNAYAN 23 YA\u015eINDAK\u0130 GEN\u00c7, 3 YILIN ARDINDAN \u0130LK DEFA DI\u015eARIYA \u00c7IKTI\u011eI G\u00dcNDE; HEM TIRA\u015e OLDU HEM DE BANYO YAPTI. BARI\u015e'IN YILLAR SONRA BAKIMINI YAPMASINA SEV\u0130NEN ANNES\u0130 SEMRA \u00d6ZBAY, GELECEKTE O\u011eLUNUN EVLEN\u0130P \u00c7OLUK \u00c7OCU\u011eA KARI\u015eMASININ HAYAL\u0130N\u0130 KURUYOR. (RAMAZAN \u0130LIN - VEYSEL KORKMAZ\/HATAY-\u0130HA) Hatay'da 3 y\u0131la yak\u0131n s\u00fcredir evden \u00e7\u0131kmayarak sadece telefonla ve bilgisayarla oynayan ve 3 y\u0131l\u0131n ard\u0131ndan ilk defa t\u0131ra\u015f olup d\u0131\u015far\u0131ya \u00e7\u0131kan Bar\u0131\u015f \u00d6zbay'\u0131n annesi, evlad\u0131n\u0131n yuva kurmas\u0131n\u0131 hayal ediyor. Hayat\u0131na m\u00fcdahale edilmesinden rahats\u0131z olan Bar\u0131\u015f \u00d6zbay, \"Ben ilk r\u00f6portajda dedi\u011fim gibi hi\u00e7bir \u015fey yapmak istemiyorum, tedavi olmak istemiyorum\" dedi."},{"@type":"BreadcrumbList","@id":"https:\/\/memurunsesi.net\/index.php\/2025\/10\/18\/3-yil-sonra-dus-alip-tiras-olan-barisin-annesi-evladinin-yuva-kurmasi-hayaliyle-yasiyor\/#breadcrumb","itemListElement":[{"@type":"ListItem","position":1,"name":"Anasayfa","item":"https:\/\/memurunsesi.net\/"},{"@type":"ListItem","position":2,"name":"3 y\u0131l sonra du\u015f al\u0131p, t\u0131ra\u015f olan Bar\u0131\u015f\u2019\u0131n annesi, evlad\u0131n\u0131n yuva kurmas\u0131 hayaliyle ya\u015f\u0131yor"}]},{"@type":"WebSite","@id":"https:\/\/memurunsesi.net\/#website","url":"https:\/\/memurunsesi.net\/","name":"Memurun Sesi","description":"G\u00fcncel ve Do\u011fru Haber","publisher":{"@id":"https:\/\/memurunsesi.net\/#organization"},"potentialAction":[{"@type":"SearchAction","target":{"@type":"EntryPoint","urlTemplate":"https:\/\/memurunsesi.net\/?s={search_term_string}"},"query-input":{"@type":"PropertyValueSpecification","valueRequired":true,"valueName":"search_term_string"}}],"inLanguage":"tr"},{"@type":"Organization","@id":"https:\/\/memurunsesi.net\/#organization","name":"Memurun Sesi","url":"https:\/\/memurunsesi.net\/","logo":{"@type":"ImageObject","inLanguage":"tr","@id":"https:\/\/memurunsesi.net\/#\/schema\/logo\/image\/","url":"https:\/\/memurunsesi.net\/wp-content\/uploads\/2025\/11\/cropped-MEMURUN-SESI.png","contentUrl":"https:\/\/memurunsesi.net\/wp-content\/uploads\/2025\/11\/cropped-MEMURUN-SESI.png","width":238,"height":57,"caption":"Memurun Sesi"},"image":{"@id":"https:\/\/memurunsesi.net\/#\/schema\/logo\/image\/"},"sameAs":["https:\/\/www.facebook.com\/unipersen\/?locale=tr_TR","https:\/\/x.com\/unipersen"]},{"@type":"Person","@id":"https:\/\/memurunsesi.net\/#\/schema\/person\/f21c2d73b89f6ee1d80b0a1803e38587","name":"Memurun Sesi Haber Merkezi","image":{"@type":"ImageObject","inLanguage":"tr","@id":"https:\/\/secure.gravatar.com\/avatar\/6cf0505f452ee753f485014986fab09a434671d2b919ee76fc541025c5876a70?s=96&d=mm&r=g","url":"https:\/\/secure.gravatar.com\/avatar\/6cf0505f452ee753f485014986fab09a434671d2b919ee76fc541025c5876a70?s=96&d=mm&r=g","contentUrl":"https:\/\/secure.gravatar.com\/avatar\/6cf0505f452ee753f485014986fab09a434671d2b919ee76fc541025c5876a70?s=96&d=mm&r=g","caption":"Memurun Sesi Haber Merkezi"},"sameAs":["https:\/\/memurunsesi.net"],"url":"https:\/\/memurunsesi.net\/index.php\/author\/uniper\/"}]}},"_links":{"self":[{"href":"https:\/\/memurunsesi.net\/index.php\/wp-json\/wp\/v2\/posts\/13054","targetHints":{"allow":["GET"]}}],"collection":[{"href":"https:\/\/memurunsesi.net\/index.php\/wp-json\/wp\/v2\/posts"}],"about":[{"href":"https:\/\/memurunsesi.net\/index.php\/wp-json\/wp\/v2\/types\/post"}],"author":[{"embeddable":true,"href":"https:\/\/memurunsesi.net\/index.php\/wp-json\/wp\/v2\/users\/1"}],"replies":[{"embeddable":true,"href":"https:\/\/memurunsesi.net\/index.php\/wp-json\/wp\/v2\/comments?post=13054"}],"version-history":[{"count":1,"href":"https:\/\/memurunsesi.net\/index.php\/wp-json\/wp\/v2\/posts\/13054\/revisions"}],"predecessor-version":[{"id":13056,"href":"https:\/\/memurunsesi.net\/index.php\/wp-json\/wp\/v2\/posts\/13054\/revisions\/13056"}],"wp:featuredmedia":[{"embeddable":true,"href":"https:\/\/memurunsesi.net\/index.php\/wp-json\/wp\/v2\/media\/13055"}],"wp:attachment":[{"href":"https:\/\/memurunsesi.net\/index.php\/wp-json\/wp\/v2\/media?parent=13054"}],"wp:term":[{"taxonomy":"category","embeddable":true,"href":"https:\/\/memurunsesi.net\/index.php\/wp-json\/wp\/v2\/categories?post=13054"},{"taxonomy":"post_tag","embeddable":true,"href":"https:\/\/memurunsesi.net\/index.php\/wp-json\/wp\/v2\/tags?post=13054"}],"curies":[{"name":"wp","href":"https:\/\/api.w.org\/{rel}","templated":true}]}}