{"id":13057,"date":"2025-10-18T09:32:15","date_gmt":"2025-10-18T06:32:15","guid":{"rendered":"https:\/\/memurunsesi.net\/?p=13057"},"modified":"2025-10-18T09:32:15","modified_gmt":"2025-10-18T06:32:15","slug":"fenerbahce-fatih-karagumruku-konuk-edecek","status":"publish","type":"post","link":"https:\/\/memurunsesi.net\/index.php\/2025\/10\/18\/fenerbahce-fatih-karagumruku-konuk-edecek\/","title":{"rendered":"Fenerbah\u00e7e, Fatih Karag\u00fcmr\u00fck&#8217;\u00fc konuk edecek"},"content":{"rendered":"<p>  &#8211; \u0130ki ekip ligde 17. randevuda<br \/>\n  &#8211; Son 4 ma\u00e7\u0131 Fenerbah\u00e7e kazand\u0131<br \/>\n  &#8211; Milan Skriniar cezal\u0131   <\/p>\n<p>  Fenerbah\u00e7e, milli ma\u00e7 aras\u0131n\u0131n ard\u0131ndan Trendyol S\u00fcper Lig&#8217;de yar\u0131n Fatih Karag\u00fcmr\u00fck&#8217;\u00fc konuk edecek. \u0130ki tak\u0131m lig tarihinde 17. kez kozlar\u0131n\u0131 payla\u015facak.<br \/>\n  Trendyol S\u00fcper Lig&#8217;in 9. haftas\u0131nda Fenerbah\u00e7e, yar\u0131n saat 20.00&#8217;de sahas\u0131nda Fatih Karag\u00fcmr\u00fck ile kar\u015f\u0131la\u015facak. Sar\u0131-lacivertliler, ligde 8 ma\u00e7ta 4 galibiyet, 4 beraberlikle alarak 16 toplad\u0131 ve averajla 4. s\u0131rada bulunuyor. K\u0131rm\u0131z\u0131-siyahl\u0131lar ise 8 ma\u00e7ta 1 galibiyet, 7 ma\u011flubiyet sonucunda 3 puanla son s\u0131rada yer al\u0131yor. Ligde son ma\u00e7\u0131nda Samsunspor ile berabere kalan Fenerbah\u00e7e, Karag\u00fcmr\u00fck ma\u00e7\u0131yla beraber yeniden \u00e7\u0131k\u0131\u015f yakalamak istiyor. <\/p>\n<p>  Ligde 17. randevu<br \/>\n  Fatih Karag\u00fcmr\u00fck, 1 sezonluk 1. Lig maceras\u0131n\u0131n ard\u0131ndan tekrar S\u00fcper Lig&#8217;de m\u00fccadele ederken, Fenerbah\u00e7e ile bug\u00fcne kadar ligde 16 kez rakip oldu. S\u00f6z konusu m\u00fcsabakalarda sar\u0131-lacivertliler 11 defa sahadan galip ayr\u0131l\u0131rken, k\u0131rm\u0131z\u0131-siyahl\u0131lar ise 1 kez kazand\u0131. 4 kar\u015f\u0131la\u015fma ise berabere sona erdi. Ayr\u0131ca Fenerbah\u00e7e, rakibine 66 y\u0131ld\u0131r ma\u011flup olmuyor. Rekabette Fenerbah\u00e7e 28, Karag\u00fcmr\u00fck ise 18 kez gol sevinci ya\u015fad\u0131. <\/p>\n<p>  Son 4 ma\u00e7\u0131 Fenerbah\u00e7e kazand\u0131<br \/>\n  Fatih Karag\u00fcmr\u00fck&#8217;\u00fcn 36 y\u0131l sonra yeniden S\u00fcper Lig&#8217;de yer ald\u0131\u011f\u0131 2020-2024 y\u0131llar\u0131 aras\u0131nda iki ekip 8 ma\u00e7 yaparken, Fenerbah\u00e7e s\u00f6z konusu ma\u00e7larda 6 galibiyet ald\u0131. 2 m\u00fcsabaka ise berabere sonu\u00e7land\u0131. Sar\u0131-lacivertliler, son 4 ma\u00e7ta rakibine puan \u015fans\u0131 tan\u0131mad\u0131. <\/p>\n<p>  2022&#8217;de 9 goll\u00fc ma\u00e7<br \/>\n  \u0130ki ekip aras\u0131ndaki en goll\u00fc kar\u015f\u0131la\u015fma 9 Ekim 2022&#8217;de Kad\u0131k\u00f6y&#8217;de oynand\u0131. Sar\u0131-lacivertliler 9 gol\u00fcn at\u0131ld\u0131\u011f\u0131 kar\u015f\u0131la\u015fmay\u0131 5-4&#8217;l\u00fck skorla kazanmay\u0131 ba\u015fard\u0131. Jorge Jesus y\u00f6netimindeki Fenerbah\u00e7e, Andrea Pirlo&#8217;nun \u00e7al\u0131\u015ft\u0131rd\u0131\u011f\u0131 Fatih Karag\u00fcmr\u00fck kar\u015f\u0131s\u0131nda ald\u0131\u011f\u0131 galibiyet, lig tarihinin en goll\u00fc kar\u015f\u0131la\u015fmalar\u0131ndan biri olarak kay\u0131tlara ge\u00e7ti. <\/p>\n<p>  Milan Skriniar cezal\u0131<br \/>\n  Fenerbah\u00e7e&#8217;nin tak\u0131m kaptanlar\u0131ndan Milan Skriniar, kart cezas\u0131 nedeniyle forma giyemeyecek. Slovak stoper bu sezon Trabzonspor, Alanyaspor, Antalyaspor ve Samsunspor ma\u00e7lar\u0131nda g\u00f6rd\u00fc\u011f\u00fc sar\u0131 kartlar\u0131n ard\u0131ndan cezal\u0131 duruma d\u00fc\u015ft\u00fc. Skriniar, bu sezon sar\u0131-lacivertlilerin oynad\u0131\u011f\u0131 t\u00fcm resmi ma\u00e7larda ilk 11 ba\u015flarken hepsinde 90 dakika m\u00fccadele etti. Fenerbah\u00e7e, bu sezon ilk kez savunmadaki \u00f6nemli isminden yoksun sahaya \u00e7\u0131kacak. <\/p>\n<p>  Sar\u0131-lacivertlilerde eksikler<br \/>\n  Sar\u0131-lacivertlilerde cezal\u0131 oyuncunun yan\u0131 s\u0131ra, kadro d\u0131\u015f\u0131 b\u0131rak\u0131lan \u0130rfan Can Kahveci ve Cenk Tosun bu ma\u00e7ta forma giyemeyecek. Kaleciler Ederson ve \u0130rfan Can E\u011fribayat\u2019\u0131n sakatl\u0131klar\u0131 devam ederken, kalede yeniden Tar\u0131k \u00c7etin&#8217;in g\u00f6rev almas\u0131 bekleniyor. Bireysel \u00e7al\u0131\u015fmalar\u0131na ba\u015flayan Jhon Duran&#8217;\u0131n da ma\u00e7 kadrosunda yer almas\u0131 beklenmiyor. <\/p>\n<p>  Karag\u00fcmr\u00fck 5 ma\u00e7t\u0131r kaybediyor<br \/>\n  Marcel Licka&#8217;n\u0131n \u00e7al\u0131\u015ft\u0131rd\u0131\u011f\u0131 Fatih Karag\u00fcmr\u00fck, bu sezon istedi\u011fi sonu\u00e7lar\u0131 alamad\u0131. Ligde ilk 2 ma\u00e7ta yenilgilerle ba\u015flayan \u0130stanbul ekibi,  30 A\u011fustos&#8217;ta tek galibiyetini ald\u0131\u011f\u0131 Antalyaspor kar\u015f\u0131la\u015fmas\u0131 sonras\u0131 oynad\u0131\u011f\u0131 5 lig ma\u00e7\u0131n\u0131 da kaybetti. K\u0131rm\u0131z\u0131-siyahl\u0131lar bu sezon hen\u00fcz 8 haftal\u0131k s\u00fcre\u00e7te, Gen\u00e7lerbirli\u011fi\u2019nin ard\u0131ndan 5 ma\u00e7l\u0131k ma\u011flubiyet serisi ya\u015fayan ikinci tak\u0131m oldu. <\/p>\n<p>  Ali \u015eansalan d\u00fcd\u00fck \u00e7alacak<br \/>\n  Fenerbah\u00e7e ile Fatih Karag\u00fcmr\u00fck aras\u0131nda oynanacak m\u00fccadeleyi hakem Ali \u015eansalan y\u00f6netecek. \u015eansalan&#8217;\u0131n yard\u0131mc\u0131l\u0131klar\u0131n\u0131 An\u0131l Usta ile Samet \u00c7avu\u015f yapacak. Ma\u00e7\u0131n 4. hakemi ise Melih Kurt olacak. <\/p>\n<p>18.10.2025                                <\/p>\n","protected":false},"excerpt":{"rendered":"<p>&#8211; \u0130ki ekip ligde 17. randevuda &#8211; Son 4 ma\u00e7\u0131 Fenerbah\u00e7e kazand\u0131 &#8211; Milan Skriniar cezal\u0131 Fenerbah\u00e7e, milli ma\u00e7 aras\u0131n\u0131n ard\u0131ndan Trendyol S\u00fcper Lig&#8217;de yar\u0131n Fatih Karag\u00fcmr\u00fck&#8217;\u00fc konuk edecek. \u0130ki tak\u0131m lig tarihinde 17. kez kozlar\u0131n\u0131 payla\u015facak. Trendyol S\u00fcper Lig&#8217;in 9. haftas\u0131nda Fenerbah\u00e7e, yar\u0131n saat 20.00&#8217;de sahas\u0131nda Fatih Karag\u00fcmr\u00fck ile kar\u015f\u0131la\u015facak. Sar\u0131-lacivertliler, ligde 8 ma\u00e7ta [&hellip;]<\/p>\n","protected":false},"author":1,"featured_media":13058,"comment_status":"open","ping_status":"open","sticky":false,"template":"","format":"standard","meta":{"footnotes":""},"categories":[57],"tags":[],"class_list":["post-13057","post","type-post","status-publish","format-standard","has-post-thumbnail","hentry","category-spor"],"yoast_head":"<!-- This site is optimized with the Yoast SEO plugin v27.4 - https:\/\/yoast.com\/product\/yoast-seo-wordpress\/ -->\n<title>Fenerbah\u00e7e, Fatih Karag\u00fcmr\u00fck&#039;\u00fc konuk edecek - Memurun Sesi<\/title>\n<meta name=\"robots\" content=\"index, follow, max-snippet:-1, max-image-preview:large, max-video-preview:-1\" \/>\n<link rel=\"canonical\" href=\"https:\/\/memurunsesi.net\/index.php\/2025\/10\/18\/fenerbahce-fatih-karagumruku-konuk-edecek\/\" \/>\n<meta property=\"og:locale\" content=\"tr_TR\" \/>\n<meta property=\"og:type\" content=\"article\" \/>\n<meta property=\"og:title\" content=\"Fenerbah\u00e7e, Fatih Karag\u00fcmr\u00fck&#039;\u00fc konuk edecek - Memurun Sesi\" \/>\n<meta property=\"og:description\" content=\"&#8211; \u0130ki ekip ligde 17. randevuda &#8211; Son 4 ma\u00e7\u0131 Fenerbah\u00e7e kazand\u0131 &#8211; Milan Skriniar cezal\u0131 Fenerbah\u00e7e, milli ma\u00e7 aras\u0131n\u0131n ard\u0131ndan Trendyol S\u00fcper Lig&#8217;de yar\u0131n Fatih Karag\u00fcmr\u00fck&#8217;\u00fc konuk edecek. \u0130ki tak\u0131m lig tarihinde 17. kez kozlar\u0131n\u0131 payla\u015facak. Trendyol S\u00fcper Lig&#8217;in 9. haftas\u0131nda Fenerbah\u00e7e, yar\u0131n saat 20.00&#8217;de sahas\u0131nda Fatih Karag\u00fcmr\u00fck ile kar\u015f\u0131la\u015facak. Sar\u0131-lacivertliler, ligde 8 ma\u00e7ta [&hellip;]\" \/>\n<meta property=\"og:url\" content=\"https:\/\/memurunsesi.net\/index.php\/2025\/10\/18\/fenerbahce-fatih-karagumruku-konuk-edecek\/\" \/>\n<meta property=\"og:site_name\" content=\"Memurun Sesi\" \/>\n<meta property=\"article:publisher\" content=\"https:\/\/www.facebook.com\/unipersen\/?locale=tr_TR\" \/>\n<meta property=\"article:published_time\" content=\"2025-10-18T06:32:15+00:00\" \/>\n<meta property=\"og:image\" content=\"https:\/\/memurunsesi.net\/wp-content\/uploads\/2025\/10\/AW561129_01-scaled.jpg\" \/>\n\t<meta property=\"og:image:width\" content=\"2560\" \/>\n\t<meta property=\"og:image:height\" content=\"1707\" \/>\n\t<meta property=\"og:image:type\" content=\"image\/jpeg\" \/>\n<meta name=\"author\" content=\"Memurun Sesi Haber Merkezi\" \/>\n<meta name=\"twitter:card\" content=\"summary_large_image\" \/>\n<meta name=\"twitter:creator\" content=\"@unipersen\" \/>\n<meta name=\"twitter:site\" content=\"@unipersen\" \/>\n<meta name=\"twitter:label1\" content=\"Yazan:\" \/>\n\t<meta name=\"twitter:data1\" content=\"Memurun Sesi Haber Merkezi\" \/>\n\t<meta name=\"twitter:label2\" content=\"Tahmini okuma s\u00fcresi\" \/>\n\t<meta name=\"twitter:data2\" content=\"1 dakika\" \/>\n<script type=\"application\/ld+json\" class=\"yoast-schema-graph\">{\"@context\":\"https:\\\/\\\/schema.org\",\"@graph\":[{\"@type\":\"Article\",\"@id\":\"https:\\\/\\\/memurunsesi.net\\\/index.php\\\/2025\\\/10\\\/18\\\/fenerbahce-fatih-karagumruku-konuk-edecek\\\/#article\",\"isPartOf\":{\"@id\":\"https:\\\/\\\/memurunsesi.net\\\/index.php\\\/2025\\\/10\\\/18\\\/fenerbahce-fatih-karagumruku-konuk-edecek\\\/\"},\"author\":{\"name\":\"Memurun Sesi Haber Merkezi\",\"@id\":\"https:\\\/\\\/memurunsesi.net\\\/#\\\/schema\\\/person\\\/f21c2d73b89f6ee1d80b0a1803e38587\"},\"headline\":\"Fenerbah\u00e7e, Fatih Karag\u00fcmr\u00fck&#8217;\u00fc konuk edecek\",\"datePublished\":\"2025-10-18T06:32:15+00:00\",\"mainEntityOfPage\":{\"@id\":\"https:\\\/\\\/memurunsesi.net\\\/index.php\\\/2025\\\/10\\\/18\\\/fenerbahce-fatih-karagumruku-konuk-edecek\\\/\"},\"wordCount\":598,\"commentCount\":0,\"publisher\":{\"@id\":\"https:\\\/\\\/memurunsesi.net\\\/#organization\"},\"image\":{\"@id\":\"https:\\\/\\\/memurunsesi.net\\\/index.php\\\/2025\\\/10\\\/18\\\/fenerbahce-fatih-karagumruku-konuk-edecek\\\/#primaryimage\"},\"thumbnailUrl\":\"https:\\\/\\\/memurunsesi.net\\\/wp-content\\\/uploads\\\/2025\\\/10\\\/AW561129_01-scaled.jpg\",\"articleSection\":[\"Spor\"],\"inLanguage\":\"tr\",\"potentialAction\":[{\"@type\":\"CommentAction\",\"name\":\"Comment\",\"target\":[\"https:\\\/\\\/memurunsesi.net\\\/index.php\\\/2025\\\/10\\\/18\\\/fenerbahce-fatih-karagumruku-konuk-edecek\\\/#respond\"]}]},{\"@type\":\"WebPage\",\"@id\":\"https:\\\/\\\/memurunsesi.net\\\/index.php\\\/2025\\\/10\\\/18\\\/fenerbahce-fatih-karagumruku-konuk-edecek\\\/\",\"url\":\"https:\\\/\\\/memurunsesi.net\\\/index.php\\\/2025\\\/10\\\/18\\\/fenerbahce-fatih-karagumruku-konuk-edecek\\\/\",\"name\":\"Fenerbah\u00e7e, Fatih Karag\u00fcmr\u00fck'\u00fc konuk edecek - Memurun Sesi\",\"isPartOf\":{\"@id\":\"https:\\\/\\\/memurunsesi.net\\\/#website\"},\"primaryImageOfPage\":{\"@id\":\"https:\\\/\\\/memurunsesi.net\\\/index.php\\\/2025\\\/10\\\/18\\\/fenerbahce-fatih-karagumruku-konuk-edecek\\\/#primaryimage\"},\"image\":{\"@id\":\"https:\\\/\\\/memurunsesi.net\\\/index.php\\\/2025\\\/10\\\/18\\\/fenerbahce-fatih-karagumruku-konuk-edecek\\\/#primaryimage\"},\"thumbnailUrl\":\"https:\\\/\\\/memurunsesi.net\\\/wp-content\\\/uploads\\\/2025\\\/10\\\/AW561129_01-scaled.jpg\",\"datePublished\":\"2025-10-18T06:32:15+00:00\",\"breadcrumb\":{\"@id\":\"https:\\\/\\\/memurunsesi.net\\\/index.php\\\/2025\\\/10\\\/18\\\/fenerbahce-fatih-karagumruku-konuk-edecek\\\/#breadcrumb\"},\"inLanguage\":\"tr\",\"potentialAction\":[{\"@type\":\"ReadAction\",\"target\":[\"https:\\\/\\\/memurunsesi.net\\\/index.php\\\/2025\\\/10\\\/18\\\/fenerbahce-fatih-karagumruku-konuk-edecek\\\/\"]}]},{\"@type\":\"ImageObject\",\"inLanguage\":\"tr\",\"@id\":\"https:\\\/\\\/memurunsesi.net\\\/index.php\\\/2025\\\/10\\\/18\\\/fenerbahce-fatih-karagumruku-konuk-edecek\\\/#primaryimage\",\"url\":\"https:\\\/\\\/memurunsesi.net\\\/wp-content\\\/uploads\\\/2025\\\/10\\\/AW561129_01-scaled.jpg\",\"contentUrl\":\"https:\\\/\\\/memurunsesi.net\\\/wp-content\\\/uploads\\\/2025\\\/10\\\/AW561129_01-scaled.jpg\",\"width\":2560,\"height\":1707,\"caption\":\"FENERBAH\u00c7E, M\u0130LL\u0130 MA\u00c7 ARASININ ARDINDAN TRENDYOL S\u00dcPER L\u0130G'DE YARIN FAT\u0130H KARAG\u00dcMR\u00dcK'\u00dc KONUK EDECEK (SAYCAN SAYIM\\\/\u0130STANBUL-\u0130HA) Fenerbah\u00e7e, milli ma\u00e7 aras\u0131n\u0131n ard\u0131ndan Trendyol S\u00fcper Lig'de yar\u0131n Fatih Karag\u00fcmr\u00fck'\u00fc konuk edecek. \u0130ki tak\u0131m lig tarihinde 17. kez kozlar\u0131n\u0131 payla\u015facak.\"},{\"@type\":\"BreadcrumbList\",\"@id\":\"https:\\\/\\\/memurunsesi.net\\\/index.php\\\/2025\\\/10\\\/18\\\/fenerbahce-fatih-karagumruku-konuk-edecek\\\/#breadcrumb\",\"itemListElement\":[{\"@type\":\"ListItem\",\"position\":1,\"name\":\"Anasayfa\",\"item\":\"https:\\\/\\\/memurunsesi.net\\\/\"},{\"@type\":\"ListItem\",\"position\":2,\"name\":\"Fenerbah\u00e7e, Fatih Karag\u00fcmr\u00fck&#8217;\u00fc konuk edecek\"}]},{\"@type\":\"WebSite\",\"@id\":\"https:\\\/\\\/memurunsesi.net\\\/#website\",\"url\":\"https:\\\/\\\/memurunsesi.net\\\/\",\"name\":\"Memurun Sesi\",\"description\":\"G\u00fcncel ve Do\u011fru Haber\",\"publisher\":{\"@id\":\"https:\\\/\\\/memurunsesi.net\\\/#organization\"},\"potentialAction\":[{\"@type\":\"SearchAction\",\"target\":{\"@type\":\"EntryPoint\",\"urlTemplate\":\"https:\\\/\\\/memurunsesi.net\\\/?s={search_term_string}\"},\"query-input\":{\"@type\":\"PropertyValueSpecification\",\"valueRequired\":true,\"valueName\":\"search_term_string\"}}],\"inLanguage\":\"tr\"},{\"@type\":\"Organization\",\"@id\":\"https:\\\/\\\/memurunsesi.net\\\/#organization\",\"name\":\"Memurun Sesi\",\"url\":\"https:\\\/\\\/memurunsesi.net\\\/\",\"logo\":{\"@type\":\"ImageObject\",\"inLanguage\":\"tr\",\"@id\":\"https:\\\/\\\/memurunsesi.net\\\/#\\\/schema\\\/logo\\\/image\\\/\",\"url\":\"https:\\\/\\\/memurunsesi.net\\\/wp-content\\\/uploads\\\/2025\\\/11\\\/cropped-MEMURUN-SESI.png\",\"contentUrl\":\"https:\\\/\\\/memurunsesi.net\\\/wp-content\\\/uploads\\\/2025\\\/11\\\/cropped-MEMURUN-SESI.png\",\"width\":238,\"height\":57,\"caption\":\"Memurun Sesi\"},\"image\":{\"@id\":\"https:\\\/\\\/memurunsesi.net\\\/#\\\/schema\\\/logo\\\/image\\\/\"},\"sameAs\":[\"https:\\\/\\\/www.facebook.com\\\/unipersen\\\/?locale=tr_TR\",\"https:\\\/\\\/x.com\\\/unipersen\"]},{\"@type\":\"Person\",\"@id\":\"https:\\\/\\\/memurunsesi.net\\\/#\\\/schema\\\/person\\\/f21c2d73b89f6ee1d80b0a1803e38587\",\"name\":\"Memurun Sesi Haber Merkezi\",\"image\":{\"@type\":\"ImageObject\",\"inLanguage\":\"tr\",\"@id\":\"https:\\\/\\\/secure.gravatar.com\\\/avatar\\\/6cf0505f452ee753f485014986fab09a434671d2b919ee76fc541025c5876a70?s=96&d=mm&r=g\",\"url\":\"https:\\\/\\\/secure.gravatar.com\\\/avatar\\\/6cf0505f452ee753f485014986fab09a434671d2b919ee76fc541025c5876a70?s=96&d=mm&r=g\",\"contentUrl\":\"https:\\\/\\\/secure.gravatar.com\\\/avatar\\\/6cf0505f452ee753f485014986fab09a434671d2b919ee76fc541025c5876a70?s=96&d=mm&r=g\",\"caption\":\"Memurun Sesi Haber Merkezi\"},\"sameAs\":[\"https:\\\/\\\/memurunsesi.net\"],\"url\":\"https:\\\/\\\/memurunsesi.net\\\/index.php\\\/author\\\/uniper\\\/\"}]}<\/script>\n<!-- \/ Yoast SEO plugin. -->","yoast_head_json":{"title":"Fenerbah\u00e7e, Fatih Karag\u00fcmr\u00fck'\u00fc konuk edecek - Memurun Sesi","robots":{"index":"index","follow":"follow","max-snippet":"max-snippet:-1","max-image-preview":"max-image-preview:large","max-video-preview":"max-video-preview:-1"},"canonical":"https:\/\/memurunsesi.net\/index.php\/2025\/10\/18\/fenerbahce-fatih-karagumruku-konuk-edecek\/","og_locale":"tr_TR","og_type":"article","og_title":"Fenerbah\u00e7e, Fatih Karag\u00fcmr\u00fck'\u00fc konuk edecek - Memurun Sesi","og_description":"&#8211; \u0130ki ekip ligde 17. randevuda &#8211; Son 4 ma\u00e7\u0131 Fenerbah\u00e7e kazand\u0131 &#8211; Milan Skriniar cezal\u0131 Fenerbah\u00e7e, milli ma\u00e7 aras\u0131n\u0131n ard\u0131ndan Trendyol S\u00fcper Lig&#8217;de yar\u0131n Fatih Karag\u00fcmr\u00fck&#8217;\u00fc konuk edecek. \u0130ki tak\u0131m lig tarihinde 17. kez kozlar\u0131n\u0131 payla\u015facak. Trendyol S\u00fcper Lig&#8217;in 9. haftas\u0131nda Fenerbah\u00e7e, yar\u0131n saat 20.00&#8217;de sahas\u0131nda Fatih Karag\u00fcmr\u00fck ile kar\u015f\u0131la\u015facak. Sar\u0131-lacivertliler, ligde 8 ma\u00e7ta [&hellip;]","og_url":"https:\/\/memurunsesi.net\/index.php\/2025\/10\/18\/fenerbahce-fatih-karagumruku-konuk-edecek\/","og_site_name":"Memurun Sesi","article_publisher":"https:\/\/www.facebook.com\/unipersen\/?locale=tr_TR","article_published_time":"2025-10-18T06:32:15+00:00","og_image":[{"width":2560,"height":1707,"url":"https:\/\/memurunsesi.net\/wp-content\/uploads\/2025\/10\/AW561129_01-scaled.jpg","type":"image\/jpeg"}],"author":"Memurun Sesi Haber Merkezi","twitter_card":"summary_large_image","twitter_creator":"@unipersen","twitter_site":"@unipersen","twitter_misc":{"Yazan:":"Memurun Sesi Haber Merkezi","Tahmini okuma s\u00fcresi":"1 dakika"},"schema":{"@context":"https:\/\/schema.org","@graph":[{"@type":"Article","@id":"https:\/\/memurunsesi.net\/index.php\/2025\/10\/18\/fenerbahce-fatih-karagumruku-konuk-edecek\/#article","isPartOf":{"@id":"https:\/\/memurunsesi.net\/index.php\/2025\/10\/18\/fenerbahce-fatih-karagumruku-konuk-edecek\/"},"author":{"name":"Memurun Sesi Haber Merkezi","@id":"https:\/\/memurunsesi.net\/#\/schema\/person\/f21c2d73b89f6ee1d80b0a1803e38587"},"headline":"Fenerbah\u00e7e, Fatih Karag\u00fcmr\u00fck&#8217;\u00fc konuk edecek","datePublished":"2025-10-18T06:32:15+00:00","mainEntityOfPage":{"@id":"https:\/\/memurunsesi.net\/index.php\/2025\/10\/18\/fenerbahce-fatih-karagumruku-konuk-edecek\/"},"wordCount":598,"commentCount":0,"publisher":{"@id":"https:\/\/memurunsesi.net\/#organization"},"image":{"@id":"https:\/\/memurunsesi.net\/index.php\/2025\/10\/18\/fenerbahce-fatih-karagumruku-konuk-edecek\/#primaryimage"},"thumbnailUrl":"https:\/\/memurunsesi.net\/wp-content\/uploads\/2025\/10\/AW561129_01-scaled.jpg","articleSection":["Spor"],"inLanguage":"tr","potentialAction":[{"@type":"CommentAction","name":"Comment","target":["https:\/\/memurunsesi.net\/index.php\/2025\/10\/18\/fenerbahce-fatih-karagumruku-konuk-edecek\/#respond"]}]},{"@type":"WebPage","@id":"https:\/\/memurunsesi.net\/index.php\/2025\/10\/18\/fenerbahce-fatih-karagumruku-konuk-edecek\/","url":"https:\/\/memurunsesi.net\/index.php\/2025\/10\/18\/fenerbahce-fatih-karagumruku-konuk-edecek\/","name":"Fenerbah\u00e7e, Fatih Karag\u00fcmr\u00fck'\u00fc konuk edecek - Memurun Sesi","isPartOf":{"@id":"https:\/\/memurunsesi.net\/#website"},"primaryImageOfPage":{"@id":"https:\/\/memurunsesi.net\/index.php\/2025\/10\/18\/fenerbahce-fatih-karagumruku-konuk-edecek\/#primaryimage"},"image":{"@id":"https:\/\/memurunsesi.net\/index.php\/2025\/10\/18\/fenerbahce-fatih-karagumruku-konuk-edecek\/#primaryimage"},"thumbnailUrl":"https:\/\/memurunsesi.net\/wp-content\/uploads\/2025\/10\/AW561129_01-scaled.jpg","datePublished":"2025-10-18T06:32:15+00:00","breadcrumb":{"@id":"https:\/\/memurunsesi.net\/index.php\/2025\/10\/18\/fenerbahce-fatih-karagumruku-konuk-edecek\/#breadcrumb"},"inLanguage":"tr","potentialAction":[{"@type":"ReadAction","target":["https:\/\/memurunsesi.net\/index.php\/2025\/10\/18\/fenerbahce-fatih-karagumruku-konuk-edecek\/"]}]},{"@type":"ImageObject","inLanguage":"tr","@id":"https:\/\/memurunsesi.net\/index.php\/2025\/10\/18\/fenerbahce-fatih-karagumruku-konuk-edecek\/#primaryimage","url":"https:\/\/memurunsesi.net\/wp-content\/uploads\/2025\/10\/AW561129_01-scaled.jpg","contentUrl":"https:\/\/memurunsesi.net\/wp-content\/uploads\/2025\/10\/AW561129_01-scaled.jpg","width":2560,"height":1707,"caption":"FENERBAH\u00c7E, M\u0130LL\u0130 MA\u00c7 ARASININ ARDINDAN TRENDYOL S\u00dcPER L\u0130G'DE YARIN FAT\u0130H KARAG\u00dcMR\u00dcK'\u00dc KONUK EDECEK (SAYCAN SAYIM\/\u0130STANBUL-\u0130HA) Fenerbah\u00e7e, milli ma\u00e7 aras\u0131n\u0131n ard\u0131ndan Trendyol S\u00fcper Lig'de yar\u0131n Fatih Karag\u00fcmr\u00fck'\u00fc konuk edecek. \u0130ki tak\u0131m lig tarihinde 17. kez kozlar\u0131n\u0131 payla\u015facak."},{"@type":"BreadcrumbList","@id":"https:\/\/memurunsesi.net\/index.php\/2025\/10\/18\/fenerbahce-fatih-karagumruku-konuk-edecek\/#breadcrumb","itemListElement":[{"@type":"ListItem","position":1,"name":"Anasayfa","item":"https:\/\/memurunsesi.net\/"},{"@type":"ListItem","position":2,"name":"Fenerbah\u00e7e, Fatih Karag\u00fcmr\u00fck&#8217;\u00fc konuk edecek"}]},{"@type":"WebSite","@id":"https:\/\/memurunsesi.net\/#website","url":"https:\/\/memurunsesi.net\/","name":"Memurun Sesi","description":"G\u00fcncel ve Do\u011fru Haber","publisher":{"@id":"https:\/\/memurunsesi.net\/#organization"},"potentialAction":[{"@type":"SearchAction","target":{"@type":"EntryPoint","urlTemplate":"https:\/\/memurunsesi.net\/?s={search_term_string}"},"query-input":{"@type":"PropertyValueSpecification","valueRequired":true,"valueName":"search_term_string"}}],"inLanguage":"tr"},{"@type":"Organization","@id":"https:\/\/memurunsesi.net\/#organization","name":"Memurun Sesi","url":"https:\/\/memurunsesi.net\/","logo":{"@type":"ImageObject","inLanguage":"tr","@id":"https:\/\/memurunsesi.net\/#\/schema\/logo\/image\/","url":"https:\/\/memurunsesi.net\/wp-content\/uploads\/2025\/11\/cropped-MEMURUN-SESI.png","contentUrl":"https:\/\/memurunsesi.net\/wp-content\/uploads\/2025\/11\/cropped-MEMURUN-SESI.png","width":238,"height":57,"caption":"Memurun Sesi"},"image":{"@id":"https:\/\/memurunsesi.net\/#\/schema\/logo\/image\/"},"sameAs":["https:\/\/www.facebook.com\/unipersen\/?locale=tr_TR","https:\/\/x.com\/unipersen"]},{"@type":"Person","@id":"https:\/\/memurunsesi.net\/#\/schema\/person\/f21c2d73b89f6ee1d80b0a1803e38587","name":"Memurun Sesi Haber Merkezi","image":{"@type":"ImageObject","inLanguage":"tr","@id":"https:\/\/secure.gravatar.com\/avatar\/6cf0505f452ee753f485014986fab09a434671d2b919ee76fc541025c5876a70?s=96&d=mm&r=g","url":"https:\/\/secure.gravatar.com\/avatar\/6cf0505f452ee753f485014986fab09a434671d2b919ee76fc541025c5876a70?s=96&d=mm&r=g","contentUrl":"https:\/\/secure.gravatar.com\/avatar\/6cf0505f452ee753f485014986fab09a434671d2b919ee76fc541025c5876a70?s=96&d=mm&r=g","caption":"Memurun Sesi Haber Merkezi"},"sameAs":["https:\/\/memurunsesi.net"],"url":"https:\/\/memurunsesi.net\/index.php\/author\/uniper\/"}]}},"_links":{"self":[{"href":"https:\/\/memurunsesi.net\/index.php\/wp-json\/wp\/v2\/posts\/13057","targetHints":{"allow":["GET"]}}],"collection":[{"href":"https:\/\/memurunsesi.net\/index.php\/wp-json\/wp\/v2\/posts"}],"about":[{"href":"https:\/\/memurunsesi.net\/index.php\/wp-json\/wp\/v2\/types\/post"}],"author":[{"embeddable":true,"href":"https:\/\/memurunsesi.net\/index.php\/wp-json\/wp\/v2\/users\/1"}],"replies":[{"embeddable":true,"href":"https:\/\/memurunsesi.net\/index.php\/wp-json\/wp\/v2\/comments?post=13057"}],"version-history":[{"count":1,"href":"https:\/\/memurunsesi.net\/index.php\/wp-json\/wp\/v2\/posts\/13057\/revisions"}],"predecessor-version":[{"id":13059,"href":"https:\/\/memurunsesi.net\/index.php\/wp-json\/wp\/v2\/posts\/13057\/revisions\/13059"}],"wp:featuredmedia":[{"embeddable":true,"href":"https:\/\/memurunsesi.net\/index.php\/wp-json\/wp\/v2\/media\/13058"}],"wp:attachment":[{"href":"https:\/\/memurunsesi.net\/index.php\/wp-json\/wp\/v2\/media?parent=13057"}],"wp:term":[{"taxonomy":"category","embeddable":true,"href":"https:\/\/memurunsesi.net\/index.php\/wp-json\/wp\/v2\/categories?post=13057"},{"taxonomy":"post_tag","embeddable":true,"href":"https:\/\/memurunsesi.net\/index.php\/wp-json\/wp\/v2\/tags?post=13057"}],"curies":[{"name":"wp","href":"https:\/\/api.w.org\/{rel}","templated":true}]}}