{"id":13063,"date":"2025-10-18T09:34:49","date_gmt":"2025-10-18T06:34:49","guid":{"rendered":"https:\/\/memurunsesi.net\/?p=13063"},"modified":"2025-10-18T09:34:49","modified_gmt":"2025-10-18T06:34:49","slug":"tekirdagda-bacadan-alev-puskurdu-geceyi-aydinlatti","status":"publish","type":"post","link":"https:\/\/memurunsesi.net\/index.php\/2025\/10\/18\/tekirdagda-bacadan-alev-puskurdu-geceyi-aydinlatti\/","title":{"rendered":"Tekirda\u011f&#8217;da bacadan alev p\u00fcsk\u00fcrd\u00fc, geceyi ayd\u0131nlatt\u0131"},"content":{"rendered":"<p>  Tekirda\u011f \u00c7orlu&#8217;da bir i\u015fyerinin bacas\u0131nda meydana gelen yang\u0131n itfaiye ekiplerinin m\u00fcdahalesi sonras\u0131 s\u00f6nd\u00fcr\u00fcld\u00fc. Bacadan duman yerine alev p\u00fcsk\u00fcrmesi apartman sakinlerini korkuttu.<br \/>\n  \u015eeyh Sinan Mahallesi Atat\u00fcrk Bulvar\u0131 \u00fczeri Lalezar mevkiinde bir simit\u00e7i d\u00fckkan\u0131na ait bacadan duman yerine alevlerin y\u00fckseldi\u011fi g\u00f6r\u00fcld\u00fc. \u00c7evredeki vatanda\u015flar\u0131n ihbar\u0131 \u00fczerine b\u00f6lgeye \u00e7ok say\u0131da itfaiye ekibinin yan\u0131 s\u0131ra ambulans ve polis ekipleri intikal etti.<br \/>\n  Baca yang\u0131n\u0131, itfaiye ekiplerinin i\u00e7eriden ve d\u0131\u015far\u0131dan yapt\u0131\u011f\u0131 m\u00fcdahale sonras\u0131 s\u00f6nd\u00fcr\u00fcld\u00fc. Olay yerinde g\u00fcvenlik \u00f6nlemi alan Trafik B\u00fcro ve Devriye ekipler de \u00e7evredeki merakl\u0131 vatanda\u015flar\u0131 olay yerinden uzakla\u015ft\u0131rd\u0131.<br \/>\n  Yang\u0131n nedeniyle i\u015fyerinde maddi hasar meydana geldi. \u0130tfaiye ekipleri, bacada biriken kurumlar\u0131n tutu\u015fmas\u0131 nedeniyle yang\u0131n\u0131n \u00e7\u0131km\u0131\u015f olabilece\u011fini de\u011ferlendiriyor. <\/p>\n<p>18.10.2025                              <\/p>\n","protected":false},"excerpt":{"rendered":"<p>Tekirda\u011f \u00c7orlu&#8217;da bir i\u015fyerinin bacas\u0131nda meydana gelen yang\u0131n itfaiye ekiplerinin m\u00fcdahalesi sonras\u0131 s\u00f6nd\u00fcr\u00fcld\u00fc. Bacadan duman yerine alev p\u00fcsk\u00fcrmesi apartman sakinlerini korkuttu. \u015eeyh Sinan Mahallesi Atat\u00fcrk Bulvar\u0131 \u00fczeri Lalezar mevkiinde bir simit\u00e7i d\u00fckkan\u0131na ait bacadan duman yerine alevlerin y\u00fckseldi\u011fi g\u00f6r\u00fcld\u00fc. \u00c7evredeki vatanda\u015flar\u0131n ihbar\u0131 \u00fczerine b\u00f6lgeye \u00e7ok say\u0131da itfaiye ekibinin yan\u0131 s\u0131ra ambulans ve polis ekipleri intikal [&hellip;]<\/p>\n","protected":false},"author":1,"featured_media":13064,"comment_status":"open","ping_status":"open","sticky":false,"template":"","format":"standard","meta":{"footnotes":""},"categories":[45],"tags":[],"class_list":["post-13063","post","type-post","status-publish","format-standard","has-post-thumbnail","hentry","category-gundem"],"yoast_head":"<!-- This site is optimized with the Yoast SEO plugin v27.4 - https:\/\/yoast.com\/product\/yoast-seo-wordpress\/ -->\n<title>Tekirda\u011f&#039;da bacadan alev p\u00fcsk\u00fcrd\u00fc, geceyi ayd\u0131nlatt\u0131 - Memurun Sesi<\/title>\n<meta name=\"robots\" content=\"index, follow, max-snippet:-1, max-image-preview:large, max-video-preview:-1\" \/>\n<link rel=\"canonical\" href=\"https:\/\/memurunsesi.net\/index.php\/2025\/10\/18\/tekirdagda-bacadan-alev-puskurdu-geceyi-aydinlatti\/\" \/>\n<meta property=\"og:locale\" content=\"tr_TR\" \/>\n<meta property=\"og:type\" content=\"article\" \/>\n<meta property=\"og:title\" content=\"Tekirda\u011f&#039;da bacadan alev p\u00fcsk\u00fcrd\u00fc, geceyi ayd\u0131nlatt\u0131 - Memurun Sesi\" \/>\n<meta property=\"og:description\" content=\"Tekirda\u011f \u00c7orlu&#8217;da bir i\u015fyerinin bacas\u0131nda meydana gelen yang\u0131n itfaiye ekiplerinin m\u00fcdahalesi sonras\u0131 s\u00f6nd\u00fcr\u00fcld\u00fc. Bacadan duman yerine alev p\u00fcsk\u00fcrmesi apartman sakinlerini korkuttu. \u015eeyh Sinan Mahallesi Atat\u00fcrk Bulvar\u0131 \u00fczeri Lalezar mevkiinde bir simit\u00e7i d\u00fckkan\u0131na ait bacadan duman yerine alevlerin y\u00fckseldi\u011fi g\u00f6r\u00fcld\u00fc. \u00c7evredeki vatanda\u015flar\u0131n ihbar\u0131 \u00fczerine b\u00f6lgeye \u00e7ok say\u0131da itfaiye ekibinin yan\u0131 s\u0131ra ambulans ve polis ekipleri intikal [&hellip;]\" \/>\n<meta property=\"og:url\" content=\"https:\/\/memurunsesi.net\/index.php\/2025\/10\/18\/tekirdagda-bacadan-alev-puskurdu-geceyi-aydinlatti\/\" \/>\n<meta property=\"og:site_name\" content=\"Memurun Sesi\" \/>\n<meta property=\"article:publisher\" content=\"https:\/\/www.facebook.com\/unipersen\/?locale=tr_TR\" \/>\n<meta property=\"article:published_time\" content=\"2025-10-18T06:34:49+00:00\" \/>\n<meta property=\"og:image\" content=\"https:\/\/memurunsesi.net\/wp-content\/uploads\/2025\/10\/AW561126_01-scaled.jpg\" \/>\n\t<meta property=\"og:image:width\" content=\"2560\" \/>\n\t<meta property=\"og:image:height\" content=\"1440\" \/>\n\t<meta property=\"og:image:type\" content=\"image\/jpeg\" \/>\n<meta name=\"author\" content=\"Memurun Sesi Haber Merkezi\" \/>\n<meta name=\"twitter:card\" content=\"summary_large_image\" \/>\n<meta name=\"twitter:creator\" content=\"@unipersen\" \/>\n<meta name=\"twitter:site\" content=\"@unipersen\" \/>\n<meta name=\"twitter:label1\" content=\"Yazan:\" \/>\n\t<meta name=\"twitter:data1\" content=\"Memurun Sesi Haber Merkezi\" \/>\n\t<meta name=\"twitter:label2\" content=\"Tahmini okuma s\u00fcresi\" \/>\n\t<meta name=\"twitter:data2\" content=\"1 dakika\" \/>\n<script type=\"application\/ld+json\" class=\"yoast-schema-graph\">{\"@context\":\"https:\\\/\\\/schema.org\",\"@graph\":[{\"@type\":\"Article\",\"@id\":\"https:\\\/\\\/memurunsesi.net\\\/index.php\\\/2025\\\/10\\\/18\\\/tekirdagda-bacadan-alev-puskurdu-geceyi-aydinlatti\\\/#article\",\"isPartOf\":{\"@id\":\"https:\\\/\\\/memurunsesi.net\\\/index.php\\\/2025\\\/10\\\/18\\\/tekirdagda-bacadan-alev-puskurdu-geceyi-aydinlatti\\\/\"},\"author\":{\"name\":\"Memurun Sesi Haber Merkezi\",\"@id\":\"https:\\\/\\\/memurunsesi.net\\\/#\\\/schema\\\/person\\\/f21c2d73b89f6ee1d80b0a1803e38587\"},\"headline\":\"Tekirda\u011f&#8217;da bacadan alev p\u00fcsk\u00fcrd\u00fc, geceyi ayd\u0131nlatt\u0131\",\"datePublished\":\"2025-10-18T06:34:49+00:00\",\"mainEntityOfPage\":{\"@id\":\"https:\\\/\\\/memurunsesi.net\\\/index.php\\\/2025\\\/10\\\/18\\\/tekirdagda-bacadan-alev-puskurdu-geceyi-aydinlatti\\\/\"},\"wordCount\":156,\"commentCount\":0,\"publisher\":{\"@id\":\"https:\\\/\\\/memurunsesi.net\\\/#organization\"},\"image\":{\"@id\":\"https:\\\/\\\/memurunsesi.net\\\/index.php\\\/2025\\\/10\\\/18\\\/tekirdagda-bacadan-alev-puskurdu-geceyi-aydinlatti\\\/#primaryimage\"},\"thumbnailUrl\":\"https:\\\/\\\/memurunsesi.net\\\/wp-content\\\/uploads\\\/2025\\\/10\\\/AW561126_01-scaled.jpg\",\"articleSection\":[\"G\u00fcndem\"],\"inLanguage\":\"tr\",\"potentialAction\":[{\"@type\":\"CommentAction\",\"name\":\"Comment\",\"target\":[\"https:\\\/\\\/memurunsesi.net\\\/index.php\\\/2025\\\/10\\\/18\\\/tekirdagda-bacadan-alev-puskurdu-geceyi-aydinlatti\\\/#respond\"]}]},{\"@type\":\"WebPage\",\"@id\":\"https:\\\/\\\/memurunsesi.net\\\/index.php\\\/2025\\\/10\\\/18\\\/tekirdagda-bacadan-alev-puskurdu-geceyi-aydinlatti\\\/\",\"url\":\"https:\\\/\\\/memurunsesi.net\\\/index.php\\\/2025\\\/10\\\/18\\\/tekirdagda-bacadan-alev-puskurdu-geceyi-aydinlatti\\\/\",\"name\":\"Tekirda\u011f'da bacadan alev p\u00fcsk\u00fcrd\u00fc, geceyi ayd\u0131nlatt\u0131 - Memurun Sesi\",\"isPartOf\":{\"@id\":\"https:\\\/\\\/memurunsesi.net\\\/#website\"},\"primaryImageOfPage\":{\"@id\":\"https:\\\/\\\/memurunsesi.net\\\/index.php\\\/2025\\\/10\\\/18\\\/tekirdagda-bacadan-alev-puskurdu-geceyi-aydinlatti\\\/#primaryimage\"},\"image\":{\"@id\":\"https:\\\/\\\/memurunsesi.net\\\/index.php\\\/2025\\\/10\\\/18\\\/tekirdagda-bacadan-alev-puskurdu-geceyi-aydinlatti\\\/#primaryimage\"},\"thumbnailUrl\":\"https:\\\/\\\/memurunsesi.net\\\/wp-content\\\/uploads\\\/2025\\\/10\\\/AW561126_01-scaled.jpg\",\"datePublished\":\"2025-10-18T06:34:49+00:00\",\"breadcrumb\":{\"@id\":\"https:\\\/\\\/memurunsesi.net\\\/index.php\\\/2025\\\/10\\\/18\\\/tekirdagda-bacadan-alev-puskurdu-geceyi-aydinlatti\\\/#breadcrumb\"},\"inLanguage\":\"tr\",\"potentialAction\":[{\"@type\":\"ReadAction\",\"target\":[\"https:\\\/\\\/memurunsesi.net\\\/index.php\\\/2025\\\/10\\\/18\\\/tekirdagda-bacadan-alev-puskurdu-geceyi-aydinlatti\\\/\"]}]},{\"@type\":\"ImageObject\",\"inLanguage\":\"tr\",\"@id\":\"https:\\\/\\\/memurunsesi.net\\\/index.php\\\/2025\\\/10\\\/18\\\/tekirdagda-bacadan-alev-puskurdu-geceyi-aydinlatti\\\/#primaryimage\",\"url\":\"https:\\\/\\\/memurunsesi.net\\\/wp-content\\\/uploads\\\/2025\\\/10\\\/AW561126_01-scaled.jpg\",\"contentUrl\":\"https:\\\/\\\/memurunsesi.net\\\/wp-content\\\/uploads\\\/2025\\\/10\\\/AW561126_01-scaled.jpg\",\"width\":2560,\"height\":1440,\"caption\":\"TEK\u0130RDA\u011e'DA BACADAN ALEV P\u00dcSK\u00dcRD\u00dc, GECEY\u0130 AYDINLATTI (H\u00dcSEY\u0130N TAYYAR\\\/TEK\u0130RDA\u011e-\u0130HA) Tekirda\u011f \u00c7orlu'da bir i\u015fyerinin bacas\u0131nda meydana gelen yang\u0131n itfaiye ekiplerinin m\u00fcdahalesi sonras\u0131 s\u00f6nd\u00fcr\u00fcld\u00fc. Bacadan duman yerine alev p\u00fcsk\u00fcrmesi apartman sakinlerini korkuttu.\"},{\"@type\":\"BreadcrumbList\",\"@id\":\"https:\\\/\\\/memurunsesi.net\\\/index.php\\\/2025\\\/10\\\/18\\\/tekirdagda-bacadan-alev-puskurdu-geceyi-aydinlatti\\\/#breadcrumb\",\"itemListElement\":[{\"@type\":\"ListItem\",\"position\":1,\"name\":\"Anasayfa\",\"item\":\"https:\\\/\\\/memurunsesi.net\\\/\"},{\"@type\":\"ListItem\",\"position\":2,\"name\":\"Tekirda\u011f&#8217;da bacadan alev p\u00fcsk\u00fcrd\u00fc, geceyi ayd\u0131nlatt\u0131\"}]},{\"@type\":\"WebSite\",\"@id\":\"https:\\\/\\\/memurunsesi.net\\\/#website\",\"url\":\"https:\\\/\\\/memurunsesi.net\\\/\",\"name\":\"Memurun Sesi\",\"description\":\"G\u00fcncel ve Do\u011fru Haber\",\"publisher\":{\"@id\":\"https:\\\/\\\/memurunsesi.net\\\/#organization\"},\"potentialAction\":[{\"@type\":\"SearchAction\",\"target\":{\"@type\":\"EntryPoint\",\"urlTemplate\":\"https:\\\/\\\/memurunsesi.net\\\/?s={search_term_string}\"},\"query-input\":{\"@type\":\"PropertyValueSpecification\",\"valueRequired\":true,\"valueName\":\"search_term_string\"}}],\"inLanguage\":\"tr\"},{\"@type\":\"Organization\",\"@id\":\"https:\\\/\\\/memurunsesi.net\\\/#organization\",\"name\":\"Memurun Sesi\",\"url\":\"https:\\\/\\\/memurunsesi.net\\\/\",\"logo\":{\"@type\":\"ImageObject\",\"inLanguage\":\"tr\",\"@id\":\"https:\\\/\\\/memurunsesi.net\\\/#\\\/schema\\\/logo\\\/image\\\/\",\"url\":\"https:\\\/\\\/memurunsesi.net\\\/wp-content\\\/uploads\\\/2025\\\/11\\\/cropped-MEMURUN-SESI.png\",\"contentUrl\":\"https:\\\/\\\/memurunsesi.net\\\/wp-content\\\/uploads\\\/2025\\\/11\\\/cropped-MEMURUN-SESI.png\",\"width\":238,\"height\":57,\"caption\":\"Memurun Sesi\"},\"image\":{\"@id\":\"https:\\\/\\\/memurunsesi.net\\\/#\\\/schema\\\/logo\\\/image\\\/\"},\"sameAs\":[\"https:\\\/\\\/www.facebook.com\\\/unipersen\\\/?locale=tr_TR\",\"https:\\\/\\\/x.com\\\/unipersen\"]},{\"@type\":\"Person\",\"@id\":\"https:\\\/\\\/memurunsesi.net\\\/#\\\/schema\\\/person\\\/f21c2d73b89f6ee1d80b0a1803e38587\",\"name\":\"Memurun Sesi Haber Merkezi\",\"image\":{\"@type\":\"ImageObject\",\"inLanguage\":\"tr\",\"@id\":\"https:\\\/\\\/secure.gravatar.com\\\/avatar\\\/6cf0505f452ee753f485014986fab09a434671d2b919ee76fc541025c5876a70?s=96&d=mm&r=g\",\"url\":\"https:\\\/\\\/secure.gravatar.com\\\/avatar\\\/6cf0505f452ee753f485014986fab09a434671d2b919ee76fc541025c5876a70?s=96&d=mm&r=g\",\"contentUrl\":\"https:\\\/\\\/secure.gravatar.com\\\/avatar\\\/6cf0505f452ee753f485014986fab09a434671d2b919ee76fc541025c5876a70?s=96&d=mm&r=g\",\"caption\":\"Memurun Sesi Haber Merkezi\"},\"sameAs\":[\"https:\\\/\\\/memurunsesi.net\"],\"url\":\"https:\\\/\\\/memurunsesi.net\\\/index.php\\\/author\\\/uniper\\\/\"}]}<\/script>\n<!-- \/ Yoast SEO plugin. -->","yoast_head_json":{"title":"Tekirda\u011f'da bacadan alev p\u00fcsk\u00fcrd\u00fc, geceyi ayd\u0131nlatt\u0131 - Memurun Sesi","robots":{"index":"index","follow":"follow","max-snippet":"max-snippet:-1","max-image-preview":"max-image-preview:large","max-video-preview":"max-video-preview:-1"},"canonical":"https:\/\/memurunsesi.net\/index.php\/2025\/10\/18\/tekirdagda-bacadan-alev-puskurdu-geceyi-aydinlatti\/","og_locale":"tr_TR","og_type":"article","og_title":"Tekirda\u011f'da bacadan alev p\u00fcsk\u00fcrd\u00fc, geceyi ayd\u0131nlatt\u0131 - Memurun Sesi","og_description":"Tekirda\u011f \u00c7orlu&#8217;da bir i\u015fyerinin bacas\u0131nda meydana gelen yang\u0131n itfaiye ekiplerinin m\u00fcdahalesi sonras\u0131 s\u00f6nd\u00fcr\u00fcld\u00fc. Bacadan duman yerine alev p\u00fcsk\u00fcrmesi apartman sakinlerini korkuttu. \u015eeyh Sinan Mahallesi Atat\u00fcrk Bulvar\u0131 \u00fczeri Lalezar mevkiinde bir simit\u00e7i d\u00fckkan\u0131na ait bacadan duman yerine alevlerin y\u00fckseldi\u011fi g\u00f6r\u00fcld\u00fc. \u00c7evredeki vatanda\u015flar\u0131n ihbar\u0131 \u00fczerine b\u00f6lgeye \u00e7ok say\u0131da itfaiye ekibinin yan\u0131 s\u0131ra ambulans ve polis ekipleri intikal [&hellip;]","og_url":"https:\/\/memurunsesi.net\/index.php\/2025\/10\/18\/tekirdagda-bacadan-alev-puskurdu-geceyi-aydinlatti\/","og_site_name":"Memurun Sesi","article_publisher":"https:\/\/www.facebook.com\/unipersen\/?locale=tr_TR","article_published_time":"2025-10-18T06:34:49+00:00","og_image":[{"width":2560,"height":1440,"url":"https:\/\/memurunsesi.net\/wp-content\/uploads\/2025\/10\/AW561126_01-scaled.jpg","type":"image\/jpeg"}],"author":"Memurun Sesi Haber Merkezi","twitter_card":"summary_large_image","twitter_creator":"@unipersen","twitter_site":"@unipersen","twitter_misc":{"Yazan:":"Memurun Sesi Haber Merkezi","Tahmini okuma s\u00fcresi":"1 dakika"},"schema":{"@context":"https:\/\/schema.org","@graph":[{"@type":"Article","@id":"https:\/\/memurunsesi.net\/index.php\/2025\/10\/18\/tekirdagda-bacadan-alev-puskurdu-geceyi-aydinlatti\/#article","isPartOf":{"@id":"https:\/\/memurunsesi.net\/index.php\/2025\/10\/18\/tekirdagda-bacadan-alev-puskurdu-geceyi-aydinlatti\/"},"author":{"name":"Memurun Sesi Haber Merkezi","@id":"https:\/\/memurunsesi.net\/#\/schema\/person\/f21c2d73b89f6ee1d80b0a1803e38587"},"headline":"Tekirda\u011f&#8217;da bacadan alev p\u00fcsk\u00fcrd\u00fc, geceyi ayd\u0131nlatt\u0131","datePublished":"2025-10-18T06:34:49+00:00","mainEntityOfPage":{"@id":"https:\/\/memurunsesi.net\/index.php\/2025\/10\/18\/tekirdagda-bacadan-alev-puskurdu-geceyi-aydinlatti\/"},"wordCount":156,"commentCount":0,"publisher":{"@id":"https:\/\/memurunsesi.net\/#organization"},"image":{"@id":"https:\/\/memurunsesi.net\/index.php\/2025\/10\/18\/tekirdagda-bacadan-alev-puskurdu-geceyi-aydinlatti\/#primaryimage"},"thumbnailUrl":"https:\/\/memurunsesi.net\/wp-content\/uploads\/2025\/10\/AW561126_01-scaled.jpg","articleSection":["G\u00fcndem"],"inLanguage":"tr","potentialAction":[{"@type":"CommentAction","name":"Comment","target":["https:\/\/memurunsesi.net\/index.php\/2025\/10\/18\/tekirdagda-bacadan-alev-puskurdu-geceyi-aydinlatti\/#respond"]}]},{"@type":"WebPage","@id":"https:\/\/memurunsesi.net\/index.php\/2025\/10\/18\/tekirdagda-bacadan-alev-puskurdu-geceyi-aydinlatti\/","url":"https:\/\/memurunsesi.net\/index.php\/2025\/10\/18\/tekirdagda-bacadan-alev-puskurdu-geceyi-aydinlatti\/","name":"Tekirda\u011f'da bacadan alev p\u00fcsk\u00fcrd\u00fc, geceyi ayd\u0131nlatt\u0131 - Memurun Sesi","isPartOf":{"@id":"https:\/\/memurunsesi.net\/#website"},"primaryImageOfPage":{"@id":"https:\/\/memurunsesi.net\/index.php\/2025\/10\/18\/tekirdagda-bacadan-alev-puskurdu-geceyi-aydinlatti\/#primaryimage"},"image":{"@id":"https:\/\/memurunsesi.net\/index.php\/2025\/10\/18\/tekirdagda-bacadan-alev-puskurdu-geceyi-aydinlatti\/#primaryimage"},"thumbnailUrl":"https:\/\/memurunsesi.net\/wp-content\/uploads\/2025\/10\/AW561126_01-scaled.jpg","datePublished":"2025-10-18T06:34:49+00:00","breadcrumb":{"@id":"https:\/\/memurunsesi.net\/index.php\/2025\/10\/18\/tekirdagda-bacadan-alev-puskurdu-geceyi-aydinlatti\/#breadcrumb"},"inLanguage":"tr","potentialAction":[{"@type":"ReadAction","target":["https:\/\/memurunsesi.net\/index.php\/2025\/10\/18\/tekirdagda-bacadan-alev-puskurdu-geceyi-aydinlatti\/"]}]},{"@type":"ImageObject","inLanguage":"tr","@id":"https:\/\/memurunsesi.net\/index.php\/2025\/10\/18\/tekirdagda-bacadan-alev-puskurdu-geceyi-aydinlatti\/#primaryimage","url":"https:\/\/memurunsesi.net\/wp-content\/uploads\/2025\/10\/AW561126_01-scaled.jpg","contentUrl":"https:\/\/memurunsesi.net\/wp-content\/uploads\/2025\/10\/AW561126_01-scaled.jpg","width":2560,"height":1440,"caption":"TEK\u0130RDA\u011e'DA BACADAN ALEV P\u00dcSK\u00dcRD\u00dc, GECEY\u0130 AYDINLATTI (H\u00dcSEY\u0130N TAYYAR\/TEK\u0130RDA\u011e-\u0130HA) Tekirda\u011f \u00c7orlu'da bir i\u015fyerinin bacas\u0131nda meydana gelen yang\u0131n itfaiye ekiplerinin m\u00fcdahalesi sonras\u0131 s\u00f6nd\u00fcr\u00fcld\u00fc. Bacadan duman yerine alev p\u00fcsk\u00fcrmesi apartman sakinlerini korkuttu."},{"@type":"BreadcrumbList","@id":"https:\/\/memurunsesi.net\/index.php\/2025\/10\/18\/tekirdagda-bacadan-alev-puskurdu-geceyi-aydinlatti\/#breadcrumb","itemListElement":[{"@type":"ListItem","position":1,"name":"Anasayfa","item":"https:\/\/memurunsesi.net\/"},{"@type":"ListItem","position":2,"name":"Tekirda\u011f&#8217;da bacadan alev p\u00fcsk\u00fcrd\u00fc, geceyi ayd\u0131nlatt\u0131"}]},{"@type":"WebSite","@id":"https:\/\/memurunsesi.net\/#website","url":"https:\/\/memurunsesi.net\/","name":"Memurun Sesi","description":"G\u00fcncel ve Do\u011fru Haber","publisher":{"@id":"https:\/\/memurunsesi.net\/#organization"},"potentialAction":[{"@type":"SearchAction","target":{"@type":"EntryPoint","urlTemplate":"https:\/\/memurunsesi.net\/?s={search_term_string}"},"query-input":{"@type":"PropertyValueSpecification","valueRequired":true,"valueName":"search_term_string"}}],"inLanguage":"tr"},{"@type":"Organization","@id":"https:\/\/memurunsesi.net\/#organization","name":"Memurun Sesi","url":"https:\/\/memurunsesi.net\/","logo":{"@type":"ImageObject","inLanguage":"tr","@id":"https:\/\/memurunsesi.net\/#\/schema\/logo\/image\/","url":"https:\/\/memurunsesi.net\/wp-content\/uploads\/2025\/11\/cropped-MEMURUN-SESI.png","contentUrl":"https:\/\/memurunsesi.net\/wp-content\/uploads\/2025\/11\/cropped-MEMURUN-SESI.png","width":238,"height":57,"caption":"Memurun Sesi"},"image":{"@id":"https:\/\/memurunsesi.net\/#\/schema\/logo\/image\/"},"sameAs":["https:\/\/www.facebook.com\/unipersen\/?locale=tr_TR","https:\/\/x.com\/unipersen"]},{"@type":"Person","@id":"https:\/\/memurunsesi.net\/#\/schema\/person\/f21c2d73b89f6ee1d80b0a1803e38587","name":"Memurun Sesi Haber Merkezi","image":{"@type":"ImageObject","inLanguage":"tr","@id":"https:\/\/secure.gravatar.com\/avatar\/6cf0505f452ee753f485014986fab09a434671d2b919ee76fc541025c5876a70?s=96&d=mm&r=g","url":"https:\/\/secure.gravatar.com\/avatar\/6cf0505f452ee753f485014986fab09a434671d2b919ee76fc541025c5876a70?s=96&d=mm&r=g","contentUrl":"https:\/\/secure.gravatar.com\/avatar\/6cf0505f452ee753f485014986fab09a434671d2b919ee76fc541025c5876a70?s=96&d=mm&r=g","caption":"Memurun Sesi Haber Merkezi"},"sameAs":["https:\/\/memurunsesi.net"],"url":"https:\/\/memurunsesi.net\/index.php\/author\/uniper\/"}]}},"_links":{"self":[{"href":"https:\/\/memurunsesi.net\/index.php\/wp-json\/wp\/v2\/posts\/13063","targetHints":{"allow":["GET"]}}],"collection":[{"href":"https:\/\/memurunsesi.net\/index.php\/wp-json\/wp\/v2\/posts"}],"about":[{"href":"https:\/\/memurunsesi.net\/index.php\/wp-json\/wp\/v2\/types\/post"}],"author":[{"embeddable":true,"href":"https:\/\/memurunsesi.net\/index.php\/wp-json\/wp\/v2\/users\/1"}],"replies":[{"embeddable":true,"href":"https:\/\/memurunsesi.net\/index.php\/wp-json\/wp\/v2\/comments?post=13063"}],"version-history":[{"count":1,"href":"https:\/\/memurunsesi.net\/index.php\/wp-json\/wp\/v2\/posts\/13063\/revisions"}],"predecessor-version":[{"id":13065,"href":"https:\/\/memurunsesi.net\/index.php\/wp-json\/wp\/v2\/posts\/13063\/revisions\/13065"}],"wp:featuredmedia":[{"embeddable":true,"href":"https:\/\/memurunsesi.net\/index.php\/wp-json\/wp\/v2\/media\/13064"}],"wp:attachment":[{"href":"https:\/\/memurunsesi.net\/index.php\/wp-json\/wp\/v2\/media?parent=13063"}],"wp:term":[{"taxonomy":"category","embeddable":true,"href":"https:\/\/memurunsesi.net\/index.php\/wp-json\/wp\/v2\/categories?post=13063"},{"taxonomy":"post_tag","embeddable":true,"href":"https:\/\/memurunsesi.net\/index.php\/wp-json\/wp\/v2\/tags?post=13063"}],"curies":[{"name":"wp","href":"https:\/\/api.w.org\/{rel}","templated":true}]}}