{"id":13079,"date":"2025-10-19T13:33:50","date_gmt":"2025-10-19T10:33:50","guid":{"rendered":"https:\/\/memurunsesi.net\/?p=13079"},"modified":"2025-10-19T13:33:50","modified_gmt":"2025-10-19T10:33:50","slug":"turkiye-kisi-yasarken-antalyada-yazdan-kalma-gunler-devam-ediyor","status":"publish","type":"post","link":"https:\/\/memurunsesi.net\/index.php\/2025\/10\/19\/turkiye-kisi-yasarken-antalyada-yazdan-kalma-gunler-devam-ediyor\/","title":{"rendered":"T\u00fcrkiye k\u0131\u015f\u0131 ya\u015farken, Antalya&#8217;da yazdan kalma g\u00fcnler devam ediyor"},"content":{"rendered":"<p>  &#8211; Antalya&#8217;da Hav\u0131 s\u0131cakl\u0131\u011f\u0131 26, deniz suyu s\u0131cakl\u0131\u011f\u0131 25 derece \u00f6l\u00e7\u00fcld\u00fc <\/p>\n<p>  T\u00fcrkiye&#8217;nin bir\u00e7ok noktas\u0131nda k\u0131\u015f y\u00fcz\u00fcn\u00fc g\u00f6stermeye ba\u015flarken, Antalya&#8217;da yazdan kalma g\u00fcnler devam ediyor. Hava s\u0131cakl\u0131\u011f\u0131n\u0131n 26 derece oldu\u011fu kentte  deniz suyu s\u0131cakl\u0131\u011f\u0131 ise 25 derece olarak \u00f6l\u00e7\u00fcld\u00fc. S\u0131cak havay\u0131 f\u0131rsat bilenler Konyaalt\u0131 sahiline ak\u0131n etti.<br \/>\n  Ekim ay\u0131n\u0131n sonuna yakla\u015f\u0131rken T\u00fcrkiye&#8217;de bir\u00e7ok ilde k\u0131\u015f y\u00fcz\u00fcn\u00fc g\u00f6sterirken, Antalya&#8217;da yaz mevsimi devam ediyor. Hava s\u0131cakl\u0131\u011f\u0131 \u0130stanbul&#8217;da 17 derece Ankara&#8217;da ise 18 dereceleri g\u00f6rerek so\u011fuk hava etkisindeyken Antalya&#8217;da ise hava s\u0131cakl\u0131\u011f\u0131 \u00f6\u011flen saatlerinde 26 derece olarak \u00f6l\u00e7\u00fcld\u00fc.  <\/p>\n<p>  Ekim ay\u0131nda deniz keyfi<br \/>\n  Pazar g\u00fcn\u00fc olmas\u0131 nedeniyle s\u0131cak ve g\u00fcne\u015fli havay\u0131 g\u00f6ren Antalyal\u0131lar ve yabanc\u0131 turistler Konyaalt\u0131 sahiline ak\u0131n etti. Baz\u0131 vatanda\u015flar sahilde y\u00fcr\u00fcy\u00fc\u015f ve spor yapmay\u0131 tercih ederken, kimileri ise yanlar\u0131nda getirdikleri kamp sandalyeleri ile a\u011fa\u00e7 altlar\u0131nda oturarak vakit ge\u00e7irdi. Hava s\u0131cakl\u0131\u011f\u0131n\u0131 f\u0131rsat bilen baz\u0131 vatanda\u015flar ise Konyaalt\u0131 Sahili&#8217;nde denize girerken, baz\u0131lar\u0131 da SUP  tercih etti.<br \/>\n  Yazdan kalma havay\u0131 f\u0131rsat bilerek Konyaalt\u0131 Sahili&#8217;ne gelen ve denize giren Mert \u015eahin isimli vatanda\u015f, &#8220;G\u00fcne\u015f yak\u0131yor, \u0131s\u0131t\u0131yor zaten, r\u00fczgar da olmasa tam tad\u0131nda. Su s\u0131cakl\u0131\u011f\u0131 da g\u00fczel, her halde 20-22derece dolaylar\u0131ndad\u0131r. Sabah geldik, bir kahvalt\u0131 yapt\u0131k ard\u0131ndan da denize girdik. Antalya hayat\u0131 standart, dedem ocak ay\u0131nda bile girerdi. 7\/27 denize girerdi, Antalya cennet gibi bir yer&#8221; ifadelerini kulland\u0131. <\/p>\n<p>19.10.2025                                 <\/p>\n","protected":false},"excerpt":{"rendered":"<p>&#8211; Antalya&#8217;da Hav\u0131 s\u0131cakl\u0131\u011f\u0131 26, deniz suyu s\u0131cakl\u0131\u011f\u0131 25 derece \u00f6l\u00e7\u00fcld\u00fc T\u00fcrkiye&#8217;nin bir\u00e7ok noktas\u0131nda k\u0131\u015f y\u00fcz\u00fcn\u00fc g\u00f6stermeye ba\u015flarken, Antalya&#8217;da yazdan kalma g\u00fcnler devam ediyor. Hava s\u0131cakl\u0131\u011f\u0131n\u0131n 26 derece oldu\u011fu kentte deniz suyu s\u0131cakl\u0131\u011f\u0131 ise 25 derece olarak \u00f6l\u00e7\u00fcld\u00fc. S\u0131cak havay\u0131 f\u0131rsat bilenler Konyaalt\u0131 sahiline ak\u0131n etti. Ekim ay\u0131n\u0131n sonuna yakla\u015f\u0131rken T\u00fcrkiye&#8217;de bir\u00e7ok ilde k\u0131\u015f y\u00fcz\u00fcn\u00fc [&hellip;]<\/p>\n","protected":false},"author":1,"featured_media":13080,"comment_status":"open","ping_status":"open","sticky":false,"template":"","format":"standard","meta":{"footnotes":""},"categories":[50],"tags":[],"class_list":["post-13079","post","type-post","status-publish","format-standard","has-post-thumbnail","hentry","category-tum-haberler"],"yoast_head":"<!-- This site is optimized with the Yoast SEO plugin v27.4 - https:\/\/yoast.com\/product\/yoast-seo-wordpress\/ -->\n<title>T\u00fcrkiye k\u0131\u015f\u0131 ya\u015farken, Antalya&#039;da yazdan kalma g\u00fcnler devam ediyor - Memurun Sesi<\/title>\n<meta name=\"robots\" content=\"index, follow, max-snippet:-1, max-image-preview:large, max-video-preview:-1\" \/>\n<link rel=\"canonical\" href=\"https:\/\/memurunsesi.net\/index.php\/2025\/10\/19\/turkiye-kisi-yasarken-antalyada-yazdan-kalma-gunler-devam-ediyor\/\" \/>\n<meta property=\"og:locale\" content=\"tr_TR\" \/>\n<meta property=\"og:type\" content=\"article\" \/>\n<meta property=\"og:title\" content=\"T\u00fcrkiye k\u0131\u015f\u0131 ya\u015farken, Antalya&#039;da yazdan kalma g\u00fcnler devam ediyor - Memurun Sesi\" \/>\n<meta property=\"og:description\" content=\"&#8211; Antalya&#8217;da Hav\u0131 s\u0131cakl\u0131\u011f\u0131 26, deniz suyu s\u0131cakl\u0131\u011f\u0131 25 derece \u00f6l\u00e7\u00fcld\u00fc T\u00fcrkiye&#8217;nin bir\u00e7ok noktas\u0131nda k\u0131\u015f y\u00fcz\u00fcn\u00fc g\u00f6stermeye ba\u015flarken, Antalya&#8217;da yazdan kalma g\u00fcnler devam ediyor. Hava s\u0131cakl\u0131\u011f\u0131n\u0131n 26 derece oldu\u011fu kentte deniz suyu s\u0131cakl\u0131\u011f\u0131 ise 25 derece olarak \u00f6l\u00e7\u00fcld\u00fc. S\u0131cak havay\u0131 f\u0131rsat bilenler Konyaalt\u0131 sahiline ak\u0131n etti. Ekim ay\u0131n\u0131n sonuna yakla\u015f\u0131rken T\u00fcrkiye&#8217;de bir\u00e7ok ilde k\u0131\u015f y\u00fcz\u00fcn\u00fc [&hellip;]\" \/>\n<meta property=\"og:url\" content=\"https:\/\/memurunsesi.net\/index.php\/2025\/10\/19\/turkiye-kisi-yasarken-antalyada-yazdan-kalma-gunler-devam-ediyor\/\" \/>\n<meta property=\"og:site_name\" content=\"Memurun Sesi\" \/>\n<meta property=\"article:publisher\" content=\"https:\/\/www.facebook.com\/unipersen\/?locale=tr_TR\" \/>\n<meta property=\"article:published_time\" content=\"2025-10-19T10:33:50+00:00\" \/>\n<meta property=\"og:image\" content=\"https:\/\/memurunsesi.net\/wp-content\/uploads\/2025\/10\/AW561863_01-scaled.jpg\" \/>\n\t<meta property=\"og:image:width\" content=\"2560\" \/>\n\t<meta property=\"og:image:height\" content=\"1440\" \/>\n\t<meta property=\"og:image:type\" content=\"image\/jpeg\" \/>\n<meta name=\"author\" content=\"Memurun Sesi Haber Merkezi\" \/>\n<meta name=\"twitter:card\" content=\"summary_large_image\" \/>\n<meta name=\"twitter:creator\" content=\"@unipersen\" \/>\n<meta name=\"twitter:site\" content=\"@unipersen\" \/>\n<meta name=\"twitter:label1\" content=\"Yazan:\" \/>\n\t<meta name=\"twitter:data1\" content=\"Memurun Sesi Haber Merkezi\" \/>\n\t<meta name=\"twitter:label2\" content=\"Tahmini okuma s\u00fcresi\" \/>\n\t<meta name=\"twitter:data2\" content=\"1 dakika\" \/>\n<script type=\"application\/ld+json\" class=\"yoast-schema-graph\">{\"@context\":\"https:\\\/\\\/schema.org\",\"@graph\":[{\"@type\":\"Article\",\"@id\":\"https:\\\/\\\/memurunsesi.net\\\/index.php\\\/2025\\\/10\\\/19\\\/turkiye-kisi-yasarken-antalyada-yazdan-kalma-gunler-devam-ediyor\\\/#article\",\"isPartOf\":{\"@id\":\"https:\\\/\\\/memurunsesi.net\\\/index.php\\\/2025\\\/10\\\/19\\\/turkiye-kisi-yasarken-antalyada-yazdan-kalma-gunler-devam-ediyor\\\/\"},\"author\":{\"name\":\"Memurun Sesi Haber Merkezi\",\"@id\":\"https:\\\/\\\/memurunsesi.net\\\/#\\\/schema\\\/person\\\/f21c2d73b89f6ee1d80b0a1803e38587\"},\"headline\":\"T\u00fcrkiye k\u0131\u015f\u0131 ya\u015farken, Antalya&#8217;da yazdan kalma g\u00fcnler devam ediyor\",\"datePublished\":\"2025-10-19T10:33:50+00:00\",\"mainEntityOfPage\":{\"@id\":\"https:\\\/\\\/memurunsesi.net\\\/index.php\\\/2025\\\/10\\\/19\\\/turkiye-kisi-yasarken-antalyada-yazdan-kalma-gunler-devam-ediyor\\\/\"},\"wordCount\":284,\"commentCount\":0,\"publisher\":{\"@id\":\"https:\\\/\\\/memurunsesi.net\\\/#organization\"},\"image\":{\"@id\":\"https:\\\/\\\/memurunsesi.net\\\/index.php\\\/2025\\\/10\\\/19\\\/turkiye-kisi-yasarken-antalyada-yazdan-kalma-gunler-devam-ediyor\\\/#primaryimage\"},\"thumbnailUrl\":\"https:\\\/\\\/memurunsesi.net\\\/wp-content\\\/uploads\\\/2025\\\/10\\\/AW561863_01-scaled.jpg\",\"articleSection\":[\"T\u00fcm Haberler\"],\"inLanguage\":\"tr\",\"potentialAction\":[{\"@type\":\"CommentAction\",\"name\":\"Comment\",\"target\":[\"https:\\\/\\\/memurunsesi.net\\\/index.php\\\/2025\\\/10\\\/19\\\/turkiye-kisi-yasarken-antalyada-yazdan-kalma-gunler-devam-ediyor\\\/#respond\"]}]},{\"@type\":\"WebPage\",\"@id\":\"https:\\\/\\\/memurunsesi.net\\\/index.php\\\/2025\\\/10\\\/19\\\/turkiye-kisi-yasarken-antalyada-yazdan-kalma-gunler-devam-ediyor\\\/\",\"url\":\"https:\\\/\\\/memurunsesi.net\\\/index.php\\\/2025\\\/10\\\/19\\\/turkiye-kisi-yasarken-antalyada-yazdan-kalma-gunler-devam-ediyor\\\/\",\"name\":\"T\u00fcrkiye k\u0131\u015f\u0131 ya\u015farken, Antalya'da yazdan kalma g\u00fcnler devam ediyor - Memurun Sesi\",\"isPartOf\":{\"@id\":\"https:\\\/\\\/memurunsesi.net\\\/#website\"},\"primaryImageOfPage\":{\"@id\":\"https:\\\/\\\/memurunsesi.net\\\/index.php\\\/2025\\\/10\\\/19\\\/turkiye-kisi-yasarken-antalyada-yazdan-kalma-gunler-devam-ediyor\\\/#primaryimage\"},\"image\":{\"@id\":\"https:\\\/\\\/memurunsesi.net\\\/index.php\\\/2025\\\/10\\\/19\\\/turkiye-kisi-yasarken-antalyada-yazdan-kalma-gunler-devam-ediyor\\\/#primaryimage\"},\"thumbnailUrl\":\"https:\\\/\\\/memurunsesi.net\\\/wp-content\\\/uploads\\\/2025\\\/10\\\/AW561863_01-scaled.jpg\",\"datePublished\":\"2025-10-19T10:33:50+00:00\",\"breadcrumb\":{\"@id\":\"https:\\\/\\\/memurunsesi.net\\\/index.php\\\/2025\\\/10\\\/19\\\/turkiye-kisi-yasarken-antalyada-yazdan-kalma-gunler-devam-ediyor\\\/#breadcrumb\"},\"inLanguage\":\"tr\",\"potentialAction\":[{\"@type\":\"ReadAction\",\"target\":[\"https:\\\/\\\/memurunsesi.net\\\/index.php\\\/2025\\\/10\\\/19\\\/turkiye-kisi-yasarken-antalyada-yazdan-kalma-gunler-devam-ediyor\\\/\"]}]},{\"@type\":\"ImageObject\",\"inLanguage\":\"tr\",\"@id\":\"https:\\\/\\\/memurunsesi.net\\\/index.php\\\/2025\\\/10\\\/19\\\/turkiye-kisi-yasarken-antalyada-yazdan-kalma-gunler-devam-ediyor\\\/#primaryimage\",\"url\":\"https:\\\/\\\/memurunsesi.net\\\/wp-content\\\/uploads\\\/2025\\\/10\\\/AW561863_01-scaled.jpg\",\"contentUrl\":\"https:\\\/\\\/memurunsesi.net\\\/wp-content\\\/uploads\\\/2025\\\/10\\\/AW561863_01-scaled.jpg\",\"width\":2560,\"height\":1440,\"caption\":\"T\u00dcRK\u0130YE'N\u0130N B\u0130R\u00c7OK NOKTASINDA KI\u015e Y\u00dcZ\u00dcN\u00dc G\u00d6STERMEYE BA\u015eLARKEN, ANTALYA'DA YAZDAN KALMA G\u00dcNLER DEVAM ED\u0130YOR. ANTALYA'DA 25 DERECE OLARAK \u00d6L\u00c7\u00dcLEN DEN\u0130Z SUYU SICAKLI\u011eI \u0130STANBUL VE ANKARA BA\u015eKA OLMAK \u00dcZERE B\u0130R\u00c7OK KENT\u0130N HAVA SICAKLI\u011eINI GE\u00c7T\u0130. (RAMAZAN BOZCA\\\/ANTALYA-\u0130HA) T\u00fcrkiye'nin bir\u00e7ok noktas\u0131nda k\u0131\u015f y\u00fcz\u00fcn\u00fc g\u00f6stermeye ba\u015flarken, Antalya'da yazdan kalma g\u00fcnler devam ediyor. Hava s\u0131cakl\u0131\u011f\u0131n\u0131n 26 derece oldu\u011fu kentte deniz suyu s\u0131cakl\u0131\u011f\u0131 ise 25 derece olarak \u00f6l\u00e7\u00fcld\u00fc. S\u0131cak havay\u0131 f\u0131rsat bilenler Konyaalt\u0131 sahiline ak\u0131n etti.\"},{\"@type\":\"BreadcrumbList\",\"@id\":\"https:\\\/\\\/memurunsesi.net\\\/index.php\\\/2025\\\/10\\\/19\\\/turkiye-kisi-yasarken-antalyada-yazdan-kalma-gunler-devam-ediyor\\\/#breadcrumb\",\"itemListElement\":[{\"@type\":\"ListItem\",\"position\":1,\"name\":\"Anasayfa\",\"item\":\"https:\\\/\\\/memurunsesi.net\\\/\"},{\"@type\":\"ListItem\",\"position\":2,\"name\":\"T\u00fcrkiye k\u0131\u015f\u0131 ya\u015farken, Antalya&#8217;da yazdan kalma g\u00fcnler devam ediyor\"}]},{\"@type\":\"WebSite\",\"@id\":\"https:\\\/\\\/memurunsesi.net\\\/#website\",\"url\":\"https:\\\/\\\/memurunsesi.net\\\/\",\"name\":\"Memurun Sesi\",\"description\":\"G\u00fcncel ve Do\u011fru Haber\",\"publisher\":{\"@id\":\"https:\\\/\\\/memurunsesi.net\\\/#organization\"},\"potentialAction\":[{\"@type\":\"SearchAction\",\"target\":{\"@type\":\"EntryPoint\",\"urlTemplate\":\"https:\\\/\\\/memurunsesi.net\\\/?s={search_term_string}\"},\"query-input\":{\"@type\":\"PropertyValueSpecification\",\"valueRequired\":true,\"valueName\":\"search_term_string\"}}],\"inLanguage\":\"tr\"},{\"@type\":\"Organization\",\"@id\":\"https:\\\/\\\/memurunsesi.net\\\/#organization\",\"name\":\"Memurun Sesi\",\"url\":\"https:\\\/\\\/memurunsesi.net\\\/\",\"logo\":{\"@type\":\"ImageObject\",\"inLanguage\":\"tr\",\"@id\":\"https:\\\/\\\/memurunsesi.net\\\/#\\\/schema\\\/logo\\\/image\\\/\",\"url\":\"https:\\\/\\\/memurunsesi.net\\\/wp-content\\\/uploads\\\/2025\\\/11\\\/cropped-MEMURUN-SESI.png\",\"contentUrl\":\"https:\\\/\\\/memurunsesi.net\\\/wp-content\\\/uploads\\\/2025\\\/11\\\/cropped-MEMURUN-SESI.png\",\"width\":238,\"height\":57,\"caption\":\"Memurun Sesi\"},\"image\":{\"@id\":\"https:\\\/\\\/memurunsesi.net\\\/#\\\/schema\\\/logo\\\/image\\\/\"},\"sameAs\":[\"https:\\\/\\\/www.facebook.com\\\/unipersen\\\/?locale=tr_TR\",\"https:\\\/\\\/x.com\\\/unipersen\"]},{\"@type\":\"Person\",\"@id\":\"https:\\\/\\\/memurunsesi.net\\\/#\\\/schema\\\/person\\\/f21c2d73b89f6ee1d80b0a1803e38587\",\"name\":\"Memurun Sesi Haber Merkezi\",\"image\":{\"@type\":\"ImageObject\",\"inLanguage\":\"tr\",\"@id\":\"https:\\\/\\\/secure.gravatar.com\\\/avatar\\\/6cf0505f452ee753f485014986fab09a434671d2b919ee76fc541025c5876a70?s=96&d=mm&r=g\",\"url\":\"https:\\\/\\\/secure.gravatar.com\\\/avatar\\\/6cf0505f452ee753f485014986fab09a434671d2b919ee76fc541025c5876a70?s=96&d=mm&r=g\",\"contentUrl\":\"https:\\\/\\\/secure.gravatar.com\\\/avatar\\\/6cf0505f452ee753f485014986fab09a434671d2b919ee76fc541025c5876a70?s=96&d=mm&r=g\",\"caption\":\"Memurun Sesi Haber Merkezi\"},\"sameAs\":[\"https:\\\/\\\/memurunsesi.net\"],\"url\":\"https:\\\/\\\/memurunsesi.net\\\/index.php\\\/author\\\/uniper\\\/\"}]}<\/script>\n<!-- \/ Yoast SEO plugin. -->","yoast_head_json":{"title":"T\u00fcrkiye k\u0131\u015f\u0131 ya\u015farken, Antalya'da yazdan kalma g\u00fcnler devam ediyor - Memurun Sesi","robots":{"index":"index","follow":"follow","max-snippet":"max-snippet:-1","max-image-preview":"max-image-preview:large","max-video-preview":"max-video-preview:-1"},"canonical":"https:\/\/memurunsesi.net\/index.php\/2025\/10\/19\/turkiye-kisi-yasarken-antalyada-yazdan-kalma-gunler-devam-ediyor\/","og_locale":"tr_TR","og_type":"article","og_title":"T\u00fcrkiye k\u0131\u015f\u0131 ya\u015farken, Antalya'da yazdan kalma g\u00fcnler devam ediyor - Memurun Sesi","og_description":"&#8211; Antalya&#8217;da Hav\u0131 s\u0131cakl\u0131\u011f\u0131 26, deniz suyu s\u0131cakl\u0131\u011f\u0131 25 derece \u00f6l\u00e7\u00fcld\u00fc T\u00fcrkiye&#8217;nin bir\u00e7ok noktas\u0131nda k\u0131\u015f y\u00fcz\u00fcn\u00fc g\u00f6stermeye ba\u015flarken, Antalya&#8217;da yazdan kalma g\u00fcnler devam ediyor. Hava s\u0131cakl\u0131\u011f\u0131n\u0131n 26 derece oldu\u011fu kentte deniz suyu s\u0131cakl\u0131\u011f\u0131 ise 25 derece olarak \u00f6l\u00e7\u00fcld\u00fc. S\u0131cak havay\u0131 f\u0131rsat bilenler Konyaalt\u0131 sahiline ak\u0131n etti. Ekim ay\u0131n\u0131n sonuna yakla\u015f\u0131rken T\u00fcrkiye&#8217;de bir\u00e7ok ilde k\u0131\u015f y\u00fcz\u00fcn\u00fc [&hellip;]","og_url":"https:\/\/memurunsesi.net\/index.php\/2025\/10\/19\/turkiye-kisi-yasarken-antalyada-yazdan-kalma-gunler-devam-ediyor\/","og_site_name":"Memurun Sesi","article_publisher":"https:\/\/www.facebook.com\/unipersen\/?locale=tr_TR","article_published_time":"2025-10-19T10:33:50+00:00","og_image":[{"width":2560,"height":1440,"url":"https:\/\/memurunsesi.net\/wp-content\/uploads\/2025\/10\/AW561863_01-scaled.jpg","type":"image\/jpeg"}],"author":"Memurun Sesi Haber Merkezi","twitter_card":"summary_large_image","twitter_creator":"@unipersen","twitter_site":"@unipersen","twitter_misc":{"Yazan:":"Memurun Sesi Haber Merkezi","Tahmini okuma s\u00fcresi":"1 dakika"},"schema":{"@context":"https:\/\/schema.org","@graph":[{"@type":"Article","@id":"https:\/\/memurunsesi.net\/index.php\/2025\/10\/19\/turkiye-kisi-yasarken-antalyada-yazdan-kalma-gunler-devam-ediyor\/#article","isPartOf":{"@id":"https:\/\/memurunsesi.net\/index.php\/2025\/10\/19\/turkiye-kisi-yasarken-antalyada-yazdan-kalma-gunler-devam-ediyor\/"},"author":{"name":"Memurun Sesi Haber Merkezi","@id":"https:\/\/memurunsesi.net\/#\/schema\/person\/f21c2d73b89f6ee1d80b0a1803e38587"},"headline":"T\u00fcrkiye k\u0131\u015f\u0131 ya\u015farken, Antalya&#8217;da yazdan kalma g\u00fcnler devam ediyor","datePublished":"2025-10-19T10:33:50+00:00","mainEntityOfPage":{"@id":"https:\/\/memurunsesi.net\/index.php\/2025\/10\/19\/turkiye-kisi-yasarken-antalyada-yazdan-kalma-gunler-devam-ediyor\/"},"wordCount":284,"commentCount":0,"publisher":{"@id":"https:\/\/memurunsesi.net\/#organization"},"image":{"@id":"https:\/\/memurunsesi.net\/index.php\/2025\/10\/19\/turkiye-kisi-yasarken-antalyada-yazdan-kalma-gunler-devam-ediyor\/#primaryimage"},"thumbnailUrl":"https:\/\/memurunsesi.net\/wp-content\/uploads\/2025\/10\/AW561863_01-scaled.jpg","articleSection":["T\u00fcm Haberler"],"inLanguage":"tr","potentialAction":[{"@type":"CommentAction","name":"Comment","target":["https:\/\/memurunsesi.net\/index.php\/2025\/10\/19\/turkiye-kisi-yasarken-antalyada-yazdan-kalma-gunler-devam-ediyor\/#respond"]}]},{"@type":"WebPage","@id":"https:\/\/memurunsesi.net\/index.php\/2025\/10\/19\/turkiye-kisi-yasarken-antalyada-yazdan-kalma-gunler-devam-ediyor\/","url":"https:\/\/memurunsesi.net\/index.php\/2025\/10\/19\/turkiye-kisi-yasarken-antalyada-yazdan-kalma-gunler-devam-ediyor\/","name":"T\u00fcrkiye k\u0131\u015f\u0131 ya\u015farken, Antalya'da yazdan kalma g\u00fcnler devam ediyor - Memurun Sesi","isPartOf":{"@id":"https:\/\/memurunsesi.net\/#website"},"primaryImageOfPage":{"@id":"https:\/\/memurunsesi.net\/index.php\/2025\/10\/19\/turkiye-kisi-yasarken-antalyada-yazdan-kalma-gunler-devam-ediyor\/#primaryimage"},"image":{"@id":"https:\/\/memurunsesi.net\/index.php\/2025\/10\/19\/turkiye-kisi-yasarken-antalyada-yazdan-kalma-gunler-devam-ediyor\/#primaryimage"},"thumbnailUrl":"https:\/\/memurunsesi.net\/wp-content\/uploads\/2025\/10\/AW561863_01-scaled.jpg","datePublished":"2025-10-19T10:33:50+00:00","breadcrumb":{"@id":"https:\/\/memurunsesi.net\/index.php\/2025\/10\/19\/turkiye-kisi-yasarken-antalyada-yazdan-kalma-gunler-devam-ediyor\/#breadcrumb"},"inLanguage":"tr","potentialAction":[{"@type":"ReadAction","target":["https:\/\/memurunsesi.net\/index.php\/2025\/10\/19\/turkiye-kisi-yasarken-antalyada-yazdan-kalma-gunler-devam-ediyor\/"]}]},{"@type":"ImageObject","inLanguage":"tr","@id":"https:\/\/memurunsesi.net\/index.php\/2025\/10\/19\/turkiye-kisi-yasarken-antalyada-yazdan-kalma-gunler-devam-ediyor\/#primaryimage","url":"https:\/\/memurunsesi.net\/wp-content\/uploads\/2025\/10\/AW561863_01-scaled.jpg","contentUrl":"https:\/\/memurunsesi.net\/wp-content\/uploads\/2025\/10\/AW561863_01-scaled.jpg","width":2560,"height":1440,"caption":"T\u00dcRK\u0130YE'N\u0130N B\u0130R\u00c7OK NOKTASINDA KI\u015e Y\u00dcZ\u00dcN\u00dc G\u00d6STERMEYE BA\u015eLARKEN, ANTALYA'DA YAZDAN KALMA G\u00dcNLER DEVAM ED\u0130YOR. ANTALYA'DA 25 DERECE OLARAK \u00d6L\u00c7\u00dcLEN DEN\u0130Z SUYU SICAKLI\u011eI \u0130STANBUL VE ANKARA BA\u015eKA OLMAK \u00dcZERE B\u0130R\u00c7OK KENT\u0130N HAVA SICAKLI\u011eINI GE\u00c7T\u0130. (RAMAZAN BOZCA\/ANTALYA-\u0130HA) T\u00fcrkiye'nin bir\u00e7ok noktas\u0131nda k\u0131\u015f y\u00fcz\u00fcn\u00fc g\u00f6stermeye ba\u015flarken, Antalya'da yazdan kalma g\u00fcnler devam ediyor. Hava s\u0131cakl\u0131\u011f\u0131n\u0131n 26 derece oldu\u011fu kentte deniz suyu s\u0131cakl\u0131\u011f\u0131 ise 25 derece olarak \u00f6l\u00e7\u00fcld\u00fc. S\u0131cak havay\u0131 f\u0131rsat bilenler Konyaalt\u0131 sahiline ak\u0131n etti."},{"@type":"BreadcrumbList","@id":"https:\/\/memurunsesi.net\/index.php\/2025\/10\/19\/turkiye-kisi-yasarken-antalyada-yazdan-kalma-gunler-devam-ediyor\/#breadcrumb","itemListElement":[{"@type":"ListItem","position":1,"name":"Anasayfa","item":"https:\/\/memurunsesi.net\/"},{"@type":"ListItem","position":2,"name":"T\u00fcrkiye k\u0131\u015f\u0131 ya\u015farken, Antalya&#8217;da yazdan kalma g\u00fcnler devam ediyor"}]},{"@type":"WebSite","@id":"https:\/\/memurunsesi.net\/#website","url":"https:\/\/memurunsesi.net\/","name":"Memurun Sesi","description":"G\u00fcncel ve Do\u011fru Haber","publisher":{"@id":"https:\/\/memurunsesi.net\/#organization"},"potentialAction":[{"@type":"SearchAction","target":{"@type":"EntryPoint","urlTemplate":"https:\/\/memurunsesi.net\/?s={search_term_string}"},"query-input":{"@type":"PropertyValueSpecification","valueRequired":true,"valueName":"search_term_string"}}],"inLanguage":"tr"},{"@type":"Organization","@id":"https:\/\/memurunsesi.net\/#organization","name":"Memurun Sesi","url":"https:\/\/memurunsesi.net\/","logo":{"@type":"ImageObject","inLanguage":"tr","@id":"https:\/\/memurunsesi.net\/#\/schema\/logo\/image\/","url":"https:\/\/memurunsesi.net\/wp-content\/uploads\/2025\/11\/cropped-MEMURUN-SESI.png","contentUrl":"https:\/\/memurunsesi.net\/wp-content\/uploads\/2025\/11\/cropped-MEMURUN-SESI.png","width":238,"height":57,"caption":"Memurun Sesi"},"image":{"@id":"https:\/\/memurunsesi.net\/#\/schema\/logo\/image\/"},"sameAs":["https:\/\/www.facebook.com\/unipersen\/?locale=tr_TR","https:\/\/x.com\/unipersen"]},{"@type":"Person","@id":"https:\/\/memurunsesi.net\/#\/schema\/person\/f21c2d73b89f6ee1d80b0a1803e38587","name":"Memurun Sesi Haber Merkezi","image":{"@type":"ImageObject","inLanguage":"tr","@id":"https:\/\/secure.gravatar.com\/avatar\/6cf0505f452ee753f485014986fab09a434671d2b919ee76fc541025c5876a70?s=96&d=mm&r=g","url":"https:\/\/secure.gravatar.com\/avatar\/6cf0505f452ee753f485014986fab09a434671d2b919ee76fc541025c5876a70?s=96&d=mm&r=g","contentUrl":"https:\/\/secure.gravatar.com\/avatar\/6cf0505f452ee753f485014986fab09a434671d2b919ee76fc541025c5876a70?s=96&d=mm&r=g","caption":"Memurun Sesi Haber Merkezi"},"sameAs":["https:\/\/memurunsesi.net"],"url":"https:\/\/memurunsesi.net\/index.php\/author\/uniper\/"}]}},"_links":{"self":[{"href":"https:\/\/memurunsesi.net\/index.php\/wp-json\/wp\/v2\/posts\/13079","targetHints":{"allow":["GET"]}}],"collection":[{"href":"https:\/\/memurunsesi.net\/index.php\/wp-json\/wp\/v2\/posts"}],"about":[{"href":"https:\/\/memurunsesi.net\/index.php\/wp-json\/wp\/v2\/types\/post"}],"author":[{"embeddable":true,"href":"https:\/\/memurunsesi.net\/index.php\/wp-json\/wp\/v2\/users\/1"}],"replies":[{"embeddable":true,"href":"https:\/\/memurunsesi.net\/index.php\/wp-json\/wp\/v2\/comments?post=13079"}],"version-history":[{"count":1,"href":"https:\/\/memurunsesi.net\/index.php\/wp-json\/wp\/v2\/posts\/13079\/revisions"}],"predecessor-version":[{"id":13081,"href":"https:\/\/memurunsesi.net\/index.php\/wp-json\/wp\/v2\/posts\/13079\/revisions\/13081"}],"wp:featuredmedia":[{"embeddable":true,"href":"https:\/\/memurunsesi.net\/index.php\/wp-json\/wp\/v2\/media\/13080"}],"wp:attachment":[{"href":"https:\/\/memurunsesi.net\/index.php\/wp-json\/wp\/v2\/media?parent=13079"}],"wp:term":[{"taxonomy":"category","embeddable":true,"href":"https:\/\/memurunsesi.net\/index.php\/wp-json\/wp\/v2\/categories?post=13079"},{"taxonomy":"post_tag","embeddable":true,"href":"https:\/\/memurunsesi.net\/index.php\/wp-json\/wp\/v2\/tags?post=13079"}],"curies":[{"name":"wp","href":"https:\/\/api.w.org\/{rel}","templated":true}]}}